{"id":11971,"date":"2025-10-14T12:00:00","date_gmt":"2025-10-14T15:00:00","guid":{"rendered":"https:\/\/www.correiobraziliense.com.br\/aqui\/?p=11971"},"modified":"2025-10-14T12:10:20","modified_gmt":"2025-10-14T15:10:20","slug":"saiba-o-que-e-esquizofrenia-e-quais-seus-principais-sintomas","status":"publish","type":"post","link":"https:\/\/www.correiobraziliense.com.br\/aqui\/2025\/10\/14\/saiba-o-que-e-esquizofrenia-e-quais-seus-principais-sintomas\/","title":{"rendered":"Saiba o que \u00e9 esquizofrenia e quais seus principais sintomas"},"content":{"rendered":"\n<p>Entre as muitas condi\u00e7\u00f5es de <strong><a href=\"https:\/\/www.gov.br\/saude\/pt-br\/assuntos\/saude-de-a-a-z\/s\/saude-mental\" target=\"_blank\" rel=\"noreferrer noopener\">sa\u00fade mental<\/a><\/strong> conhecidas, a <strong><a href=\"https:\/\/www.correiobraziliense.com.br\/ciencia-e-saude\/2025\/07\/7208743-molecula-de-lhama-pode-ajudar-no-tratamento-de-esquizofrenia.html\" target=\"_blank\" rel=\"noreferrer noopener\">esquizofrenia<\/a><\/strong> se destaca por provocar mudan\u00e7as significativas na percep\u00e7\u00e3o da realidade de quem convive com ela. Este transtorno mental de origem multifatorial costuma aparecer no final da adolesc\u00eancia ou in\u00edcio da fase adulta, impactando diretamente o comportamento, o pensamento e as emo\u00e7\u00f5es da pessoa diagnosticada. No contexto atual, ainda \u00e9 um dos principais desafios no campo da psiquiatria e psicologia, exigindo acompanhamento multidisciplinar e cont\u00ednuo.<\/p>\n\n\n\n<p>Pessoas com esquizofrenia podem apresentar sintomas que dificultam a distin\u00e7\u00e3o entre fatos reais e ideias distorcidas. Assim, a conviv\u00eancia di\u00e1ria com pensamentos desorganizados, altera\u00e7\u00f5es sensoriais e manifesta\u00e7\u00f5es como del\u00edrios e alucina\u00e7\u00f5es costuma resultar em dificuldades consider\u00e1veis nas rela\u00e7\u00f5es pessoais, profissionais e sociais. Por isso, o diagn\u00f3stico precoce e uma abordagem terap\u00eautica individualizada s\u00e3o pontos-chave para melhorar a qualidade de vida.<\/p>\n\n\n\n<figure class=\"wp-block-image size-large\"><img loading=\"lazy\" decoding=\"async\" width=\"1024\" height=\"576\" src=\"https:\/\/www.correiobraziliense.com.br\/aqui\/wp-content\/uploads\/2025\/10\/mental-1024x576.jpg\" alt=\"Sa\u00fade mental\" class=\"wp-image-11973\" srcset=\"https:\/\/www.correiobraziliense.com.br\/aqui\/wp-content\/uploads\/2025\/10\/mental-1024x576.jpg 1024w, https:\/\/www.correiobraziliense.com.br\/aqui\/wp-content\/uploads\/2025\/10\/mental-300x169.jpg 300w, https:\/\/www.correiobraziliense.com.br\/aqui\/wp-content\/uploads\/2025\/10\/mental-768x432.jpg 768w, https:\/\/www.correiobraziliense.com.br\/aqui\/wp-content\/uploads\/2025\/10\/mental-750x422.jpg 750w, https:\/\/www.correiobraziliense.com.br\/aqui\/wp-content\/uploads\/2025\/10\/mental-1140x641.jpg 1140w, https:\/\/www.correiobraziliense.com.br\/aqui\/wp-content\/uploads\/2025\/10\/mental.jpg 1280w\" sizes=\"auto, (max-width: 1024px) 100vw, 1024px\" \/><figcaption class=\"wp-element-caption\">Entre sintomas poss\u00edveis de esquizofrenia est\u00e3o as alucina\u00e7\u00f5es, com percep\u00e7\u00e3o de sons, vozes ou imagens que n\u00e3o existem fora da mente da pessoa &#8211; depositphotos.com \/ alexkoral\n<\/figcaption><\/figure>\n\n\n\n<h2 class=\"wp-block-heading\">O que \u00e9 esquizofrenia e quais s\u00e3o seus principais sintomas?<\/h2>\n\n\n\n<p>A esquizofrenia \u00e9 um transtorno psiqui\u00e1trico cr\u00f4nico, caracterizado por epis\u00f3dios psic\u00f3ticos e um conjunto de sintomas divididos em tr\u00eas grupos: positivos, negativos e cognitivos. Os chamados sintomas positivos abrangem altera\u00e7\u00f5es perceptivas e manifesta\u00e7\u00f5es que normalmente n\u00e3o fazem parte da experi\u00eancia cotidiana, como ouvir vozes inexistentes ou acreditar em situa\u00e7\u00f5es irreais. J\u00e1 os sintomas negativos se referem \u00e0 perda ou redu\u00e7\u00e3o de capacidades, como aus\u00eancia de express\u00e3o emocional e isolamento social. Por fim, nos sintomas cognitivos destacam-se mudan\u00e7as na aten\u00e7\u00e3o, na mem\u00f3ria e na capacidade de tomada de decis\u00e3o.<\/p>\n\n\n\n<ul class=\"wp-block-list\">\n<li><strong>Alucina\u00e7\u00f5es:<\/strong> percep\u00e7\u00e3o de sons, vozes ou imagens que n\u00e3o existem fora da mente da pessoa.<\/li>\n\n\n\n<li><strong>Del\u00edrios:<\/strong> cren\u00e7as falsas e persistentes, mesmo quando confrontadas com evid\u00eancias contr\u00e1rias.<\/li>\n\n\n\n<li><strong>Pensamento desorganizado:<\/strong> dificuldade de manter uma linha de racioc\u00ednio coerente ou concluir ideias.<\/li>\n\n\n\n<li><strong>Altera\u00e7\u00f5es comportamentais:<\/strong> desde inquieta\u00e7\u00e3o at\u00e9 retraimento total das atividades sociais e cotidianas.<\/li>\n<\/ul>\n\n\n\n<h2 class=\"wp-block-heading\">Quais fatores aumentam o risco de desenvolver esquizofrenia?<\/h2>\n\n\n\n<p>O desenvolvimento desse transtorno mental est\u00e1 associado a uma combina\u00e7\u00e3o de fatores gen\u00e9ticos, biol\u00f3gicos e ambientais. Caso haja hist\u00f3rico familiar de esquizofrenia, o risco \u00e9 significativamente elevado em rela\u00e7\u00e3o \u00e0 popula\u00e7\u00e3o geral. Al\u00e9m disso, experi\u00eancias marcantes durante a inf\u00e2ncia, consumo de subst\u00e2ncias psicoativas e altera\u00e7\u00f5es nos neurotransmissores cerebrais, como dopamina, tamb\u00e9m fazem parte do cen\u00e1rio de risco investigado em diversos estudos atuais.<\/p>\n\n\n\n<p>\u00c9 importante destacar que a esquizofrenia independe de classe social, n\u00edvel de instru\u00e7\u00e3o ou localiza\u00e7\u00e3o geogr\u00e1fica, podendo ocorrer em qualquer idade, mas predominando entre os 15 e 35 anos. Al\u00e9m disso, o acompanhamento cient\u00edfico revela ainda que a\u00e7\u00f5es preventivas, como o controle do uso de drogas il\u00edcitas e o suporte social adequado, contribuem para reduzir a possibilidade de agravamento do quadro.<\/p>\n\n\n\n<figure class=\"wp-block-image size-large\"><img loading=\"lazy\" decoding=\"async\" width=\"1024\" height=\"576\" src=\"https:\/\/www.correiobraziliense.com.br\/aqui\/wp-content\/uploads\/2025\/10\/genetica-1024x576.jpg\" alt=\"Gen\u00e9tica\" class=\"wp-image-11974\" srcset=\"https:\/\/www.correiobraziliense.com.br\/aqui\/wp-content\/uploads\/2025\/10\/genetica-1024x576.jpg 1024w, https:\/\/www.correiobraziliense.com.br\/aqui\/wp-content\/uploads\/2025\/10\/genetica-300x169.jpg 300w, https:\/\/www.correiobraziliense.com.br\/aqui\/wp-content\/uploads\/2025\/10\/genetica-768x432.jpg 768w, https:\/\/www.correiobraziliense.com.br\/aqui\/wp-content\/uploads\/2025\/10\/genetica-750x422.jpg 750w, https:\/\/www.correiobraziliense.com.br\/aqui\/wp-content\/uploads\/2025\/10\/genetica-1140x641.jpg 1140w, https:\/\/www.correiobraziliense.com.br\/aqui\/wp-content\/uploads\/2025\/10\/genetica.jpg 1280w\" sizes=\"auto, (max-width: 1024px) 100vw, 1024px\" \/><figcaption class=\"wp-element-caption\">O desenvolvimento desse transtorno mental est\u00e1 associado a uma combina\u00e7\u00e3o de fatores gen\u00e9ticos, biol\u00f3gicos e ambientais &#8211; depositphotos.com \/ SSilver\n<\/figcaption><\/figure>\n\n\n\n<h2 class=\"wp-block-heading\">Como \u00e9 feito o tratamento para esquizofrenia em 2025?<\/h2>\n\n\n\n<p>A busca por terapias eficazes se tornou prioridade para profissionais de sa\u00fade mental. Por isso, o tratamento para esquizofrenia abrange o uso de medicamentos antipsic\u00f3ticos associados ao acompanhamento psicoterap\u00eautico. Em muitos casos, a jun\u00e7\u00e3o de atendimentos m\u00e9dicos, apoio familiar e interven\u00e7\u00f5es psicossociais representa o caminho mais indicado para estabilizar os sintomas e promover a reintegra\u00e7\u00e3o na sociedade.<\/p>\n\n\n\n<ol class=\"wp-block-list\">\n<li>Avalia\u00e7\u00e3o psiqui\u00e1trica detalhada para identifica\u00e7\u00e3o do diagn\u00f3stico.<\/li>\n\n\n\n<li>Introdu\u00e7\u00e3o de antipsic\u00f3ticos, que auxiliam no controle dos sintomas psic\u00f3ticos.<\/li>\n\n\n\n<li>Atendimento psicoterap\u00eautico com foco em reabilita\u00e7\u00e3o cognitiva e emocional.<\/li>\n\n\n\n<li>Apoio \u00e0 fam\u00edlia e \u00e0 rede de conviv\u00eancia, para garantir suporte e redu\u00e7\u00e3o do estigma.<\/li>\n\n\n\n<li>A\u00e7\u00f5es de reinser\u00e7\u00e3o social, incluindo grupos terap\u00eauticos e atividades ocupacionais.<\/li>\n<\/ol>\n\n\n\n<p>Apesar do progn\u00f3stico ser considerado um desafio, os avan\u00e7os cient\u00edficos e a compreens\u00e3o mais aprofundada sobre o transtorno v\u00eam proporcionando perspectivas mais positivas ao longo dos anos. A discuss\u00e3o sobre sa\u00fade mental est\u00e1 cada vez mais presente na sociedade, contribuindo para um atendimento qualificado e sem preconceitos em rela\u00e7\u00e3o \u00e0 esquizofrenia.<\/p>\n","protected":false},"excerpt":{"rendered":"<p>Pessoas com esquizofrenia podem apresentar sintomas que dificultam a distin\u00e7\u00e3o entre fatos reais e ideias distorcidas.  Conhe\u00e7a essa condi\u00e7\u00e3o e seus sintomas.<\/p>\n","protected":false},"author":4,"featured_media":11972,"comment_status":"open","ping_status":"open","sticky":false,"template":"","format":"standard","meta":{"jnews-multi-image_gallery":[],"jnews_single_post":{"format":"standard"},"jnews_primary_category":[],"jnews_social_meta":[],"jnews_override_counter":[],"footnotes":""},"categories":[123],"tags":[834,234],"class_list":["post-11971","post","type-post","status-publish","format-standard","has-post-thumbnail","hentry","category-saude","tag-esquizofrenia","tag-saude-mental"],"yoast_head":"<!-- This site is optimized with the Yoast SEO plugin v25.1 - https:\/\/yoast.com\/wordpress\/plugins\/seo\/ -->\n<title>Saiba o que \u00e9 esquizofrenia e quais seus principais sintomas<\/title>\n<meta name=\"description\" content=\"Pessoas com esquizofrenia podem apresentar sintomas que dificultam a distin\u00e7\u00e3o entre fatos reais e ideias distorcidas.\" \/>\n<meta name=\"robots\" content=\"index, follow, max-snippet:-1, max-image-preview:large, max-video-preview:-1\" \/>\n<link rel=\"canonical\" href=\"https:\/\/www.correiobraziliense.com.br\/aqui\/2025\/10\/14\/saiba-o-que-e-esquizofrenia-e-quais-seus-principais-sintomas\/\" \/>\n<meta property=\"og:locale\" content=\"pt_BR\" \/>\n<meta property=\"og:type\" content=\"article\" \/>\n<meta property=\"og:title\" content=\"Saiba o que \u00e9 esquizofrenia e quais seus principais sintomas\" \/>\n<meta property=\"og:description\" content=\"Pessoas com esquizofrenia podem apresentar sintomas que dificultam a distin\u00e7\u00e3o entre fatos reais e ideias distorcidas.\" \/>\n<meta property=\"og:url\" content=\"https:\/\/www.correiobraziliense.com.br\/aqui\/2025\/10\/14\/saiba-o-que-e-esquizofrenia-e-quais-seus-principais-sintomas\/\" \/>\n<meta property=\"og:site_name\" content=\"Correio Braziliense - Aqui\" \/>\n<meta property=\"article:published_time\" content=\"2025-10-14T15:00:00+00:00\" \/>\n<meta property=\"article:modified_time\" content=\"2025-10-14T15:10:20+00:00\" \/>\n<meta property=\"og:image\" content=\"https:\/\/www.correiobraziliense.com.br\/aqui\/wp-content\/uploads\/2025\/10\/esquizofrenia.jpg\" \/>\n\t<meta property=\"og:image:width\" content=\"1280\" \/>\n\t<meta property=\"og:image:height\" content=\"720\" \/>\n\t<meta property=\"og:image:type\" content=\"image\/jpeg\" \/>\n<meta name=\"author\" content=\"Neto\" \/>\n<meta name=\"twitter:card\" content=\"summary_large_image\" \/>\n<meta name=\"twitter:label1\" content=\"Escrito por\" \/>\n\t<meta name=\"twitter:data1\" content=\"Neto\" \/>\n\t<meta name=\"twitter:label2\" content=\"Est. tempo de leitura\" \/>\n\t<meta name=\"twitter:data2\" content=\"5 minutos\" \/>\n<!-- \/ Yoast SEO plugin. -->","yoast_head_json":{"title":"Saiba o que \u00e9 esquizofrenia e quais seus principais sintomas","description":"Pessoas com esquizofrenia podem apresentar sintomas que dificultam a distin\u00e7\u00e3o entre fatos reais e ideias distorcidas.","robots":{"index":"index","follow":"follow","max-snippet":"max-snippet:-1","max-image-preview":"max-image-preview:large","max-video-preview":"max-video-preview:-1"},"canonical":"https:\/\/www.correiobraziliense.com.br\/aqui\/2025\/10\/14\/saiba-o-que-e-esquizofrenia-e-quais-seus-principais-sintomas\/","og_locale":"pt_BR","og_type":"article","og_title":"Saiba o que \u00e9 esquizofrenia e quais seus principais sintomas","og_description":"Pessoas com esquizofrenia podem apresentar sintomas que dificultam a distin\u00e7\u00e3o entre fatos reais e ideias distorcidas.","og_url":"https:\/\/www.correiobraziliense.com.br\/aqui\/2025\/10\/14\/saiba-o-que-e-esquizofrenia-e-quais-seus-principais-sintomas\/","og_site_name":"Correio Braziliense - Aqui","article_published_time":"2025-10-14T15:00:00+00:00","article_modified_time":"2025-10-14T15:10:20+00:00","og_image":[{"width":1280,"height":720,"url":"https:\/\/www.correiobraziliense.com.br\/aqui\/wp-content\/uploads\/2025\/10\/esquizofrenia.jpg","type":"image\/jpeg"}],"author":"Neto","twitter_card":"summary_large_image","twitter_misc":{"Escrito por":"Neto","Est. tempo de leitura":"5 minutos"},"schema":{"@context":"https:\/\/schema.org","@graph":[{"@type":"WebPage","@id":"https:\/\/www.correiobraziliense.com.br\/aqui\/2025\/10\/14\/saiba-o-que-e-esquizofrenia-e-quais-seus-principais-sintomas\/","url":"https:\/\/www.correiobraziliense.com.br\/aqui\/2025\/10\/14\/saiba-o-que-e-esquizofrenia-e-quais-seus-principais-sintomas\/","name":"Saiba o que \u00e9 esquizofrenia e quais seus principais sintomas","isPartOf":{"@id":"https:\/\/www.correiobraziliense.com.br\/aqui\/#website"},"primaryImageOfPage":{"@id":"https:\/\/www.correiobraziliense.com.br\/aqui\/2025\/10\/14\/saiba-o-que-e-esquizofrenia-e-quais-seus-principais-sintomas\/#primaryimage"},"image":{"@id":"https:\/\/www.correiobraziliense.com.br\/aqui\/2025\/10\/14\/saiba-o-que-e-esquizofrenia-e-quais-seus-principais-sintomas\/#primaryimage"},"thumbnailUrl":"https:\/\/www.correiobraziliense.com.br\/aqui\/wp-content\/uploads\/2025\/10\/esquizofrenia.jpg","datePublished":"2025-10-14T15:00:00+00:00","dateModified":"2025-10-14T15:10:20+00:00","author":{"@id":"https:\/\/www.correiobraziliense.com.br\/aqui\/#\/schema\/person\/d2c40b35ec2be212218f220e191a1524"},"description":"Pessoas com esquizofrenia podem apresentar sintomas que dificultam a distin\u00e7\u00e3o entre fatos reais e ideias distorcidas.","breadcrumb":{"@id":"https:\/\/www.correiobraziliense.com.br\/aqui\/2025\/10\/14\/saiba-o-que-e-esquizofrenia-e-quais-seus-principais-sintomas\/#breadcrumb"},"inLanguage":"pt-BR","potentialAction":[{"@type":"ReadAction","target":["https:\/\/www.correiobraziliense.com.br\/aqui\/2025\/10\/14\/saiba-o-que-e-esquizofrenia-e-quais-seus-principais-sintomas\/"]}]},{"@type":"ImageObject","inLanguage":"pt-BR","@id":"https:\/\/www.correiobraziliense.com.br\/aqui\/2025\/10\/14\/saiba-o-que-e-esquizofrenia-e-quais-seus-principais-sintomas\/#primaryimage","url":"https:\/\/www.correiobraziliense.com.br\/aqui\/wp-content\/uploads\/2025\/10\/esquizofrenia.jpg","contentUrl":"https:\/\/www.correiobraziliense.com.br\/aqui\/wp-content\/uploads\/2025\/10\/esquizofrenia.jpg","width":1280,"height":720,"caption":"Pessoas com esquizofrenia podem apresentar sintomas que dificultam a distin\u00e7\u00e3o entre fatos reais e ideias distorcidas - depositphotos.com \/ HayDmitriy"},{"@type":"BreadcrumbList","@id":"https:\/\/www.correiobraziliense.com.br\/aqui\/2025\/10\/14\/saiba-o-que-e-esquizofrenia-e-quais-seus-principais-sintomas\/#breadcrumb","itemListElement":[{"@type":"ListItem","position":1,"name":"In\u00edcio","item":"https:\/\/www.correiobraziliense.com.br\/aqui\/"},{"@type":"ListItem","position":2,"name":"Saiba o que \u00e9 esquizofrenia e quais seus principais sintomas"}]},{"@type":"WebSite","@id":"https:\/\/www.correiobraziliense.com.br\/aqui\/#website","url":"https:\/\/www.correiobraziliense.com.br\/aqui\/","name":"Correio Braziliense - Aqui","description":"O Correio Braziliense (CB) \u00e9 o mais importante canal de not\u00edcias de Bras\u00edlia. Aqui voc\u00ea encontra as \u00faltimas not\u00edcias do DF, do Brasil e do mundo.","potentialAction":[{"@type":"SearchAction","target":{"@type":"EntryPoint","urlTemplate":"https:\/\/www.correiobraziliense.com.br\/aqui\/?s={search_term_string}"},"query-input":{"@type":"PropertyValueSpecification","valueRequired":true,"valueName":"search_term_string"}}],"inLanguage":"pt-BR"},{"@type":"Person","@id":"https:\/\/www.correiobraziliense.com.br\/aqui\/#\/schema\/person\/d2c40b35ec2be212218f220e191a1524","name":"Neto","image":{"@type":"ImageObject","inLanguage":"pt-BR","@id":"https:\/\/www.correiobraziliense.com.br\/aqui\/#\/schema\/person\/image\/","url":"https:\/\/secure.gravatar.com\/avatar\/1f5efc2b1c80ac699a702ac164d711c0193e9849c302889470075b50dfba1798?s=96&d=mm&r=g","contentUrl":"https:\/\/secure.gravatar.com\/avatar\/1f5efc2b1c80ac699a702ac164d711c0193e9849c302889470075b50dfba1798?s=96&d=mm&r=g","caption":"Neto"},"url":"https:\/\/www.correiobraziliense.com.br\/aqui\/author\/netoaqui\/"}]}},"_links":{"self":[{"href":"https:\/\/www.correiobraziliense.com.br\/aqui\/wp-json\/wp\/v2\/posts\/11971","targetHints":{"allow":["GET"]}}],"collection":[{"href":"https:\/\/www.correiobraziliense.com.br\/aqui\/wp-json\/wp\/v2\/posts"}],"about":[{"href":"https:\/\/www.correiobraziliense.com.br\/aqui\/wp-json\/wp\/v2\/types\/post"}],"author":[{"embeddable":true,"href":"https:\/\/www.correiobraziliense.com.br\/aqui\/wp-json\/wp\/v2\/users\/4"}],"replies":[{"embeddable":true,"href":"https:\/\/www.correiobraziliense.com.br\/aqui\/wp-json\/wp\/v2\/comments?post=11971"}],"version-history":[{"count":1,"href":"https:\/\/www.correiobraziliense.com.br\/aqui\/wp-json\/wp\/v2\/posts\/11971\/revisions"}],"predecessor-version":[{"id":11975,"href":"https:\/\/www.correiobraziliense.com.br\/aqui\/wp-json\/wp\/v2\/posts\/11971\/revisions\/11975"}],"wp:featuredmedia":[{"embeddable":true,"href":"https:\/\/www.correiobraziliense.com.br\/aqui\/wp-json\/wp\/v2\/media\/11972"}],"wp:attachment":[{"href":"https:\/\/www.correiobraziliense.com.br\/aqui\/wp-json\/wp\/v2\/media?parent=11971"}],"wp:term":[{"taxonomy":"category","embeddable":true,"href":"https:\/\/www.correiobraziliense.com.br\/aqui\/wp-json\/wp\/v2\/categories?post=11971"},{"taxonomy":"post_tag","embeddable":true,"href":"https:\/\/www.correiobraziliense.com.br\/aqui\/wp-json\/wp\/v2\/tags?post=11971"}],"curies":[{"name":"wp","href":"https:\/\/api.w.org\/{rel}","templated":true}]}}