{"id":12137,"date":"2025-10-17T09:15:00","date_gmt":"2025-10-17T12:15:00","guid":{"rendered":"https:\/\/www.correiobraziliense.com.br\/aqui\/?p=12137"},"modified":"2025-10-17T06:44:25","modified_gmt":"2025-10-17T09:44:25","slug":"policia-investiga-assalto-a-gracyanne-barbosa-na-barra-olimpica","status":"publish","type":"post","link":"https:\/\/www.correiobraziliense.com.br\/aqui\/2025\/10\/17\/policia-investiga-assalto-a-gracyanne-barbosa-na-barra-olimpica\/","title":{"rendered":"Pol\u00edcia investiga assalto a Gracyanne Barbosa na Barra Ol\u00edmpica"},"content":{"rendered":"\n<p>No final da noite do dia 15 de janeiro de 2025, Gracyanne Barbosa enfrentou um momento de tens\u00e3o na Barra Ol\u00edmpica, regi\u00e3o localizada na Barra da Tijuca, considerada uma das \u00e1reas mais valorizadas do Rio de Janeiro. A modelo fitness e ex-participante do Big Brother Brasil, de 42 anos, estava ao lado da irm\u00e3 mais velha, B\u00e1rbara Jacobina, quando criminosos armados interceptaram o autom\u00f3vel delas em uma das vias mais conhecidas da cidade.<\/p>\n\n\n\n<p>As duas retornavam de um compromisso com a escola de samba Uni\u00e3o da Ilha do Governador, onde Gracyanne atua como rainha de bateria. Elas tinham sa\u00eddo do ensaio e decidiram parar em um posto de combust\u00edvel na Avenida Abelardo Bueno, nas proximidades do Parque Ol\u00edmpico. Durante a parada, os suspeitos se aproximaram e anunciaram o assalto, ordenando que ambas descessem do carro, uma Land Rover Defender 110, ve\u00edculo estimado em cerca de 800 mil reais.<\/p>\n\n\n\n<figure class=\"wp-block-image size-large\"><img loading=\"lazy\" decoding=\"async\" width=\"1024\" height=\"768\" src=\"https:\/\/www.correiobraziliense.com.br\/aqui\/wp-content\/uploads\/2025\/10\/image-100-1024x768.png\" alt=\"Gracyanne Barbosa\" class=\"wp-image-12138\" srcset=\"https:\/\/www.correiobraziliense.com.br\/aqui\/wp-content\/uploads\/2025\/10\/image-100-1024x768.png 1024w, https:\/\/www.correiobraziliense.com.br\/aqui\/wp-content\/uploads\/2025\/10\/image-100-300x225.png 300w, https:\/\/www.correiobraziliense.com.br\/aqui\/wp-content\/uploads\/2025\/10\/image-100-768x576.png 768w, https:\/\/www.correiobraziliense.com.br\/aqui\/wp-content\/uploads\/2025\/10\/image-100-750x563.png 750w, https:\/\/www.correiobraziliense.com.br\/aqui\/wp-content\/uploads\/2025\/10\/image-100-1140x855.png 1140w, https:\/\/www.correiobraziliense.com.br\/aqui\/wp-content\/uploads\/2025\/10\/image-100.png 1200w\" sizes=\"auto, (max-width: 1024px) 100vw, 1024px\" \/><figcaption class=\"wp-element-caption\">Gracyanne Barbosa &#8211; Reprodu\u00e7\u00e3o\/Instagram<\/figcaption><\/figure>\n\n\n\n<h2 class=\"wp-block-heading\">O que aconteceu no assalto a Gracyanne Barbosa?<\/h2>\n\n\n\n<p>De acordo com relatos, enquanto esperava pela irm\u00e3, Gracyanne Barbosa permaneceu no banco traseiro do ve\u00edculo. Os criminosos, que agiam em grupo, abordaram as irm\u00e3s no momento em que B\u00e1rbara retornava da farm\u00e1cia pr\u00f3xima ao posto. Um dos assaltantes, armado, rendeu a modelo fitness e, durante a a\u00e7\u00e3o, puxou o cabelo de Gracyanne e a atirou ao ch\u00e3o, agravando uma les\u00e3o no joelho pela qual ela j\u00e1 vinha tratando.<\/p>\n\n\n\n<p>Testemunhas que passavam pelo local viram Gracyanne Barbosa e a irm\u00e3 sentadas na cal\u00e7ada logo ap\u00f3s o ocorrido, visivelmente abaladas. Motoboys que estavam na regi\u00e3o prestaram aux\u00edlio imediato \u00e0s v\u00edtimas, acionando um carro de aplicativo que as levou \u00e0 42\u00aa Delegacia de Pol\u00edcia, no Recreio, para o registro da ocorr\u00eancia. Posteriormente, o caso foi transferido para a 32\u00aa DP, respons\u00e1vel pela investiga\u00e7\u00e3o na \u00e1rea.<\/p>\n\n\n\n<h2 class=\"wp-block-heading\">Como as autoridades est\u00e3o atuando ap\u00f3s o crime?<\/h2>\n\n\n\n<p>Com o avan\u00e7o das investiga\u00e7\u00f5es, o delegado titular da 32\u00aa DP, Marcos Buss, comunicou que a equipe iniciou a an\u00e1lise de imagens das c\u00e2meras de monitoramento do entorno para buscar poss\u00edveis pistas sobre a identidade dos criminosos. A pol\u00edcia civil espera esclarecer rapidamente o roubo, utilizando tecnologia para rastrear o paradeiro do ve\u00edculo subtra\u00eddo e examinar as circunst\u00e2ncias da abordagem.<\/p>\n\n\n\n<p>A Pol\u00edcia Militar, por sua vez, informou que n\u00e3o recebeu acionamento imediato sobre a ocorr\u00eancia no momento exato do assalto. Apesar disso, as autoridades locais avaliaram a din\u00e2mica do crime e estudam oportunidades para fortalecer o patrulhamento na regi\u00e3o, visto que epis\u00f3dios semelhantes j\u00e1 ocorreram em pontos distintos da Barra da Tijuca ao longo dos \u00faltimos meses.<\/p>\n\n\n\n<h2 class=\"wp-block-heading\">Por que a Barra da Tijuca enfrenta problemas com seguran\u00e7a?<\/h2>\n\n\n\n<p>A Barra da Tijuca, tradicionalmente conhecida por abrigar personagens do universo art\u00edstico, personalidades p\u00fablicas e um grande n\u00famero de condom\u00ednios de alto padr\u00e3o, tem convivido nos \u00faltimos anos com um aumento relevante no n\u00famero de roubos a ve\u00edculos de luxo e furtos em \u00e1reas movimentadas. A localiza\u00e7\u00e3o estrat\u00e9gica e a alta circula\u00e7\u00e3o de pessoas durante grandes eventos na regi\u00e3o contribuem para desafiar a opera\u00e7\u00e3o das for\u00e7as de seguran\u00e7a local.<\/p>\n\n\n\n<ul class=\"wp-block-list\">\n<li><strong>Movimenta\u00e7\u00e3o intensa:<\/strong> avenidas amplas e acesso facilitado favorecem a fuga de criminosos.<\/li>\n\n\n\n<li><strong>Presen\u00e7a de eventos:<\/strong> muitos shows, festas e programa\u00e7\u00f5es culturais atraem tamb\u00e9m a aten\u00e7\u00e3o de quadrilhas especializadas.<\/li>\n\n\n\n<li><strong>Concentra\u00e7\u00e3o de ve\u00edculos valiosos:<\/strong> carros importados e de alto valor ocupam as ruas, tornando-se alvos frequentes.<\/li>\n<\/ul>\n\n\n\n<p>Diante desse cen\u00e1rio, moradores, autoridades e comerciantes cobram medidas efetivas, como o aumento de rondas policiais e investimentos em tecnologia de monitoramento.<\/p>\n\n\n\n<h2 class=\"wp-block-heading\">Quais os impactos para Gracyanne Barbosa ap\u00f3s o assalto?<\/h2>\n\n\n\n<p>Al\u00e9m do preju\u00edzo material, Gracyanne Barbosa sofreu consequ\u00eancias f\u00edsicas e emocionais por conta do epis\u00f3dio. No momento do ataque, ela j\u00e1 se recuperava de uma cirurgia no joelho, realizada quinze dias antes devido a uma les\u00e3o conquistada durante sua participa\u00e7\u00e3o no quadro &#8220;Dan\u00e7a dos Famosos&#8221;. O empurr\u00e3o provocado pelos criminosos agravou o quadro cl\u00ednico, fazendo com que a modelo precisasse novamente procurar atendimento m\u00e9dico especializado.<\/p>\n\n\n\n<p>Mesmo enfrentando uma situa\u00e7\u00e3o adversa, Gracyanne manteve-se colaborativa com as autoridades e seguiu todas as orienta\u00e7\u00f5es para que o caso avance rapidamente. Recebeu publicamente manifesta\u00e7\u00f5es de apoio de familiares, amigos e da Uni\u00e3o da Ilha do Governador, escola \u00e0 qual est\u00e1 vinculada no Carnaval Carioca de 2025. Essa rede de suporte evidencia a solidariedade em momentos desafiadores, especialmente quando envolvem pessoas p\u00fablicas expostas constantemente nos meios de comunica\u00e7\u00e3o.<\/p>\n\n\n\n<figure class=\"wp-block-image size-large\"><img loading=\"lazy\" decoding=\"async\" width=\"1024\" height=\"768\" src=\"https:\/\/www.correiobraziliense.com.br\/aqui\/wp-content\/uploads\/2025\/10\/image-102-1024x768.png\" alt=\"Gracyanne Barbosa\" class=\"wp-image-12140\" srcset=\"https:\/\/www.correiobraziliense.com.br\/aqui\/wp-content\/uploads\/2025\/10\/image-102-1024x768.png 1024w, https:\/\/www.correiobraziliense.com.br\/aqui\/wp-content\/uploads\/2025\/10\/image-102-300x225.png 300w, https:\/\/www.correiobraziliense.com.br\/aqui\/wp-content\/uploads\/2025\/10\/image-102-768x576.png 768w, https:\/\/www.correiobraziliense.com.br\/aqui\/wp-content\/uploads\/2025\/10\/image-102-750x563.png 750w, https:\/\/www.correiobraziliense.com.br\/aqui\/wp-content\/uploads\/2025\/10\/image-102-1140x855.png 1140w, https:\/\/www.correiobraziliense.com.br\/aqui\/wp-content\/uploads\/2025\/10\/image-102.png 1200w\" sizes=\"auto, (max-width: 1024px) 100vw, 1024px\" \/><figcaption class=\"wp-element-caption\">Gracyanne Barbosa &#8211; Instagram<\/figcaption><\/figure>\n\n\n\n<ul class=\"wp-block-list\">\n<li>Perda de ve\u00edculo de alto valor financeiro<\/li>\n\n\n\n<li>Les\u00e3o f\u00edsica agravada por a\u00e7\u00e3o violenta<\/li>\n\n\n\n<li>Aten\u00e7\u00e3o da m\u00eddia e mobiliza\u00e7\u00e3o social<\/li>\n<\/ul>\n\n\n\n<p>A investiga\u00e7\u00e3o segue em andamento, com dedica\u00e7\u00e3o das equipes de seguran\u00e7a para a identifica\u00e7\u00e3o dos suspeitos e a recupera\u00e7\u00e3o dos bens roubados. A ocorr\u00eancia refor\u00e7ou o debate sobre seguran\u00e7a p\u00fablica na cidade, principalmente em bairros que, apesar do status, continuam vulner\u00e1veis \u00e0 a\u00e7\u00e3o de criminosos especializados.<\/p>\n","protected":false},"excerpt":{"rendered":"<p>Assalto a Gracyanne Barbosa na Barra da Tijuca choca f\u00e3s; saiba detalhes, a rea\u00e7\u00e3o da modelo fitness e o impacto no bairro nobre do Rio<\/p>\n","protected":false},"author":5,"featured_media":12139,"comment_status":"open","ping_status":"open","sticky":false,"template":"","format":"standard","meta":{"jnews-multi-image_gallery":[],"jnews_single_post":{"format":"standard"},"jnews_primary_category":[],"jnews_social_meta":[],"jnews_override_counter":[],"footnotes":""},"categories":[437],"tags":[],"class_list":["post-12137","post","type-post","status-publish","format-standard","has-post-thumbnail","hentry","category-celebridade"],"yoast_head":"<!-- This site is optimized with the Yoast SEO plugin v25.1 - https:\/\/yoast.com\/wordpress\/plugins\/seo\/ -->\n<title>Pol\u00edcia investiga assalto a Gracyanne Barbosa na Barra Ol\u00edmpica<\/title>\n<meta name=\"description\" content=\"Assalto a Gracyanne Barbosa na Barra da Tijuca choca f\u00e3s; saiba detalhes, a rea\u00e7\u00e3o da modelo fitness e o impacto no bairro nobre do Rio\" \/>\n<meta name=\"robots\" content=\"index, follow, max-snippet:-1, max-image-preview:large, max-video-preview:-1\" \/>\n<link rel=\"canonical\" href=\"https:\/\/www.correiobraziliense.com.br\/aqui\/2025\/10\/17\/policia-investiga-assalto-a-gracyanne-barbosa-na-barra-olimpica\/\" \/>\n<meta property=\"og:locale\" content=\"pt_BR\" \/>\n<meta property=\"og:type\" content=\"article\" \/>\n<meta property=\"og:title\" content=\"Pol\u00edcia investiga assalto a Gracyanne Barbosa na Barra Ol\u00edmpica\" \/>\n<meta property=\"og:description\" content=\"Assalto a Gracyanne Barbosa na Barra da Tijuca choca f\u00e3s; saiba detalhes, a rea\u00e7\u00e3o da modelo fitness e o impacto no bairro nobre do Rio\" \/>\n<meta property=\"og:url\" content=\"https:\/\/www.correiobraziliense.com.br\/aqui\/2025\/10\/17\/policia-investiga-assalto-a-gracyanne-barbosa-na-barra-olimpica\/\" \/>\n<meta property=\"og:site_name\" content=\"Correio Braziliense - Aqui\" \/>\n<meta property=\"article:published_time\" content=\"2025-10-17T12:15:00+00:00\" \/>\n<meta property=\"og:image\" content=\"https:\/\/www.correiobraziliense.com.br\/aqui\/wp-content\/uploads\/2025\/10\/image-101.png\" \/>\n\t<meta property=\"og:image:width\" content=\"1000\" \/>\n\t<meta property=\"og:image:height\" content=\"1196\" \/>\n\t<meta property=\"og:image:type\" content=\"image\/png\" \/>\n<meta name=\"author\" content=\"Daniel\" \/>\n<meta name=\"twitter:card\" content=\"summary_large_image\" \/>\n<meta name=\"twitter:label1\" content=\"Escrito por\" \/>\n\t<meta name=\"twitter:data1\" content=\"Daniel\" \/>\n\t<meta name=\"twitter:label2\" content=\"Est. tempo de leitura\" \/>\n\t<meta name=\"twitter:data2\" content=\"5 minutos\" \/>\n<!-- \/ Yoast SEO plugin. -->","yoast_head_json":{"title":"Pol\u00edcia investiga assalto a Gracyanne Barbosa na Barra Ol\u00edmpica","description":"Assalto a Gracyanne Barbosa na Barra da Tijuca choca f\u00e3s; saiba detalhes, a rea\u00e7\u00e3o da modelo fitness e o impacto no bairro nobre do Rio","robots":{"index":"index","follow":"follow","max-snippet":"max-snippet:-1","max-image-preview":"max-image-preview:large","max-video-preview":"max-video-preview:-1"},"canonical":"https:\/\/www.correiobraziliense.com.br\/aqui\/2025\/10\/17\/policia-investiga-assalto-a-gracyanne-barbosa-na-barra-olimpica\/","og_locale":"pt_BR","og_type":"article","og_title":"Pol\u00edcia investiga assalto a Gracyanne Barbosa na Barra Ol\u00edmpica","og_description":"Assalto a Gracyanne Barbosa na Barra da Tijuca choca f\u00e3s; saiba detalhes, a rea\u00e7\u00e3o da modelo fitness e o impacto no bairro nobre do Rio","og_url":"https:\/\/www.correiobraziliense.com.br\/aqui\/2025\/10\/17\/policia-investiga-assalto-a-gracyanne-barbosa-na-barra-olimpica\/","og_site_name":"Correio Braziliense - Aqui","article_published_time":"2025-10-17T12:15:00+00:00","og_image":[{"width":1000,"height":1196,"url":"https:\/\/www.correiobraziliense.com.br\/aqui\/wp-content\/uploads\/2025\/10\/image-101.png","type":"image\/png"}],"author":"Daniel","twitter_card":"summary_large_image","twitter_misc":{"Escrito por":"Daniel","Est. tempo de leitura":"5 minutos"},"schema":{"@context":"https:\/\/schema.org","@graph":[{"@type":"WebPage","@id":"https:\/\/www.correiobraziliense.com.br\/aqui\/2025\/10\/17\/policia-investiga-assalto-a-gracyanne-barbosa-na-barra-olimpica\/","url":"https:\/\/www.correiobraziliense.com.br\/aqui\/2025\/10\/17\/policia-investiga-assalto-a-gracyanne-barbosa-na-barra-olimpica\/","name":"Pol\u00edcia investiga assalto a Gracyanne Barbosa na Barra Ol\u00edmpica","isPartOf":{"@id":"https:\/\/www.correiobraziliense.com.br\/aqui\/#website"},"primaryImageOfPage":{"@id":"https:\/\/www.correiobraziliense.com.br\/aqui\/2025\/10\/17\/policia-investiga-assalto-a-gracyanne-barbosa-na-barra-olimpica\/#primaryimage"},"image":{"@id":"https:\/\/www.correiobraziliense.com.br\/aqui\/2025\/10\/17\/policia-investiga-assalto-a-gracyanne-barbosa-na-barra-olimpica\/#primaryimage"},"thumbnailUrl":"https:\/\/www.correiobraziliense.com.br\/aqui\/wp-content\/uploads\/2025\/10\/image-101.png","datePublished":"2025-10-17T12:15:00+00:00","author":{"@id":"https:\/\/www.correiobraziliense.com.br\/aqui\/#\/schema\/person\/d588169fc44d3a8a8eca46d6a1751c00"},"description":"Assalto a Gracyanne Barbosa na Barra da Tijuca choca f\u00e3s; saiba detalhes, a rea\u00e7\u00e3o da modelo fitness e o impacto no bairro nobre do Rio","breadcrumb":{"@id":"https:\/\/www.correiobraziliense.com.br\/aqui\/2025\/10\/17\/policia-investiga-assalto-a-gracyanne-barbosa-na-barra-olimpica\/#breadcrumb"},"inLanguage":"pt-BR","potentialAction":[{"@type":"ReadAction","target":["https:\/\/www.correiobraziliense.com.br\/aqui\/2025\/10\/17\/policia-investiga-assalto-a-gracyanne-barbosa-na-barra-olimpica\/"]}]},{"@type":"ImageObject","inLanguage":"pt-BR","@id":"https:\/\/www.correiobraziliense.com.br\/aqui\/2025\/10\/17\/policia-investiga-assalto-a-gracyanne-barbosa-na-barra-olimpica\/#primaryimage","url":"https:\/\/www.correiobraziliense.com.br\/aqui\/wp-content\/uploads\/2025\/10\/image-101.png","contentUrl":"https:\/\/www.correiobraziliense.com.br\/aqui\/wp-content\/uploads\/2025\/10\/image-101.png","width":1000,"height":1196,"caption":"Gracyanne Barbosa - Reprodu\u00e7\u00e3o\/Instagram"},{"@type":"BreadcrumbList","@id":"https:\/\/www.correiobraziliense.com.br\/aqui\/2025\/10\/17\/policia-investiga-assalto-a-gracyanne-barbosa-na-barra-olimpica\/#breadcrumb","itemListElement":[{"@type":"ListItem","position":1,"name":"In\u00edcio","item":"https:\/\/www.correiobraziliense.com.br\/aqui\/"},{"@type":"ListItem","position":2,"name":"Pol\u00edcia investiga assalto a Gracyanne Barbosa na Barra Ol\u00edmpica"}]},{"@type":"WebSite","@id":"https:\/\/www.correiobraziliense.com.br\/aqui\/#website","url":"https:\/\/www.correiobraziliense.com.br\/aqui\/","name":"Correio Braziliense - Aqui","description":"O Correio Braziliense (CB) \u00e9 o mais importante canal de not\u00edcias de Bras\u00edlia. Aqui voc\u00ea encontra as \u00faltimas not\u00edcias do DF, do Brasil e do mundo.","potentialAction":[{"@type":"SearchAction","target":{"@type":"EntryPoint","urlTemplate":"https:\/\/www.correiobraziliense.com.br\/aqui\/?s={search_term_string}"},"query-input":{"@type":"PropertyValueSpecification","valueRequired":true,"valueName":"search_term_string"}}],"inLanguage":"pt-BR"},{"@type":"Person","@id":"https:\/\/www.correiobraziliense.com.br\/aqui\/#\/schema\/person\/d588169fc44d3a8a8eca46d6a1751c00","name":"Daniel","image":{"@type":"ImageObject","inLanguage":"pt-BR","@id":"https:\/\/www.correiobraziliense.com.br\/aqui\/#\/schema\/person\/image\/","url":"https:\/\/secure.gravatar.com\/avatar\/eed68c2a9d1c83aac68fdcac4aad8b3d990a26da4c68f5a0a58e776917301ce8?s=96&d=mm&r=g","contentUrl":"https:\/\/secure.gravatar.com\/avatar\/eed68c2a9d1c83aac68fdcac4aad8b3d990a26da4c68f5a0a58e776917301ce8?s=96&d=mm&r=g","caption":"Daniel"},"url":"https:\/\/www.correiobraziliense.com.br\/aqui\/author\/danielaqui\/"}]}},"_links":{"self":[{"href":"https:\/\/www.correiobraziliense.com.br\/aqui\/wp-json\/wp\/v2\/posts\/12137","targetHints":{"allow":["GET"]}}],"collection":[{"href":"https:\/\/www.correiobraziliense.com.br\/aqui\/wp-json\/wp\/v2\/posts"}],"about":[{"href":"https:\/\/www.correiobraziliense.com.br\/aqui\/wp-json\/wp\/v2\/types\/post"}],"author":[{"embeddable":true,"href":"https:\/\/www.correiobraziliense.com.br\/aqui\/wp-json\/wp\/v2\/users\/5"}],"replies":[{"embeddable":true,"href":"https:\/\/www.correiobraziliense.com.br\/aqui\/wp-json\/wp\/v2\/comments?post=12137"}],"version-history":[{"count":1,"href":"https:\/\/www.correiobraziliense.com.br\/aqui\/wp-json\/wp\/v2\/posts\/12137\/revisions"}],"predecessor-version":[{"id":12141,"href":"https:\/\/www.correiobraziliense.com.br\/aqui\/wp-json\/wp\/v2\/posts\/12137\/revisions\/12141"}],"wp:featuredmedia":[{"embeddable":true,"href":"https:\/\/www.correiobraziliense.com.br\/aqui\/wp-json\/wp\/v2\/media\/12139"}],"wp:attachment":[{"href":"https:\/\/www.correiobraziliense.com.br\/aqui\/wp-json\/wp\/v2\/media?parent=12137"}],"wp:term":[{"taxonomy":"category","embeddable":true,"href":"https:\/\/www.correiobraziliense.com.br\/aqui\/wp-json\/wp\/v2\/categories?post=12137"},{"taxonomy":"post_tag","embeddable":true,"href":"https:\/\/www.correiobraziliense.com.br\/aqui\/wp-json\/wp\/v2\/tags?post=12137"}],"curies":[{"name":"wp","href":"https:\/\/api.w.org\/{rel}","templated":true}]}}