{"id":12148,"date":"2025-10-17T11:00:00","date_gmt":"2025-10-17T14:00:00","guid":{"rendered":"https:\/\/www.correiobraziliense.com.br\/aqui\/?p=12148"},"modified":"2025-10-17T10:06:00","modified_gmt":"2025-10-17T13:06:00","slug":"os-pros-e-contras-do-whey-protein-como-suplemento-na-dieta","status":"publish","type":"post","link":"https:\/\/www.correiobraziliense.com.br\/aqui\/2025\/10\/17\/os-pros-e-contras-do-whey-protein-como-suplemento-na-dieta\/","title":{"rendered":"Os pr\u00f3s e contras do whey protein como suplemento na dieta"},"content":{"rendered":"\n<p>O <strong><a href=\"https:\/\/www.correiobraziliense.com.br\/webstories\/flipar\/2025\/10\/7262861-padre-fabio-de-melo-surpreende-ao-pedir-whey-protein-no-camarim-veja-pros-e-contras-do-suplemento.html\" target=\"_blank\" rel=\"noreferrer noopener\">whey protein<\/a><\/strong> aparece com frequ\u00eancia no universo esportivo, por\u00e9m sua presen\u00e7a j\u00e1 ultrapassou academias, integrando dietas de diferentes p\u00fablicos. Nos \u00faltimos anos, essa prote\u00edna do <strong><a href=\"https:\/\/pt.wikipedia.org\/wiki\/Soro_de_leite\" target=\"_blank\" rel=\"noreferrer noopener\">soro do leite<\/a><\/strong> ganhou destaque n\u00e3o apenas pelo potencial de auxiliar na recupera\u00e7\u00e3o muscular. Afinal, ela tamb\u00e9m apareceu como op\u00e7\u00e3o para complementar necessidades proteicas di\u00e1rias. Com isso, surgem questionamentos sobre seus pr\u00f3s e contras, essenciais para quem considera acrescentar esse suplemento \u00e0 rotina alimentar.<\/p>\n\n\n\n<p>O consumo de suplementos de prote\u00edna, como o whey, vem crescendo principalmente entre pessoas que buscam melhorar a composi\u00e7\u00e3o corporal. Al\u00e9m de favorecer a recupera\u00e7\u00e3o p\u00f3s-treino e manter uma alimenta\u00e7\u00e3o equilibrada, mesmo em agendas apertadas. Apesar dos benef\u00edcios, \u00e9 fundamental compreender os poss\u00edveis impactos positivos e negativos do uso desse produto, avaliando fatores individuais e necessidades nutricionais para evitar escolhas inadequadas.<\/p>\n\n\n\n<figure class=\"wp-block-image size-large\"><img loading=\"lazy\" decoding=\"async\" width=\"1024\" height=\"576\" src=\"https:\/\/www.correiobraziliense.com.br\/aqui\/wp-content\/uploads\/2025\/10\/suplemento-1024x576.jpg\" alt=\"Whey protein\" class=\"wp-image-12154\" srcset=\"https:\/\/www.correiobraziliense.com.br\/aqui\/wp-content\/uploads\/2025\/10\/suplemento-1024x576.jpg 1024w, https:\/\/www.correiobraziliense.com.br\/aqui\/wp-content\/uploads\/2025\/10\/suplemento-300x169.jpg 300w, https:\/\/www.correiobraziliense.com.br\/aqui\/wp-content\/uploads\/2025\/10\/suplemento-768x432.jpg 768w, https:\/\/www.correiobraziliense.com.br\/aqui\/wp-content\/uploads\/2025\/10\/suplemento-750x422.jpg 750w, https:\/\/www.correiobraziliense.com.br\/aqui\/wp-content\/uploads\/2025\/10\/suplemento-1140x641.jpg 1140w, https:\/\/www.correiobraziliense.com.br\/aqui\/wp-content\/uploads\/2025\/10\/suplemento.jpg 1280w\" sizes=\"auto, (max-width: 1024px) 100vw, 1024px\" \/><figcaption class=\"wp-element-caption\">O whey protein destaca-se por ser uma fonte de prote\u00edna de alto valor biol\u00f3gico, oferecendo todos os amino\u00e1cidos essenciais que o corpo necessita &#8211; depositphotos.com \/ DmitryRukhlenko<\/figcaption><\/figure>\n\n\n\n<h2 class=\"wp-block-heading\">Quais s\u00e3o os benef\u00edcios do whey protein na dieta?<\/h2>\n\n\n\n<p>O <strong>whey protein<\/strong> destaca-se por ser uma fonte de prote\u00edna de alto valor biol\u00f3gico, oferecendo todos os amino\u00e1cidos essenciais que o corpo necessita. Sua r\u00e1pida absor\u00e7\u00e3o vira ponto a favor para quem precisa de uma reposi\u00e7\u00e3o eficiente ap\u00f3s atividades intensas. Entre as vantagens mais citadas, est\u00e3o:<\/p>\n\n\n\n<ul class=\"wp-block-list\">\n<li><strong>Recupera\u00e7\u00e3o muscular aprimorada:<\/strong> Por conter grande concentra\u00e7\u00e3o de amino\u00e1cidos de cadeia ramificada (BCAA), o suplemento pode contribuir para restaura\u00e7\u00e3o das fibras musculares e redu\u00e7\u00e3o de dores ap\u00f3s o exerc\u00edcio.<\/li>\n\n\n\n<li><strong>Aux\u00edlio no ganho de massa magra:<\/strong> Quando aliado a treinos de for\u00e7a, o whey protein pode favorecer o aumento de massa muscular, especialmente em indiv\u00edduos com dificuldades em atingir o aporte ideal apenas com alimentos convencionais.<\/li>\n\n\n\n<li><strong>Facilidade e praticidade:<\/strong> Suplementar prote\u00ednas com shakes ou receitas r\u00e1pidas se destaca em uma rotina corrida, sobretudo quando h\u00e1 limita\u00e7\u00e3o de tempo para refei\u00e7\u00f5es completas.<\/li>\n\n\n\n<li><strong>Saciedade:<\/strong> Estudos indicam que prote\u00ednas promovem maior sensa\u00e7\u00e3o de saciedade, podendo contribuir para o controle do apetite e manuten\u00e7\u00e3o de dietas voltadas \u00e0 perda ou manuten\u00e7\u00e3o de peso corporal.<\/li>\n<\/ul>\n\n\n\n<h2 class=\"wp-block-heading\">H\u00e1 riscos ou efeitos colaterais no consumo do suplemento?<\/h2>\n\n\n\n<p>O consumo de <strong>whey protein<\/strong> pode tamb\u00e9m ser acompanhado de algumas desvantagens, especialmente quando utilizado sem orienta\u00e7\u00e3o ou em excesso. Entre os principais pontos de aten\u00e7\u00e3o est\u00e3o:<\/p>\n\n\n\n<ol class=\"wp-block-list\">\n<li><strong>Problemas gastrointestinais:<\/strong> Pessoas com intoler\u00e2ncia \u00e0 lactose, especialmente ao consumir whey protein concentrado, podem sentir desconforto abdominal, gases e diarreia.<\/li>\n\n\n\n<li><strong>Risco de sobrecarga renal:<\/strong> Apesar de estudos indicarem que o consumo moderado \u00e9 seguro em pessoas saud\u00e1veis, indiv\u00edduos com predisposi\u00e7\u00e3o a doen\u00e7as renais ou condi\u00e7\u00f5es preexistentes devem evitar excesso do suplemento, j\u00e1 que a ingest\u00e3o elevada de prote\u00ednas pode agravar quadros renais.<\/li>\n\n\n\n<li><strong>Composi\u00e7\u00e3o vari\u00e1vel:<\/strong> Nem todo produto dispon\u00edvel no mercado traz a mesma qualidade. Suplementos de proced\u00eancia duvidosa podem conter aditivos, ado\u00e7antes artificiais, corantes e at\u00e9 situa\u00e7\u00f5es de adultera\u00e7\u00e3o, tornando essencial a escolha de marcas confi\u00e1veis.<\/li>\n<\/ol>\n\n\n\n<figure class=\"wp-block-image size-large\"><img loading=\"lazy\" decoding=\"async\" width=\"1024\" height=\"576\" src=\"https:\/\/www.correiobraziliense.com.br\/aqui\/wp-content\/uploads\/2025\/10\/bebida-1-1024x576.jpg\" alt=\"Whey Protein\" class=\"wp-image-12155\" srcset=\"https:\/\/www.correiobraziliense.com.br\/aqui\/wp-content\/uploads\/2025\/10\/bebida-1-1024x576.jpg 1024w, https:\/\/www.correiobraziliense.com.br\/aqui\/wp-content\/uploads\/2025\/10\/bebida-1-300x169.jpg 300w, https:\/\/www.correiobraziliense.com.br\/aqui\/wp-content\/uploads\/2025\/10\/bebida-1-768x432.jpg 768w, https:\/\/www.correiobraziliense.com.br\/aqui\/wp-content\/uploads\/2025\/10\/bebida-1-750x422.jpg 750w, https:\/\/www.correiobraziliense.com.br\/aqui\/wp-content\/uploads\/2025\/10\/bebida-1-1140x641.jpg 1140w, https:\/\/www.correiobraziliense.com.br\/aqui\/wp-content\/uploads\/2025\/10\/bebida-1.jpg 1280w\" sizes=\"auto, (max-width: 1024px) 100vw, 1024px\" \/><figcaption class=\"wp-element-caption\">O whey protein destaca-se por ser uma fonte de prote\u00edna de alto valor biol\u00f3gico, oferecendo todos os amino\u00e1cidos essenciais que o corpo necessita &#8211; depositphotos.com \/ Nadianb\n<\/figcaption><\/figure>\n\n\n\n<h2 class=\"wp-block-heading\">Quando vale a pena incluir whey protein na rotina?<\/h2>\n\n\n\n<p>Optar pelo <strong>whey protein<\/strong> pode ser \u00fatil em situa\u00e7\u00f5es espec\u00edficas, como dificuldade para atingir a cota di\u00e1ria de prote\u00ednas apenas pela alimenta\u00e7\u00e3o convencional ou para otimizar a ingest\u00e3o no p\u00f3s-treino. Ainda assim, a decis\u00e3o deve considerar a individualidade biol\u00f3gica, restri\u00e7\u00f5es m\u00e9dicas e objetivos pessoais. Profissionais como m\u00e9dicos e nutricionistas s\u00e3o essenciais nesse processo.<\/p>\n\n\n\n<p>Para maximizar benef\u00edcios e reduzir riscos, recomenda-se sempre avaliar necessidades individuais, preferindo alimentos naturais quando poss\u00edvel e utilizando o suplemento apenas quando realmente necess\u00e1rio. A modera\u00e7\u00e3o, aliada a escolhas bem informadas, assegura que o whey protein atue como aliado na busca por sa\u00fade e bem-estar.<\/p>\n","protected":false},"excerpt":{"rendered":"<p>Nos \u00faltimos anos, o whey protein, prote\u00edna do soro do leite, ganhou destaque n\u00e3o apenas pelo potencial de auxiliar na recupera\u00e7\u00e3o muscular. Afinal, ela tamb\u00e9m apareceu como op\u00e7\u00e3o para complementar necessidades proteicas di\u00e1rias. Veja pr\u00f3s e contras de seu consumo como suplemento na dieta.<\/p>\n","protected":false},"author":4,"featured_media":12153,"comment_status":"open","ping_status":"open","sticky":false,"template":"","format":"standard","meta":{"jnews-multi-image_gallery":[],"jnews_single_post":{"format":"standard"},"jnews_primary_category":[],"jnews_social_meta":[],"jnews_override_counter":[],"footnotes":""},"categories":[123],"tags":[5030,1654,4166],"class_list":["post-12148","post","type-post","status-publish","format-standard","has-post-thumbnail","hentry","category-saude","tag-proteinas","tag-suplementos","tag-whey-protein"],"yoast_head":"<!-- This site is optimized with the Yoast SEO plugin v25.1 - https:\/\/yoast.com\/wordpress\/plugins\/seo\/ -->\n<title>Os pr\u00f3s e contras do whey protein<\/title>\n<meta name=\"description\" content=\"Nos \u00faltimos anos, o whey protein ganhou destaque n\u00e3o apenas pelo potencial de auxiliar na recupera\u00e7\u00e3o muscular. Veja pr\u00f3s e contras.\" \/>\n<meta name=\"robots\" content=\"index, follow, max-snippet:-1, max-image-preview:large, max-video-preview:-1\" \/>\n<link rel=\"canonical\" href=\"https:\/\/www.correiobraziliense.com.br\/aqui\/2025\/10\/17\/os-pros-e-contras-do-whey-protein-como-suplemento-na-dieta\/\" \/>\n<meta property=\"og:locale\" content=\"pt_BR\" \/>\n<meta property=\"og:type\" content=\"article\" \/>\n<meta property=\"og:title\" content=\"Os pr\u00f3s e contras do whey protein\" \/>\n<meta property=\"og:description\" content=\"Nos \u00faltimos anos, o whey protein ganhou destaque n\u00e3o apenas pelo potencial de auxiliar na recupera\u00e7\u00e3o muscular. Veja pr\u00f3s e contras.\" \/>\n<meta property=\"og:url\" content=\"https:\/\/www.correiobraziliense.com.br\/aqui\/2025\/10\/17\/os-pros-e-contras-do-whey-protein-como-suplemento-na-dieta\/\" \/>\n<meta property=\"og:site_name\" content=\"Correio Braziliense - Aqui\" \/>\n<meta property=\"article:published_time\" content=\"2025-10-17T14:00:00+00:00\" \/>\n<meta property=\"og:image\" content=\"https:\/\/www.correiobraziliense.com.br\/aqui\/wp-content\/uploads\/2025\/10\/whey_protein.jpg\" \/>\n\t<meta property=\"og:image:width\" content=\"1280\" \/>\n\t<meta property=\"og:image:height\" content=\"720\" \/>\n\t<meta property=\"og:image:type\" content=\"image\/jpeg\" \/>\n<meta name=\"author\" content=\"Neto\" \/>\n<meta name=\"twitter:card\" content=\"summary_large_image\" \/>\n<meta name=\"twitter:label1\" content=\"Escrito por\" \/>\n\t<meta name=\"twitter:data1\" content=\"Neto\" \/>\n\t<meta name=\"twitter:label2\" content=\"Est. tempo de leitura\" \/>\n\t<meta name=\"twitter:data2\" content=\"4 minutos\" \/>\n<!-- \/ Yoast SEO plugin. -->","yoast_head_json":{"title":"Os pr\u00f3s e contras do whey protein","description":"Nos \u00faltimos anos, o whey protein ganhou destaque n\u00e3o apenas pelo potencial de auxiliar na recupera\u00e7\u00e3o muscular. Veja pr\u00f3s e contras.","robots":{"index":"index","follow":"follow","max-snippet":"max-snippet:-1","max-image-preview":"max-image-preview:large","max-video-preview":"max-video-preview:-1"},"canonical":"https:\/\/www.correiobraziliense.com.br\/aqui\/2025\/10\/17\/os-pros-e-contras-do-whey-protein-como-suplemento-na-dieta\/","og_locale":"pt_BR","og_type":"article","og_title":"Os pr\u00f3s e contras do whey protein","og_description":"Nos \u00faltimos anos, o whey protein ganhou destaque n\u00e3o apenas pelo potencial de auxiliar na recupera\u00e7\u00e3o muscular. Veja pr\u00f3s e contras.","og_url":"https:\/\/www.correiobraziliense.com.br\/aqui\/2025\/10\/17\/os-pros-e-contras-do-whey-protein-como-suplemento-na-dieta\/","og_site_name":"Correio Braziliense - Aqui","article_published_time":"2025-10-17T14:00:00+00:00","og_image":[{"width":1280,"height":720,"url":"https:\/\/www.correiobraziliense.com.br\/aqui\/wp-content\/uploads\/2025\/10\/whey_protein.jpg","type":"image\/jpeg"}],"author":"Neto","twitter_card":"summary_large_image","twitter_misc":{"Escrito por":"Neto","Est. tempo de leitura":"4 minutos"},"schema":{"@context":"https:\/\/schema.org","@graph":[{"@type":"WebPage","@id":"https:\/\/www.correiobraziliense.com.br\/aqui\/2025\/10\/17\/os-pros-e-contras-do-whey-protein-como-suplemento-na-dieta\/","url":"https:\/\/www.correiobraziliense.com.br\/aqui\/2025\/10\/17\/os-pros-e-contras-do-whey-protein-como-suplemento-na-dieta\/","name":"Os pr\u00f3s e contras do whey protein","isPartOf":{"@id":"https:\/\/www.correiobraziliense.com.br\/aqui\/#website"},"primaryImageOfPage":{"@id":"https:\/\/www.correiobraziliense.com.br\/aqui\/2025\/10\/17\/os-pros-e-contras-do-whey-protein-como-suplemento-na-dieta\/#primaryimage"},"image":{"@id":"https:\/\/www.correiobraziliense.com.br\/aqui\/2025\/10\/17\/os-pros-e-contras-do-whey-protein-como-suplemento-na-dieta\/#primaryimage"},"thumbnailUrl":"https:\/\/www.correiobraziliense.com.br\/aqui\/wp-content\/uploads\/2025\/10\/whey_protein.jpg","datePublished":"2025-10-17T14:00:00+00:00","author":{"@id":"https:\/\/www.correiobraziliense.com.br\/aqui\/#\/schema\/person\/d2c40b35ec2be212218f220e191a1524"},"description":"Nos \u00faltimos anos, o whey protein ganhou destaque n\u00e3o apenas pelo potencial de auxiliar na recupera\u00e7\u00e3o muscular. Veja pr\u00f3s e contras.","breadcrumb":{"@id":"https:\/\/www.correiobraziliense.com.br\/aqui\/2025\/10\/17\/os-pros-e-contras-do-whey-protein-como-suplemento-na-dieta\/#breadcrumb"},"inLanguage":"pt-BR","potentialAction":[{"@type":"ReadAction","target":["https:\/\/www.correiobraziliense.com.br\/aqui\/2025\/10\/17\/os-pros-e-contras-do-whey-protein-como-suplemento-na-dieta\/"]}]},{"@type":"ImageObject","inLanguage":"pt-BR","@id":"https:\/\/www.correiobraziliense.com.br\/aqui\/2025\/10\/17\/os-pros-e-contras-do-whey-protein-como-suplemento-na-dieta\/#primaryimage","url":"https:\/\/www.correiobraziliense.com.br\/aqui\/wp-content\/uploads\/2025\/10\/whey_protein.jpg","contentUrl":"https:\/\/www.correiobraziliense.com.br\/aqui\/wp-content\/uploads\/2025\/10\/whey_protein.jpg","width":1280,"height":720,"caption":"O consumo de suplementos de prote\u00edna, como o whey, vem crescendo principalmente entre pessoas que buscam melhorar a composi\u00e7\u00e3o corporal - depositphotos.com \/ thaiprayboy@hotmail.com"},{"@type":"BreadcrumbList","@id":"https:\/\/www.correiobraziliense.com.br\/aqui\/2025\/10\/17\/os-pros-e-contras-do-whey-protein-como-suplemento-na-dieta\/#breadcrumb","itemListElement":[{"@type":"ListItem","position":1,"name":"In\u00edcio","item":"https:\/\/www.correiobraziliense.com.br\/aqui\/"},{"@type":"ListItem","position":2,"name":"Os pr\u00f3s e contras do whey protein como suplemento na dieta"}]},{"@type":"WebSite","@id":"https:\/\/www.correiobraziliense.com.br\/aqui\/#website","url":"https:\/\/www.correiobraziliense.com.br\/aqui\/","name":"Correio Braziliense - Aqui","description":"O Correio Braziliense (CB) \u00e9 o mais importante canal de not\u00edcias de Bras\u00edlia. Aqui voc\u00ea encontra as \u00faltimas not\u00edcias do DF, do Brasil e do mundo.","potentialAction":[{"@type":"SearchAction","target":{"@type":"EntryPoint","urlTemplate":"https:\/\/www.correiobraziliense.com.br\/aqui\/?s={search_term_string}"},"query-input":{"@type":"PropertyValueSpecification","valueRequired":true,"valueName":"search_term_string"}}],"inLanguage":"pt-BR"},{"@type":"Person","@id":"https:\/\/www.correiobraziliense.com.br\/aqui\/#\/schema\/person\/d2c40b35ec2be212218f220e191a1524","name":"Neto","image":{"@type":"ImageObject","inLanguage":"pt-BR","@id":"https:\/\/www.correiobraziliense.com.br\/aqui\/#\/schema\/person\/image\/","url":"https:\/\/secure.gravatar.com\/avatar\/1f5efc2b1c80ac699a702ac164d711c0193e9849c302889470075b50dfba1798?s=96&d=mm&r=g","contentUrl":"https:\/\/secure.gravatar.com\/avatar\/1f5efc2b1c80ac699a702ac164d711c0193e9849c302889470075b50dfba1798?s=96&d=mm&r=g","caption":"Neto"},"url":"https:\/\/www.correiobraziliense.com.br\/aqui\/author\/netoaqui\/"}]}},"_links":{"self":[{"href":"https:\/\/www.correiobraziliense.com.br\/aqui\/wp-json\/wp\/v2\/posts\/12148","targetHints":{"allow":["GET"]}}],"collection":[{"href":"https:\/\/www.correiobraziliense.com.br\/aqui\/wp-json\/wp\/v2\/posts"}],"about":[{"href":"https:\/\/www.correiobraziliense.com.br\/aqui\/wp-json\/wp\/v2\/types\/post"}],"author":[{"embeddable":true,"href":"https:\/\/www.correiobraziliense.com.br\/aqui\/wp-json\/wp\/v2\/users\/4"}],"replies":[{"embeddable":true,"href":"https:\/\/www.correiobraziliense.com.br\/aqui\/wp-json\/wp\/v2\/comments?post=12148"}],"version-history":[{"count":1,"href":"https:\/\/www.correiobraziliense.com.br\/aqui\/wp-json\/wp\/v2\/posts\/12148\/revisions"}],"predecessor-version":[{"id":12156,"href":"https:\/\/www.correiobraziliense.com.br\/aqui\/wp-json\/wp\/v2\/posts\/12148\/revisions\/12156"}],"wp:featuredmedia":[{"embeddable":true,"href":"https:\/\/www.correiobraziliense.com.br\/aqui\/wp-json\/wp\/v2\/media\/12153"}],"wp:attachment":[{"href":"https:\/\/www.correiobraziliense.com.br\/aqui\/wp-json\/wp\/v2\/media?parent=12148"}],"wp:term":[{"taxonomy":"category","embeddable":true,"href":"https:\/\/www.correiobraziliense.com.br\/aqui\/wp-json\/wp\/v2\/categories?post=12148"},{"taxonomy":"post_tag","embeddable":true,"href":"https:\/\/www.correiobraziliense.com.br\/aqui\/wp-json\/wp\/v2\/tags?post=12148"}],"curies":[{"name":"wp","href":"https:\/\/api.w.org\/{rel}","templated":true}]}}