{"id":12250,"date":"2025-10-21T10:15:00","date_gmt":"2025-10-21T13:15:00","guid":{"rendered":"https:\/\/www.correiobraziliense.com.br\/aqui\/?p=12250"},"modified":"2025-10-21T09:04:19","modified_gmt":"2025-10-21T12:04:19","slug":"brasil-mostra-forca-e-leva-premio-mundial-com-panetone","status":"publish","type":"post","link":"https:\/\/www.correiobraziliense.com.br\/aqui\/2025\/10\/21\/brasil-mostra-forca-e-leva-premio-mundial-com-panetone\/","title":{"rendered":"Brasil mostra for\u00e7a e leva pr\u00eamio mundial com panetone"},"content":{"rendered":"\n<p>O <a href=\"https:\/\/www.correiobraziliense.com.br\/aqui\/2025\/09\/12\/por-que-o-panetone-dura-meses-e-o-pao-estraga-em-dias-a-ciencia-por-tras-da-validade-prolongada\/\">panetone brasileiro<\/a> conquistou recentemente um dos mais altos reconhecimentos internacionais na Panettone World Championship de 2025, realizada em Mil\u00e3o, It\u00e1lia. Este evento celebra os melhores panetones do mundo e, neste ano, uma equipe formada por profissionais de diferentes regi\u00f5es do Brasil se destacou ao levar o t\u00edtulo de segundo melhor do mundo com um panetone de chocolate. O grupo inclui Brunno Malheiros, do Cear\u00e1, Joze Nilson Diniz, de S\u00e3o Paulo, Matheus Andrade, do Rio Grande do Norte, e D\u00e9borah Zanzini, tamb\u00e9m de S\u00e3o Paulo. Essa classifica\u00e7\u00e3o representa um marco para a panifica\u00e7\u00e3o artesanal brasileira, especialmente para a equipe cearense da confeitaria Cheiro do P\u00e3o.<\/p>\n\n\n\n<p>Ali\u00e1s, a competi\u00e7\u00e3o aconteceu na cidade italiana de Mil\u00e3o, reconhecida por ser o ber\u00e7o desta tradicional iguaria natalina. Entre os dias 13 e 18 de outubro de 2025, in\u00fameras equipes de diversos pa\u00edses apresentaram suas vers\u00f5es do cl\u00e1ssico produto. Ali\u00e1s, o panetone brasileiro reuniu t\u00e9cnicas artesanais, ingredientes premium e um toque de brasilidade. Com uma massa leve, os confeiteiros brasileiros conseguiram impressionar os jurados pela criatividade e precis\u00e3o na execu\u00e7\u00e3o. O doce, ali\u00e1s, tamb\u00e9m levou lascas de chocolate e uma cobertura crocante feita de farinha de am\u00eandoas e avel\u00e3. <\/p>\n\n\n\n<figure class=\"wp-block-image size-full is-resized\"><img loading=\"lazy\" decoding=\"async\" width=\"1000\" height=\"750\" src=\"https:\/\/www.correiobraziliense.com.br\/aqui\/wp-content\/uploads\/2025\/10\/image-120.png\" alt=\"Panetone premiado na Europa -Divulga\u00e7\u00e3o\" class=\"wp-image-12252\" style=\"width:1170px;height:auto\" srcset=\"https:\/\/www.correiobraziliense.com.br\/aqui\/wp-content\/uploads\/2025\/10\/image-120.png 1000w, https:\/\/www.correiobraziliense.com.br\/aqui\/wp-content\/uploads\/2025\/10\/image-120-300x225.png 300w, https:\/\/www.correiobraziliense.com.br\/aqui\/wp-content\/uploads\/2025\/10\/image-120-768x576.png 768w, https:\/\/www.correiobraziliense.com.br\/aqui\/wp-content\/uploads\/2025\/10\/image-120-750x563.png 750w\" sizes=\"auto, (max-width: 1000px) 100vw, 1000px\" \/><figcaption class=\"wp-element-caption\">Panetone premiado na Europa -Divulga\u00e7\u00e3o<\/figcaption><\/figure>\n\n\n\n<h2 class=\"wp-block-heading\">Como o panetone brasileiro conquistou o paladar internacional?<\/h2>\n\n\n\n<p>O segredo do desempenho brasileiro no campeonato envolveu uma combina\u00e7\u00e3o de processos cuidadosos e rigor t\u00e9cnico. Ap\u00f3s o preparo, os panetones passaram por uma coc\u00e7\u00e3o a 150 \u00baC e, imediatamente, foram invertidos e deixados para descansar por, no m\u00ednimo, 12 horas. Essa etapa \u00e9 fundamental, pois garante uma textura macia, preserva\u00e7\u00e3o dos aromas e uma estrutura interna est\u00e1vel, conhecida por sua \u2018alveolatura\u2019. Dessa forma, elementos tradicionais se encontraram com t\u00e9cnicas inovadoras e ingredientes regionais, o que proporcionou uma nova interpreta\u00e7\u00e3o ao cl\u00e1ssico natalino italiano.<\/p>\n\n\n\n<h2 class=\"wp-block-heading\">Quais sabores brasileiros deixaram a marca no evento?<\/h2>\n\n\n\n<p>A participa\u00e7\u00e3o do Brasil n\u00e3o se limitou ao panetone de chocolate premiado. A equipe apresentou varia\u00e7\u00f5es que exploram a diversidade dos sabores nacionais. Entre as apostas, destacou-se um panetone inovativo com doce de leite, maracuj\u00e1, tapioca e coco ralado, ingredientes que remetem \u00e0s ra\u00edzes tropicais do pa\u00eds. A vers\u00e3o tradicional brasileira utilizou uvas-passas, cidra e laranjas cristalizadas, conseguindo uma posi\u00e7\u00e3o entre os dez melhores do mundo na categoria. Para o panetone decorado, optaram por uma cobertura discreta e detalhes em a\u00e7\u00facar, demonstrando refinamento e precis\u00e3o t\u00e9cnica.<\/p>\n\n\n\n<h2 class=\"wp-block-heading\">O que representa esse reconhecimento para a panifica\u00e7\u00e3o do Brasil?<\/h2>\n\n\n\n<p>O pr\u00eamio internacional tem impacto direto no cen\u00e1rio nacional, colocando o panetone brasileiro em um novo patamar dentro do mercado global. Ao garantir a medalha de prata e um pr\u00eamio em dinheiro, a equipe liderada por Malheiros celebra o  talento individual. Mas tamb\u00e9m o resultado de esfor\u00e7os coletivos e do compromisso com a qualidade. Esses profissionais destacaram a import\u00e2ncia do trabalho em equipe, do alinhamento com fornecedores e do engajamento com os clientes para o sucesso obtido. O reconhecimento confirma o papel da confeitaria Cheiro do P\u00e3o e de outros nomes envolvidos como refer\u00eancias na produ\u00e7\u00e3o artesanal do panetone no Brasil.<\/p>\n\n\n\n<p>No contexto da competi\u00e7\u00e3o internacional, a vit\u00f3ria do panetone brasileiro evidencia o potencial dos produtos nacionais e incentiva outras padarias e chefs a inovar com ingredientes regionais. Al\u00e9m de fortalecer a presen\u00e7a do pa\u00eds em eventos gastron\u00f4micos de renome, o resultado cria oportunidades para trocar experi\u00eancias, aprimorar t\u00e9cnicas e valorizar ainda mais a culin\u00e1ria local. O feito tamb\u00e9m serve como demonstra\u00e7\u00e3o de que o Brasil pode competir em igualdade de condi\u00e7\u00f5es com mercados tradicionais, contribuindo para o desenvolvimento da panifica\u00e7\u00e3o artesanal de alto padr\u00e3o.<\/p>\n\n\n\n<p>Com esse desempenho, o panetone brasileiro passa a ocupar lugar de destaque entre as melhores receitas do mundo, reafirmando a riqueza e a versatilidade dos sabores nacionais. O sucesso recente dos representantes brasileiros sinaliza uma nova fase para a ind\u00fastria nacional e promete abrir portas para outros profissionais interessados em expandir horizontes no universo da confeitaria internacional.<\/p>\n","protected":false},"excerpt":{"rendered":"<p>Panetone brasileiro conquista o 2\u00ba lugar mundial em Mil\u00e3o, unindo tradi\u00e7\u00e3o e inova\u00e7\u00e3o, e eleva o Brasil ao topo da panifica\u00e7\u00e3o artesanal<\/p>\n","protected":false},"author":5,"featured_media":12251,"comment_status":"open","ping_status":"open","sticky":false,"template":"","format":"standard","meta":{"jnews-multi-image_gallery":[],"jnews_single_post":{"format":"standard"},"jnews_primary_category":[],"jnews_social_meta":[],"jnews_override_counter":[],"footnotes":""},"categories":[121],"tags":[295,119,4487],"class_list":["post-12250","post","type-post","status-publish","format-standard","has-post-thumbnail","hentry","category-gastronomia","tag-culinaria","tag-gastronomia","tag-panetone"],"yoast_head":"<!-- This site is optimized with the Yoast SEO plugin v25.1 - https:\/\/yoast.com\/wordpress\/plugins\/seo\/ -->\n<title>Brasil mostra for\u00e7a e leva pr\u00eamio mundial com panetone<\/title>\n<meta name=\"description\" content=\"Panetone brasileiro conquista o 2\u00ba lugar mundial em Mil\u00e3o, unindo tradi\u00e7\u00e3o e inova\u00e7\u00e3o, e eleva o Brasil ao topo da panifica\u00e7\u00e3o artesanal\" \/>\n<meta name=\"robots\" content=\"index, follow, max-snippet:-1, max-image-preview:large, max-video-preview:-1\" \/>\n<link rel=\"canonical\" href=\"https:\/\/www.correiobraziliense.com.br\/aqui\/2025\/10\/21\/brasil-mostra-forca-e-leva-premio-mundial-com-panetone\/\" \/>\n<meta property=\"og:locale\" content=\"pt_BR\" \/>\n<meta property=\"og:type\" content=\"article\" \/>\n<meta property=\"og:title\" content=\"Brasil mostra for\u00e7a e leva pr\u00eamio mundial com panetone\" \/>\n<meta property=\"og:description\" content=\"Panetone brasileiro conquista o 2\u00ba lugar mundial em Mil\u00e3o, unindo tradi\u00e7\u00e3o e inova\u00e7\u00e3o, e eleva o Brasil ao topo da panifica\u00e7\u00e3o artesanal\" \/>\n<meta property=\"og:url\" content=\"https:\/\/www.correiobraziliense.com.br\/aqui\/2025\/10\/21\/brasil-mostra-forca-e-leva-premio-mundial-com-panetone\/\" \/>\n<meta property=\"og:site_name\" content=\"Correio Braziliense - Aqui\" \/>\n<meta property=\"article:published_time\" content=\"2025-10-21T13:15:00+00:00\" \/>\n<meta property=\"og:image\" content=\"https:\/\/www.correiobraziliense.com.br\/aqui\/wp-content\/uploads\/2025\/10\/image-119.png\" \/>\n\t<meta property=\"og:image:width\" content=\"888\" \/>\n\t<meta property=\"og:image:height\" content=\"676\" \/>\n\t<meta property=\"og:image:type\" content=\"image\/png\" \/>\n<meta name=\"author\" content=\"Daniel\" \/>\n<meta name=\"twitter:card\" content=\"summary_large_image\" \/>\n<meta name=\"twitter:label1\" content=\"Escrito por\" \/>\n\t<meta name=\"twitter:data1\" content=\"Daniel\" \/>\n\t<meta name=\"twitter:label2\" content=\"Est. tempo de leitura\" \/>\n\t<meta name=\"twitter:data2\" content=\"4 minutos\" \/>\n<!-- \/ Yoast SEO plugin. -->","yoast_head_json":{"title":"Brasil mostra for\u00e7a e leva pr\u00eamio mundial com panetone","description":"Panetone brasileiro conquista o 2\u00ba lugar mundial em Mil\u00e3o, unindo tradi\u00e7\u00e3o e inova\u00e7\u00e3o, e eleva o Brasil ao topo da panifica\u00e7\u00e3o artesanal","robots":{"index":"index","follow":"follow","max-snippet":"max-snippet:-1","max-image-preview":"max-image-preview:large","max-video-preview":"max-video-preview:-1"},"canonical":"https:\/\/www.correiobraziliense.com.br\/aqui\/2025\/10\/21\/brasil-mostra-forca-e-leva-premio-mundial-com-panetone\/","og_locale":"pt_BR","og_type":"article","og_title":"Brasil mostra for\u00e7a e leva pr\u00eamio mundial com panetone","og_description":"Panetone brasileiro conquista o 2\u00ba lugar mundial em Mil\u00e3o, unindo tradi\u00e7\u00e3o e inova\u00e7\u00e3o, e eleva o Brasil ao topo da panifica\u00e7\u00e3o artesanal","og_url":"https:\/\/www.correiobraziliense.com.br\/aqui\/2025\/10\/21\/brasil-mostra-forca-e-leva-premio-mundial-com-panetone\/","og_site_name":"Correio Braziliense - Aqui","article_published_time":"2025-10-21T13:15:00+00:00","og_image":[{"width":888,"height":676,"url":"https:\/\/www.correiobraziliense.com.br\/aqui\/wp-content\/uploads\/2025\/10\/image-119.png","type":"image\/png"}],"author":"Daniel","twitter_card":"summary_large_image","twitter_misc":{"Escrito por":"Daniel","Est. tempo de leitura":"4 minutos"},"schema":{"@context":"https:\/\/schema.org","@graph":[{"@type":"WebPage","@id":"https:\/\/www.correiobraziliense.com.br\/aqui\/2025\/10\/21\/brasil-mostra-forca-e-leva-premio-mundial-com-panetone\/","url":"https:\/\/www.correiobraziliense.com.br\/aqui\/2025\/10\/21\/brasil-mostra-forca-e-leva-premio-mundial-com-panetone\/","name":"Brasil mostra for\u00e7a e leva pr\u00eamio mundial com panetone","isPartOf":{"@id":"https:\/\/www.correiobraziliense.com.br\/aqui\/#website"},"primaryImageOfPage":{"@id":"https:\/\/www.correiobraziliense.com.br\/aqui\/2025\/10\/21\/brasil-mostra-forca-e-leva-premio-mundial-com-panetone\/#primaryimage"},"image":{"@id":"https:\/\/www.correiobraziliense.com.br\/aqui\/2025\/10\/21\/brasil-mostra-forca-e-leva-premio-mundial-com-panetone\/#primaryimage"},"thumbnailUrl":"https:\/\/www.correiobraziliense.com.br\/aqui\/wp-content\/uploads\/2025\/10\/image-119.png","datePublished":"2025-10-21T13:15:00+00:00","author":{"@id":"https:\/\/www.correiobraziliense.com.br\/aqui\/#\/schema\/person\/d588169fc44d3a8a8eca46d6a1751c00"},"description":"Panetone brasileiro conquista o 2\u00ba lugar mundial em Mil\u00e3o, unindo tradi\u00e7\u00e3o e inova\u00e7\u00e3o, e eleva o Brasil ao topo da panifica\u00e7\u00e3o artesanal","breadcrumb":{"@id":"https:\/\/www.correiobraziliense.com.br\/aqui\/2025\/10\/21\/brasil-mostra-forca-e-leva-premio-mundial-com-panetone\/#breadcrumb"},"inLanguage":"pt-BR","potentialAction":[{"@type":"ReadAction","target":["https:\/\/www.correiobraziliense.com.br\/aqui\/2025\/10\/21\/brasil-mostra-forca-e-leva-premio-mundial-com-panetone\/"]}]},{"@type":"ImageObject","inLanguage":"pt-BR","@id":"https:\/\/www.correiobraziliense.com.br\/aqui\/2025\/10\/21\/brasil-mostra-forca-e-leva-premio-mundial-com-panetone\/#primaryimage","url":"https:\/\/www.correiobraziliense.com.br\/aqui\/wp-content\/uploads\/2025\/10\/image-119.png","contentUrl":"https:\/\/www.correiobraziliense.com.br\/aqui\/wp-content\/uploads\/2025\/10\/image-119.png","width":888,"height":676,"caption":"Panetone premiado na Europa -Divulga\u00e7\u00e3o"},{"@type":"BreadcrumbList","@id":"https:\/\/www.correiobraziliense.com.br\/aqui\/2025\/10\/21\/brasil-mostra-forca-e-leva-premio-mundial-com-panetone\/#breadcrumb","itemListElement":[{"@type":"ListItem","position":1,"name":"In\u00edcio","item":"https:\/\/www.correiobraziliense.com.br\/aqui\/"},{"@type":"ListItem","position":2,"name":"Brasil mostra for\u00e7a e leva pr\u00eamio mundial com panetone"}]},{"@type":"WebSite","@id":"https:\/\/www.correiobraziliense.com.br\/aqui\/#website","url":"https:\/\/www.correiobraziliense.com.br\/aqui\/","name":"Correio Braziliense - Aqui","description":"O Correio Braziliense (CB) \u00e9 o mais importante canal de not\u00edcias de Bras\u00edlia. Aqui voc\u00ea encontra as \u00faltimas not\u00edcias do DF, do Brasil e do mundo.","potentialAction":[{"@type":"SearchAction","target":{"@type":"EntryPoint","urlTemplate":"https:\/\/www.correiobraziliense.com.br\/aqui\/?s={search_term_string}"},"query-input":{"@type":"PropertyValueSpecification","valueRequired":true,"valueName":"search_term_string"}}],"inLanguage":"pt-BR"},{"@type":"Person","@id":"https:\/\/www.correiobraziliense.com.br\/aqui\/#\/schema\/person\/d588169fc44d3a8a8eca46d6a1751c00","name":"Daniel","image":{"@type":"ImageObject","inLanguage":"pt-BR","@id":"https:\/\/www.correiobraziliense.com.br\/aqui\/#\/schema\/person\/image\/","url":"https:\/\/secure.gravatar.com\/avatar\/eed68c2a9d1c83aac68fdcac4aad8b3d990a26da4c68f5a0a58e776917301ce8?s=96&d=mm&r=g","contentUrl":"https:\/\/secure.gravatar.com\/avatar\/eed68c2a9d1c83aac68fdcac4aad8b3d990a26da4c68f5a0a58e776917301ce8?s=96&d=mm&r=g","caption":"Daniel"},"url":"https:\/\/www.correiobraziliense.com.br\/aqui\/author\/danielaqui\/"}]}},"_links":{"self":[{"href":"https:\/\/www.correiobraziliense.com.br\/aqui\/wp-json\/wp\/v2\/posts\/12250","targetHints":{"allow":["GET"]}}],"collection":[{"href":"https:\/\/www.correiobraziliense.com.br\/aqui\/wp-json\/wp\/v2\/posts"}],"about":[{"href":"https:\/\/www.correiobraziliense.com.br\/aqui\/wp-json\/wp\/v2\/types\/post"}],"author":[{"embeddable":true,"href":"https:\/\/www.correiobraziliense.com.br\/aqui\/wp-json\/wp\/v2\/users\/5"}],"replies":[{"embeddable":true,"href":"https:\/\/www.correiobraziliense.com.br\/aqui\/wp-json\/wp\/v2\/comments?post=12250"}],"version-history":[{"count":1,"href":"https:\/\/www.correiobraziliense.com.br\/aqui\/wp-json\/wp\/v2\/posts\/12250\/revisions"}],"predecessor-version":[{"id":12253,"href":"https:\/\/www.correiobraziliense.com.br\/aqui\/wp-json\/wp\/v2\/posts\/12250\/revisions\/12253"}],"wp:featuredmedia":[{"embeddable":true,"href":"https:\/\/www.correiobraziliense.com.br\/aqui\/wp-json\/wp\/v2\/media\/12251"}],"wp:attachment":[{"href":"https:\/\/www.correiobraziliense.com.br\/aqui\/wp-json\/wp\/v2\/media?parent=12250"}],"wp:term":[{"taxonomy":"category","embeddable":true,"href":"https:\/\/www.correiobraziliense.com.br\/aqui\/wp-json\/wp\/v2\/categories?post=12250"},{"taxonomy":"post_tag","embeddable":true,"href":"https:\/\/www.correiobraziliense.com.br\/aqui\/wp-json\/wp\/v2\/tags?post=12250"}],"curies":[{"name":"wp","href":"https:\/\/api.w.org\/{rel}","templated":true}]}}