{"id":12532,"date":"2025-10-27T07:41:56","date_gmt":"2025-10-27T10:41:56","guid":{"rendered":"https:\/\/www.correiobraziliense.com.br\/aqui\/?p=12532"},"modified":"2025-10-27T07:45:42","modified_gmt":"2025-10-27T10:45:42","slug":"como-o-comportamento-narcisista-pode-afetar-suas-relacoes","status":"publish","type":"post","link":"https:\/\/www.correiobraziliense.com.br\/aqui\/2025\/10\/27\/como-o-comportamento-narcisista-pode-afetar-suas-relacoes\/","title":{"rendered":"Como o comportamento narcisista pode afetar suas rela\u00e7\u00f5es"},"content":{"rendered":"\n<p>O narcisismo, muitas vezes interpretado apenas como vaidade, \u00e9 um fen\u00f4meno mais complexo e recorrente do que se imagina nas din\u00e2micas sociais atuais. O comportamento narcisista interfere significativamente em diferentes tipos de relacionamentos, seja no ambiente familiar, no trabalho ou entre amigos. Quem convive com uma pessoa narcisista frequentemente enfrenta desafios ao tentar manter v\u00ednculos saud\u00e1veis e equilibrados. No mundo contempor\u00e2neo, onde redes sociais intensificam a necessidade de aprova\u00e7\u00e3o, observar tra\u00e7os narcisistas tornou-se ainda mais comum.<\/p>\n\n\n\n<p>A personalidade narcisista se revela em a\u00e7\u00f5es e atitudes cotidianas que ultrapassam a autoconfian\u00e7a. Esse padr\u00e3o resulta de uma autopercep\u00e7\u00e3o distorcida e de uma necessidade exacerbada de aprova\u00e7\u00e3o. O narcisista n\u00e3o se limita \u00e0 exibi\u00e7\u00e3o constante de conquistas: ele tamb\u00e9m demonstra dificuldade em aceitar cr\u00edticas e tende a atribuir falhas a terceiros. Compreender esses tra\u00e7os possibilita identificar situa\u00e7\u00f5es nas quais o narcisismo prejudica relacionamentos e causa desconforto emocional nas pessoas ao redor.<\/p>\n\n\n\n<h2 class=\"wp-block-heading\">Como o narcisismo pode se desenvolver?<\/h2>\n\n\n\n<p>O narcisismo n\u00e3o come\u00e7a de repente. Quase sempre, suas ra\u00edzes surgem de experi\u00eancias constru\u00eddas ainda na inf\u00e2ncia. Especialistas explicam que fatores como neglig\u00eancia emocional dos pais, cr\u00edticas excessivas ou, em contraste, supervaloriza\u00e7\u00e3o e expectativas irreais incentivam o desenvolvimento de tra\u00e7os narcisistas. Quando uma crian\u00e7a cresce sentindo-se constantemente ignorada ou desvalorizada, normalmente busca na vida adulta compensar esse vazio por meio da necessidade exagerada de valida\u00e7\u00e3o. Al\u00e9m disso, quando algu\u00e9m \u00e9 sempre colocado em posi\u00e7\u00e3o de supremacia, sem aprender a lidar com frustra\u00e7\u00f5es e limites, tende a acreditar em uma superioridade ilus\u00f3ria, afastando-se da autocr\u00edtica e da empatia. Portanto, compreender essas origens proporciona uma vis\u00e3o mais profunda do narcisismo, mostrando que, em muitos casos, ele deriva de din\u00e2micas familiares fr\u00e1geis ou disfuncionais. Al\u00e9m dos fatores familiares, influ\u00eancias culturais, press\u00e3o por desempenho e experi\u00eancias traum\u00e1ticas tamb\u00e9m podem contribuir para esse comportamento.<\/p>\n\n\n\n<h2 class=\"wp-block-heading\">O que diferencia o narcisismo de uma autoconfian\u00e7a saud\u00e1vel?<\/h2>\n\n\n\n<p>Entender a diferen\u00e7a entre autoconfian\u00e7a e narcisismo se torna essencial para n\u00e3o confundir comportamentos positivos com um dist\u00farbio emocional. Pessoas com autoestima equilibrada reconhecem seus m\u00e9ritos, aceitam limites e aprendem com os erros. Em contraste, quem apresenta tra\u00e7os narcisistas exagera conquistas e minimiza ou ignora os acertos alheios.<\/p>\n\n\n\n<ul class=\"wp-block-list\">\n<li><p><strong>Busca constante por reconhecimento:<\/strong> A necessidade de ser admirado ultrapassa o reconhecimento <a href=\"https:\/\/www.correiobraziliense.com.br\/aqui\/2025\/10\/24\/cansaco-durante-o-dia-e-insonia-a-noite-causas-e-solucoes\/\">natural por uma realiza\u00e7\u00e3o<\/a>, criando uma insatisfa\u00e7\u00e3o constante.<\/p><\/li>\n\n\n\n<li><p><strong>Dificuldade em ouvir cr\u00edticas:<\/strong> Qualquer coment\u00e1rio negativo se transforma em amea\u00e7a pessoal e pode gerar rea\u00e7\u00e3o defensiva.<\/p><\/li>\n\n\n\n<li><p><strong>Empatia reduzida:<\/strong> O narcisista costuma ver outras pessoas como ferramentas de valida\u00e7\u00e3o, n\u00e3o como indiv\u00edduos com sentimentos pr\u00f3prios.<\/p><\/li>\n<\/ul>\n\n\n\n<p>Esses pontos n\u00e3o significam apenas autoestima elevada. Na realidade, comp\u00f5em um padr\u00e3o prejudicial para quem convive com a pessoa narcisista. Portanto, \u00e9 fundamental diferenciar comportamentos saud\u00e1veis de sinais problem\u00e1ticos.<\/p>\n\n\n\n<h2 class=\"wp-block-heading\">Como o narcisismo pode impactar as rela\u00e7\u00f5es pessoais e profissionais?<\/h2>\n\n\n\n<p>A influ\u00eancia do narcisismo ultrapassa o \u00e2mbito individual, afetando equipes de trabalho, fam\u00edlias e amizades. Ambientes onde predominam comportamentos narcisistas frequentemente apresentam maior ocorr\u00eancia de conflitos, sensa\u00e7\u00e3o de injusti\u00e7a e dificuldade de coopera\u00e7\u00e3o. Isso acontece porque conviventes se sentem desvalorizados diante de algu\u00e9m que se coloca sempre em posi\u00e7\u00e3o de destaque.<\/p>\n\n\n\n<ol class=\"wp-block-list\">\n<li><p><strong>Ambiente de trabalho:<\/strong> O narcisista pode manipular situa\u00e7\u00f5es para atingir objetivos pr\u00f3prios, prejudicando o bem-estar coletivo.<\/p><\/li>\n\n\n\n<li><p><strong>V\u00ednculos familiares:<\/strong> A competitividade e a centraliza\u00e7\u00e3o de aten\u00e7\u00f5es enfraquecem la\u00e7os de afeto e respeito m\u00fatuo.<\/p><\/li>\n\n\n\n<li><p><strong>Amizades:<\/strong> Rela\u00e7\u00f5es se tornam superficiais, pautadas pelo interesse e pela necessidade de valorizar apenas uma parte.<\/p><\/li>\n<\/ol>\n\n\n\n<p>Assim, identificar sinais de narcisismo e compreender seus efeitos facilita a busca por rela\u00e7\u00f5es mais justas e respeitosas em diferentes esferas da vida. Para isso, pr\u00e1ticas como o di\u00e1logo aberto e o fortalecimento da empatia s\u00e3o essenciais.<\/p>\n\n\n\n<h2 class=\"wp-block-heading\">Como lidar com uma pessoa narcisista?<\/h2>\n\n\n\n<p>Lidar com o comportamento narcisista exige estrat\u00e9gias claras para preservar a sa\u00fade mental e evitar desgaste emocional. Muitos especialistas orientam o estabelecimento de limites definidos e o refor\u00e7o da autoestima, evitando cair em jogos de manipula\u00e7\u00e3o e em constantes tentativas de agradar quem demonstra tra\u00e7os narcisistas. Al\u00e9m disso, procurar apoio psicol\u00f3gico facilita o enfrentamento dessas situa\u00e7\u00f5es.<\/p>\n\n\n\n<ul class=\"wp-block-list\">\n<li><p><strong>Estabele\u00e7a limites:<\/strong> N\u00e3o se envolva em ciclos de valida\u00e7\u00e3o e evite justificar atitudes alheias, garantindo um espa\u00e7o seguro para si mesmo.<\/p><\/li>\n\n\n\n<li><p><strong>Evite confrontos diretos:<\/strong> Questionamentos podem provocar rea\u00e7\u00f5es negativas e argumentos sem sa\u00edda, tornando o di\u00e1logo improdutivo.<\/p><\/li>\n\n\n\n<li><p><strong>Reforce seu valor:<\/strong> Lembre-se constantemente de que o comportamento do outro n\u00e3o define sua autopercep\u00e7\u00e3o ou autoestima.<\/p><\/li>\n\n\n\n<li><p><strong>Busque apoio:<\/strong> Caso se sinta sobrecarregado, profissionais da sa\u00fade mental orientam sobre como lidar e evitar o desgaste emocional decorrente desse conv\u00edvio.<\/p><\/li>\n<\/ul>\n\n\n\n<p>Em muitos casos, apenas uma abordagem profissional especializada promove mudan\u00e7as efetivas no comportamento narcisista. Assim, o apoio psicol\u00f3gico se mostra importante tanto para o indiv\u00edduo quanto para seus familiares e colegas.<\/p>\n\n\n\n<h2 class=\"wp-block-heading\">Narcisismo sempre significa um transtorno mental?<\/h2>\n\n\n\n<p>Caso pense que todo narcisista apresenta um transtorno mental, vale esclarecer: embora o narcisismo seja frequentemente associado ao transtorno de personalidade narcisista, nem todos que apresentam comportamentos narcisistas recebem um diagn\u00f3stico cl\u00ednico. A diferen\u00e7a reside na intensidade, regularidade e impacto desses tra\u00e7os na vida pessoal e social do indiv\u00edduo. O diagn\u00f3stico somente ocorre quando o padr\u00e3o prejudica o funcionamento do dia a dia.<\/p>\n\n\n\n<p>Reconhecer sinais de narcisismo favorece escolhas mais conscientes na hora de se relacionar. Al\u00e9m disso, contribui para a promo\u00e7\u00e3o de ambientes mais saud\u00e1veis, com espa\u00e7o para o di\u00e1logo, o respeito e a empatia m\u00fatua. Manter-se atento e informado torna-se essencial para evitar relacionamentos marcados por desequil\u00edbrio e sofrimento.<\/p>\n\n\n\n<h2 class=\"wp-block-heading\">FAQ &#8211; Perguntas Frequentes<\/h2>\n\n\n\n<ul class=\"wp-block-list\">\n<li><strong>O narcisismo pode mudar ao longo do tempo?<\/strong><br>Sim. Com reflex\u00e3o, autoconsci\u00eancia e acompanhamento profissional, a intensidade de tra\u00e7os narcisistas pode diminuir. Mudan\u00e7as no ambiente social e nas rela\u00e7\u00f5es tamb\u00e9m influenciam esse processo.<\/li>\n\n\n\n<li><strong>Pessoas narcisistas conseguem manter relacionamentos duradouros?<\/strong><br>\u00c9 poss\u00edvel, por\u00e9m as rela\u00e7\u00f5es tendem a ser inst\u00e1veis quando o narcisismo \u00e9 intenso. O di\u00e1logo, a empatia e a busca por tratamento contribuem para v\u00ednculos mais saud\u00e1veis.<\/li>\n\n\n\n<li><strong>Gen\u00e9tica pode influenciar o desenvolvimento do narcisismo?<\/strong><br>Fatores gen\u00e9ticos apresentam algum papel, mas o ambiente, especialmente experi\u00eancias familiares e culturais, exerce influ\u00eancia mais significativa nesse processo.<\/li>\n\n\n\n<li><strong>Como diferenciar o narcisista do ego\u00edsta?<\/strong><br>Embora ambos possam buscar benef\u00edcios pr\u00f3prios, o narcisista normalmente carece de empatia e precisa da valida\u00e7\u00e3o dos outros. O ego\u00edsta age por interesse pr\u00f3prio, sem necessariamente buscar admira\u00e7\u00e3o.<\/li>\n\n\n\n<li><strong>Exposi\u00e7\u00e3o \u00e0s redes sociais pode aumentar comportamentos narcisistas?<\/strong><br>Sim. O uso excessivo de redes sociais frequentemente intensifica a busca por aprova\u00e7\u00e3o, visibilidade e reconhecimento, caracter\u00edsticas comuns ao narcisismo moderno.<\/li>\n<\/ul>\n","protected":false},"excerpt":{"rendered":"<p>O narcisismo, muitas vezes interpretado apenas como vaidade, \u00e9 um fen\u00f4meno mais complexo e recorrente do que se imagina nas din\u00e2micas sociais atuais. O comportamento narcisista interfere significativamente em diferentes tipos de relacionamentos, seja no ambiente familiar, no trabalho ou entre amigos. Quem convive com uma pessoa narcisista frequentemente enfrenta desafios ao tentar manter v\u00ednculos [&hellip;]<\/p>\n","protected":false},"author":10,"featured_media":12533,"comment_status":"open","ping_status":"open","sticky":false,"template":"","format":"standard","meta":{"jnews-multi-image_gallery":[],"jnews_single_post":{"format":"standard"},"jnews_primary_category":[],"jnews_social_meta":[],"jnews_override_counter":[],"footnotes":""},"categories":[260],"tags":[140,934,326],"class_list":["post-12532","post","type-post","status-publish","format-standard","has-post-thumbnail","hentry","category-sociedade","tag-bem-estar","tag-comportamento","tag-sociedade"],"yoast_head":"<!-- This site is optimized with the Yoast SEO plugin v25.1 - https:\/\/yoast.com\/wordpress\/plugins\/seo\/ -->\n<title>Como o comportamento narcisista pode afetar suas rela\u00e7\u00f5es - Correio Braziliense - Aqui<\/title>\n<meta name=\"description\" content=\"Confira os sinais, impactos, origem e dicas pr\u00e1ticas para lidar com o comportamento narcisista de algumas pessoas\" \/>\n<meta name=\"robots\" content=\"index, follow, max-snippet:-1, max-image-preview:large, max-video-preview:-1\" \/>\n<link rel=\"canonical\" href=\"https:\/\/www.correiobraziliense.com.br\/aqui\/2025\/10\/27\/como-o-comportamento-narcisista-pode-afetar-suas-relacoes\/\" \/>\n<meta property=\"og:locale\" content=\"pt_BR\" \/>\n<meta property=\"og:type\" content=\"article\" \/>\n<meta property=\"og:title\" content=\"Como o comportamento narcisista pode afetar suas rela\u00e7\u00f5es - Correio Braziliense - Aqui\" \/>\n<meta property=\"og:description\" content=\"Confira os sinais, impactos, origem e dicas pr\u00e1ticas para lidar com o comportamento narcisista de algumas pessoas\" \/>\n<meta property=\"og:url\" content=\"https:\/\/www.correiobraziliense.com.br\/aqui\/2025\/10\/27\/como-o-comportamento-narcisista-pode-afetar-suas-relacoes\/\" \/>\n<meta property=\"og:site_name\" content=\"Correio Braziliense - Aqui\" \/>\n<meta property=\"article:published_time\" content=\"2025-10-27T10:41:56+00:00\" \/>\n<meta property=\"article:modified_time\" content=\"2025-10-27T10:45:42+00:00\" \/>\n<meta property=\"og:image\" content=\"https:\/\/www.correiobraziliense.com.br\/aqui\/wp-content\/uploads\/2025\/10\/httpsneuralmyth.comstaticcache26aeeba8-a170-4b5e-84c0-c847e4612c00.jpeg\" \/>\n\t<meta property=\"og:image:width\" content=\"1280\" \/>\n\t<meta property=\"og:image:height\" content=\"720\" \/>\n\t<meta property=\"og:image:type\" content=\"image\/jpeg\" \/>\n<meta name=\"author\" content=\"Larissa\" \/>\n<meta name=\"twitter:card\" content=\"summary_large_image\" \/>\n<meta name=\"twitter:label1\" content=\"Escrito por\" \/>\n\t<meta name=\"twitter:data1\" content=\"Larissa\" \/>\n\t<meta name=\"twitter:label2\" content=\"Est. tempo de leitura\" \/>\n\t<meta name=\"twitter:data2\" content=\"6 minutos\" \/>\n<!-- \/ Yoast SEO plugin. -->","yoast_head_json":{"title":"Como o comportamento narcisista pode afetar suas rela\u00e7\u00f5es - Correio Braziliense - Aqui","description":"Confira os sinais, impactos, origem e dicas pr\u00e1ticas para lidar com o comportamento narcisista de algumas pessoas","robots":{"index":"index","follow":"follow","max-snippet":"max-snippet:-1","max-image-preview":"max-image-preview:large","max-video-preview":"max-video-preview:-1"},"canonical":"https:\/\/www.correiobraziliense.com.br\/aqui\/2025\/10\/27\/como-o-comportamento-narcisista-pode-afetar-suas-relacoes\/","og_locale":"pt_BR","og_type":"article","og_title":"Como o comportamento narcisista pode afetar suas rela\u00e7\u00f5es - Correio Braziliense - Aqui","og_description":"Confira os sinais, impactos, origem e dicas pr\u00e1ticas para lidar com o comportamento narcisista de algumas pessoas","og_url":"https:\/\/www.correiobraziliense.com.br\/aqui\/2025\/10\/27\/como-o-comportamento-narcisista-pode-afetar-suas-relacoes\/","og_site_name":"Correio Braziliense - Aqui","article_published_time":"2025-10-27T10:41:56+00:00","article_modified_time":"2025-10-27T10:45:42+00:00","og_image":[{"width":1280,"height":720,"url":"https:\/\/www.correiobraziliense.com.br\/aqui\/wp-content\/uploads\/2025\/10\/httpsneuralmyth.comstaticcache26aeeba8-a170-4b5e-84c0-c847e4612c00.jpeg","type":"image\/jpeg"}],"author":"Larissa","twitter_card":"summary_large_image","twitter_misc":{"Escrito por":"Larissa","Est. tempo de leitura":"6 minutos"},"schema":{"@context":"https:\/\/schema.org","@graph":[{"@type":"WebPage","@id":"https:\/\/www.correiobraziliense.com.br\/aqui\/2025\/10\/27\/como-o-comportamento-narcisista-pode-afetar-suas-relacoes\/","url":"https:\/\/www.correiobraziliense.com.br\/aqui\/2025\/10\/27\/como-o-comportamento-narcisista-pode-afetar-suas-relacoes\/","name":"Como o comportamento narcisista pode afetar suas rela\u00e7\u00f5es - Correio Braziliense - Aqui","isPartOf":{"@id":"https:\/\/www.correiobraziliense.com.br\/aqui\/#website"},"primaryImageOfPage":{"@id":"https:\/\/www.correiobraziliense.com.br\/aqui\/2025\/10\/27\/como-o-comportamento-narcisista-pode-afetar-suas-relacoes\/#primaryimage"},"image":{"@id":"https:\/\/www.correiobraziliense.com.br\/aqui\/2025\/10\/27\/como-o-comportamento-narcisista-pode-afetar-suas-relacoes\/#primaryimage"},"thumbnailUrl":"https:\/\/www.correiobraziliense.com.br\/aqui\/wp-content\/uploads\/2025\/10\/httpsneuralmyth.comstaticcache26aeeba8-a170-4b5e-84c0-c847e4612c00.jpeg","datePublished":"2025-10-27T10:41:56+00:00","dateModified":"2025-10-27T10:45:42+00:00","author":{"@id":"https:\/\/www.correiobraziliense.com.br\/aqui\/#\/schema\/person\/775f50a8c1ac31704d56816e99b29041"},"description":"Confira os sinais, impactos, origem e dicas pr\u00e1ticas para lidar com o comportamento narcisista de algumas pessoas","breadcrumb":{"@id":"https:\/\/www.correiobraziliense.com.br\/aqui\/2025\/10\/27\/como-o-comportamento-narcisista-pode-afetar-suas-relacoes\/#breadcrumb"},"inLanguage":"pt-BR","potentialAction":[{"@type":"ReadAction","target":["https:\/\/www.correiobraziliense.com.br\/aqui\/2025\/10\/27\/como-o-comportamento-narcisista-pode-afetar-suas-relacoes\/"]}]},{"@type":"ImageObject","inLanguage":"pt-BR","@id":"https:\/\/www.correiobraziliense.com.br\/aqui\/2025\/10\/27\/como-o-comportamento-narcisista-pode-afetar-suas-relacoes\/#primaryimage","url":"https:\/\/www.correiobraziliense.com.br\/aqui\/wp-content\/uploads\/2025\/10\/httpsneuralmyth.comstaticcache26aeeba8-a170-4b5e-84c0-c847e4612c00.jpeg","contentUrl":"https:\/\/www.correiobraziliense.com.br\/aqui\/wp-content\/uploads\/2025\/10\/httpsneuralmyth.comstaticcache26aeeba8-a170-4b5e-84c0-c847e4612c00.jpeg","width":1280,"height":720,"caption":"Cr\u00e9ditos: depositphotos.com \/ delcarmat"},{"@type":"BreadcrumbList","@id":"https:\/\/www.correiobraziliense.com.br\/aqui\/2025\/10\/27\/como-o-comportamento-narcisista-pode-afetar-suas-relacoes\/#breadcrumb","itemListElement":[{"@type":"ListItem","position":1,"name":"In\u00edcio","item":"https:\/\/www.correiobraziliense.com.br\/aqui\/"},{"@type":"ListItem","position":2,"name":"Como o comportamento narcisista pode afetar suas rela\u00e7\u00f5es"}]},{"@type":"WebSite","@id":"https:\/\/www.correiobraziliense.com.br\/aqui\/#website","url":"https:\/\/www.correiobraziliense.com.br\/aqui\/","name":"Correio Braziliense - Aqui","description":"O Correio Braziliense (CB) \u00e9 o mais importante canal de not\u00edcias de Bras\u00edlia. Aqui voc\u00ea encontra as \u00faltimas not\u00edcias do DF, do Brasil e do mundo.","potentialAction":[{"@type":"SearchAction","target":{"@type":"EntryPoint","urlTemplate":"https:\/\/www.correiobraziliense.com.br\/aqui\/?s={search_term_string}"},"query-input":{"@type":"PropertyValueSpecification","valueRequired":true,"valueName":"search_term_string"}}],"inLanguage":"pt-BR"},{"@type":"Person","@id":"https:\/\/www.correiobraziliense.com.br\/aqui\/#\/schema\/person\/775f50a8c1ac31704d56816e99b29041","name":"Larissa","image":{"@type":"ImageObject","inLanguage":"pt-BR","@id":"https:\/\/www.correiobraziliense.com.br\/aqui\/#\/schema\/person\/image\/","url":"https:\/\/secure.gravatar.com\/avatar\/62f5b2e99de671d075ab98e19f03c3c38c80a93f5d06f51075cf4431a4e76458?s=96&d=mm&r=g","contentUrl":"https:\/\/secure.gravatar.com\/avatar\/62f5b2e99de671d075ab98e19f03c3c38c80a93f5d06f51075cf4431a4e76458?s=96&d=mm&r=g","caption":"Larissa"},"url":"https:\/\/www.correiobraziliense.com.br\/aqui\/author\/larissaaqui\/"}]}},"_links":{"self":[{"href":"https:\/\/www.correiobraziliense.com.br\/aqui\/wp-json\/wp\/v2\/posts\/12532","targetHints":{"allow":["GET"]}}],"collection":[{"href":"https:\/\/www.correiobraziliense.com.br\/aqui\/wp-json\/wp\/v2\/posts"}],"about":[{"href":"https:\/\/www.correiobraziliense.com.br\/aqui\/wp-json\/wp\/v2\/types\/post"}],"author":[{"embeddable":true,"href":"https:\/\/www.correiobraziliense.com.br\/aqui\/wp-json\/wp\/v2\/users\/10"}],"replies":[{"embeddable":true,"href":"https:\/\/www.correiobraziliense.com.br\/aqui\/wp-json\/wp\/v2\/comments?post=12532"}],"version-history":[{"count":4,"href":"https:\/\/www.correiobraziliense.com.br\/aqui\/wp-json\/wp\/v2\/posts\/12532\/revisions"}],"predecessor-version":[{"id":12539,"href":"https:\/\/www.correiobraziliense.com.br\/aqui\/wp-json\/wp\/v2\/posts\/12532\/revisions\/12539"}],"wp:featuredmedia":[{"embeddable":true,"href":"https:\/\/www.correiobraziliense.com.br\/aqui\/wp-json\/wp\/v2\/media\/12533"}],"wp:attachment":[{"href":"https:\/\/www.correiobraziliense.com.br\/aqui\/wp-json\/wp\/v2\/media?parent=12532"}],"wp:term":[{"taxonomy":"category","embeddable":true,"href":"https:\/\/www.correiobraziliense.com.br\/aqui\/wp-json\/wp\/v2\/categories?post=12532"},{"taxonomy":"post_tag","embeddable":true,"href":"https:\/\/www.correiobraziliense.com.br\/aqui\/wp-json\/wp\/v2\/tags?post=12532"}],"curies":[{"name":"wp","href":"https:\/\/api.w.org\/{rel}","templated":true}]}}