{"id":13017,"date":"2025-10-30T08:39:00","date_gmt":"2025-10-30T11:39:00","guid":{"rendered":"https:\/\/www.correiobraziliense.com.br\/aqui\/?p=13017"},"modified":"2025-10-30T08:32:11","modified_gmt":"2025-10-30T11:32:11","slug":"como-pais-estao-quebrando-o-tabu-e-preparando-filhas-para-a-primeira-menstruacao","status":"publish","type":"post","link":"https:\/\/www.correiobraziliense.com.br\/aqui\/2025\/10\/30\/como-pais-estao-quebrando-o-tabu-e-preparando-filhas-para-a-primeira-menstruacao\/","title":{"rendered":"Como pais est\u00e3o quebrando o tabu e preparando filhas para a primeira menstrua\u00e7\u00e3o"},"content":{"rendered":"\n<hr class=\"wp-block-separator has-alpha-channel-opacity\"\/>\n\n\n\n<p>Conversar sobre menstrua\u00e7\u00e3o ainda representa um desafio em muitos lares, especialmente quando pais dialogam com filhas. No entanto, essa cena tem mudado nos \u00faltimos anos, impulsionada por uma necessidade crescente de mais naturalidade e menos constrangimento ao tratar dos ciclos menstruais dentro das fam\u00edlias. Felizmente, essa abertura para discutir menstrua\u00e7\u00e3o n\u00e3o se limita \u00e0s m\u00e3es: hoje, os pais tamb\u00e9m participam ativamente do di\u00e1logo. Essa atitude fortalece v\u00ednculos familiares e prepara jovens para lidar melhor com as transforma\u00e7\u00f5es do corpo.<\/p>\n\n\n\n<p>Muitos pais atualmente assumem postura ativa diante do tema. Eles guiam as filhas desde os primeiros sinais da menarca, ajudam na escolha de produtos de higiene e compartilham informa\u00e7\u00f5es essenciais sobre cuidados e sa\u00fade. Ao fazer isso, pais rompem tabus antigos que antes limitavam o di\u00e1logo ao universo feminino. Dessa forma, contribuem para criar um ambiente mais inclusivo e de apoio m\u00fatuo. Como resultado, em 2025, essa realidade continua a se expandir em diversos contextos sociais. Portanto, fam\u00edlias que mant\u00eam o di\u00e1logo aberto e cont\u00ednuo utilizam uma poderosa ferramenta de transforma\u00e7\u00e3o social.<\/p>\n\n\n\n<h2 class=\"wp-block-heading\">Por que falar abertamente sobre menstrua\u00e7\u00e3o \u00e9 importante?<\/h2>\n\n\n\n<p>A palavra-chave fundamental neste tema \u00e9\u00a0<strong>menstrua\u00e7\u00e3o<\/strong>, conceito que vai al\u00e9m da experi\u00eancia f\u00edsica: <a href=\"https:\/\/www.correiobraziliense.com.br\/aqui\/2025\/10\/29\/psicoterapia-para-ansiedade-confira-as-opcoes-mais-eficazes\/\">envolve sa\u00fade, autoconhecimento<\/a> <a href=\"https:\/\/www.correiobraziliense.com.br\/aqui\/2025\/10\/29\/psicoterapia-para-ansiedade-confira-as-opcoes-mais-eficazes\/\">e prepara\u00e7\u00e3o para diferentes fases da vida. <\/a>Quando pais e respons\u00e1veis esclarecem o assunto, as jovens sentem maior seguran\u00e7a diante das mudan\u00e7as no pr\u00f3prio corpo. Com isso, elas compreendem melhor o que acontece com o organismo e conseguem tomar decis\u00f5es informadas sobre sua sa\u00fade \u00edntima. Da mesma forma, esse di\u00e1logo constante previne a propaga\u00e7\u00e3o de informa\u00e7\u00f5es erradas ou mitos em torno do ciclo menstrual, al\u00e9m de incentivar respeito pelo corpo e bem-estar geral.<\/p>\n\n\n\n<p>Quando a conversa n\u00e3o ocorre, as inseguran\u00e7as aumentam e os mitos persistem. Al\u00e9m disso, uma abordagem transparente contribui para normalizar o cotidiano das meninas, tornando as situa\u00e7\u00f5es relacionadas \u00e0 menstrua\u00e7\u00e3o naturais em casa, na escola e em outros ambientes. Por isso, escolher os termos apropriados, respeitar o ritmo da crian\u00e7a e fornecer informa\u00e7\u00f5es adequadas \u00e0 idade s\u00e3o pr\u00e1ticas fundamentais. Em suma, tratar o tema com naturalidade gera experi\u00eancias mais positivas e saud\u00e1veis para as jovens.<\/p>\n\n\n\n<h2 class=\"wp-block-heading\">Como os pais podem apoiar suas filhas durante a menstrua\u00e7\u00e3o?<\/h2>\n\n\n\n<p>Pais desempenham papel fundamental ao acompanhar desde a conversa inicial at\u00e9 o suporte di\u00e1rio durante o per\u00edodo menstrual. Diversas atitudes fazem diferen\u00e7a significativa: oferecer diferentes tipos de absorventes ou coletores, explicar sobre c\u00f3licas e valorizar o di\u00e1logo constante. Ao entender que o ciclo menstrual envolve desconfortos f\u00edsicos e emocionais, pais demonstram empatia e facilitam a adapta\u00e7\u00e3o das filhas \u00e0s mudan\u00e7as do corpo. Dessa forma, o acolhimento familiar se torna efetivo.<\/p>\n\n\n\n<ul class=\"wp-block-list\">\n<li><strong>Prepara\u00e7\u00e3o antecipada:<\/strong>\u00a0Conversar sobre o ciclo menstrual antes da primeira menstrua\u00e7\u00e3o reduz medos e d\u00favidas.<\/li>\n\n\n\n<li><strong>Ambiente sem julgamentos:<\/strong>\u00a0Demonstrar abertura para ouvir e responder perguntas contribui diretamente para o bem-estar da filha.<\/li>\n\n\n\n<li><strong>Informa\u00e7\u00e3o correta:<\/strong>\u00a0Utilizar livros, conte\u00fado educativo e buscar orienta\u00e7\u00e3o de profissionais de sa\u00fade aumenta a confiabilidade nas informa\u00e7\u00f5es transmitidas.<\/li>\n\n\n\n<li><strong>Exemplo pr\u00e1tico:<\/strong>\u00a0Apresentar produtos de higiene e mostrar seu uso facilita o primeiro contato da jovem com absorventes, calcinhas absorventes ou coletores.<\/li>\n<\/ul>\n\n\n\n<p>Em situa\u00e7\u00f5es espec\u00edficas, buscar suporte psicol\u00f3gico ou aconselhamento m\u00e9dico se torna importante, principalmente quando adolescentes apresentam ansiedade ou desconfortos acentuados. Portanto, criar e manter um espa\u00e7o seguro e aberto para a conversa constr\u00f3i a confian\u00e7a e protege a sa\u00fade das jovens.<\/p>\n\n\n\n<h2 class=\"wp-block-heading\">Como pais podem driblar o preconceito sobre menstrua\u00e7\u00e3o?<\/h2>\n\n\n\n<p>Quais estrat\u00e9gias ajudam a combater o estigma da menstrua\u00e7\u00e3o entre pais e filhos? Superar barreiras culturais ou sociais torna-se uma das tarefas mais relevantes no enfrentamento do preconceito associado ao tema. Ao utilizar campanhas de conscientiza\u00e7\u00e3o, como kits e materiais educativos espec\u00edficos para pais, as fam\u00edlias reduzem tabus e democratizam o acesso \u00e0 informa\u00e7\u00e3o.<\/p>\n\n\n\n<ol class=\"wp-block-list\">\n<li><strong>Di\u00e1logo recorrente:<\/strong>\u00a0Conversas frequentes ajudam a naturalizar o tema, evitando que menstrua\u00e7\u00e3o se torne um assunto tabu ou um \u201cgrande evento\u201d.<\/li>\n\n\n\n<li><strong>Inclus\u00e3o dos meninos:<\/strong>\u00a0Quando os filhos, independentemente do g\u00eanero, tamb\u00e9m recebem informa\u00e7\u00f5es, desenvolvem respeito e empatia pela sa\u00fade menstrual de colegas e familiares.<\/li>\n\n\n\n<li><strong>Quebra do sil\u00eancio:<\/strong>\u00a0As fam\u00edlias n\u00e3o devem esperar que apenas a escola seja fonte de orienta\u00e7\u00e3o. Criar um canal aberto em casa fortalece o processo.<\/li>\n\n\n\n<li><strong>Educa\u00e7\u00e3o pelo exemplo:<\/strong>\u00a0Pais que falam sobre o tema sem constrangimento mostram na pr\u00e1tica que n\u00e3o h\u00e1 motivo para vergonha. Assim, promovem rela\u00e7\u00f5es saud\u00e1veis com o corpo.<\/li>\n<\/ol>\n\n\n\n<p>Al\u00e9m disso, vale ressaltar que mudan\u00e7as culturais precisam de esfor\u00e7o coletivo: fam\u00edlias, escolas, profissionais de sa\u00fade e m\u00eddia devem atuar em conjunto. Dessa maneira, a comunica\u00e7\u00e3o aberta, portanto, contribui para uma viv\u00eancia mais positiva da menstrua\u00e7\u00e3o em todos os ambientes frequentados pelas jovens.<\/p>\n\n\n\n<h2 class=\"wp-block-heading\">Reflexos na fam\u00edlia e sociedade<\/h2>\n\n\n\n<p>Quando o ambiente familiar se torna aberto ao di\u00e1logo, o impacto reflete-se em diversos espa\u00e7os, inclusive no trabalho e na escola. Profissionais informados criam um ambiente mais acolhedor para quem menstrua, refor\u00e7ando a import\u00e2ncia do respeito e da equidade. Al\u00e9m disso, quando as fam\u00edlias naturalizam o tema, contribuem com uma sociedade mais justa, onde assuntos da sa\u00fade feminina s\u00e3o tratados com cuidado e seriedade, sem sil\u00eancio ou preconceito.<\/p>\n\n\n\n<p>Atitudes como essas demonstram que falar sobre menstrua\u00e7\u00e3o efetivamente apoia o bem-estar integral das jovens, promovendo ambientes mais emp\u00e1ticos e preparados. Ao romper o sil\u00eancio e incentivar o di\u00e1logo franco, pais ajudam as filhas a avan\u00e7arem com confian\u00e7a rumo \u00e0 autonomia sobre o pr\u00f3prio corpo.<\/p>\n\n\n\n<p>Portanto, ao investir em educa\u00e7\u00e3o menstrual dentro das fam\u00edlias, todos ganham: a sociedade se torna menos estigmatizadora e a experi\u00eancia da menstrua\u00e7\u00e3o deixa de ser solit\u00e1ria. Em s\u00edntese, conversas saud\u00e1veis geram gera\u00e7\u00f5es mais informadas, respeitosas e preparadas para lidar com os desafios da sa\u00fade feminina.<\/p>\n\n\n\n<h2 class=\"wp-block-heading\">Perguntas Frequentes (FAQ) sobre menstrua\u00e7\u00e3o e o papel dos pais<\/h2>\n\n\n\n<ul class=\"wp-block-list\">\n<li><strong>Existe idade certa para iniciar o di\u00e1logo sobre menstrua\u00e7\u00e3o?<\/strong><br>N\u00e3o existe idade exata, mas abordar o tema antes dos primeiros sinais da puberdade prepara melhor a jovem para as mudan\u00e7as do corpo.<\/li>\n\n\n\n<li><strong>Meninos tamb\u00e9m devem ser inclu\u00eddos nessas conversas?<\/strong><br>Sim, quando meninos participam dessas conversas, eles desenvolvem empatia, respeito e compreens\u00e3o acerca do ciclo menstrual, al\u00e9m de contribuir para desconstruir preconceitos.<\/li>\n\n\n\n<li><strong>\u00c9 necess\u00e1rio buscar apoio profissional para lidar com temas sens\u00edveis?<\/strong><br>Para d\u00favidas espec\u00edficas ou dificuldades emocionais associadas ao ciclo menstrual, o acompanhamento de profissionais da sa\u00fade ou psic\u00f3logos pode ser extremamente \u00fatil.<\/li>\n\n\n\n<li><strong>Como abordar temas como TPM e dores menstruais?<\/strong><br>O recomendado \u00e9 agir com clareza e acolhimento, explicando que dores ou irritabilidade s\u00e3o comuns e oferecendo tanto suporte emocional quanto pr\u00e1tico, assim as jovens se sentem mais compreendidas.<\/li>\n\n\n\n<li><strong>O que fazer se a filha sentir vergonha ou desconforto para conversar?<\/strong><br>O ideal \u00e9 respeitar o tempo da jovem, refor\u00e7ar que o corpo humano \u00e9 natural, manter-se dispon\u00edvel e, se necess\u00e1rio, recorrer a materiais educativos para abordar o tema de maneira leve.<\/li>\n\n\n\n<li><strong>Como pais separados podem manter o di\u00e1logo sobre menstrua\u00e7\u00e3o?<\/strong><br>Ambos devem se alinhar na comunica\u00e7\u00e3o e participar das orienta\u00e7\u00f5es para que a jovem nunca se sinta desassistida, fortalecendo assim o acolhimento m\u00fatuo.<\/li>\n<\/ul>\n","protected":false},"excerpt":{"rendered":"<p>Pais falando sobre menstrua\u00e7\u00e3o: entenda como o di\u00e1logo aberto quebra tabus, fortalece o apoio \u00e0s filhas e contribui para rela\u00e7\u00f5es saud\u00e1veis.<\/p>\n","protected":false},"author":10,"featured_media":13018,"comment_status":"open","ping_status":"open","sticky":false,"template":"","format":"standard","meta":{"jnews-multi-image_gallery":[],"jnews_single_post":{"format":"standard"},"jnews_primary_category":[],"jnews_social_meta":[],"jnews_override_counter":[],"footnotes":""},"categories":[260],"tags":[650,140,141],"class_list":["post-13017","post","type-post","status-publish","format-standard","has-post-thumbnail","hentry","category-sociedade","tag-adolescentes","tag-bem-estar","tag-saude"],"yoast_head":"<!-- This site is optimized with the Yoast SEO plugin v25.1 - https:\/\/yoast.com\/wordpress\/plugins\/seo\/ -->\n<title>Como pais est\u00e3o quebrando o tabu e preparando filhas para a primeira menstrua\u00e7\u00e3o - Correio Braziliense - Aqui<\/title>\n<meta name=\"description\" content=\"Pais falando sobre menstrua\u00e7\u00e3o: entenda como o di\u00e1logo aberto quebra tabus, fortalece o apoio \u00e0s filhas e contribui para rela\u00e7\u00f5es saud\u00e1veis.\" \/>\n<meta name=\"robots\" content=\"index, follow, max-snippet:-1, max-image-preview:large, max-video-preview:-1\" \/>\n<link rel=\"canonical\" href=\"https:\/\/www.correiobraziliense.com.br\/aqui\/2025\/10\/30\/como-pais-estao-quebrando-o-tabu-e-preparando-filhas-para-a-primeira-menstruacao\/\" \/>\n<meta property=\"og:locale\" content=\"pt_BR\" \/>\n<meta property=\"og:type\" content=\"article\" \/>\n<meta property=\"og:title\" content=\"Como pais est\u00e3o quebrando o tabu e preparando filhas para a primeira menstrua\u00e7\u00e3o - Correio Braziliense - Aqui\" \/>\n<meta property=\"og:description\" content=\"Pais falando sobre menstrua\u00e7\u00e3o: entenda como o di\u00e1logo aberto quebra tabus, fortalece o apoio \u00e0s filhas e contribui para rela\u00e7\u00f5es saud\u00e1veis.\" \/>\n<meta property=\"og:url\" content=\"https:\/\/www.correiobraziliense.com.br\/aqui\/2025\/10\/30\/como-pais-estao-quebrando-o-tabu-e-preparando-filhas-para-a-primeira-menstruacao\/\" \/>\n<meta property=\"og:site_name\" content=\"Correio Braziliense - Aqui\" \/>\n<meta property=\"article:published_time\" content=\"2025-10-30T11:39:00+00:00\" \/>\n<meta property=\"og:image\" content=\"https:\/\/www.correiobraziliense.com.br\/aqui\/wp-content\/uploads\/2025\/10\/httpsneuralmyth.comstaticcacheb56c8905-1924-4c28-99fd-dc3b8b05fe17.jpeg\" \/>\n\t<meta property=\"og:image:width\" content=\"1280\" \/>\n\t<meta property=\"og:image:height\" content=\"720\" \/>\n\t<meta property=\"og:image:type\" content=\"image\/jpeg\" \/>\n<meta name=\"author\" content=\"Larissa\" \/>\n<meta name=\"twitter:card\" content=\"summary_large_image\" \/>\n<meta name=\"twitter:label1\" content=\"Escrito por\" \/>\n\t<meta name=\"twitter:data1\" content=\"Larissa\" \/>\n\t<meta name=\"twitter:label2\" content=\"Est. tempo de leitura\" \/>\n\t<meta name=\"twitter:data2\" content=\"7 minutos\" \/>\n<!-- \/ Yoast SEO plugin. -->","yoast_head_json":{"title":"Como pais est\u00e3o quebrando o tabu e preparando filhas para a primeira menstrua\u00e7\u00e3o - Correio Braziliense - Aqui","description":"Pais falando sobre menstrua\u00e7\u00e3o: entenda como o di\u00e1logo aberto quebra tabus, fortalece o apoio \u00e0s filhas e contribui para rela\u00e7\u00f5es saud\u00e1veis.","robots":{"index":"index","follow":"follow","max-snippet":"max-snippet:-1","max-image-preview":"max-image-preview:large","max-video-preview":"max-video-preview:-1"},"canonical":"https:\/\/www.correiobraziliense.com.br\/aqui\/2025\/10\/30\/como-pais-estao-quebrando-o-tabu-e-preparando-filhas-para-a-primeira-menstruacao\/","og_locale":"pt_BR","og_type":"article","og_title":"Como pais est\u00e3o quebrando o tabu e preparando filhas para a primeira menstrua\u00e7\u00e3o - Correio Braziliense - Aqui","og_description":"Pais falando sobre menstrua\u00e7\u00e3o: entenda como o di\u00e1logo aberto quebra tabus, fortalece o apoio \u00e0s filhas e contribui para rela\u00e7\u00f5es saud\u00e1veis.","og_url":"https:\/\/www.correiobraziliense.com.br\/aqui\/2025\/10\/30\/como-pais-estao-quebrando-o-tabu-e-preparando-filhas-para-a-primeira-menstruacao\/","og_site_name":"Correio Braziliense - Aqui","article_published_time":"2025-10-30T11:39:00+00:00","og_image":[{"width":1280,"height":720,"url":"https:\/\/www.correiobraziliense.com.br\/aqui\/wp-content\/uploads\/2025\/10\/httpsneuralmyth.comstaticcacheb56c8905-1924-4c28-99fd-dc3b8b05fe17.jpeg","type":"image\/jpeg"}],"author":"Larissa","twitter_card":"summary_large_image","twitter_misc":{"Escrito por":"Larissa","Est. tempo de leitura":"7 minutos"},"schema":{"@context":"https:\/\/schema.org","@graph":[{"@type":"WebPage","@id":"https:\/\/www.correiobraziliense.com.br\/aqui\/2025\/10\/30\/como-pais-estao-quebrando-o-tabu-e-preparando-filhas-para-a-primeira-menstruacao\/","url":"https:\/\/www.correiobraziliense.com.br\/aqui\/2025\/10\/30\/como-pais-estao-quebrando-o-tabu-e-preparando-filhas-para-a-primeira-menstruacao\/","name":"Como pais est\u00e3o quebrando o tabu e preparando filhas para a primeira menstrua\u00e7\u00e3o - Correio Braziliense - Aqui","isPartOf":{"@id":"https:\/\/www.correiobraziliense.com.br\/aqui\/#website"},"primaryImageOfPage":{"@id":"https:\/\/www.correiobraziliense.com.br\/aqui\/2025\/10\/30\/como-pais-estao-quebrando-o-tabu-e-preparando-filhas-para-a-primeira-menstruacao\/#primaryimage"},"image":{"@id":"https:\/\/www.correiobraziliense.com.br\/aqui\/2025\/10\/30\/como-pais-estao-quebrando-o-tabu-e-preparando-filhas-para-a-primeira-menstruacao\/#primaryimage"},"thumbnailUrl":"https:\/\/www.correiobraziliense.com.br\/aqui\/wp-content\/uploads\/2025\/10\/httpsneuralmyth.comstaticcacheb56c8905-1924-4c28-99fd-dc3b8b05fe17.jpeg","datePublished":"2025-10-30T11:39:00+00:00","author":{"@id":"https:\/\/www.correiobraziliense.com.br\/aqui\/#\/schema\/person\/775f50a8c1ac31704d56816e99b29041"},"description":"Pais falando sobre menstrua\u00e7\u00e3o: entenda como o di\u00e1logo aberto quebra tabus, fortalece o apoio \u00e0s filhas e contribui para rela\u00e7\u00f5es saud\u00e1veis.","breadcrumb":{"@id":"https:\/\/www.correiobraziliense.com.br\/aqui\/2025\/10\/30\/como-pais-estao-quebrando-o-tabu-e-preparando-filhas-para-a-primeira-menstruacao\/#breadcrumb"},"inLanguage":"pt-BR","potentialAction":[{"@type":"ReadAction","target":["https:\/\/www.correiobraziliense.com.br\/aqui\/2025\/10\/30\/como-pais-estao-quebrando-o-tabu-e-preparando-filhas-para-a-primeira-menstruacao\/"]}]},{"@type":"ImageObject","inLanguage":"pt-BR","@id":"https:\/\/www.correiobraziliense.com.br\/aqui\/2025\/10\/30\/como-pais-estao-quebrando-o-tabu-e-preparando-filhas-para-a-primeira-menstruacao\/#primaryimage","url":"https:\/\/www.correiobraziliense.com.br\/aqui\/wp-content\/uploads\/2025\/10\/httpsneuralmyth.comstaticcacheb56c8905-1924-4c28-99fd-dc3b8b05fe17.jpeg","contentUrl":"https:\/\/www.correiobraziliense.com.br\/aqui\/wp-content\/uploads\/2025\/10\/httpsneuralmyth.comstaticcacheb56c8905-1924-4c28-99fd-dc3b8b05fe17.jpeg","width":1280,"height":720,"caption":"Cr\u00e9ditos: depositphotos.com \/ AlexNazaruk"},{"@type":"BreadcrumbList","@id":"https:\/\/www.correiobraziliense.com.br\/aqui\/2025\/10\/30\/como-pais-estao-quebrando-o-tabu-e-preparando-filhas-para-a-primeira-menstruacao\/#breadcrumb","itemListElement":[{"@type":"ListItem","position":1,"name":"In\u00edcio","item":"https:\/\/www.correiobraziliense.com.br\/aqui\/"},{"@type":"ListItem","position":2,"name":"Como pais est\u00e3o quebrando o tabu e preparando filhas para a primeira menstrua\u00e7\u00e3o"}]},{"@type":"WebSite","@id":"https:\/\/www.correiobraziliense.com.br\/aqui\/#website","url":"https:\/\/www.correiobraziliense.com.br\/aqui\/","name":"Correio Braziliense - Aqui","description":"O Correio Braziliense (CB) \u00e9 o mais importante canal de not\u00edcias de Bras\u00edlia. Aqui voc\u00ea encontra as \u00faltimas not\u00edcias do DF, do Brasil e do mundo.","potentialAction":[{"@type":"SearchAction","target":{"@type":"EntryPoint","urlTemplate":"https:\/\/www.correiobraziliense.com.br\/aqui\/?s={search_term_string}"},"query-input":{"@type":"PropertyValueSpecification","valueRequired":true,"valueName":"search_term_string"}}],"inLanguage":"pt-BR"},{"@type":"Person","@id":"https:\/\/www.correiobraziliense.com.br\/aqui\/#\/schema\/person\/775f50a8c1ac31704d56816e99b29041","name":"Larissa","image":{"@type":"ImageObject","inLanguage":"pt-BR","@id":"https:\/\/www.correiobraziliense.com.br\/aqui\/#\/schema\/person\/image\/","url":"https:\/\/secure.gravatar.com\/avatar\/62f5b2e99de671d075ab98e19f03c3c38c80a93f5d06f51075cf4431a4e76458?s=96&d=mm&r=g","contentUrl":"https:\/\/secure.gravatar.com\/avatar\/62f5b2e99de671d075ab98e19f03c3c38c80a93f5d06f51075cf4431a4e76458?s=96&d=mm&r=g","caption":"Larissa"},"url":"https:\/\/www.correiobraziliense.com.br\/aqui\/author\/larissaaqui\/"}]}},"_links":{"self":[{"href":"https:\/\/www.correiobraziliense.com.br\/aqui\/wp-json\/wp\/v2\/posts\/13017","targetHints":{"allow":["GET"]}}],"collection":[{"href":"https:\/\/www.correiobraziliense.com.br\/aqui\/wp-json\/wp\/v2\/posts"}],"about":[{"href":"https:\/\/www.correiobraziliense.com.br\/aqui\/wp-json\/wp\/v2\/types\/post"}],"author":[{"embeddable":true,"href":"https:\/\/www.correiobraziliense.com.br\/aqui\/wp-json\/wp\/v2\/users\/10"}],"replies":[{"embeddable":true,"href":"https:\/\/www.correiobraziliense.com.br\/aqui\/wp-json\/wp\/v2\/comments?post=13017"}],"version-history":[{"count":3,"href":"https:\/\/www.correiobraziliense.com.br\/aqui\/wp-json\/wp\/v2\/posts\/13017\/revisions"}],"predecessor-version":[{"id":13023,"href":"https:\/\/www.correiobraziliense.com.br\/aqui\/wp-json\/wp\/v2\/posts\/13017\/revisions\/13023"}],"wp:featuredmedia":[{"embeddable":true,"href":"https:\/\/www.correiobraziliense.com.br\/aqui\/wp-json\/wp\/v2\/media\/13018"}],"wp:attachment":[{"href":"https:\/\/www.correiobraziliense.com.br\/aqui\/wp-json\/wp\/v2\/media?parent=13017"}],"wp:term":[{"taxonomy":"category","embeddable":true,"href":"https:\/\/www.correiobraziliense.com.br\/aqui\/wp-json\/wp\/v2\/categories?post=13017"},{"taxonomy":"post_tag","embeddable":true,"href":"https:\/\/www.correiobraziliense.com.br\/aqui\/wp-json\/wp\/v2\/tags?post=13017"}],"curies":[{"name":"wp","href":"https:\/\/api.w.org\/{rel}","templated":true}]}}