{"id":14174,"date":"2025-11-10T18:31:03","date_gmt":"2025-11-10T21:31:03","guid":{"rendered":"https:\/\/www.correiobraziliense.com.br\/aqui\/?p=14174"},"modified":"2025-11-10T18:31:07","modified_gmt":"2025-11-10T21:31:07","slug":"barata-e-acessivel-saiba-como-a-moela-pode-transformar-seu-corpo-na-academia","status":"publish","type":"post","link":"https:\/\/www.correiobraziliense.com.br\/aqui\/2025\/11\/10\/barata-e-acessivel-saiba-como-a-moela-pode-transformar-seu-corpo-na-academia\/","title":{"rendered":"Barata e acess\u00edvel: saiba como a moela pode transformar seu corpo na academia"},"content":{"rendered":"\n<p>A alimenta\u00e7\u00e3o desempenha um papel central no desenvolvimento muscular para quem busca evoluir na academia. Entre os alimentos proteicos de origem animal, a moela de frango tem chamado aten\u00e7\u00e3o por seu valor nutritivo aliado ao baixo custo, tornando-se uma alternativa interessante para integrar a rotina alimentar de quem deseja maximizar ganhos de massa muscular. Al\u00e9m disso, atualmente cresce a procura por cortes menos tradicionais pela praticidade de preparo e pela riqueza em nutrientes, colocando a moela em destaque nas dietas voltadas para hipertrofia muscular.<\/p>\n\n\n\n<p>Esse corte, tradicionalmente valorizado na culin\u00e1ria brasileira, destaca-se por ser econ\u00f4mico e vers\u00e1til, permitindo in\u00fameras formas de preparo. Incorporar a moela de frango na dieta pode representar uma vantagem tanto do ponto de vista financeiro quanto nutricional, sobretudo para praticantes de muscula\u00e7\u00e3o que priorizam a efici\u00eancia alimentar sem abrir m\u00e3o da qualidade. Portanto, torna-se uma aliada n\u00e3o apenas pela economia, mas tamb\u00e9m pela variedade de receitas e praticidade no dia a dia.<\/p>\n\n\n\n<h2 class=\"wp-block-heading\">Por que a moela de frango \u00e9 uma boa escolha para quem treina?<\/h2>\n\n\n\n<p>Consumir fontes de prote\u00edna acess\u00edveis \u00e9 fundamental para quem realiza exerc\u00edcios de for\u00e7a e busca a hipertrofia. A moela de frango se destaca nesse contexto devido ao seu teor significativo de prote\u00ednas, elemento essencial para a constru\u00e7\u00e3o das fibras musculares. Al\u00e9m disso, trata-se de uma op\u00e7\u00e3o magra, com baixos \u00edndices de gordura, caracter\u00edstica importante para quem deseja ganhar massa muscular de forma saud\u00e1vel. Em suma, o alimento alia efici\u00eancia proteica com baixo aporte cal\u00f3rico, facilitando a composi\u00e7\u00e3o corporal.<\/p>\n\n\n\n<p>A prote\u00edna animal presente na moela apresenta alto valor biol\u00f3gico, ou seja, cont\u00e9m todos os amino\u00e1cidos essenciais, especialmente a leucina, que tem papel fundamental nos processos de recupera\u00e7\u00e3o e crescimento muscular. Incluir esse alimento nas refei\u00e7\u00f5es pode facilitar o alcance da quantidade di\u00e1ria recomendada de prote\u00ednas sem comprometer o or\u00e7amento. Portanto, inserir a moela na rotina alimentar contribui tanto para a recupera\u00e7\u00e3o p\u00f3s-treino quanto para a s\u00edntese de novos tecidos musculares.<\/p>\n\n\n\n<h2 class=\"wp-block-heading\">Como a moela pode ser inserida no card\u00e1pio para potencializar resultados?<\/h2>\n\n\n\n<p>A praticidade \u00e9 um dos principais atrativos da moela de frango na alimenta\u00e7\u00e3o di\u00e1ria. Ela pode ser preparada de diferentes maneiras e combinada com outros alimentos ben\u00e9ficos para quem treina, como legumes e arroz integral. O preparo pode variar entre cozidos, guisados ou at\u00e9 mesmo grelhados, proporcionando variedade ao paladar sem perder o foco na nutri\u00e7\u00e3o.<\/p>\n\n\n\n<ul class=\"wp-block-list\">\n<li><strong>Refogada com temperos naturais:<\/strong> essa forma preserva o sabor e pode ser uma alternativa para incluir em marmitas fit.<\/li>\n\n\n\n<li><strong>Na press\u00e3o, para amaciar:<\/strong> cozinhar na panela de press\u00e3o reduz o tempo de preparo e deixa a carne mais macia, pronta para ser misturada com outros ingredientes.<\/li>\n\n\n\n<li><strong>Como recheio:<\/strong> pode ser desfiada e utilizada em tapiocas, panquecas ou at\u00e9 mesmo sandu\u00edches proteicos.<\/li>\n<\/ul>\n\n\n\n<p>Ao diversificar o consumo de prote\u00edna com moela, o atleta pode garantir um aporte nutricional adequado de forma econ\u00f4mica, facilitando o planejamento alimentar a longo prazo. Portanto, \u00e9 poss\u00edvel personalizar a dieta conforme as prefer\u00eancias individuais sem perder o foco nos resultados.<\/p>\n\n\n\n<h2 class=\"wp-block-heading\">Quais os benef\u00edcios nutricionais da moela de frango no contexto do ganho de massa muscular?<\/h2>\n\n\n\n<p>Al\u00e9m da quantidade significativa de prote\u00edna, a moela de frango oferece micronutrientes relevantes para o metabolismo muscular. Entre eles, destacam-se o ferro, importante para o transporte de oxig\u00eanio durante os treinos, e o zinco, essencial para o sistema imunol\u00f3gico e funcionamento hormonal. Em suma, esses nutrientes favorecem tanto a performance f\u00edsica quanto a recupera\u00e7\u00e3o muscular.<\/p>\n\n\n\n<ol class=\"wp-block-list\">\n<li><strong>Rica em vitamina B12:<\/strong> fundamental para a produ\u00e7\u00e3o de energia e forma\u00e7\u00e3o de c\u00e9lulas sangu\u00edneas.<\/li>\n\n\n\n<li><strong>Boa fonte de ferro:<\/strong> ajuda a prevenir anemia e melhora o desempenho f\u00edsico.<\/li>\n\n\n\n<li><strong>Baixo custo:<\/strong> se comparada a outras carnes, possibilita diversificar o card\u00e1pio mesmo com or\u00e7amento apertado.<\/li>\n\n\n\n<li><strong>Alta densidade proteica:<\/strong> oferece boas quantidades de prote\u00edna para cada por\u00e7\u00e3o consumida, facilitando a adequa\u00e7\u00e3o da dieta ao objetivo de hipertrofia.<\/li>\n<\/ol>\n\n\n\n<p>Essas caracter\u00edsticas fazem da moela de frango uma escolha estrat\u00e9gica para promover o crescimento muscular de forma acess\u00edvel, pr\u00e1tica e nutritiva. Essa alternativa pode ser fundamental para quem treina com intensidade e n\u00e3o abre m\u00e3o do equil\u00edbrio entre qualidade e economia na alimenta\u00e7\u00e3o. Portanto, \u00e9 poss\u00edvel investir na sa\u00fade muscular sem aumentar os gastos.<\/p>\n\n\n\n<h2 class=\"wp-block-heading\">Perguntas Frequentes (FAQ) sobre Moela de Frango e Ganho de Massa Muscular<\/h2>\n\n\n\n<ul class=\"wp-block-list\">\n<li><strong>A moela de frango cont\u00e9m colesterol?<\/strong><br><br>    Sim, como outros cortes de origem animal, a moela de frango possui colesterol. Entretanto, quando consumida com modera\u00e7\u00e3o dentro de uma dieta equilibrada e associada a bons h\u00e1bitos de vida, geralmente n\u00e3o representa risco para a sa\u00fade.<\/li>\n\n\n\n<li><strong>Moela de frango pode substituir peito de frango?<\/strong><br><br>    Em suma, a moela \u00e9 uma excelente alternativa, entregando prote\u00edna de alto valor biol\u00f3gico e micronutrientes importantes. Entretanto, o peito de frango cont\u00e9m menos gordura e colesterol. Portanto, a diversifica\u00e7\u00e3o entre os cortes pode potencializar os benef\u00edcios nutricionais.<\/li>\n\n\n\n<li><strong>Como armazenar moela de frango corretamente?<\/strong><br><br>    Recomendamos manter a moela crua na geladeira por at\u00e9 dois dias, ou congelada por at\u00e9 tr\u00eas meses. Sempre descongele sob refrigera\u00e7\u00e3o para evitar contamina\u00e7\u00f5es.<\/li>\n\n\n\n<li><strong>A moela pode causar algum desconforto digestivo?<\/strong><br><br>    Pessoas sens\u00edveis a cortes mais fibrosos podem sentir algum desconforto, especialmente se a moela n\u00e3o for bem cozida. Ent\u00e3o, priorize o cozimento adequado para facilitar a digest\u00e3o.<\/li>\n\n\n\n<li><strong>Vegetarianos t\u00eam alguma alternativa similar \u00e0 moela de frango?<\/strong><br><br>    Sim, vegetarianos podem optar por fontes vegetais de alta densidade proteica, como gr\u00e3o-de-bico, lentilha e derivados de soja. Portanto, mesmo sem consumir carnes, \u00e9 poss\u00edvel atingir as recomenda\u00e7\u00f5es de prote\u00edna para ganho muscular.<\/li>\n<\/ul>\n","protected":false},"excerpt":{"rendered":"<p>A alimenta\u00e7\u00e3o desempenha um papel central no desenvolvimento muscular para quem busca evoluir na academia. Entre os alimentos proteicos de origem animal, a moela de frango tem chamado aten\u00e7\u00e3o por seu valor nutritivo aliado ao baixo custo, tornando-se uma alternativa interessante para integrar a rotina alimentar de quem deseja maximizar ganhos de massa muscular. Al\u00e9m [&hellip;]<\/p>\n","protected":false},"author":9,"featured_media":14176,"comment_status":"open","ping_status":"open","sticky":false,"template":"","format":"standard","meta":{"jnews-multi-image_gallery":[],"jnews_single_post":{"format":"standard"},"jnews_primary_category":[],"jnews_social_meta":[],"jnews_override_counter":[],"footnotes":""},"categories":[199],"tags":[4111,1562,5414,5415,1511],"class_list":["post-14174","post","type-post","status-publish","format-standard","has-post-thumbnail","hentry","category-bem-estar","tag-academia","tag-frango","tag-moela","tag-preco","tag-proteina"],"yoast_head":"<!-- This site is optimized with the Yoast SEO plugin v25.1 - https:\/\/yoast.com\/wordpress\/plugins\/seo\/ -->\n<title>Barata e acess\u00edvel: saiba como a moela pode transformar seu corpo na academia - Correio Braziliense - Aqui<\/title>\n<meta name=\"description\" content=\"Descubra como a moela de frango pode impulsionar seus ganhos musculares na academia: prote\u00edna animal barata, nutritiva e f\u00e1cil de incluir no seu card\u00e1pio!\" \/>\n<meta name=\"robots\" content=\"index, follow, max-snippet:-1, max-image-preview:large, max-video-preview:-1\" \/>\n<link rel=\"canonical\" href=\"https:\/\/www.correiobraziliense.com.br\/aqui\/2025\/11\/10\/barata-e-acessivel-saiba-como-a-moela-pode-transformar-seu-corpo-na-academia\/\" \/>\n<meta property=\"og:locale\" content=\"pt_BR\" \/>\n<meta property=\"og:type\" content=\"article\" \/>\n<meta property=\"og:title\" content=\"Barata e acess\u00edvel: saiba como a moela pode transformar seu corpo na academia - Correio Braziliense - Aqui\" \/>\n<meta property=\"og:description\" content=\"Descubra como a moela de frango pode impulsionar seus ganhos musculares na academia: prote\u00edna animal barata, nutritiva e f\u00e1cil de incluir no seu card\u00e1pio!\" \/>\n<meta property=\"og:url\" content=\"https:\/\/www.correiobraziliense.com.br\/aqui\/2025\/11\/10\/barata-e-acessivel-saiba-como-a-moela-pode-transformar-seu-corpo-na-academia\/\" \/>\n<meta property=\"og:site_name\" content=\"Correio Braziliense - Aqui\" \/>\n<meta property=\"article:published_time\" content=\"2025-11-10T21:31:03+00:00\" \/>\n<meta property=\"article:modified_time\" content=\"2025-11-10T21:31:07+00:00\" \/>\n<meta property=\"og:image\" content=\"https:\/\/www.correiobraziliense.com.br\/aqui\/wp-content\/uploads\/2025\/11\/moela_1762810223607.jpg\" \/>\n\t<meta property=\"og:image:width\" content=\"1280\" \/>\n\t<meta property=\"og:image:height\" content=\"720\" \/>\n\t<meta property=\"og:image:type\" content=\"image\/jpeg\" \/>\n<meta name=\"author\" content=\"Lucas\" \/>\n<meta name=\"twitter:card\" content=\"summary_large_image\" \/>\n<meta name=\"twitter:label1\" content=\"Escrito por\" \/>\n\t<meta name=\"twitter:data1\" content=\"Lucas\" \/>\n\t<meta name=\"twitter:label2\" content=\"Est. tempo de leitura\" \/>\n\t<meta name=\"twitter:data2\" content=\"6 minutos\" \/>\n<!-- \/ Yoast SEO plugin. -->","yoast_head_json":{"title":"Barata e acess\u00edvel: saiba como a moela pode transformar seu corpo na academia - Correio Braziliense - Aqui","description":"Descubra como a moela de frango pode impulsionar seus ganhos musculares na academia: prote\u00edna animal barata, nutritiva e f\u00e1cil de incluir no seu card\u00e1pio!","robots":{"index":"index","follow":"follow","max-snippet":"max-snippet:-1","max-image-preview":"max-image-preview:large","max-video-preview":"max-video-preview:-1"},"canonical":"https:\/\/www.correiobraziliense.com.br\/aqui\/2025\/11\/10\/barata-e-acessivel-saiba-como-a-moela-pode-transformar-seu-corpo-na-academia\/","og_locale":"pt_BR","og_type":"article","og_title":"Barata e acess\u00edvel: saiba como a moela pode transformar seu corpo na academia - Correio Braziliense - Aqui","og_description":"Descubra como a moela de frango pode impulsionar seus ganhos musculares na academia: prote\u00edna animal barata, nutritiva e f\u00e1cil de incluir no seu card\u00e1pio!","og_url":"https:\/\/www.correiobraziliense.com.br\/aqui\/2025\/11\/10\/barata-e-acessivel-saiba-como-a-moela-pode-transformar-seu-corpo-na-academia\/","og_site_name":"Correio Braziliense - Aqui","article_published_time":"2025-11-10T21:31:03+00:00","article_modified_time":"2025-11-10T21:31:07+00:00","og_image":[{"width":1280,"height":720,"url":"https:\/\/www.correiobraziliense.com.br\/aqui\/wp-content\/uploads\/2025\/11\/moela_1762810223607.jpg","type":"image\/jpeg"}],"author":"Lucas","twitter_card":"summary_large_image","twitter_misc":{"Escrito por":"Lucas","Est. tempo de leitura":"6 minutos"},"schema":{"@context":"https:\/\/schema.org","@graph":[{"@type":"WebPage","@id":"https:\/\/www.correiobraziliense.com.br\/aqui\/2025\/11\/10\/barata-e-acessivel-saiba-como-a-moela-pode-transformar-seu-corpo-na-academia\/","url":"https:\/\/www.correiobraziliense.com.br\/aqui\/2025\/11\/10\/barata-e-acessivel-saiba-como-a-moela-pode-transformar-seu-corpo-na-academia\/","name":"Barata e acess\u00edvel: saiba como a moela pode transformar seu corpo na academia - Correio Braziliense - Aqui","isPartOf":{"@id":"https:\/\/www.correiobraziliense.com.br\/aqui\/#website"},"primaryImageOfPage":{"@id":"https:\/\/www.correiobraziliense.com.br\/aqui\/2025\/11\/10\/barata-e-acessivel-saiba-como-a-moela-pode-transformar-seu-corpo-na-academia\/#primaryimage"},"image":{"@id":"https:\/\/www.correiobraziliense.com.br\/aqui\/2025\/11\/10\/barata-e-acessivel-saiba-como-a-moela-pode-transformar-seu-corpo-na-academia\/#primaryimage"},"thumbnailUrl":"https:\/\/www.correiobraziliense.com.br\/aqui\/wp-content\/uploads\/2025\/11\/moela_1762810223607.jpg","datePublished":"2025-11-10T21:31:03+00:00","dateModified":"2025-11-10T21:31:07+00:00","author":{"@id":"https:\/\/www.correiobraziliense.com.br\/aqui\/#\/schema\/person\/36d094a725ba56bbeb370a877862a002"},"description":"Descubra como a moela de frango pode impulsionar seus ganhos musculares na academia: prote\u00edna animal barata, nutritiva e f\u00e1cil de incluir no seu card\u00e1pio!","breadcrumb":{"@id":"https:\/\/www.correiobraziliense.com.br\/aqui\/2025\/11\/10\/barata-e-acessivel-saiba-como-a-moela-pode-transformar-seu-corpo-na-academia\/#breadcrumb"},"inLanguage":"pt-BR","potentialAction":[{"@type":"ReadAction","target":["https:\/\/www.correiobraziliense.com.br\/aqui\/2025\/11\/10\/barata-e-acessivel-saiba-como-a-moela-pode-transformar-seu-corpo-na-academia\/"]}]},{"@type":"ImageObject","inLanguage":"pt-BR","@id":"https:\/\/www.correiobraziliense.com.br\/aqui\/2025\/11\/10\/barata-e-acessivel-saiba-como-a-moela-pode-transformar-seu-corpo-na-academia\/#primaryimage","url":"https:\/\/www.correiobraziliense.com.br\/aqui\/wp-content\/uploads\/2025\/11\/moela_1762810223607.jpg","contentUrl":"https:\/\/www.correiobraziliense.com.br\/aqui\/wp-content\/uploads\/2025\/11\/moela_1762810223607.jpg","width":1280,"height":720,"caption":"Cr\u00e9ditos: depositphotos.com \/ AndreySt"},{"@type":"BreadcrumbList","@id":"https:\/\/www.correiobraziliense.com.br\/aqui\/2025\/11\/10\/barata-e-acessivel-saiba-como-a-moela-pode-transformar-seu-corpo-na-academia\/#breadcrumb","itemListElement":[{"@type":"ListItem","position":1,"name":"In\u00edcio","item":"https:\/\/www.correiobraziliense.com.br\/aqui\/"},{"@type":"ListItem","position":2,"name":"Barata e acess\u00edvel: saiba como a moela pode transformar seu corpo na academia"}]},{"@type":"WebSite","@id":"https:\/\/www.correiobraziliense.com.br\/aqui\/#website","url":"https:\/\/www.correiobraziliense.com.br\/aqui\/","name":"Correio Braziliense - Aqui","description":"O Correio Braziliense (CB) \u00e9 o mais importante canal de not\u00edcias de Bras\u00edlia. Aqui voc\u00ea encontra as \u00faltimas not\u00edcias do DF, do Brasil e do mundo.","potentialAction":[{"@type":"SearchAction","target":{"@type":"EntryPoint","urlTemplate":"https:\/\/www.correiobraziliense.com.br\/aqui\/?s={search_term_string}"},"query-input":{"@type":"PropertyValueSpecification","valueRequired":true,"valueName":"search_term_string"}}],"inLanguage":"pt-BR"},{"@type":"Person","@id":"https:\/\/www.correiobraziliense.com.br\/aqui\/#\/schema\/person\/36d094a725ba56bbeb370a877862a002","name":"Lucas","image":{"@type":"ImageObject","inLanguage":"pt-BR","@id":"https:\/\/www.correiobraziliense.com.br\/aqui\/#\/schema\/person\/image\/","url":"https:\/\/secure.gravatar.com\/avatar\/eb1dd4a751dca39c233b091fb7b8ce9ef1608850325ab98ff1fbe898fcef0908?s=96&d=mm&r=g","contentUrl":"https:\/\/secure.gravatar.com\/avatar\/eb1dd4a751dca39c233b091fb7b8ce9ef1608850325ab98ff1fbe898fcef0908?s=96&d=mm&r=g","caption":"Lucas"},"url":"https:\/\/www.correiobraziliense.com.br\/aqui\/author\/lucasaqui\/"}]}},"_links":{"self":[{"href":"https:\/\/www.correiobraziliense.com.br\/aqui\/wp-json\/wp\/v2\/posts\/14174","targetHints":{"allow":["GET"]}}],"collection":[{"href":"https:\/\/www.correiobraziliense.com.br\/aqui\/wp-json\/wp\/v2\/posts"}],"about":[{"href":"https:\/\/www.correiobraziliense.com.br\/aqui\/wp-json\/wp\/v2\/types\/post"}],"author":[{"embeddable":true,"href":"https:\/\/www.correiobraziliense.com.br\/aqui\/wp-json\/wp\/v2\/users\/9"}],"replies":[{"embeddable":true,"href":"https:\/\/www.correiobraziliense.com.br\/aqui\/wp-json\/wp\/v2\/comments?post=14174"}],"version-history":[{"count":1,"href":"https:\/\/www.correiobraziliense.com.br\/aqui\/wp-json\/wp\/v2\/posts\/14174\/revisions"}],"predecessor-version":[{"id":14177,"href":"https:\/\/www.correiobraziliense.com.br\/aqui\/wp-json\/wp\/v2\/posts\/14174\/revisions\/14177"}],"wp:featuredmedia":[{"embeddable":true,"href":"https:\/\/www.correiobraziliense.com.br\/aqui\/wp-json\/wp\/v2\/media\/14176"}],"wp:attachment":[{"href":"https:\/\/www.correiobraziliense.com.br\/aqui\/wp-json\/wp\/v2\/media?parent=14174"}],"wp:term":[{"taxonomy":"category","embeddable":true,"href":"https:\/\/www.correiobraziliense.com.br\/aqui\/wp-json\/wp\/v2\/categories?post=14174"},{"taxonomy":"post_tag","embeddable":true,"href":"https:\/\/www.correiobraziliense.com.br\/aqui\/wp-json\/wp\/v2\/tags?post=14174"}],"curies":[{"name":"wp","href":"https:\/\/api.w.org\/{rel}","templated":true}]}}