{"id":14182,"date":"2025-12-08T15:11:00","date_gmt":"2025-12-08T18:11:00","guid":{"rendered":"https:\/\/www.correiobraziliense.com.br\/aqui\/?p=14182"},"modified":"2025-11-11T17:18:54","modified_gmt":"2025-11-11T20:18:54","slug":"comecando-a-cozinhar-estes-9-temperos-vao-salvar-suas-receitas","status":"publish","type":"post","link":"https:\/\/www.correiobraziliense.com.br\/aqui\/2025\/12\/08\/comecando-a-cozinhar-estes-9-temperos-vao-salvar-suas-receitas\/","title":{"rendered":"Come\u00e7ando a cozinhar? Estes 9 temperos v\u00e3o salvar suas receitas"},"content":{"rendered":"\n<p>Na cozinha, o uso de temperos \u00e9 uma das estrat\u00e9gias mais eficazes para transformar pratos comuns em refei\u00e7\u00f5es repletas de sabor e aroma. Para quem est\u00e1 come\u00e7ando a se aventurar no universo culin\u00e1rio, d\u00favidas sobre quais condimentos escolher s\u00e3o frequentes. Entender a fun\u00e7\u00e3o de cada tempero b\u00e1sico ajuda a garantir refei\u00e7\u00f5es mais gostosas, al\u00e9m de abrir possibilidades para experimentar novas combina\u00e7\u00f5es.<\/p>\n\n\n\n<p>Temperos carregam n\u00e3o apenas sabores, mas tamb\u00e9m hist\u00f3rias e tradi\u00e7\u00f5es de diferentes regi\u00f5es do mundo. Durante s\u00e9culos, especiarias foram valorizadas n\u00e3o s\u00f3 pelo paladar, mas por seus aromas, propriedades e pela capacidade de real\u00e7ar diferentes ingredientes nos alimentos. Escolher os temperos certos \u00e9 o primeiro passo para conquistar confian\u00e7a ao cozinhar e obter resultados surpreendentes, mesmo em receitas simples.<\/p>\n\n\n\n<h2 class=\"wp-block-heading\">Quais temperos n\u00e3o podem faltar para iniciantes?<\/h2>\n\n\n\n<p>Para montar um kit b\u00e1sico de temperos, \u00e9 fundamental selecionar ingredientes vers\u00e1teis, que combinem com uma grande variedade de receitas do dia a dia. Entre os principais, destacam-se:<\/p>\n\n\n\n<ul class=\"wp-block-list\">\n<li><strong>Alho:<\/strong> Essencial em in\u00fameras prepara\u00e7\u00f5es, o alho, normalmente utilizado junto com o sal, acrescenta um sabor marcante a refogados, assados, sopas e carnes.<\/li>\n\n\n\n<li><strong>Pimenta-do-reino:<\/strong> Conhecida pelo aroma e pelo toque picante, a pimenta-do-reino vai bem em pratos salgados, como ovos, carnes e vegetais grelhados.<\/li>\n\n\n\n<li><strong>Sal:<\/strong> Base para real\u00e7ar o sabor dos alimentos. Usado sozinho ou em combina\u00e7\u00e3o, \u00e9 indispens\u00e1vel em qualquer cozinha.<\/li>\n\n\n\n<li><strong>Or\u00e9gano:<\/strong> Com aroma forte, o or\u00e9gano \u00e9 a escolha cl\u00e1ssica para temperar pizzas, massas e tamb\u00e9m real\u00e7ar molhos de tomate.<\/li>\n\n\n\n<li><strong>Cheiro-verde (salsinha e cebolinha):<\/strong> Mistura fresca e suave, o cheiro-verde complementa caldos, sopas, feij\u00e3o e diversas finaliza\u00e7\u00f5es.<\/li>\n\n\n\n<li><strong>Louro:<\/strong> Suas folhas liberam perfume e sabor intensos em caldos, feijoadas, ensopados e sopas.<\/li>\n\n\n\n<li><strong>P\u00e1prica:<\/strong> Dispon\u00edvel nas vers\u00f5es doce, defumada e picante, a p\u00e1prica enriquece o paladar de carnes, frangos ou vegetais assados.<\/li>\n\n\n\n<li><strong>Alecrim:<\/strong> De presen\u00e7a marcante, o alecrim est\u00e1 sempre presente em pratos com carnes vermelhas, frango e batatas assadas.<\/li>\n\n\n\n<li><strong>Canela:<\/strong> Muito usada em sobremesas, tamb\u00e9m aparece em bebidas quentes e at\u00e9 em preparos salgados da culin\u00e1ria \u00e1rabe.<\/li>\n<\/ul>\n\n\n\n<h2 class=\"wp-block-heading\">Como harmonizar os temperos b\u00e1sicos com diferentes pratos?<\/h2>\n\n\n\n<p>Aprender a combinar temperos \u00e9 uma habilidade adquirida com pr\u00e1tica e curiosidade. Algumas dicas contribuem para bons resultados:<\/p>\n\n\n\n<ol class=\"wp-block-list\">\n<li>Utilize <strong>alho<\/strong> como base para refogados de arroz, carnes, feij\u00e3o e ensopados.<\/li>\n\n\n\n<li>Aposte na <strong>pimenta-do-reino<\/strong> para dar um toque final em batatas, ovos mexidos e carnes grelhadas.<\/li>\n\n\n\n<li>Coloque folhas de <strong>louro<\/strong> durante o cozimento de legumes e sopas para aroma extra.<\/li>\n\n\n\n<li>Finalize massas e pizzas com uma pitada de <strong>or\u00e9gano<\/strong>.<\/li>\n\n\n\n<li>Salpique <strong>cheiro-verde<\/strong> fresco no final de sopas ou no feij\u00e3o j\u00e1 pronto.<\/li>\n\n\n\n<li>Experimente <strong>alecrim<\/strong> em batatas ou carne de porco para um sabor especial.<\/li>\n\n\n\n<li>Adicione <strong>p\u00e1prica<\/strong> para colorir e dar leve sabor defumado a caldos e carnes vermelhas.<\/li>\n\n\n\n<li>Use <strong>canela<\/strong> em sobremesas ou, com modera\u00e7\u00e3o, em cozidos de frango ao estilo oriental.<\/li>\n<\/ol>\n\n\n\n<h2 class=\"wp-block-heading\">Por que investir neles pode transformar a rotina na cozinha?<\/h2>\n\n\n\n<p>A escolha dos temperos adequados faz diferen\u00e7a nos resultados e amplia as possibilidades para quem deseja cozinhar com praticidade. Ter um conjunto b\u00e1sico sempre \u00e0 m\u00e3o facilita a prepara\u00e7\u00e3o, diminui a necessidade de receitas muito elaboradas e estimula a criatividade. Al\u00e9m disso, utilizar ervas e <strong><a href=\"https:\/\/www.correiobraziliense.com.br\/aqui\/2025\/11\/07\/conheca-7-temperos-essenciais-que-podem-realcar-o-sabor-da-comida\/\" target=\"_blank\" rel=\"noreferrer noopener\">especiarias pode ajudar a reduzir o uso excessivo de sal<\/a><\/strong>, agregando benef\u00edcios \u00e0 sa\u00fade.<\/p>\n\n\n\n<p>Al\u00e9m dos temperos tradicionais, vale explorar outros secos ou frescos conforme o gosto ou disponibilidade no mercado local. A dica principal \u00e9 experimentar os ingredientes em diferentes etapas de preparo, observando como o sabor e aroma s\u00e3o absorvidos pelos alimentos.<\/p>\n\n\n\n<p>Dessa forma, manter uma prateleira bem abastecida com os principais temperos para iniciantes garante praticidade e mais prazer no preparo das refei\u00e7\u00f5es. Com pequenas adapta\u00e7\u00f5es e curiosidade, \u00e9 poss\u00edvel criar pratos com gosto de comida caseira e sabor de chef, aproveitando todas as possibilidades desse universo de aromas e sabores.<\/p>\n\n\n\n<h2 class=\"wp-block-heading\">FAQ: Perguntas frequentes sobre temperos<\/h2>\n\n\n\n<ul class=\"wp-block-list\">\n<li><strong>Como conservar os temperos por mais tempo?<\/strong><br>A melhor forma de conservar temperos secos \u00e9 armazen\u00e1-los em recipientes bem fechados, ao abrigo da luz e longe da umidade. Temperos frescos podem ser mantidos na geladeira envolvidos em papel toalha \u00famido ou congelados em pequenas por\u00e7\u00f5es. Essas pr\u00e1ticas auxiliam na preserva\u00e7\u00e3o do sabor e do aroma.<\/li>\n\n\n\n<li><strong>Posso substituir um tempero por outro nas receitas?<\/strong><br>Sim, existem algumas substitui\u00e7\u00f5es poss\u00edveis, entretanto, \u00e9 importante considerar que o resultado final pode apresentar perfil de sabor diferente. Por exemplo, or\u00e9gano e manjeric\u00e3o costumam ser intercambi\u00e1veis em algumas massas, mas cada um traz seu aroma caracter\u00edstico. Ent\u00e3o, experimente e ajuste de acordo com o seu gosto.<\/li>\n\n\n\n<li><strong>Quais cuidados devo ter ao usar temperos fortes, como cominho ou curry?<\/strong><br>Temperos fortes devem ser usados em pequenas quantidades inicialmente, pois seu sabor pode sobressair aos demais ingredientes. Ent\u00e3o, v\u00e1 adicionando aos poucos e provando ao longo do preparo para n\u00e3o exagerar.<\/li>\n\n\n\n<li><strong>Temperos vencem? Como perceber que n\u00e3o est\u00e3o bons para uso?<\/strong><br>Sim, temperos t\u00eam validade. Em suma, ap\u00f3s o vencimento, eles tendem a perder aroma, cor e sabor, tornando-se ineficazes. Se notar cheiro estranho, cor desbotada ou forma\u00e7\u00e3o de mofo, descarte imediatamente.<\/li>\n\n\n\n<li><strong>Existem benef\u00edcios \u00e0 sa\u00fade ao incluir diferentes temperos na alimenta\u00e7\u00e3o?<\/strong><br>Em suma, sim. Muitos temperos como a\u00e7afr\u00e3o, gengibre e alecrim possuem propriedades antioxidantes e anti-inflamat\u00f3rias. Entretanto, \u00e9 sempre importante variar e buscar equil\u00edbrio nas escolhas para potencializar a sa\u00fade.<\/li>\n<\/ul>\n","protected":false},"excerpt":{"rendered":"<p>Transforme suas receitas! Descubra os temperos que todo iniciante precisa ter na cozinha e deixe seus pratos simples com sabor de chef.<\/p>\n","protected":false},"author":8,"featured_media":14183,"comment_status":"open","ping_status":"open","sticky":false,"template":"","format":"standard","meta":{"jnews-multi-image_gallery":[],"jnews_single_post":{"format":"standard"},"jnews_primary_category":[],"jnews_social_meta":[],"jnews_override_counter":[],"footnotes":""},"categories":[120],"tags":[295,1125,1227],"class_list":["post-14182","post","type-post","status-publish","format-standard","has-post-thumbnail","hentry","category-curiosidades","tag-culinaria","tag-curiosidades","tag-temperos"],"yoast_head":"<!-- This site is optimized with the Yoast SEO plugin v25.1 - https:\/\/yoast.com\/wordpress\/plugins\/seo\/ -->\n<title>Come\u00e7ando a cozinhar? Estes 9 temperos v\u00e3o salvar suas receitas - Correio Braziliense - Aqui<\/title>\n<meta name=\"description\" content=\"Transforme suas receitas! Descubra os temperos que todo iniciante precisa ter na cozinha e deixe seus pratos simples com sabor de chef.\" \/>\n<meta name=\"robots\" content=\"index, follow, max-snippet:-1, max-image-preview:large, max-video-preview:-1\" \/>\n<link rel=\"canonical\" href=\"https:\/\/www.correiobraziliense.com.br\/aqui\/2025\/12\/08\/comecando-a-cozinhar-estes-9-temperos-vao-salvar-suas-receitas\/\" \/>\n<meta property=\"og:locale\" content=\"pt_BR\" \/>\n<meta property=\"og:type\" content=\"article\" \/>\n<meta property=\"og:title\" content=\"Come\u00e7ando a cozinhar? Estes 9 temperos v\u00e3o salvar suas receitas - Correio Braziliense - Aqui\" \/>\n<meta property=\"og:description\" content=\"Transforme suas receitas! Descubra os temperos que todo iniciante precisa ter na cozinha e deixe seus pratos simples com sabor de chef.\" \/>\n<meta property=\"og:url\" content=\"https:\/\/www.correiobraziliense.com.br\/aqui\/2025\/12\/08\/comecando-a-cozinhar-estes-9-temperos-vao-salvar-suas-receitas\/\" \/>\n<meta property=\"og:site_name\" content=\"Correio Braziliense - Aqui\" \/>\n<meta property=\"article:published_time\" content=\"2025-12-08T18:11:00+00:00\" \/>\n<meta property=\"og:image\" content=\"https:\/\/www.correiobraziliense.com.br\/aqui\/wp-content\/uploads\/2025\/11\/httpsneuralmyth.comstaticcache64c34836-0316-4e9c-80b1-e6b16175e68f.jpeg\" \/>\n\t<meta property=\"og:image:width\" content=\"1280\" \/>\n\t<meta property=\"og:image:height\" content=\"720\" \/>\n\t<meta property=\"og:image:type\" content=\"image\/jpeg\" \/>\n<meta name=\"author\" content=\"Lara\" \/>\n<meta name=\"twitter:card\" content=\"summary_large_image\" \/>\n<meta name=\"twitter:label1\" content=\"Escrito por\" \/>\n\t<meta name=\"twitter:data1\" content=\"Lara\" \/>\n\t<meta name=\"twitter:label2\" content=\"Est. tempo de leitura\" \/>\n\t<meta name=\"twitter:data2\" content=\"5 minutos\" \/>\n<!-- \/ Yoast SEO plugin. -->","yoast_head_json":{"title":"Come\u00e7ando a cozinhar? Estes 9 temperos v\u00e3o salvar suas receitas - Correio Braziliense - Aqui","description":"Transforme suas receitas! Descubra os temperos que todo iniciante precisa ter na cozinha e deixe seus pratos simples com sabor de chef.","robots":{"index":"index","follow":"follow","max-snippet":"max-snippet:-1","max-image-preview":"max-image-preview:large","max-video-preview":"max-video-preview:-1"},"canonical":"https:\/\/www.correiobraziliense.com.br\/aqui\/2025\/12\/08\/comecando-a-cozinhar-estes-9-temperos-vao-salvar-suas-receitas\/","og_locale":"pt_BR","og_type":"article","og_title":"Come\u00e7ando a cozinhar? Estes 9 temperos v\u00e3o salvar suas receitas - Correio Braziliense - Aqui","og_description":"Transforme suas receitas! Descubra os temperos que todo iniciante precisa ter na cozinha e deixe seus pratos simples com sabor de chef.","og_url":"https:\/\/www.correiobraziliense.com.br\/aqui\/2025\/12\/08\/comecando-a-cozinhar-estes-9-temperos-vao-salvar-suas-receitas\/","og_site_name":"Correio Braziliense - Aqui","article_published_time":"2025-12-08T18:11:00+00:00","og_image":[{"width":1280,"height":720,"url":"https:\/\/www.correiobraziliense.com.br\/aqui\/wp-content\/uploads\/2025\/11\/httpsneuralmyth.comstaticcache64c34836-0316-4e9c-80b1-e6b16175e68f.jpeg","type":"image\/jpeg"}],"author":"Lara","twitter_card":"summary_large_image","twitter_misc":{"Escrito por":"Lara","Est. tempo de leitura":"5 minutos"},"schema":{"@context":"https:\/\/schema.org","@graph":[{"@type":"WebPage","@id":"https:\/\/www.correiobraziliense.com.br\/aqui\/2025\/12\/08\/comecando-a-cozinhar-estes-9-temperos-vao-salvar-suas-receitas\/","url":"https:\/\/www.correiobraziliense.com.br\/aqui\/2025\/12\/08\/comecando-a-cozinhar-estes-9-temperos-vao-salvar-suas-receitas\/","name":"Come\u00e7ando a cozinhar? Estes 9 temperos v\u00e3o salvar suas receitas - Correio Braziliense - Aqui","isPartOf":{"@id":"https:\/\/www.correiobraziliense.com.br\/aqui\/#website"},"primaryImageOfPage":{"@id":"https:\/\/www.correiobraziliense.com.br\/aqui\/2025\/12\/08\/comecando-a-cozinhar-estes-9-temperos-vao-salvar-suas-receitas\/#primaryimage"},"image":{"@id":"https:\/\/www.correiobraziliense.com.br\/aqui\/2025\/12\/08\/comecando-a-cozinhar-estes-9-temperos-vao-salvar-suas-receitas\/#primaryimage"},"thumbnailUrl":"https:\/\/www.correiobraziliense.com.br\/aqui\/wp-content\/uploads\/2025\/11\/httpsneuralmyth.comstaticcache64c34836-0316-4e9c-80b1-e6b16175e68f.jpeg","datePublished":"2025-12-08T18:11:00+00:00","author":{"@id":"https:\/\/www.correiobraziliense.com.br\/aqui\/#\/schema\/person\/5d6e4d99fecc86ab1a7ed1a0369afb65"},"description":"Transforme suas receitas! Descubra os temperos que todo iniciante precisa ter na cozinha e deixe seus pratos simples com sabor de chef.","breadcrumb":{"@id":"https:\/\/www.correiobraziliense.com.br\/aqui\/2025\/12\/08\/comecando-a-cozinhar-estes-9-temperos-vao-salvar-suas-receitas\/#breadcrumb"},"inLanguage":"pt-BR","potentialAction":[{"@type":"ReadAction","target":["https:\/\/www.correiobraziliense.com.br\/aqui\/2025\/12\/08\/comecando-a-cozinhar-estes-9-temperos-vao-salvar-suas-receitas\/"]}]},{"@type":"ImageObject","inLanguage":"pt-BR","@id":"https:\/\/www.correiobraziliense.com.br\/aqui\/2025\/12\/08\/comecando-a-cozinhar-estes-9-temperos-vao-salvar-suas-receitas\/#primaryimage","url":"https:\/\/www.correiobraziliense.com.br\/aqui\/wp-content\/uploads\/2025\/11\/httpsneuralmyth.comstaticcache64c34836-0316-4e9c-80b1-e6b16175e68f.jpeg","contentUrl":"https:\/\/www.correiobraziliense.com.br\/aqui\/wp-content\/uploads\/2025\/11\/httpsneuralmyth.comstaticcache64c34836-0316-4e9c-80b1-e6b16175e68f.jpeg","width":1280,"height":720,"caption":"Cr\u00e9ditos: depositphotos.com \/ BrunoWeltmann"},{"@type":"BreadcrumbList","@id":"https:\/\/www.correiobraziliense.com.br\/aqui\/2025\/12\/08\/comecando-a-cozinhar-estes-9-temperos-vao-salvar-suas-receitas\/#breadcrumb","itemListElement":[{"@type":"ListItem","position":1,"name":"In\u00edcio","item":"https:\/\/www.correiobraziliense.com.br\/aqui\/"},{"@type":"ListItem","position":2,"name":"Come\u00e7ando a cozinhar? Estes 9 temperos v\u00e3o salvar suas receitas"}]},{"@type":"WebSite","@id":"https:\/\/www.correiobraziliense.com.br\/aqui\/#website","url":"https:\/\/www.correiobraziliense.com.br\/aqui\/","name":"Correio Braziliense - Aqui","description":"O Correio Braziliense (CB) \u00e9 o mais importante canal de not\u00edcias de Bras\u00edlia. Aqui voc\u00ea encontra as \u00faltimas not\u00edcias do DF, do Brasil e do mundo.","potentialAction":[{"@type":"SearchAction","target":{"@type":"EntryPoint","urlTemplate":"https:\/\/www.correiobraziliense.com.br\/aqui\/?s={search_term_string}"},"query-input":{"@type":"PropertyValueSpecification","valueRequired":true,"valueName":"search_term_string"}}],"inLanguage":"pt-BR"},{"@type":"Person","@id":"https:\/\/www.correiobraziliense.com.br\/aqui\/#\/schema\/person\/5d6e4d99fecc86ab1a7ed1a0369afb65","name":"Lara","image":{"@type":"ImageObject","inLanguage":"pt-BR","@id":"https:\/\/www.correiobraziliense.com.br\/aqui\/#\/schema\/person\/image\/","url":"https:\/\/secure.gravatar.com\/avatar\/57056c5c343a6d8a6669688d3d2c04916d9d280b352b6e50e66a8d39b2517e00?s=96&d=mm&r=g","contentUrl":"https:\/\/secure.gravatar.com\/avatar\/57056c5c343a6d8a6669688d3d2c04916d9d280b352b6e50e66a8d39b2517e00?s=96&d=mm&r=g","caption":"Lara"},"url":"https:\/\/www.correiobraziliense.com.br\/aqui\/author\/laraaqui\/"}]}},"_links":{"self":[{"href":"https:\/\/www.correiobraziliense.com.br\/aqui\/wp-json\/wp\/v2\/posts\/14182","targetHints":{"allow":["GET"]}}],"collection":[{"href":"https:\/\/www.correiobraziliense.com.br\/aqui\/wp-json\/wp\/v2\/posts"}],"about":[{"href":"https:\/\/www.correiobraziliense.com.br\/aqui\/wp-json\/wp\/v2\/types\/post"}],"author":[{"embeddable":true,"href":"https:\/\/www.correiobraziliense.com.br\/aqui\/wp-json\/wp\/v2\/users\/8"}],"replies":[{"embeddable":true,"href":"https:\/\/www.correiobraziliense.com.br\/aqui\/wp-json\/wp\/v2\/comments?post=14182"}],"version-history":[{"count":3,"href":"https:\/\/www.correiobraziliense.com.br\/aqui\/wp-json\/wp\/v2\/posts\/14182\/revisions"}],"predecessor-version":[{"id":14188,"href":"https:\/\/www.correiobraziliense.com.br\/aqui\/wp-json\/wp\/v2\/posts\/14182\/revisions\/14188"}],"wp:featuredmedia":[{"embeddable":true,"href":"https:\/\/www.correiobraziliense.com.br\/aqui\/wp-json\/wp\/v2\/media\/14183"}],"wp:attachment":[{"href":"https:\/\/www.correiobraziliense.com.br\/aqui\/wp-json\/wp\/v2\/media?parent=14182"}],"wp:term":[{"taxonomy":"category","embeddable":true,"href":"https:\/\/www.correiobraziliense.com.br\/aqui\/wp-json\/wp\/v2\/categories?post=14182"},{"taxonomy":"post_tag","embeddable":true,"href":"https:\/\/www.correiobraziliense.com.br\/aqui\/wp-json\/wp\/v2\/tags?post=14182"}],"curies":[{"name":"wp","href":"https:\/\/api.w.org\/{rel}","templated":true}]}}