{"id":14189,"date":"2025-12-08T17:39:00","date_gmt":"2025-12-08T20:39:00","guid":{"rendered":"https:\/\/www.correiobraziliense.com.br\/aqui\/?p=14189"},"modified":"2025-11-11T17:19:24","modified_gmt":"2025-11-11T20:19:24","slug":"evite-esse-erro-conheca-os-legumes-que-nao-devem-ser-cozidos-juntos","status":"publish","type":"post","link":"https:\/\/www.correiobraziliense.com.br\/aqui\/2025\/12\/08\/evite-esse-erro-conheca-os-legumes-que-nao-devem-ser-cozidos-juntos\/","title":{"rendered":"Evite esse erro: conhe\u00e7a os legumes que n\u00e3o devem ser cozidos juntos"},"content":{"rendered":"\n<p>Misturar diferentes tipos de legumes no preparo de refei\u00e7\u00f5es pode parecer uma solu\u00e7\u00e3o pr\u00e1tica para quem busca agilidade na cozinha. No entanto, aspectos como o tempo de coc\u00e7\u00e3o, a compatibilidade de sabores e a bioabsor\u00e7\u00e3o de nutrientes podem ser diretamente influenciados por essas combina\u00e7\u00f5es. \u00c9 frequente que, por desconhecimento, certas misturas acabem prejudicando tanto o sabor quanto os benef\u00edcios nutricionais do prato.<\/p>\n\n\n\n<p>Ao escolher como preparar legumes, \u00e9 importante considerar que alguns ingredientes t\u00eam rea\u00e7\u00f5es entre si capazes de <strong><a href=\"https:\/\/www.correiobraziliense.com.br\/aqui\/2025\/11\/10\/barata-e-acessivel-saiba-como-a-moela-pode-transformar-seu-corpo-na-academia\/\" target=\"_blank\" rel=\"noreferrer noopener\">alterar a textura dos alimentos e at\u00e9 mesmo dificultar a assimila\u00e7\u00e3o de minerais pelo organismo<\/a><\/strong>. Esses detalhes fazem diferen\u00e7a, especialmente para quem busca uma alimenta\u00e7\u00e3o equilibrada e deseja aproveitar ao m\u00e1ximo o valor nutritivo dos vegetais.<\/p>\n\n\n\n<h2 class=\"wp-block-heading\">Quais legumes n\u00e3o devem ser cozidos juntos?<\/h2>\n\n\n\n<p>A decis\u00e3o sobre como combinar vegetais em uma panela pode ter consequ\u00eancias inesperadas. Alguns exemplos cl\u00e1ssicos de combina\u00e7\u00f5es que merecem aten\u00e7\u00e3o envolvem ingredientes como batata, tomate, cenoura, beterraba e couve-flor.<\/p>\n\n\n\n<ul class=\"wp-block-list\">\n<li><strong>Batata e tomate:<\/strong> O tomate, por ser rico em compostos \u00e1cidos, pode interferir no processo de cozimento da batata. Mesmo ap\u00f3s longo tempo no fogo, as batatas podem permanecer firmes, prejudicando a textura final do prato.<\/li>\n\n\n\n<li><strong>Cenoura e beterraba:<\/strong> S\u00e3o alimentos populares, mas com tempos de cozimento bastante distintos. Enquanto a beterraba leva mais tempo para amolecer, a cenoura pode desmanchar se cozida por igual per\u00edodo, resultando em um preparo desigual.<\/li>\n\n\n\n<li><strong>Couve-flor e cenoura:<\/strong> Embora possam compor receitas variadas, o ponto certo de ambos os legumes n\u00e3o \u00e9 atingido simultaneamente quando cozidos juntos, causando perda de textura e nutrientes.<\/li>\n<\/ul>\n\n\n\n<h2 class=\"wp-block-heading\">Por que o tempo de cozimento deles influencia tanto?<\/h2>\n\n\n\n<p>Essa quest\u00e3o \u00e9 fundamental na hora de pensar na composi\u00e7\u00e3o dos pratos. As diferen\u00e7as no tempo em que cada vegetal atinge a textura ideal impactam diretamente no resultado. Alguns legumes amolecem rapidamente, enquanto outros permanecem firmes por mais tempo. Quando n\u00e3o se respeita esse fator, corre-se o risco de servir alimentos crus ou excessivamente moles, prejudicando tanto o paladar quanto o aproveitamento dos nutrientes.<\/p>\n\n\n\n<p>Outro fator relevante \u00e9 que alguns vegetais liberam subst\u00e2ncias durante o cozimento que interferem no amolecimento de outros alimentos. O \u00e1cido presente no tomate e os fitatos s\u00e3o exemplos de componentes que podem inibir a coc\u00e7\u00e3o completa de ra\u00edzes como a batata.<\/p>\n\n\n\n<h2 class=\"wp-block-heading\">Como prepar\u00e1-los corretamente para evitar perda de sabor e nutrientes?<\/h2>\n\n\n\n<p>Para garantir que cada legume mantenha suas caracter\u00edsticas e propriedades, o ideal \u00e9 considerar o tempo individual de cada um durante o preparo. Existem m\u00e9todos pr\u00e1ticos que facilitam essa organiza\u00e7\u00e3o sem comprometer a refei\u00e7\u00e3o:<\/p>\n\n\n\n<ol class=\"wp-block-list\">\n<li><strong>Separe os legumes por tipos semelhantes:<\/strong> Junte aqueles que t\u00eam tempo de cozimento pr\u00f3ximo e cozinhe-os juntos, evitando misturas incompat\u00edveis.<\/li>\n\n\n\n<li><strong>Cozinhe em etapas:<\/strong> Inicie o cozimento dos vegetais mais firmes e, ap\u00f3s alguns minutos, adicione os de coc\u00e7\u00e3o r\u00e1pida. Dessa forma, todos atingem o ponto ideal.<\/li>\n\n\n\n<li><strong>Utilize o vapor:<\/strong> O cozimento a vapor permite melhor controle do tempo e preserva o sabor, cor e nutrientes dos vegetais.<\/li>\n\n\n\n<li><strong>Teste com o garfo:<\/strong> Verifique a textura dos legumes ao longo do processo para evitar que amole\u00e7am demais ou fiquem crus.<\/li>\n<\/ol>\n\n\n\n<p>Al\u00e9m disso, pequenas mudan\u00e7as na forma de preparo, como cortar os alimentos em tamanhos similares, ajudam a padronizar o modo como os vegetais ir\u00e3o cozinhar.<\/p>\n\n\n\n<h2 class=\"wp-block-heading\">Quais combinac\u0327o\u0303es de legumes s\u00e3o indicadas para quem busca mais praticidade?<\/h2>\n\n\n\n<p>A escolha dos legumes certos pode tornar o preparo mais eficiente e saud\u00e1vel. Algumas sugest\u00f5es de combina\u00e7\u00f5es que costumam funcionar bem incluem cenoura com abobrinha, vagem com chuchu e ab\u00f3bora com batata-doce. Todas essas op\u00e7\u00f5es apresentam tempos de cozimento pr\u00f3ximos, o que facilita o preparo e garante um prato equilibrado.<\/p>\n\n\n\n<ul class=\"wp-block-list\">\n<li><strong>Cenoura e abobrinha:<\/strong> Cozinham rapidamente e mant\u00eam uma textura agrad\u00e1vel quando preparadas juntas.<\/li>\n\n\n\n<li><strong>Vagem e chuchu:<\/strong> S\u00e3o leves e atingem o ponto ideal quase ao mesmo tempo.<\/li>\n\n\n\n<li><strong>Ab\u00f3bora e batata-doce:<\/strong> Al\u00e9m do sabor adocicado, proporcionam uma refei\u00e7\u00e3o rica em nutrientes.<\/li>\n<\/ul>\n\n\n\n<p>O cuidado ao selecionar quais legumes ser\u00e3o preparados juntos contribui para manter a qualidade da refei\u00e7\u00e3o. Seguindo essas dicas, \u00e9 poss\u00edvel criar pratos saborosos, bonitos e cheios de valor nutricional, sem abrir m\u00e3o da praticidade no dia a dia.<\/p>\n\n\n\n<h2 class=\"wp-block-heading\">FAQ \u2013 Perguntas frequentes sobre legumes<\/h2>\n\n\n\n<ul class=\"wp-block-list\">\n<li><strong>\u00c9 melhor consumir legumes crus ou cozidos?<\/strong><br>Em suma, a escolha entre consumir legumes crus ou cozidos depende do objetivo nutricional e do sabor desejado. Legumes crus preservam melhor algumas vitaminas, como a vitamina C, enquanto o cozimento pode aumentar a biodisponibilidade de certos nutrientes, como o licopeno do tomate. Entretanto, \u00e9 interessante variar no modo de preparo para aproveitar os benef\u00edcios de ambos.<\/li>\n\n\n\n<li><strong>Devo descascar todos os legumes antes de cozinhar?<\/strong><br>Nem sempre \u00e9 necess\u00e1rio descascar todos os legumes. Muitas cascas concentram fibras e nutrientes importantes. Quando poss\u00edvel e se os vegetais estiverem bem higienizados, consumir com casca pode ser vantajoso.<\/li>\n\n\n\n<li><strong>Qual a melhor forma de armazenar legumes frescos?<\/strong><br>A melhor forma de manter a qualidade dos legumes \u00e9 armazen\u00e1-los na geladeira, em local arejado e sem umidade excessiva. Entretanto, alguns vegetais, como batata e cebola, devem ser guardados fora da geladeira, em ambiente fresco e seco.<\/li>\n\n\n\n<li><strong>Legumes congelados t\u00eam menos nutrientes?<\/strong><br>De modo geral, o congelamento preserva boa parte dos nutrientes dos legumes, ent\u00e3o n\u00e3o h\u00e1 motivo para preocupa\u00e7\u00e3o. Em suma, desde que o processo de congelamento seja feito corretamente, essa op\u00e7\u00e3o \u00e9 pr\u00e1tica e saud\u00e1vel.<\/li>\n\n\n\n<li><strong>\u00c9 poss\u00edvel reaproveitar a \u00e1gua do cozimento dos legumes?<\/strong><br>Sim! A \u00e1gua usada no cozimento costuma conter parte dos nutrientes liberados durante o preparo. Pode ser utilizada em caldos, sopas e arroz, enriquecendo o sabor dos pratos e aproveitando melhor os micronutrientes.<\/li>\n\n\n\n<li><strong>Qual a diferen\u00e7a entre legumes e verduras?<\/strong><br>Legumes s\u00e3o geralmente partes comest\u00edveis de plantas como ra\u00edzes, tub\u00e9rculos, frutos ou sementes (ex: cenoura, vagem, ab\u00f3bora). Verduras referem-se, principalmente, \u00e0s folhas, caules e flores (ex: alface, espinafre, couve). Entretanto, no dia a dia, muitas vezes esses termos s\u00e3o usados indistintamente.<\/li>\n\n\n\n<li><strong>Comer legumes diariamente faz diferen\u00e7a para a sa\u00fade?<\/strong><br>Sim, consumir legumes diariamente contribui para uma alimenta\u00e7\u00e3o equilibrada, rica em fibras, vitaminas e minerais. Portanto, inserir variedade de legumes no dia a dia \u00e9 uma escolha que faz grande diferen\u00e7a para a sa\u00fade a longo prazo.<\/li>\n<\/ul>\n","protected":false},"excerpt":{"rendered":"<p>Misturar certos legumes pode prejudicar sabor, textura e nutrientes do prato; descubra quais alimentos evitar ao cozinhar juntos.<\/p>\n","protected":false},"author":8,"featured_media":14190,"comment_status":"open","ping_status":"open","sticky":false,"template":"","format":"standard","meta":{"jnews-multi-image_gallery":[],"jnews_single_post":{"format":"standard"},"jnews_primary_category":[],"jnews_social_meta":[],"jnews_override_counter":[],"footnotes":""},"categories":[120],"tags":[5417,295,1125,4910],"class_list":["post-14189","post","type-post","status-publish","format-standard","has-post-thumbnail","hentry","category-curiosidades","tag-cozimento","tag-culinaria","tag-curiosidades","tag-legumes"],"yoast_head":"<!-- This site is optimized with the Yoast SEO plugin v25.1 - https:\/\/yoast.com\/wordpress\/plugins\/seo\/ -->\n<title>Evite esse erro: conhe\u00e7a os legumes que n\u00e3o devem ser cozidos juntos - Correio Braziliense - Aqui<\/title>\n<meta name=\"description\" content=\"Misturar certos legumes pode prejudicar sabor, textura e nutrientes do prato; descubra quais alimentos evitar ao cozinhar juntos.\" \/>\n<meta name=\"robots\" content=\"index, follow, max-snippet:-1, max-image-preview:large, max-video-preview:-1\" \/>\n<link rel=\"canonical\" href=\"https:\/\/www.correiobraziliense.com.br\/aqui\/2025\/12\/08\/evite-esse-erro-conheca-os-legumes-que-nao-devem-ser-cozidos-juntos\/\" \/>\n<meta property=\"og:locale\" content=\"pt_BR\" \/>\n<meta property=\"og:type\" content=\"article\" \/>\n<meta property=\"og:title\" content=\"Evite esse erro: conhe\u00e7a os legumes que n\u00e3o devem ser cozidos juntos - Correio Braziliense - Aqui\" \/>\n<meta property=\"og:description\" content=\"Misturar certos legumes pode prejudicar sabor, textura e nutrientes do prato; descubra quais alimentos evitar ao cozinhar juntos.\" \/>\n<meta property=\"og:url\" content=\"https:\/\/www.correiobraziliense.com.br\/aqui\/2025\/12\/08\/evite-esse-erro-conheca-os-legumes-que-nao-devem-ser-cozidos-juntos\/\" \/>\n<meta property=\"og:site_name\" content=\"Correio Braziliense - Aqui\" \/>\n<meta property=\"article:published_time\" content=\"2025-12-08T20:39:00+00:00\" \/>\n<meta property=\"og:image\" content=\"https:\/\/www.correiobraziliense.com.br\/aqui\/wp-content\/uploads\/2025\/11\/httpsneuralmyth.comstaticcachef6498ef4-318a-43c3-8aa2-a64d22a2f14f.jpeg\" \/>\n\t<meta property=\"og:image:width\" content=\"1280\" \/>\n\t<meta property=\"og:image:height\" content=\"720\" \/>\n\t<meta property=\"og:image:type\" content=\"image\/jpeg\" \/>\n<meta name=\"author\" content=\"Lara\" \/>\n<meta name=\"twitter:card\" content=\"summary_large_image\" \/>\n<meta name=\"twitter:label1\" content=\"Escrito por\" \/>\n\t<meta name=\"twitter:data1\" content=\"Lara\" \/>\n\t<meta name=\"twitter:label2\" content=\"Est. tempo de leitura\" \/>\n\t<meta name=\"twitter:data2\" content=\"6 minutos\" \/>\n<!-- \/ Yoast SEO plugin. -->","yoast_head_json":{"title":"Evite esse erro: conhe\u00e7a os legumes que n\u00e3o devem ser cozidos juntos - Correio Braziliense - Aqui","description":"Misturar certos legumes pode prejudicar sabor, textura e nutrientes do prato; descubra quais alimentos evitar ao cozinhar juntos.","robots":{"index":"index","follow":"follow","max-snippet":"max-snippet:-1","max-image-preview":"max-image-preview:large","max-video-preview":"max-video-preview:-1"},"canonical":"https:\/\/www.correiobraziliense.com.br\/aqui\/2025\/12\/08\/evite-esse-erro-conheca-os-legumes-que-nao-devem-ser-cozidos-juntos\/","og_locale":"pt_BR","og_type":"article","og_title":"Evite esse erro: conhe\u00e7a os legumes que n\u00e3o devem ser cozidos juntos - Correio Braziliense - Aqui","og_description":"Misturar certos legumes pode prejudicar sabor, textura e nutrientes do prato; descubra quais alimentos evitar ao cozinhar juntos.","og_url":"https:\/\/www.correiobraziliense.com.br\/aqui\/2025\/12\/08\/evite-esse-erro-conheca-os-legumes-que-nao-devem-ser-cozidos-juntos\/","og_site_name":"Correio Braziliense - Aqui","article_published_time":"2025-12-08T20:39:00+00:00","og_image":[{"width":1280,"height":720,"url":"https:\/\/www.correiobraziliense.com.br\/aqui\/wp-content\/uploads\/2025\/11\/httpsneuralmyth.comstaticcachef6498ef4-318a-43c3-8aa2-a64d22a2f14f.jpeg","type":"image\/jpeg"}],"author":"Lara","twitter_card":"summary_large_image","twitter_misc":{"Escrito por":"Lara","Est. tempo de leitura":"6 minutos"},"schema":{"@context":"https:\/\/schema.org","@graph":[{"@type":"WebPage","@id":"https:\/\/www.correiobraziliense.com.br\/aqui\/2025\/12\/08\/evite-esse-erro-conheca-os-legumes-que-nao-devem-ser-cozidos-juntos\/","url":"https:\/\/www.correiobraziliense.com.br\/aqui\/2025\/12\/08\/evite-esse-erro-conheca-os-legumes-que-nao-devem-ser-cozidos-juntos\/","name":"Evite esse erro: conhe\u00e7a os legumes que n\u00e3o devem ser cozidos juntos - Correio Braziliense - Aqui","isPartOf":{"@id":"https:\/\/www.correiobraziliense.com.br\/aqui\/#website"},"primaryImageOfPage":{"@id":"https:\/\/www.correiobraziliense.com.br\/aqui\/2025\/12\/08\/evite-esse-erro-conheca-os-legumes-que-nao-devem-ser-cozidos-juntos\/#primaryimage"},"image":{"@id":"https:\/\/www.correiobraziliense.com.br\/aqui\/2025\/12\/08\/evite-esse-erro-conheca-os-legumes-que-nao-devem-ser-cozidos-juntos\/#primaryimage"},"thumbnailUrl":"https:\/\/www.correiobraziliense.com.br\/aqui\/wp-content\/uploads\/2025\/11\/httpsneuralmyth.comstaticcachef6498ef4-318a-43c3-8aa2-a64d22a2f14f.jpeg","datePublished":"2025-12-08T20:39:00+00:00","author":{"@id":"https:\/\/www.correiobraziliense.com.br\/aqui\/#\/schema\/person\/5d6e4d99fecc86ab1a7ed1a0369afb65"},"description":"Misturar certos legumes pode prejudicar sabor, textura e nutrientes do prato; descubra quais alimentos evitar ao cozinhar juntos.","breadcrumb":{"@id":"https:\/\/www.correiobraziliense.com.br\/aqui\/2025\/12\/08\/evite-esse-erro-conheca-os-legumes-que-nao-devem-ser-cozidos-juntos\/#breadcrumb"},"inLanguage":"pt-BR","potentialAction":[{"@type":"ReadAction","target":["https:\/\/www.correiobraziliense.com.br\/aqui\/2025\/12\/08\/evite-esse-erro-conheca-os-legumes-que-nao-devem-ser-cozidos-juntos\/"]}]},{"@type":"ImageObject","inLanguage":"pt-BR","@id":"https:\/\/www.correiobraziliense.com.br\/aqui\/2025\/12\/08\/evite-esse-erro-conheca-os-legumes-que-nao-devem-ser-cozidos-juntos\/#primaryimage","url":"https:\/\/www.correiobraziliense.com.br\/aqui\/wp-content\/uploads\/2025\/11\/httpsneuralmyth.comstaticcachef6498ef4-318a-43c3-8aa2-a64d22a2f14f.jpeg","contentUrl":"https:\/\/www.correiobraziliense.com.br\/aqui\/wp-content\/uploads\/2025\/11\/httpsneuralmyth.comstaticcachef6498ef4-318a-43c3-8aa2-a64d22a2f14f.jpeg","width":1280,"height":720,"caption":"Cr\u00e9ditos: depositphotos.com \/ Sirina85"},{"@type":"BreadcrumbList","@id":"https:\/\/www.correiobraziliense.com.br\/aqui\/2025\/12\/08\/evite-esse-erro-conheca-os-legumes-que-nao-devem-ser-cozidos-juntos\/#breadcrumb","itemListElement":[{"@type":"ListItem","position":1,"name":"In\u00edcio","item":"https:\/\/www.correiobraziliense.com.br\/aqui\/"},{"@type":"ListItem","position":2,"name":"Evite esse erro: conhe\u00e7a os legumes que n\u00e3o devem ser cozidos juntos"}]},{"@type":"WebSite","@id":"https:\/\/www.correiobraziliense.com.br\/aqui\/#website","url":"https:\/\/www.correiobraziliense.com.br\/aqui\/","name":"Correio Braziliense - Aqui","description":"O Correio Braziliense (CB) \u00e9 o mais importante canal de not\u00edcias de Bras\u00edlia. Aqui voc\u00ea encontra as \u00faltimas not\u00edcias do DF, do Brasil e do mundo.","potentialAction":[{"@type":"SearchAction","target":{"@type":"EntryPoint","urlTemplate":"https:\/\/www.correiobraziliense.com.br\/aqui\/?s={search_term_string}"},"query-input":{"@type":"PropertyValueSpecification","valueRequired":true,"valueName":"search_term_string"}}],"inLanguage":"pt-BR"},{"@type":"Person","@id":"https:\/\/www.correiobraziliense.com.br\/aqui\/#\/schema\/person\/5d6e4d99fecc86ab1a7ed1a0369afb65","name":"Lara","image":{"@type":"ImageObject","inLanguage":"pt-BR","@id":"https:\/\/www.correiobraziliense.com.br\/aqui\/#\/schema\/person\/image\/","url":"https:\/\/secure.gravatar.com\/avatar\/57056c5c343a6d8a6669688d3d2c04916d9d280b352b6e50e66a8d39b2517e00?s=96&d=mm&r=g","contentUrl":"https:\/\/secure.gravatar.com\/avatar\/57056c5c343a6d8a6669688d3d2c04916d9d280b352b6e50e66a8d39b2517e00?s=96&d=mm&r=g","caption":"Lara"},"url":"https:\/\/www.correiobraziliense.com.br\/aqui\/author\/laraaqui\/"}]}},"_links":{"self":[{"href":"https:\/\/www.correiobraziliense.com.br\/aqui\/wp-json\/wp\/v2\/posts\/14189","targetHints":{"allow":["GET"]}}],"collection":[{"href":"https:\/\/www.correiobraziliense.com.br\/aqui\/wp-json\/wp\/v2\/posts"}],"about":[{"href":"https:\/\/www.correiobraziliense.com.br\/aqui\/wp-json\/wp\/v2\/types\/post"}],"author":[{"embeddable":true,"href":"https:\/\/www.correiobraziliense.com.br\/aqui\/wp-json\/wp\/v2\/users\/8"}],"replies":[{"embeddable":true,"href":"https:\/\/www.correiobraziliense.com.br\/aqui\/wp-json\/wp\/v2\/comments?post=14189"}],"version-history":[{"count":3,"href":"https:\/\/www.correiobraziliense.com.br\/aqui\/wp-json\/wp\/v2\/posts\/14189\/revisions"}],"predecessor-version":[{"id":14195,"href":"https:\/\/www.correiobraziliense.com.br\/aqui\/wp-json\/wp\/v2\/posts\/14189\/revisions\/14195"}],"wp:featuredmedia":[{"embeddable":true,"href":"https:\/\/www.correiobraziliense.com.br\/aqui\/wp-json\/wp\/v2\/media\/14190"}],"wp:attachment":[{"href":"https:\/\/www.correiobraziliense.com.br\/aqui\/wp-json\/wp\/v2\/media?parent=14189"}],"wp:term":[{"taxonomy":"category","embeddable":true,"href":"https:\/\/www.correiobraziliense.com.br\/aqui\/wp-json\/wp\/v2\/categories?post=14189"},{"taxonomy":"post_tag","embeddable":true,"href":"https:\/\/www.correiobraziliense.com.br\/aqui\/wp-json\/wp\/v2\/tags?post=14189"}],"curies":[{"name":"wp","href":"https:\/\/api.w.org\/{rel}","templated":true}]}}