{"id":14286,"date":"2025-11-11T17:10:38","date_gmt":"2025-11-11T20:10:38","guid":{"rendered":"https:\/\/www.correiobraziliense.com.br\/aqui\/?p=14286"},"modified":"2025-11-11T17:11:48","modified_gmt":"2025-11-11T20:11:48","slug":"saiba-a-importancia-das-amizades-para-a-saude-fisica-e-mental","status":"publish","type":"post","link":"https:\/\/www.correiobraziliense.com.br\/aqui\/2025\/11\/11\/saiba-a-importancia-das-amizades-para-a-saude-fisica-e-mental\/","title":{"rendered":"Saiba a import\u00e2ncia das amizades para a sa\u00fade f\u00edsica e mental"},"content":{"rendered":"\n<p>A conviv\u00eancia humana \u00e9 marcada pela forma\u00e7\u00e3o de v\u00ednculos sociais, e a amizade \u00e9 um dos la\u00e7os mais valorizados ao longo da vida. De fato, para que um relacionamento evolua de uma simples conviv\u00eancia para uma amizade profunda, \u00e9 necess\u00e1rio investimento de tempo e interesse m\u00fatuo. Pesquisas recentes sugerem que o desenvolvimento desse tipo de conex\u00e3o depende de diversas etapas e pode demandar centenas de horas de intera\u00e7\u00e3o ao longo do tempo. Em suma, nutrir amizades \u00e9 um processo complexo e fundamental para a constru\u00e7\u00e3o da identidade pessoal e coletiva.<\/p>\n\n\n\n<p>Os primeiros sinais de aproxima\u00e7\u00e3o entre conhecidos surgem rapidamente, mas solidificar uma amizade s\u00f3lida requer mais conv\u00edvio e experi\u00eancias compartilhadas. Portanto, essas rela\u00e7\u00f5es desempenham papel fundamental no bem-estar social, pois proporcionam suporte emocional, influenciam decis\u00f5es e colaboram para o crescimento pessoal dos indiv\u00edduos. N\u00e3o \u00e9 raro, ent\u00e3o, que ambientes como escolas, locais de trabalho e espa\u00e7os recreativos se tornem os principais palcos para o surgimento e fortalecimento de amizades verdadeiras.<\/p>\n\n\n\n<h2 class=\"wp-block-heading\">Quantas horas s\u00e3o necess\u00e1rias para uma amizade se consolidar?<\/h2>\n\n\n\n<p>O processo de transforma\u00e7\u00e3o de um conhecido em amigo atravessa diferentes fases, que envolvem conviv\u00eancia e confian\u00e7a. Pesquisadores identificaram per\u00edodos aproximados de tempo para cada avan\u00e7o: de 80 a 100 horas podem ser suficientes para que uma pessoa deixe de ser um mero conhecido e passe a ser considerada amiga. Entretanto, para que esse la\u00e7o se desenvolva at\u00e9 o grau de amizade \u00edntima, estima-se que sejam necess\u00e1rias cerca de 200 horas ou mais de contato, enquanto rela\u00e7\u00f5es verdadeiramente profundas demandam at\u00e9 730 horas \u2014 n\u00famero equivalente \u00e0 soma de horas de um m\u00eas inteiro.<\/p>\n\n\n\n<p>Vale ressaltar que, segundo especialistas, apenas poucos la\u00e7os atingem o status de \u201cmelhor amigo\u201d. A maioria das pessoas estabelece profundidade m\u00e1xima com, no m\u00e1ximo, tr\u00eas indiv\u00edduos ao longo da vida. Ent\u00e3o, apesar de amizades casuais n\u00e3o oferecerem o mesmo grau de intimidade, tamb\u00e9m s\u00e3o importantes para manter o equil\u00edbrio emocional e ampliar o c\u00edrculo de apoio social.<\/p>\n\n\n\n<h2 class=\"wp-block-heading\">O que mais influencia na escolha de amigos?<\/h2>\n\n\n\n<p>Fatores como ambiente, interesses em comum e proximidade f\u00edsica contribuem diretamente na forma\u00e7\u00e3o de novas amizades. Locais onde as pessoas passam muito tempo juntas, como escolas e empresas, s\u00e3o ambientes prop\u00edcios ao surgimento dessas rela\u00e7\u00f5es. Uma pesquisa realizada na Alemanha indicou que mais de dois ter\u00e7os dos adolescentes e jovens adultos conheceram seus melhores amigos em espa\u00e7os educativos ou profissionais.<\/p>\n\n\n\n<p>Al\u00e9m disso, a semelhan\u00e7a de opini\u00f5es, h\u00e1bitos e at\u00e9 mesmo de aspectos gen\u00e9ticos se apresenta como um fator relevante nesse processo. Estudos mostram que amigos compartilham pequenas propor\u00e7\u00f5es de genes semelhantes, especialmente relacionados ao olfato, indicando que at\u00e9 o odor corporal pode exercer influ\u00eancia na identifica\u00e7\u00e3o de afinidades. Ademais, a proximidade f\u00edsica dentro de ambientes, como sentar-se pr\u00f3ximo na escola, aumenta as chances de iniciar uma amizade.<\/p>\n\n\n\n<ul class=\"wp-block-list\">\n<li><strong>Interesses e valores compartilhados<\/strong><\/li>\n\n\n\n<li>Ambiente de conv\u00edvio frequente<\/li>\n\n\n\n<li>Aspectos comportamentais e rotina<\/li>\n\n\n\n<li>Semelhan\u00e7as gen\u00e9ticas e sensoriais<\/li>\n<\/ul>\n\n\n\n<h2 class=\"wp-block-heading\">Amizades virtuais s\u00e3o t\u00e3o s\u00f3lidas quanto as presenciais?<\/h2>\n\n\n\n<p>Nos \u00faltimos anos, a expans\u00e3o dos meios digitais possibilitou o surgimento de amizades online, especialmente entre jovens. Em determinados grupos, como o p\u00fablico LGBTQIA, amizades formadas no ambiente digital podem representar alternativa significativa para ampliar o c\u00edrculo social. Por\u00e9m, especialistas destacam limita\u00e7\u00e3o na aus\u00eancia do contato presencial, fundamental para desenvolver empatia e resolver conflitos de modo mais eficiente.<\/p>\n\n\n\n<p>Mesmo que as ferramentas digitais, como videochamadas, aproximem as experi\u00eancias virtuais das presenciais, nem todos os aspectos de uma rela\u00e7\u00e3o podem ser reproduzidos digitalmente. O contato presencial permite uma leitura mais completa das emo\u00e7\u00f5es e facilita o enfrentamento de situa\u00e7\u00f5es desconfort\u00e1veis, algo que pode ser evitado em ambientes digitais. Em suma, a troca constante, o tempo dedicado \u00e0 intera\u00e7\u00e3o e a revela\u00e7\u00e3o de aspectos pessoais continuam sendo os principais requisitos para a consolida\u00e7\u00e3o da amizade, tanto online quanto offline.<\/p>\n\n\n\n<h2 class=\"wp-block-heading\">Por que amizades s\u00e3o consideradas essenciais para a sa\u00fade?<\/h2>\n\n\n\n<p>Ao longo das \u00faltimas d\u00e9cadas, diversos estudos v\u00eam demonstrando a influ\u00eancia positiva das amizades na sa\u00fade. A presen\u00e7a de amigos pr\u00f3ximos est\u00e1 associada \u00e0 maior longevidade, redu\u00e7\u00e3o do risco de depress\u00e3o e menor incid\u00eancia de doen\u00e7as neurodegenerativas, como a dem\u00eancia. A intera\u00e7\u00e3o social auxilia no enfrentamento de situa\u00e7\u00f5es dif\u00edceis, incentiva h\u00e1bitos saud\u00e1veis e promove sensa\u00e7\u00e3o de pertencimento.<\/p>\n\n\n\n<p>Do ponto de vista biol\u00f3gico, a coopera\u00e7\u00e3o entre indiv\u00edduos transcende a esp\u00e9cie humana: alguns animais tamb\u00e9m formam la\u00e7os interpessoais e colaboram para a sobreviv\u00eancia do grupo. O que diferencia as rela\u00e7\u00f5es humanas \u00e9 a capacidade de escolha. Dessa forma, as amizades s\u00e3o estabelecidas por decis\u00e3o pr\u00f3pria e refletem afinidades individuais, valores e interesses. Logo, manter la\u00e7os de amizade contribui n\u00e3o apenas para o bem-estar emocional, mas tamb\u00e9m para a sa\u00fade f\u00edsica e social.<\/p>\n\n\n\n<h2 class=\"wp-block-heading\">O relacionamento humano com a tecnologia pode substituir as amizades?<\/h2>\n\n\n\n<p>Apesar dos avan\u00e7os tecnol\u00f3gicos, especialistas alertam para os riscos de substituir amizades humanas por rela\u00e7\u00f5es com intelig\u00eancias artificiais ou chatbots. Intera\u00e7\u00f5es digitais podem ser complementares, mas n\u00e3o substituem a profundidade e o impacto positivo do contato humano. O conv\u00edvio com amigos desafia opini\u00f5es, incentiva o crescimento pessoal e contribui para a constru\u00e7\u00e3o de autonomia e identidade, fatores essenciais para o desenvolvimento social.<\/p>\n\n\n\n<ol class=\"wp-block-list\">\n<li>Amizades profundas exigem tempo, confian\u00e7a e interesses em comum.<\/li>\n\n\n\n<li>Ambientes de conv\u00edvio, semelhan\u00e7as e contato f\u00edsico influenciam a cria\u00e7\u00e3o de la\u00e7os.<\/li>\n\n\n\n<li>O contato presencial ainda \u00e9 fundamental, mesmo no universo digital.<\/li>\n\n\n\n<li>Manter amizades fortalece a sa\u00fade f\u00edsica e mental.<\/li>\n\n\n\n<li>Rela\u00e7\u00f5es tecnol\u00f3gicas podem ser aliadas, mas n\u00e3o substituem a intera\u00e7\u00e3o humana.<\/li>\n<\/ol>\n\n\n\n<p>Compreender a import\u00e2ncia das amizades e investir nelas resulta em benef\u00edcios duradouros para a sa\u00fade e para a qualidade de vida, destacando o papel fundamental da conviv\u00eancia social na trajet\u00f3ria de cada indiv\u00edduo. Portanto, criar e manter la\u00e7os de amizade permanece essencial, mesmo diante das transforma\u00e7\u00f5es tecnol\u00f3gicas e sociais do mundo moderno.<\/p>\n\n\n\n<h2 class=\"wp-block-heading\">FAQ \u2013 Perguntas Frequentes sobre Amizades<\/h2>\n\n\n\n<ul class=\"wp-block-list\">\n<li><strong>1. \u00c9 poss\u00edvel reconstruir uma amizade perdida?<\/strong><br>Sim, \u00e9 poss\u00edvel. Entretanto, restaurar a confian\u00e7a e a conviv\u00eancia pode exigir tempo e disposi\u00e7\u00e3o de ambas as partes. Conversar abertamente sobre expectativas e m\u00e1goas costuma ser o primeiro passo para a reconex\u00e3o.<\/li>\n\n\n\n<li><strong>2. Como lidar com ci\u00fames em amizades?<\/strong><br>O ci\u00fame \u00e9 comum em rela\u00e7\u00f5es pr\u00f3ximas, mas a comunica\u00e7\u00e3o honesta e a valoriza\u00e7\u00e3o da individualidade de cada um ajudam a evitar conflitos e fortalecer o respeito m\u00fatuo.<\/li>\n\n\n\n<li><strong>3. Mudan\u00e7as de cidade ou pa\u00eds podem afetar a amizade?<\/strong><br>Podem, sim. Ent\u00e3o, a dist\u00e2ncia f\u00edsica pode enfraquecer o conv\u00edvio, mas hoje \u00e9 poss\u00edvel manter amizades atrav\u00e9s de meios digitais, desde que haja esfor\u00e7o para cultivar o contato regular.<\/li>\n\n\n\n<li><strong>4. O que fazer quando a amizade chega ao fim?<\/strong><br>Em suma, reconhecer que as pessoas mudam e respeitar diferentes fases da vida \u00e9 fundamental. O importante \u00e9 aprender com a experi\u00eancia e estar aberto a novas conex\u00f5es.<\/li>\n\n\n\n<li><strong>5. Posso desenvolver amizades verdadeiras na vida adulta?<\/strong><br>Certamente. Apesar de parecer mais dif\u00edcil, a maturidade proporciona autoconhecimento, o que pode facilitar a identifica\u00e7\u00e3o de afinidades e a constru\u00e7\u00e3o de v\u00ednculos s\u00f3lidos e significativos.<\/li>\n<\/ul>\n","protected":false},"excerpt":{"rendered":"<p>A conviv\u00eancia humana \u00e9 marcada pela forma\u00e7\u00e3o de v\u00ednculos sociais, e a amizade \u00e9 um dos la\u00e7os mais valorizados ao longo da vida. De fato, para que um relacionamento evolua de uma simples conviv\u00eancia para uma amizade profunda, \u00e9 necess\u00e1rio investimento de tempo e interesse m\u00fatuo. Pesquisas recentes sugerem que o desenvolvimento desse tipo de [&hellip;]<\/p>\n","protected":false},"author":9,"featured_media":14290,"comment_status":"open","ping_status":"open","sticky":false,"template":"","format":"standard","meta":{"jnews-multi-image_gallery":[],"jnews_single_post":{"format":"standard"},"jnews_primary_category":[],"jnews_social_meta":[],"jnews_override_counter":[],"footnotes":""},"categories":[199],"tags":[5436,750,140,5435,141],"class_list":["post-14286","post","type-post","status-publish","format-standard","has-post-thumbnail","hentry","category-bem-estar","tag-amigos","tag-amizade","tag-bem-estar","tag-mental","tag-saude"],"yoast_head":"<!-- This site is optimized with the Yoast SEO plugin v25.1 - https:\/\/yoast.com\/wordpress\/plugins\/seo\/ -->\n<title>Saiba a import\u00e2ncia das amizades para a sa\u00fade f\u00edsica e mental - Correio Braziliense - Aqui<\/title>\n<meta name=\"description\" content=\"Descubra como amizades verdadeiras se formam, seu impacto na sa\u00fade, bem-estar e como rela\u00e7\u00f5es digitais e presenciais transformam nossa vida!\" \/>\n<meta name=\"robots\" content=\"index, follow, max-snippet:-1, max-image-preview:large, max-video-preview:-1\" \/>\n<link rel=\"canonical\" href=\"https:\/\/www.correiobraziliense.com.br\/aqui\/2025\/11\/11\/saiba-a-importancia-das-amizades-para-a-saude-fisica-e-mental\/\" \/>\n<meta property=\"og:locale\" content=\"pt_BR\" \/>\n<meta property=\"og:type\" content=\"article\" \/>\n<meta property=\"og:title\" content=\"Saiba a import\u00e2ncia das amizades para a sa\u00fade f\u00edsica e mental - Correio Braziliense - Aqui\" \/>\n<meta property=\"og:description\" content=\"Descubra como amizades verdadeiras se formam, seu impacto na sa\u00fade, bem-estar e como rela\u00e7\u00f5es digitais e presenciais transformam nossa vida!\" \/>\n<meta property=\"og:url\" content=\"https:\/\/www.correiobraziliense.com.br\/aqui\/2025\/11\/11\/saiba-a-importancia-das-amizades-para-a-saude-fisica-e-mental\/\" \/>\n<meta property=\"og:site_name\" content=\"Correio Braziliense - Aqui\" \/>\n<meta property=\"article:published_time\" content=\"2025-11-11T20:10:38+00:00\" \/>\n<meta property=\"article:modified_time\" content=\"2025-11-11T20:11:48+00:00\" \/>\n<meta property=\"og:image\" content=\"https:\/\/www.correiobraziliense.com.br\/aqui\/wp-content\/uploads\/2025\/11\/amizade_1762891823165.jpg\" \/>\n\t<meta property=\"og:image:width\" content=\"1280\" \/>\n\t<meta property=\"og:image:height\" content=\"720\" \/>\n\t<meta property=\"og:image:type\" content=\"image\/jpeg\" \/>\n<meta name=\"author\" content=\"Lucas\" \/>\n<meta name=\"twitter:card\" content=\"summary_large_image\" \/>\n<meta name=\"twitter:label1\" content=\"Escrito por\" \/>\n\t<meta name=\"twitter:data1\" content=\"Lucas\" \/>\n\t<meta name=\"twitter:label2\" content=\"Est. tempo de leitura\" \/>\n\t<meta name=\"twitter:data2\" content=\"7 minutos\" \/>\n<!-- \/ Yoast SEO plugin. -->","yoast_head_json":{"title":"Saiba a import\u00e2ncia das amizades para a sa\u00fade f\u00edsica e mental - Correio Braziliense - Aqui","description":"Descubra como amizades verdadeiras se formam, seu impacto na sa\u00fade, bem-estar e como rela\u00e7\u00f5es digitais e presenciais transformam nossa vida!","robots":{"index":"index","follow":"follow","max-snippet":"max-snippet:-1","max-image-preview":"max-image-preview:large","max-video-preview":"max-video-preview:-1"},"canonical":"https:\/\/www.correiobraziliense.com.br\/aqui\/2025\/11\/11\/saiba-a-importancia-das-amizades-para-a-saude-fisica-e-mental\/","og_locale":"pt_BR","og_type":"article","og_title":"Saiba a import\u00e2ncia das amizades para a sa\u00fade f\u00edsica e mental - Correio Braziliense - Aqui","og_description":"Descubra como amizades verdadeiras se formam, seu impacto na sa\u00fade, bem-estar e como rela\u00e7\u00f5es digitais e presenciais transformam nossa vida!","og_url":"https:\/\/www.correiobraziliense.com.br\/aqui\/2025\/11\/11\/saiba-a-importancia-das-amizades-para-a-saude-fisica-e-mental\/","og_site_name":"Correio Braziliense - Aqui","article_published_time":"2025-11-11T20:10:38+00:00","article_modified_time":"2025-11-11T20:11:48+00:00","og_image":[{"width":1280,"height":720,"url":"https:\/\/www.correiobraziliense.com.br\/aqui\/wp-content\/uploads\/2025\/11\/amizade_1762891823165.jpg","type":"image\/jpeg"}],"author":"Lucas","twitter_card":"summary_large_image","twitter_misc":{"Escrito por":"Lucas","Est. tempo de leitura":"7 minutos"},"schema":{"@context":"https:\/\/schema.org","@graph":[{"@type":"WebPage","@id":"https:\/\/www.correiobraziliense.com.br\/aqui\/2025\/11\/11\/saiba-a-importancia-das-amizades-para-a-saude-fisica-e-mental\/","url":"https:\/\/www.correiobraziliense.com.br\/aqui\/2025\/11\/11\/saiba-a-importancia-das-amizades-para-a-saude-fisica-e-mental\/","name":"Saiba a import\u00e2ncia das amizades para a sa\u00fade f\u00edsica e mental - Correio Braziliense - Aqui","isPartOf":{"@id":"https:\/\/www.correiobraziliense.com.br\/aqui\/#website"},"primaryImageOfPage":{"@id":"https:\/\/www.correiobraziliense.com.br\/aqui\/2025\/11\/11\/saiba-a-importancia-das-amizades-para-a-saude-fisica-e-mental\/#primaryimage"},"image":{"@id":"https:\/\/www.correiobraziliense.com.br\/aqui\/2025\/11\/11\/saiba-a-importancia-das-amizades-para-a-saude-fisica-e-mental\/#primaryimage"},"thumbnailUrl":"https:\/\/www.correiobraziliense.com.br\/aqui\/wp-content\/uploads\/2025\/11\/amizade_1762891823165.jpg","datePublished":"2025-11-11T20:10:38+00:00","dateModified":"2025-11-11T20:11:48+00:00","author":{"@id":"https:\/\/www.correiobraziliense.com.br\/aqui\/#\/schema\/person\/36d094a725ba56bbeb370a877862a002"},"description":"Descubra como amizades verdadeiras se formam, seu impacto na sa\u00fade, bem-estar e como rela\u00e7\u00f5es digitais e presenciais transformam nossa vida!","breadcrumb":{"@id":"https:\/\/www.correiobraziliense.com.br\/aqui\/2025\/11\/11\/saiba-a-importancia-das-amizades-para-a-saude-fisica-e-mental\/#breadcrumb"},"inLanguage":"pt-BR","potentialAction":[{"@type":"ReadAction","target":["https:\/\/www.correiobraziliense.com.br\/aqui\/2025\/11\/11\/saiba-a-importancia-das-amizades-para-a-saude-fisica-e-mental\/"]}]},{"@type":"ImageObject","inLanguage":"pt-BR","@id":"https:\/\/www.correiobraziliense.com.br\/aqui\/2025\/11\/11\/saiba-a-importancia-das-amizades-para-a-saude-fisica-e-mental\/#primaryimage","url":"https:\/\/www.correiobraziliense.com.br\/aqui\/wp-content\/uploads\/2025\/11\/amizade_1762891823165.jpg","contentUrl":"https:\/\/www.correiobraziliense.com.br\/aqui\/wp-content\/uploads\/2025\/11\/amizade_1762891823165.jpg","width":1280,"height":720,"caption":"Cr\u00e9ditos: depositphotos.com \/ AlexLipa"},{"@type":"BreadcrumbList","@id":"https:\/\/www.correiobraziliense.com.br\/aqui\/2025\/11\/11\/saiba-a-importancia-das-amizades-para-a-saude-fisica-e-mental\/#breadcrumb","itemListElement":[{"@type":"ListItem","position":1,"name":"In\u00edcio","item":"https:\/\/www.correiobraziliense.com.br\/aqui\/"},{"@type":"ListItem","position":2,"name":"Saiba a import\u00e2ncia das amizades para a sa\u00fade f\u00edsica e mental"}]},{"@type":"WebSite","@id":"https:\/\/www.correiobraziliense.com.br\/aqui\/#website","url":"https:\/\/www.correiobraziliense.com.br\/aqui\/","name":"Correio Braziliense - Aqui","description":"O Correio Braziliense (CB) \u00e9 o mais importante canal de not\u00edcias de Bras\u00edlia. Aqui voc\u00ea encontra as \u00faltimas not\u00edcias do DF, do Brasil e do mundo.","potentialAction":[{"@type":"SearchAction","target":{"@type":"EntryPoint","urlTemplate":"https:\/\/www.correiobraziliense.com.br\/aqui\/?s={search_term_string}"},"query-input":{"@type":"PropertyValueSpecification","valueRequired":true,"valueName":"search_term_string"}}],"inLanguage":"pt-BR"},{"@type":"Person","@id":"https:\/\/www.correiobraziliense.com.br\/aqui\/#\/schema\/person\/36d094a725ba56bbeb370a877862a002","name":"Lucas","image":{"@type":"ImageObject","inLanguage":"pt-BR","@id":"https:\/\/www.correiobraziliense.com.br\/aqui\/#\/schema\/person\/image\/","url":"https:\/\/secure.gravatar.com\/avatar\/eb1dd4a751dca39c233b091fb7b8ce9ef1608850325ab98ff1fbe898fcef0908?s=96&d=mm&r=g","contentUrl":"https:\/\/secure.gravatar.com\/avatar\/eb1dd4a751dca39c233b091fb7b8ce9ef1608850325ab98ff1fbe898fcef0908?s=96&d=mm&r=g","caption":"Lucas"},"url":"https:\/\/www.correiobraziliense.com.br\/aqui\/author\/lucasaqui\/"}]}},"_links":{"self":[{"href":"https:\/\/www.correiobraziliense.com.br\/aqui\/wp-json\/wp\/v2\/posts\/14286","targetHints":{"allow":["GET"]}}],"collection":[{"href":"https:\/\/www.correiobraziliense.com.br\/aqui\/wp-json\/wp\/v2\/posts"}],"about":[{"href":"https:\/\/www.correiobraziliense.com.br\/aqui\/wp-json\/wp\/v2\/types\/post"}],"author":[{"embeddable":true,"href":"https:\/\/www.correiobraziliense.com.br\/aqui\/wp-json\/wp\/v2\/users\/9"}],"replies":[{"embeddable":true,"href":"https:\/\/www.correiobraziliense.com.br\/aqui\/wp-json\/wp\/v2\/comments?post=14286"}],"version-history":[{"count":1,"href":"https:\/\/www.correiobraziliense.com.br\/aqui\/wp-json\/wp\/v2\/posts\/14286\/revisions"}],"predecessor-version":[{"id":14289,"href":"https:\/\/www.correiobraziliense.com.br\/aqui\/wp-json\/wp\/v2\/posts\/14286\/revisions\/14289"}],"wp:featuredmedia":[{"embeddable":true,"href":"https:\/\/www.correiobraziliense.com.br\/aqui\/wp-json\/wp\/v2\/media\/14290"}],"wp:attachment":[{"href":"https:\/\/www.correiobraziliense.com.br\/aqui\/wp-json\/wp\/v2\/media?parent=14286"}],"wp:term":[{"taxonomy":"category","embeddable":true,"href":"https:\/\/www.correiobraziliense.com.br\/aqui\/wp-json\/wp\/v2\/categories?post=14286"},{"taxonomy":"post_tag","embeddable":true,"href":"https:\/\/www.correiobraziliense.com.br\/aqui\/wp-json\/wp\/v2\/tags?post=14286"}],"curies":[{"name":"wp","href":"https:\/\/api.w.org\/{rel}","templated":true}]}}