{"id":14386,"date":"2025-11-12T11:40:47","date_gmt":"2025-11-12T14:40:47","guid":{"rendered":"https:\/\/www.correiobraziliense.com.br\/aqui\/?p=14386"},"modified":"2025-11-12T11:40:51","modified_gmt":"2025-11-12T14:40:51","slug":"celular-antes-de-dormir-faz-mal-veja-o-que-dizem-os-especialistas","status":"publish","type":"post","link":"https:\/\/www.correiobraziliense.com.br\/aqui\/2025\/11\/12\/celular-antes-de-dormir-faz-mal-veja-o-que-dizem-os-especialistas\/","title":{"rendered":"Celular antes de dormir faz mal? Veja o que dizem os especialistas"},"content":{"rendered":"\n<p>Com a <a href=\"https:\/\/www.correiobraziliense.com.br\/aqui\/2025\/11\/12\/modo-agenda-whatsapp-conheca-a-funcao-de-organizacao-pessoal\/\">transforma\u00e7\u00e3o digital avan\u00e7ando<\/a> rapidamente no cotidiano brasileiro, o uso do celular na rotina tornou-se comum. No entanto, o h\u00e1bito de mexer no celular momentos antes de dormir pode comprometer o descanso e a qualidade do sono, ainda que essa rela\u00e7\u00e3o nem sempre seja imediatamente percebida. Estudos recentes e relatos de especialistas apontam para impactos negativos do uso excessivo das telas, sobretudo \u00e0 noite, quando o organismo necessita reduzir est\u00edmulos para entrar no ritmo do sono. Especificamente, a luz azul emitida por dispositivos eletr\u00f4nicos, como celulares, exerce um efeito direto no ciclo do sono, pois inibe a produ\u00e7\u00e3o de melatonina, horm\u00f4nio fundamental para regular o sono e a vig\u00edlia. Com menos melatonina, o c\u00e9rebro permanece em estado de alerta, dificultando o adormecer e reduzindo a qualidade do descanso.<\/p>\n\n\n\n<h2 class=\"wp-block-heading\">Rela\u00e7\u00e3o Entre Telas, Luz Azul e a Qualidade do Sono<\/h2>\n\n\n\n<p>Al\u00e9m disso, est\u00e1 bem documentado que a exposi\u00e7\u00e3o \u00e0 luz azul \u00e0 noite pode levar ao desenvolvimento de dist\u00farbios do sono, como<strong> ins\u00f4nia,<\/strong> e afetar negativamente tanto a sa\u00fade mental quanto a sa\u00fade f\u00edsica. A ins\u00f4nia, provocada pelo uso constante de telas antes de dormir, pode desencadear altera\u00e7\u00f5es no humor, queda da produtividade, aumento do estresse e, a longo prazo, at\u00e9 facilitar o surgimento de quadros depressivos, ansiedade e problemas metab\u00f3licos.<\/p>\n\n\n\n<p>Portanto, entender os efeitos do uso do celular antes de dormir pode ser fundamental para quem busca noites melhores e mais produtivas. Em uma sociedade onde o sono \u00e9 frequentemente negligenciado, compreender como a tecnologia afeta cada etapa do adormecer se torna cada vez mais relevante para a sa\u00fade individual e coletiva.<\/p>\n\n\n\n<p>O fen\u00f4meno de deitar para descansar, mas se deixar envolver por mensagens instant\u00e2neas, v\u00eddeos ou redes sociais, reflete a dificuldade de abrir m\u00e3o dos aparelhos eletr\u00f4nicos, mesmo diante do cansa\u00e7o. Muitas pessoas s\u00f3 percebem o tempo perdido e o impacto desse comportamento ao acordarem cansadas no dia seguinte. Essa din\u00e2mica tende a perpetuar noites mal dormidas, criando um ciclo dif\u00edcil de quebrar, ainda mais com o acesso irrestrito \u00e0 tecnologia m\u00f3vel. Em suma, a necessidade de equilibrar o digital com um descanso de qualidade torna-se cada vez mais essencial na sociedade moderna.<\/p>\n\n\n\n<h2 class=\"wp-block-heading\">O que \u00e9 Nomofobia?<\/h2>\n\n\n\n<p><strong>Sobre o termo &#8220;nomofobia&#8221;:<\/strong>&nbsp;O termo nomofobia \u00e9 derivado do ingl\u00eas \u201cno-mobile-phone phobia\u201d, que significa literalmente \u201cmedo de ficar sem telefone celular\u201d. Entender a origem da palavra ajuda a esclarecer que se trata de um fen\u00f4meno relacionado \u00e0 depend\u00eancia e ao receio de n\u00e3o poder acessar o aparelho, trazendo \u00e0 tona aspectos emocionais e comportamentais ligados ao uso excessivo da tecnologia m\u00f3vel.<\/p>\n\n\n\n<p><strong>Preval\u00eancia e impacto da nomofobia:<\/strong>&nbsp;Estudos recentes revelam que a nomofobia j\u00e1 atinge um patamar preocupante em todo o mundo. Uma revis\u00e3o sistem\u00e1tica com mais de 12 mil participantes em dez pa\u00edses mostrou que aproximadamente 70% das pessoas apresentam n\u00edveis moderados a graves dessa condi\u00e7\u00e3o, enquanto cerca de 21% t\u00eam nomofobia severa, sendo os estudantes universit\u00e1rios especialmente afetados. Esses dados evidenciam a dimens\u00e3o do problema e refor\u00e7am a import\u00e2ncia de a\u00e7\u00f5es preventivas e informativas para mitigar o avan\u00e7o desse comportamento compulsivo relacionado ao uso dos celulares.<\/p>\n\n\n\n<h2 class=\"wp-block-heading\">O que explica a dificuldade de deixar o celular antes de dormir?<\/h2>\n\n\n\n<p>A dificuldade em se desconectar do smartphone, especialmente pr\u00f3ximo ao hor\u00e1rio de dormir, possui explica\u00e7\u00f5es tanto comportamentais quanto biol\u00f3gicas. O termo&nbsp;<strong>nomofobia<\/strong>&nbsp;descreve o receio ou inc\u00f4modo em ficar sem o celular, uma situa\u00e7\u00e3o que pode desencadear sentimentos como ansiedade e inquieta\u00e7\u00e3o. Segundo especialistas, a frequ\u00eancia desse comportamento vem aumentando em fun\u00e7\u00e3o da rotina digital intensa e das facilidades criadas pelos dispositivos m\u00f3veis.<\/p>\n\n\n\n<p>A busca por recompensas r\u00e1pidas, como curtidas, mensagens e v\u00eddeos curtos, ativa sistemas de dopamina no c\u00e9rebro, criando uma esp\u00e9cie de depend\u00eancia comportamental. Quando interrompido abruptamente, esse ciclo pode provocar sintomas semelhantes aos de abstin\u00eancia: irritabilidade, ansiedade e dificuldade para relaxar. Diversos estudiosos apontam que modificar esse h\u00e1bito exige n\u00e3o apenas for\u00e7a de vontade, mas tamb\u00e9m integra\u00e7\u00e3o de estrat\u00e9gias de adapta\u00e7\u00e3o, como mudan\u00e7a gradual e novas rotinas. Portanto, muitos recomendam estrat\u00e9gias de mudan\u00e7a gradual, ajustando o uso do celular de forma consciente e estabelecendo hor\u00e1rios espec\u00edficos para atividades online durante as noites. Ali\u00e1s, estudos apontam que a necessidade de conex\u00e3o social pode ser um dos grandes motivadores para o prolongamento do uso do celular no per\u00edodo noturno, pois o contato digital preenche a sensa\u00e7\u00e3o de companhia e pertencimento. Em suma, tanto fatores emocionais quanto sociais refor\u00e7am a presen\u00e7a do celular at\u00e9 os \u00faltimos instantes antes de dormir.<\/p>\n\n\n\n<h2 class=\"wp-block-heading\">Quais s\u00e3o os efeitos do uso do celular \u00e0 noite no sono?<\/h2>\n\n\n\n<p>A exposi\u00e7\u00e3o \u00e0s telas de celulares ap\u00f3s o anoitecer \u00e9 um dos principais obst\u00e1culos \u00e0 boa qualidade do sono. Isso ocorre porque a luminosidade azul emitida pelos dispositivos interfere na produ\u00e7\u00e3o de melatonina, o horm\u00f4nio respons\u00e1vel por regular o ciclo de sono e vig\u00edlia. Como consequ\u00eancia, o c\u00e9rebro \u00e9 \u201cenganado\u201d e permanece em estado de alerta, como se ainda fosse dia, retardando o adormecer e comprometendo a fase de relaxamento.<\/p>\n\n\n\n<p>Al\u00e9m da luz, os conte\u00fados consumidos tamb\u00e9m t\u00eam impacto significativo. Not\u00edcias, v\u00eddeos e intera\u00e7\u00f5es sociais podem elevar os n\u00edveis de cortisol, o horm\u00f4nio do estresse, e dificultar o relaxamento mental. Profissionais da sa\u00fade alertam que noites mal dormidas contribuem para problemas metab\u00f3licos, como desregula\u00e7\u00e3o da press\u00e3o arterial, riscos card\u00edacos e at\u00e9 interfer\u00eancia no controle glic\u00eamico. Portanto, reduzir o uso de dispositivos eletr\u00f4nicos antes de dormir n\u00e3o apenas favorece uma noite mais tranquila, mas atua diretamente na sa\u00fade f\u00edsica e emocional. Entretanto, \u00e9 importante destacar que o uso prolongado do celular \u00e0 noite pode afetar ainda a mem\u00f3ria recente e a capacidade de aprendizado, j\u00e1 que s\u00e3o durante os est\u00e1gios profundos do sono que ocorre a consolida\u00e7\u00e3o das informa\u00e7\u00f5es apreendidas ao longo do dia. Al\u00e9m disso, recentemente, estudos v\u00eam ligando o uso intenso de telas antes de dormir a quadros de ins\u00f4nia cr\u00f4nica, aumentando a preval\u00eancia de dist\u00farbios do sono e fadiga diurna.<\/p>\n\n\n\n<h2 class=\"wp-block-heading\">Como adotar h\u00e1bitos mais saud\u00e1veis com o celular \u00e0 noite?<\/h2>\n\n\n\n<p>Para modificar o h\u00e1bito de utilizar o celular por longos per\u00edodos antes de dormir, recomenda-se uma abordagem gradual e consciente. Confira algumas sugest\u00f5es pr\u00e1ticas para manter um equil\u00edbrio saud\u00e1vel:<\/p>\n\n\n\n<ul class=\"wp-block-list\">\n<li><strong>Redu\u00e7\u00e3o do tempo de uso:<\/strong>\u00a0diminua aos poucos o tempo gasto no celular no per\u00edodo noturno, at\u00e9 conseguir evitar o aparelho ao menos uma a duas horas antes de deitar;<\/li>\n\n\n\n<li><strong>Adote rituais offline:<\/strong>\u00a0substitua o tempo de tela por atividades relaxantes, como leitura de livros f\u00edsicos, audi\u00e7\u00e3o de m\u00fasicas calmas ou t\u00e9cnicas de respira\u00e7\u00e3o;<\/li>\n\n\n\n<li><strong>Distanciamento f\u00edsico:<\/strong>\u00a0mantenha o celular fora do alcance das m\u00e3os durante a noite, deixando-o em outro c\u00f4modo se poss\u00edvel ou fora da cama;<\/li>\n\n\n\n<li><strong>Use recursos do aparelho:<\/strong>\u00a0ative modos como\u00a0<em>N\u00e3o Perturbe<\/em>\u00a0ou \u201cModo Foco Sono\u201d para bloquear notifica\u00e7\u00f5es e reduzir est\u00edmulos luminosos;<\/li>\n\n\n\n<li><strong>Evite carregar o celular na cama:<\/strong>\u00a0mantenha o aparelho em superf\u00edcies adequadas, longe do travesseiro e do colch\u00e3o, para evitar superaquecimento.<\/li>\n<\/ul>\n\n\n\n<p>Em suma, optar por pequenas mudan\u00e7as cotidianas e preparar o ambiente para o sono pode resultar em grandes benef\u00edcios a m\u00e9dio e longo prazo, como maior disposi\u00e7\u00e3o ao acordar e melhor desempenho em atividades diurnas. Al\u00e9m das dicas j\u00e1 mencionadas, incluir atividades de relaxamento como medita\u00e7\u00e3o guiada, alongamento leve ou banho morno, fortalece ainda mais o processo de \u201cdesligamento\u201d do corpo e da mente, tornando a transi\u00e7\u00e3o para o sono muito mais eficiente.<\/p>\n\n\n\n<h2 class=\"wp-block-heading\">\u00c9 poss\u00edvel se adaptar facilmente a uma rotina sem o celular \u00e0 noite?<\/h2>\n\n\n\n<p>Adaptar-se a uma rotina noturna sem o uso do celular pode demandar alguns dias e certa persist\u00eancia, principalmente para quem j\u00e1 se acostumou com a companhia do smartphone at\u00e9 o momento de dormir. Durante a transi\u00e7\u00e3o, sintomas de depend\u00eancia digital podem surgir, como inquieta\u00e7\u00e3o e vontade de checar notifica\u00e7\u00f5es, mas s\u00e3o tempor\u00e1rios. Com o tempo, a qualidade do sono tende a melhorar, trazendo maior disposi\u00e7\u00e3o e bem-estar no cotidiano.<\/p>\n\n\n\n<p>Manter o equil\u00edbrio no uso da tecnologia \u00e0 noite n\u00e3o significa abrir m\u00e3o dos benef\u00edcios do celular, mas sim garantir que o descanso seja preservado. Pequenas mudan\u00e7as, como criar rituais relaxantes e ajustar configura\u00e7\u00f5es dos dispositivos, fazem diferen\u00e7a direta na sa\u00fade e na produtividade di\u00e1ria. Ao priorizar uma rotina de sono saud\u00e1vel, a tend\u00eancia \u00e9 perceber melhorias significativas no humor, energia e concentra\u00e7\u00e3o ao longo das semanas. Portanto, mesmo que no in\u00edcio seja um desafio, os ganhos ao longo do tempo s\u00e3o evidentes e motivadores.<\/p>\n\n\n\n<h2 class=\"wp-block-heading\">FAQ sobre Uso do Celular \u00e0 Noite e Sono<\/h2>\n\n\n\n<ul class=\"wp-block-list\">\n<li><strong>O uso de tablets ou computadores antes de dormir tem o mesmo efeito que o celular?<\/strong><br>Sim, tablets e computadores tamb\u00e9m emitem luz azul e geram est\u00edmulos mentais que prejudicam a produ\u00e7\u00e3o de melatonina, afetando negativamente a qualidade do sono, tal como os celulares. O ideal \u00e9 limitar o uso de todos esses dispositivos \u00e0 noite.<\/li>\n\n\n\n<li><strong>Ativar o modo noturno realmente reduz os impactos negativos das telas?<\/strong><br>O modo noturno reduz a emiss\u00e3o de luz azul, tornando o impacto um pouco menor, mas n\u00e3o elimina totalmente os preju\u00edzos do uso de dispositivos eletr\u00f4nicos antes de dormir. Al\u00e9m disso, outros est\u00edmulos, como notifica\u00e7\u00f5es e o pr\u00f3prio conte\u00fado acessado, podem continuar prejudicando o relaxamento. Portanto, diminuir o tempo de tela ainda \u00e9 recomendado.<\/li>\n\n\n\n<li><strong>Ouvir m\u00fasica pelo celular pode prejudicar o sono?<\/strong><br>Depende: m\u00fasicas calmas e relaxantes podem induzir o relaxamento e favorecer o sono, mas playlists agitadas ou o uso prolongado de fones de ouvido podem atrapalhar. Ent\u00e3o, escolha faixas tranquilas e use volumes baixos.<\/li>\n\n\n\n<li><strong>\u00c9 poss\u00edvel usar aplicativos para ajudar a dormir sem prejudicar o descanso?<\/strong><br>Sim, mas com modera\u00e7\u00e3o. Existem aplicativos de medita\u00e7\u00e3o e sons relaxantes que auxiliam na indu\u00e7\u00e3o ao sono, por\u00e9m \u00e9 importante usar o celular apenas rapidamente e evitar est\u00edmulos visuais.<\/li>\n\n\n\n<li><strong>Qual \u00e9 a diferen\u00e7a entre priva\u00e7\u00e3o de sono cr\u00f4nica e noites ocasionais mal dormidas?<\/strong><br>Priva\u00e7\u00e3o de sono cr\u00f4nica ocorre quando noites mal dormidas persistem por v\u00e1rias semanas consecutivas, comprometendo sistematicamente a sa\u00fade f\u00edsica e mental. J\u00e1 noites ocasionais mal dormidas t\u00eam efeitos limitados e revers\u00edveis com a retomada de bons h\u00e1bitos.<\/li>\n<\/ul>\n\n\n\n<h2 class=\"wp-block-heading\">FAQ Adicional: D\u00favidas Frequentes Sobre Celular \u00e0 Noite<\/h2>\n\n\n\n<ul class=\"wp-block-list\">\n<li><strong>Existe um hor\u00e1rio ideal para desligar os dispositivos eletr\u00f4nicos antes de dormir?<\/strong><br>Especialistas recomendam desligar celulares e outros dispositivos ao menos 1 a 2 horas antes do hor\u00e1rio de dormir para permitir que o corpo produza melatonina adequadamente.<\/li>\n\n\n\n<li><strong>Usar luzes quentes no ambiente pode ajudar a reduzir os impactos das telas?<\/strong><br>Sim, luzes de tom mais amarelado ou quente s\u00e3o menos prejudiciais para a produ\u00e7\u00e3o de melatonina, criando um ambiente mais relaxante e favor\u00e1vel ao sono.<\/li>\n\n\n\n<li><strong>Quais s\u00e3o sinais de que o uso do celular est\u00e1 afetando minha sa\u00fade?<\/strong><br>Sintomas como cansa\u00e7o ao acordar, dificuldade de concentra\u00e7\u00e3o, irritabilidade, olhos secos e sono n\u00e3o reparador podem indicar que o uso do celular est\u00e1 afetando negativamente seu descanso.<\/li>\n\n\n\n<li><strong>O uso de \u00f3culos com filtro de luz azul realmente ajuda?<\/strong><br>\u00d3culos com filtros para luz azul podem reduzir uma parte do impacto negativo das telas, embora n\u00e3o resolvam totalmente o problema. O ideal \u00e9, ainda assim, reduzir o contato com dispositivos antes de dormir.<\/li>\n\n\n\n<li><strong>Como incentivar crian\u00e7as e adolescentes a limitarem o uso do celular \u00e0 noite?<\/strong><br>\u00c9 importante que pais e respons\u00e1veis deem o exemplo, estabelecendo hor\u00e1rios para desligar aparelhos, criando espa\u00e7os livres de telas \u00e0 noite e promovendo atividades relaxantes em fam\u00edlia, como jogos de tabuleiro, leitura ou conversas.<\/li>\n<\/ul>\n","protected":false},"excerpt":{"rendered":"<p>Com a transforma\u00e7\u00e3o digital avan\u00e7ando rapidamente no cotidiano brasileiro, o uso do celular na rotina tornou-se comum. No entanto, o h\u00e1bito de mexer no celular momentos antes de dormir pode comprometer o descanso e a qualidade do sono, ainda que essa rela\u00e7\u00e3o nem sempre seja imediatamente percebida. Estudos recentes e relatos de especialistas apontam para [&hellip;]<\/p>\n","protected":false},"author":10,"featured_media":14387,"comment_status":"open","ping_status":"open","sticky":false,"template":"","format":"standard","meta":{"jnews-multi-image_gallery":[],"jnews_single_post":{"format":"standard"},"jnews_primary_category":[],"jnews_social_meta":[],"jnews_override_counter":[],"footnotes":""},"categories":[199],"tags":[140,3469,141,224],"class_list":["post-14386","post","type-post","status-publish","format-standard","has-post-thumbnail","hentry","category-bem-estar","tag-bem-estar","tag-celular","tag-saude","tag-tecnologia"],"yoast_head":"<!-- This site is optimized with the Yoast SEO plugin v25.1 - https:\/\/yoast.com\/wordpress\/plugins\/seo\/ -->\n<title>Celular antes de dormir faz mal? Veja o que dizem os especialistas - Correio Braziliense - Aqui<\/title>\n<meta name=\"description\" content=\"Saiba como largar o celular antes de dormir pode transformar seu sono e bem-estar. Experimente dicas pr\u00e1ticas para noites mais tranquilas.\" \/>\n<meta name=\"robots\" content=\"index, follow, max-snippet:-1, max-image-preview:large, max-video-preview:-1\" \/>\n<link rel=\"canonical\" href=\"https:\/\/www.correiobraziliense.com.br\/aqui\/2025\/11\/12\/celular-antes-de-dormir-faz-mal-veja-o-que-dizem-os-especialistas\/\" \/>\n<meta property=\"og:locale\" content=\"pt_BR\" \/>\n<meta property=\"og:type\" content=\"article\" \/>\n<meta property=\"og:title\" content=\"Celular antes de dormir faz mal? Veja o que dizem os especialistas - Correio Braziliense - Aqui\" \/>\n<meta property=\"og:description\" content=\"Saiba como largar o celular antes de dormir pode transformar seu sono e bem-estar. Experimente dicas pr\u00e1ticas para noites mais tranquilas.\" \/>\n<meta property=\"og:url\" content=\"https:\/\/www.correiobraziliense.com.br\/aqui\/2025\/11\/12\/celular-antes-de-dormir-faz-mal-veja-o-que-dizem-os-especialistas\/\" \/>\n<meta property=\"og:site_name\" content=\"Correio Braziliense - Aqui\" \/>\n<meta property=\"article:published_time\" content=\"2025-11-12T14:40:47+00:00\" \/>\n<meta property=\"article:modified_time\" content=\"2025-11-12T14:40:51+00:00\" \/>\n<meta property=\"og:image\" content=\"https:\/\/www.correiobraziliense.com.br\/aqui\/wp-content\/uploads\/2025\/11\/httpsneuralmyth.comstaticcache9d25e1a2-830f-4b1c-9c2d-61f40707f002.jpeg\" \/>\n\t<meta property=\"og:image:width\" content=\"1280\" \/>\n\t<meta property=\"og:image:height\" content=\"720\" \/>\n\t<meta property=\"og:image:type\" content=\"image\/jpeg\" \/>\n<meta name=\"author\" content=\"Larissa\" \/>\n<meta name=\"twitter:card\" content=\"summary_large_image\" \/>\n<meta name=\"twitter:label1\" content=\"Escrito por\" \/>\n\t<meta name=\"twitter:data1\" content=\"Larissa\" \/>\n\t<meta name=\"twitter:label2\" content=\"Est. tempo de leitura\" \/>\n\t<meta name=\"twitter:data2\" content=\"11 minutos\" \/>\n<!-- \/ Yoast SEO plugin. -->","yoast_head_json":{"title":"Celular antes de dormir faz mal? Veja o que dizem os especialistas - Correio Braziliense - Aqui","description":"Saiba como largar o celular antes de dormir pode transformar seu sono e bem-estar. Experimente dicas pr\u00e1ticas para noites mais tranquilas.","robots":{"index":"index","follow":"follow","max-snippet":"max-snippet:-1","max-image-preview":"max-image-preview:large","max-video-preview":"max-video-preview:-1"},"canonical":"https:\/\/www.correiobraziliense.com.br\/aqui\/2025\/11\/12\/celular-antes-de-dormir-faz-mal-veja-o-que-dizem-os-especialistas\/","og_locale":"pt_BR","og_type":"article","og_title":"Celular antes de dormir faz mal? Veja o que dizem os especialistas - Correio Braziliense - Aqui","og_description":"Saiba como largar o celular antes de dormir pode transformar seu sono e bem-estar. Experimente dicas pr\u00e1ticas para noites mais tranquilas.","og_url":"https:\/\/www.correiobraziliense.com.br\/aqui\/2025\/11\/12\/celular-antes-de-dormir-faz-mal-veja-o-que-dizem-os-especialistas\/","og_site_name":"Correio Braziliense - Aqui","article_published_time":"2025-11-12T14:40:47+00:00","article_modified_time":"2025-11-12T14:40:51+00:00","og_image":[{"width":1280,"height":720,"url":"https:\/\/www.correiobraziliense.com.br\/aqui\/wp-content\/uploads\/2025\/11\/httpsneuralmyth.comstaticcache9d25e1a2-830f-4b1c-9c2d-61f40707f002.jpeg","type":"image\/jpeg"}],"author":"Larissa","twitter_card":"summary_large_image","twitter_misc":{"Escrito por":"Larissa","Est. tempo de leitura":"11 minutos"},"schema":{"@context":"https:\/\/schema.org","@graph":[{"@type":"WebPage","@id":"https:\/\/www.correiobraziliense.com.br\/aqui\/2025\/11\/12\/celular-antes-de-dormir-faz-mal-veja-o-que-dizem-os-especialistas\/","url":"https:\/\/www.correiobraziliense.com.br\/aqui\/2025\/11\/12\/celular-antes-de-dormir-faz-mal-veja-o-que-dizem-os-especialistas\/","name":"Celular antes de dormir faz mal? Veja o que dizem os especialistas - Correio Braziliense - Aqui","isPartOf":{"@id":"https:\/\/www.correiobraziliense.com.br\/aqui\/#website"},"primaryImageOfPage":{"@id":"https:\/\/www.correiobraziliense.com.br\/aqui\/2025\/11\/12\/celular-antes-de-dormir-faz-mal-veja-o-que-dizem-os-especialistas\/#primaryimage"},"image":{"@id":"https:\/\/www.correiobraziliense.com.br\/aqui\/2025\/11\/12\/celular-antes-de-dormir-faz-mal-veja-o-que-dizem-os-especialistas\/#primaryimage"},"thumbnailUrl":"https:\/\/www.correiobraziliense.com.br\/aqui\/wp-content\/uploads\/2025\/11\/httpsneuralmyth.comstaticcache9d25e1a2-830f-4b1c-9c2d-61f40707f002.jpeg","datePublished":"2025-11-12T14:40:47+00:00","dateModified":"2025-11-12T14:40:51+00:00","author":{"@id":"https:\/\/www.correiobraziliense.com.br\/aqui\/#\/schema\/person\/775f50a8c1ac31704d56816e99b29041"},"description":"Saiba como largar o celular antes de dormir pode transformar seu sono e bem-estar. Experimente dicas pr\u00e1ticas para noites mais tranquilas.","breadcrumb":{"@id":"https:\/\/www.correiobraziliense.com.br\/aqui\/2025\/11\/12\/celular-antes-de-dormir-faz-mal-veja-o-que-dizem-os-especialistas\/#breadcrumb"},"inLanguage":"pt-BR","potentialAction":[{"@type":"ReadAction","target":["https:\/\/www.correiobraziliense.com.br\/aqui\/2025\/11\/12\/celular-antes-de-dormir-faz-mal-veja-o-que-dizem-os-especialistas\/"]}]},{"@type":"ImageObject","inLanguage":"pt-BR","@id":"https:\/\/www.correiobraziliense.com.br\/aqui\/2025\/11\/12\/celular-antes-de-dormir-faz-mal-veja-o-que-dizem-os-especialistas\/#primaryimage","url":"https:\/\/www.correiobraziliense.com.br\/aqui\/wp-content\/uploads\/2025\/11\/httpsneuralmyth.comstaticcache9d25e1a2-830f-4b1c-9c2d-61f40707f002.jpeg","contentUrl":"https:\/\/www.correiobraziliense.com.br\/aqui\/wp-content\/uploads\/2025\/11\/httpsneuralmyth.comstaticcache9d25e1a2-830f-4b1c-9c2d-61f40707f002.jpeg","width":1280,"height":720,"caption":"Cr\u00e9ditos: depositphotos.com \/ chika_milan"},{"@type":"BreadcrumbList","@id":"https:\/\/www.correiobraziliense.com.br\/aqui\/2025\/11\/12\/celular-antes-de-dormir-faz-mal-veja-o-que-dizem-os-especialistas\/#breadcrumb","itemListElement":[{"@type":"ListItem","position":1,"name":"In\u00edcio","item":"https:\/\/www.correiobraziliense.com.br\/aqui\/"},{"@type":"ListItem","position":2,"name":"Celular antes de dormir faz mal? Veja o que dizem os especialistas"}]},{"@type":"WebSite","@id":"https:\/\/www.correiobraziliense.com.br\/aqui\/#website","url":"https:\/\/www.correiobraziliense.com.br\/aqui\/","name":"Correio Braziliense - Aqui","description":"O Correio Braziliense (CB) \u00e9 o mais importante canal de not\u00edcias de Bras\u00edlia. Aqui voc\u00ea encontra as \u00faltimas not\u00edcias do DF, do Brasil e do mundo.","potentialAction":[{"@type":"SearchAction","target":{"@type":"EntryPoint","urlTemplate":"https:\/\/www.correiobraziliense.com.br\/aqui\/?s={search_term_string}"},"query-input":{"@type":"PropertyValueSpecification","valueRequired":true,"valueName":"search_term_string"}}],"inLanguage":"pt-BR"},{"@type":"Person","@id":"https:\/\/www.correiobraziliense.com.br\/aqui\/#\/schema\/person\/775f50a8c1ac31704d56816e99b29041","name":"Larissa","image":{"@type":"ImageObject","inLanguage":"pt-BR","@id":"https:\/\/www.correiobraziliense.com.br\/aqui\/#\/schema\/person\/image\/","url":"https:\/\/secure.gravatar.com\/avatar\/62f5b2e99de671d075ab98e19f03c3c38c80a93f5d06f51075cf4431a4e76458?s=96&d=mm&r=g","contentUrl":"https:\/\/secure.gravatar.com\/avatar\/62f5b2e99de671d075ab98e19f03c3c38c80a93f5d06f51075cf4431a4e76458?s=96&d=mm&r=g","caption":"Larissa"},"url":"https:\/\/www.correiobraziliense.com.br\/aqui\/author\/larissaaqui\/"}]}},"_links":{"self":[{"href":"https:\/\/www.correiobraziliense.com.br\/aqui\/wp-json\/wp\/v2\/posts\/14386","targetHints":{"allow":["GET"]}}],"collection":[{"href":"https:\/\/www.correiobraziliense.com.br\/aqui\/wp-json\/wp\/v2\/posts"}],"about":[{"href":"https:\/\/www.correiobraziliense.com.br\/aqui\/wp-json\/wp\/v2\/types\/post"}],"author":[{"embeddable":true,"href":"https:\/\/www.correiobraziliense.com.br\/aqui\/wp-json\/wp\/v2\/users\/10"}],"replies":[{"embeddable":true,"href":"https:\/\/www.correiobraziliense.com.br\/aqui\/wp-json\/wp\/v2\/comments?post=14386"}],"version-history":[{"count":5,"href":"https:\/\/www.correiobraziliense.com.br\/aqui\/wp-json\/wp\/v2\/posts\/14386\/revisions"}],"predecessor-version":[{"id":14393,"href":"https:\/\/www.correiobraziliense.com.br\/aqui\/wp-json\/wp\/v2\/posts\/14386\/revisions\/14393"}],"wp:featuredmedia":[{"embeddable":true,"href":"https:\/\/www.correiobraziliense.com.br\/aqui\/wp-json\/wp\/v2\/media\/14387"}],"wp:attachment":[{"href":"https:\/\/www.correiobraziliense.com.br\/aqui\/wp-json\/wp\/v2\/media?parent=14386"}],"wp:term":[{"taxonomy":"category","embeddable":true,"href":"https:\/\/www.correiobraziliense.com.br\/aqui\/wp-json\/wp\/v2\/categories?post=14386"},{"taxonomy":"post_tag","embeddable":true,"href":"https:\/\/www.correiobraziliense.com.br\/aqui\/wp-json\/wp\/v2\/tags?post=14386"}],"curies":[{"name":"wp","href":"https:\/\/api.w.org\/{rel}","templated":true}]}}