{"id":14600,"date":"2025-11-13T17:54:00","date_gmt":"2025-11-13T20:54:00","guid":{"rendered":"https:\/\/www.correiobraziliense.com.br\/aqui\/?p=14600"},"modified":"2025-11-13T17:18:33","modified_gmt":"2025-11-13T20:18:33","slug":"whey-protein-por-que-o-consumo-em-excesso-pode-fazer-mal-a-saude","status":"publish","type":"post","link":"https:\/\/www.correiobraziliense.com.br\/aqui\/2025\/11\/13\/whey-protein-por-que-o-consumo-em-excesso-pode-fazer-mal-a-saude\/","title":{"rendered":"Whey protein: por que o consumo em excesso pode fazer mal \u00e0 sa\u00fade"},"content":{"rendered":"\n<p>O consumo de whey protein tornou-se bastante comum entre praticantes de atividades f\u00edsicas e frequentadores de academias nos \u00faltimos anos. Este suplemento alimentar, considerado uma fonte concentrada de prote\u00edna extra\u00edda do soro do leite, \u00e9 frequentemente associado ao desenvolvimento e \u00e0 manuten\u00e7\u00e3o da massa muscular. Antes de inserir o produto na rotina, \u00e9 importante compreender seus efeitos, indica\u00e7\u00f5es e poss\u00edveis riscos, especialmente para quem pretende maximizar os benef\u00edcios dos treinos sem comprometer a sa\u00fade.<\/p>\n\n\n\n<p>A atua\u00e7\u00e3o do whey protein vai al\u00e9m de contribuir para a hipertrofia. O suplemento tamb\u00e9m pode colaborar com a recupera\u00e7\u00e3o muscular ap\u00f3s exerc\u00edcios intensos, apoiando atletas em fases de grande exig\u00eancia f\u00edsica. No entanto, cada organismo possui necessidades particulares, exigindo um ajuste individualizado da ingest\u00e3o do produto. Por isso, profissionais da sa\u00fade destacam a import\u00e2ncia da avalia\u00e7\u00e3o pr\u00e9via e do acompanhamento constante durante o uso.<\/p>\n\n\n\n<h2 class=\"wp-block-heading\">Quem deve utilizar whey protein e como garantir uso seguro?<\/h2>\n\n\n\n<p>Apesar de ser muito popular, o uso do whey protein n\u00e3o \u00e9 recomendado para todas as pessoas indiscriminadamente. A avalia\u00e7\u00e3o das necessidades proteicas di\u00e1rias deve levar em considera\u00e7\u00e3o fatores como peso, idade, composi\u00e7\u00e3o corporal e intensidade das atividades f\u00edsicas. Em muitos casos, apenas pessoas com dificuldades em atingir a cota ideal de prote\u00edna por meio da alimenta\u00e7\u00e3o ou indiv\u00edduos submetidos a alta demanda energ\u00e9tica se beneficiam da suplementa\u00e7\u00e3o.<\/p>\n\n\n\n<ul class=\"wp-block-list\">\n<li>Praticantes de exerc\u00edcios resistidos tradicionais, como muscula\u00e7\u00e3o<\/li>\n\n\n\n<li>Atletas em prepara\u00e7\u00e3o para competi\u00e7\u00f5es<\/li>\n\n\n\n<li>Pessoas com dificuldade de recupera\u00e7\u00e3o muscular ap\u00f3s les\u00f5es ou cirurgias<\/li>\n\n\n\n<li>Pacientes em condi\u00e7\u00f5es cl\u00ednicas espec\u00edficas, a exemplo da sarcopenia<\/li>\n<\/ul>\n\n\n\n<p>O acompanhamento de um profissional da \u00e1rea de nutri\u00e7\u00e3o ou medicina \u00e9 necess\u00e1rio para determinar se o suplemento \u00e9 realmente indicado. Durante o acompanhamento, exames laboratoriais podem ser solicitados para avaliar n\u00e3o apenas o estado geral de sa\u00fade, mas, principalmente, o funcionamento adequado dos rins e do f\u00edgado, \u00f3rg\u00e3os fundamentais no processamento das prote\u00ednas.<\/p>\n\n\n\n<h2 class=\"wp-block-heading\">Quais riscos o consumo excessivo de whey protein pode trazer?<\/h2>\n\n\n\n<p>Uma das principais preocupa\u00e7\u00f5es relacionadas ao excesso de whey protein \u00e9 a sobrecarga dos sistemas respons\u00e1veis pelo metabolismo das prote\u00ednas. O f\u00edgado e os rins, encarregados de metabolizar os nutrientes e eliminar res\u00edduos provenientes do consumo proteico, podem ser afetados quando expostos a quantidades superiores ao necess\u00e1rio. <strong><a href=\"https:\/\/www.correiobraziliense.com.br\/aqui\/2025\/09\/04\/voce-usa-whey-protein-do-jeito-certo-saiba-tudo-agora\/\" target=\"_blank\" rel=\"noreferrer noopener\">Pessoas com hist\u00f3rico de doen\u00e7as renais, em especial, devem redobrar a aten\u00e7\u00e3o.<\/a><\/strong><\/p>\n\n\n\n<ol class=\"wp-block-list\">\n<li>Sobrecarga renal e hep\u00e1tica, exigindo avalia\u00e7\u00f5es regulares<\/li>\n\n\n\n<li>Risco de ganho de peso quando ingerido em excesso em dietas desequilibradas<\/li>\n\n\n\n<li>Ac\u00famulo de gordura corporal, caso o complemento ultrapasse as necessidades energ\u00e9ticas di\u00e1rias<\/li>\n\n\n\n<li>Poss\u00edveis dist\u00farbios gastrointestinais, como desconforto abdominal e aumento de gases<\/li>\n<\/ol>\n\n\n\n<p>Esses poss\u00edveis efeitos refor\u00e7am a import\u00e2ncia de utilizar suplementos como o whey protein apenas quando existe real necessidade, acompanhada por orienta\u00e7\u00e3o de um especialista. A escolha do produto e o controle rigoroso das quantidades utilizadas podem contribuir para uma utiliza\u00e7\u00e3o mais eficiente e segura.<\/p>\n\n\n\n<h2 class=\"wp-block-heading\">Como integr\u00e1-lo de maneira consciente \u00e0 rotina alimentar?<\/h2>\n\n\n\n<p>Inserir o suplemento alimentar na dieta exige planejamento. Antes de iniciar o uso, \u00e9 fundamental analisar o objetivo de cada pessoa: seja a busca pelo aumento de massa muscular magra, melhora no desempenho esportivo ou suporte na reabilita\u00e7\u00e3o de alguma condi\u00e7\u00e3o de sa\u00fade. A ingest\u00e3o adequada de prote\u00ednas advindas da alimenta\u00e7\u00e3o di\u00e1ria, como carnes magras, ovos e leguminosas, deve ser priorizada, deixando a suplementa\u00e7\u00e3o como um recurso complementar.<\/p>\n\n\n\n<p>Para evitar poss\u00edveis contratempos, recomenda-se que o whey protein seja introduzido na rotina de acordo com uma estrat\u00e9gia elaborada por profissionais capacitados. Assim, \u00e9 poss\u00edvel ajustar as doses, observar respostas do organismo e garantir resultados mais satisfat\u00f3rios. A informa\u00e7\u00e3o e o acompanhamento individualizado permanecem como pilares para o uso racional e ben\u00e9fico deste suplemento, evitando interpreta\u00e7\u00f5es equivocadas sobre seus impactos no corpo.<\/p>\n\n\n\n<h2 class=\"wp-block-heading\">FAQ &#8211; Perguntas Frequentes sobre Whey Protein<\/h2>\n\n\n\n<ul class=\"wp-block-list\">\n<li><strong>Whey protein pode ser utilizado por vegetarianos?<\/strong><br>Ele pode ser consumido por vegetarianos do tipo ovolactovegetariano, j\u00e1 que sua origem \u00e9 o soro do leite. Entretanto, veganos ou pessoas com restri\u00e7\u00e3o total a produtos de origem animal devem buscar alternativas vegetais de prote\u00edna em p\u00f3.<\/li>\n\n\n\n<li><strong>Existe momento ideal para tomar whey protein?<\/strong><br>O momento de consumo pode variar conforme os objetivos individuais, mas, em geral, a suplementa\u00e7\u00e3o logo ap\u00f3s o treino \u00e9 indicada para potencializar a recupera\u00e7\u00e3o muscular. Ainda assim, cada caso pode ter estrat\u00e9gia diferente de acordo com o planejamento alimentar.<\/li>\n\n\n\n<li><strong>Pessoas com intoler\u00e2ncia \u00e0 lactose podem consumir whey protein?<\/strong><br>H\u00e1 vers\u00f5es de whey protein isolado ou hidrolisado que cont\u00eam teores muito baixos ou quase nulos de lactose. Portanto, s\u00e3o consideradas mais seguras para pessoas com intoler\u00e2ncia \u2013 por\u00e9m, \u00e9 essencial confirmar essa informa\u00e7\u00e3o no r\u00f3tulo e consultar um nutricionista.<\/li>\n\n\n\n<li><strong>O whey protein cont\u00e9m outros nutrientes al\u00e9m de prote\u00edna?<\/strong><br>Embora a prote\u00edna seja o principal componente, alguns produtos podem apresentar pequenas quantidades de carboidratos, gorduras, vitaminas e minerais, dependendo do grau de pureza e da formula\u00e7\u00e3o. Portanto, \u00e9 importante observar o r\u00f3tulo e escolher o produto que melhor se encaixa na sua dieta.<\/li>\n\n\n\n<li><strong>Whey protein engorda?<\/strong><br>Ele sozinho n\u00e3o \u00e9 respons\u00e1vel pelo aumento de peso, pois tudo depende do saldo energ\u00e9tico di\u00e1rio. Entretanto, o consumo em excesso e sem controle pode contribuir para o ganho de peso e aumento de gordura corporal, ent\u00e3o \u00e9 fundamental ajustar as doses \u00e0s necessidades cal\u00f3ricas.<\/li>\n\n\n\n<li><strong>Whey protein interfere na absor\u00e7\u00e3o de outros nutrientes?<\/strong><br>Quando consumido dentro das recomenda\u00e7\u00f5es e em equil\u00edbrio com os demais alimentos da dieta, ele n\u00e3o costuma prejudicar a absor\u00e7\u00e3o de outros nutrientes. Entretanto, exageros podem impactar o funcionamento do trato digestivo e influenciar assimila\u00e7\u00e3o de outros componentes.<\/li>\n\n\n\n<li><strong>Gestantes e lactantes podem consumir whey protein?<\/strong><br>Em suma, gestantes e lactantes devem consultar seu m\u00e9dico ou nutricionista antes de incluir suplementos como whey protein em sua rotina. Cada caso deve ser avaliado individualmente, considerando as necessidades e restri\u00e7\u00f5es espec\u00edficas deste per\u00edodo.<\/li>\n\n\n\n<li><strong>Qual \u00e9 a diferen\u00e7a entre whey concentrado, isolado e hidrolisado?<\/strong><br>A principal diferen\u00e7a est\u00e1 no grau de pureza e velocidade de absor\u00e7\u00e3o. Whey concentrado possui mais carboidratos e lactose, enquanto o isolado \u00e9 mais puro, com maior teor proteico e menos lactose. J\u00e1 o hidrolisado passa por um processo que facilita ainda mais sua digest\u00e3o e absor\u00e7\u00e3o.<\/li>\n<\/ul>\n","protected":false},"excerpt":{"rendered":"<p>Whey protein auxilia na constru\u00e7\u00e3o muscular, mas exige orienta\u00e7\u00e3o profissional para evitar riscos \u00e0 sa\u00fade e garantir resultados seguros e eficazes.<\/p>\n","protected":false},"author":8,"featured_media":14601,"comment_status":"open","ping_status":"open","sticky":false,"template":"","format":"standard","meta":{"jnews-multi-image_gallery":[],"jnews_single_post":{"format":"standard"},"jnews_primary_category":[],"jnews_social_meta":[],"jnews_override_counter":[],"footnotes":""},"categories":[123],"tags":[1621,5505,141,4166],"class_list":["post-14600","post","type-post","status-publish","format-standard","has-post-thumbnail","hentry","category-saude","tag-consumo","tag-excesso","tag-saude","tag-whey-protein"],"yoast_head":"<!-- This site is optimized with the Yoast SEO plugin v25.1 - https:\/\/yoast.com\/wordpress\/plugins\/seo\/ -->\n<title>Whey protein: por que o consumo em excesso pode fazer mal \u00e0 sa\u00fade - Correio Braziliense - Aqui<\/title>\n<meta name=\"description\" content=\"Whey protein auxilia na constru\u00e7\u00e3o muscular, mas exige orienta\u00e7\u00e3o profissional para evitar riscos \u00e0 sa\u00fade e garantir resultados seguros.\" \/>\n<meta name=\"robots\" content=\"index, follow, max-snippet:-1, max-image-preview:large, max-video-preview:-1\" \/>\n<link rel=\"canonical\" href=\"https:\/\/www.correiobraziliense.com.br\/aqui\/2025\/11\/13\/whey-protein-por-que-o-consumo-em-excesso-pode-fazer-mal-a-saude\/\" \/>\n<meta property=\"og:locale\" content=\"pt_BR\" \/>\n<meta property=\"og:type\" content=\"article\" \/>\n<meta property=\"og:title\" content=\"Whey protein: por que o consumo em excesso pode fazer mal \u00e0 sa\u00fade - Correio Braziliense - Aqui\" \/>\n<meta property=\"og:description\" content=\"Whey protein auxilia na constru\u00e7\u00e3o muscular, mas exige orienta\u00e7\u00e3o profissional para evitar riscos \u00e0 sa\u00fade e garantir resultados seguros.\" \/>\n<meta property=\"og:url\" content=\"https:\/\/www.correiobraziliense.com.br\/aqui\/2025\/11\/13\/whey-protein-por-que-o-consumo-em-excesso-pode-fazer-mal-a-saude\/\" \/>\n<meta property=\"og:site_name\" content=\"Correio Braziliense - Aqui\" \/>\n<meta property=\"article:published_time\" content=\"2025-11-13T20:54:00+00:00\" \/>\n<meta property=\"og:image\" content=\"https:\/\/www.correiobraziliense.com.br\/aqui\/wp-content\/uploads\/2025\/11\/httpsneuralmyth.comstaticcachea3dedde8-d6a3-459a-8eb3-8aec5e1bd1df.jpeg\" \/>\n\t<meta property=\"og:image:width\" content=\"1280\" \/>\n\t<meta property=\"og:image:height\" content=\"720\" \/>\n\t<meta property=\"og:image:type\" content=\"image\/jpeg\" \/>\n<meta name=\"author\" content=\"Lara\" \/>\n<meta name=\"twitter:card\" content=\"summary_large_image\" \/>\n<meta name=\"twitter:label1\" content=\"Escrito por\" \/>\n\t<meta name=\"twitter:data1\" content=\"Lara\" \/>\n\t<meta name=\"twitter:label2\" content=\"Est. tempo de leitura\" \/>\n\t<meta name=\"twitter:data2\" content=\"6 minutos\" \/>\n<!-- \/ Yoast SEO plugin. -->","yoast_head_json":{"title":"Whey protein: por que o consumo em excesso pode fazer mal \u00e0 sa\u00fade - Correio Braziliense - Aqui","description":"Whey protein auxilia na constru\u00e7\u00e3o muscular, mas exige orienta\u00e7\u00e3o profissional para evitar riscos \u00e0 sa\u00fade e garantir resultados seguros.","robots":{"index":"index","follow":"follow","max-snippet":"max-snippet:-1","max-image-preview":"max-image-preview:large","max-video-preview":"max-video-preview:-1"},"canonical":"https:\/\/www.correiobraziliense.com.br\/aqui\/2025\/11\/13\/whey-protein-por-que-o-consumo-em-excesso-pode-fazer-mal-a-saude\/","og_locale":"pt_BR","og_type":"article","og_title":"Whey protein: por que o consumo em excesso pode fazer mal \u00e0 sa\u00fade - Correio Braziliense - Aqui","og_description":"Whey protein auxilia na constru\u00e7\u00e3o muscular, mas exige orienta\u00e7\u00e3o profissional para evitar riscos \u00e0 sa\u00fade e garantir resultados seguros.","og_url":"https:\/\/www.correiobraziliense.com.br\/aqui\/2025\/11\/13\/whey-protein-por-que-o-consumo-em-excesso-pode-fazer-mal-a-saude\/","og_site_name":"Correio Braziliense - Aqui","article_published_time":"2025-11-13T20:54:00+00:00","og_image":[{"width":1280,"height":720,"url":"https:\/\/www.correiobraziliense.com.br\/aqui\/wp-content\/uploads\/2025\/11\/httpsneuralmyth.comstaticcachea3dedde8-d6a3-459a-8eb3-8aec5e1bd1df.jpeg","type":"image\/jpeg"}],"author":"Lara","twitter_card":"summary_large_image","twitter_misc":{"Escrito por":"Lara","Est. tempo de leitura":"6 minutos"},"schema":{"@context":"https:\/\/schema.org","@graph":[{"@type":"WebPage","@id":"https:\/\/www.correiobraziliense.com.br\/aqui\/2025\/11\/13\/whey-protein-por-que-o-consumo-em-excesso-pode-fazer-mal-a-saude\/","url":"https:\/\/www.correiobraziliense.com.br\/aqui\/2025\/11\/13\/whey-protein-por-que-o-consumo-em-excesso-pode-fazer-mal-a-saude\/","name":"Whey protein: por que o consumo em excesso pode fazer mal \u00e0 sa\u00fade - Correio Braziliense - Aqui","isPartOf":{"@id":"https:\/\/www.correiobraziliense.com.br\/aqui\/#website"},"primaryImageOfPage":{"@id":"https:\/\/www.correiobraziliense.com.br\/aqui\/2025\/11\/13\/whey-protein-por-que-o-consumo-em-excesso-pode-fazer-mal-a-saude\/#primaryimage"},"image":{"@id":"https:\/\/www.correiobraziliense.com.br\/aqui\/2025\/11\/13\/whey-protein-por-que-o-consumo-em-excesso-pode-fazer-mal-a-saude\/#primaryimage"},"thumbnailUrl":"https:\/\/www.correiobraziliense.com.br\/aqui\/wp-content\/uploads\/2025\/11\/httpsneuralmyth.comstaticcachea3dedde8-d6a3-459a-8eb3-8aec5e1bd1df.jpeg","datePublished":"2025-11-13T20:54:00+00:00","author":{"@id":"https:\/\/www.correiobraziliense.com.br\/aqui\/#\/schema\/person\/5d6e4d99fecc86ab1a7ed1a0369afb65"},"description":"Whey protein auxilia na constru\u00e7\u00e3o muscular, mas exige orienta\u00e7\u00e3o profissional para evitar riscos \u00e0 sa\u00fade e garantir resultados seguros.","breadcrumb":{"@id":"https:\/\/www.correiobraziliense.com.br\/aqui\/2025\/11\/13\/whey-protein-por-que-o-consumo-em-excesso-pode-fazer-mal-a-saude\/#breadcrumb"},"inLanguage":"pt-BR","potentialAction":[{"@type":"ReadAction","target":["https:\/\/www.correiobraziliense.com.br\/aqui\/2025\/11\/13\/whey-protein-por-que-o-consumo-em-excesso-pode-fazer-mal-a-saude\/"]}]},{"@type":"ImageObject","inLanguage":"pt-BR","@id":"https:\/\/www.correiobraziliense.com.br\/aqui\/2025\/11\/13\/whey-protein-por-que-o-consumo-em-excesso-pode-fazer-mal-a-saude\/#primaryimage","url":"https:\/\/www.correiobraziliense.com.br\/aqui\/wp-content\/uploads\/2025\/11\/httpsneuralmyth.comstaticcachea3dedde8-d6a3-459a-8eb3-8aec5e1bd1df.jpeg","contentUrl":"https:\/\/www.correiobraziliense.com.br\/aqui\/wp-content\/uploads\/2025\/11\/httpsneuralmyth.comstaticcachea3dedde8-d6a3-459a-8eb3-8aec5e1bd1df.jpeg","width":1280,"height":720,"caption":"Cr\u00e9ditos: depositphotos.com \/ Farion_O"},{"@type":"BreadcrumbList","@id":"https:\/\/www.correiobraziliense.com.br\/aqui\/2025\/11\/13\/whey-protein-por-que-o-consumo-em-excesso-pode-fazer-mal-a-saude\/#breadcrumb","itemListElement":[{"@type":"ListItem","position":1,"name":"In\u00edcio","item":"https:\/\/www.correiobraziliense.com.br\/aqui\/"},{"@type":"ListItem","position":2,"name":"Whey protein: por que o consumo em excesso pode fazer mal \u00e0 sa\u00fade"}]},{"@type":"WebSite","@id":"https:\/\/www.correiobraziliense.com.br\/aqui\/#website","url":"https:\/\/www.correiobraziliense.com.br\/aqui\/","name":"Correio Braziliense - Aqui","description":"O Correio Braziliense (CB) \u00e9 o mais importante canal de not\u00edcias de Bras\u00edlia. Aqui voc\u00ea encontra as \u00faltimas not\u00edcias do DF, do Brasil e do mundo.","potentialAction":[{"@type":"SearchAction","target":{"@type":"EntryPoint","urlTemplate":"https:\/\/www.correiobraziliense.com.br\/aqui\/?s={search_term_string}"},"query-input":{"@type":"PropertyValueSpecification","valueRequired":true,"valueName":"search_term_string"}}],"inLanguage":"pt-BR"},{"@type":"Person","@id":"https:\/\/www.correiobraziliense.com.br\/aqui\/#\/schema\/person\/5d6e4d99fecc86ab1a7ed1a0369afb65","name":"Lara","image":{"@type":"ImageObject","inLanguage":"pt-BR","@id":"https:\/\/www.correiobraziliense.com.br\/aqui\/#\/schema\/person\/image\/","url":"https:\/\/secure.gravatar.com\/avatar\/57056c5c343a6d8a6669688d3d2c04916d9d280b352b6e50e66a8d39b2517e00?s=96&d=mm&r=g","contentUrl":"https:\/\/secure.gravatar.com\/avatar\/57056c5c343a6d8a6669688d3d2c04916d9d280b352b6e50e66a8d39b2517e00?s=96&d=mm&r=g","caption":"Lara"},"url":"https:\/\/www.correiobraziliense.com.br\/aqui\/author\/laraaqui\/"}]}},"_links":{"self":[{"href":"https:\/\/www.correiobraziliense.com.br\/aqui\/wp-json\/wp\/v2\/posts\/14600","targetHints":{"allow":["GET"]}}],"collection":[{"href":"https:\/\/www.correiobraziliense.com.br\/aqui\/wp-json\/wp\/v2\/posts"}],"about":[{"href":"https:\/\/www.correiobraziliense.com.br\/aqui\/wp-json\/wp\/v2\/types\/post"}],"author":[{"embeddable":true,"href":"https:\/\/www.correiobraziliense.com.br\/aqui\/wp-json\/wp\/v2\/users\/8"}],"replies":[{"embeddable":true,"href":"https:\/\/www.correiobraziliense.com.br\/aqui\/wp-json\/wp\/v2\/comments?post=14600"}],"version-history":[{"count":3,"href":"https:\/\/www.correiobraziliense.com.br\/aqui\/wp-json\/wp\/v2\/posts\/14600\/revisions"}],"predecessor-version":[{"id":14612,"href":"https:\/\/www.correiobraziliense.com.br\/aqui\/wp-json\/wp\/v2\/posts\/14600\/revisions\/14612"}],"wp:featuredmedia":[{"embeddable":true,"href":"https:\/\/www.correiobraziliense.com.br\/aqui\/wp-json\/wp\/v2\/media\/14601"}],"wp:attachment":[{"href":"https:\/\/www.correiobraziliense.com.br\/aqui\/wp-json\/wp\/v2\/media?parent=14600"}],"wp:term":[{"taxonomy":"category","embeddable":true,"href":"https:\/\/www.correiobraziliense.com.br\/aqui\/wp-json\/wp\/v2\/categories?post=14600"},{"taxonomy":"post_tag","embeddable":true,"href":"https:\/\/www.correiobraziliense.com.br\/aqui\/wp-json\/wp\/v2\/tags?post=14600"}],"curies":[{"name":"wp","href":"https:\/\/api.w.org\/{rel}","templated":true}]}}