{"id":15503,"date":"2025-11-25T12:30:00","date_gmt":"2025-11-25T15:30:00","guid":{"rendered":"https:\/\/www.correiobraziliense.com.br\/aqui\/?p=15503"},"modified":"2025-11-25T11:09:29","modified_gmt":"2025-11-25T14:09:29","slug":"eclipse-solar-do-seculo-ocorrera-em-2027-saiba-onde-sera-visivel","status":"publish","type":"post","link":"https:\/\/www.correiobraziliense.com.br\/aqui\/2025\/11\/25\/eclipse-solar-do-seculo-ocorrera-em-2027-saiba-onde-sera-visivel\/","title":{"rendered":"Eclipse solar do s\u00e9culo ocorrer\u00e1 em 2027; saiba onde ser\u00e1 vis\u00edvel"},"content":{"rendered":"\n<p>Em agosto de 2027, um fen\u00f4meno astron\u00f4mico de grande destaque ir\u00e1 ocorrer e mobilizar\u00e1 observadores de v\u00e1rias partes do mundo. Trata-se de um raro<a href=\"https:\/\/www.correiobraziliense.com.br\/aqui\/2025\/10\/14\/eclipse-solar-o-que-e-tipos-funcionamento-e-como-observar\/\"> <strong>eclipse solar total<\/strong><\/a>, cujo percurso cobrindo milhares de quil\u00f4metros promete momentos \u00fanicos para quem estiver na chamada faixa de totalidade. A expectativa crescente em torno desse evento tem atra\u00eddo a aten\u00e7\u00e3o n\u00e3o apenas de pesquisadores, mas tamb\u00e9m de entusiastas da astronomia e do p\u00fablico em geral. Portanto, a populariza\u00e7\u00e3o do fen\u00f4meno j\u00e1 movimenta a comunidade cient\u00edfica e tur\u00edstica em escala global.<\/p>\n\n\n\n<p>Este eclipse solar ser\u00e1 caracterizado por uma faixa de sombra com aproximadamente 258 km de largura, atravessando diferentes continentes e proporcionando um espet\u00e1culo visual incomum. O fen\u00f4meno, embora previsto para ser vis\u00edvel em sua totalidade apenas em algumas regi\u00f5es do planeta, tamb\u00e9m permitir\u00e1 a observa\u00e7\u00e3o parcial em muitos outros locais, ampliando ainda mais o interesse no evento. Em suma, a magnitude do eclipse solar total de 2027 est\u00e1 diretamente relacionada ao seu alcance e visibilidade excepcional.<\/p>\n\n\n\n<h2 class=\"wp-block-heading\">Por onde passa a faixa de totalidade do eclipse solar total de 2027?<\/h2>\n\n\n\n<p>A trajet\u00f3ria do <strong>eclipse solar total de 2027<\/strong> tem in\u00edcio no oceano Atl\u00e2ntico Leste e avan\u00e7a em dire\u00e7\u00e3o ao Mediterr\u00e2neo, passando pelo Estreito de Gibraltar. O \u00e1pice da escurid\u00e3o diurna est\u00e1 previsto para ocorrer no Egito, onde a dura\u00e7\u00e3o da totalidade ser\u00e1 a mais longa em solo terrestre do s\u00e9culo XXI. Entretanto, outros pa\u00edses tamb\u00e9m ser\u00e3o agraciados pela faixa de totalidade, tornando este evento acess\u00edvel a milh\u00f5es de pessoas. Durante seu percurso, a faixa de totalidade cruzar\u00e1 cidades e pa\u00edses importantes, proporcionando visibilidade privilegiada a quem estiver dentro deste largo corredor de sombra. Al\u00e9m disso, cientistas apontam que cidades pr\u00f3ximas \u00e0 linha central, como Luxor e Aswan, no Egito, devem registrar experi\u00eancias ainda mais impressionantes do que outras localidades da faixa.<\/p>\n\n\n\n<ul class=\"wp-block-list\">\n<li><strong>Pa\u00edses com visibilidade total:<\/strong> Espanha, Gibraltar, Marrocos, Arg\u00e9lia, Tun\u00edsia, L\u00edbia, Egito, Sud\u00e3o, Ar\u00e1bia Saudita, I\u00eamen e Som\u00e1lia<\/li>\n\n\n\n<li><strong>Regi\u00f5es com eclipse parcial:<\/strong> Sul da Europa, grande parte da \u00c1frica e partes da \u00c1sia<\/li>\n<\/ul>\n\n\n\n<p>\u00c9 importante ressaltar que a regi\u00e3o com expectativa para a maior dura\u00e7\u00e3o da fase total est\u00e1 localizada no Egito, tornando este local um destino estrat\u00e9gico para astr\u00f4nomos e aventureiros interessados em apreciar a totalidade do fen\u00f4meno. Portanto, quem busca a m\u00e1xima experi\u00eancia deve considerar um planejamento cuidadoso para acompanhar o eclipse em sua plenitude, especialmente em \u00e1reas que oferecer\u00e3o infraestrutura para turistas e pesquisadores.<\/p>\n\n\n\n<h2 class=\"wp-block-heading\">O eclipse solar total de 2027 ser\u00e1 vis\u00edvel no Brasil?<\/h2>\n\n\n\n<p>Segundo especialistas, o eclipse solar total de 2 de agosto de 2027 n\u00e3o poder\u00e1 ser observado em sua totalidade em territ\u00f3rio brasileiro. O caminho da sombra n\u00e3o abranger\u00e1 a Am\u00e9rica do Sul, ficando restrito a outros continentes. Para quem estiver no Brasil, a \u00fanica possibilidade de testemunhar o evento ser\u00e1 viajando para os pa\u00edses inclu\u00eddos na faixa de totalidade.<\/p>\n\n\n\n<p>Apesar disso, algumas regi\u00f5es do planeta ter\u00e3o a oportunidade de presenciar ao menos a vers\u00e3o parcial do fen\u00f4meno, caracterizada pela cobertura parcial do disco solar pela Lua. Ainda assim, a experi\u00eancia visual e cient\u00edfica do eclipse total \u00e9 reconhecida como muito mais significativa, justificando o planejamento de viagens internacionais para vivenciar este momento raro. Portanto, entusiastas brasileiros devem come\u00e7ar um planejamento antecipado caso queiram vivenciar essa experi\u00eancia incompar\u00e1vel.<\/p>\n\n\n\n<h2 class=\"wp-block-heading\">Por que o eclipse solar de 2027 recebe o t\u00edtulo de &#8220;eclipse do s\u00e9culo&#8221;?<\/h2>\n\n\n\n<p>Uma das singularidades do <strong>eclipse solar de 2027<\/strong> est\u00e1 relacionada \u00e0 sua longa dura\u00e7\u00e3o na faixa de totalidade, superando recordes anteriores e n\u00e3o sendo ultrapassada at\u00e9 o ano de 2114. Tal caracter\u00edstica rendeu ao evento o apelido de &#8220;eclipse do s\u00e9culo&#8221;. Em sua m\u00e1xima, a totalidade durar\u00e1 mais do que qualquer outra ocorrida em terra nas \u00faltimas d\u00e9cadas, algo considerado excepcional no universo da astronomia.<\/p>\n\n\n\n<p>Al\u00e9m disso, a vasta extens\u00e3o do trajeto \u2014 superior a 15 mil quil\u00f4metros \u2014 aumenta o alcance do fen\u00f4meno, viabilizando oportunidades inigual\u00e1veis de pesquisa cient\u00edfica e observa\u00e7\u00e3o popular. Esta combina\u00e7\u00e3o de fatores torna o eclipse de 2027 um tema recorrente em planejamentos de expedi\u00e7\u00f5es cient\u00edficas e em roteiros tur\u00edsticos de observa\u00e7\u00e3o astron\u00f4mica. Em suma, o apelido &#8220;eclipse do s\u00e9culo&#8221; evidencia como o alinhamento perfeito dos astros poder\u00e1 proporcionar um espet\u00e1culo natural sem precedentes no s\u00e9culo XXI.<\/p>\n\n\n\n<ol class=\"wp-block-list\">\n<li>Dura\u00e7\u00e3o in\u00e9dita da fase total em regi\u00f5es terrestres<\/li>\n\n\n\n<li>Extensa faixa de visibilidade, cortando diferentes continentes<\/li>\n\n\n\n<li>Oportunidade \u00fanica de estudos e registros visuais prolongados<\/li>\n<\/ol>\n\n\n\n<p>Assim, quem se prepara para acompanhar o eclipse solar total de 2027 tem diante de si um acontecimento de relev\u00e2ncia astron\u00f4mica rara, reunindo condi\u00e7\u00f5es especiais que dificilmente se repetir\u00e3o nos pr\u00f3ximos anos. O fen\u00f4meno refor\u00e7a a import\u00e2ncia da populariza\u00e7\u00e3o da ci\u00eancia e a capacidade, ainda hoje, de promover o encantamento diante das maravilhas do c\u00e9u. Ent\u00e3o, esteja pronto para uma experi\u00eancia verdadeiramente inesquec\u00edvel.<\/p>\n\n\n\n<h2 class=\"wp-block-heading\">FAQ \u2013 Perguntas Frequentes sobre o eclipse solar total de 2027<\/h2>\n\n\n\n<ul class=\"wp-block-list\">\n<li><strong>Qual ser\u00e1 a dura\u00e7\u00e3o m\u00e1xima do eclipse total em 2027?<\/strong><br>A dura\u00e7\u00e3o m\u00e1xima da totalidade ser\u00e1 de cerca de 6 minutos e 23 segundos, especialmente nas proximidades do Egito, sendo um dos mais longos eclipses totais do s\u00e9culo XXI.<br>  <\/li>\n\n\n\n<li><strong>Qual a diferen\u00e7a entre eclipse total e eclipse parcial?<\/strong><br>No eclipse total, a Lua cobre completamente o disco solar para quem estiver na faixa de totalidade, promovendo escurid\u00e3o moment\u00e2nea durante o dia. Enquanto isso, no eclipse parcial, apenas uma parte do Sol \u00e9 encoberta, n\u00e3o provocando a mesma escurid\u00e3o intensa.<br>  <\/li>\n\n\n\n<li><strong>Quais cuidados s\u00e3o necess\u00e1rios para observar o eclipse com seguran\u00e7a?<\/strong><br>Para observar o eclipse, nunca olhe diretamente para o Sol sem prote\u00e7\u00e3o! Use \u00f3culos especiais para observa\u00e7\u00e3o solar, filtros certificados ou m\u00e9todos de proje\u00e7\u00e3o para evitar danos \u00e0 vis\u00e3o. Em suma, a seguran\u00e7a ocular deve ser prioridade em qualquer modalidade de observa\u00e7\u00e3o do fen\u00f4meno.<br>  <\/li>\n\n\n\n<li><strong>Como planejar uma viagem para acompanhar o eclipse de 2027?<\/strong><br>Procure informa\u00e7\u00f5es sobre o tempo e clima da regi\u00e3o escolhida, verifique a infraestrutura local para hospedagem e transporte e acompanhe not\u00edcias de eventos organizados para observadores. Portanto, reserve tudo com anteced\u00eancia pois h\u00e1 grande demanda nessas datas.<br>  <\/li>\n\n\n\n<li><strong>Quando ser\u00e1 o pr\u00f3ximo eclipse solar total vis\u00edvel no Brasil?<\/strong><br>O pr\u00f3ximo eclipse total que poder\u00e1 ser observado em parte do territ\u00f3rio brasileiro ocorrer\u00e1 apenas em 2045, ent\u00e3o quem deseja presenciar o fen\u00f4meno deve considerar viajar para outros destinos em 2027.<br>  <\/li>\n<\/ul>\n\n\n\n<p><\/p>\n","protected":false},"excerpt":{"rendered":"<p>Eclipse solar total de 2027: o fen\u00f4meno do s\u00e9culo ter\u00e1 faixa de sombra de 258 km e ser\u00e1 vis\u00edvel em pa\u00edses da \u00c1frica, Europa e \u00c1sia.<\/p>\n","protected":false},"author":10,"featured_media":15504,"comment_status":"open","ping_status":"open","sticky":false,"template":"","format":"standard","meta":{"jnews-multi-image_gallery":[],"jnews_single_post":{"format":"standard"},"jnews_primary_category":[],"jnews_social_meta":[],"jnews_override_counter":[],"footnotes":""},"categories":[208],"tags":[207,3960,211],"class_list":["post-15503","post","type-post","status-publish","format-standard","has-post-thumbnail","hentry","category-ciencia","tag-ciencia","tag-eclipse-lunar","tag-natureza"],"yoast_head":"<!-- This site is optimized with the Yoast SEO plugin v25.1 - https:\/\/yoast.com\/wordpress\/plugins\/seo\/ -->\n<title>Eclipse solar do s\u00e9culo ocorrer\u00e1 em 2027; saiba onde ser\u00e1 vis\u00edvel - Correio Braziliense - Aqui<\/title>\n<meta name=\"description\" content=\"Eclipse solar total de 2027: o fen\u00f4meno do s\u00e9culo ter\u00e1 faixa de sombra de 258 km e ser\u00e1 vis\u00edvel em pa\u00edses da \u00c1frica, Europa e \u00c1sia.\" \/>\n<meta name=\"robots\" content=\"index, follow, max-snippet:-1, max-image-preview:large, max-video-preview:-1\" \/>\n<link rel=\"canonical\" href=\"https:\/\/www.correiobraziliense.com.br\/aqui\/2025\/11\/25\/eclipse-solar-do-seculo-ocorrera-em-2027-saiba-onde-sera-visivel\/\" \/>\n<meta property=\"og:locale\" content=\"pt_BR\" \/>\n<meta property=\"og:type\" content=\"article\" \/>\n<meta property=\"og:title\" content=\"Eclipse solar do s\u00e9culo ocorrer\u00e1 em 2027; saiba onde ser\u00e1 vis\u00edvel - Correio Braziliense - Aqui\" \/>\n<meta property=\"og:description\" content=\"Eclipse solar total de 2027: o fen\u00f4meno do s\u00e9culo ter\u00e1 faixa de sombra de 258 km e ser\u00e1 vis\u00edvel em pa\u00edses da \u00c1frica, Europa e \u00c1sia.\" \/>\n<meta property=\"og:url\" content=\"https:\/\/www.correiobraziliense.com.br\/aqui\/2025\/11\/25\/eclipse-solar-do-seculo-ocorrera-em-2027-saiba-onde-sera-visivel\/\" \/>\n<meta property=\"og:site_name\" content=\"Correio Braziliense - Aqui\" \/>\n<meta property=\"article:published_time\" content=\"2025-11-25T15:30:00+00:00\" \/>\n<meta property=\"og:image\" content=\"https:\/\/www.correiobraziliense.com.br\/aqui\/wp-content\/uploads\/2025\/11\/httpsneuralmyth.comstaticcache197a3e9f-c35f-4bbc-9640-97d0094f3b4d.jpeg\" \/>\n\t<meta property=\"og:image:width\" content=\"1280\" \/>\n\t<meta property=\"og:image:height\" content=\"720\" \/>\n\t<meta property=\"og:image:type\" content=\"image\/jpeg\" \/>\n<meta name=\"author\" content=\"Larissa\" \/>\n<meta name=\"twitter:card\" content=\"summary_large_image\" \/>\n<meta name=\"twitter:label1\" content=\"Escrito por\" \/>\n\t<meta name=\"twitter:data1\" content=\"Larissa\" \/>\n\t<meta name=\"twitter:label2\" content=\"Est. tempo de leitura\" \/>\n\t<meta name=\"twitter:data2\" content=\"6 minutos\" \/>\n<!-- \/ Yoast SEO plugin. -->","yoast_head_json":{"title":"Eclipse solar do s\u00e9culo ocorrer\u00e1 em 2027; saiba onde ser\u00e1 vis\u00edvel - Correio Braziliense - Aqui","description":"Eclipse solar total de 2027: o fen\u00f4meno do s\u00e9culo ter\u00e1 faixa de sombra de 258 km e ser\u00e1 vis\u00edvel em pa\u00edses da \u00c1frica, Europa e \u00c1sia.","robots":{"index":"index","follow":"follow","max-snippet":"max-snippet:-1","max-image-preview":"max-image-preview:large","max-video-preview":"max-video-preview:-1"},"canonical":"https:\/\/www.correiobraziliense.com.br\/aqui\/2025\/11\/25\/eclipse-solar-do-seculo-ocorrera-em-2027-saiba-onde-sera-visivel\/","og_locale":"pt_BR","og_type":"article","og_title":"Eclipse solar do s\u00e9culo ocorrer\u00e1 em 2027; saiba onde ser\u00e1 vis\u00edvel - Correio Braziliense - Aqui","og_description":"Eclipse solar total de 2027: o fen\u00f4meno do s\u00e9culo ter\u00e1 faixa de sombra de 258 km e ser\u00e1 vis\u00edvel em pa\u00edses da \u00c1frica, Europa e \u00c1sia.","og_url":"https:\/\/www.correiobraziliense.com.br\/aqui\/2025\/11\/25\/eclipse-solar-do-seculo-ocorrera-em-2027-saiba-onde-sera-visivel\/","og_site_name":"Correio Braziliense - Aqui","article_published_time":"2025-11-25T15:30:00+00:00","og_image":[{"width":1280,"height":720,"url":"https:\/\/www.correiobraziliense.com.br\/aqui\/wp-content\/uploads\/2025\/11\/httpsneuralmyth.comstaticcache197a3e9f-c35f-4bbc-9640-97d0094f3b4d.jpeg","type":"image\/jpeg"}],"author":"Larissa","twitter_card":"summary_large_image","twitter_misc":{"Escrito por":"Larissa","Est. tempo de leitura":"6 minutos"},"schema":{"@context":"https:\/\/schema.org","@graph":[{"@type":"WebPage","@id":"https:\/\/www.correiobraziliense.com.br\/aqui\/2025\/11\/25\/eclipse-solar-do-seculo-ocorrera-em-2027-saiba-onde-sera-visivel\/","url":"https:\/\/www.correiobraziliense.com.br\/aqui\/2025\/11\/25\/eclipse-solar-do-seculo-ocorrera-em-2027-saiba-onde-sera-visivel\/","name":"Eclipse solar do s\u00e9culo ocorrer\u00e1 em 2027; saiba onde ser\u00e1 vis\u00edvel - Correio Braziliense - Aqui","isPartOf":{"@id":"https:\/\/www.correiobraziliense.com.br\/aqui\/#website"},"primaryImageOfPage":{"@id":"https:\/\/www.correiobraziliense.com.br\/aqui\/2025\/11\/25\/eclipse-solar-do-seculo-ocorrera-em-2027-saiba-onde-sera-visivel\/#primaryimage"},"image":{"@id":"https:\/\/www.correiobraziliense.com.br\/aqui\/2025\/11\/25\/eclipse-solar-do-seculo-ocorrera-em-2027-saiba-onde-sera-visivel\/#primaryimage"},"thumbnailUrl":"https:\/\/www.correiobraziliense.com.br\/aqui\/wp-content\/uploads\/2025\/11\/httpsneuralmyth.comstaticcache197a3e9f-c35f-4bbc-9640-97d0094f3b4d.jpeg","datePublished":"2025-11-25T15:30:00+00:00","author":{"@id":"https:\/\/www.correiobraziliense.com.br\/aqui\/#\/schema\/person\/775f50a8c1ac31704d56816e99b29041"},"description":"Eclipse solar total de 2027: o fen\u00f4meno do s\u00e9culo ter\u00e1 faixa de sombra de 258 km e ser\u00e1 vis\u00edvel em pa\u00edses da \u00c1frica, Europa e \u00c1sia.","breadcrumb":{"@id":"https:\/\/www.correiobraziliense.com.br\/aqui\/2025\/11\/25\/eclipse-solar-do-seculo-ocorrera-em-2027-saiba-onde-sera-visivel\/#breadcrumb"},"inLanguage":"pt-BR","potentialAction":[{"@type":"ReadAction","target":["https:\/\/www.correiobraziliense.com.br\/aqui\/2025\/11\/25\/eclipse-solar-do-seculo-ocorrera-em-2027-saiba-onde-sera-visivel\/"]}]},{"@type":"ImageObject","inLanguage":"pt-BR","@id":"https:\/\/www.correiobraziliense.com.br\/aqui\/2025\/11\/25\/eclipse-solar-do-seculo-ocorrera-em-2027-saiba-onde-sera-visivel\/#primaryimage","url":"https:\/\/www.correiobraziliense.com.br\/aqui\/wp-content\/uploads\/2025\/11\/httpsneuralmyth.comstaticcache197a3e9f-c35f-4bbc-9640-97d0094f3b4d.jpeg","contentUrl":"https:\/\/www.correiobraziliense.com.br\/aqui\/wp-content\/uploads\/2025\/11\/httpsneuralmyth.comstaticcache197a3e9f-c35f-4bbc-9640-97d0094f3b4d.jpeg","width":1280,"height":720,"caption":"Cr\u00e9ditos: depositphotos.com \/ kevron2002"},{"@type":"BreadcrumbList","@id":"https:\/\/www.correiobraziliense.com.br\/aqui\/2025\/11\/25\/eclipse-solar-do-seculo-ocorrera-em-2027-saiba-onde-sera-visivel\/#breadcrumb","itemListElement":[{"@type":"ListItem","position":1,"name":"In\u00edcio","item":"https:\/\/www.correiobraziliense.com.br\/aqui\/"},{"@type":"ListItem","position":2,"name":"Eclipse solar do s\u00e9culo ocorrer\u00e1 em 2027; saiba onde ser\u00e1 vis\u00edvel"}]},{"@type":"WebSite","@id":"https:\/\/www.correiobraziliense.com.br\/aqui\/#website","url":"https:\/\/www.correiobraziliense.com.br\/aqui\/","name":"Correio Braziliense - Aqui","description":"O Correio Braziliense (CB) \u00e9 o mais importante canal de not\u00edcias de Bras\u00edlia. Aqui voc\u00ea encontra as \u00faltimas not\u00edcias do DF, do Brasil e do mundo.","potentialAction":[{"@type":"SearchAction","target":{"@type":"EntryPoint","urlTemplate":"https:\/\/www.correiobraziliense.com.br\/aqui\/?s={search_term_string}"},"query-input":{"@type":"PropertyValueSpecification","valueRequired":true,"valueName":"search_term_string"}}],"inLanguage":"pt-BR"},{"@type":"Person","@id":"https:\/\/www.correiobraziliense.com.br\/aqui\/#\/schema\/person\/775f50a8c1ac31704d56816e99b29041","name":"Larissa","image":{"@type":"ImageObject","inLanguage":"pt-BR","@id":"https:\/\/www.correiobraziliense.com.br\/aqui\/#\/schema\/person\/image\/","url":"https:\/\/secure.gravatar.com\/avatar\/62f5b2e99de671d075ab98e19f03c3c38c80a93f5d06f51075cf4431a4e76458?s=96&d=mm&r=g","contentUrl":"https:\/\/secure.gravatar.com\/avatar\/62f5b2e99de671d075ab98e19f03c3c38c80a93f5d06f51075cf4431a4e76458?s=96&d=mm&r=g","caption":"Larissa"},"url":"https:\/\/www.correiobraziliense.com.br\/aqui\/author\/larissaaqui\/"}]}},"_links":{"self":[{"href":"https:\/\/www.correiobraziliense.com.br\/aqui\/wp-json\/wp\/v2\/posts\/15503","targetHints":{"allow":["GET"]}}],"collection":[{"href":"https:\/\/www.correiobraziliense.com.br\/aqui\/wp-json\/wp\/v2\/posts"}],"about":[{"href":"https:\/\/www.correiobraziliense.com.br\/aqui\/wp-json\/wp\/v2\/types\/post"}],"author":[{"embeddable":true,"href":"https:\/\/www.correiobraziliense.com.br\/aqui\/wp-json\/wp\/v2\/users\/10"}],"replies":[{"embeddable":true,"href":"https:\/\/www.correiobraziliense.com.br\/aqui\/wp-json\/wp\/v2\/comments?post=15503"}],"version-history":[{"count":4,"href":"https:\/\/www.correiobraziliense.com.br\/aqui\/wp-json\/wp\/v2\/posts\/15503\/revisions"}],"predecessor-version":[{"id":15511,"href":"https:\/\/www.correiobraziliense.com.br\/aqui\/wp-json\/wp\/v2\/posts\/15503\/revisions\/15511"}],"wp:featuredmedia":[{"embeddable":true,"href":"https:\/\/www.correiobraziliense.com.br\/aqui\/wp-json\/wp\/v2\/media\/15504"}],"wp:attachment":[{"href":"https:\/\/www.correiobraziliense.com.br\/aqui\/wp-json\/wp\/v2\/media?parent=15503"}],"wp:term":[{"taxonomy":"category","embeddable":true,"href":"https:\/\/www.correiobraziliense.com.br\/aqui\/wp-json\/wp\/v2\/categories?post=15503"},{"taxonomy":"post_tag","embeddable":true,"href":"https:\/\/www.correiobraziliense.com.br\/aqui\/wp-json\/wp\/v2\/tags?post=15503"}],"curies":[{"name":"wp","href":"https:\/\/api.w.org\/{rel}","templated":true}]}}