{"id":16140,"date":"2025-12-02T17:09:59","date_gmt":"2025-12-02T20:09:59","guid":{"rendered":"https:\/\/www.correiobraziliense.com.br\/aqui\/?p=16140"},"modified":"2025-12-02T17:10:03","modified_gmt":"2025-12-02T20:10:03","slug":"saiba-por-que-o-dia-8-12-e-a-data-ideal-para-montar-a-arvore-de-natal","status":"publish","type":"post","link":"https:\/\/www.correiobraziliense.com.br\/aqui\/2025\/12\/02\/saiba-por-que-o-dia-8-12-e-a-data-ideal-para-montar-a-arvore-de-natal\/","title":{"rendered":"Saiba por que o dia 8\/12 \u00e9 a data ideal para montar a \u00e1rvore de Natal"},"content":{"rendered":"\n<p>Dezembro costuma transformar cidades e casas ao redor do planeta, marcando o in\u00edcio de uma rotina de rituais que ultrapassam fronteiras religiosas. Entre esses gestos simb\u00f3licos, montar a \u00e1rvore de Natal permanece como um dos mais vis\u00edveis e duradouros. Em muitos pa\u00edses, a data escolhida para erguer a \u00e1rvore n\u00e3o \u00e9 aleat\u00f3ria: ela acompanha festas do calend\u00e1rio crist\u00e3o, feriados nacionais e costumes familiares transmitidos entre gera\u00e7\u00f5es.<\/p>\n\n\n\n<p>A tradi\u00e7\u00e3o da \u00e1rvore de Natal, embora carregada de significado religioso para parte da popula\u00e7\u00e3o, tamb\u00e9m ganhou um car\u00e1ter cultural e social. Em bairros, condom\u00ednios, com\u00e9rcios e espa\u00e7os p\u00fablicos, o ato de montar a \u00e1rvore se tornou uma forma de indicar que a temporada natalina come\u00e7ou. Mesmo em contextos urbanos e laicos, o enfeite aparece como um marco visual do fim de ano, associado a encontros, viagens e celebra\u00e7\u00f5es em fam\u00edlia.<\/p>\n\n\n\n<h2 class=\"wp-block-heading\">Quando montar a \u00e1rvore de Natal no Brasil?<\/h2>\n\n\n\n<p>No Brasil, a pr\u00e1tica mais difundida associa a montagem da \u00e1rvore de Natal ao in\u00edcio do <strong>Advento<\/strong>, per\u00edodo que antecede o Natal no calend\u00e1rio crist\u00e3o. Tradicionalmente, <strong><a href=\"https:\/\/www.correiobraziliense.com.br\/aqui\/2025\/11\/13\/presentes-de-natal-para-pais-confira-as-melhores-sugestoes-tech\/\" target=\"_blank\" rel=\"noreferrer noopener\">o Advento come\u00e7a quatro domingos antes do dia 25 de dezembro<\/a><\/strong>. Muitas fam\u00edlias tomam esse domingo como refer\u00eancia para tirar os enfeites das caixas, organizar luzes, revisar bolinhas e definir o lugar da \u00e1rvore na casa. Em 2025, o primeiro domingo do Advento ocorreu em 30 de novembro, influenciando a escolha de data para a decora\u00e7\u00e3o em diversas comunidades.<\/p>\n\n\n\n<p>Embora n\u00e3o exista uma norma lit\u00fargica obrigat\u00f3ria sobre o dia exato para montar a \u00e1rvore, par\u00f3quias, grupos pastorais e movimentos ligados \u00e0 Igreja Cat\u00f3lica costumam usar o Advento como um tempo de prepara\u00e7\u00e3o. Nesse contexto, a \u00e1rvore de Natal \u00e9 vista como um s\u00edmbolo de esperan\u00e7a e de expectativa pela celebra\u00e7\u00e3o do nascimento de Jesus. Ao mesmo tempo, muitas pessoas que n\u00e3o seguem pr\u00e1ticas religiosas espec\u00edficas mant\u00eam o h\u00e1bito por tradi\u00e7\u00e3o familiar ou por associa\u00e7\u00e3o ao clima festivo de fim de ano.<\/p>\n\n\n\n<ul class=\"wp-block-list\">\n<li><strong>Fam\u00edlias religiosas:<\/strong> tendem a esperar o come\u00e7o do Advento.<\/li>\n\n\n\n<li><strong>Fam\u00edlias com crian\u00e7as:<\/strong> muitas vezes antecipam a montagem para o in\u00edcio de dezembro.<\/li>\n\n\n\n<li><strong>Com\u00e9rcios e shoppings:<\/strong> geralmente decoram j\u00e1 em novembro, alinhados a campanhas de vendas.<\/li>\n<\/ul>\n\n\n\n<h2 class=\"wp-block-heading\">\u00c1rvore de Natal e Imaculada Concei\u00e7\u00e3o: qual \u00e9 a rela\u00e7\u00e3o?<\/h2>\n\n\n\n<p>Em pa\u00edses de forte tradi\u00e7\u00e3o cat\u00f3lica, a data de 8 de dezembro, dedicada \u00e0 <strong>Imaculada Concei\u00e7\u00e3o de Maria<\/strong>, tornou-se um marco importante para a montagem da \u00e1rvore. Na Argentina, por exemplo, o costume de montar a \u00e1rvore exatamente nesse dia est\u00e1 profundamente consolidado. A celebra\u00e7\u00e3o relembra o dogma que afirma que Maria foi concebida sem o pecado original, e a data \u00e9 feriado nacional, o que facilita reuni\u00f5es familiares e atividades comunit\u00e1rias.<\/p>\n\n\n\n<p>Nesse cen\u00e1rio, o impacto cultural do 8 de dezembro \u00e9 vis\u00edvel. Fam\u00edlias reservam o dia para organizar a casa, preparar o pres\u00e9pio, revisitar enfeites antigos e at\u00e9 comprar novos adornos. Em muitas cidades argentinas, pra\u00e7as, avenidas e pr\u00e9dios p\u00fablicos acendem as luzes de Natal justamente nesse dia, marcando oficialmente o in\u00edcio da temporada natalina. Em 2025, o 8 de dezembro cair\u00e1 em uma segunda-feira, criando um fim de semana prolongado que tende a intensificar viagens, encontros e eventos ligados ao per\u00edodo de festas.<\/p>\n\n\n\n<p>Em Portugal, a associa\u00e7\u00e3o entre 8 de dezembro, Imaculada Concei\u00e7\u00e3o e montagem da \u00e1rvore tamb\u00e9m \u00e9 bastante presente. Nesse per\u00edodo, cidades portuguesas inauguram ilumina\u00e7\u00f5es, mercadinhos de Natal e programa\u00e7\u00f5es culturais que se estendem at\u00e9 o fim do m\u00eas. A \u00e1rvore, o pres\u00e9pio e outros elementos decorativos aparecem tanto em casas quanto em espa\u00e7os p\u00fablicos, compondo um cen\u00e1rio que mistura devo\u00e7\u00e3o religiosa, tradi\u00e7\u00e3o local e turismo.<\/p>\n\n\n\n<h2 class=\"wp-block-heading\">Nos Estados Unidos, quando come\u00e7a a temporada natalina?<\/h2>\n\n\n\n<p>Nos Estados Unidos, a refer\u00eancia principal para a montagem da \u00e1rvore de Natal \u00e9 o <strong>Dia de A\u00e7\u00e3o de Gra\u00e7as<\/strong> (<em>Thanksgiving<\/em>), celebrado na quarta quinta-feira de novembro. O fim de semana seguinte costuma marcar o ponto de partida para as decora\u00e7\u00f5es de Natal em boa parte das resid\u00eancias. Muitas fam\u00edlias aproveitam o feriado prolongado para comprar ou retirar do arm\u00e1rio a \u00e1rvore, organizar luzes externas, guirlandas e outros enfeites.<\/p>\n\n\n\n<p>Essa din\u00e2mica se conecta tamb\u00e9m ao calend\u00e1rio econ\u00f4mico. Logo ap\u00f3s o Dia de A\u00e7\u00e3o de Gra\u00e7as ocorrem datas como <em>Black Friday<\/em> e <em>Cyber Monday<\/em>, que impulsionam a compra de enfeites, presentes e itens de decora\u00e7\u00e3o. Assim, a \u00e1rvore de Natal passa a ser montada n\u00e3o apenas como um gesto simb\u00f3lico, mas tamb\u00e9m como parte de um cen\u00e1rio preparado para receber visitas, confraterniza\u00e7\u00f5es e trocas de presentes ao longo de dezembro.<\/p>\n\n\n\n<ol class=\"wp-block-list\">\n<li>Quarta quinta-feira de novembro: celebra\u00e7\u00e3o do Thanksgiving.<\/li>\n\n\n\n<li>Fim de semana seguinte: in\u00edcio da montagem das \u00e1rvores e das luzes.<\/li>\n\n\n\n<li>Primeiras semanas de dezembro: expans\u00e3o das decora\u00e7\u00f5es em bairros, lojas e espa\u00e7os p\u00fablicos.<\/li>\n<\/ol>\n\n\n\n<h2 class=\"wp-block-heading\">Por que a escolha da data importa?<\/h2>\n\n\n\n<p>A defini\u00e7\u00e3o do dia para montar a \u00e1rvore de Natal funciona como um sinal coletivo de que o fim do ano chegou. Em cada pa\u00eds, fatores religiosos, culturais e at\u00e9 econ\u00f4micos influenciam esse calend\u00e1rio. No Brasil, o Advento orienta muitas fam\u00edlias; na Argentina e em Portugal, o 8 de dezembro concentra tradi\u00e7\u00f5es ligadas \u00e0 Imaculada Concei\u00e7\u00e3o; nos Estados Unidos, o Dia de A\u00e7\u00e3o de Gra\u00e7as marca a virada de chave entre o outono e o per\u00edodo natalino.<\/p>\n\n\n\n<p>Independentemente do contexto, a \u00e1rvore acaba reunindo significados que v\u00e3o al\u00e9m da decora\u00e7\u00e3o. Para muitas pessoas, ela representa mem\u00f3ria familiar, hist\u00f3rias compartilhadas, fotos antigas e lembran\u00e7as de outras celebra\u00e7\u00f5es. Entre luzes, enfeites e rituais espec\u00edficos de cada lugar, o gesto de montar a \u00e1rvore de Natal segue funcionando como um dos marcos mais reconhec\u00edveis e aguardados do calend\u00e1rio de dezembro em diferentes partes do mundo.<\/p>\n\n\n\n<h2 class=\"wp-block-heading\">FAQ sobre \u00e1rvore de Natal<\/h2>\n\n\n\n<p><strong>1. Qual a origem hist\u00f3rica da \u00e1rvore de Natal?<\/strong><br>A \u00e1rvore de Natal tem ra\u00edzes em antigas tradi\u00e7\u00f5es europeias que envolviam o uso de \u00e1rvores verdes ou ramos no inverno para simbolizar vida e renova\u00e7\u00e3o. Com o tempo, essas pr\u00e1ticas foram sendo incorporadas pelo cristianismo, sobretudo na regi\u00e3o da Alemanha. Em suma, a \u00e1rvore passou a representar n\u00e3o apenas a natureza que resiste ao inverno, mas tamb\u00e9m a esperan\u00e7a e a f\u00e9 ligadas ao nascimento de Jesus. Entretanto, muitos elementos atuais, como bolas coloridas e luzes, foram sendo acrescentados ao longo dos s\u00e9culos por motivos est\u00e9ticos e culturais.<\/p>\n\n\n\n<p><strong>2. O que cada enfeite da \u00e1rvore de Natal costuma simbolizar?<\/strong><br>Cada enfeite pode carregar significados diferentes de acordo com a tradi\u00e7\u00e3o familiar ou religiosa. As luzes remetem \u00e0 ideia de Jesus como luz do mundo; as estrelas evocam a Estrela de Bel\u00e9m; as bolas coloridas podem representar frutos e b\u00ean\u00e7\u00e3os; e o la\u00e7o costuma estar ligado \u00e0 uni\u00e3o entre as pessoas. Em suma, n\u00e3o h\u00e1 um c\u00f3digo \u00fanico e r\u00edgido, mas um conjunto de s\u00edmbolos que ajudam a contar a hist\u00f3ria do Natal. Portanto, muitas fam\u00edlias adaptam e ressignificam os enfeites conforme suas mem\u00f3rias e cren\u00e7as.<\/p>\n\n\n\n<p><strong>3. Melhor optar por \u00e1rvore natural ou artificial?<\/strong><br>A escolha entre \u00e1rvore natural ou artificial envolve fatores ambientais, financeiros e pr\u00e1ticos. \u00c1rvores naturais trazem aroma e apar\u00eancia aut\u00eantica, mas exigem mais cuidados e t\u00eam dura\u00e7\u00e3o limitada. J\u00e1 as artificiais podem ser reutilizadas por v\u00e1rios anos, o que dilui o custo ao longo do tempo e reduz o trabalho anual de compra. Em suma, nenhuma das op\u00e7\u00f5es \u00e9 perfeita; \u00e9 importante considerar proced\u00eancia, descarte e uso prolongado. Ent\u00e3o, o ideal \u00e9 escolher aquela que melhor se adapta ao seu estilo de vida, ao espa\u00e7o dispon\u00edvel e \u00e0 forma como voc\u00ea pretende cuidar da decora\u00e7\u00e3o.<\/p>\n\n\n\n<p><strong>4. Como conservar a \u00e1rvore de Natal ao longo de todo o m\u00eas?<\/strong><br>Para manter a \u00e1rvore bonita at\u00e9 o fim das festas, \u00e9 essencial evitar exposi\u00e7\u00e3o direta ao sol, umidade excessiva e fontes intensas de calor, como lareiras e fog\u00f5es. No caso das artificiais, guardar a caixa original e desmontar com cuidado ajuda a preservar os galhos e enfeites para o ano seguinte. J\u00e1 para \u00e1rvores naturais, regar conforme a orienta\u00e7\u00e3o do fornecedor e manter o suporte com \u00e1gua s\u00e3o pr\u00e1ticas importantes. Em suma, pequenos cuidados de rotina prolongam a vida \u00fatil da decora\u00e7\u00e3o. Portanto, reservar alguns minutos por semana para ajustar galhos, limpar poeira e verificar as luzes faz bastante diferen\u00e7a.<\/p>\n\n\n\n<p><strong>5. Quais cuidados de seguran\u00e7a devo ter com luzes e extens\u00f5es?<\/strong><br>A instala\u00e7\u00e3o el\u00e9trica \u00e9 um ponto delicado. \u00c9 recomend\u00e1vel usar conjuntos de luzes certificados, evitar sobrecarga de tomadas e n\u00e3o deixar fios descascados ou emendados de forma improvisada. Entretanto, muitas pessoas ainda ligam v\u00e1rios equipamentos na mesma r\u00e9gua, o que pode aumentar o risco de curto-circuito. Em suma, o ideal \u00e9 testar as luzes antes de coloc\u00e1-las na \u00e1rvore, deslig\u00e1-las ao sair de casa ou ao dormir e manter extens\u00f5es afastadas de tapetes e locais \u00famidos. Portanto, seguran\u00e7a deve ser prioridade tanto quanto est\u00e9tica.<\/p>\n\n\n\n<p><strong>6. Como adaptar a \u00e1rvore de Natal para casas com pets e crian\u00e7as pequenas?<\/strong><br>Em casas com animais e crian\u00e7as, vale priorizar enfeites leves, resistentes e que n\u00e3o se quebrem facilmente, evitando vidro e pe\u00e7as muito pequenas. Fixar bem a base da \u00e1rvore, prender alguns enfeites com amarras mais firmes e posicionar objetos fr\u00e1geis na parte mais alta s\u00e3o estrat\u00e9gias simples. Em suma, a ideia \u00e9 permitir que todos convivam com a decora\u00e7\u00e3o sem grandes riscos. Ent\u00e3o, \u00e9 poss\u00edvel manter o clima natalino, mas com escolhas mais seguras e materiais adequados \u00e0 realidade da casa.<\/p>\n\n\n\n<p><strong>7. Existe uma data \u201ccerta\u201d para desmontar a \u00e1rvore de Natal?<\/strong><br>H\u00e1 tradi\u00e7\u00e3o de manter a \u00e1rvore at\u00e9 a celebra\u00e7\u00e3o da Epifania, em 6 de janeiro, que marca a visita dos Reis Magos ao menino Jesus. Entretanto, muitas pessoas preferem desmontar logo ap\u00f3s o Ano-Novo, por quest\u00f5es pr\u00e1ticas ou de organiza\u00e7\u00e3o da casa. Em suma, n\u00e3o h\u00e1 obrigatoriedade, mas um conjunto de costumes que variam conforme a cultura e a rotina de cada fam\u00edlia. Portanto, a decis\u00e3o costuma equilibrar simbolismo religioso, disponibilidade de tempo e o desejo de prolongar ou encerrar a atmosfera natalina.<\/p>\n","protected":false},"excerpt":{"rendered":"<p>Descubra quando montar a \u00e1rvore de Natal no Brasil, Argentina, Portugal e EUA, entendendo tradi\u00e7\u00f5es cat\u00f3licas e in\u00edcio da temporada festiva.<\/p>\n","protected":false},"author":8,"featured_media":16141,"comment_status":"open","ping_status":"open","sticky":false,"template":"","format":"standard","meta":{"jnews-multi-image_gallery":[],"jnews_single_post":{"format":"standard"},"jnews_primary_category":[],"jnews_social_meta":[],"jnews_override_counter":[],"footnotes":""},"categories":[120],"tags":[801,5386,157,1125,1045,1832],"class_list":["post-16140","post","type-post","status-publish","format-standard","has-post-thumbnail","hentry","category-curiosidades","tag-argentina","tag-arvore-de-natal","tag-brasil","tag-curiosidades","tag-estados-unidos","tag-portugal"],"yoast_head":"<!-- This site is optimized with the Yoast SEO plugin v25.1 - https:\/\/yoast.com\/wordpress\/plugins\/seo\/ -->\n<title>Saiba por que o dia 8\/12 \u00e9 a data ideal para montar a \u00e1rvore de Natal - Correio Braziliense - Aqui<\/title>\n<meta name=\"description\" content=\"Descubra quando montar a \u00e1rvore de Natal no Brasil, Argentina, Portugal e EUA, entendendo tradi\u00e7\u00f5es cat\u00f3licas e in\u00edcio da temporada festiva.\" \/>\n<meta name=\"robots\" content=\"index, follow, max-snippet:-1, max-image-preview:large, max-video-preview:-1\" \/>\n<link rel=\"canonical\" href=\"https:\/\/www.correiobraziliense.com.br\/aqui\/2025\/12\/02\/saiba-por-que-o-dia-8-12-e-a-data-ideal-para-montar-a-arvore-de-natal\/\" \/>\n<meta property=\"og:locale\" content=\"pt_BR\" \/>\n<meta property=\"og:type\" content=\"article\" \/>\n<meta property=\"og:title\" content=\"Saiba por que o dia 8\/12 \u00e9 a data ideal para montar a \u00e1rvore de Natal - Correio Braziliense - Aqui\" \/>\n<meta property=\"og:description\" content=\"Descubra quando montar a \u00e1rvore de Natal no Brasil, Argentina, Portugal e EUA, entendendo tradi\u00e7\u00f5es cat\u00f3licas e in\u00edcio da temporada festiva.\" \/>\n<meta property=\"og:url\" content=\"https:\/\/www.correiobraziliense.com.br\/aqui\/2025\/12\/02\/saiba-por-que-o-dia-8-12-e-a-data-ideal-para-montar-a-arvore-de-natal\/\" \/>\n<meta property=\"og:site_name\" content=\"Correio Braziliense - Aqui\" \/>\n<meta property=\"article:published_time\" content=\"2025-12-02T20:09:59+00:00\" \/>\n<meta property=\"article:modified_time\" content=\"2025-12-02T20:10:03+00:00\" \/>\n<meta property=\"og:image\" content=\"https:\/\/www.correiobraziliense.com.br\/aqui\/wp-content\/uploads\/2025\/12\/httpsneuralmyth.comstaticcacheecf47772-0791-450a-b245-da1287b940bb.jpeg\" \/>\n\t<meta property=\"og:image:width\" content=\"1280\" \/>\n\t<meta property=\"og:image:height\" content=\"720\" \/>\n\t<meta property=\"og:image:type\" content=\"image\/jpeg\" \/>\n<meta name=\"author\" content=\"Lara\" \/>\n<meta name=\"twitter:card\" content=\"summary_large_image\" \/>\n<meta name=\"twitter:label1\" content=\"Escrito por\" \/>\n\t<meta name=\"twitter:data1\" content=\"Lara\" \/>\n\t<meta name=\"twitter:label2\" content=\"Est. tempo de leitura\" \/>\n\t<meta name=\"twitter:data2\" content=\"10 minutos\" \/>\n<!-- \/ Yoast SEO plugin. -->","yoast_head_json":{"title":"Saiba por que o dia 8\/12 \u00e9 a data ideal para montar a \u00e1rvore de Natal - Correio Braziliense - Aqui","description":"Descubra quando montar a \u00e1rvore de Natal no Brasil, Argentina, Portugal e EUA, entendendo tradi\u00e7\u00f5es cat\u00f3licas e in\u00edcio da temporada festiva.","robots":{"index":"index","follow":"follow","max-snippet":"max-snippet:-1","max-image-preview":"max-image-preview:large","max-video-preview":"max-video-preview:-1"},"canonical":"https:\/\/www.correiobraziliense.com.br\/aqui\/2025\/12\/02\/saiba-por-que-o-dia-8-12-e-a-data-ideal-para-montar-a-arvore-de-natal\/","og_locale":"pt_BR","og_type":"article","og_title":"Saiba por que o dia 8\/12 \u00e9 a data ideal para montar a \u00e1rvore de Natal - Correio Braziliense - Aqui","og_description":"Descubra quando montar a \u00e1rvore de Natal no Brasil, Argentina, Portugal e EUA, entendendo tradi\u00e7\u00f5es cat\u00f3licas e in\u00edcio da temporada festiva.","og_url":"https:\/\/www.correiobraziliense.com.br\/aqui\/2025\/12\/02\/saiba-por-que-o-dia-8-12-e-a-data-ideal-para-montar-a-arvore-de-natal\/","og_site_name":"Correio Braziliense - Aqui","article_published_time":"2025-12-02T20:09:59+00:00","article_modified_time":"2025-12-02T20:10:03+00:00","og_image":[{"width":1280,"height":720,"url":"https:\/\/www.correiobraziliense.com.br\/aqui\/wp-content\/uploads\/2025\/12\/httpsneuralmyth.comstaticcacheecf47772-0791-450a-b245-da1287b940bb.jpeg","type":"image\/jpeg"}],"author":"Lara","twitter_card":"summary_large_image","twitter_misc":{"Escrito por":"Lara","Est. tempo de leitura":"10 minutos"},"schema":{"@context":"https:\/\/schema.org","@graph":[{"@type":"WebPage","@id":"https:\/\/www.correiobraziliense.com.br\/aqui\/2025\/12\/02\/saiba-por-que-o-dia-8-12-e-a-data-ideal-para-montar-a-arvore-de-natal\/","url":"https:\/\/www.correiobraziliense.com.br\/aqui\/2025\/12\/02\/saiba-por-que-o-dia-8-12-e-a-data-ideal-para-montar-a-arvore-de-natal\/","name":"Saiba por que o dia 8\/12 \u00e9 a data ideal para montar a \u00e1rvore de Natal - Correio Braziliense - Aqui","isPartOf":{"@id":"https:\/\/www.correiobraziliense.com.br\/aqui\/#website"},"primaryImageOfPage":{"@id":"https:\/\/www.correiobraziliense.com.br\/aqui\/2025\/12\/02\/saiba-por-que-o-dia-8-12-e-a-data-ideal-para-montar-a-arvore-de-natal\/#primaryimage"},"image":{"@id":"https:\/\/www.correiobraziliense.com.br\/aqui\/2025\/12\/02\/saiba-por-que-o-dia-8-12-e-a-data-ideal-para-montar-a-arvore-de-natal\/#primaryimage"},"thumbnailUrl":"https:\/\/www.correiobraziliense.com.br\/aqui\/wp-content\/uploads\/2025\/12\/httpsneuralmyth.comstaticcacheecf47772-0791-450a-b245-da1287b940bb.jpeg","datePublished":"2025-12-02T20:09:59+00:00","dateModified":"2025-12-02T20:10:03+00:00","author":{"@id":"https:\/\/www.correiobraziliense.com.br\/aqui\/#\/schema\/person\/5d6e4d99fecc86ab1a7ed1a0369afb65"},"description":"Descubra quando montar a \u00e1rvore de Natal no Brasil, Argentina, Portugal e EUA, entendendo tradi\u00e7\u00f5es cat\u00f3licas e in\u00edcio da temporada festiva.","breadcrumb":{"@id":"https:\/\/www.correiobraziliense.com.br\/aqui\/2025\/12\/02\/saiba-por-que-o-dia-8-12-e-a-data-ideal-para-montar-a-arvore-de-natal\/#breadcrumb"},"inLanguage":"pt-BR","potentialAction":[{"@type":"ReadAction","target":["https:\/\/www.correiobraziliense.com.br\/aqui\/2025\/12\/02\/saiba-por-que-o-dia-8-12-e-a-data-ideal-para-montar-a-arvore-de-natal\/"]}]},{"@type":"ImageObject","inLanguage":"pt-BR","@id":"https:\/\/www.correiobraziliense.com.br\/aqui\/2025\/12\/02\/saiba-por-que-o-dia-8-12-e-a-data-ideal-para-montar-a-arvore-de-natal\/#primaryimage","url":"https:\/\/www.correiobraziliense.com.br\/aqui\/wp-content\/uploads\/2025\/12\/httpsneuralmyth.comstaticcacheecf47772-0791-450a-b245-da1287b940bb.jpeg","contentUrl":"https:\/\/www.correiobraziliense.com.br\/aqui\/wp-content\/uploads\/2025\/12\/httpsneuralmyth.comstaticcacheecf47772-0791-450a-b245-da1287b940bb.jpeg","width":1280,"height":720,"caption":"Cr\u00e9ditos: depositphotos.com \/ evgenyataman"},{"@type":"BreadcrumbList","@id":"https:\/\/www.correiobraziliense.com.br\/aqui\/2025\/12\/02\/saiba-por-que-o-dia-8-12-e-a-data-ideal-para-montar-a-arvore-de-natal\/#breadcrumb","itemListElement":[{"@type":"ListItem","position":1,"name":"In\u00edcio","item":"https:\/\/www.correiobraziliense.com.br\/aqui\/"},{"@type":"ListItem","position":2,"name":"Saiba por que o dia 8\/12 \u00e9 a data ideal para montar a \u00e1rvore de Natal"}]},{"@type":"WebSite","@id":"https:\/\/www.correiobraziliense.com.br\/aqui\/#website","url":"https:\/\/www.correiobraziliense.com.br\/aqui\/","name":"Correio Braziliense - Aqui","description":"O Correio Braziliense (CB) \u00e9 o mais importante canal de not\u00edcias de Bras\u00edlia. Aqui voc\u00ea encontra as \u00faltimas not\u00edcias do DF, do Brasil e do mundo.","potentialAction":[{"@type":"SearchAction","target":{"@type":"EntryPoint","urlTemplate":"https:\/\/www.correiobraziliense.com.br\/aqui\/?s={search_term_string}"},"query-input":{"@type":"PropertyValueSpecification","valueRequired":true,"valueName":"search_term_string"}}],"inLanguage":"pt-BR"},{"@type":"Person","@id":"https:\/\/www.correiobraziliense.com.br\/aqui\/#\/schema\/person\/5d6e4d99fecc86ab1a7ed1a0369afb65","name":"Lara","image":{"@type":"ImageObject","inLanguage":"pt-BR","@id":"https:\/\/www.correiobraziliense.com.br\/aqui\/#\/schema\/person\/image\/","url":"https:\/\/secure.gravatar.com\/avatar\/57056c5c343a6d8a6669688d3d2c04916d9d280b352b6e50e66a8d39b2517e00?s=96&d=mm&r=g","contentUrl":"https:\/\/secure.gravatar.com\/avatar\/57056c5c343a6d8a6669688d3d2c04916d9d280b352b6e50e66a8d39b2517e00?s=96&d=mm&r=g","caption":"Lara"},"url":"https:\/\/www.correiobraziliense.com.br\/aqui\/author\/laraaqui\/"}]}},"_links":{"self":[{"href":"https:\/\/www.correiobraziliense.com.br\/aqui\/wp-json\/wp\/v2\/posts\/16140","targetHints":{"allow":["GET"]}}],"collection":[{"href":"https:\/\/www.correiobraziliense.com.br\/aqui\/wp-json\/wp\/v2\/posts"}],"about":[{"href":"https:\/\/www.correiobraziliense.com.br\/aqui\/wp-json\/wp\/v2\/types\/post"}],"author":[{"embeddable":true,"href":"https:\/\/www.correiobraziliense.com.br\/aqui\/wp-json\/wp\/v2\/users\/8"}],"replies":[{"embeddable":true,"href":"https:\/\/www.correiobraziliense.com.br\/aqui\/wp-json\/wp\/v2\/comments?post=16140"}],"version-history":[{"count":2,"href":"https:\/\/www.correiobraziliense.com.br\/aqui\/wp-json\/wp\/v2\/posts\/16140\/revisions"}],"predecessor-version":[{"id":16149,"href":"https:\/\/www.correiobraziliense.com.br\/aqui\/wp-json\/wp\/v2\/posts\/16140\/revisions\/16149"}],"wp:featuredmedia":[{"embeddable":true,"href":"https:\/\/www.correiobraziliense.com.br\/aqui\/wp-json\/wp\/v2\/media\/16141"}],"wp:attachment":[{"href":"https:\/\/www.correiobraziliense.com.br\/aqui\/wp-json\/wp\/v2\/media?parent=16140"}],"wp:term":[{"taxonomy":"category","embeddable":true,"href":"https:\/\/www.correiobraziliense.com.br\/aqui\/wp-json\/wp\/v2\/categories?post=16140"},{"taxonomy":"post_tag","embeddable":true,"href":"https:\/\/www.correiobraziliense.com.br\/aqui\/wp-json\/wp\/v2\/tags?post=16140"}],"curies":[{"name":"wp","href":"https:\/\/api.w.org\/{rel}","templated":true}]}}