{"id":16245,"date":"2025-12-03T11:50:00","date_gmt":"2025-12-03T14:50:00","guid":{"rendered":"https:\/\/www.correiobraziliense.com.br\/aqui\/?p=16245"},"modified":"2025-12-03T11:30:33","modified_gmt":"2025-12-03T14:30:33","slug":"fim-da-escala-6x1-saiba-o-que-ja-foi-discutido-pela-camara","status":"publish","type":"post","link":"https:\/\/www.correiobraziliense.com.br\/aqui\/2025\/12\/03\/fim-da-escala-6x1-saiba-o-que-ja-foi-discutido-pela-camara\/","title":{"rendered":"Fim da escala 6&#215;1: saiba o que j\u00e1 foi discutido pela c\u00e2mara"},"content":{"rendered":"\n<p>A discuss\u00e3o sobre a\u00a0<strong>redu\u00e7\u00e3o da jornada de trabalho para 40 horas semanais<\/strong>\u00a0voltou ao centro do debate pol\u00edtico em Bras\u00edlia. Ministros do governo federal, parlamentares da base aliada e autores de projetos que tramitam na <a href=\"https:\/\/www.correiobraziliense.com.br\/aqui\/2025\/12\/02\/cnh-2025-novas-regras-dispensam-autoescola-obrigatoria-saiba-mais\/\">C\u00e2mara dos Deputados<\/a> desde anos anteriores retomaram o tema com mais intensidade. Agora, o foco recai n\u00e3o apenas sobre a carga hor\u00e1ria, mas tamb\u00e9m sobre o modelo de escala utilizado em muitos setores, especialmente o regime 6&#215;1, em que o empregado trabalha seis dias seguidos e descansa apenas um. A subcomiss\u00e3o que analisa o tema na C\u00e2mara deve votar o texto do parlamentar nesta\u00a0<strong>quarta-feira (3)<\/strong>. Em seguida, se houver aprova\u00e7\u00e3o, a mat\u00e9ria seguir\u00e1 para discuss\u00e3o na Comiss\u00e3o de Constitui\u00e7\u00e3o e Justi\u00e7a (CCJ) da Casa.<\/p>\n\n\n\n<p>O debate ganhou for\u00e7a ap\u00f3s a apresenta\u00e7\u00e3o de um parecer da subcomiss\u00e3o sobre o tema na C\u00e2mara. Integrantes do governo afirmaram posi\u00e7\u00e3o contr\u00e1ria a esse parecer, principalmente porque ele mant\u00e9m a escala 6&#215;1 mesmo com a proposta de 40 horas semanais. A posi\u00e7\u00e3o oficial apresentada pelos ministros ressalta que a discuss\u00e3o sobre jornada precisa incluir tamb\u00e9m a forma como os dias de trabalho e descanso se distribuem ao longo da semana. Al\u00e9m disso, t\u00e9cnicos do governo defendem que futuras normas considerem impactos em sa\u00fade, acidentes de trabalho e custos previdenci\u00e1rios.<\/p>\n\n\n\n<h2 class=\"wp-block-heading\">Redu\u00e7\u00e3o da jornada de trabalho para 40 horas: o que est\u00e1 em jogo?<\/h2>\n\n\n\n<p>A\u00a0<strong>redu\u00e7\u00e3o da jornada de trabalho<\/strong>\u00a0representa, para muitos especialistas em rela\u00e7\u00f5es de trabalho, uma mudan\u00e7a estrutural nas condi\u00e7\u00f5es de emprego no pa\u00eds. Hoje, a jornada padr\u00e3o prevista na legisla\u00e7\u00e3o brasileira chega a at\u00e9 44 horas semanais, salvo exce\u00e7\u00f5es definidas em acordos coletivos ou em categorias espec\u00edficas. J\u00e1 a proposta em an\u00e1lise busca estabelecer um novo teto legal e aproximar o Brasil de pa\u00edses que adotam cargas hor\u00e1rias menores como parte de pol\u00edticas de bem-estar, produtividade e inova\u00e7\u00e3o organizacional.<\/p>\n\n\n\n<p>De forma geral, o argumento favor\u00e1vel \u00e0 jornada de 40 horas se associa \u00e0 ideia de que menos tempo de trabalho semanal pode favorecer a sa\u00fade f\u00edsica e mental. Al\u00e9m disso, a redu\u00e7\u00e3o tende a diminuir afastamentos por doen\u00e7as relacionadas ao estresse e ampliar o tempo dispon\u00edvel para conv\u00edvio familiar e atividades pessoais, culturais ou comunit\u00e1rias. Em contrapartida, setores empresariais levantam questionamentos sobre custos, necessidade de reorganiza\u00e7\u00e3o de turnos e poss\u00edveis impactos em contrata\u00e7\u00f5es, principalmente em atividades que funcionam em hor\u00e1rio estendido ou cont\u00ednuo, como transporte, com\u00e9rcio e ind\u00fastria de base.<\/p>\n\n\n\n<p>Outro ponto em an\u00e1lise \u00e9 a forma como essa redu\u00e7\u00e3o dialoga com outras modalidades j\u00e1 existentes na legisla\u00e7\u00e3o, como banco de horas, teletrabalho e regimes de tempo parcial. Especialistas em direito do trabalho destacam que uma eventual transi\u00e7\u00e3o para 40 horas precisa vir acompanhada de regras claras, para evitar a compensa\u00e7\u00e3o excessiva de horas extras, que poderia anular os ganhos em qualidade de vida pretendidos pela mudan\u00e7a. Do mesmo modo, juristas chamam aten\u00e7\u00e3o para a import\u00e2ncia de fortalecer a negocia\u00e7\u00e3o coletiva, a fim de adaptar a nova jornada \u00e0s realidades regionais e setoriais.<\/p>\n\n\n\n<h2 class=\"wp-block-heading\">Por que o fim da escala 6&#215;1 entrou na discuss\u00e3o?<\/h2>\n\n\n\n<p>Esse regime aparece com frequ\u00eancia em segmentos como com\u00e9rcio, servi\u00e7os e ind\u00fastria, pois permite opera\u00e7\u00e3o em quase todos os dias da semana. Na pr\u00e1tica, o trabalhador permanece seis dias em atividade e tem um \u00fanico dia de descanso. Isso limita a possibilidade de organizar compromissos pessoais, estudo ou tempo de lazer de forma mais equilibrada e previs\u00edvel.<\/p>\n\n\n\n<p>Na avalia\u00e7\u00e3o de integrantes do governo e de parlamentares favor\u00e1veis \u00e0 mudan\u00e7a, reduzir horas sem alterar o modelo de escala significaria um avan\u00e7o apenas parcial. O argumento apresentado indica que a qualidade de vida n\u00e3o depende apenas do n\u00famero de horas trabalhadas, mas tamb\u00e9m da distribui\u00e7\u00e3o dos dias de folga. Em vez do 6&#215;1, discute-se a ado\u00e7\u00e3o de escalas que ofere\u00e7am mais de um dia de descanso semanal ou maior previsibilidade de folgas. Esse redesenho poderia beneficiar tanto trabalhadores quanto empresas na gest\u00e3o de turnos, diminui\u00e7\u00e3o de absente\u00edsmo e redu\u00e7\u00e3o de rotatividade.<\/p>\n\n\n\n<p>Tamb\u00e9m entra em pauta a compatibilidade das escalas com a vida urbana contempor\u00e2nea: transporte p\u00fablico, hor\u00e1rios escolares, acesso a servi\u00e7os de sa\u00fade e participa\u00e7\u00e3o em cursos de qualifica\u00e7\u00e3o profissional. Em muitos centros, trabalhar seis dias seguidos significa ter acesso bastante limitado a esses servi\u00e7os. Esse cen\u00e1rio refor\u00e7a a press\u00e3o por modelos mais flex\u00edveis, como 5&#215;2 ou escalas mistas negociadas em conven\u00e7\u00f5es coletivas. Ao mesmo tempo, sindicatos e entidades empresariais avaliam formatos intermedi\u00e1rios que preservem a continuidade de servi\u00e7os sem sacrificar o descanso m\u00ednimo adequado.<\/p>\n\n\n\n<h2 class=\"wp-block-heading\">Como funcionam as propostas em tramita\u00e7\u00e3o na C\u00e2mara?<\/h2>\n\n\n\n<p>O tema da&nbsp;<strong>redu\u00e7\u00e3o da jornada de 44 para 40 horas<\/strong>&nbsp;aparece em mais de uma iniciativa legislativa. Uma delas \u00e9 uma proposta de emenda \u00e0 Constitui\u00e7\u00e3o (PEC), que altera o texto constitucional para estabelecer o novo limite semanal. Outra tramita na forma de projeto de lei, com o objetivo de atualizar a Consolida\u00e7\u00e3o das Leis do Trabalho (CLT) sem mexer diretamente na Constitui\u00e7\u00e3o. Ambas precisam passar por comiss\u00f5es t\u00e9cnicas, como a Comiss\u00e3o de Constitui\u00e7\u00e3o e Justi\u00e7a (CCJ), antes de seguir para vota\u00e7\u00e3o no plen\u00e1rio.<\/p>\n\n\n\n<p>Na pr\u00e1tica, o caminho de uma proposta desse tipo costuma envolver v\u00e1rias etapas:<\/p>\n\n\n\n<ul class=\"wp-block-list\">\n<li>An\u00e1lise em subcomiss\u00f5es ou grupos de trabalho tem\u00e1ticos.<\/li>\n\n\n\n<li>Vota\u00e7\u00e3o em comiss\u00e3o espec\u00edfica, que pode aprovar, rejeitar ou alterar o texto original.<\/li>\n\n\n\n<li>Envio \u00e0 CCJ, que avalia a constitucionalidade e a t\u00e9cnica legislativa.<\/li>\n\n\n\n<li>Discuss\u00e3o e vota\u00e7\u00e3o no plen\u00e1rio da C\u00e2mara, em um ou mais turnos, no caso de PEC.<\/li>\n\n\n\n<li>Remessa ao Senado Federal, onde o processo se repete com novas an\u00e1lises.<\/li>\n<\/ul>\n\n\n\n<p>Por envolver mudan\u00e7a ampla na legisla\u00e7\u00e3o trabalhista, essas propostas normalmente geram audi\u00eancias p\u00fablicas e negocia\u00e7\u00f5es com centrais sindicais, representantes do setor produtivo e especialistas em direito do trabalho. A constru\u00e7\u00e3o de um consenso raramente ocorre de forma r\u00e1pida, e eventuais altera\u00e7\u00f5es de texto podem surgir at\u00e9 as \u00faltimas etapas de vota\u00e7\u00e3o. Em paralelo, consultorias t\u00e9cnicas do Congresso costumam produzir estudos de impacto econ\u00f4mico, social e or\u00e7ament\u00e1rio para orientar as decis\u00f5es.<\/p>\n\n\n\n<p>Al\u00e9m disso, o Congresso costuma estabelecer per\u00edodos de transi\u00e7\u00e3o ou aplica\u00e7\u00e3o gradual por setor econ\u00f4mico, justamente para permitir que empresas e trabalhadores se adaptem \u00e0s novas regras. Em alguns cen\u00e1rios estudados, cogita-se, por exemplo, come\u00e7ar pela redu\u00e7\u00e3o da jornada em atividades com maior \u00edndice de adoecimento laboral, acompanhando indicadores de sa\u00fade e produtividade antes de uma aplica\u00e7\u00e3o mais ampla. Em outros, discute-se escalonar a redu\u00e7\u00e3o ao longo de alguns anos, com metas intermedi\u00e1rias negociadas com as partes envolvidas.<\/p>\n\n\n\n<h2 class=\"wp-block-heading\">Quais s\u00e3o os principais argumentos apresentados no debate?<\/h2>\n\n\n\n<p>Entre trabalhadores e entidades sindicais, a preocupa\u00e7\u00e3o central \u00e9 garantir que a redu\u00e7\u00e3o de jornada n\u00e3o venha acompanhada de queda salarial ou aumento de intensidade do trabalho. J\u00e1 do lado empresarial, a aten\u00e7\u00e3o se volta para custos, competitividade e adapta\u00e7\u00e3o operacional, sobretudo em cadeias produtivas que funcionam em regime cont\u00ednuo.<\/p>\n\n\n\n<p>De forma resumida, os argumentos mais citados incluem:<\/p>\n\n\n\n<ol class=\"wp-block-list\">\n<li><strong>Sa\u00fade e bem-estar:<\/strong>\u00a0menos horas na semana e mais dias de descanso tendem a reduzir desgaste f\u00edsico e mental, bem como problemas como burnout, ansiedade e depress\u00e3o.<\/li>\n\n\n\n<li><strong>Produtividade:<\/strong>\u00a0estudos internacionais indicam que jornadas menores podem manter ou at\u00e9 elevar a produtividade, desde que as empresas invistam em gest\u00e3o, tecnologia e organiza\u00e7\u00e3o do trabalho.<\/li>\n\n\n\n<li><strong>Gera\u00e7\u00e3o de empregos:<\/strong>\u00a0defensores da mudan\u00e7a apontam que a necessidade de mais turnos pode abrir vagas. Em contraste, cr\u00edticos temem o aumento de custos fixos e eventual repasse a pre\u00e7os.<\/li>\n\n\n\n<li><strong>Organiza\u00e7\u00e3o familiar e social:<\/strong>\u00a0escalas mais flex\u00edveis podem permitir maior participa\u00e7\u00e3o em atividades dom\u00e9sticas, comunit\u00e1rias e educacionais, al\u00e9m de favorecer o equil\u00edbrio entre trabalho e vida pessoal.<\/li>\n\n\n\n<li><strong>Competitividade:<\/strong>\u00a0empresas argumentam que adapta\u00e7\u00f5es precisam ocorrer de forma gradual para n\u00e3o afetar pre\u00e7os, capacidade de investimento e inser\u00e7\u00e3o do pa\u00eds em cadeias globais de valor.<\/li>\n<\/ol>\n\n\n\n<p>Outro aspecto que vem sendo observado \u00e9 a experi\u00eancia internacional: pa\u00edses que adotaram redu\u00e7\u00f5es de jornada, ainda que em formatos-piloto ou setoriais, registraram impacto positivo em indicadores de satisfa\u00e7\u00e3o dos trabalhadores, diminui\u00e7\u00e3o de rotatividade e maior facilidade de reten\u00e7\u00e3o de talentos. Ao mesmo tempo, esses pa\u00edses alertam que resultados positivos dependem de planejamento, investimento em gest\u00e3o e di\u00e1logo permanente entre empregadores e empregados. Em muitos casos, a revis\u00e3o da jornada caminhou junto com pol\u00edticas de qualifica\u00e7\u00e3o profissional e apoio \u00e0 digitaliza\u00e7\u00e3o de processos.<\/p>\n\n\n\n<h2 class=\"wp-block-heading\">Perspectivas para a redu\u00e7\u00e3o da jornada de trabalho no Brasil<\/h2>\n\n\n\n<p>A discuss\u00e3o sobre a\u00a0escala 6&#215;1 tende a permanecer na agenda p\u00fablica em 2025. Com diferentes propostas em tramita\u00e7\u00e3o e manifesta\u00e7\u00f5es formais do governo federal, o tema exige negocia\u00e7\u00e3o entre bancadas parlamentares, setores econ\u00f4micos e entidades representativas dos trabalhadores. Al\u00e9m disso, o debate passa por quest\u00f5es fiscais, j\u00e1 que mudan\u00e7as em sa\u00fade e produtividade podem impactar gastos p\u00fablicos no m\u00e9dio e longo prazo.<\/p>\n\n\n\n<p>Independentemente do desfecho imediato das vota\u00e7\u00f5es, o debate revela uma tend\u00eancia de reavaliar a forma como o tempo de trabalho se organiza no pa\u00eds. Quest\u00f5es como sa\u00fade, produtividade, equil\u00edbrio entre vida profissional e pessoal e moderniza\u00e7\u00e3o das rela\u00e7\u00f5es trabalhistas devem continuar guiando as discuss\u00f5es, tanto no Congresso quanto em mesas de negocia\u00e7\u00e3o coletiva em todo o territ\u00f3rio nacional. Ao mesmo tempo, estudiosos do tema sugerem que o Brasil acompanhe pilotos setoriais e experi\u00eancias regionais antes de consolidar um modelo \u00fanico.<\/p>\n\n\n\n<p>Em paralelo, cresce a expectativa de que futuras regulamenta\u00e7\u00f5es considerem tamb\u00e9m novas formas de organiza\u00e7\u00e3o do trabalho, como o trabalho remoto, o modelo h\u00edbrido e a economia de plataformas, em que medir a jornada efetiva nem sempre \u00e9 simples. O desafio consiste em criar um marco legal capaz de proteger o trabalhador sem engessar a inova\u00e7\u00e3o e a competitividade das empresas brasileiras. Portanto, a constru\u00e7\u00e3o de regras flex\u00edveis, mas claras, aparece como um dos pontos centrais para o sucesso de qualquer mudan\u00e7a.<\/p>\n\n\n\n<h2 class=\"wp-block-heading\">FAQ \u2013 Perguntas frequentes sobre jornada de 40 horas e escalas de trabalho<\/h2>\n\n\n\n<p><strong>1. A redu\u00e7\u00e3o para 40 horas semanais obrigaria todas as empresas a mudarem imediatamente?<\/strong><br>N\u00e3o. Normalmente, leis dessa natureza preveem per\u00edodos de adapta\u00e7\u00e3o e, em alguns casos, implementa\u00e7\u00e3o gradual por setor ou porte de empresa. Al\u00e9m disso, o texto pode prever incentivos para quem se ajusta mais r\u00e1pido. O formato exato depender\u00e1 do texto final aprovado pelo Congresso.<\/p>\n\n\n\n<p><strong>2. A mudan\u00e7a de jornada pode ser feita por acordo individual entre empregado e empregador?<\/strong><br>Hoje, ajustes de jornada aparecem com mais frequ\u00eancia em conven\u00e7\u00f5es ou acordos coletivos. Uma futura lei poder\u00e1 incentivar ou exigir que a transi\u00e7\u00e3o para 40 horas seja negociada coletivamente, garantindo maior equil\u00edbrio entre as partes. Ainda assim, ajustes individuais espec\u00edficos podem ocorrer, desde que respeitem os limites legais e as normas coletivas em vigor.<\/p>\n\n\n\n<p><strong>3. Como ficam trabalhadores em regime de plant\u00e3o, como sa\u00fade e seguran\u00e7a?<\/strong><br>Setores com funcionamento ininterrupto tendem a ter regras espec\u00edficas, muitas vezes previstas em legisla\u00e7\u00f5es complementares e acordos coletivos. A tend\u00eancia \u00e9 que a nova jornada se adapte a esses modelos por meio de escalas especiais e compensa\u00e7\u00f5es. Em hospitais, por exemplo, discute-se a combina\u00e7\u00e3o entre turnos reduzidos, descanso adequado e remunera\u00e7\u00e3o compat\u00edvel com a complexidade das fun\u00e7\u00f5es.<\/p>\n\n\n\n<p><strong>4. Quem trabalha meio per\u00edodo ser\u00e1 afetado pela nova jornada?<\/strong><br>Trabalhadores em regime de tempo parcial ou com contrato intermitente n\u00e3o deixam de existir com a redu\u00e7\u00e3o da jornada padr\u00e3o. O que muda \u00e9 a refer\u00eancia m\u00e1xima semanal; as demais modalidades devem ser ajustadas proporcionalmente, caso a lei assim estabele\u00e7a. Al\u00e9m disso, sindicatos e empregadores poder\u00e3o revisar cl\u00e1usulas de contratos para adequar jornadas, sal\u00e1rios proporcionais e benef\u00edcios.<\/p>\n\n\n\n<p><strong>5. O fim da escala 6&#215;1 significa que o trabalho aos fins de semana deixaria de existir?<\/strong><br>N\u00e3o. Atividades que exigem funcionamento aos fins de semana, como com\u00e9rcio, lazer e servi\u00e7os essenciais, provavelmente continuar\u00e3o operando. A mudan\u00e7a central est\u00e1 na forma de organizar turnos e folgas, para que o trabalhador tenha mais descanso ao longo da semana, sem necessariamente eliminar a atua\u00e7\u00e3o em s\u00e1bados ou domingos. Em muitos casos, a legisla\u00e7\u00e3o poder\u00e1 apenas exigir maior previsibilidade das folgas e respeito a limites m\u00ednimos de descanso entre jornadas.<\/p>\n","protected":false},"excerpt":{"rendered":"<p>A discuss\u00e3o sobre a\u00a0redu\u00e7\u00e3o da jornada de trabalho para 40 horas semanais\u00a0voltou ao centro do debate pol\u00edtico em Bras\u00edlia. Ministros do governo federal, parlamentares da base aliada e autores de projetos que tramitam na C\u00e2mara dos Deputados desde anos anteriores retomaram o tema com mais intensidade. Agora, o foco recai n\u00e3o apenas sobre a carga [&hellip;]<\/p>\n","protected":false},"author":10,"featured_media":16246,"comment_status":"open","ping_status":"open","sticky":false,"template":"","format":"standard","meta":{"jnews-multi-image_gallery":[],"jnews_single_post":{"format":"standard"},"jnews_primary_category":[],"jnews_social_meta":[],"jnews_override_counter":[],"footnotes":""},"categories":[154],"tags":[157,5836,5835],"class_list":["post-16245","post","type-post","status-publish","format-standard","has-post-thumbnail","hentry","category-brasil","tag-brasil","tag-camara","tag-escala-6x1"],"yoast_head":"<!-- This site is optimized with the Yoast SEO plugin v25.1 - https:\/\/yoast.com\/wordpress\/plugins\/seo\/ -->\n<title>Fim da escala 6x1: saiba o que j\u00e1 foi discutido pela c\u00e2mara - Correio Braziliense - Aqui<\/title>\n<meta name=\"description\" content=\"Governo federal defende fim da escala 6x1 e redu\u00e7\u00e3o da jornada de trabalho para 40 horas semanais. Saiba mais:\" \/>\n<meta name=\"robots\" content=\"index, follow, max-snippet:-1, max-image-preview:large, max-video-preview:-1\" \/>\n<link rel=\"canonical\" href=\"https:\/\/www.correiobraziliense.com.br\/aqui\/2025\/12\/03\/fim-da-escala-6x1-saiba-o-que-ja-foi-discutido-pela-camara\/\" \/>\n<meta property=\"og:locale\" content=\"pt_BR\" \/>\n<meta property=\"og:type\" content=\"article\" \/>\n<meta property=\"og:title\" content=\"Fim da escala 6x1: saiba o que j\u00e1 foi discutido pela c\u00e2mara - Correio Braziliense - Aqui\" \/>\n<meta property=\"og:description\" content=\"Governo federal defende fim da escala 6x1 e redu\u00e7\u00e3o da jornada de trabalho para 40 horas semanais. Saiba mais:\" \/>\n<meta property=\"og:url\" content=\"https:\/\/www.correiobraziliense.com.br\/aqui\/2025\/12\/03\/fim-da-escala-6x1-saiba-o-que-ja-foi-discutido-pela-camara\/\" \/>\n<meta property=\"og:site_name\" content=\"Correio Braziliense - Aqui\" \/>\n<meta property=\"article:published_time\" content=\"2025-12-03T14:50:00+00:00\" \/>\n<meta property=\"og:image\" content=\"https:\/\/www.correiobraziliense.com.br\/aqui\/wp-content\/uploads\/2025\/12\/httpsneuralmyth.comstaticcache7fdc1416-4b14-436e-ab12-0195cfdb4da1.jpeg\" \/>\n\t<meta property=\"og:image:width\" content=\"1280\" \/>\n\t<meta property=\"og:image:height\" content=\"720\" \/>\n\t<meta property=\"og:image:type\" content=\"image\/jpeg\" \/>\n<meta name=\"author\" content=\"Larissa\" \/>\n<meta name=\"twitter:card\" content=\"summary_large_image\" \/>\n<meta name=\"twitter:label1\" content=\"Escrito por\" \/>\n\t<meta name=\"twitter:data1\" content=\"Larissa\" \/>\n\t<meta name=\"twitter:label2\" content=\"Est. tempo de leitura\" \/>\n\t<meta name=\"twitter:data2\" content=\"11 minutos\" \/>\n<!-- \/ Yoast SEO plugin. -->","yoast_head_json":{"title":"Fim da escala 6x1: saiba o que j\u00e1 foi discutido pela c\u00e2mara - Correio Braziliense - Aqui","description":"Governo federal defende fim da escala 6x1 e redu\u00e7\u00e3o da jornada de trabalho para 40 horas semanais. Saiba mais:","robots":{"index":"index","follow":"follow","max-snippet":"max-snippet:-1","max-image-preview":"max-image-preview:large","max-video-preview":"max-video-preview:-1"},"canonical":"https:\/\/www.correiobraziliense.com.br\/aqui\/2025\/12\/03\/fim-da-escala-6x1-saiba-o-que-ja-foi-discutido-pela-camara\/","og_locale":"pt_BR","og_type":"article","og_title":"Fim da escala 6x1: saiba o que j\u00e1 foi discutido pela c\u00e2mara - Correio Braziliense - Aqui","og_description":"Governo federal defende fim da escala 6x1 e redu\u00e7\u00e3o da jornada de trabalho para 40 horas semanais. Saiba mais:","og_url":"https:\/\/www.correiobraziliense.com.br\/aqui\/2025\/12\/03\/fim-da-escala-6x1-saiba-o-que-ja-foi-discutido-pela-camara\/","og_site_name":"Correio Braziliense - Aqui","article_published_time":"2025-12-03T14:50:00+00:00","og_image":[{"width":1280,"height":720,"url":"https:\/\/www.correiobraziliense.com.br\/aqui\/wp-content\/uploads\/2025\/12\/httpsneuralmyth.comstaticcache7fdc1416-4b14-436e-ab12-0195cfdb4da1.jpeg","type":"image\/jpeg"}],"author":"Larissa","twitter_card":"summary_large_image","twitter_misc":{"Escrito por":"Larissa","Est. tempo de leitura":"11 minutos"},"schema":{"@context":"https:\/\/schema.org","@graph":[{"@type":"WebPage","@id":"https:\/\/www.correiobraziliense.com.br\/aqui\/2025\/12\/03\/fim-da-escala-6x1-saiba-o-que-ja-foi-discutido-pela-camara\/","url":"https:\/\/www.correiobraziliense.com.br\/aqui\/2025\/12\/03\/fim-da-escala-6x1-saiba-o-que-ja-foi-discutido-pela-camara\/","name":"Fim da escala 6x1: saiba o que j\u00e1 foi discutido pela c\u00e2mara - Correio Braziliense - Aqui","isPartOf":{"@id":"https:\/\/www.correiobraziliense.com.br\/aqui\/#website"},"primaryImageOfPage":{"@id":"https:\/\/www.correiobraziliense.com.br\/aqui\/2025\/12\/03\/fim-da-escala-6x1-saiba-o-que-ja-foi-discutido-pela-camara\/#primaryimage"},"image":{"@id":"https:\/\/www.correiobraziliense.com.br\/aqui\/2025\/12\/03\/fim-da-escala-6x1-saiba-o-que-ja-foi-discutido-pela-camara\/#primaryimage"},"thumbnailUrl":"https:\/\/www.correiobraziliense.com.br\/aqui\/wp-content\/uploads\/2025\/12\/httpsneuralmyth.comstaticcache7fdc1416-4b14-436e-ab12-0195cfdb4da1.jpeg","datePublished":"2025-12-03T14:50:00+00:00","author":{"@id":"https:\/\/www.correiobraziliense.com.br\/aqui\/#\/schema\/person\/775f50a8c1ac31704d56816e99b29041"},"description":"Governo federal defende fim da escala 6x1 e redu\u00e7\u00e3o da jornada de trabalho para 40 horas semanais. Saiba mais:","breadcrumb":{"@id":"https:\/\/www.correiobraziliense.com.br\/aqui\/2025\/12\/03\/fim-da-escala-6x1-saiba-o-que-ja-foi-discutido-pela-camara\/#breadcrumb"},"inLanguage":"pt-BR","potentialAction":[{"@type":"ReadAction","target":["https:\/\/www.correiobraziliense.com.br\/aqui\/2025\/12\/03\/fim-da-escala-6x1-saiba-o-que-ja-foi-discutido-pela-camara\/"]}]},{"@type":"ImageObject","inLanguage":"pt-BR","@id":"https:\/\/www.correiobraziliense.com.br\/aqui\/2025\/12\/03\/fim-da-escala-6x1-saiba-o-que-ja-foi-discutido-pela-camara\/#primaryimage","url":"https:\/\/www.correiobraziliense.com.br\/aqui\/wp-content\/uploads\/2025\/12\/httpsneuralmyth.comstaticcache7fdc1416-4b14-436e-ab12-0195cfdb4da1.jpeg","contentUrl":"https:\/\/www.correiobraziliense.com.br\/aqui\/wp-content\/uploads\/2025\/12\/httpsneuralmyth.comstaticcache7fdc1416-4b14-436e-ab12-0195cfdb4da1.jpeg","width":1280,"height":720,"caption":"Cr\u00e9ditos: depositphotos.com \/ Mircea Moira"},{"@type":"BreadcrumbList","@id":"https:\/\/www.correiobraziliense.com.br\/aqui\/2025\/12\/03\/fim-da-escala-6x1-saiba-o-que-ja-foi-discutido-pela-camara\/#breadcrumb","itemListElement":[{"@type":"ListItem","position":1,"name":"In\u00edcio","item":"https:\/\/www.correiobraziliense.com.br\/aqui\/"},{"@type":"ListItem","position":2,"name":"Fim da escala 6&#215;1: saiba o que j\u00e1 foi discutido pela c\u00e2mara"}]},{"@type":"WebSite","@id":"https:\/\/www.correiobraziliense.com.br\/aqui\/#website","url":"https:\/\/www.correiobraziliense.com.br\/aqui\/","name":"Correio Braziliense - Aqui","description":"O Correio Braziliense (CB) \u00e9 o mais importante canal de not\u00edcias de Bras\u00edlia. Aqui voc\u00ea encontra as \u00faltimas not\u00edcias do DF, do Brasil e do mundo.","potentialAction":[{"@type":"SearchAction","target":{"@type":"EntryPoint","urlTemplate":"https:\/\/www.correiobraziliense.com.br\/aqui\/?s={search_term_string}"},"query-input":{"@type":"PropertyValueSpecification","valueRequired":true,"valueName":"search_term_string"}}],"inLanguage":"pt-BR"},{"@type":"Person","@id":"https:\/\/www.correiobraziliense.com.br\/aqui\/#\/schema\/person\/775f50a8c1ac31704d56816e99b29041","name":"Larissa","image":{"@type":"ImageObject","inLanguage":"pt-BR","@id":"https:\/\/www.correiobraziliense.com.br\/aqui\/#\/schema\/person\/image\/","url":"https:\/\/secure.gravatar.com\/avatar\/62f5b2e99de671d075ab98e19f03c3c38c80a93f5d06f51075cf4431a4e76458?s=96&d=mm&r=g","contentUrl":"https:\/\/secure.gravatar.com\/avatar\/62f5b2e99de671d075ab98e19f03c3c38c80a93f5d06f51075cf4431a4e76458?s=96&d=mm&r=g","caption":"Larissa"},"url":"https:\/\/www.correiobraziliense.com.br\/aqui\/author\/larissaaqui\/"}]}},"_links":{"self":[{"href":"https:\/\/www.correiobraziliense.com.br\/aqui\/wp-json\/wp\/v2\/posts\/16245","targetHints":{"allow":["GET"]}}],"collection":[{"href":"https:\/\/www.correiobraziliense.com.br\/aqui\/wp-json\/wp\/v2\/posts"}],"about":[{"href":"https:\/\/www.correiobraziliense.com.br\/aqui\/wp-json\/wp\/v2\/types\/post"}],"author":[{"embeddable":true,"href":"https:\/\/www.correiobraziliense.com.br\/aqui\/wp-json\/wp\/v2\/users\/10"}],"replies":[{"embeddable":true,"href":"https:\/\/www.correiobraziliense.com.br\/aqui\/wp-json\/wp\/v2\/comments?post=16245"}],"version-history":[{"count":10,"href":"https:\/\/www.correiobraziliense.com.br\/aqui\/wp-json\/wp\/v2\/posts\/16245\/revisions"}],"predecessor-version":[{"id":16257,"href":"https:\/\/www.correiobraziliense.com.br\/aqui\/wp-json\/wp\/v2\/posts\/16245\/revisions\/16257"}],"wp:featuredmedia":[{"embeddable":true,"href":"https:\/\/www.correiobraziliense.com.br\/aqui\/wp-json\/wp\/v2\/media\/16246"}],"wp:attachment":[{"href":"https:\/\/www.correiobraziliense.com.br\/aqui\/wp-json\/wp\/v2\/media?parent=16245"}],"wp:term":[{"taxonomy":"category","embeddable":true,"href":"https:\/\/www.correiobraziliense.com.br\/aqui\/wp-json\/wp\/v2\/categories?post=16245"},{"taxonomy":"post_tag","embeddable":true,"href":"https:\/\/www.correiobraziliense.com.br\/aqui\/wp-json\/wp\/v2\/tags?post=16245"}],"curies":[{"name":"wp","href":"https:\/\/api.w.org\/{rel}","templated":true}]}}