{"id":16397,"date":"2025-12-04T11:46:22","date_gmt":"2025-12-04T14:46:22","guid":{"rendered":"https:\/\/www.correiobraziliense.com.br\/aqui\/?p=16397"},"modified":"2025-12-04T11:47:33","modified_gmt":"2025-12-04T14:47:33","slug":"apple-tira-funcao-retrato-do-iphone-17-saiba-mais","status":"publish","type":"post","link":"https:\/\/www.correiobraziliense.com.br\/aqui\/2025\/12\/04\/apple-tira-funcao-retrato-do-iphone-17-saiba-mais\/","title":{"rendered":"Apple tira fun\u00e7\u00e3o retrato do Iphone 17; saiba mais"},"content":{"rendered":"\n<p>Desde a chegada do <strong>iPhone 17 Pro<\/strong> ao mercado, uma mudan\u00e7a espec\u00edfica no conjunto de recursos de <a href=\"https:\/\/www.correiobraziliense.com.br\/aqui\/2025\/12\/04\/bateria-saiba-como-carregar-seu-celular-do-jeito-correto\/\">c\u00e2mera<\/a> tem gerado aten\u00e7\u00e3o: a Apple retirou a possibilidade de combinar o\u00a0<strong>modo Noite<\/strong>\u00a0com o\u00a0<strong>modo Retrato<\/strong>. A altera\u00e7\u00e3o foi registrada em documento oficial de suporte da empresa e, desde ent\u00e3o, passou a ser tema frequente em discuss\u00f5es entre usu\u00e1rios, fot\u00f3grafos m\u00f3veis e entusiastas de tecnologia. O impacto \u00e9 maior em fotos feitas em ambientes com pouca luz. Esse ajuste de recurso mudou diretamente a forma como muitos usu\u00e1rios capturam retratos noturnos no ecossistema iOS.<\/p>\n\n\n\n<p>At\u00e9 a gera\u00e7\u00e3o anterior, era poss\u00edvel tirar retratos em cen\u00e1rios noturnos aproveitando a longa exposi\u00e7\u00e3o do modo Noite. Esse recurso ajudava a iluminar o cen\u00e1rio e, ao mesmo tempo, aplicar o desfoque de fundo caracter\u00edstico do modo Retrato. O usu\u00e1rio conseguia unir ilumina\u00e7\u00e3o mais equilibrada, boa separa\u00e7\u00e3o entre sujeito e fundo e um visual mais \u201cprofissional\u201d mesmo em bares, shows ou ruas mal iluminadas. No iPhone 17 Pro, essa combina\u00e7\u00e3o deixou de existir. Quando o usu\u00e1rio seleciona o modo Retrato em condi\u00e7\u00f5es de baixa luminosidade, o aparelho n\u00e3o ativa mais a longa exposi\u00e7\u00e3o. Isso interfere diretamente nos dados que antes eram usados para simular a profundidade de campo. Ent\u00e3o, o resultado em cenas escuras tende a ficar diferente em rela\u00e7\u00e3o \u00e0s gera\u00e7\u00f5es anteriores.<\/p>\n\n\n\n<h2 class=\"wp-block-heading\">Modo Retrato e modo Noite: o que mudou no iPhone 17 Pro?<\/h2>\n\n\n\n<p>Na pr\u00e1tica, o\u00a0modo Retrato do iPhone 17 Pro\u00a0segue dispon\u00edvel, mas passou a trabalhar de maneira diferente em situa\u00e7\u00f5es de pouca luz. Agora, o sistema prioriza tempos de exposi\u00e7\u00e3o menores e processamento mais r\u00e1pido. O foco est\u00e1 em manter o rosto n\u00edtido e reduzir borr\u00f5es por movimento. Entretanto, sem o suporte da longa exposi\u00e7\u00e3o do modo Noite, o sistema deixa de registrar algumas informa\u00e7\u00f5es de profundidade que antes permitiam um desfoque mais preciso do plano de fundo ap\u00f3s o clique. O aparelho continua aplicando o efeito de fundo desfocado, por\u00e9m com base em menos dados obtidos da cena. Isso pode alterar o resultado final em retratos noturnos.<\/p>\n\n\n\n<p>Essa funcionalidade combinada estava presente desde o iPhone 12 Pro e foi mantida at\u00e9 a linha iPhone 16 Pro. Em todos esses modelos, a integra\u00e7\u00e3o entre modo Noite e modo Retrato era anunciada como um diferencial de fotografia em baixa luz. Servia como um dos principais argumentos de venda para quem valorizava fotos de pessoas em festas, viagens e eventos \u00e0 noite. Com o lan\u00e7amento do iPhone 17 Pro, a lista oficial de modelos compat\u00edveis com a fun\u00e7\u00e3o passou a excluir a nova gera\u00e7\u00e3o. Isso indica uma mudan\u00e7a deliberada na estrat\u00e9gia de processamento de imagem da Apple para esse recurso espec\u00edfico. Portanto, quem migra de um iPhone 16 Pro ou anterior para o 17 Pro precisa se adaptar a esse novo comportamento da c\u00e2mera.<\/p>\n\n\n\n<h2 class=\"wp-block-heading\">Por que o modo Noite n\u00e3o funciona mais com o modo Retrato?<\/h2>\n\n\n\n<p>O documento de suporte da Apple confirma a retirada da combina\u00e7\u00e3o entre&nbsp;<strong>noite e retratos<\/strong>, mas n\u00e3o detalha o motivo t\u00e9cnico. Fontes ligadas ao ecossistema da marca e an\u00e1lises independentes levantam hip\u00f3teses relacionadas ao novo projeto f\u00edsico do iPhone 17 Pro, sobretudo ao&nbsp;<strong>reposicionamento do sensor LiDAR e do flash<\/strong>. Essas altera\u00e7\u00f5es de layout interno poderiam ter impactado o modo como o aparelho mede a dist\u00e2ncia entre o sujeito e o fundo em ambientes muito escuros. Em suma, a Apple pode ter preferido priorizar consist\u00eancia e confiabilidade em vez de manter um recurso que, nessa nova gera\u00e7\u00e3o, talvez gerasse mais erros do que acertos.<\/p>\n\n\n\n<p>Mesmo com sensores maiores e especifica\u00e7\u00f5es de c\u00e2mera aprimoradas, mudan\u00e7as estruturais podem tornar certos algoritmos menos confi\u00e1veis em uma gera\u00e7\u00e3o espec\u00edfica. Caso o LiDAR, o flash ou outros elementos estejam trabalhando em \u00e2ngulos diferentes em rela\u00e7\u00e3o \u00e0 lente principal, a coleta de dados de profundidade em longo tempo de exposi\u00e7\u00e3o pode gerar resultados inconsistentes. Em um cen\u00e1rio assim, a empresa pode optar por desabilitar a fun\u00e7\u00e3o combinada para preservar a previsibilidade das imagens. Portanto, em vez de insistir em uma solu\u00e7\u00e3o de software para compensar o novo arranjo f\u00edsico, a Apple aparentemente preferiu redesenhar o fluxo de captura em baixa luz. Essa escolha est\u00e1 alinhada com a estrat\u00e9gia da marca de priorizar resultados mais est\u00e1veis, mesmo que isso signifique remover recursos populares em uma gera\u00e7\u00e3o espec\u00edfica.<\/p>\n\n\n\n<ul class=\"wp-block-list\">\n<li><strong>LiDAR reposicionado<\/strong>: pode alterar a leitura de profundidade em longa exposi\u00e7\u00e3o. O mapa 3D do ambiente tende a ficar menos est\u00e1vel em situa\u00e7\u00f5es muito escuras.<\/li>\n\n\n\n<li><strong>Flash em novo local<\/strong>: muda a forma como a luz incide no rosto e no fundo, o que, por consequ\u00eancia, afeta o contraste necess\u00e1rio para separar o sujeito do cen\u00e1rio.<\/li>\n\n\n\n<li><strong>Algoritmos ajustados<\/strong>: priorizam estabilidade e repetibilidade dos resultados, mesmo que isso implique abrir m\u00e3o da combina\u00e7\u00e3o entre modo Noite e modo Retrato. Em alguns casos, isso tamb\u00e9m reduz artefatos como halos em volta do rosto ou bordas mal recortadas.<\/li>\n<\/ul>\n\n\n\n<h2 class=\"wp-block-heading\">Como essa mudan\u00e7a afeta a fotografia no iPhone 17 Pro?<\/h2>\n\n\n\n<p>A retirada do\u00a0<strong>modo Noite em Retrato no iPhone 17 Pro<\/strong>\u00a0impacta especialmente quem costuma fotografar pessoas em bares, festas, ruas pouco iluminadas ou cen\u00e1rios internos com luz escassa. Antes, a longa exposi\u00e7\u00e3o ajudava a clarear a cena, preservar detalhes do ambiente e, ao mesmo tempo, manter o foco na pessoa em primeiro plano com o fundo suavemente desfocado. Agora, o aparelho precisa equilibrar o retrato sem esse refor\u00e7o de ilumina\u00e7\u00e3o por software em baixa luz. <\/p>\n\n\n\n<p>Ainda assim, an\u00e1lises t\u00e9cnicas apontam que o conjunto de c\u00e2meras do iPhone 17 Pro continua entregando alto n\u00edvel de detalhes, nitidez e alcance din\u00e2mico em diversos cen\u00e1rios. Em suma, o salto de qualidade em situa\u00e7\u00f5es de boa luz e m\u00e9dia luz compensa, para muitos usu\u00e1rios, a perda dessa combina\u00e7\u00e3o espec\u00edfica. O que muda \u00e9 o tipo de recurso dispon\u00edvel em condi\u00e7\u00f5es espec\u00edficas. Em vez de contar com a combina\u00e7\u00e3o autom\u00e1tica entre noite e retrato, o usu\u00e1rio passa a depender mais de ajustes de enquadramento, fontes de luz adicionais no ambiente e, em alguns casos, de p\u00f3s-edi\u00e7\u00e3o para destacar o sujeito em primeiro plano. Ent\u00e3o, vale explorar mais o controle manual de exposi\u00e7\u00e3o, o ajuste de foco e at\u00e9 aplicativos de terceiros especializados em retratos noturnos. Usu\u00e1rios avan\u00e7ados tamb\u00e9m podem testar o disparo em RAW, quando dispon\u00edvel, para ter maior flexibilidade na edi\u00e7\u00e3o posterior.<\/p>\n\n\n\n<ol class=\"wp-block-list\">\n<li>Aproximar o sujeito de uma fonte de luz suave, como janelas ou lumin\u00e1rias indiretas, para melhorar o contraste no rosto sem estourar os brilhos.<\/li>\n\n\n\n<li>Evitar fundos muito escuros, que dificultam a separa\u00e7\u00e3o entre pessoa e cen\u00e1rio e podem deixar o desfoque menos natural.<\/li>\n\n\n\n<li>Testar \u00e2ngulos em que a luz do ambiente ajude a criar contraste natural, como laterais suaves ou contraluz controlado.<\/li>\n\n\n\n<li>Usar a edi\u00e7\u00e3o posterior para refor\u00e7ar o desfoque ou a nitidez do rosto, seja no Fotos do iOS ou em apps dedicados de edi\u00e7\u00e3o.<\/li>\n<\/ol>\n\n\n\n<h2 class=\"wp-block-heading\">Como os usu\u00e1rios t\u00eam reagido \u00e0 mudan\u00e7a?<\/h2>\n\n\n\n<p>Desde que a aus\u00eancia do recurso combinado veio \u00e0 tona, a comunidade tem discutido o tema em f\u00f3runs, redes sociais e canais de suporte. Em plataformas como Reddit e nos pr\u00f3prios f\u00f3runs da Apple, diversos consumidores classificaram a retirada da fun\u00e7\u00e3o como um\u00a0<strong>retrocesso em termos de praticidade<\/strong>. O impacto \u00e9 maior em quem havia se acostumado a registrar retratos noturnos com aux\u00edlio do modo Noite nas gera\u00e7\u00f5es anteriores. Muitos usu\u00e1rios que fazem upgrades anuais sentiram a mudan\u00e7a de maneira imediata na rotina de captura.<\/p>\n\n\n\n<p>Ao mesmo tempo, h\u00e1 relatos de usu\u00e1rios que priorizam a qualidade geral de imagem e veem o iPhone 17 Pro como um avan\u00e7o em outras \u00e1reas fotogr\u00e1ficas, como zoom, defini\u00e7\u00e3o e HDR. Em suma, quem fotografa mais paisagens, arquitetura e cenas diurnas tende a considerar o aparelho um passo adiante, mesmo sem a combina\u00e7\u00e3o Noite + Retrato. O ponto central do debate fica em torno do equil\u00edbrio entre inova\u00e7\u00e3o e manuten\u00e7\u00e3o de recursos tradicionais. Para quem valoriza retratos em ambientes escuros, a aus\u00eancia do modo Noite em conjunto com o modo Retrato passa a ser um fator a ser considerado na escolha ou na atualiza\u00e7\u00e3o do aparelho. Esse tipo de discuss\u00e3o tamb\u00e9m refor\u00e7a a import\u00e2ncia de testar o aparelho antes da compra, sempre que poss\u00edvel, para avaliar se a mudan\u00e7a afeta o seu uso real.<\/p>\n\n\n\n<p>Enquanto a Apple n\u00e3o detalha a motiva\u00e7\u00e3o exata por tr\u00e1s da mudan\u00e7a nem indica qualquer revers\u00e3o via atualiza\u00e7\u00e3o de software, a adapta\u00e7\u00e3o ao novo comportamento da c\u00e2mera se torna parte da rotina de quem utiliza o iPhone 17 Pro em situa\u00e7\u00f5es de baixa luminosidade. Ent\u00e3o, usu\u00e1rios mais exigentes em fotografia acabam testando configura\u00e7\u00f5es, comparando apps e buscando alternativas criativas para compensar essa limita\u00e7\u00e3o. Dessa forma, o tema segue em discuss\u00e3o, principalmente entre usu\u00e1rios que acompanham de perto cada altera\u00e7\u00e3o no conjunto de ferramentas fotogr\u00e1ficas dos celulares da marca.<\/p>\n\n\n\n<h2 class=\"wp-block-heading\">FAQ \u2013 Perguntas adicionais sobre c\u00e2mera e retratos no iPhone 17 Pro<\/h2>\n\n\n\n<p><strong>O iPhone 17 Pro ainda tem modo Noite em fotos comuns?<\/strong><br>Sim. O modo Noite continua dispon\u00edvel para fotos padr\u00e3o (sem Retrato) e pode ser ativado automaticamente em cen\u00e1rios escuros. Em suma, voc\u00ea ainda consegue iluminar cenas noturnas, apenas sem o desfoque de fundo t\u00edpico do modo Retrato.<\/p>\n\n\n\n<p><strong>Consigo simular retrato noturno usando apps de terceiros?<\/strong><br>Em muitos casos, sim. Alguns aplicativos de c\u00e2mera e edi\u00e7\u00e3o aplicam desfoque de fundo por software ap\u00f3s o clique. Entretanto, a qualidade varia bastante entre apps, ent\u00e3o vale testar diferentes op\u00e7\u00f5es at\u00e9 encontrar o resultado que mais agrada. Tamb\u00e9m \u00e9 importante conferir se o app respeita tons de pele e n\u00e3o cria bordas artificiais ao redor do rosto.<\/p>\n\n\n\n<p><strong>O zoom do iPhone 17 Pro melhora fotos em baixa luz?<\/strong><br>Em m\u00e9dia, o zoom \u00f3ptico e o processamento avan\u00e7ado ajudam a manter mais detalhes, principalmente em ambientes com luz intermedi\u00e1ria, como cidades \u00e0 noite com postes e letreiros. Portanto, usar lentes tele pode render bons retratos noturnos, desde que a cena n\u00e3o esteja totalmente escura. Em condi\u00e7\u00f5es muito cr\u00edticas, por\u00e9m, ainda \u00e9 melhor ficar na lente principal, que costuma ter abertura maior e melhor capta\u00e7\u00e3o de luz.<\/p>\n\n\n\n<p><strong>Vale a pena manter um iPhone mais antigo s\u00f3 pelo modo Noite em Retrato?<\/strong><br>Isso depende do seu uso. Se retratos noturnos representam a maior parte das suas fotos importantes, manter um modelo anterior pode fazer sentido. Ent\u00e3o, antes de trocar, compare suas fotos atuais com testes em uma loja ou com amigos que j\u00e1 tenham o iPhone 17 Pro. Tamb\u00e9m considere outros ganhos da nova gera\u00e7\u00e3o, como maior autonomia de bateria, melhorias em v\u00eddeo e recursos de IA, para pesar o custo-benef\u00edcio completo.<\/p>\n\n\n\n<p><strong>A Apple pode voltar com o modo Noite em Retrato em futuras gera\u00e7\u00f5es?<\/strong><br>N\u00e3o h\u00e1 confirma\u00e7\u00e3o oficial. Entretanto, a Apple costuma ajustar recursos de c\u00e2mera de gera\u00e7\u00e3o em gera\u00e7\u00e3o. Em suma, \u00e9 poss\u00edvel que modelos futuros tragam uma nova abordagem para retratos noturnos, talvez com sensores redesenhados ou algoritmos repensados para esse tipo de cena. Atualiza\u00e7\u00f5es de software tamb\u00e9m podem introduzir modos alternativos, como perfis espec\u00edficos para retratos em baixa luz, ainda que em outra implementa\u00e7\u00e3o.<\/p>\n","protected":false},"excerpt":{"rendered":"<p>Desde a chegada do iPhone 17 Pro ao mercado, uma mudan\u00e7a espec\u00edfica no conjunto de recursos de c\u00e2mera tem gerado aten\u00e7\u00e3o: a Apple retirou a possibilidade de combinar o\u00a0modo Noite\u00a0com o\u00a0modo Retrato. A altera\u00e7\u00e3o foi registrada em documento oficial de suporte da empresa e, desde ent\u00e3o, passou a ser tema frequente em discuss\u00f5es entre usu\u00e1rios, [&hellip;]<\/p>\n","protected":false},"author":10,"featured_media":16398,"comment_status":"open","ping_status":"open","sticky":false,"template":"","format":"standard","meta":{"jnews-multi-image_gallery":[],"jnews_single_post":{"format":"standard"},"jnews_primary_category":[],"jnews_social_meta":[],"jnews_override_counter":[],"footnotes":""},"categories":[244],"tags":[729,730,5877,224],"class_list":["post-16397","post","type-post","status-publish","format-standard","has-post-thumbnail","hentry","category-tecnologia-2","tag-apple","tag-iphone","tag-iphone-17","tag-tecnologia"],"yoast_head":"<!-- This site is optimized with the Yoast SEO plugin v25.1 - https:\/\/yoast.com\/wordpress\/plugins\/seo\/ -->\n<title>Apple tira fun\u00e7\u00e3o retrato do Iphone 17; saiba mais - Correio Braziliense - Aqui<\/title>\n<meta name=\"description\" content=\"iPhone 17 Pro perde modo Noite no Retrato; entenda o impacto na c\u00e2mera, qualidade das fotos em pouca luz e rea\u00e7\u00e3o dos usu\u00e1rios\" \/>\n<meta name=\"robots\" content=\"index, follow, max-snippet:-1, max-image-preview:large, max-video-preview:-1\" \/>\n<link rel=\"canonical\" href=\"https:\/\/www.correiobraziliense.com.br\/aqui\/2025\/12\/04\/apple-tira-funcao-retrato-do-iphone-17-saiba-mais\/\" \/>\n<meta property=\"og:locale\" content=\"pt_BR\" \/>\n<meta property=\"og:type\" content=\"article\" \/>\n<meta property=\"og:title\" content=\"Apple tira fun\u00e7\u00e3o retrato do Iphone 17; saiba mais - Correio Braziliense - Aqui\" \/>\n<meta property=\"og:description\" content=\"iPhone 17 Pro perde modo Noite no Retrato; entenda o impacto na c\u00e2mera, qualidade das fotos em pouca luz e rea\u00e7\u00e3o dos usu\u00e1rios\" \/>\n<meta property=\"og:url\" content=\"https:\/\/www.correiobraziliense.com.br\/aqui\/2025\/12\/04\/apple-tira-funcao-retrato-do-iphone-17-saiba-mais\/\" \/>\n<meta property=\"og:site_name\" content=\"Correio Braziliense - Aqui\" \/>\n<meta property=\"article:published_time\" content=\"2025-12-04T14:46:22+00:00\" \/>\n<meta property=\"article:modified_time\" content=\"2025-12-04T14:47:33+00:00\" \/>\n<meta property=\"og:image\" content=\"https:\/\/www.correiobraziliense.com.br\/aqui\/wp-content\/uploads\/2025\/12\/httpsneuralmyth.comstaticcache2c91c793-c6e1-4dcb-be0c-86767a96ee56.jpeg\" \/>\n\t<meta property=\"og:image:width\" content=\"1280\" \/>\n\t<meta property=\"og:image:height\" content=\"720\" \/>\n\t<meta property=\"og:image:type\" content=\"image\/jpeg\" \/>\n<meta name=\"author\" content=\"Larissa\" \/>\n<meta name=\"twitter:card\" content=\"summary_large_image\" \/>\n<meta name=\"twitter:label1\" content=\"Escrito por\" \/>\n\t<meta name=\"twitter:data1\" content=\"Larissa\" \/>\n\t<meta name=\"twitter:label2\" content=\"Est. tempo de leitura\" \/>\n\t<meta name=\"twitter:data2\" content=\"11 minutos\" \/>\n<!-- \/ Yoast SEO plugin. -->","yoast_head_json":{"title":"Apple tira fun\u00e7\u00e3o retrato do Iphone 17; saiba mais - Correio Braziliense - Aqui","description":"iPhone 17 Pro perde modo Noite no Retrato; entenda o impacto na c\u00e2mera, qualidade das fotos em pouca luz e rea\u00e7\u00e3o dos usu\u00e1rios","robots":{"index":"index","follow":"follow","max-snippet":"max-snippet:-1","max-image-preview":"max-image-preview:large","max-video-preview":"max-video-preview:-1"},"canonical":"https:\/\/www.correiobraziliense.com.br\/aqui\/2025\/12\/04\/apple-tira-funcao-retrato-do-iphone-17-saiba-mais\/","og_locale":"pt_BR","og_type":"article","og_title":"Apple tira fun\u00e7\u00e3o retrato do Iphone 17; saiba mais - Correio Braziliense - Aqui","og_description":"iPhone 17 Pro perde modo Noite no Retrato; entenda o impacto na c\u00e2mera, qualidade das fotos em pouca luz e rea\u00e7\u00e3o dos usu\u00e1rios","og_url":"https:\/\/www.correiobraziliense.com.br\/aqui\/2025\/12\/04\/apple-tira-funcao-retrato-do-iphone-17-saiba-mais\/","og_site_name":"Correio Braziliense - Aqui","article_published_time":"2025-12-04T14:46:22+00:00","article_modified_time":"2025-12-04T14:47:33+00:00","og_image":[{"width":1280,"height":720,"url":"https:\/\/www.correiobraziliense.com.br\/aqui\/wp-content\/uploads\/2025\/12\/httpsneuralmyth.comstaticcache2c91c793-c6e1-4dcb-be0c-86767a96ee56.jpeg","type":"image\/jpeg"}],"author":"Larissa","twitter_card":"summary_large_image","twitter_misc":{"Escrito por":"Larissa","Est. tempo de leitura":"11 minutos"},"schema":{"@context":"https:\/\/schema.org","@graph":[{"@type":"WebPage","@id":"https:\/\/www.correiobraziliense.com.br\/aqui\/2025\/12\/04\/apple-tira-funcao-retrato-do-iphone-17-saiba-mais\/","url":"https:\/\/www.correiobraziliense.com.br\/aqui\/2025\/12\/04\/apple-tira-funcao-retrato-do-iphone-17-saiba-mais\/","name":"Apple tira fun\u00e7\u00e3o retrato do Iphone 17; saiba mais - Correio Braziliense - Aqui","isPartOf":{"@id":"https:\/\/www.correiobraziliense.com.br\/aqui\/#website"},"primaryImageOfPage":{"@id":"https:\/\/www.correiobraziliense.com.br\/aqui\/2025\/12\/04\/apple-tira-funcao-retrato-do-iphone-17-saiba-mais\/#primaryimage"},"image":{"@id":"https:\/\/www.correiobraziliense.com.br\/aqui\/2025\/12\/04\/apple-tira-funcao-retrato-do-iphone-17-saiba-mais\/#primaryimage"},"thumbnailUrl":"https:\/\/www.correiobraziliense.com.br\/aqui\/wp-content\/uploads\/2025\/12\/httpsneuralmyth.comstaticcache2c91c793-c6e1-4dcb-be0c-86767a96ee56.jpeg","datePublished":"2025-12-04T14:46:22+00:00","dateModified":"2025-12-04T14:47:33+00:00","author":{"@id":"https:\/\/www.correiobraziliense.com.br\/aqui\/#\/schema\/person\/775f50a8c1ac31704d56816e99b29041"},"description":"iPhone 17 Pro perde modo Noite no Retrato; entenda o impacto na c\u00e2mera, qualidade das fotos em pouca luz e rea\u00e7\u00e3o dos usu\u00e1rios","breadcrumb":{"@id":"https:\/\/www.correiobraziliense.com.br\/aqui\/2025\/12\/04\/apple-tira-funcao-retrato-do-iphone-17-saiba-mais\/#breadcrumb"},"inLanguage":"pt-BR","potentialAction":[{"@type":"ReadAction","target":["https:\/\/www.correiobraziliense.com.br\/aqui\/2025\/12\/04\/apple-tira-funcao-retrato-do-iphone-17-saiba-mais\/"]}]},{"@type":"ImageObject","inLanguage":"pt-BR","@id":"https:\/\/www.correiobraziliense.com.br\/aqui\/2025\/12\/04\/apple-tira-funcao-retrato-do-iphone-17-saiba-mais\/#primaryimage","url":"https:\/\/www.correiobraziliense.com.br\/aqui\/wp-content\/uploads\/2025\/12\/httpsneuralmyth.comstaticcache2c91c793-c6e1-4dcb-be0c-86767a96ee56.jpeg","contentUrl":"https:\/\/www.correiobraziliense.com.br\/aqui\/wp-content\/uploads\/2025\/12\/httpsneuralmyth.comstaticcache2c91c793-c6e1-4dcb-be0c-86767a96ee56.jpeg","width":1280,"height":720,"caption":"Cr\u00e9ditos: depositphotos.com \/ Wongphoto"},{"@type":"BreadcrumbList","@id":"https:\/\/www.correiobraziliense.com.br\/aqui\/2025\/12\/04\/apple-tira-funcao-retrato-do-iphone-17-saiba-mais\/#breadcrumb","itemListElement":[{"@type":"ListItem","position":1,"name":"In\u00edcio","item":"https:\/\/www.correiobraziliense.com.br\/aqui\/"},{"@type":"ListItem","position":2,"name":"Apple tira fun\u00e7\u00e3o retrato do Iphone 17; saiba mais"}]},{"@type":"WebSite","@id":"https:\/\/www.correiobraziliense.com.br\/aqui\/#website","url":"https:\/\/www.correiobraziliense.com.br\/aqui\/","name":"Correio Braziliense - Aqui","description":"O Correio Braziliense (CB) \u00e9 o mais importante canal de not\u00edcias de Bras\u00edlia. Aqui voc\u00ea encontra as \u00faltimas not\u00edcias do DF, do Brasil e do mundo.","potentialAction":[{"@type":"SearchAction","target":{"@type":"EntryPoint","urlTemplate":"https:\/\/www.correiobraziliense.com.br\/aqui\/?s={search_term_string}"},"query-input":{"@type":"PropertyValueSpecification","valueRequired":true,"valueName":"search_term_string"}}],"inLanguage":"pt-BR"},{"@type":"Person","@id":"https:\/\/www.correiobraziliense.com.br\/aqui\/#\/schema\/person\/775f50a8c1ac31704d56816e99b29041","name":"Larissa","image":{"@type":"ImageObject","inLanguage":"pt-BR","@id":"https:\/\/www.correiobraziliense.com.br\/aqui\/#\/schema\/person\/image\/","url":"https:\/\/secure.gravatar.com\/avatar\/62f5b2e99de671d075ab98e19f03c3c38c80a93f5d06f51075cf4431a4e76458?s=96&d=mm&r=g","contentUrl":"https:\/\/secure.gravatar.com\/avatar\/62f5b2e99de671d075ab98e19f03c3c38c80a93f5d06f51075cf4431a4e76458?s=96&d=mm&r=g","caption":"Larissa"},"url":"https:\/\/www.correiobraziliense.com.br\/aqui\/author\/larissaaqui\/"}]}},"_links":{"self":[{"href":"https:\/\/www.correiobraziliense.com.br\/aqui\/wp-json\/wp\/v2\/posts\/16397","targetHints":{"allow":["GET"]}}],"collection":[{"href":"https:\/\/www.correiobraziliense.com.br\/aqui\/wp-json\/wp\/v2\/posts"}],"about":[{"href":"https:\/\/www.correiobraziliense.com.br\/aqui\/wp-json\/wp\/v2\/types\/post"}],"author":[{"embeddable":true,"href":"https:\/\/www.correiobraziliense.com.br\/aqui\/wp-json\/wp\/v2\/users\/10"}],"replies":[{"embeddable":true,"href":"https:\/\/www.correiobraziliense.com.br\/aqui\/wp-json\/wp\/v2\/comments?post=16397"}],"version-history":[{"count":4,"href":"https:\/\/www.correiobraziliense.com.br\/aqui\/wp-json\/wp\/v2\/posts\/16397\/revisions"}],"predecessor-version":[{"id":16403,"href":"https:\/\/www.correiobraziliense.com.br\/aqui\/wp-json\/wp\/v2\/posts\/16397\/revisions\/16403"}],"wp:featuredmedia":[{"embeddable":true,"href":"https:\/\/www.correiobraziliense.com.br\/aqui\/wp-json\/wp\/v2\/media\/16398"}],"wp:attachment":[{"href":"https:\/\/www.correiobraziliense.com.br\/aqui\/wp-json\/wp\/v2\/media?parent=16397"}],"wp:term":[{"taxonomy":"category","embeddable":true,"href":"https:\/\/www.correiobraziliense.com.br\/aqui\/wp-json\/wp\/v2\/categories?post=16397"},{"taxonomy":"post_tag","embeddable":true,"href":"https:\/\/www.correiobraziliense.com.br\/aqui\/wp-json\/wp\/v2\/tags?post=16397"}],"curies":[{"name":"wp","href":"https:\/\/api.w.org\/{rel}","templated":true}]}}