{"id":16419,"date":"2025-12-04T15:33:44","date_gmt":"2025-12-04T18:33:44","guid":{"rendered":"https:\/\/www.correiobraziliense.com.br\/aqui\/?p=16419"},"modified":"2025-12-04T15:33:47","modified_gmt":"2025-12-04T18:33:47","slug":"arvore-de-natal-tem-prazo-de-validade-veja-quando-e-hora-de-substituir","status":"publish","type":"post","link":"https:\/\/www.correiobraziliense.com.br\/aqui\/2025\/12\/04\/arvore-de-natal-tem-prazo-de-validade-veja-quando-e-hora-de-substituir\/","title":{"rendered":"\u00c1rvore de Natal tem &#8216;prazo de validade&#8217;? Veja quando \u00e9 hora de substituir"},"content":{"rendered":"\n<p>Com a chegada de dezembro, muitas fam\u00edlias come\u00e7am a tirar as caixas de enfeites do arm\u00e1rio e surge uma d\u00favida comum: o antigo pinheiro natalino ainda est\u00e1 em boas condi\u00e7\u00f5es ou j\u00e1 passou da hora de ser trocado? A preocupa\u00e7\u00e3o n\u00e3o \u00e9 apenas est\u00e9tica. Uma \u00e1rvore de Natal envelhecida pode perder firmeza, ficar inst\u00e1vel e at\u00e9 representar risco na hora de pendurar luzes e adornos mais pesados.<\/p>\n\n\n\n<p>Especialistas em decora\u00e7\u00e3o e organiza\u00e7\u00e3o dom\u00e9stica apontam que observar o estado geral do pinheiro antes de mont\u00e1-lo \u00e9 uma etapa importante dos preparativos. Pequenos sinais de desgaste, que muitas vezes passam despercebidos, indicam que aquele modelo j\u00e1 n\u00e3o oferece a mesma seguran\u00e7a e apar\u00eancia de quando foi comprado. Assim, avaliar com calma o material, a base e as ramifica\u00e7\u00f5es ajuda a decidir se vale a pena mant\u00ea-lo por mais uma temporada ou se \u00e9 o momento de buscar um substituto.<\/p>\n\n\n\n<h2 class=\"wp-block-heading\">Cada quanto tempo renovar a \u00e1rvore de Natal artificial?<\/h2>\n\n\n\n<p>De forma geral, recomenda-se que a \u00e1rvore de Natal artificial <strong><a href=\"https:\/\/www.correiobraziliense.com.br\/aqui\/2025\/12\/02\/saiba-por-que-o-dia-8-12-e-a-data-ideal-para-montar-a-arvore-de-natal\/\" target=\"_blank\" rel=\"noreferrer noopener\">seja renovada a cada 5 a 7 anos<\/a><\/strong>, dependendo da qualidade do produto e de como ele \u00e9 armazenado. Com o passar do tempo, o pl\u00e1stico tende a ressecar, as hastes podem entortar e o conjunto perde volume, o que compromete a harmonia da decora\u00e7\u00e3o. Em modelos mais antigos, \u00e9 comum surgir desbotamento, principalmente em pe\u00e7as expostas \u00e0 luz ou guardadas em locais \u00famidos.<\/p>\n\n\n\n<p>Al\u00e9m da apar\u00eancia, a durabilidade do pinheiro de Natal est\u00e1 diretamente ligada \u00e0 sua estrutura. Bases fr\u00e1geis, encaixes frouxos e galhos que n\u00e3o suportam o peso dos enfeites s\u00e3o indicativos de que a vida \u00fatil chegou ao fim. Guardar o produto em embalagens adequadas, longe de calor e umidade, contribui para atingir o limite m\u00e1ximo desse per\u00edodo de 5 a 7 anos sem grandes preju\u00edzos visuais ou estruturais.<\/p>\n\n\n\n<h2 class=\"wp-block-heading\">Quais sinais mostram que a \u00e1rvore de Natal deve ser trocada?<\/h2>\n\n\n\n<p>Antes de decidir pela compra de ua nova \u00e1rvore de natal, \u00e9 poss\u00edvel fazer uma checagem simples em casa. Basta montar a estrutura sem enfeites e observar alguns pontos-chave. Essa verifica\u00e7\u00e3o pr\u00e9via ajuda a evitar imprevistos no dia da decora\u00e7\u00e3o e permite identificar se apenas alguns ajustes s\u00e3o suficientes ou se realmente \u00e9 melhor investir em um modelo novo.<\/p>\n\n\n\n<ul class=\"wp-block-list\">\n<li><strong>Ramos frouxos ou tortos:<\/strong> galhos que n\u00e3o voltam ao lugar ou que caem com facilidade indicam desgaste do arame e do pl\u00e1stico.<\/li>\n\n\n\n<li><strong>Cor desbotada:<\/strong> partes esbranqui\u00e7adas, amareladas ou com brilho muito opaco reduzem o efeito visual do pinheiro de Natal.<\/li>\n\n\n\n<li><strong>Pl\u00e1stico quebradi\u00e7o:<\/strong> peda\u00e7os que se soltam ao toque ou pontas que se partem com facilidade sugerem ressecamento do material.<\/li>\n\n\n\n<li><strong>Base inst\u00e1vel:<\/strong> p\u00e9s que balan\u00e7am, dobram ou n\u00e3o sustentam o peso completo do \u00e1rvore representam risco de queda.<\/li>\n\n\n\n<li><strong>Perda de densidade:<\/strong> espa\u00e7os vazios entre as ramifica\u00e7\u00f5es, mesmo ap\u00f3s abrir bem os galhos, fazem o pinheiro parecer ralo.<\/li>\n<\/ul>\n\n\n\n<p>Se o pinheiro artificial apresentar mais de um desses problemas ao mesmo tempo, a recomenda\u00e7\u00e3o mais comum \u00e9 substituir a pe\u00e7a. Em alguns casos, pequenos reparos, como apertar parafusos da base ou reposicionar hastes, podem prolongar o uso por mais uma temporada, mas \u00e9 importante n\u00e3o for\u00e7ar estruturas comprometidas, especialmente quando h\u00e1 crian\u00e7as ou animais no ambiente.<\/p>\n\n\n\n<h2 class=\"wp-block-heading\">Qual \u00e9 o hor\u00e1rio ideal para montar a \u00e1rvore segundo a tradi\u00e7\u00e3o?<\/h2>\n\n\n\n<p>Al\u00e9m de decidir quando trocar o pinheiro, muitas fam\u00edlias tamb\u00e9m seguem tradi\u00e7\u00f5es em rela\u00e7\u00e3o ao melhor momento para mont\u00e1-lo. Em pa\u00edses de forte influ\u00eancia crist\u00e3, tornou-se comum iniciar a montagem da \u00e1rvore de Natal no per\u00edodo do Advento, geralmente no fim de novembro ou nos primeiros dias de dezembro. Em diversas regi\u00f5es, <strong>o dia 8 de dezembro<\/strong> \u00e9 citado como data simb\u00f3lica para come\u00e7ar os preparativos.<\/p>\n\n\n\n<p>Quanto ao hor\u00e1rio, algumas tradi\u00e7\u00f5es populares indicam que montar a \u00e1rvore de natal ao entardecer ou no in\u00edcio da noite traz um clima mais prop\u00edcio, j\u00e1 que as luzes podem ser testadas e ajustadas com o ambiente levemente escuro. No entanto, n\u00e3o h\u00e1 regra r\u00edgida: muitas pessoas preferem a parte da manh\u00e3, com mais luz natural e tempo dispon\u00edvel para organizar cada detalhe com calma.<\/p>\n\n\n\n<ol class=\"wp-block-list\">\n<li>Escolher um dia em que todos os moradores possam participar, fortalecendo o simbolismo do ritual.<\/li>\n\n\n\n<li>Definir um hor\u00e1rio sem pressa, evitando montagens r\u00e1pidas ou improvisadas.<\/li>\n\n\n\n<li>Testar o pisca-pisca e os enfeites el\u00e9tricos antes de coloc\u00e1-los na \u00e1rvore de Natal.<\/li>\n<\/ol>\n\n\n\n<p>Independentemente da data ou do per\u00edodo do dia, o ponto central \u00e9 que a \u00e1rvore de Natal esteja segura, firme e em boas condi\u00e7\u00f5es de uso. Um pinheiro bem conservado, seja ele natural ou artificial, contribui para uma decora\u00e7\u00e3o organizada, reduz riscos dom\u00e9sticos e acompanha a casa ao longo de v\u00e1rias festas, desde que receba a aten\u00e7\u00e3o adequada na hora de montar, desmontar e guardar.<\/p>\n\n\n\n<h2 class=\"wp-block-heading\">FAQ sobre decora\u00e7\u00f5es natalinas<\/h2>\n\n\n\n<p><strong>1. Como escolher as cores da decora\u00e7\u00e3o de Natal da casa?<\/strong><br>Em suma, a escolha das cores deve considerar o estilo do ambiente e o que voc\u00ea deseja transmitir: vermelho e dourado remetem ao cl\u00e1ssico, enquanto branco, prata e azul criam um clima mais sofisticado e gelado, lembrando o inverno. Entretanto, nada impede misturas mais modernas, como toques de rosa, verde-claro ou at\u00e9 preto em detalhes. Portanto, o ideal \u00e9 definir uma paleta principal (2 ou 3 cores) e repeti-la em diferentes pontos da casa para manter a harmonia visual.<\/p>\n\n\n\n<p><strong>2. Como distribuir melhor as luzes de Natal pela casa?<\/strong><br>\u00c9 importante planejar antes de ligar tudo na tomada, medindo o comprimento dos fios e escolhendo bem onde cada ponto de luz ficar\u00e1. Entretanto, evite concentrar todas as luzes em um \u00fanico local; use-as no pinheiro, em janelas, prateleiras e, se poss\u00edvel, na \u00e1rea externa. Portanto, teste os pisca-piscas antes de instalar e d\u00ea prefer\u00eancia a l\u00e2mpadas de LED, que consomem menos energia e aquecem menos, aumentando a seguran\u00e7a.<\/p>\n\n\n\n<p><strong>3. Como decorar a casa para o Natal gastando pouco?<\/strong><br>Reaproveitar enfeites de anos anteriores e apostar em itens artesanais \u00e9 uma forma eficiente de economizar. Recipientes de vidro podem virar arranjos com bolas antigas, la\u00e7os e galhos secos, por exemplo. Entretanto, \u00e9 preciso planejar, para n\u00e3o comprar impulsivamente novos itens a cada ano. Portanto, fa\u00e7a uma lista do que j\u00e1 possui, defina o que realmente precisa complementar e, ent\u00e3o, priorize pe\u00e7as vers\u00e1teis, que possam ser usadas em diferentes ambientes e combina\u00e7\u00f5es.<\/p>\n\n\n\n<p><strong>4. Como deixar a decora\u00e7\u00e3o natalina segura para crian\u00e7as e pets?<\/strong><br>O segredo est\u00e1 em evitar objetos pequenos, pontiagudos ou muito fr\u00e1geis nas partes baixas da decora\u00e7\u00e3o. Use enfeites de pl\u00e1stico, feltro ou tecido nos primeiros n\u00edveis do pinheiro e deixe as pe\u00e7as mais delicadas no topo. Entretanto, n\u00e3o se trata apenas dos enfeites: fios de luz devem ficar bem presos e fora do alcance, e velas acesas exigem supervis\u00e3o constante. Portanto, reorganizar a altura dos adornos e proteger tomadas e extens\u00f5es \u00e9 essencial para garantir um ambiente bonito e, ent\u00e3o, mais seguro para toda a fam\u00edlia.<\/p>\n\n\n\n<p><strong>5. Como combinar a decora\u00e7\u00e3o da mesa da ceia com o restante da casa?<\/strong><br>A mesa deve refletir as mesmas cores principais usadas no pinheiro e nos outros enfeites, criando unidade visual. Voc\u00ea pode repetir tons das bolas de Natal nos guardanapos, nos porta-guardanapos ou no caminho de mesa. Entretanto, evite exageros: muitas pe\u00e7as altas ou muito chamativas podem atrapalhar a circula\u00e7\u00e3o dos convidados e o manuseio das travessas. Portanto, escolha um elemento de destaque (como um arranjo central ou uma toalha especial) e, ent\u00e3o, complemente com detalhes discretos que conversem com a decora\u00e7\u00e3o geral.<\/p>\n\n\n\n<p><strong>6. Como organizar e guardar as decora\u00e7\u00f5es ap\u00f3s o Natal para que durem mais?<\/strong><br>Guardar cada item de forma correta prolonga muito a vida \u00fatil dos enfeites. Utilize caixas etiquetadas, enrolando os pisca-piscas em pe\u00e7as de papel\u00e3o ou carret\u00e9is improvisados para evitar n\u00f3s. As bolas podem ser separadas por tipo e cor, com prote\u00e7\u00e3o de papel ou pl\u00e1stico-bolha. Entretanto, n\u00e3o adianta organizar bem se o local de armazenamento for inadequado: umidade, calor excessivo e exposi\u00e7\u00e3o direta ao sol podem danificar os materiais. Portanto, escolha um espa\u00e7o seco e ventilado e, ent\u00e3o, acomode as caixas de modo que n\u00e3o sejam amassadas ou esmagadas por outros objetos.<\/p>\n\n\n\n<p><strong>7. Como evitar que a decora\u00e7\u00e3o natalina deixe a casa visualmente \u201ccarregada\u201d?<\/strong><br>O equil\u00edbrio \u00e9 a chave: nem tudo precisa ter um enfeite natalino. Defina alguns pontos de destaque, como sala, entrada e talvez a mesa de jantar, deixando outros ambientes mais neutros. Entretanto, \u00e9 comum se empolgar e querer expor todos os itens acumulados ao longo dos anos. Nesses casos, vale fazer uma esp\u00e9cie de \u201crevezamento\u201d, usando parte do acervo a cada ano. Portanto, selecione o que combina entre si, priorize pe\u00e7as com significado afetivo e, ent\u00e3o, permita espa\u00e7os vazios para que os enfeites ganhem mais destaque.<\/p>\n","protected":false},"excerpt":{"rendered":"<p>Descubra cada quanto trocar a \u00e1rvore de Natal para mant\u00ea-la bonita e segura, com dicas de especialistas em decora\u00e7\u00e3o e tradi\u00e7\u00e3o natalina.<\/p>\n","protected":false},"author":8,"featured_media":16420,"comment_status":"open","ping_status":"open","sticky":false,"template":"","format":"standard","meta":{"jnews-multi-image_gallery":[],"jnews_single_post":{"format":"standard"},"jnews_primary_category":[],"jnews_social_meta":[],"jnews_override_counter":[],"footnotes":""},"categories":[2552],"tags":[5386,1206,5878,5879],"class_list":["post-16419","post","type-post","status-publish","format-standard","has-post-thumbnail","hentry","category-decoracao","tag-arvore-de-natal","tag-decoracao","tag-decoracao-natalina","tag-quando-trocar"],"yoast_head":"<!-- This site is optimized with the Yoast SEO plugin v25.1 - https:\/\/yoast.com\/wordpress\/plugins\/seo\/ -->\n<title>\u00c1rvore de Natal tem &#039;prazo de validade&#039;? Veja quando \u00e9 hora de substituir - Correio Braziliense - Aqui<\/title>\n<meta name=\"description\" content=\"Descubra cada quanto trocar a \u00e1rvore de Natal para mant\u00ea-la bonita e segura, com dicas de especialistas em decora\u00e7\u00e3o e tradi\u00e7\u00e3o natalina.\" \/>\n<meta name=\"robots\" content=\"index, follow, max-snippet:-1, max-image-preview:large, max-video-preview:-1\" \/>\n<link rel=\"canonical\" href=\"https:\/\/www.correiobraziliense.com.br\/aqui\/2025\/12\/04\/arvore-de-natal-tem-prazo-de-validade-veja-quando-e-hora-de-substituir\/\" \/>\n<meta property=\"og:locale\" content=\"pt_BR\" \/>\n<meta property=\"og:type\" content=\"article\" \/>\n<meta property=\"og:title\" content=\"\u00c1rvore de Natal tem &#039;prazo de validade&#039;? Veja quando \u00e9 hora de substituir - Correio Braziliense - Aqui\" \/>\n<meta property=\"og:description\" content=\"Descubra cada quanto trocar a \u00e1rvore de Natal para mant\u00ea-la bonita e segura, com dicas de especialistas em decora\u00e7\u00e3o e tradi\u00e7\u00e3o natalina.\" \/>\n<meta property=\"og:url\" content=\"https:\/\/www.correiobraziliense.com.br\/aqui\/2025\/12\/04\/arvore-de-natal-tem-prazo-de-validade-veja-quando-e-hora-de-substituir\/\" \/>\n<meta property=\"og:site_name\" content=\"Correio Braziliense - Aqui\" \/>\n<meta property=\"article:published_time\" content=\"2025-12-04T18:33:44+00:00\" \/>\n<meta property=\"article:modified_time\" content=\"2025-12-04T18:33:47+00:00\" \/>\n<meta property=\"og:image\" content=\"https:\/\/www.correiobraziliense.com.br\/aqui\/wp-content\/uploads\/2025\/12\/httpsneuralmyth.comstaticcache755d396d-4f91-4b57-80e7-4ecb7e462ca2.jpeg\" \/>\n\t<meta property=\"og:image:width\" content=\"1280\" \/>\n\t<meta property=\"og:image:height\" content=\"720\" \/>\n\t<meta property=\"og:image:type\" content=\"image\/jpeg\" \/>\n<meta name=\"author\" content=\"Lara\" \/>\n<meta name=\"twitter:card\" content=\"summary_large_image\" \/>\n<meta name=\"twitter:label1\" content=\"Escrito por\" \/>\n\t<meta name=\"twitter:data1\" content=\"Lara\" \/>\n\t<meta name=\"twitter:label2\" content=\"Est. tempo de leitura\" \/>\n\t<meta name=\"twitter:data2\" content=\"9 minutos\" \/>\n<!-- \/ Yoast SEO plugin. -->","yoast_head_json":{"title":"\u00c1rvore de Natal tem 'prazo de validade'? Veja quando \u00e9 hora de substituir - Correio Braziliense - Aqui","description":"Descubra cada quanto trocar a \u00e1rvore de Natal para mant\u00ea-la bonita e segura, com dicas de especialistas em decora\u00e7\u00e3o e tradi\u00e7\u00e3o natalina.","robots":{"index":"index","follow":"follow","max-snippet":"max-snippet:-1","max-image-preview":"max-image-preview:large","max-video-preview":"max-video-preview:-1"},"canonical":"https:\/\/www.correiobraziliense.com.br\/aqui\/2025\/12\/04\/arvore-de-natal-tem-prazo-de-validade-veja-quando-e-hora-de-substituir\/","og_locale":"pt_BR","og_type":"article","og_title":"\u00c1rvore de Natal tem 'prazo de validade'? Veja quando \u00e9 hora de substituir - Correio Braziliense - Aqui","og_description":"Descubra cada quanto trocar a \u00e1rvore de Natal para mant\u00ea-la bonita e segura, com dicas de especialistas em decora\u00e7\u00e3o e tradi\u00e7\u00e3o natalina.","og_url":"https:\/\/www.correiobraziliense.com.br\/aqui\/2025\/12\/04\/arvore-de-natal-tem-prazo-de-validade-veja-quando-e-hora-de-substituir\/","og_site_name":"Correio Braziliense - Aqui","article_published_time":"2025-12-04T18:33:44+00:00","article_modified_time":"2025-12-04T18:33:47+00:00","og_image":[{"width":1280,"height":720,"url":"https:\/\/www.correiobraziliense.com.br\/aqui\/wp-content\/uploads\/2025\/12\/httpsneuralmyth.comstaticcache755d396d-4f91-4b57-80e7-4ecb7e462ca2.jpeg","type":"image\/jpeg"}],"author":"Lara","twitter_card":"summary_large_image","twitter_misc":{"Escrito por":"Lara","Est. tempo de leitura":"9 minutos"},"schema":{"@context":"https:\/\/schema.org","@graph":[{"@type":"WebPage","@id":"https:\/\/www.correiobraziliense.com.br\/aqui\/2025\/12\/04\/arvore-de-natal-tem-prazo-de-validade-veja-quando-e-hora-de-substituir\/","url":"https:\/\/www.correiobraziliense.com.br\/aqui\/2025\/12\/04\/arvore-de-natal-tem-prazo-de-validade-veja-quando-e-hora-de-substituir\/","name":"\u00c1rvore de Natal tem 'prazo de validade'? Veja quando \u00e9 hora de substituir - Correio Braziliense - Aqui","isPartOf":{"@id":"https:\/\/www.correiobraziliense.com.br\/aqui\/#website"},"primaryImageOfPage":{"@id":"https:\/\/www.correiobraziliense.com.br\/aqui\/2025\/12\/04\/arvore-de-natal-tem-prazo-de-validade-veja-quando-e-hora-de-substituir\/#primaryimage"},"image":{"@id":"https:\/\/www.correiobraziliense.com.br\/aqui\/2025\/12\/04\/arvore-de-natal-tem-prazo-de-validade-veja-quando-e-hora-de-substituir\/#primaryimage"},"thumbnailUrl":"https:\/\/www.correiobraziliense.com.br\/aqui\/wp-content\/uploads\/2025\/12\/httpsneuralmyth.comstaticcache755d396d-4f91-4b57-80e7-4ecb7e462ca2.jpeg","datePublished":"2025-12-04T18:33:44+00:00","dateModified":"2025-12-04T18:33:47+00:00","author":{"@id":"https:\/\/www.correiobraziliense.com.br\/aqui\/#\/schema\/person\/5d6e4d99fecc86ab1a7ed1a0369afb65"},"description":"Descubra cada quanto trocar a \u00e1rvore de Natal para mant\u00ea-la bonita e segura, com dicas de especialistas em decora\u00e7\u00e3o e tradi\u00e7\u00e3o natalina.","breadcrumb":{"@id":"https:\/\/www.correiobraziliense.com.br\/aqui\/2025\/12\/04\/arvore-de-natal-tem-prazo-de-validade-veja-quando-e-hora-de-substituir\/#breadcrumb"},"inLanguage":"pt-BR","potentialAction":[{"@type":"ReadAction","target":["https:\/\/www.correiobraziliense.com.br\/aqui\/2025\/12\/04\/arvore-de-natal-tem-prazo-de-validade-veja-quando-e-hora-de-substituir\/"]}]},{"@type":"ImageObject","inLanguage":"pt-BR","@id":"https:\/\/www.correiobraziliense.com.br\/aqui\/2025\/12\/04\/arvore-de-natal-tem-prazo-de-validade-veja-quando-e-hora-de-substituir\/#primaryimage","url":"https:\/\/www.correiobraziliense.com.br\/aqui\/wp-content\/uploads\/2025\/12\/httpsneuralmyth.comstaticcache755d396d-4f91-4b57-80e7-4ecb7e462ca2.jpeg","contentUrl":"https:\/\/www.correiobraziliense.com.br\/aqui\/wp-content\/uploads\/2025\/12\/httpsneuralmyth.comstaticcache755d396d-4f91-4b57-80e7-4ecb7e462ca2.jpeg","width":1280,"height":720,"caption":"Cr\u00e9ditos: depositphotos.com \/ IgorVetushko"},{"@type":"BreadcrumbList","@id":"https:\/\/www.correiobraziliense.com.br\/aqui\/2025\/12\/04\/arvore-de-natal-tem-prazo-de-validade-veja-quando-e-hora-de-substituir\/#breadcrumb","itemListElement":[{"@type":"ListItem","position":1,"name":"In\u00edcio","item":"https:\/\/www.correiobraziliense.com.br\/aqui\/"},{"@type":"ListItem","position":2,"name":"\u00c1rvore de Natal tem &#8216;prazo de validade&#8217;? Veja quando \u00e9 hora de substituir"}]},{"@type":"WebSite","@id":"https:\/\/www.correiobraziliense.com.br\/aqui\/#website","url":"https:\/\/www.correiobraziliense.com.br\/aqui\/","name":"Correio Braziliense - Aqui","description":"O Correio Braziliense (CB) \u00e9 o mais importante canal de not\u00edcias de Bras\u00edlia. Aqui voc\u00ea encontra as \u00faltimas not\u00edcias do DF, do Brasil e do mundo.","potentialAction":[{"@type":"SearchAction","target":{"@type":"EntryPoint","urlTemplate":"https:\/\/www.correiobraziliense.com.br\/aqui\/?s={search_term_string}"},"query-input":{"@type":"PropertyValueSpecification","valueRequired":true,"valueName":"search_term_string"}}],"inLanguage":"pt-BR"},{"@type":"Person","@id":"https:\/\/www.correiobraziliense.com.br\/aqui\/#\/schema\/person\/5d6e4d99fecc86ab1a7ed1a0369afb65","name":"Lara","image":{"@type":"ImageObject","inLanguage":"pt-BR","@id":"https:\/\/www.correiobraziliense.com.br\/aqui\/#\/schema\/person\/image\/","url":"https:\/\/secure.gravatar.com\/avatar\/57056c5c343a6d8a6669688d3d2c04916d9d280b352b6e50e66a8d39b2517e00?s=96&d=mm&r=g","contentUrl":"https:\/\/secure.gravatar.com\/avatar\/57056c5c343a6d8a6669688d3d2c04916d9d280b352b6e50e66a8d39b2517e00?s=96&d=mm&r=g","caption":"Lara"},"url":"https:\/\/www.correiobraziliense.com.br\/aqui\/author\/laraaqui\/"}]}},"_links":{"self":[{"href":"https:\/\/www.correiobraziliense.com.br\/aqui\/wp-json\/wp\/v2\/posts\/16419","targetHints":{"allow":["GET"]}}],"collection":[{"href":"https:\/\/www.correiobraziliense.com.br\/aqui\/wp-json\/wp\/v2\/posts"}],"about":[{"href":"https:\/\/www.correiobraziliense.com.br\/aqui\/wp-json\/wp\/v2\/types\/post"}],"author":[{"embeddable":true,"href":"https:\/\/www.correiobraziliense.com.br\/aqui\/wp-json\/wp\/v2\/users\/8"}],"replies":[{"embeddable":true,"href":"https:\/\/www.correiobraziliense.com.br\/aqui\/wp-json\/wp\/v2\/comments?post=16419"}],"version-history":[{"count":1,"href":"https:\/\/www.correiobraziliense.com.br\/aqui\/wp-json\/wp\/v2\/posts\/16419\/revisions"}],"predecessor-version":[{"id":16423,"href":"https:\/\/www.correiobraziliense.com.br\/aqui\/wp-json\/wp\/v2\/posts\/16419\/revisions\/16423"}],"wp:featuredmedia":[{"embeddable":true,"href":"https:\/\/www.correiobraziliense.com.br\/aqui\/wp-json\/wp\/v2\/media\/16420"}],"wp:attachment":[{"href":"https:\/\/www.correiobraziliense.com.br\/aqui\/wp-json\/wp\/v2\/media?parent=16419"}],"wp:term":[{"taxonomy":"category","embeddable":true,"href":"https:\/\/www.correiobraziliense.com.br\/aqui\/wp-json\/wp\/v2\/categories?post=16419"},{"taxonomy":"post_tag","embeddable":true,"href":"https:\/\/www.correiobraziliense.com.br\/aqui\/wp-json\/wp\/v2\/tags?post=16419"}],"curies":[{"name":"wp","href":"https:\/\/api.w.org\/{rel}","templated":true}]}}