{"id":16874,"date":"2025-12-09T17:40:26","date_gmt":"2025-12-09T20:40:26","guid":{"rendered":"https:\/\/www.correiobraziliense.com.br\/aqui\/?p=16874"},"modified":"2025-12-09T17:40:30","modified_gmt":"2025-12-09T20:40:30","slug":"pais-a-beira-do-surto-como-lidar-e-controlar-a-raiva-quando-voce-e-mae-ou-pai","status":"publish","type":"post","link":"https:\/\/www.correiobraziliense.com.br\/aqui\/2025\/12\/09\/pais-a-beira-do-surto-como-lidar-e-controlar-a-raiva-quando-voce-e-mae-ou-pai\/","title":{"rendered":"Pais \u00e0 beira do surto: como lidar e controlar a raiva quando voc\u00ea \u00e9 m\u00e3e ou pai"},"content":{"rendered":"\n<p>Sentir raiva durante a rotina com filhos \u00e9 algo comum, especialmente em dias de cansa\u00e7o ou press\u00e3o no trabalho. Entretanto, quando essa emo\u00e7\u00e3o passa a dominar as respostas do adulto, o clima em casa pode ficar tenso e confuso para toda a fam\u00edlia. Por isso, aprender <strong>como controlar a raiva sendo pai ou m\u00e3e<\/strong> torna-se uma ferramenta importante para preservar a sa\u00fade emocional de crian\u00e7as, adolescentes e cuidadores. Al\u00e9m disso, quando os adultos desenvolvem consci\u00eancia emocional, conseguem transformar momentos de estresse em oportunidades de conex\u00e3o e aprendizado com os filhos.<\/p>\n\n\n\n<p>A raiva, em si, n\u00e3o \u00e9 um problema. Ela funciona como um sinal de alerta, indicando que algo n\u00e3o est\u00e1 bem, que h\u00e1 um limite sendo ultrapassado ou uma necessidade n\u00e3o atendida. Entretanto, a dificuldade aparece quando essa emo\u00e7\u00e3o se manifesta de forma explosiva, com gritos, amea\u00e7as, xingamentos ou at\u00e9 sil\u00eancio agressivo e afastamento prolongado. Nesses casos, torna-se necess\u00e1rio buscar estrat\u00e9gias concretas para lidar com a raiva sem causar danos \u00e0s rela\u00e7\u00f5es. Portanto, ao encarar a raiva como uma mensagem interna, e n\u00e3o como um inimigo, pais e m\u00e3es conseguem responder com mais clareza e menos culpa.<\/p>\n\n\n\n<h2 class=\"wp-block-heading\">O que \u00e9 a raiva parental e por que ela aparece?<\/h2>\n\n\n\n<p>A chamada <strong>raiva parental<\/strong> \u00e9 o conjunto de rea\u00e7\u00f5es de irrita\u00e7\u00e3o, frustra\u00e7\u00e3o ou f\u00faria que surgem no contexto da cria\u00e7\u00e3o dos filhos. Ela pode ser desencadeada por situa\u00e7\u00f5es aparentemente simples, como desobedi\u00eancia, bagun\u00e7a, birras repetidas ou atrasos constantes. Muitas vezes, por\u00e9m, o epis\u00f3dio com a crian\u00e7a apenas desencadeia uma emo\u00e7\u00e3o j\u00e1 alimentada por fatores como estresse financeiro, sobrecarga de tarefas, falta de sono ou pouca rede de apoio. Portanto, a raiva parental costuma indicar n\u00e3o s\u00f3 um conflito com a crian\u00e7a, mas tamb\u00e9m um ac\u00famulo de desgaste emocional do adulto.<\/p>\n\n\n\n<p>Em alguns casos, essa raiva se manifesta com explos\u00f5es verbais, portas batendo e tom de voz elevado. Em outros, o adulto pode ficar em sil\u00eancio, mas manter um ressentimento persistente, remoendo o ocorrido por horas ou dias. Ambos os padr\u00f5es impactam o ambiente familiar e podem confundir a crian\u00e7a, que ainda est\u00e1 aprendendo a interpretar emo\u00e7\u00f5es. Ent\u00e3o, quando os pais oscilam entre explos\u00f5es e afastamentos prolongados, a crian\u00e7a tende a se sentir insegura, sem saber o que esperar. Compreender essas ra\u00edzes \u00e9 um passo importante para desenvolver <strong>estrat\u00e9gias de controle da raiva<\/strong> mais eficazes, mais coerentes e, em suma, mais humanizadas.<\/p>\n\n\n\n<h2 class=\"wp-block-heading\">Como controlar a raiva sendo pai ou m\u00e3e no momento da crise?<\/h2>\n\n\n\n<p>Quando a raiva chega de forma intensa, a prioridade \u00e9 reduzir o risco de atitudes impulsivas. Nessa fase, pequenas a\u00e7\u00f5es podem ajudar a \u201cdesacelerar\u201d o corpo e a mente, permitindo uma resposta mais equilibrada. A ideia central \u00e9 garantir a seguran\u00e7a de todos e criar um breve intervalo entre o impulso e a atitude. Portanto, quanto mais cedo o adulto perceber os sinais f\u00edsicos da raiva \u2014 como aperto no peito, cora\u00e7\u00e3o acelerado ou vontade de gritar \u2014, mais chances ter\u00e1 de intervir antes de perder o controle.<\/p>\n\n\n\n<ul class=\"wp-block-list\">\n<li><strong>Verificar a seguran\u00e7a:<\/strong> antes de qualquer coisa, \u00e9 importante assegurar que a crian\u00e7a est\u00e1 em um local seguro e sob supervis\u00e3o adequada. Ent\u00e3o, se o adulto sentir que est\u00e1 prestes a explodir, ele pode garantir que a crian\u00e7a permane\u00e7a em um c\u00f4modo protegido, sem objetos que representem risco, enquanto respira ou se afasta por instantes.<\/li>\n\n\n\n<li><strong>Afastar-se por alguns minutos:<\/strong> se a situa\u00e7\u00e3o permitir, o adulto pode se retirar brevemente do ambiente para recuperar a calma. Em suma, dar alguns passos para longe, beber um copo de \u00e1gua ou ir ao banheiro s\u00e3o recursos simples que criam dist\u00e2ncia do est\u00edmulo que est\u00e1 provocando a raiva.<\/li>\n\n\n\n<li><strong>Respira\u00e7\u00e3o lenta:<\/strong> inspirar pelo nariz, segurar o ar por alguns segundos e soltar devagar pela boca ajuda a reduzir a ativa\u00e7\u00e3o f\u00edsica da raiva. Portanto, repetir esse ciclo por um ou dois minutos costuma diminuir a tens\u00e3o muscular e clarear os pensamentos, favorecendo uma conversa mais respeitosa depois.<\/li>\n\n\n\n<li><strong>Contagem mental:<\/strong> contar at\u00e9 10 (ou mais) em sil\u00eancio pode criar um intervalo essencial antes de reagir. Entretanto, se a raiva estiver muito alta, o adulto pode precisar contar at\u00e9 20, 30 ou associar essa contagem a frases como \u201ceu posso pausar\u201d ou \u201cvou escolher outra forma de responder\u201d.<\/li>\n\n\n\n<li><strong>Focar em um objeto de ancoragem:<\/strong> segurar um pequeno item, como uma pedra lisa ou um chaveiro, e concentrar-se na textura pode auxiliar no retorno ao presente. Assim, o corpo e a mente saem do modo de ataque e caminham em dire\u00e7\u00e3o a um estado mais centrado.<\/li>\n<\/ul>\n\n\n\n<p>Algumas fam\u00edlias tamb\u00e9m utilizam uma <strong>palavra-c\u00f3digo<\/strong> para indicar que o n\u00edvel de irrita\u00e7\u00e3o est\u00e1 alto. Ao ouvir essa palavra, os demais entendem que \u00e9 o momento de diminuir discuss\u00f5es, dar espa\u00e7o e evitar provoca\u00e7\u00f5es, o que ajuda a prevenir escaladas de conflito. Portanto, esse tipo de combina\u00e7\u00e3o fortalece a coopera\u00e7\u00e3o entre os membros da fam\u00edlia e mostra \u00e0s crian\u00e7as que todos est\u00e3o se esfor\u00e7ando para cuidar das rela\u00e7\u00f5es, n\u00e3o apenas para \u201cter raz\u00e3o\u201d.<\/p>\n\n\n\n<h2 class=\"wp-block-heading\">Quais s\u00e3o as melhores estrat\u00e9gias de longo prazo para lidar com a raiva?<\/h2>\n\n\n\n<p>A gest\u00e3o da raiva parental n\u00e3o se limita ao momento da explos\u00e3o. Cuidar da rotina, da sa\u00fade f\u00edsica e da rede de apoio faz diferen\u00e7a na forma como a irrita\u00e7\u00e3o aparece no dia a dia. Pequenas mudan\u00e7as constantes costumam ter mais efeito do que decis\u00f5es radicais que n\u00e3o se sustentam ao longo do tempo. Em suma, controlar a raiva no longo prazo significa organizar a vida de modo que o corpo, a mente e as rela\u00e7\u00f5es tenham espa\u00e7o para descansar, reparar e se conectar.<\/p>\n\n\n\n<ol class=\"wp-block-list\">\n<li><strong>Identificar gatilhos:<\/strong> observar em quais situa\u00e7\u00f5es a raiva aparece com mais frequ\u00eancia (hora de dormir, tarefas escolares, refei\u00e7\u00f5es) ajuda a antecipar problemas. Ent\u00e3o, a partir dessa observa\u00e7\u00e3o, os pais podem ajustar hor\u00e1rios, criar combinados ou dividir responsabilidades, reduzindo a chance de conflitos repetitivos.<\/li>\n\n\n\n<li><strong>Cuidar do corpo:<\/strong> pr\u00e1tica regular de atividade f\u00edsica, mesmo que em per\u00edodos curtos, auxilia na redu\u00e7\u00e3o da tens\u00e3o acumulada. Portanto, caminhadas, alongamentos, dan\u00e7a em casa ou exerc\u00edcios simples de mobilidade j\u00e1 contribuem para descarregar estresse e melhorar o humor.<\/li>\n\n\n\n<li><strong>Express\u00e3o criativa:<\/strong> escrever, desenhar, pintar ou tocar um instrumento pode servir como sa\u00edda para emo\u00e7\u00f5es intensas. Em suma, quando o adulto se permite criar, ele encontra novas formas de elaborar frustra\u00e7\u00f5es e tristezas, em vez de despej\u00e1-las diretamente sobre os filhos.<\/li>\n\n\n\n<li><strong>Contato com a natureza:<\/strong> caminhar ao ar livre ou passar algum tempo em ambientes verdes contribui para diminuir o estresse. Ent\u00e3o, mesmo uma breve ida a uma pra\u00e7a ou um momento regando plantas na varanda pode funcionar como pausa restauradora na rotina.<\/li>\n\n\n\n<li><strong>Higiene do sono:<\/strong> priorizar horas de descanso adequadas diminui a irritabilidade e melhora a paci\u00eancia. Portanto, estabelecer hor\u00e1rios mais est\u00e1veis para dormir, reduzir o uso de telas \u00e0 noite e criar rituais de relaxamento beneficia toda a fam\u00edlia.<\/li>\n\n\n\n<li><strong>Evitar \u00e1lcool como fuga:<\/strong> o uso de bebidas alco\u00f3licas para aliviar tens\u00e3o pode piorar o controle emocional. Em vez disso, o adulto pode buscar conversas de apoio, terapia, atividades f\u00edsicas ou pr\u00e1ticas de relaxamento para lidar com a sobrecarga.<\/li>\n<\/ol>\n\n\n\n<p>Outra estrat\u00e9gia relevante \u00e9 desenvolver um <strong>plano pessoal de manejo da raiva<\/strong>, com passos definidos: o que fazer quando perceber os primeiros sinais, como pedir ajuda, quais frases usar para encerrar discuss\u00f5es e retomar o di\u00e1logo apenas quando a calma voltar. Em suma, um bom plano inclui frases simples como \u201ceu preciso de cinco minutos para respirar\u201d ou \u201cvamos falar disso depois do jantar\u201d, al\u00e9m de contatos de pessoas de confian\u00e7a para pedir apoio em dias mais pesados.<\/p>\n\n\n\n<h2 class=\"wp-block-heading\">Quando buscar terapia ou grupos de manejo da raiva?<\/h2>\n\n\n\n<p>Quando a raiva passa a ser frequente, intensa ou causa medo em familiares, recorrer a ajuda profissional torna-se uma alternativa importante. Programas de <strong>terapia para controle da raiva<\/strong> costumam trabalhar identifica\u00e7\u00e3o de gatilhos, habilidades de comunica\u00e7\u00e3o e t\u00e9cnicas de relaxamento. Pesquisas recentes indicam que uma parcela significativa das pessoas que participa desses programas relata melhora na forma de lidar com situa\u00e7\u00f5es provocadoras. Portanto, pedir ajuda n\u00e3o significa fracasso, e sim responsabilidade com a pr\u00f3pria sa\u00fade emocional e com o bem-estar da fam\u00edlia.<\/p>\n\n\n\n<p>Al\u00e9m da terapia individual, <strong>grupos de manejo da raiva para pais<\/strong> t\u00eam sido estudados e apresentados como recursos \u00fateis. Nesses encontros, os participantes trocam experi\u00eancias, aprendem ferramentas pr\u00e1ticas e percebem que n\u00e3o est\u00e3o sozinhos nas dificuldades da cria\u00e7\u00e3o dos filhos. Em alguns casos, esse formato pode ser combinado com atendimentos individuais para aprofundar quest\u00f5es espec\u00edficas do casal ou da fam\u00edlia. Ent\u00e3o, o apoio coletivo reduz a sensa\u00e7\u00e3o de isolamento e favorece a constru\u00e7\u00e3o de novas formas de se relacionar com os filhos, com o parceiro e consigo mesmo.<\/p>\n\n\n\n<p>Existem ainda cursos online e presenciais que oferecem certifica\u00e7\u00f5es, livros, cadernos de exerc\u00edcios e materiais voltados a educadores e cuidadores. Profissionais de sa\u00fade, como m\u00e9dicos de fam\u00edlia ou pediatras, podem indicar servi\u00e7os confi\u00e1veis para dar in\u00edcio a esse acompanhamento. Em suma, quanto mais cedo o adulto busca ajuda, maiores s\u00e3o as chances de interromper ciclos de viol\u00eancia verbal, de culpa excessiva e de sofrimento silencioso dentro de casa.<\/p>\n\n\n\n<h2 class=\"wp-block-heading\">Como ensinar crian\u00e7as a lidar com a pr\u00f3pria raiva?<\/h2>\n\n\n\n<p>Ao aprender <strong>como controlar a raiva sendo pai ou m\u00e3e<\/strong>, o adulto tamb\u00e9m se torna modelo para os filhos. Crian\u00e7as e adolescentes observam n\u00e3o apenas as palavras, mas a forma como conflitos s\u00e3o resolvidos em casa. Esse processo de observa\u00e7\u00e3o contribui para que desenvolvam suas pr\u00f3prias ferramentas de regula\u00e7\u00e3o emocional. Portanto, quando os pais assumem seus erros, pedem desculpas e mostram como se acalmam, oferecem um verdadeiro \u201cmanual vivo\u201d de educa\u00e7\u00e3o emocional.<\/p>\n\n\n\n<ul class=\"wp-block-list\">\n<li>Oferecer sa\u00eddas f\u00edsicas seguras, como andar de bicicleta, correr ou pular corda para descarregar a tens\u00e3o. Ent\u00e3o, ao inv\u00e9s de simplesmente mandar a crian\u00e7a \u201cse acalmar\u201d, o adulto pode propor um jogo de movimento, uma corrida no quintal ou um circuito divertido pela casa.<\/li>\n\n\n\n<li>Estimular formas expressivas, como desenhos, escrita de di\u00e1rios, m\u00fasica ou brincadeiras simb\u00f3licas. Em suma, brincar de faz de conta, encenar situa\u00e7\u00f5es com bonecos ou fazer hist\u00f3rias em quadrinhos permite que a crian\u00e7a represente sua raiva sem machucar ningu\u00e9m.<\/li>\n\n\n\n<li>Evitar exposi\u00e7\u00e3o frequente a conte\u00fados violentos em filmes, jogos e redes sociais. Portanto, acompanhar o que a crian\u00e7a assiste e conversa sobre essas cenas ajuda a construir senso cr\u00edtico e reduz a normaliza\u00e7\u00e3o de agress\u00f5es.<\/li>\n\n\n\n<li>Nomear emo\u00e7\u00f5es junto com a crian\u00e7a, ajudando-a a distinguir irrita\u00e7\u00e3o, frustra\u00e7\u00e3o, tristeza e medo. Ent\u00e3o, frases como \u201cparece que voc\u00ea est\u00e1 frustrado porque o brinquedo quebrou\u201d ou \u201ceu vejo que voc\u00ea ficou com raiva porque eu disse n\u00e3o\u201d ensinam vocabul\u00e1rio emocional e validam a experi\u00eancia dela.<\/li>\n\n\n\n<li>Elogiar tentativas de lidar com a raiva de forma respeitosa, mesmo que o resultado ainda n\u00e3o seja perfeito. Em suma, reconhecer pequenos avan\u00e7os, como falar mais baixo, respirar fundo ou pedir ajuda, refor\u00e7a o comportamento positivo e motiva a crian\u00e7a a continuar praticando.<\/li>\n\n\n\n<li>Buscar apoio de psic\u00f3logos infantis ou grupos de apoio quando os comportamentos de raiva forem intensos ou persistentes. Portanto, se a crian\u00e7a apresentar explos\u00f5es frequentes, agress\u00f5es f\u00edsicas, automutila\u00e7\u00e3o ou dificuldades em v\u00e1rios ambientes (casa, escola, outras casas), a avalia\u00e7\u00e3o de um profissional torna-se fundamental.<\/li>\n<\/ul>\n\n\n\n<p>Especialistas ressaltam que manifesta\u00e7\u00f5es excessivas de raiva em casa podem estar relacionadas a dificuldades futuras, como ansiedade, sintomas depressivos, dores de cabe\u00e7a, problemas de est\u00f4mago e desafios nas rela\u00e7\u00f5es sociais. Por outro lado, ambientes em que os adultos reconhecem seus limites, pedem desculpas quando necess\u00e1rio e procuram ajuda tendem a oferecer uma base mais est\u00e1vel para o desenvolvimento emocional das crian\u00e7as. Em suma, n\u00e3o se trata de criar fam\u00edlias perfeitas, e sim fam\u00edlias que aprendem juntas a lidar com emo\u00e7\u00f5es intensas.<\/p>\n\n\n\n<p>Ao encarar a raiva como um sinal a ser compreendido, e n\u00e3o como algo a ser ignorado ou explodido, pais e m\u00e3es ampliam as chances de construir rela\u00e7\u00f5es mais seguras e respeitosas. O processo costuma ser gradual, com avan\u00e7os e reca\u00eddas, mas cada pequeno ajuste na forma de reagir contribui para um clima familiar mais equilibrado e previs\u00edvel. Portanto, quando o adulto assume o compromisso de se observar, pedir apoio e ajustar a rota sempre que necess\u00e1rio, ele oferece aos filhos um dos maiores presentes: a experi\u00eancia concreta de que \u00e9 poss\u00edvel sentir raiva sem destruir v\u00ednculos.<\/p>\n\n\n\n<h2 class=\"wp-block-heading\">FAQ \u2013 Perguntas frequentes sobre raiva parental<\/h2>\n\n\n\n<p><strong>1. Sentir raiva dos filhos significa que n\u00e3o amo minha crian\u00e7a?<\/strong><br>N\u00e3o. Sentir raiva faz parte da condi\u00e7\u00e3o humana e aparece mesmo em rela\u00e7\u00f5es muito amorosas. O problema n\u00e3o est\u00e1 em sentir raiva, mas em como voc\u00ea age quando sente essa emo\u00e7\u00e3o. Portanto, em vez de se culpar por sentir raiva, vale observar o que ela est\u00e1 sinalizando: cansa\u00e7o, falta de apoio, expectativas irreais ou necessidade de limites mais claros.<\/p>\n\n\n\n<p><strong>2. Como conversar com meu filho depois de ter perdido a calma?<\/strong><br>Ap\u00f3s se acalmar, volte \u00e0 crian\u00e7a e reconhe\u00e7a o que aconteceu, usando linguagem simples e direta: \u201cEu gritei e n\u00e3o gostei disso, estava muito irritado, mas gritar n\u00e3o \u00e9 a melhor forma de resolver\u201d. Em suma, pe\u00e7a desculpas, explique brevemente o que sentiu e reforce quais s\u00e3o as regras da casa. Essa postura ensina responsabilidade, sem exigir perfei\u00e7\u00e3o de ningu\u00e9m.<\/p>\n\n\n\n<p><strong>3. O que fazer quando eu e meu parceiro(a) discordamos sobre como lidar com a raiva?<\/strong><br>Busquem conversar em momentos tranquilos, longe das brigas, para alinharem princ\u00edpios b\u00e1sicos: n\u00e3o gritar, n\u00e3o humilhar, n\u00e3o amea\u00e7ar. Ent\u00e3o, se a discord\u00e2ncia persistir, a terapia de casal ou orienta\u00e7\u00e3o parental pode ajudar a construir acordos m\u00ednimos. Em suma, quando os adultos se unem em torno de limites respeitosos, a crian\u00e7a se sente mais segura.<\/p>\n\n\n\n<p><strong>4. Como diferenciar \u201cfase desafiadora\u201d de um problema mais s\u00e9rio de comportamento?<\/strong><br>\u00c9 esperado que crian\u00e7as testem limites e fa\u00e7am birras em determinadas idades. Entretanto, se a agressividade aparecer diariamente, se houver destrui\u00e7\u00e3o frequente de objetos, ataques f\u00edsicos intensos ou sofrimento evidente da crian\u00e7a, o ideal \u00e9 buscar avalia\u00e7\u00e3o profissional. Portanto, observar a frequ\u00eancia, a intensidade e o impacto desses comportamentos no dia a dia ajuda a decidir o momento de pedir ajuda.<\/p>\n\n\n\n<p><strong>5. Pais que foram criados com gritos e castigos conseguem mudar?<\/strong><br>Conseguem, embora o processo leve tempo e exija conscientiza\u00e7\u00e3o. Em suma, muitos adultos repetem padr\u00f5es porque aprenderam que essa era a \u00fanica forma de educar. Quando come\u00e7am a estudar sobre regula\u00e7\u00e3o emocional, disciplina respeitosa e v\u00ednculos seguros, passam a ter novas op\u00e7\u00f5es de resposta. Portanto, ao reconhecer a pr\u00f3pria hist\u00f3ria e buscar apoio, esses pais rompem ciclos e constroem um caminho diferente para a pr\u00f3xima gera\u00e7\u00e3o.<\/p>\n","protected":false},"excerpt":{"rendered":"<p>Sentir raiva durante a rotina com filhos \u00e9 algo comum, especialmente em dias de cansa\u00e7o ou press\u00e3o no trabalho. Entretanto, quando essa emo\u00e7\u00e3o passa a dominar as respostas do adulto, o clima em casa pode ficar tenso e confuso para toda a fam\u00edlia. Por isso, aprender como controlar a raiva sendo pai ou m\u00e3e torna-se [&hellip;]<\/p>\n","protected":false},"author":9,"featured_media":16876,"comment_status":"open","ping_status":"open","sticky":false,"template":"","format":"standard","meta":{"jnews-multi-image_gallery":[],"jnews_single_post":{"format":"standard"},"jnews_primary_category":[],"jnews_social_meta":[],"jnews_override_counter":[],"footnotes":""},"categories":[199],"tags":[140,5980,1125,3193,3472,5623,5981],"class_list":["post-16874","post","type-post","status-publish","format-standard","has-post-thumbnail","hentry","category-bem-estar","tag-bem-estar","tag-controle","tag-curiosidades","tag-mae","tag-pai","tag-raiva","tag-surto"],"yoast_head":"<!-- This site is optimized with the Yoast SEO plugin v25.1 - https:\/\/yoast.com\/wordpress\/plugins\/seo\/ -->\n<title>Pais \u00e0 beira do surto: como lidar e controlar a raiva quando voc\u00ea \u00e9 m\u00e3e ou pai - Correio Braziliense - Aqui<\/title>\n<meta name=\"description\" content=\"Controle a raiva com t\u00e9cnicas simples, terapia e apoio; aprenda a gerir emo\u00e7\u00f5es e ensinar filhos a lidar com a pr\u00f3pria raiva.\" \/>\n<meta name=\"robots\" content=\"index, follow, max-snippet:-1, max-image-preview:large, max-video-preview:-1\" \/>\n<link rel=\"canonical\" href=\"https:\/\/www.correiobraziliense.com.br\/aqui\/2025\/12\/09\/pais-a-beira-do-surto-como-lidar-e-controlar-a-raiva-quando-voce-e-mae-ou-pai\/\" \/>\n<meta property=\"og:locale\" content=\"pt_BR\" \/>\n<meta property=\"og:type\" content=\"article\" \/>\n<meta property=\"og:title\" content=\"Pais \u00e0 beira do surto: como lidar e controlar a raiva quando voc\u00ea \u00e9 m\u00e3e ou pai - Correio Braziliense - Aqui\" \/>\n<meta property=\"og:description\" content=\"Controle a raiva com t\u00e9cnicas simples, terapia e apoio; aprenda a gerir emo\u00e7\u00f5es e ensinar filhos a lidar com a pr\u00f3pria raiva.\" \/>\n<meta property=\"og:url\" content=\"https:\/\/www.correiobraziliense.com.br\/aqui\/2025\/12\/09\/pais-a-beira-do-surto-como-lidar-e-controlar-a-raiva-quando-voce-e-mae-ou-pai\/\" \/>\n<meta property=\"og:site_name\" content=\"Correio Braziliense - Aqui\" \/>\n<meta property=\"article:published_time\" content=\"2025-12-09T20:40:26+00:00\" \/>\n<meta property=\"article:modified_time\" content=\"2025-12-09T20:40:30+00:00\" \/>\n<meta property=\"og:image\" content=\"https:\/\/www.correiobraziliense.com.br\/aqui\/wp-content\/uploads\/2025\/12\/pai-bravo_1765312015530.jpg\" \/>\n\t<meta property=\"og:image:width\" content=\"1280\" \/>\n\t<meta property=\"og:image:height\" content=\"720\" \/>\n\t<meta property=\"og:image:type\" content=\"image\/jpeg\" \/>\n<meta name=\"author\" content=\"Lucas\" \/>\n<meta name=\"twitter:card\" content=\"summary_large_image\" \/>\n<meta name=\"twitter:label1\" content=\"Escrito por\" \/>\n\t<meta name=\"twitter:data1\" content=\"Lucas\" \/>\n\t<meta name=\"twitter:label2\" content=\"Est. tempo de leitura\" \/>\n\t<meta name=\"twitter:data2\" content=\"14 minutos\" \/>\n<!-- \/ Yoast SEO plugin. -->","yoast_head_json":{"title":"Pais \u00e0 beira do surto: como lidar e controlar a raiva quando voc\u00ea \u00e9 m\u00e3e ou pai - Correio Braziliense - Aqui","description":"Controle a raiva com t\u00e9cnicas simples, terapia e apoio; aprenda a gerir emo\u00e7\u00f5es e ensinar filhos a lidar com a pr\u00f3pria raiva.","robots":{"index":"index","follow":"follow","max-snippet":"max-snippet:-1","max-image-preview":"max-image-preview:large","max-video-preview":"max-video-preview:-1"},"canonical":"https:\/\/www.correiobraziliense.com.br\/aqui\/2025\/12\/09\/pais-a-beira-do-surto-como-lidar-e-controlar-a-raiva-quando-voce-e-mae-ou-pai\/","og_locale":"pt_BR","og_type":"article","og_title":"Pais \u00e0 beira do surto: como lidar e controlar a raiva quando voc\u00ea \u00e9 m\u00e3e ou pai - Correio Braziliense - Aqui","og_description":"Controle a raiva com t\u00e9cnicas simples, terapia e apoio; aprenda a gerir emo\u00e7\u00f5es e ensinar filhos a lidar com a pr\u00f3pria raiva.","og_url":"https:\/\/www.correiobraziliense.com.br\/aqui\/2025\/12\/09\/pais-a-beira-do-surto-como-lidar-e-controlar-a-raiva-quando-voce-e-mae-ou-pai\/","og_site_name":"Correio Braziliense - Aqui","article_published_time":"2025-12-09T20:40:26+00:00","article_modified_time":"2025-12-09T20:40:30+00:00","og_image":[{"width":1280,"height":720,"url":"https:\/\/www.correiobraziliense.com.br\/aqui\/wp-content\/uploads\/2025\/12\/pai-bravo_1765312015530.jpg","type":"image\/jpeg"}],"author":"Lucas","twitter_card":"summary_large_image","twitter_misc":{"Escrito por":"Lucas","Est. tempo de leitura":"14 minutos"},"schema":{"@context":"https:\/\/schema.org","@graph":[{"@type":"WebPage","@id":"https:\/\/www.correiobraziliense.com.br\/aqui\/2025\/12\/09\/pais-a-beira-do-surto-como-lidar-e-controlar-a-raiva-quando-voce-e-mae-ou-pai\/","url":"https:\/\/www.correiobraziliense.com.br\/aqui\/2025\/12\/09\/pais-a-beira-do-surto-como-lidar-e-controlar-a-raiva-quando-voce-e-mae-ou-pai\/","name":"Pais \u00e0 beira do surto: como lidar e controlar a raiva quando voc\u00ea \u00e9 m\u00e3e ou pai - Correio Braziliense - Aqui","isPartOf":{"@id":"https:\/\/www.correiobraziliense.com.br\/aqui\/#website"},"primaryImageOfPage":{"@id":"https:\/\/www.correiobraziliense.com.br\/aqui\/2025\/12\/09\/pais-a-beira-do-surto-como-lidar-e-controlar-a-raiva-quando-voce-e-mae-ou-pai\/#primaryimage"},"image":{"@id":"https:\/\/www.correiobraziliense.com.br\/aqui\/2025\/12\/09\/pais-a-beira-do-surto-como-lidar-e-controlar-a-raiva-quando-voce-e-mae-ou-pai\/#primaryimage"},"thumbnailUrl":"https:\/\/www.correiobraziliense.com.br\/aqui\/wp-content\/uploads\/2025\/12\/pai-bravo_1765312015530.jpg","datePublished":"2025-12-09T20:40:26+00:00","dateModified":"2025-12-09T20:40:30+00:00","author":{"@id":"https:\/\/www.correiobraziliense.com.br\/aqui\/#\/schema\/person\/36d094a725ba56bbeb370a877862a002"},"description":"Controle a raiva com t\u00e9cnicas simples, terapia e apoio; aprenda a gerir emo\u00e7\u00f5es e ensinar filhos a lidar com a pr\u00f3pria raiva.","breadcrumb":{"@id":"https:\/\/www.correiobraziliense.com.br\/aqui\/2025\/12\/09\/pais-a-beira-do-surto-como-lidar-e-controlar-a-raiva-quando-voce-e-mae-ou-pai\/#breadcrumb"},"inLanguage":"pt-BR","potentialAction":[{"@type":"ReadAction","target":["https:\/\/www.correiobraziliense.com.br\/aqui\/2025\/12\/09\/pais-a-beira-do-surto-como-lidar-e-controlar-a-raiva-quando-voce-e-mae-ou-pai\/"]}]},{"@type":"ImageObject","inLanguage":"pt-BR","@id":"https:\/\/www.correiobraziliense.com.br\/aqui\/2025\/12\/09\/pais-a-beira-do-surto-como-lidar-e-controlar-a-raiva-quando-voce-e-mae-ou-pai\/#primaryimage","url":"https:\/\/www.correiobraziliense.com.br\/aqui\/wp-content\/uploads\/2025\/12\/pai-bravo_1765312015530.jpg","contentUrl":"https:\/\/www.correiobraziliense.com.br\/aqui\/wp-content\/uploads\/2025\/12\/pai-bravo_1765312015530.jpg","width":1280,"height":720,"caption":"Cr\u00e9ditos: depositphotos.com \/ IgorVetushko"},{"@type":"BreadcrumbList","@id":"https:\/\/www.correiobraziliense.com.br\/aqui\/2025\/12\/09\/pais-a-beira-do-surto-como-lidar-e-controlar-a-raiva-quando-voce-e-mae-ou-pai\/#breadcrumb","itemListElement":[{"@type":"ListItem","position":1,"name":"In\u00edcio","item":"https:\/\/www.correiobraziliense.com.br\/aqui\/"},{"@type":"ListItem","position":2,"name":"Pais \u00e0 beira do surto: como lidar e controlar a raiva quando voc\u00ea \u00e9 m\u00e3e ou pai"}]},{"@type":"WebSite","@id":"https:\/\/www.correiobraziliense.com.br\/aqui\/#website","url":"https:\/\/www.correiobraziliense.com.br\/aqui\/","name":"Correio Braziliense - Aqui","description":"O Correio Braziliense (CB) \u00e9 o mais importante canal de not\u00edcias de Bras\u00edlia. Aqui voc\u00ea encontra as \u00faltimas not\u00edcias do DF, do Brasil e do mundo.","potentialAction":[{"@type":"SearchAction","target":{"@type":"EntryPoint","urlTemplate":"https:\/\/www.correiobraziliense.com.br\/aqui\/?s={search_term_string}"},"query-input":{"@type":"PropertyValueSpecification","valueRequired":true,"valueName":"search_term_string"}}],"inLanguage":"pt-BR"},{"@type":"Person","@id":"https:\/\/www.correiobraziliense.com.br\/aqui\/#\/schema\/person\/36d094a725ba56bbeb370a877862a002","name":"Lucas","image":{"@type":"ImageObject","inLanguage":"pt-BR","@id":"https:\/\/www.correiobraziliense.com.br\/aqui\/#\/schema\/person\/image\/","url":"https:\/\/secure.gravatar.com\/avatar\/eb1dd4a751dca39c233b091fb7b8ce9ef1608850325ab98ff1fbe898fcef0908?s=96&d=mm&r=g","contentUrl":"https:\/\/secure.gravatar.com\/avatar\/eb1dd4a751dca39c233b091fb7b8ce9ef1608850325ab98ff1fbe898fcef0908?s=96&d=mm&r=g","caption":"Lucas"},"url":"https:\/\/www.correiobraziliense.com.br\/aqui\/author\/lucasaqui\/"}]}},"_links":{"self":[{"href":"https:\/\/www.correiobraziliense.com.br\/aqui\/wp-json\/wp\/v2\/posts\/16874","targetHints":{"allow":["GET"]}}],"collection":[{"href":"https:\/\/www.correiobraziliense.com.br\/aqui\/wp-json\/wp\/v2\/posts"}],"about":[{"href":"https:\/\/www.correiobraziliense.com.br\/aqui\/wp-json\/wp\/v2\/types\/post"}],"author":[{"embeddable":true,"href":"https:\/\/www.correiobraziliense.com.br\/aqui\/wp-json\/wp\/v2\/users\/9"}],"replies":[{"embeddable":true,"href":"https:\/\/www.correiobraziliense.com.br\/aqui\/wp-json\/wp\/v2\/comments?post=16874"}],"version-history":[{"count":1,"href":"https:\/\/www.correiobraziliense.com.br\/aqui\/wp-json\/wp\/v2\/posts\/16874\/revisions"}],"predecessor-version":[{"id":16877,"href":"https:\/\/www.correiobraziliense.com.br\/aqui\/wp-json\/wp\/v2\/posts\/16874\/revisions\/16877"}],"wp:featuredmedia":[{"embeddable":true,"href":"https:\/\/www.correiobraziliense.com.br\/aqui\/wp-json\/wp\/v2\/media\/16876"}],"wp:attachment":[{"href":"https:\/\/www.correiobraziliense.com.br\/aqui\/wp-json\/wp\/v2\/media?parent=16874"}],"wp:term":[{"taxonomy":"category","embeddable":true,"href":"https:\/\/www.correiobraziliense.com.br\/aqui\/wp-json\/wp\/v2\/categories?post=16874"},{"taxonomy":"post_tag","embeddable":true,"href":"https:\/\/www.correiobraziliense.com.br\/aqui\/wp-json\/wp\/v2\/tags?post=16874"}],"curies":[{"name":"wp","href":"https:\/\/api.w.org\/{rel}","templated":true}]}}