{"id":16953,"date":"2025-12-10T10:07:11","date_gmt":"2025-12-10T13:07:11","guid":{"rendered":"https:\/\/www.correiobraziliense.com.br\/aqui\/?p=16953"},"modified":"2025-12-10T10:07:14","modified_gmt":"2025-12-10T13:07:14","slug":"como-organizar-as-financas-para-chegar-ao-fim-do-ano-sem-dividas","status":"publish","type":"post","link":"https:\/\/www.correiobraziliense.com.br\/aqui\/2025\/12\/10\/como-organizar-as-financas-para-chegar-ao-fim-do-ano-sem-dividas\/","title":{"rendered":"Como organizar as finan\u00e7as para chegar ao fim do ano sem d\u00edvidas"},"content":{"rendered":"\n<p>Organizar a vida financeira para o<a href=\"https:\/\/www.correiobraziliense.com.br\/aqui\/2025\/12\/10\/petiscos-de-natal-ideias-faceis-para-enriquecer-sua-ceia\/\"> fim do ano<\/a> \u00e9 uma tarefa que costuma come\u00e7ar bem antes das festas. Quem pretende viajar, comprar presentes, participar de confraterniza\u00e7\u00f5es ou apenas fechar dezembro sem d\u00edvidas precisa olhar para o or\u00e7amento com alguma anteced\u00eancia. O segundo semestre costuma concentrar gastos extras e, portanto, se n\u00e3o houver um plano, muitos acabam recorrendo ao cr\u00e9dito caro ou entrando no novo ano com contas em atraso.<\/p>\n\n\n\n<p>No contexto atual, em que os pre\u00e7os pressionam o or\u00e7amento de muitas fam\u00edlias, a <strong>organiza\u00e7\u00e3o financeira para o fim do ano<\/strong> ganha ainda mais relev\u00e2ncia. Em suma, a cria\u00e7\u00e3o de metas, o acompanhamento dos gastos e o uso consciente do cart\u00e3o de cr\u00e9dito podem reduzir imprevistos. Em vez de deixar as decis\u00f5es para novembro ou dezembro, uma an\u00e1lise simples ainda no meio do ano j\u00e1 permite ajustar o consumo e reservar parte da renda para esse per\u00edodo. Al\u00e9m disso, ao longo dos meses, voc\u00ea pode revisar planos, renegociar d\u00edvidas antigas e, ent\u00e3o, aproveitar melhor poss\u00edveis rendas extras, como o 13\u00ba sal\u00e1rio.<\/p>\n\n\n\n<h2 class=\"wp-block-heading\">Como se organizar financeiramente para o fim do ano?<\/h2>\n\n\n\n<p>O primeiro passo para uma boa organiza\u00e7\u00e3o financeira de fim de ano \u00e9 entender quanto entra e quanto sai mensalmente. Sem esse mapa b\u00e1sico, qualquer planejamento de festas, viagens ou presentes tende a ficar no campo da inten\u00e7\u00e3o. Portanto, vale registrar todos os ganhos, inclusive eventuais, e todas as sa\u00eddas, mesmo as pequenas, como caf\u00e9s, lanches e aplicativos. A partir do registro das receitas e despesas, torna-se poss\u00edvel identificar espa\u00e7os no or\u00e7amento para criar uma reserva espec\u00edfica para o per\u00edodo.<\/p>\n\n\n\n<p>Uma forma pr\u00e1tica de come\u00e7ar \u00e9 listar as principais expectativas para o fim do ano: viagem, ceia em fam\u00edlia, eventos de trabalho, amigo secreto, reformas em casa ou pagamento de impostos t\u00edpicos do in\u00edcio de janeiro. Em seguida, \u00e9 recomend\u00e1vel atribuir uma estimativa de valor a cada objetivo. Esse exerc\u00edcio traz clareza e evita surpresas de \u00faltima hora. Em suma, quando voc\u00ea visualiza os valores, consegue comparar o custo de cada escolha e entender o que cabe, de fato, no bolso. Caso o montante necess\u00e1rio fique muito alto para o padr\u00e3o de renda atual, ajustes podem ser feitos com anteced\u00eancia, seja reduzindo gastos, seja adaptando os planos.<\/p>\n\n\n\n<p>Entretanto, n\u00e3o basta apenas planejar: \u00e9 importante transformar o plano em a\u00e7\u00e3o di\u00e1ria. Ent\u00e3o, voc\u00ea pode definir pequenos passos mensais, como guardar uma porcentagem fixa da renda e limitar gastos vari\u00e1veis, criando um h\u00e1bito que torna o fim do ano financeiramente mais leve.<\/p>\n\n\n\n<h2 class=\"wp-block-heading\">Planejamento financeiro de fim de ano: por onde cortar e onde priorizar<\/h2>\n\n\n\n<p>Depois de definir objetivos e estimar valores, o planejamento financeiro de fim de ano passa pelo redirecionamento de recursos. Itens sup\u00e9rfluos do dia a dia, como gastos frequentes com delivery, compras por impulso em aplicativos ou assinaturas pouco usadas, podem ser revistos. Quando voc\u00ea corta excessos em \u00e1reas pouco importantes, abre espa\u00e7o para investir mais naquilo que realmente valoriza nas festas, como estar com a fam\u00edlia, fazer uma viagem simples ou manter as contas em ordem. Pequenas economias mensais, quando somadas, ajudam a montar um \u201cfundo fim de ano\u201d, destinado a cobrir as despesas sazonais.<\/p>\n\n\n\n<p>Para facilitar esse processo, muitas pessoas adotam estrat\u00e9gias simples, como:<\/p>\n\n\n\n<ul class=\"wp-block-list\">\n<li><strong>Separar uma conta ou poupan\u00e7a espec\u00edfica<\/strong> apenas para os gastos de fim de ano; assim, o dinheiro n\u00e3o se mistura com o or\u00e7amento do dia a dia;<\/li>\n\n\n\n<li><strong>Programar transfer\u00eancias autom\u00e1ticas<\/strong> assim que o sal\u00e1rio cai, evitando a tenta\u00e7\u00e3o de gastar antes de guardar; portanto, voc\u00ea prioriza o objetivo principal;<\/li>\n\n\n\n<li><strong>Anotar todos os gastos extras<\/strong> associados \u00e0s festas, viagens e presentes para ter no\u00e7\u00e3o do impacto real; em suma, isso gera mais consci\u00eancia;<\/li>\n\n\n\n<li><strong>Rever contratos e servi\u00e7os<\/strong> recorrentes, em busca de renegocia\u00e7\u00f5es ou cancelamentos, como academias, pacotes de internet e planos de celular.<\/li>\n<\/ul>\n\n\n\n<p>Outra frente relevante \u00e9 a prioriza\u00e7\u00e3o. Em muitos casos, n\u00e3o \u00e9 poss\u00edvel realizar todos os planos desejados no mesmo ano. Portanto, voc\u00ea precisa definir o que vem primeiro. Ao organizar financeiramente o fim do ano, algumas fam\u00edlias escolhem priorizar experi\u00eancias coletivas, como uma viagem mais simples, em vez de v\u00e1rios presentes individuais, por exemplo. Entretanto, outras pessoas preferem focar em quitar d\u00edvidas, usar o 13\u00ba sal\u00e1rio para limpar o nome e, ent\u00e3o, planejar festas mais modestas. Em suma, n\u00e3o existe um modelo \u00fanico: o melhor plano \u00e9 o que mant\u00e9m as contas em dia e respeita os limites do or\u00e7amento.<\/p>\n\n\n\n<h2 class=\"wp-block-heading\">Como planejar gastos de viagem, presentes e festas de fim de ano?<\/h2>\n\n\n\n<p>Uma das maiores press\u00f5es sobre o or\u00e7amento de dezembro vem de tr\u00eas frentes: viagens, presentes e celebra\u00e7\u00f5es. Portanto, para que a <strong>organiza\u00e7\u00e3o financeira<\/strong> funcione, cada categoria pode ter um limite m\u00e1ximo definido, evitando decis\u00f5es de \u00faltima hora baseadas apenas na empolga\u00e7\u00e3o das datas comemorativas.<\/p>\n\n\n\n<p>No caso das viagens, algumas pr\u00e1ticas costumam ajudar:<\/p>\n\n\n\n<ol class=\"wp-block-list\">\n<li><strong>Pesquisar com anteced\u00eancia<\/strong> passagens, hospedagem e transporte local, comparando datas e alternativas mais econ\u00f4micas; ent\u00e3o, voc\u00ea aproveita promo\u00e7\u00f5es e foge da alta temporada mais cara;<\/li>\n\n\n\n<li><strong>Definir um teto de gastos di\u00e1rio<\/strong> com alimenta\u00e7\u00e3o, passeios e compras, de modo a n\u00e3o comprometer o or\u00e7amento total; portanto, cada dia de viagem segue um limite claro;<\/li>\n\n\n\n<li><strong>Aproveitar programas de pontos e milhas<\/strong>, quando dispon\u00edveis, sempre calculando taxas e condi\u00e7\u00f5es de uso; em suma, vale verificar se o resgate realmente compensa em rela\u00e7\u00e3o ao valor em dinheiro.<\/li>\n<\/ol>\n\n\n\n<p>J\u00e1 em rela\u00e7\u00e3o a presentes e festas, o planejamento pode incluir:<\/p>\n\n\n\n<ul class=\"wp-block-list\">\n<li><strong>Lista de pessoas a presentear<\/strong>, com valores aproximados para cada lembran\u00e7a; ent\u00e3o, voc\u00ea evita compras por impulso;<\/li>\n\n\n\n<li><strong>Op\u00e7\u00e3o por amigo secreto<\/strong> em grupos maiores, reduzindo o n\u00famero de presentes individuais e, portanto, o custo total;<\/li>\n\n\n\n<li><strong>Divis\u00e3o dos custos da ceia<\/strong> entre familiares, distribuindo a responsabilidade por pratos, bebidas e sobremesas; em suma, ningu\u00e9m sobrecarrega o pr\u00f3prio or\u00e7amento;<\/li>\n\n\n\n<li><strong>Compra antecipada de itens n\u00e3o perec\u00edveis<\/strong>, aproveitando promo\u00e7\u00f5es antes da alta de pre\u00e7os de dezembro; entretanto, \u00e9 importante comparar pre\u00e7os e evitar estocar al\u00e9m do necess\u00e1rio.<\/li>\n<\/ul>\n\n\n\n<p>Al\u00e9m disso, voc\u00ea pode considerar alternativas criativas: presentes feitos \u00e0 m\u00e3o, experi\u00eancias em vez de produtos, encontros em casa no lugar de eventos caros fora. Portanto, com um pouco de organiza\u00e7\u00e3o e di\u00e1logo com fam\u00edlia e amigos, o fim de ano pode ser especial sem desequilibrar suas finan\u00e7as.<\/p>\n\n\n\n<h2 class=\"wp-block-heading\">FAQ \u2013 D\u00favidas adicionais sobre organiza\u00e7\u00e3o financeira de fim de ano<\/h2>\n\n\n\n<p><strong>1. Quando \u00e9 o melhor momento para come\u00e7ar a planejar o fim do ano?<\/strong><br>Em suma, quanto antes, melhor. Idealmente, voc\u00ea inicia o planejamento entre maio e julho, porque ainda tem v\u00e1rios meses para ajustar gastos, guardar dinheiro e pesquisar pre\u00e7os com calma.<\/p>\n\n\n\n<p><strong>2. Como usar o 13\u00ba sal\u00e1rio de forma estrat\u00e9gica?<\/strong><br>Portanto, priorize quitar d\u00edvidas caras, como cart\u00e3o de cr\u00e9dito e cheque especial. Depois, se poss\u00edvel, separe uma parte para o \u201cfundo fim de ano\u201d e outra para montar ou refor\u00e7ar a reserva de emerg\u00eancia, evitando problemas em janeiro e fevereiro.<\/p>\n\n\n\n<p><strong>3. O que fazer se j\u00e1 estiver endividado antes das festas?<\/strong><br>Ent\u00e3o, o primeiro passo \u00e9 listar todas as d\u00edvidas, juros e prazos. Em seguida, tente negociar condi\u00e7\u00f5es melhores com bancos e credores. Enquanto isso, reduza gastos extras de fim de ano ao essencial, focando em confraterniza\u00e7\u00f5es simples e presentes mais simb\u00f3licos.<\/p>\n\n\n\n<p><strong>4. Vale a pena usar cr\u00e9dito para viajar no fim do ano?<\/strong><br>Em geral, n\u00e3o. Em suma, o ideal \u00e9 viajar com o m\u00e1ximo poss\u00edvel pago \u00e0 vista. Se voc\u00ea precisar parcelar, calcule se as parcelas cabem com folga no or\u00e7amento de 2026 e, portanto, evite comprometer mais de 20% da renda com d\u00edvidas de consumo.<\/p>\n\n\n\n<p><strong>5. Como envolver a fam\u00edlia no planejamento financeiro de fim de ano?<\/strong><br>Converse abertamente sobre limites de gastos, prioridades e objetivos. Ent\u00e3o, decidam juntos se preferem uma ceia mais simples, menos presentes ou uma viagem curta. Esse di\u00e1logo alinha expectativas e reduz frustra\u00e7\u00f5es, al\u00e9m de ensinar educa\u00e7\u00e3o financeira a crian\u00e7as e adolescentes.<\/p>\n","protected":false},"excerpt":{"rendered":"<p>Organize-se financeiramente para aproveitar o fim do ano com tranquilidade, evitar d\u00edvidas em janeiro e planejar viagens, festas e presentes.<\/p>\n","protected":false},"author":10,"featured_media":16954,"comment_status":"open","ping_status":"open","sticky":false,"template":"","format":"standard","meta":{"jnews-multi-image_gallery":[],"jnews_single_post":{"format":"standard"},"jnews_primary_category":[],"jnews_social_meta":[],"jnews_override_counter":[],"footnotes":""},"categories":[122],"tags":[5872,1491,5385],"class_list":["post-16953","post","type-post","status-publish","format-standard","has-post-thumbnail","hentry","category-financas","tag-final-do-ano","tag-financas","tag-natal-2025"],"yoast_head":"<!-- This site is optimized with the Yoast SEO plugin v25.1 - https:\/\/yoast.com\/wordpress\/plugins\/seo\/ -->\n<title>Como organizar as finan\u00e7as para chegar ao fim do ano sem d\u00edvidas - Correio Braziliense - Aqui<\/title>\n<meta name=\"description\" content=\"Organize-se financeiramente para aproveitar o fim do ano com tranquilidade, evitar d\u00edvidas em janeiro e planejar viagens, festas e presentes.\" \/>\n<meta name=\"robots\" content=\"index, follow, max-snippet:-1, max-image-preview:large, max-video-preview:-1\" \/>\n<link rel=\"canonical\" href=\"https:\/\/www.correiobraziliense.com.br\/aqui\/2025\/12\/10\/como-organizar-as-financas-para-chegar-ao-fim-do-ano-sem-dividas\/\" \/>\n<meta property=\"og:locale\" content=\"pt_BR\" \/>\n<meta property=\"og:type\" content=\"article\" \/>\n<meta property=\"og:title\" content=\"Como organizar as finan\u00e7as para chegar ao fim do ano sem d\u00edvidas - Correio Braziliense - Aqui\" \/>\n<meta property=\"og:description\" content=\"Organize-se financeiramente para aproveitar o fim do ano com tranquilidade, evitar d\u00edvidas em janeiro e planejar viagens, festas e presentes.\" \/>\n<meta property=\"og:url\" content=\"https:\/\/www.correiobraziliense.com.br\/aqui\/2025\/12\/10\/como-organizar-as-financas-para-chegar-ao-fim-do-ano-sem-dividas\/\" \/>\n<meta property=\"og:site_name\" content=\"Correio Braziliense - Aqui\" \/>\n<meta property=\"article:published_time\" content=\"2025-12-10T13:07:11+00:00\" \/>\n<meta property=\"article:modified_time\" content=\"2025-12-10T13:07:14+00:00\" \/>\n<meta property=\"og:image\" content=\"https:\/\/www.correiobraziliense.com.br\/aqui\/wp-content\/uploads\/2025\/12\/httpsneuralmyth.comstaticcache4d459415-307b-46ef-b79b-b668eb9a61c8.jpeg\" \/>\n\t<meta property=\"og:image:width\" content=\"1280\" \/>\n\t<meta property=\"og:image:height\" content=\"720\" \/>\n\t<meta property=\"og:image:type\" content=\"image\/jpeg\" \/>\n<meta name=\"author\" content=\"Larissa\" \/>\n<meta name=\"twitter:card\" content=\"summary_large_image\" \/>\n<meta name=\"twitter:label1\" content=\"Escrito por\" \/>\n\t<meta name=\"twitter:data1\" content=\"Larissa\" \/>\n\t<meta name=\"twitter:label2\" content=\"Est. tempo de leitura\" \/>\n\t<meta name=\"twitter:data2\" content=\"8 minutos\" \/>\n<!-- \/ Yoast SEO plugin. -->","yoast_head_json":{"title":"Como organizar as finan\u00e7as para chegar ao fim do ano sem d\u00edvidas - Correio Braziliense - Aqui","description":"Organize-se financeiramente para aproveitar o fim do ano com tranquilidade, evitar d\u00edvidas em janeiro e planejar viagens, festas e presentes.","robots":{"index":"index","follow":"follow","max-snippet":"max-snippet:-1","max-image-preview":"max-image-preview:large","max-video-preview":"max-video-preview:-1"},"canonical":"https:\/\/www.correiobraziliense.com.br\/aqui\/2025\/12\/10\/como-organizar-as-financas-para-chegar-ao-fim-do-ano-sem-dividas\/","og_locale":"pt_BR","og_type":"article","og_title":"Como organizar as finan\u00e7as para chegar ao fim do ano sem d\u00edvidas - Correio Braziliense - Aqui","og_description":"Organize-se financeiramente para aproveitar o fim do ano com tranquilidade, evitar d\u00edvidas em janeiro e planejar viagens, festas e presentes.","og_url":"https:\/\/www.correiobraziliense.com.br\/aqui\/2025\/12\/10\/como-organizar-as-financas-para-chegar-ao-fim-do-ano-sem-dividas\/","og_site_name":"Correio Braziliense - Aqui","article_published_time":"2025-12-10T13:07:11+00:00","article_modified_time":"2025-12-10T13:07:14+00:00","og_image":[{"width":1280,"height":720,"url":"https:\/\/www.correiobraziliense.com.br\/aqui\/wp-content\/uploads\/2025\/12\/httpsneuralmyth.comstaticcache4d459415-307b-46ef-b79b-b668eb9a61c8.jpeg","type":"image\/jpeg"}],"author":"Larissa","twitter_card":"summary_large_image","twitter_misc":{"Escrito por":"Larissa","Est. tempo de leitura":"8 minutos"},"schema":{"@context":"https:\/\/schema.org","@graph":[{"@type":"WebPage","@id":"https:\/\/www.correiobraziliense.com.br\/aqui\/2025\/12\/10\/como-organizar-as-financas-para-chegar-ao-fim-do-ano-sem-dividas\/","url":"https:\/\/www.correiobraziliense.com.br\/aqui\/2025\/12\/10\/como-organizar-as-financas-para-chegar-ao-fim-do-ano-sem-dividas\/","name":"Como organizar as finan\u00e7as para chegar ao fim do ano sem d\u00edvidas - Correio Braziliense - Aqui","isPartOf":{"@id":"https:\/\/www.correiobraziliense.com.br\/aqui\/#website"},"primaryImageOfPage":{"@id":"https:\/\/www.correiobraziliense.com.br\/aqui\/2025\/12\/10\/como-organizar-as-financas-para-chegar-ao-fim-do-ano-sem-dividas\/#primaryimage"},"image":{"@id":"https:\/\/www.correiobraziliense.com.br\/aqui\/2025\/12\/10\/como-organizar-as-financas-para-chegar-ao-fim-do-ano-sem-dividas\/#primaryimage"},"thumbnailUrl":"https:\/\/www.correiobraziliense.com.br\/aqui\/wp-content\/uploads\/2025\/12\/httpsneuralmyth.comstaticcache4d459415-307b-46ef-b79b-b668eb9a61c8.jpeg","datePublished":"2025-12-10T13:07:11+00:00","dateModified":"2025-12-10T13:07:14+00:00","author":{"@id":"https:\/\/www.correiobraziliense.com.br\/aqui\/#\/schema\/person\/775f50a8c1ac31704d56816e99b29041"},"description":"Organize-se financeiramente para aproveitar o fim do ano com tranquilidade, evitar d\u00edvidas em janeiro e planejar viagens, festas e presentes.","breadcrumb":{"@id":"https:\/\/www.correiobraziliense.com.br\/aqui\/2025\/12\/10\/como-organizar-as-financas-para-chegar-ao-fim-do-ano-sem-dividas\/#breadcrumb"},"inLanguage":"pt-BR","potentialAction":[{"@type":"ReadAction","target":["https:\/\/www.correiobraziliense.com.br\/aqui\/2025\/12\/10\/como-organizar-as-financas-para-chegar-ao-fim-do-ano-sem-dividas\/"]}]},{"@type":"ImageObject","inLanguage":"pt-BR","@id":"https:\/\/www.correiobraziliense.com.br\/aqui\/2025\/12\/10\/como-organizar-as-financas-para-chegar-ao-fim-do-ano-sem-dividas\/#primaryimage","url":"https:\/\/www.correiobraziliense.com.br\/aqui\/wp-content\/uploads\/2025\/12\/httpsneuralmyth.comstaticcache4d459415-307b-46ef-b79b-b668eb9a61c8.jpeg","contentUrl":"https:\/\/www.correiobraziliense.com.br\/aqui\/wp-content\/uploads\/2025\/12\/httpsneuralmyth.comstaticcache4d459415-307b-46ef-b79b-b668eb9a61c8.jpeg","width":1280,"height":720,"caption":"Cr\u00e9ditos: depositphotos.com \/ AntonMatyukha"},{"@type":"BreadcrumbList","@id":"https:\/\/www.correiobraziliense.com.br\/aqui\/2025\/12\/10\/como-organizar-as-financas-para-chegar-ao-fim-do-ano-sem-dividas\/#breadcrumb","itemListElement":[{"@type":"ListItem","position":1,"name":"In\u00edcio","item":"https:\/\/www.correiobraziliense.com.br\/aqui\/"},{"@type":"ListItem","position":2,"name":"Como organizar as finan\u00e7as para chegar ao fim do ano sem d\u00edvidas"}]},{"@type":"WebSite","@id":"https:\/\/www.correiobraziliense.com.br\/aqui\/#website","url":"https:\/\/www.correiobraziliense.com.br\/aqui\/","name":"Correio Braziliense - Aqui","description":"O Correio Braziliense (CB) \u00e9 o mais importante canal de not\u00edcias de Bras\u00edlia. Aqui voc\u00ea encontra as \u00faltimas not\u00edcias do DF, do Brasil e do mundo.","potentialAction":[{"@type":"SearchAction","target":{"@type":"EntryPoint","urlTemplate":"https:\/\/www.correiobraziliense.com.br\/aqui\/?s={search_term_string}"},"query-input":{"@type":"PropertyValueSpecification","valueRequired":true,"valueName":"search_term_string"}}],"inLanguage":"pt-BR"},{"@type":"Person","@id":"https:\/\/www.correiobraziliense.com.br\/aqui\/#\/schema\/person\/775f50a8c1ac31704d56816e99b29041","name":"Larissa","image":{"@type":"ImageObject","inLanguage":"pt-BR","@id":"https:\/\/www.correiobraziliense.com.br\/aqui\/#\/schema\/person\/image\/","url":"https:\/\/secure.gravatar.com\/avatar\/62f5b2e99de671d075ab98e19f03c3c38c80a93f5d06f51075cf4431a4e76458?s=96&d=mm&r=g","contentUrl":"https:\/\/secure.gravatar.com\/avatar\/62f5b2e99de671d075ab98e19f03c3c38c80a93f5d06f51075cf4431a4e76458?s=96&d=mm&r=g","caption":"Larissa"},"url":"https:\/\/www.correiobraziliense.com.br\/aqui\/author\/larissaaqui\/"}]}},"_links":{"self":[{"href":"https:\/\/www.correiobraziliense.com.br\/aqui\/wp-json\/wp\/v2\/posts\/16953","targetHints":{"allow":["GET"]}}],"collection":[{"href":"https:\/\/www.correiobraziliense.com.br\/aqui\/wp-json\/wp\/v2\/posts"}],"about":[{"href":"https:\/\/www.correiobraziliense.com.br\/aqui\/wp-json\/wp\/v2\/types\/post"}],"author":[{"embeddable":true,"href":"https:\/\/www.correiobraziliense.com.br\/aqui\/wp-json\/wp\/v2\/users\/10"}],"replies":[{"embeddable":true,"href":"https:\/\/www.correiobraziliense.com.br\/aqui\/wp-json\/wp\/v2\/comments?post=16953"}],"version-history":[{"count":5,"href":"https:\/\/www.correiobraziliense.com.br\/aqui\/wp-json\/wp\/v2\/posts\/16953\/revisions"}],"predecessor-version":[{"id":16959,"href":"https:\/\/www.correiobraziliense.com.br\/aqui\/wp-json\/wp\/v2\/posts\/16953\/revisions\/16959"}],"wp:featuredmedia":[{"embeddable":true,"href":"https:\/\/www.correiobraziliense.com.br\/aqui\/wp-json\/wp\/v2\/media\/16954"}],"wp:attachment":[{"href":"https:\/\/www.correiobraziliense.com.br\/aqui\/wp-json\/wp\/v2\/media?parent=16953"}],"wp:term":[{"taxonomy":"category","embeddable":true,"href":"https:\/\/www.correiobraziliense.com.br\/aqui\/wp-json\/wp\/v2\/categories?post=16953"},{"taxonomy":"post_tag","embeddable":true,"href":"https:\/\/www.correiobraziliense.com.br\/aqui\/wp-json\/wp\/v2\/tags?post=16953"}],"curies":[{"name":"wp","href":"https:\/\/api.w.org\/{rel}","templated":true}]}}