{"id":17076,"date":"2025-12-11T10:20:00","date_gmt":"2025-12-11T13:20:00","guid":{"rendered":"https:\/\/www.correiobraziliense.com.br\/aqui\/?p=17076"},"modified":"2025-12-11T09:52:54","modified_gmt":"2025-12-11T12:52:54","slug":"faxina-de-fim-de-ano-como-deixar-a-casa-limpa-para-as-festas","status":"publish","type":"post","link":"https:\/\/www.correiobraziliense.com.br\/aqui\/2025\/12\/11\/faxina-de-fim-de-ano-como-deixar-a-casa-limpa-para-as-festas\/","title":{"rendered":"Faxina de fim de ano: como deixar a casa limpa para as festas"},"content":{"rendered":"\n<p>Planejar a<a href=\"https:\/\/www.correiobraziliense.com.br\/aqui\/2025\/12\/11\/pelos-na-casa-aprenda-truque-de-limpeza-usando-papel-aluminio\/\"> limpeza da casa<\/a> para as festas de fim de ano ajuda o anfitri\u00e3o a receber parentes e amigos com tranquilidade. Em vez de tentar arrumar tudo de \u00faltima hora, a recomenda\u00e7\u00e3o \u00e9 organizar as tarefas por etapas, priorizando os espa\u00e7os mais utilizados, como sala, cozinha e banheiros. Dessa forma, a rotina da casa sofre menos impacto e o ambiente fica pronto a tempo para a chegada dos convidados. <\/p>\n\n\n\n<p>Organizar a casa para as festas de fim de ano envolve mais do que apenas faxina pesada. Inclui tamb\u00e9m pensar na circula\u00e7\u00e3o das pessoas, na seguran\u00e7a de crian\u00e7as e idosos, na disponibilidade de itens b\u00e1sicos e at\u00e9 em como ser\u00e1 a limpeza depois que a festa terminar. Em suma, com um pouco de planejamento, o anfitri\u00e3o evita imprevistos, otimiza o tempo e torna o encontro mais fluido para todos. Entretanto, para que tudo funcione bem, \u00e9 importante definir prioridades, delegar tarefas quando poss\u00edvel e ajustar o plano \u00e0 rotina de cada fam\u00edlia.<\/p>\n\n\n\n<h2 class=\"wp-block-heading\">Como organizar a casa para as festas de fim de ano?<\/h2>\n\n\n\n<p>Especialistas sugerem criar um roteiro simples de limpeza, com prazos definidos. Primeiro, vale listar todos os ambientes que ser\u00e3o usados na comemora\u00e7\u00e3o e fazer uma revis\u00e3o das \u00e1reas sociais. Checagem da cozinha, limpeza dos banheiros, organiza\u00e7\u00e3o dos quartos, aten\u00e7\u00e3o \u00e0 \u00e1rea da churrasqueira (se houver), cuidado com a entrada, jardim e o que precisa ser feito em cada um. Em seguida, \u00e9 poss\u00edvel distribuir as tarefas ao longo de alguns dias, em vez de concentrar tudo em uma \u00fanica data, o que reduz o cansa\u00e7o e a chance de esquecer detalhes importantes. Ent\u00e3o, o ideal \u00e9 come\u00e7ar pelos ambientes menos usados no dia a dia e, mais perto da festa, focar nas \u00e1reas de maior circula\u00e7\u00e3o.<\/p>\n\n\n\n<p>Tamb\u00e9m \u00e9 \u00fatil verificar se h\u00e1 material de limpeza, sacos de lixo, panos e produtos em quantidade adequada, evitando sa\u00eddas de \u00faltima hora ao mercado. Ao montar esse roteiro, o anfitri\u00e3o tamb\u00e9m pode definir quem ajuda em cada etapa e reservar per\u00edodos curtos di\u00e1rios para a arruma\u00e7\u00e3o, o que torna o processo mais leve.<\/p>\n\n\n\n<h2 class=\"wp-block-heading\">Ambientes sociais em ordem: sala, varanda e circula\u00e7\u00e3o<\/h2>\n\n\n\n<p>Os primeiros ambientes a receber aten\u00e7\u00e3o, ao <strong>preparar a casa para as festas<\/strong>, s\u00e3o as \u00e1reas sociais. Sala, varanda, hall de entrada e corredores concentram a maior parte do movimento durante a comemora\u00e7\u00e3o. A orienta\u00e7\u00e3o \u00e9 come\u00e7ar retirando objetos fora do lugar, revistas antigas, brinquedos e itens fr\u00e1geis que possam cair com o fluxo de pessoas, liberando espa\u00e7o para a circula\u00e7\u00e3o. Portanto, quanto mais livre estiver o caminho, mais seguro e confort\u00e1vel o ambiente fica para todos.<\/p>\n\n\n\n<p>Em seguida, recomenda-se uma limpeza de cima para baixo: superf\u00edcies altas, prateleiras, mesas, estantes e, por fim, o piso. Isso evita que o p\u00f3 volte a \u00e1reas j\u00e1 limpas. Almofadas podem ser sacudidas e organizadas, mantas dobradas e m\u00f3veis levemente reposicionados para criar caminhos mais amplos. Em varandas, a retirada de poeira de m\u00f3veis externos e guarda-corpos, al\u00e9m da varri\u00e7\u00e3o do ch\u00e3o, contribui para um visual mais cuidado. Entretanto, n\u00e3o se trata apenas de est\u00e9tica: uma boa circula\u00e7\u00e3o facilita o servi\u00e7o na hora de servir pratos, bebidas e sobremesas, al\u00e9m de reduzir o risco de acidentes.<\/p>\n\n\n\n<ul class=\"wp-block-list\">\n<li>Retirar objetos que atrapalham a circula\u00e7\u00e3o;<\/li>\n\n\n\n<li>Guardar itens quebr\u00e1veis ou muito delicados;<\/li>\n\n\n\n<li>Limpar m\u00f3veis e superf\u00edcies em camadas;<\/li>\n\n\n\n<li>Aspirar ou varrer antes de passar pano no piso;<\/li>\n\n\n\n<li>Verificar ilumina\u00e7\u00e3o e pontos de tomada para equipamentos.<\/li>\n<\/ul>\n\n\n\n<h2 class=\"wp-block-heading\">Cozinha funcional e banheiros prontos para uso<\/h2>\n\n\n\n<p>Durante as festas de fim de ano, a cozinha costuma virar ponto de encontro e apoio. Por isso, mant\u00ea-la funcional \u00e9 essencial. Geladeira, fog\u00e3o, micro-ondas e bancadas merecem aten\u00e7\u00e3o especial, com remo\u00e7\u00e3o de res\u00edduos e organiza\u00e7\u00e3o de alimentos. Panelas, travessas, copos extras e talheres podem ser separados com anteced\u00eancia, facilitando o servi\u00e7o ao longo do evento. Em suma, quanto mais previs\u00edvel estiver a din\u00e2mica da cozinha, mais simples se torna cozinhar, esquentar pratos e repor petiscos sem tumulto.<\/p>\n\n\n\n<p>Uma pr\u00e1tica \u00fatil \u00e9 esvaziar ao m\u00e1ximo a pia antes da chegada dos convidados e, se houver lava-lou\u00e7as, deix\u00e1-la pronta para ser utilizada. Lixeiras com sacos extras e um pano de limpeza reservado para pequenos acidentes ajudam a manter a ordem. Tamb\u00e9m \u00e9 recomend\u00e1vel reservar um espa\u00e7o espec\u00edfico para bebidas e outro para servir petiscos, diminuindo o vai e vem dentro da cozinha.<\/p>\n\n\n\n<p>No caso dos banheiros sociais, a orienta\u00e7\u00e3o \u00e9 que estejam limpos, abastecidos e bem sinalizados. Pia, vaso sanit\u00e1rio, espelho e piso devem ser higienizados com aten\u00e7\u00e3o. Toalhas de m\u00e3o extras, sabonete l\u00edquido, papel higi\u00eanico e uma lixeira com tampa e saco novo completam o cuidado. Em resid\u00eancias com mais de um banheiro, \u00e9 comum priorizar um deles para uso dos convidados, reduzindo a circula\u00e7\u00e3o nos demais. Ent\u00e3o, vale checar a ventila\u00e7\u00e3o, a presen\u00e7a de tapetes antiderrapantes e, se poss\u00edvel, um aromatizador suave, garantindo conforto durante toda a festa.<\/p>\n\n\n\n<ol class=\"wp-block-list\">\n<li>Higienizar superf\u00edcies da cozinha e organizar utens\u00edlios;<\/li>\n\n\n\n<li>Verificar estoque de copos, pratos e talheres;<\/li>\n\n\n\n<li>Limpar e abastecer banheiros sociais;<\/li>\n\n\n\n<li>Definir um banheiro principal para os visitantes;<\/li>\n\n\n\n<li>Separar panos e sacos de lixo de f\u00e1cil acesso.<\/li>\n<\/ol>\n\n\n\n<h2 class=\"wp-block-heading\">Cuidados com o p\u00f3s-festa e organiza\u00e7\u00e3o final<\/h2>\n\n\n\n<p>Ao organizar a casa para as festas de fim de ano, planejar o p\u00f3s-festa evita ac\u00famulo de lou\u00e7a e lixo. Separar sacos extras, destinar um canto para latas e garrafas e esvaziar a lava-lou\u00e7as antes do evento s\u00e3o medidas simples que facilitam a rotina no dia seguinte. Tamb\u00e9m pode ser combinada uma pausa r\u00e1pida durante a comemora\u00e7\u00e3o para retirar o lixo mais cheio e recolher copos descart\u00e1veis espalhados. Em suma, pequenas a\u00e7\u00f5es ao longo da noite reduzem bastante o trabalho posterior.<\/p>\n\n\n\n<p>Para fam\u00edlias com agenda apertada, a contrata\u00e7\u00e3o de servi\u00e7os de limpeza antes ou depois da festa surge como alternativa. Nesses casos, a orienta\u00e7\u00e3o \u00e9 informar claramente quais ambientes devem ser priorizados e em que hor\u00e1rios o trabalho poder\u00e1 ser realizado. Com ou sem apoio profissional, a chave est\u00e1 na organiza\u00e7\u00e3o pr\u00e9via, na divis\u00e3o de tarefas e na prioriza\u00e7\u00e3o dos espa\u00e7os que realmente impactam a experi\u00eancia dos convidados. Quando o anfitri\u00e3o pensa n\u00e3o apenas na prepara\u00e7\u00e3o, mas tamb\u00e9m na finaliza\u00e7\u00e3o, a casa volta \u00e0 rotina com mais rapidez e menos desgaste.<\/p>\n\n\n\n<p>Assim, ao distribuir as etapas de limpeza pelos dias anteriores, cuidar das \u00e1reas sociais, manter cozinha e banheiros prontos e dar aten\u00e7\u00e3o \u00e0 entrada, o anfitri\u00e3o consegue <strong>deixar a casa preparada para as festas de fim de ano<\/strong> de forma pr\u00e1tica e controlada, preservando o clima de reuni\u00e3o em fam\u00edlia e mantendo a rotina dom\u00e9stica sob controle. Ent\u00e3o, o resultado \u00e9 uma celebra\u00e7\u00e3o mais leve, na qual todos aproveitam melhor o momento, sem que a organiza\u00e7\u00e3o da casa se torne um problema.<\/p>\n\n\n\n<h2 class=\"wp-block-heading\">FAQ \u2013 D\u00favidas adicionais sobre como organizar a casa para as festas de fim de ano<\/h2>\n\n\n\n<p><strong>1. Com quanto tempo de anteced\u00eancia devo come\u00e7ar a organizar a casa para as festas de fim de ano?<\/strong><br>\nEm geral, vale iniciar a organiza\u00e7\u00e3o mais pesada de uma a duas semanas antes da data. Portanto, nesse per\u00edodo, foque em limpezas profundas e na arruma\u00e7\u00e3o de ambientes menos usados. Ent\u00e3o, nos \u00faltimos tr\u00eas dias, concentre-se em \u00e1reas sociais, cozinha e banheiros, fazendo apenas manuten\u00e7\u00f5es r\u00e1pidas no restante da casa.<\/p>\n\n\n\n<p><strong>2. Como dividir as tarefas de limpeza com a fam\u00edlia sem gerar conflitos?<\/strong><br>\nEm suma, o melhor caminho \u00e9 montar uma lista clara de atividades e distribu\u00ed-las conforme a disponibilidade e habilidade de cada pessoa. Defina prazos curtos, combine o que \u00e9 prioridade e, se necess\u00e1rio, fa\u00e7a mutir\u00f5es de 30 a 40 minutos. Portanto, quando todos entendem o objetivo comum \u2014 receber bem nas festas \u2014, a colabora\u00e7\u00e3o tende a fluir melhor.<\/p>\n\n\n\n<p><strong>3. O que fazer para deixar a casa mais segura para crian\u00e7as e idosos durante as festas?<\/strong><br>\nAntes da celebra\u00e7\u00e3o, retire tapetes escorregadios, esconda cabos soltos e afaste m\u00f3veis com quinas muito expostas das \u00e1reas de maior circula\u00e7\u00e3o. Entretanto, n\u00e3o esque\u00e7a de guardar produtos de limpeza, objetos cortantes e itens pequenos que possam ser engolidos por crian\u00e7as. Ent\u00e3o, se houver escadas, vale limitar o acesso com port\u00f5es ou m\u00f3veis, sempre que poss\u00edvel.<\/p>\n\n\n\n<p><strong>4. Como gerenciar a bagun\u00e7a enquanto a festa acontece?<\/strong><br>\nPortanto, o ideal \u00e9 adotar pequenas rotinas de manuten\u00e7\u00e3o ao longo do evento: recolher copos vazios em determinados hor\u00e1rios, trocar sacos de lixo cheios e manter uma \u00e1rea espec\u00edfica para pratos usados. Em suma, a\u00e7\u00f5es r\u00e1pidas de 5 a 10 minutos evitam que a bagun\u00e7a saia do controle e tornam o p\u00f3s-festa muito mais simples.<\/p>\n\n\n\n<p><strong>5. Como adaptar a organiza\u00e7\u00e3o da casa para festas menores ou mais intimistas?<\/strong><br>\nEnt\u00e3o, em comemora\u00e7\u00f5es menores, voc\u00ea pode concentrar o cuidado em poucos ambientes: uma sala confort\u00e1vel, a cozinha funcional e um banheiro bem preparado. Entretanto, mesmo em encontros intimistas, a l\u00f3gica continua a mesma: pensar na circula\u00e7\u00e3o, na limpeza b\u00e1sica, no conforto e em um p\u00f3s-festa f\u00e1cil de administrar.<\/p>\n","protected":false},"excerpt":{"rendered":"<p>Organize sua casa para as festas de fim de ano com nosso guia de limpeza pr\u00e9-festa, ambientes sociais, cozinha e banheiros. <\/p>\n","protected":false},"author":10,"featured_media":17077,"comment_status":"open","ping_status":"open","sticky":false,"template":"","format":"standard","meta":{"jnews-multi-image_gallery":[],"jnews_single_post":{"format":"standard"},"jnews_primary_category":[],"jnews_social_meta":[],"jnews_override_counter":[],"footnotes":""},"categories":[199],"tags":[140,3755,5872,675],"class_list":["post-17076","post","type-post","status-publish","format-standard","has-post-thumbnail","hentry","category-bem-estar","tag-bem-estar","tag-dicas-de-limpeza","tag-final-do-ano","tag-natal"],"yoast_head":"<!-- This site is optimized with the Yoast SEO plugin v25.1 - https:\/\/yoast.com\/wordpress\/plugins\/seo\/ -->\n<title>Faxina de fim de ano: como deixar a casa limpa para as festas - Correio Braziliense - Aqui<\/title>\n<meta name=\"description\" content=\"Organize sua casa para as festas de fim de ano com nosso guia de limpeza pr\u00e9-festa, ambientes sociais, cozinha e banheiros.\" \/>\n<meta name=\"robots\" content=\"index, follow, max-snippet:-1, max-image-preview:large, max-video-preview:-1\" \/>\n<link rel=\"canonical\" href=\"https:\/\/www.correiobraziliense.com.br\/aqui\/2025\/12\/11\/faxina-de-fim-de-ano-como-deixar-a-casa-limpa-para-as-festas\/\" \/>\n<meta property=\"og:locale\" content=\"pt_BR\" \/>\n<meta property=\"og:type\" content=\"article\" \/>\n<meta property=\"og:title\" content=\"Faxina de fim de ano: como deixar a casa limpa para as festas - Correio Braziliense - Aqui\" \/>\n<meta property=\"og:description\" content=\"Organize sua casa para as festas de fim de ano com nosso guia de limpeza pr\u00e9-festa, ambientes sociais, cozinha e banheiros.\" \/>\n<meta property=\"og:url\" content=\"https:\/\/www.correiobraziliense.com.br\/aqui\/2025\/12\/11\/faxina-de-fim-de-ano-como-deixar-a-casa-limpa-para-as-festas\/\" \/>\n<meta property=\"og:site_name\" content=\"Correio Braziliense - Aqui\" \/>\n<meta property=\"article:published_time\" content=\"2025-12-11T13:20:00+00:00\" \/>\n<meta property=\"og:image\" content=\"https:\/\/www.correiobraziliense.com.br\/aqui\/wp-content\/uploads\/2025\/12\/httpsneuralmyth.comstaticcache22d8a051-1b16-4701-944a-7a43f2b4069c.jpeg\" \/>\n\t<meta property=\"og:image:width\" content=\"1280\" \/>\n\t<meta property=\"og:image:height\" content=\"720\" \/>\n\t<meta property=\"og:image:type\" content=\"image\/jpeg\" \/>\n<meta name=\"author\" content=\"Larissa\" \/>\n<meta name=\"twitter:card\" content=\"summary_large_image\" \/>\n<meta name=\"twitter:label1\" content=\"Escrito por\" \/>\n\t<meta name=\"twitter:data1\" content=\"Larissa\" \/>\n\t<meta name=\"twitter:label2\" content=\"Est. tempo de leitura\" \/>\n\t<meta name=\"twitter:data2\" content=\"9 minutos\" \/>\n<!-- \/ Yoast SEO plugin. -->","yoast_head_json":{"title":"Faxina de fim de ano: como deixar a casa limpa para as festas - Correio Braziliense - Aqui","description":"Organize sua casa para as festas de fim de ano com nosso guia de limpeza pr\u00e9-festa, ambientes sociais, cozinha e banheiros.","robots":{"index":"index","follow":"follow","max-snippet":"max-snippet:-1","max-image-preview":"max-image-preview:large","max-video-preview":"max-video-preview:-1"},"canonical":"https:\/\/www.correiobraziliense.com.br\/aqui\/2025\/12\/11\/faxina-de-fim-de-ano-como-deixar-a-casa-limpa-para-as-festas\/","og_locale":"pt_BR","og_type":"article","og_title":"Faxina de fim de ano: como deixar a casa limpa para as festas - Correio Braziliense - Aqui","og_description":"Organize sua casa para as festas de fim de ano com nosso guia de limpeza pr\u00e9-festa, ambientes sociais, cozinha e banheiros.","og_url":"https:\/\/www.correiobraziliense.com.br\/aqui\/2025\/12\/11\/faxina-de-fim-de-ano-como-deixar-a-casa-limpa-para-as-festas\/","og_site_name":"Correio Braziliense - Aqui","article_published_time":"2025-12-11T13:20:00+00:00","og_image":[{"width":1280,"height":720,"url":"https:\/\/www.correiobraziliense.com.br\/aqui\/wp-content\/uploads\/2025\/12\/httpsneuralmyth.comstaticcache22d8a051-1b16-4701-944a-7a43f2b4069c.jpeg","type":"image\/jpeg"}],"author":"Larissa","twitter_card":"summary_large_image","twitter_misc":{"Escrito por":"Larissa","Est. tempo de leitura":"9 minutos"},"schema":{"@context":"https:\/\/schema.org","@graph":[{"@type":"WebPage","@id":"https:\/\/www.correiobraziliense.com.br\/aqui\/2025\/12\/11\/faxina-de-fim-de-ano-como-deixar-a-casa-limpa-para-as-festas\/","url":"https:\/\/www.correiobraziliense.com.br\/aqui\/2025\/12\/11\/faxina-de-fim-de-ano-como-deixar-a-casa-limpa-para-as-festas\/","name":"Faxina de fim de ano: como deixar a casa limpa para as festas - Correio Braziliense - Aqui","isPartOf":{"@id":"https:\/\/www.correiobraziliense.com.br\/aqui\/#website"},"primaryImageOfPage":{"@id":"https:\/\/www.correiobraziliense.com.br\/aqui\/2025\/12\/11\/faxina-de-fim-de-ano-como-deixar-a-casa-limpa-para-as-festas\/#primaryimage"},"image":{"@id":"https:\/\/www.correiobraziliense.com.br\/aqui\/2025\/12\/11\/faxina-de-fim-de-ano-como-deixar-a-casa-limpa-para-as-festas\/#primaryimage"},"thumbnailUrl":"https:\/\/www.correiobraziliense.com.br\/aqui\/wp-content\/uploads\/2025\/12\/httpsneuralmyth.comstaticcache22d8a051-1b16-4701-944a-7a43f2b4069c.jpeg","datePublished":"2025-12-11T13:20:00+00:00","author":{"@id":"https:\/\/www.correiobraziliense.com.br\/aqui\/#\/schema\/person\/775f50a8c1ac31704d56816e99b29041"},"description":"Organize sua casa para as festas de fim de ano com nosso guia de limpeza pr\u00e9-festa, ambientes sociais, cozinha e banheiros.","breadcrumb":{"@id":"https:\/\/www.correiobraziliense.com.br\/aqui\/2025\/12\/11\/faxina-de-fim-de-ano-como-deixar-a-casa-limpa-para-as-festas\/#breadcrumb"},"inLanguage":"pt-BR","potentialAction":[{"@type":"ReadAction","target":["https:\/\/www.correiobraziliense.com.br\/aqui\/2025\/12\/11\/faxina-de-fim-de-ano-como-deixar-a-casa-limpa-para-as-festas\/"]}]},{"@type":"ImageObject","inLanguage":"pt-BR","@id":"https:\/\/www.correiobraziliense.com.br\/aqui\/2025\/12\/11\/faxina-de-fim-de-ano-como-deixar-a-casa-limpa-para-as-festas\/#primaryimage","url":"https:\/\/www.correiobraziliense.com.br\/aqui\/wp-content\/uploads\/2025\/12\/httpsneuralmyth.comstaticcache22d8a051-1b16-4701-944a-7a43f2b4069c.jpeg","contentUrl":"https:\/\/www.correiobraziliense.com.br\/aqui\/wp-content\/uploads\/2025\/12\/httpsneuralmyth.comstaticcache22d8a051-1b16-4701-944a-7a43f2b4069c.jpeg","width":1280,"height":720,"caption":"Cr\u00e9ditos: depositphotos.com \/ serezniy"},{"@type":"BreadcrumbList","@id":"https:\/\/www.correiobraziliense.com.br\/aqui\/2025\/12\/11\/faxina-de-fim-de-ano-como-deixar-a-casa-limpa-para-as-festas\/#breadcrumb","itemListElement":[{"@type":"ListItem","position":1,"name":"In\u00edcio","item":"https:\/\/www.correiobraziliense.com.br\/aqui\/"},{"@type":"ListItem","position":2,"name":"Faxina de fim de ano: como deixar a casa limpa para as festas"}]},{"@type":"WebSite","@id":"https:\/\/www.correiobraziliense.com.br\/aqui\/#website","url":"https:\/\/www.correiobraziliense.com.br\/aqui\/","name":"Correio Braziliense - Aqui","description":"O Correio Braziliense (CB) \u00e9 o mais importante canal de not\u00edcias de Bras\u00edlia. Aqui voc\u00ea encontra as \u00faltimas not\u00edcias do DF, do Brasil e do mundo.","potentialAction":[{"@type":"SearchAction","target":{"@type":"EntryPoint","urlTemplate":"https:\/\/www.correiobraziliense.com.br\/aqui\/?s={search_term_string}"},"query-input":{"@type":"PropertyValueSpecification","valueRequired":true,"valueName":"search_term_string"}}],"inLanguage":"pt-BR"},{"@type":"Person","@id":"https:\/\/www.correiobraziliense.com.br\/aqui\/#\/schema\/person\/775f50a8c1ac31704d56816e99b29041","name":"Larissa","image":{"@type":"ImageObject","inLanguage":"pt-BR","@id":"https:\/\/www.correiobraziliense.com.br\/aqui\/#\/schema\/person\/image\/","url":"https:\/\/secure.gravatar.com\/avatar\/62f5b2e99de671d075ab98e19f03c3c38c80a93f5d06f51075cf4431a4e76458?s=96&d=mm&r=g","contentUrl":"https:\/\/secure.gravatar.com\/avatar\/62f5b2e99de671d075ab98e19f03c3c38c80a93f5d06f51075cf4431a4e76458?s=96&d=mm&r=g","caption":"Larissa"},"url":"https:\/\/www.correiobraziliense.com.br\/aqui\/author\/larissaaqui\/"}]}},"_links":{"self":[{"href":"https:\/\/www.correiobraziliense.com.br\/aqui\/wp-json\/wp\/v2\/posts\/17076","targetHints":{"allow":["GET"]}}],"collection":[{"href":"https:\/\/www.correiobraziliense.com.br\/aqui\/wp-json\/wp\/v2\/posts"}],"about":[{"href":"https:\/\/www.correiobraziliense.com.br\/aqui\/wp-json\/wp\/v2\/types\/post"}],"author":[{"embeddable":true,"href":"https:\/\/www.correiobraziliense.com.br\/aqui\/wp-json\/wp\/v2\/users\/10"}],"replies":[{"embeddable":true,"href":"https:\/\/www.correiobraziliense.com.br\/aqui\/wp-json\/wp\/v2\/comments?post=17076"}],"version-history":[{"count":6,"href":"https:\/\/www.correiobraziliense.com.br\/aqui\/wp-json\/wp\/v2\/posts\/17076\/revisions"}],"predecessor-version":[{"id":17084,"href":"https:\/\/www.correiobraziliense.com.br\/aqui\/wp-json\/wp\/v2\/posts\/17076\/revisions\/17084"}],"wp:featuredmedia":[{"embeddable":true,"href":"https:\/\/www.correiobraziliense.com.br\/aqui\/wp-json\/wp\/v2\/media\/17077"}],"wp:attachment":[{"href":"https:\/\/www.correiobraziliense.com.br\/aqui\/wp-json\/wp\/v2\/media?parent=17076"}],"wp:term":[{"taxonomy":"category","embeddable":true,"href":"https:\/\/www.correiobraziliense.com.br\/aqui\/wp-json\/wp\/v2\/categories?post=17076"},{"taxonomy":"post_tag","embeddable":true,"href":"https:\/\/www.correiobraziliense.com.br\/aqui\/wp-json\/wp\/v2\/tags?post=17076"}],"curies":[{"name":"wp","href":"https:\/\/api.w.org\/{rel}","templated":true}]}}