{"id":17085,"date":"2025-12-11T11:00:00","date_gmt":"2025-12-11T14:00:00","guid":{"rendered":"https:\/\/www.correiobraziliense.com.br\/aqui\/?p=17085"},"modified":"2025-12-11T10:32:14","modified_gmt":"2025-12-11T13:32:14","slug":"saude-mental-como-lidar-com-a-solidao-no-fim-do-ano","status":"publish","type":"post","link":"https:\/\/www.correiobraziliense.com.br\/aqui\/2025\/12\/11\/saude-mental-como-lidar-com-a-solidao-no-fim-do-ano\/","title":{"rendered":"Sa\u00fade mental: como lidar com a solid\u00e3o no fim do ano"},"content":{"rendered":"\n<p>O fim de ano costuma ser associado a encontros, celebra\u00e7\u00f5es e troca de presentes, mas, para muitas pessoas, esse per\u00edodo vem acompanhado de<a href=\"https:\/\/www.correiobraziliense.com.br\/aqui\/2025\/10\/27\/solidao-entenda-o-que-a-psicologia-diz-sobre-pessoas-que-gostam-de-estar-sozinhas\/\"> sensa\u00e7\u00e3o de isolamento e de solid\u00e3o<\/a> nas festas de fim de ano. Longe de amigos ou familiares, a expectativa de um Natal cheio de companhia pode contrastar com a realidade. Mesmo assim, especialistas apontam que esse momento tamb\u00e9m pode ser aproveitado para cuidar da sa\u00fade mental e, ao mesmo tempo, proteger o c\u00e9rebro.<\/p>\n\n\n\n<p>A ci\u00eancia mostra que a socializa\u00e7\u00e3o ajuda o funcionamento cerebral, reduz horm\u00f4nios ligados ao estresse, como o cortisol, e pode diminuir inflama\u00e7\u00e3o e press\u00e3o arterial. Em suma, quando a pessoa se envolve em rela\u00e7\u00f5es significativas, o c\u00e9rebro recebe um \u201cbanho qu\u00edmico\u201d positivo, que favorece a mem\u00f3ria, o humor e a motiva\u00e7\u00e3o. Por isso, olhar com aten\u00e7\u00e3o para o pr\u00f3prio bem-estar, especialmente em dezembro e no r\u00e9veillon, n\u00e3o \u00e9 apenas um cuidado emocional, mas tamb\u00e9m f\u00edsico. <\/p>\n\n\n\n<h2 class=\"wp-block-heading\">Como lidar com a solid\u00e3o nas festas de fim de ano?<\/h2>\n\n\n\n<p>Quando o calend\u00e1rio se aproxima do Natal e do Ano-Novo, a compara\u00e7\u00e3o com outras pessoas tende a aumentar, principalmente nas redes sociais. Entretanto, fotos de reuni\u00f5es familiares e viagens n\u00e3o mostram os bastidores da vida de ningu\u00e9m. Quem passa esse per\u00edodo sozinho pode interpretar esse cen\u00e1rio como sinal de fracasso ou rejei\u00e7\u00e3o, ainda que n\u00e3o haja nenhuma rela\u00e7\u00e3o direta. Especialistas em sa\u00fade mental recomendam observar os pensamentos autom\u00e1ticos e substitu\u00ed-los por uma vis\u00e3o mais realista: estar s\u00f3 em uma data espec\u00edfica n\u00e3o define a qualidade das rela\u00e7\u00f5es constru\u00eddas ao longo da vida.<\/p>\n\n\n\n<p>Uma estrat\u00e9gia \u00e9 <strong>organizar o dia com anteced\u00eancia<\/strong>. Planejar hor\u00e1rios para refei\u00e7\u00f5es, atividades prazerosas e pequenos rituais pessoais, como assistir a um filme favorito ou caminhar em um local tranquilo, ajuda a reduzir a sensa\u00e7\u00e3o de vazio. Em suma, uma rotina estruturada funciona como um mapa, evitando que o dia se arraste sem prop\u00f3sito. Outro ponto importante \u00e9 reconhecer os sinais de alerta, como des\u00e2nimo intenso, altera\u00e7\u00e3o de sono e falta de energia prolongada, que podem indicar necessidade de apoio profissional. Ent\u00e3o, se a tristeza estiver profunda e constante, buscar ajuda de um psic\u00f3logo ou psiquiatra torna-se um passo fundamental para atravessar essa fase com mais seguran\u00e7a.<\/p>\n\n\n\n<p>Al\u00e9m disso, t\u00e9cnicas simples de regula\u00e7\u00e3o emocional podem ajudar muito. Por exemplo, exerc\u00edcios de respira\u00e7\u00e3o profunda, escrita de um di\u00e1rio para organizar pensamentos, pr\u00e1tica de medita\u00e7\u00e3o guiada ou de mindfulness contribuem para diminuir a ansiedade t\u00edpica do fim de ano. <\/p>\n\n\n\n<h2 class=\"wp-block-heading\">Atividades que protegem o c\u00e9rebro durante o fim de ano<\/h2>\n\n\n\n<p>Em vez de focar apenas no que est\u00e1 faltando, algumas a\u00e7\u00f5es pr\u00e1ticas podem favorecer o c\u00e9rebro e tornar as festas de fim de ano menos pesadas. Adotar um novo hobby \u00e9 uma delas. Aprender um instrumento, estudar um idioma, cozinhar pratos diferentes ou se aventurar em atividades manuais estimula a forma\u00e7\u00e3o de novas conex\u00f5es neurais. Esse tipo de envolvimento cognitivo \u00e9 apontado como ben\u00e9fico inclusive para pessoas com queixas de mem\u00f3ria ou em risco de dem\u00eancia.<\/p>\n\n\n\n<p>Jogos desafiadores tamb\u00e9m entram nessa lista. Palavras cruzadas, Sudoku, quebra-cabe\u00e7as de pe\u00e7as, jogos de estrat\u00e9gia e desafios de l\u00f3gica exigem aten\u00e7\u00e3o, planejamento e racioc\u00ednio. Quanto maior o desafio, dentro de um n\u00edvel poss\u00edvel, maior o est\u00edmulo \u00e0s \u00e1reas cerebrais ligadas \u00e0 mem\u00f3ria e \u00e0 concentra\u00e7\u00e3o. Ent\u00e3o, escolher jogos que provoquem curiosidade, fa\u00e7am pensar alguns minutos a mais e despertem vontade de progredir representa uma forma concreta de proteger o c\u00e9rebro durante esse per\u00edodo.<\/p>\n\n\n\n<ul class=\"wp-block-list\">\n<li><strong>Hobbies criativos:<\/strong> m\u00fasica, pintura, escrita, fotografia, desenho digital, artesanato com reciclagem.<\/li>\n\n\n\n<li><strong>Atividades manuais:<\/strong> tric\u00f4, croch\u00ea, marcenaria, jardinagem, origami, montagem de maquetes ou miniaturas.<\/li>\n\n\n\n<li><strong>Jogos cognitivos:<\/strong> quebra-cabe\u00e7as, jogos de tabuleiro, aplicativos de treino cerebral, xadrez, jogos de cartas estrat\u00e9gicos.<\/li>\n<\/ul>\n\n\n\n<p>Outra frente importante \u00e9 o movimento. <strong>Dan\u00e7ar <\/strong>ao som de m\u00fasicas marcantes da adolesc\u00eancia ou do in\u00edcio da vida adulta, por exemplo, combina exerc\u00edcio f\u00edsico, mem\u00f3ria afetiva e intera\u00e7\u00e3o social quando feito em grupo. Entretanto, mesmo quem est\u00e1 sozinho pode se beneficiar: basta montar uma playlist e se permitir dan\u00e7ar por alguns minutos, sem se cobrar desempenho. Mesmo em casa, montar uma playlist tem\u00e1tica e se mexer alguns minutos por dia pode transformar o clima, reduzir tens\u00e3o e ativar regi\u00f5es do c\u00e9rebro relacionadas ao prazer e \u00e0 emo\u00e7\u00e3o. <\/p>\n\n\n\n<h2 class=\"wp-block-heading\">Como criar conex\u00f5es quando se est\u00e1 sozinho nas festas?<\/h2>\n\n\n\n<p>Nem sempre \u00e9 poss\u00edvel estar fisicamente perto de pessoas queridas, mas isso n\u00e3o significa aus\u00eancia completa de contato. A tecnologia permite manter v\u00ednculos por mensagens, liga\u00e7\u00f5es e videochamadas. Estudos recentes apontam que at\u00e9 mesmo intera\u00e7\u00f5es virtuais podem contribuir para diminuir a sensa\u00e7\u00e3o de solid\u00e3o, desde que sejam frequentes e significativas. Priorizar conversas em que haja troca verdadeira, escuta ativa e interesse real faz diferen\u00e7a. Para quem sente vergonha de ligar sem aviso, uma alternativa \u00e9 combinar um hor\u00e1rio previamente ou enviar uma mensagem curta para iniciar a conversa.<\/p>\n\n\n\n<p>Outra estrat\u00e9gia \u00e9 buscar grupos com interesses semelhantes. Plataformas online re\u00fanem clubes de leitura, grupos de jogos, comunidades de artesanato, aulas de dan\u00e7a ou conversa\u00e7\u00e3o em outros idiomas. Nesses espa\u00e7os, o foco recai sobre a atividade em comum, o que costuma facilitar a socializa\u00e7\u00e3o. A solid\u00e3o nas festas de fim de ano pode ser atenuada ao se envolver em ambientes em que o assunto central \u00e9 um interesse compartilhado, e n\u00e3o a data em si. Ent\u00e3o, ao se conectar em torno de um tema que gere entusiasmo genu\u00edno, a sensa\u00e7\u00e3o de pertencimento tende a aumentar naturalmente.<\/p>\n\n\n\n<ol class=\"wp-block-list\">\n<li>Identificar um interesse real, como livros, cinema, esportes ou culin\u00e1ria. Em suma, quanto mais aut\u00eantico esse interesse, maior a chance de manter a motiva\u00e7\u00e3o.<\/li>\n\n\n\n<li>Pesquisar grupos presenciais no bairro ou comunidades virtuais confi\u00e1veis. Portanto, vale consultar redes sociais, centros culturais, bibliotecas ou aplicativos de encontros por interesse.<\/li>\n\n\n\n<li>Participar de encontros regulares, mesmo que inicialmente de forma discreta. Ent\u00e3o, ouvir, observar e interagir aos poucos j\u00e1 conta como participa\u00e7\u00e3o e ajuda a reduzir a timidez.<\/li>\n\n\n\n<li>Manter contato com pessoas com quem haja afinidade ap\u00f3s as atividades. Entretanto, \u00e9 importante respeitar limites e ritmos, construindo v\u00ednculos com calma, sem pressa ou press\u00e3o.<\/li>\n<\/ol>\n\n\n\n<h2 class=\"wp-block-heading\">Manter o corpo ativo ajuda na solid\u00e3o de fim de ano?<\/h2>\n\n\n\n<p>Manter-se fisicamente ativo \u00e9 um dos pilares para atravessar o fim de ano com mais equil\u00edbrio. Caminhadas, alongamentos em casa, subir escadas em vez de usar elevador e pequenas pausas para se movimentar j\u00e1 representam um ganho relevante. Quando o exerc\u00edcio aumenta levemente a frequ\u00eancia card\u00edaca, o corpo libera subst\u00e2ncias que favorecem o humor e a sa\u00fade cerebral. Em suma, a pr\u00e1tica constante de movimento se transforma em um aliado poderoso contra o estresse, a apatia e a solid\u00e3o.<\/p>\n\n\n\n<p>Para quem passa Natal e r\u00e9veillon sozinho, a atividade f\u00edsica tamb\u00e9m serve como estrutura para o dia. Estabelecer hor\u00e1rios fixos para sair de casa, nem que seja para uma volta no quarteir\u00e3o, reduz o tempo ocioso e a tend\u00eancia de ruminar pensamentos negativos. Portanto, incluir metas pequenas e realistas \u2014 como caminhar 15 minutos, alongar o corpo ao acordar ou fazer uma s\u00e9rie curta de exerc\u00edcios \u2014 j\u00e1 traz benef\u00edcios. Em alguns casos, academias, parques e grupos de caminhada organizam a\u00e7\u00f5es especiais no fim de ano, oferecendo um espa\u00e7o de conviv\u00eancia alternativa \u00e0 din\u00e2mica tradicional de festas em fam\u00edlia. Ent\u00e3o, ao participar dessas atividades, a pessoa cuida do corpo e abre espa\u00e7o para novas intera\u00e7\u00f5es sociais.<\/p>\n\n\n\n<p>No fim das contas, lidar com a solid\u00e3o nas festas de fim de ano envolve uma combina\u00e7\u00e3o de autocuidado emocional, est\u00edmulo ao c\u00e9rebro, movimento e busca ativa por conex\u00f5es poss\u00edveis, sejam presenciais ou mediadas pela tecnologia. Ao estruturar melhor esses dias e incluir atividades significativas, a pessoa aumenta as chances de atravessar esse per\u00edodo com mais estabilidade e sa\u00fade, respeitando o pr\u00f3prio ritmo e as circunst\u00e2ncias do momento.<\/p>\n\n\n\n<h2 class=\"wp-block-heading\">FAQ \u2013 Perguntas frequentes sobre solid\u00e3o nas festas de fim de ano<\/h2>\n\n\n\n<p><strong>1. \u00c9 normal sentir al\u00edvio por passar as festas sozinho?<\/strong><br>Sim, \u00e9 normal. Em suma, algumas pessoas vivem rela\u00e7\u00f5es familiares conflituosas ou rotinas exaustivas e sentem al\u00edvio ao ter um fim de ano mais tranquilo. Portanto, sentir paz ou descanso, em vez de alegria intensa, n\u00e3o significa frieza ou falta de afeto, apenas indica que suas necessidades s\u00e3o diferentes no momento.<\/p>\n\n\n\n<p><strong>2. Como falar para familiares que n\u00e3o quero participar das festas?<\/strong><br>Uma alternativa \u00e9 explicar de forma honesta e respeitosa, focando em como voc\u00ea se sente. Ent\u00e3o, voc\u00ea pode dizer que precisa de um tempo para si, que est\u00e1 em uma fase delicada ou cansativa e que prefere um encontro em outra data. Entretanto, \u00e9 importante evitar acusa\u00e7\u00f5es e conversar em um momento calmo, fora de discuss\u00f5es.<\/p>\n\n\n\n<p><strong>3. Solid\u00e3o \u00e9 sempre sinal de depress\u00e3o?<\/strong><br>Nem sempre. A solid\u00e3o pode aparecer em fases de mudan\u00e7a, luto, transi\u00e7\u00e3o de cidade ou trabalho, por exemplo. Em suma, ela se torna um sinal de alerta quando vem acompanhada, por semanas, de des\u00e2nimo intenso, perda de interesse por quase tudo, altera\u00e7\u00f5es de sono e apetite, al\u00e9m de pensamentos pessimistas frequentes. Portanto, se esses sintomas estiverem presentes, buscar avalia\u00e7\u00e3o profissional \u00e9 fundamental.<\/p>\n\n\n\n<p><strong>4. O que fazer quando as lembran\u00e7as de outros Natais trazem muita tristeza?<\/strong><br>Voc\u00ea pode criar novos rituais que honrem o passado, mas tamb\u00e9m abram espa\u00e7o para o presente. Ent\u00e3o, escrever uma carta para quem partiu, acender uma vela simb\u00f3lica, preparar um prato especial ou ouvir apenas algumas m\u00fasicas que tragam conforto, e n\u00e3o apenas saudade dolorosa, ajuda a ressignificar a data. Em suma, a ideia n\u00e3o \u00e9 esquecer as lembran\u00e7as, mas aprender a conviver com elas de modo mais leve.<\/p>\n\n\n\n<p><strong>5. Ficar offline nas redes sociais ajuda ou atrapalha?<\/strong><br>Depende de como voc\u00ea usa as redes. Se o h\u00e1bito de rolar o feed s\u00f3 aumenta a compara\u00e7\u00e3o e a sensa\u00e7\u00e3o de fracasso, fazer uma pausa pode ser muito saud\u00e1vel. Portanto, voc\u00ea pode combinar consigo mesmo um \u201cdetox digital\u201d parcial, entrando apenas para falar com pessoas espec\u00edficas ou em grupos que fa\u00e7am bem. Entretanto, se as redes forem sua principal forma de contato com amigos, vale apenas ajustar o tempo de uso, e n\u00e3o cortar totalmente.<\/p>\n","protected":false},"excerpt":{"rendered":"<p>Solid\u00e3o nas festas de fim de ano: descubra como cuidar da sa\u00fade mental e do c\u00e9rebro com hobbies, movimento, conex\u00f5es sociais e tecnologia.<\/p>\n","protected":false},"author":10,"featured_media":17086,"comment_status":"open","ping_status":"open","sticky":false,"template":"","format":"standard","meta":{"jnews-multi-image_gallery":[],"jnews_single_post":{"format":"standard"},"jnews_primary_category":[],"jnews_social_meta":[],"jnews_override_counter":[],"footnotes":""},"categories":[199],"tags":[140,5872,675,141,5121],"class_list":["post-17085","post","type-post","status-publish","format-standard","has-post-thumbnail","hentry","category-bem-estar","tag-bem-estar","tag-final-do-ano","tag-natal","tag-saude","tag-solidao"],"yoast_head":"<!-- This site is optimized with the Yoast SEO plugin v25.1 - https:\/\/yoast.com\/wordpress\/plugins\/seo\/ -->\n<title>Sa\u00fade mental: como lidar com a solid\u00e3o no fim do ano - Correio Braziliense - Aqui<\/title>\n<meta name=\"description\" content=\"Solid\u00e3o nas festas de fim de ano: descubra como cuidar da sa\u00fade mental e do c\u00e9rebro com hobbies, movimento, conex\u00f5es sociais e tecnologia.\" \/>\n<meta name=\"robots\" content=\"index, follow, max-snippet:-1, max-image-preview:large, max-video-preview:-1\" \/>\n<link rel=\"canonical\" href=\"https:\/\/www.correiobraziliense.com.br\/aqui\/2025\/12\/11\/saude-mental-como-lidar-com-a-solidao-no-fim-do-ano\/\" \/>\n<meta property=\"og:locale\" content=\"pt_BR\" \/>\n<meta property=\"og:type\" content=\"article\" \/>\n<meta property=\"og:title\" content=\"Sa\u00fade mental: como lidar com a solid\u00e3o no fim do ano - Correio Braziliense - Aqui\" \/>\n<meta property=\"og:description\" content=\"Solid\u00e3o nas festas de fim de ano: descubra como cuidar da sa\u00fade mental e do c\u00e9rebro com hobbies, movimento, conex\u00f5es sociais e tecnologia.\" \/>\n<meta property=\"og:url\" content=\"https:\/\/www.correiobraziliense.com.br\/aqui\/2025\/12\/11\/saude-mental-como-lidar-com-a-solidao-no-fim-do-ano\/\" \/>\n<meta property=\"og:site_name\" content=\"Correio Braziliense - Aqui\" \/>\n<meta property=\"article:published_time\" content=\"2025-12-11T14:00:00+00:00\" \/>\n<meta property=\"og:image\" content=\"https:\/\/www.correiobraziliense.com.br\/aqui\/wp-content\/uploads\/2025\/12\/httpsneuralmyth.comstaticcache74584df2-5670-49a0-852d-ae0af0bbe145.jpeg\" \/>\n\t<meta property=\"og:image:width\" content=\"1280\" \/>\n\t<meta property=\"og:image:height\" content=\"720\" \/>\n\t<meta property=\"og:image:type\" content=\"image\/jpeg\" \/>\n<meta name=\"author\" content=\"Larissa\" \/>\n<meta name=\"twitter:card\" content=\"summary_large_image\" \/>\n<meta name=\"twitter:label1\" content=\"Escrito por\" \/>\n\t<meta name=\"twitter:data1\" content=\"Larissa\" \/>\n\t<meta name=\"twitter:label2\" content=\"Est. tempo de leitura\" \/>\n\t<meta name=\"twitter:data2\" content=\"10 minutos\" \/>\n<!-- \/ Yoast SEO plugin. -->","yoast_head_json":{"title":"Sa\u00fade mental: como lidar com a solid\u00e3o no fim do ano - Correio Braziliense - Aqui","description":"Solid\u00e3o nas festas de fim de ano: descubra como cuidar da sa\u00fade mental e do c\u00e9rebro com hobbies, movimento, conex\u00f5es sociais e tecnologia.","robots":{"index":"index","follow":"follow","max-snippet":"max-snippet:-1","max-image-preview":"max-image-preview:large","max-video-preview":"max-video-preview:-1"},"canonical":"https:\/\/www.correiobraziliense.com.br\/aqui\/2025\/12\/11\/saude-mental-como-lidar-com-a-solidao-no-fim-do-ano\/","og_locale":"pt_BR","og_type":"article","og_title":"Sa\u00fade mental: como lidar com a solid\u00e3o no fim do ano - Correio Braziliense - Aqui","og_description":"Solid\u00e3o nas festas de fim de ano: descubra como cuidar da sa\u00fade mental e do c\u00e9rebro com hobbies, movimento, conex\u00f5es sociais e tecnologia.","og_url":"https:\/\/www.correiobraziliense.com.br\/aqui\/2025\/12\/11\/saude-mental-como-lidar-com-a-solidao-no-fim-do-ano\/","og_site_name":"Correio Braziliense - Aqui","article_published_time":"2025-12-11T14:00:00+00:00","og_image":[{"width":1280,"height":720,"url":"https:\/\/www.correiobraziliense.com.br\/aqui\/wp-content\/uploads\/2025\/12\/httpsneuralmyth.comstaticcache74584df2-5670-49a0-852d-ae0af0bbe145.jpeg","type":"image\/jpeg"}],"author":"Larissa","twitter_card":"summary_large_image","twitter_misc":{"Escrito por":"Larissa","Est. tempo de leitura":"10 minutos"},"schema":{"@context":"https:\/\/schema.org","@graph":[{"@type":"WebPage","@id":"https:\/\/www.correiobraziliense.com.br\/aqui\/2025\/12\/11\/saude-mental-como-lidar-com-a-solidao-no-fim-do-ano\/","url":"https:\/\/www.correiobraziliense.com.br\/aqui\/2025\/12\/11\/saude-mental-como-lidar-com-a-solidao-no-fim-do-ano\/","name":"Sa\u00fade mental: como lidar com a solid\u00e3o no fim do ano - Correio Braziliense - Aqui","isPartOf":{"@id":"https:\/\/www.correiobraziliense.com.br\/aqui\/#website"},"primaryImageOfPage":{"@id":"https:\/\/www.correiobraziliense.com.br\/aqui\/2025\/12\/11\/saude-mental-como-lidar-com-a-solidao-no-fim-do-ano\/#primaryimage"},"image":{"@id":"https:\/\/www.correiobraziliense.com.br\/aqui\/2025\/12\/11\/saude-mental-como-lidar-com-a-solidao-no-fim-do-ano\/#primaryimage"},"thumbnailUrl":"https:\/\/www.correiobraziliense.com.br\/aqui\/wp-content\/uploads\/2025\/12\/httpsneuralmyth.comstaticcache74584df2-5670-49a0-852d-ae0af0bbe145.jpeg","datePublished":"2025-12-11T14:00:00+00:00","author":{"@id":"https:\/\/www.correiobraziliense.com.br\/aqui\/#\/schema\/person\/775f50a8c1ac31704d56816e99b29041"},"description":"Solid\u00e3o nas festas de fim de ano: descubra como cuidar da sa\u00fade mental e do c\u00e9rebro com hobbies, movimento, conex\u00f5es sociais e tecnologia.","breadcrumb":{"@id":"https:\/\/www.correiobraziliense.com.br\/aqui\/2025\/12\/11\/saude-mental-como-lidar-com-a-solidao-no-fim-do-ano\/#breadcrumb"},"inLanguage":"pt-BR","potentialAction":[{"@type":"ReadAction","target":["https:\/\/www.correiobraziliense.com.br\/aqui\/2025\/12\/11\/saude-mental-como-lidar-com-a-solidao-no-fim-do-ano\/"]}]},{"@type":"ImageObject","inLanguage":"pt-BR","@id":"https:\/\/www.correiobraziliense.com.br\/aqui\/2025\/12\/11\/saude-mental-como-lidar-com-a-solidao-no-fim-do-ano\/#primaryimage","url":"https:\/\/www.correiobraziliense.com.br\/aqui\/wp-content\/uploads\/2025\/12\/httpsneuralmyth.comstaticcache74584df2-5670-49a0-852d-ae0af0bbe145.jpeg","contentUrl":"https:\/\/www.correiobraziliense.com.br\/aqui\/wp-content\/uploads\/2025\/12\/httpsneuralmyth.comstaticcache74584df2-5670-49a0-852d-ae0af0bbe145.jpeg","width":1280,"height":720,"caption":"Cr\u00e9ditos: depositphotos.com \/ kholodovskaya_a"},{"@type":"BreadcrumbList","@id":"https:\/\/www.correiobraziliense.com.br\/aqui\/2025\/12\/11\/saude-mental-como-lidar-com-a-solidao-no-fim-do-ano\/#breadcrumb","itemListElement":[{"@type":"ListItem","position":1,"name":"In\u00edcio","item":"https:\/\/www.correiobraziliense.com.br\/aqui\/"},{"@type":"ListItem","position":2,"name":"Sa\u00fade mental: como lidar com a solid\u00e3o no fim do ano"}]},{"@type":"WebSite","@id":"https:\/\/www.correiobraziliense.com.br\/aqui\/#website","url":"https:\/\/www.correiobraziliense.com.br\/aqui\/","name":"Correio Braziliense - Aqui","description":"O Correio Braziliense (CB) \u00e9 o mais importante canal de not\u00edcias de Bras\u00edlia. Aqui voc\u00ea encontra as \u00faltimas not\u00edcias do DF, do Brasil e do mundo.","potentialAction":[{"@type":"SearchAction","target":{"@type":"EntryPoint","urlTemplate":"https:\/\/www.correiobraziliense.com.br\/aqui\/?s={search_term_string}"},"query-input":{"@type":"PropertyValueSpecification","valueRequired":true,"valueName":"search_term_string"}}],"inLanguage":"pt-BR"},{"@type":"Person","@id":"https:\/\/www.correiobraziliense.com.br\/aqui\/#\/schema\/person\/775f50a8c1ac31704d56816e99b29041","name":"Larissa","image":{"@type":"ImageObject","inLanguage":"pt-BR","@id":"https:\/\/www.correiobraziliense.com.br\/aqui\/#\/schema\/person\/image\/","url":"https:\/\/secure.gravatar.com\/avatar\/62f5b2e99de671d075ab98e19f03c3c38c80a93f5d06f51075cf4431a4e76458?s=96&d=mm&r=g","contentUrl":"https:\/\/secure.gravatar.com\/avatar\/62f5b2e99de671d075ab98e19f03c3c38c80a93f5d06f51075cf4431a4e76458?s=96&d=mm&r=g","caption":"Larissa"},"url":"https:\/\/www.correiobraziliense.com.br\/aqui\/author\/larissaaqui\/"}]}},"_links":{"self":[{"href":"https:\/\/www.correiobraziliense.com.br\/aqui\/wp-json\/wp\/v2\/posts\/17085","targetHints":{"allow":["GET"]}}],"collection":[{"href":"https:\/\/www.correiobraziliense.com.br\/aqui\/wp-json\/wp\/v2\/posts"}],"about":[{"href":"https:\/\/www.correiobraziliense.com.br\/aqui\/wp-json\/wp\/v2\/types\/post"}],"author":[{"embeddable":true,"href":"https:\/\/www.correiobraziliense.com.br\/aqui\/wp-json\/wp\/v2\/users\/10"}],"replies":[{"embeddable":true,"href":"https:\/\/www.correiobraziliense.com.br\/aqui\/wp-json\/wp\/v2\/comments?post=17085"}],"version-history":[{"count":8,"href":"https:\/\/www.correiobraziliense.com.br\/aqui\/wp-json\/wp\/v2\/posts\/17085\/revisions"}],"predecessor-version":[{"id":17095,"href":"https:\/\/www.correiobraziliense.com.br\/aqui\/wp-json\/wp\/v2\/posts\/17085\/revisions\/17095"}],"wp:featuredmedia":[{"embeddable":true,"href":"https:\/\/www.correiobraziliense.com.br\/aqui\/wp-json\/wp\/v2\/media\/17086"}],"wp:attachment":[{"href":"https:\/\/www.correiobraziliense.com.br\/aqui\/wp-json\/wp\/v2\/media?parent=17085"}],"wp:term":[{"taxonomy":"category","embeddable":true,"href":"https:\/\/www.correiobraziliense.com.br\/aqui\/wp-json\/wp\/v2\/categories?post=17085"},{"taxonomy":"post_tag","embeddable":true,"href":"https:\/\/www.correiobraziliense.com.br\/aqui\/wp-json\/wp\/v2\/tags?post=17085"}],"curies":[{"name":"wp","href":"https:\/\/api.w.org\/{rel}","templated":true}]}}