{"id":17674,"date":"2025-12-16T12:20:00","date_gmt":"2025-12-16T15:20:00","guid":{"rendered":"https:\/\/www.correiobraziliense.com.br\/aqui\/?p=17674"},"modified":"2025-12-16T11:23:51","modified_gmt":"2025-12-16T14:23:51","slug":"pf-reforca-investigacao-sobre-desvio-de-emendas-parlamentares-na-operacao-transparencia","status":"publish","type":"post","link":"https:\/\/www.correiobraziliense.com.br\/aqui\/2025\/12\/16\/pf-reforca-investigacao-sobre-desvio-de-emendas-parlamentares-na-operacao-transparencia\/","title":{"rendered":"PF apura desvios de verbas na Opera\u00e7\u00e3o Transpar\u00eancia"},"content":{"rendered":"\n<p>A atua\u00e7\u00e3o da<a href=\"https:\/\/www.correiobraziliense.com.br\/aqui\/2025\/10\/17\/policia-investiga-assalto-a-gracyanne-barbosa-na-barra-olimpica\/\"> Pol\u00edcia <\/a>Federal (PF) em casos de desvio de emendas parlamentares voltou ao centro do debate p\u00fablico com a deflagra\u00e7\u00e3o de novas fases da<strong> Opera\u00e7\u00e3o Transpar\u00eancia<\/strong>. Em meio \u00e0s investiga\u00e7\u00f5es sobre o chamado \u201cor\u00e7amento secreto\u201d, a corpora\u00e7\u00e3o tem refor\u00e7ado o discurso de que a apura\u00e7\u00e3o seguir\u00e1 crit\u00e9rios t\u00e9cnicos, sem considerar a proje\u00e7\u00e3o pol\u00edtica dos envolvidos. O tema coloca em evid\u00eancia, portanto, a rela\u00e7\u00e3o entre controle de gastos p\u00fablicos, transpar\u00eancia e o papel das institui\u00e7\u00f5es de fiscaliza\u00e7\u00e3o no pa\u00eds.<\/p>\n\n\n\n<p>Em declara\u00e7\u00e3o recente, o diretor-geral da PF, Andrei Rodrigues, destacou que a institui\u00e7\u00e3o pretende seguir todas as pistas relacionadas \u00e0s emendas parlamentares, especialmente aquelas classificadas como emendas de relator e instrumentos similares. Segundo ele, a prioridade \u00e9 identificar toda a cadeia de responsabilidade, desde servidores e intermedi\u00e1rios at\u00e9 eventuais agentes pol\u00edticos, sempre com foco em provas documentais e elementos concretos de participa\u00e7\u00e3o em esquemas de desvio de recursos. Ent\u00e3o, a PF busca demonstrar que n\u00e3o atua de forma seletiva, mas, sim, orientada por evid\u00eancias e pela rastreabilidade do dinheiro p\u00fablico.<\/p>\n\n\n\n<h2 class=\"wp-block-heading\">Opera\u00e7\u00e3o Transpar\u00eancia e o foco nas emendas parlamentares<\/h2>\n\n\n\n<p>A <strong>Opera\u00e7\u00e3o Transpar\u00eancia<\/strong> tem como principal alvo suspeitas de irregularidades no uso de verbas vinculadas ao chamado or\u00e7amento secreto, um mecanismo or\u00e7ament\u00e1rio associado \u00e0s emendas de relator, conhecidas pela sigla RP9, al\u00e9m de emendas de comiss\u00e3o e de bancada. Essas emendas ficaram marcadas pela dificuldade de rastrear o autor da indica\u00e7\u00e3o e o benefici\u00e1rio final dos valores, cen\u00e1rio que, segundo investigadores, pode favorecer pr\u00e1ticas de desvio e direcionamento indevido de contratos.<\/p>\n\n\n\n<p>De acordo com decis\u00f5es judiciais que autorizaram buscas e apreens\u00f5es, h\u00e1 ind\u00edcios de uma atua\u00e7\u00e3o estruturada para organizar e liberar recursos dessas emendas, com a participa\u00e7\u00e3o de servidores com tr\u00e2nsito no Legislativo e em gabinetes estrat\u00e9gicos. A investiga\u00e7\u00e3o busca mapear se houve combina\u00e7\u00e3o entre agentes p\u00fablicos, fornecedores e eventuais intermedi\u00e1rios para fraudar procedimentos, superfaturar contratos ou desviar parte dos repasses originalmente destinados a pol\u00edticas p\u00fablicas. Entretanto, as apura\u00e7\u00f5es tamb\u00e9m procuram diferenciar erros formais de esquemas deliberados de corrup\u00e7\u00e3o, para evitar generaliza\u00e7\u00f5es que prejudiquem pol\u00edticas leg\u00edtimas.<\/p>\n\n\n\n<h2 class=\"wp-block-heading\">Como a PF afirma conduzir as investiga\u00e7\u00f5es do or\u00e7amento secreto?<\/h2>\n\n\n\n<p>Em pronunciamentos p\u00fablicos, a <strong>Pol\u00edcia Federal<\/strong> enfatiza que a apura\u00e7\u00e3o sobre o or\u00e7amento secreto \u00e9 conduzida com base em crit\u00e9rios de legalidade, isen\u00e7\u00e3o e respeito ao devido processo. A corpora\u00e7\u00e3o afirma que n\u00e3o considera a \u201cestatura pol\u00edtica\u201d de poss\u00edveis envolvidos, concentrando-se em documentos, quebras de sigilo autorizadas pela Justi\u00e7a, depoimentos e cruzamento de dados or\u00e7ament\u00e1rios e banc\u00e1rios. Portanto, o foco recai sobre o fluxo financeiro e sobre a compatibilidade entre o que foi contratado e o que, de fato, chegou \u00e0 popula\u00e7\u00e3o.<\/p>\n\n\n\n<p>Segundo o diretor-geral, a estrat\u00e9gia inclui o acompanhamento de todas as etapas relacionadas ao caminho do dinheiro p\u00fablico, com foco em diferentes pontos de vulnerabilidade:<\/p>\n\n\n\n<ul class=\"wp-block-list\">\n<li><strong>Origem da emenda<\/strong>: identifica\u00e7\u00e3o do tipo de emenda utilizada (relator, comiss\u00e3o, bancada) e da \u00e1rea de atua\u00e7\u00e3o; ent\u00e3o, os investigadores conseguem entender se houve concentra\u00e7\u00e3o at\u00edpica de recursos em determinados setores ou regi\u00f5es;<\/li>\n\n\n\n<li><strong>Intermedia\u00e7\u00e3o<\/strong>: verifica\u00e7\u00e3o de poss\u00edveis articuladores respons\u00e1veis por direcionar recursos a munic\u00edpios, entidades ou empresas espec\u00edficas; em suma, essa fase procura revelar \u201coperadores\u201d que atuam nos bastidores das indica\u00e7\u00f5es;<\/li>\n\n\n\n<li><strong>Ponta final<\/strong>: an\u00e1lise da execu\u00e7\u00e3o dos contratos, entrega de bens e presta\u00e7\u00e3o de servi\u00e7os financiados com as verbas; portanto, a PF compara o que consta em notas fiscais, conv\u00eanios e relat\u00f3rios com o que existe, de fato, em campo;<\/li>\n\n\n\n<li><strong>Rela\u00e7\u00e3o com agentes pol\u00edticos<\/strong>: checagem de eventuais benef\u00edcios indiretos, como apoio eleitoral, influ\u00eancia regional ou vantagens financeiras; entretanto, a simples proximidade pol\u00edtica, por si s\u00f3, n\u00e3o basta para caracterizar crime, sendo necess\u00e1rio demonstrar v\u00ednculo com atos concretos.<\/li>\n<\/ul>\n\n\n\n<p>A PF tamb\u00e9m ressalta a necessidade de evitar a \u201cfulaniza\u00e7\u00e3o\u201d das investiga\u00e7\u00f5es, buscando manter o foco no mecanismo de desvio e n\u00e3o apenas em nomes espec\u00edficos, embora pessoas f\u00edsicas e jur\u00eddicas possam ser responsabilizadas individualmente. Em suma, a ideia \u00e9 atacar a l\u00f3gica do esquema, para que pr\u00e1ticas semelhantes se tornem mais dif\u00edceis no futuro, e n\u00e3o apenas punir casos isolados.<\/p>\n\n\n\n<h2 class=\"wp-block-heading\">Qual \u00e9 o papel do Supremo e de outros \u00f3rg\u00e3os no controle das emendas?<\/h2>\n\n\n\n<p>As apura\u00e7\u00f5es relacionadas ao <strong>or\u00e7amento secreto<\/strong> n\u00e3o se limitam \u00e0 atua\u00e7\u00e3o policial. O Supremo Tribunal Federal (STF) tem papel central ao autorizar medidas como buscas, quebras de sigilo e compartilhamento de provas, especialmente quando h\u00e1 suspeita de envolvimento de parlamentares com foro por prerrogativa de fun\u00e7\u00e3o. Cada inqu\u00e9rito pode tramitar em gabinetes diferentes, o que fragmenta a an\u00e1lise, mas permite que ministros atuem conforme a distribui\u00e7\u00e3o regimental. Ent\u00e3o, o controle judicial funciona como filtro de legalidade sobre as a\u00e7\u00f5es de investiga\u00e7\u00e3o mais invasivas.<\/p>\n\n\n\n<p>Paralelamente, \u00f3rg\u00e3os de controle administrativo e financeiro complementam esse trabalho:<\/p>\n\n\n\n<ol class=\"wp-block-list\">\n<li><strong>Controladoria-Geral da Uni\u00e3o (CGU)<\/strong>: faz auditorias, revisa processos de libera\u00e7\u00e3o de recursos e aponta irregularidades em conv\u00eanios e contratos; portanto, contribui com relat\u00f3rios t\u00e9cnicos que podem embasar investiga\u00e7\u00f5es criminais e a\u00e7\u00f5es de improbidade;<\/li>\n\n\n\n<li><strong>Tribunal de Contas da Uni\u00e3o (TCU)<\/strong>: avalia a legalidade e legitimidade dos gastos, podendo determinar bloqueios, devolu\u00e7\u00e3o de valores e responsabiliza\u00e7\u00e3o de gestores; em suma, o TCU atua como um guardi\u00e3o da boa aplica\u00e7\u00e3o do or\u00e7amento;<\/li>\n\n\n\n<li><strong>Minist\u00e9rio P\u00fablico<\/strong>: atua na propositura de a\u00e7\u00f5es penais e de improbidade, al\u00e9m de acompanhar inqu\u00e9ritos e fiscalizar a correta aplica\u00e7\u00e3o das leis; ent\u00e3o, promotores e procuradores utilizam as provas compartilhadas para buscar condena\u00e7\u00f5es e repara\u00e7\u00e3o de danos;<\/li>\n\n\n\n<li><strong>\u00d3rg\u00e3os locais de controle<\/strong>: tribunais de contas estaduais e municipais e controladorias locais verificam a execu\u00e7\u00e3o das verbas nos destinos finais; entretanto, a qualidade da fiscaliza\u00e7\u00e3o ainda varia bastante entre estados e munic\u00edpios.<\/li>\n<\/ol>\n\n\n\n<p>Essa atua\u00e7\u00e3o conjunta tende a formar um mosaico de informa\u00e7\u00f5es, que pode fortalecer ou enfraquecer suspeitas, dependendo da consist\u00eancia dos dados colhidos ao longo das apura\u00e7\u00f5es. Portanto, quanto maior a integra\u00e7\u00e3o entre bancos de dados e sistemas de controle, maior a chance de se identificar padr\u00f5es de risco, como empresas \u201cde fachada\u201d recorrentes ou licita\u00e7\u00f5es concentradas em poucos grupos.<\/p>\n\n\n\n<h2 class=\"wp-block-heading\">FAQ \u2013 Perguntas adicionais sobre or\u00e7amento secreto e emendas parlamentares<\/h2>\n\n\n\n<p><strong>1. Qual a diferen\u00e7a entre emenda de relator (RP9) e emenda individual?<\/strong><br>\nA emenda individual tem autoria clara de um parlamentar, com valor definido para cada um e regras mais objetivas de destina\u00e7\u00e3o. J\u00e1 a emenda de relator (RP9) concentra a indica\u00e7\u00e3o nas m\u00e3os do relator do or\u00e7amento, o que permite maior flexibilidade, mas, portanto, dificulta saber quem pediu o recurso e para qual finalidade espec\u00edfica. Em suma, a cr\u00edtica principal \u00e0 RP9 est\u00e1 na baixa transpar\u00eancia sobre autoria e crit\u00e9rios.<\/p>\n\n\n\n<p><strong>2. O cidad\u00e3o comum consegue acompanhar para onde v\u00e3o as emendas?<\/strong><br>\nSim, em parte. Portais oficiais, como o Portal da Transpar\u00eancia e o painel de emendas do Congresso, disponibilizam dados sobre autor, valor, munic\u00edpio beneficiado e tipo de gasto. Entretanto, nem sempre as informa\u00e7\u00f5es aparecem de forma amig\u00e1vel, o que exige certo conhecimento t\u00e9cnico para navegar. Ent\u00e3o, organiza\u00e7\u00f5es da sociedade civil e ve\u00edculos de imprensa costumam traduzir esses dados em relat\u00f3rios mais acess\u00edveis.<\/p>\n\n\n\n<p><strong>3. Quais s\u00e3o os principais sinais de risco em obras financiadas por emendas?<\/strong><br>\nEntre os sinais de alerta mais comuns est\u00e3o: repeti\u00e7\u00e3o de uma mesma empresa em muitas licita\u00e7\u00f5es de munic\u00edpios diferentes; obras paralisadas ou inacabadas mesmo ap\u00f3s grande volume de repasses; compras com pre\u00e7os bem acima da m\u00e9dia de mercado; e concentra\u00e7\u00e3o de recursos em \u00e1reas com baixo impacto social. Portanto, quando o cidad\u00e3o identifica esses ind\u00edcios, pode acionar o Minist\u00e9rio P\u00fablico, tribunais de contas ou ouvidorias oficiais.<\/p>\n\n\n\n<p><strong>4. As investiga\u00e7\u00f5es podem levar \u00e0 suspens\u00e3o de todas as emendas?<\/strong><br>\nN\u00e3o necessariamente. Em geral, as investiga\u00e7\u00f5es buscam identificar pessoas e contratos espec\u00edficos envolvidos em fraudes. Em suma, o objetivo \u00e9 corrigir distor\u00e7\u00f5es e punir respons\u00e1veis, e n\u00e3o extinguir o instrumento de emendas. Entretanto, decis\u00f5es judiciais pontuais podem suspender temporariamente a execu\u00e7\u00e3o de determinados programas ou tipos de emenda, caso haja risco concreto de continuidade do dano ao er\u00e1rio.<\/p>\n\n\n\n<p><strong>5. Como a tecnologia pode ajudar a prevenir o desvio de recursos?<\/strong><br>\nFerramentas de an\u00e1lise de dados, intelig\u00eancia artificial e cruzamento automatizado de informa\u00e7\u00f5es permitem detectar padr\u00f5es suspeitos, como empresas ligadas entre si, favorecimento recorrente em licita\u00e7\u00f5es e triangula\u00e7\u00e3o de repasses. Portanto, quando \u00f3rg\u00e3os de controle compartilham bases de dados e adotam sistemas integrados, a chance de um esquema passar despercebido diminui. Em suma, tecnologia n\u00e3o substitui a a\u00e7\u00e3o humana, mas amplia muito a capacidade de fiscaliza\u00e7\u00e3o.<\/p>\n","protected":false},"excerpt":{"rendered":"<p>PF promete rigor em desvios de emendas parlamentares no or\u00e7amento secreto, investigando todos os elos sem considerar estatura pol\u00edtica.<\/p>\n","protected":false},"author":10,"featured_media":17675,"comment_status":"open","ping_status":"open","sticky":false,"template":"","format":"standard","meta":{"jnews-multi-image_gallery":[],"jnews_single_post":{"format":"standard"},"jnews_primary_category":[],"jnews_social_meta":[],"jnews_override_counter":[],"footnotes":""},"categories":[154],"tags":[157,3365,6126,2854],"class_list":["post-17674","post","type-post","status-publish","format-standard","has-post-thumbnail","hentry","category-brasil","tag-brasil","tag-operacao","tag-pf","tag-policia"],"yoast_head":"<!-- This site is optimized with the Yoast SEO plugin v25.1 - https:\/\/yoast.com\/wordpress\/plugins\/seo\/ -->\n<title>PF apura desvios de verbas na Opera\u00e7\u00e3o Transpar\u00eancia - Correio Braziliense - Aqui<\/title>\n<meta name=\"description\" content=\"PF promete rigor em desvios de emendas parlamentares no or\u00e7amento secreto investigados na Opera\u00e7\u00e3o Transpar\u00eancia.\" \/>\n<meta name=\"robots\" content=\"index, follow, max-snippet:-1, max-image-preview:large, max-video-preview:-1\" \/>\n<link rel=\"canonical\" href=\"https:\/\/www.correiobraziliense.com.br\/aqui\/2025\/12\/16\/pf-reforca-investigacao-sobre-desvio-de-emendas-parlamentares-na-operacao-transparencia\/\" \/>\n<meta property=\"og:locale\" content=\"pt_BR\" \/>\n<meta property=\"og:type\" content=\"article\" \/>\n<meta property=\"og:title\" content=\"PF apura desvios de verbas na Opera\u00e7\u00e3o Transpar\u00eancia - Correio Braziliense - Aqui\" \/>\n<meta property=\"og:description\" content=\"PF promete rigor em desvios de emendas parlamentares no or\u00e7amento secreto investigados na Opera\u00e7\u00e3o Transpar\u00eancia.\" \/>\n<meta property=\"og:url\" content=\"https:\/\/www.correiobraziliense.com.br\/aqui\/2025\/12\/16\/pf-reforca-investigacao-sobre-desvio-de-emendas-parlamentares-na-operacao-transparencia\/\" \/>\n<meta property=\"og:site_name\" content=\"Correio Braziliense - Aqui\" \/>\n<meta property=\"article:published_time\" content=\"2025-12-16T15:20:00+00:00\" \/>\n<meta property=\"og:image\" content=\"https:\/\/www.correiobraziliense.com.br\/aqui\/wp-content\/uploads\/2025\/12\/httpsneuralmyth.comstaticcache6abc6def-07da-4f20-b07f-61876d9fd0f1.jpeg\" \/>\n\t<meta property=\"og:image:width\" content=\"1280\" \/>\n\t<meta property=\"og:image:height\" content=\"720\" \/>\n\t<meta property=\"og:image:type\" content=\"image\/jpeg\" \/>\n<meta name=\"author\" content=\"Larissa\" \/>\n<meta name=\"twitter:card\" content=\"summary_large_image\" \/>\n<meta name=\"twitter:label1\" content=\"Escrito por\" \/>\n\t<meta name=\"twitter:data1\" content=\"Larissa\" \/>\n\t<meta name=\"twitter:label2\" content=\"Est. tempo de leitura\" \/>\n\t<meta name=\"twitter:data2\" content=\"8 minutos\" \/>\n<!-- \/ Yoast SEO plugin. -->","yoast_head_json":{"title":"PF apura desvios de verbas na Opera\u00e7\u00e3o Transpar\u00eancia - Correio Braziliense - Aqui","description":"PF promete rigor em desvios de emendas parlamentares no or\u00e7amento secreto investigados na Opera\u00e7\u00e3o Transpar\u00eancia.","robots":{"index":"index","follow":"follow","max-snippet":"max-snippet:-1","max-image-preview":"max-image-preview:large","max-video-preview":"max-video-preview:-1"},"canonical":"https:\/\/www.correiobraziliense.com.br\/aqui\/2025\/12\/16\/pf-reforca-investigacao-sobre-desvio-de-emendas-parlamentares-na-operacao-transparencia\/","og_locale":"pt_BR","og_type":"article","og_title":"PF apura desvios de verbas na Opera\u00e7\u00e3o Transpar\u00eancia - Correio Braziliense - Aqui","og_description":"PF promete rigor em desvios de emendas parlamentares no or\u00e7amento secreto investigados na Opera\u00e7\u00e3o Transpar\u00eancia.","og_url":"https:\/\/www.correiobraziliense.com.br\/aqui\/2025\/12\/16\/pf-reforca-investigacao-sobre-desvio-de-emendas-parlamentares-na-operacao-transparencia\/","og_site_name":"Correio Braziliense - Aqui","article_published_time":"2025-12-16T15:20:00+00:00","og_image":[{"width":1280,"height":720,"url":"https:\/\/www.correiobraziliense.com.br\/aqui\/wp-content\/uploads\/2025\/12\/httpsneuralmyth.comstaticcache6abc6def-07da-4f20-b07f-61876d9fd0f1.jpeg","type":"image\/jpeg"}],"author":"Larissa","twitter_card":"summary_large_image","twitter_misc":{"Escrito por":"Larissa","Est. tempo de leitura":"8 minutos"},"schema":{"@context":"https:\/\/schema.org","@graph":[{"@type":"WebPage","@id":"https:\/\/www.correiobraziliense.com.br\/aqui\/2025\/12\/16\/pf-reforca-investigacao-sobre-desvio-de-emendas-parlamentares-na-operacao-transparencia\/","url":"https:\/\/www.correiobraziliense.com.br\/aqui\/2025\/12\/16\/pf-reforca-investigacao-sobre-desvio-de-emendas-parlamentares-na-operacao-transparencia\/","name":"PF apura desvios de verbas na Opera\u00e7\u00e3o Transpar\u00eancia - Correio Braziliense - Aqui","isPartOf":{"@id":"https:\/\/www.correiobraziliense.com.br\/aqui\/#website"},"primaryImageOfPage":{"@id":"https:\/\/www.correiobraziliense.com.br\/aqui\/2025\/12\/16\/pf-reforca-investigacao-sobre-desvio-de-emendas-parlamentares-na-operacao-transparencia\/#primaryimage"},"image":{"@id":"https:\/\/www.correiobraziliense.com.br\/aqui\/2025\/12\/16\/pf-reforca-investigacao-sobre-desvio-de-emendas-parlamentares-na-operacao-transparencia\/#primaryimage"},"thumbnailUrl":"https:\/\/www.correiobraziliense.com.br\/aqui\/wp-content\/uploads\/2025\/12\/httpsneuralmyth.comstaticcache6abc6def-07da-4f20-b07f-61876d9fd0f1.jpeg","datePublished":"2025-12-16T15:20:00+00:00","author":{"@id":"https:\/\/www.correiobraziliense.com.br\/aqui\/#\/schema\/person\/775f50a8c1ac31704d56816e99b29041"},"description":"PF promete rigor em desvios de emendas parlamentares no or\u00e7amento secreto investigados na Opera\u00e7\u00e3o Transpar\u00eancia.","breadcrumb":{"@id":"https:\/\/www.correiobraziliense.com.br\/aqui\/2025\/12\/16\/pf-reforca-investigacao-sobre-desvio-de-emendas-parlamentares-na-operacao-transparencia\/#breadcrumb"},"inLanguage":"pt-BR","potentialAction":[{"@type":"ReadAction","target":["https:\/\/www.correiobraziliense.com.br\/aqui\/2025\/12\/16\/pf-reforca-investigacao-sobre-desvio-de-emendas-parlamentares-na-operacao-transparencia\/"]}]},{"@type":"ImageObject","inLanguage":"pt-BR","@id":"https:\/\/www.correiobraziliense.com.br\/aqui\/2025\/12\/16\/pf-reforca-investigacao-sobre-desvio-de-emendas-parlamentares-na-operacao-transparencia\/#primaryimage","url":"https:\/\/www.correiobraziliense.com.br\/aqui\/wp-content\/uploads\/2025\/12\/httpsneuralmyth.comstaticcache6abc6def-07da-4f20-b07f-61876d9fd0f1.jpeg","contentUrl":"https:\/\/www.correiobraziliense.com.br\/aqui\/wp-content\/uploads\/2025\/12\/httpsneuralmyth.comstaticcache6abc6def-07da-4f20-b07f-61876d9fd0f1.jpeg","width":1280,"height":720,"caption":"Cr\u00e9ditos: depositphotos.com \/ celsopupo"},{"@type":"BreadcrumbList","@id":"https:\/\/www.correiobraziliense.com.br\/aqui\/2025\/12\/16\/pf-reforca-investigacao-sobre-desvio-de-emendas-parlamentares-na-operacao-transparencia\/#breadcrumb","itemListElement":[{"@type":"ListItem","position":1,"name":"In\u00edcio","item":"https:\/\/www.correiobraziliense.com.br\/aqui\/"},{"@type":"ListItem","position":2,"name":"PF apura desvios de verbas na Opera\u00e7\u00e3o Transpar\u00eancia"}]},{"@type":"WebSite","@id":"https:\/\/www.correiobraziliense.com.br\/aqui\/#website","url":"https:\/\/www.correiobraziliense.com.br\/aqui\/","name":"Correio Braziliense - Aqui","description":"O Correio Braziliense (CB) \u00e9 o mais importante canal de not\u00edcias de Bras\u00edlia. Aqui voc\u00ea encontra as \u00faltimas not\u00edcias do DF, do Brasil e do mundo.","potentialAction":[{"@type":"SearchAction","target":{"@type":"EntryPoint","urlTemplate":"https:\/\/www.correiobraziliense.com.br\/aqui\/?s={search_term_string}"},"query-input":{"@type":"PropertyValueSpecification","valueRequired":true,"valueName":"search_term_string"}}],"inLanguage":"pt-BR"},{"@type":"Person","@id":"https:\/\/www.correiobraziliense.com.br\/aqui\/#\/schema\/person\/775f50a8c1ac31704d56816e99b29041","name":"Larissa","image":{"@type":"ImageObject","inLanguage":"pt-BR","@id":"https:\/\/www.correiobraziliense.com.br\/aqui\/#\/schema\/person\/image\/","url":"https:\/\/secure.gravatar.com\/avatar\/62f5b2e99de671d075ab98e19f03c3c38c80a93f5d06f51075cf4431a4e76458?s=96&d=mm&r=g","contentUrl":"https:\/\/secure.gravatar.com\/avatar\/62f5b2e99de671d075ab98e19f03c3c38c80a93f5d06f51075cf4431a4e76458?s=96&d=mm&r=g","caption":"Larissa"},"url":"https:\/\/www.correiobraziliense.com.br\/aqui\/author\/larissaaqui\/"}]}},"_links":{"self":[{"href":"https:\/\/www.correiobraziliense.com.br\/aqui\/wp-json\/wp\/v2\/posts\/17674","targetHints":{"allow":["GET"]}}],"collection":[{"href":"https:\/\/www.correiobraziliense.com.br\/aqui\/wp-json\/wp\/v2\/posts"}],"about":[{"href":"https:\/\/www.correiobraziliense.com.br\/aqui\/wp-json\/wp\/v2\/types\/post"}],"author":[{"embeddable":true,"href":"https:\/\/www.correiobraziliense.com.br\/aqui\/wp-json\/wp\/v2\/users\/10"}],"replies":[{"embeddable":true,"href":"https:\/\/www.correiobraziliense.com.br\/aqui\/wp-json\/wp\/v2\/comments?post=17674"}],"version-history":[{"count":7,"href":"https:\/\/www.correiobraziliense.com.br\/aqui\/wp-json\/wp\/v2\/posts\/17674\/revisions"}],"predecessor-version":[{"id":17683,"href":"https:\/\/www.correiobraziliense.com.br\/aqui\/wp-json\/wp\/v2\/posts\/17674\/revisions\/17683"}],"wp:featuredmedia":[{"embeddable":true,"href":"https:\/\/www.correiobraziliense.com.br\/aqui\/wp-json\/wp\/v2\/media\/17675"}],"wp:attachment":[{"href":"https:\/\/www.correiobraziliense.com.br\/aqui\/wp-json\/wp\/v2\/media?parent=17674"}],"wp:term":[{"taxonomy":"category","embeddable":true,"href":"https:\/\/www.correiobraziliense.com.br\/aqui\/wp-json\/wp\/v2\/categories?post=17674"},{"taxonomy":"post_tag","embeddable":true,"href":"https:\/\/www.correiobraziliense.com.br\/aqui\/wp-json\/wp\/v2\/tags?post=17674"}],"curies":[{"name":"wp","href":"https:\/\/api.w.org\/{rel}","templated":true}]}}