{"id":19656,"date":"2026-01-17T10:00:00","date_gmt":"2026-01-17T13:00:00","guid":{"rendered":"https:\/\/www.correiobraziliense.com.br\/aqui\/?p=19656"},"modified":"2026-01-15T11:20:00","modified_gmt":"2026-01-15T14:20:00","slug":"saiba-como-manter-os-cachorros-hidratados-durante-o-calor-intenso","status":"publish","type":"post","link":"https:\/\/www.correiobraziliense.com.br\/aqui\/2026\/01\/17\/saiba-como-manter-os-cachorros-hidratados-durante-o-calor-intenso\/","title":{"rendered":"Saiba como manter os cachorros hidratados durante o calor intenso"},"content":{"rendered":"\n<p>Este guia objetivo destaca a import\u00e2ncia de manter a<a href=\"https:\/\/www.correiobraziliense.com.br\/aqui\/2025\/12\/09\/por-que-o-focinho-dos-cachorros-esta-sempre-umido\/\"> sa\u00fade dos <strong>cachorros<\/strong><\/a> durante as altas temperaturas. No ver\u00e3o, a hidrata\u00e7\u00e3o dos c\u00e3es torna-se o ponto central do cuidado di\u00e1rio, j\u00e1 que o risco de superaquecimento e desidrata\u00e7\u00e3o cresce rapidamente, especialmente para cachorros idosos, filhotes ou braquicef\u00e1licos.<\/p>\n\n\n\n<h3 class=\"wp-block-heading\">Hidrata\u00e7\u00e3o de cachorros no ver\u00e3o: por que \u00e9 t\u00e3o importante?<\/h3>\n\n\n\n<p>A \u00e1gua regula a temperatura, a digest\u00e3o e a circula\u00e7\u00e3o sangu\u00ednea dos cachorros. Em dias quentes, o organismo consome l\u00edquidos mais rapidamente; sem a reposi\u00e7\u00e3o adequada, o volume sangu\u00edneo diminui, prejudicando o transporte de oxig\u00eanio. A falta de \u00e1gua pode levar os c\u00e3es a quadros graves de hipertermia e fal\u00eancia renal.<\/p>\n\n\n\n<h3 class=\"wp-block-heading\">Quais s\u00e3o os principais sinais de desidrata\u00e7\u00e3o em cachorros?<\/h3>\n\n\n\n<p>Tutores devem observar o comportamento dos <strong>cachorros<\/strong> diariamente. Os sinais de alerta incluem:<\/p>\n\n\n\n<ul class=\"wp-block-list\">\n<li><strong>Letargia:<\/strong> cachorros que ficam excessivamente quietos ou sem disposi\u00e7\u00e3o.<\/li>\n\n\n\n<li><strong>Mucosas secas:<\/strong> gengivas p\u00e1lidas ou pegajosas<\/li>\n\n\n\n<li><strong>Perda de elasticidade cut\u00e2nea:<\/strong> a pele da nuca dos <strong>cachorros<\/strong> demora a voltar ao normal ap\u00f3s um leve pux\u00e3o.<\/li>\n\n\n\n<li><strong>Ofeg\u00e2ncia intensa:<\/strong> respira\u00e7\u00e3o acelerada mesmo em repouso.<\/li>\n\n\n\n<li><strong>Recusa de \u00e1gua:<\/strong> Quando os <strong>cachorros<\/strong> param de beber l\u00edquido, o quadro pode ser cr\u00edtico.<\/li>\n<\/ul>\n\n\n\n<h3 class=\"wp-block-heading\">Como hidratar melhor o cachorro no ver\u00e3o?<\/h3>\n\n\n\n<p>Para estimular o consumo de \u00e1gua pelos <strong>cachorros<\/strong>, adote as seguintes estrat\u00e9gias:<\/p>\n\n\n\n<ul class=\"wp-block-list\">\n<li><strong>Mais pontos de \u00e1gua<\/strong>: espalhar recipientes em diferentes c\u00f4modos e no quintal, sempre em locais sombreados; assim, o c\u00e3o encontra \u00e1gua com facilidade, mesmo se mudar de ambiente ao longo do dia;<\/li>\n<\/ul>\n\n\n\n<ul class=\"wp-block-list\">\n<li><strong>\u00c1gua fresca e limpa<\/strong>: renovar o conte\u00fado diversas vezes ao dia, lavando os potes para evitar sujeira e odores; em suma, \u00e1gua limpa estimula o consumo e reduz riscos de contamina\u00e7\u00e3o;<\/li>\n<\/ul>\n\n\n\n<ul class=\"wp-block-list\">\n<li><strong>Uso de fontes<\/strong>: bebedouros com circula\u00e7\u00e3o de \u00e1gua podem estimular o animal a beber mais, j\u00e1 que muitos c\u00e3es preferem \u00e1gua corrente, mais fresca e oxigenada;<\/li>\n<\/ul>\n\n\n\n<ul class=\"wp-block-list\">\n<li><strong>Alimenta\u00e7\u00e3o \u00famida<\/strong>: incluir sach\u00eas ou alimentos com maior teor de \u00e1gua, de forma orientada por um veterin\u00e1rio, pode ajudar bastante, sobretudo em c\u00e3es que bebem pouco;<\/li>\n<\/ul>\n\n\n\n<ul class=\"wp-block-list\">\n<li><strong>Petiscos gelados<\/strong>: oferecer sorvetes naturais espec\u00edficos para pets ou petiscos congelados adequados, sempre sem a\u00e7\u00facar e sem ingredientes t\u00f3xicos, funciona como um refor\u00e7o extra \u00e0 hidrata\u00e7\u00e3o e ao conforto t\u00e9rmico no ver\u00e3o. <\/li>\n<\/ul>\n\n\n\n<h3 class=\"wp-block-heading\">Quais cuidados di\u00e1rios ajudam a evitar a desidrata\u00e7\u00e3o?<\/h3>\n\n\n\n<ol start=\"1\" class=\"wp-block-list\">\n<li><strong>Hor\u00e1rios de passeio:<\/strong> Leve-os para a rua apenas antes das 10h ou ap\u00f3s as 16h.<\/li>\n\n\n\n<li><strong>Teste do ch\u00e3o:<\/strong> Verifique a temperatura do asfalto para n\u00e3o queimar as patas.<\/li>\n\n\n\n<li><strong>Ambiente ventilado:<\/strong> Garanta que o bichinho tenha acesso a sombra e locais arejados.<\/li>\n\n\n\n<li><strong>Aten\u00e7\u00e3o rigorosa:<\/strong> Nunca dos deixe dentro de carros, mesmo com vidros frestados.<\/li>\n\n\n\n<li><strong>Monitoramento:<\/strong> Qualquer mudan\u00e7a no apetite ou energia deve ser avaliada por um veterin\u00e1rio.<\/li>\n<\/ol>\n\n\n\n<h2 class=\"wp-block-heading\">FAQ \u2013 Perguntas adicionais sobre hidrata\u00e7\u00e3o de c\u00e3es no ver\u00e3o<\/h2>\n\n\n\n<p><strong>1. Como saber se meu c\u00e3o est\u00e1 bebendo \u00e1gua suficiente por dia?<\/strong><br>Em m\u00e9dia, um c\u00e3o saud\u00e1vel consome de 40 a 60 ml de \u00e1gua por quilo de peso por dia, embora o valor varie com o calor e o n\u00edvel de atividade. Portanto, observe o volume no bebedouro ao longo do dia, monitore quantas vezes ele bebe e, ent\u00e3o, converse com o veterin\u00e1rio se notar aumento s\u00fabito ou queda importante no consumo.<\/p>\n\n\n\n<p><strong>2. Posso oferecer \u00e1gua de coco para ajudar na hidrata\u00e7\u00e3o?<\/strong><br>\u00c1gua de coco natural, em pequenas quantidades ocasionais, costuma ser segura para muitos c\u00e3es, por\u00e9m n\u00e3o deve substituir a \u00e1gua. Em suma, ofere\u00e7a apenas como um agrado espor\u00e1dico, sem a\u00e7\u00facar, sem conservantes e sempre com autoriza\u00e7\u00e3o do veterin\u00e1rio, especialmente se o animal tiver problemas renais, card\u00edacos ou estiver em dieta controlada.<\/p>\n\n\n\n<p><strong>3. Gelo na \u00e1gua faz mal para o cachorro no ver\u00e3o?<\/strong><br>Cubos de gelo na \u00e1gua, em geral, n\u00e3o fazem mal para c\u00e3es saud\u00e1veis; pelo contr\u00e1rio, podem tornar a \u00e1gua mais atrativa nos dias muito quentes. Entretanto, evite excesso de gelo de uma s\u00f3 vez em c\u00e3es muito sens\u00edveis ou com hist\u00f3rico de problemas gastrointestinais e, portanto, introduza esse recurso de forma gradual, sempre observando como o pet reage.<\/p>\n\n\n\n<p><strong>4. C\u00e3es de pelo longo precisam de cuidados extras com hidrata\u00e7\u00e3o?<\/strong><br>Sim. C\u00e3es de pelo longo ou denso mant\u00eam mais calor pr\u00f3ximo ao corpo e, portanto, podem sofrer mais com as altas temperaturas. Ent\u00e3o, al\u00e9m de garantir \u00e1gua fresca e ambiente ventilado, vale conversar com o veterin\u00e1rio e com o groomer sobre tosas adequadas, escova\u00e7\u00e3o frequente para remover subpelo e, em suma, estrat\u00e9gias que facilitem a troca de calor sem comprometer a prote\u00e7\u00e3o natural da pele.<\/p>\n\n\n\n<p><strong>5. Suplementos e repositores eletrol\u00edticos para humanos servem para c\u00e3es?<\/strong><br>N\u00e3o. Suplementos pensados para humanos costumam ter concentra\u00e7\u00f5es inadequadas de s\u00f3dio, a\u00e7\u00facar e outros componentes para c\u00e3es. Portanto, n\u00e3o utilize produtos humanos para tentar hidratar ou \u201crepor sais\u201d no seu pet. Em casos de suspeita de desidrata\u00e7\u00e3o, ent\u00e3o, o caminho correto envolve avalia\u00e7\u00e3o veterin\u00e1ria e, se necess\u00e1rio, uso de solu\u00e7\u00f5es espec\u00edficas e seguras para animais.<\/p>\n","protected":false},"excerpt":{"rendered":"<p>Hidrata\u00e7\u00e3o de cachorros no ver\u00e3o: aprenda a prevenir a desidrata\u00e7\u00e3o com \u00e1gua fresca, sorvetes naturais e hor\u00e1rios seguros de passeio. <\/p>\n","protected":false},"author":10,"featured_media":19657,"comment_status":"open","ping_status":"open","sticky":false,"template":"","format":"standard","meta":{"jnews-multi-image_gallery":[],"jnews_single_post":{"format":"standard"},"jnews_primary_category":[],"jnews_social_meta":[],"jnews_override_counter":[],"footnotes":""},"categories":[1764],"tags":[3217,2919,1454,2920],"class_list":["post-19656","post","type-post","status-publish","format-standard","has-post-thumbnail","hentry","category-animais","tag-cachorros","tag-calor","tag-hidratacao","tag-verao"],"yoast_head":"<!-- This site is optimized with the Yoast SEO plugin v25.1 - https:\/\/yoast.com\/wordpress\/plugins\/seo\/ -->\n<title>Saiba como manter os cachorros hidratados durante o calor intenso - Correio Braziliense - Aqui<\/title>\n<meta name=\"description\" content=\"Hidrata\u00e7\u00e3o de cachorros no ver\u00e3o: aprenda a prevenir a desidrata\u00e7\u00e3o com \u00e1gua fresca, sorvetes naturais e hor\u00e1rios seguros de passeio.\" \/>\n<meta name=\"robots\" content=\"index, follow, max-snippet:-1, max-image-preview:large, max-video-preview:-1\" \/>\n<link rel=\"canonical\" href=\"https:\/\/www.correiobraziliense.com.br\/aqui\/2026\/01\/17\/saiba-como-manter-os-cachorros-hidratados-durante-o-calor-intenso\/\" \/>\n<meta property=\"og:locale\" content=\"pt_BR\" \/>\n<meta property=\"og:type\" content=\"article\" \/>\n<meta property=\"og:title\" content=\"Saiba como manter os cachorros hidratados durante o calor intenso - Correio Braziliense - Aqui\" \/>\n<meta property=\"og:description\" content=\"Hidrata\u00e7\u00e3o de cachorros no ver\u00e3o: aprenda a prevenir a desidrata\u00e7\u00e3o com \u00e1gua fresca, sorvetes naturais e hor\u00e1rios seguros de passeio.\" \/>\n<meta property=\"og:url\" content=\"https:\/\/www.correiobraziliense.com.br\/aqui\/2026\/01\/17\/saiba-como-manter-os-cachorros-hidratados-durante-o-calor-intenso\/\" \/>\n<meta property=\"og:site_name\" content=\"Correio Braziliense - Aqui\" \/>\n<meta property=\"article:published_time\" content=\"2026-01-17T13:00:00+00:00\" \/>\n<meta property=\"og:image\" content=\"https:\/\/www.correiobraziliense.com.br\/aqui\/wp-content\/uploads\/2026\/01\/httpsneuralmyth.comstaticcache60106aa8-b190-4a94-a13f-bad118997c04.jpeg\" \/>\n\t<meta property=\"og:image:width\" content=\"1280\" \/>\n\t<meta property=\"og:image:height\" content=\"720\" \/>\n\t<meta property=\"og:image:type\" content=\"image\/jpeg\" \/>\n<meta name=\"author\" content=\"Larissa\" \/>\n<meta name=\"twitter:card\" content=\"summary_large_image\" \/>\n<meta name=\"twitter:label1\" content=\"Escrito por\" \/>\n\t<meta name=\"twitter:data1\" content=\"Larissa\" \/>\n\t<meta name=\"twitter:label2\" content=\"Est. tempo de leitura\" \/>\n\t<meta name=\"twitter:data2\" content=\"5 minutos\" \/>\n<!-- \/ Yoast SEO plugin. -->","yoast_head_json":{"title":"Saiba como manter os cachorros hidratados durante o calor intenso - Correio Braziliense - Aqui","description":"Hidrata\u00e7\u00e3o de cachorros no ver\u00e3o: aprenda a prevenir a desidrata\u00e7\u00e3o com \u00e1gua fresca, sorvetes naturais e hor\u00e1rios seguros de passeio.","robots":{"index":"index","follow":"follow","max-snippet":"max-snippet:-1","max-image-preview":"max-image-preview:large","max-video-preview":"max-video-preview:-1"},"canonical":"https:\/\/www.correiobraziliense.com.br\/aqui\/2026\/01\/17\/saiba-como-manter-os-cachorros-hidratados-durante-o-calor-intenso\/","og_locale":"pt_BR","og_type":"article","og_title":"Saiba como manter os cachorros hidratados durante o calor intenso - Correio Braziliense - Aqui","og_description":"Hidrata\u00e7\u00e3o de cachorros no ver\u00e3o: aprenda a prevenir a desidrata\u00e7\u00e3o com \u00e1gua fresca, sorvetes naturais e hor\u00e1rios seguros de passeio.","og_url":"https:\/\/www.correiobraziliense.com.br\/aqui\/2026\/01\/17\/saiba-como-manter-os-cachorros-hidratados-durante-o-calor-intenso\/","og_site_name":"Correio Braziliense - Aqui","article_published_time":"2026-01-17T13:00:00+00:00","og_image":[{"width":1280,"height":720,"url":"https:\/\/www.correiobraziliense.com.br\/aqui\/wp-content\/uploads\/2026\/01\/httpsneuralmyth.comstaticcache60106aa8-b190-4a94-a13f-bad118997c04.jpeg","type":"image\/jpeg"}],"author":"Larissa","twitter_card":"summary_large_image","twitter_misc":{"Escrito por":"Larissa","Est. tempo de leitura":"5 minutos"},"schema":{"@context":"https:\/\/schema.org","@graph":[{"@type":"WebPage","@id":"https:\/\/www.correiobraziliense.com.br\/aqui\/2026\/01\/17\/saiba-como-manter-os-cachorros-hidratados-durante-o-calor-intenso\/","url":"https:\/\/www.correiobraziliense.com.br\/aqui\/2026\/01\/17\/saiba-como-manter-os-cachorros-hidratados-durante-o-calor-intenso\/","name":"Saiba como manter os cachorros hidratados durante o calor intenso - Correio Braziliense - Aqui","isPartOf":{"@id":"https:\/\/www.correiobraziliense.com.br\/aqui\/#website"},"primaryImageOfPage":{"@id":"https:\/\/www.correiobraziliense.com.br\/aqui\/2026\/01\/17\/saiba-como-manter-os-cachorros-hidratados-durante-o-calor-intenso\/#primaryimage"},"image":{"@id":"https:\/\/www.correiobraziliense.com.br\/aqui\/2026\/01\/17\/saiba-como-manter-os-cachorros-hidratados-durante-o-calor-intenso\/#primaryimage"},"thumbnailUrl":"https:\/\/www.correiobraziliense.com.br\/aqui\/wp-content\/uploads\/2026\/01\/httpsneuralmyth.comstaticcache60106aa8-b190-4a94-a13f-bad118997c04.jpeg","datePublished":"2026-01-17T13:00:00+00:00","author":{"@id":"https:\/\/www.correiobraziliense.com.br\/aqui\/#\/schema\/person\/775f50a8c1ac31704d56816e99b29041"},"description":"Hidrata\u00e7\u00e3o de cachorros no ver\u00e3o: aprenda a prevenir a desidrata\u00e7\u00e3o com \u00e1gua fresca, sorvetes naturais e hor\u00e1rios seguros de passeio.","breadcrumb":{"@id":"https:\/\/www.correiobraziliense.com.br\/aqui\/2026\/01\/17\/saiba-como-manter-os-cachorros-hidratados-durante-o-calor-intenso\/#breadcrumb"},"inLanguage":"pt-BR","potentialAction":[{"@type":"ReadAction","target":["https:\/\/www.correiobraziliense.com.br\/aqui\/2026\/01\/17\/saiba-como-manter-os-cachorros-hidratados-durante-o-calor-intenso\/"]}]},{"@type":"ImageObject","inLanguage":"pt-BR","@id":"https:\/\/www.correiobraziliense.com.br\/aqui\/2026\/01\/17\/saiba-como-manter-os-cachorros-hidratados-durante-o-calor-intenso\/#primaryimage","url":"https:\/\/www.correiobraziliense.com.br\/aqui\/wp-content\/uploads\/2026\/01\/httpsneuralmyth.comstaticcache60106aa8-b190-4a94-a13f-bad118997c04.jpeg","contentUrl":"https:\/\/www.correiobraziliense.com.br\/aqui\/wp-content\/uploads\/2026\/01\/httpsneuralmyth.comstaticcache60106aa8-b190-4a94-a13f-bad118997c04.jpeg","width":1280,"height":720,"caption":"Cr\u00e9ditos: depositphotos.com \/ mdorottya"},{"@type":"BreadcrumbList","@id":"https:\/\/www.correiobraziliense.com.br\/aqui\/2026\/01\/17\/saiba-como-manter-os-cachorros-hidratados-durante-o-calor-intenso\/#breadcrumb","itemListElement":[{"@type":"ListItem","position":1,"name":"In\u00edcio","item":"https:\/\/www.correiobraziliense.com.br\/aqui\/"},{"@type":"ListItem","position":2,"name":"Saiba como manter os cachorros hidratados durante o calor intenso"}]},{"@type":"WebSite","@id":"https:\/\/www.correiobraziliense.com.br\/aqui\/#website","url":"https:\/\/www.correiobraziliense.com.br\/aqui\/","name":"Correio Braziliense - Aqui","description":"O Correio Braziliense (CB) \u00e9 o mais importante canal de not\u00edcias de Bras\u00edlia. Aqui voc\u00ea encontra as \u00faltimas not\u00edcias do DF, do Brasil e do mundo.","potentialAction":[{"@type":"SearchAction","target":{"@type":"EntryPoint","urlTemplate":"https:\/\/www.correiobraziliense.com.br\/aqui\/?s={search_term_string}"},"query-input":{"@type":"PropertyValueSpecification","valueRequired":true,"valueName":"search_term_string"}}],"inLanguage":"pt-BR"},{"@type":"Person","@id":"https:\/\/www.correiobraziliense.com.br\/aqui\/#\/schema\/person\/775f50a8c1ac31704d56816e99b29041","name":"Larissa","image":{"@type":"ImageObject","inLanguage":"pt-BR","@id":"https:\/\/www.correiobraziliense.com.br\/aqui\/#\/schema\/person\/image\/","url":"https:\/\/secure.gravatar.com\/avatar\/62f5b2e99de671d075ab98e19f03c3c38c80a93f5d06f51075cf4431a4e76458?s=96&d=mm&r=g","contentUrl":"https:\/\/secure.gravatar.com\/avatar\/62f5b2e99de671d075ab98e19f03c3c38c80a93f5d06f51075cf4431a4e76458?s=96&d=mm&r=g","caption":"Larissa"},"url":"https:\/\/www.correiobraziliense.com.br\/aqui\/author\/larissaaqui\/"}]}},"_links":{"self":[{"href":"https:\/\/www.correiobraziliense.com.br\/aqui\/wp-json\/wp\/v2\/posts\/19656","targetHints":{"allow":["GET"]}}],"collection":[{"href":"https:\/\/www.correiobraziliense.com.br\/aqui\/wp-json\/wp\/v2\/posts"}],"about":[{"href":"https:\/\/www.correiobraziliense.com.br\/aqui\/wp-json\/wp\/v2\/types\/post"}],"author":[{"embeddable":true,"href":"https:\/\/www.correiobraziliense.com.br\/aqui\/wp-json\/wp\/v2\/users\/10"}],"replies":[{"embeddable":true,"href":"https:\/\/www.correiobraziliense.com.br\/aqui\/wp-json\/wp\/v2\/comments?post=19656"}],"version-history":[{"count":12,"href":"https:\/\/www.correiobraziliense.com.br\/aqui\/wp-json\/wp\/v2\/posts\/19656\/revisions"}],"predecessor-version":[{"id":19669,"href":"https:\/\/www.correiobraziliense.com.br\/aqui\/wp-json\/wp\/v2\/posts\/19656\/revisions\/19669"}],"wp:featuredmedia":[{"embeddable":true,"href":"https:\/\/www.correiobraziliense.com.br\/aqui\/wp-json\/wp\/v2\/media\/19657"}],"wp:attachment":[{"href":"https:\/\/www.correiobraziliense.com.br\/aqui\/wp-json\/wp\/v2\/media?parent=19656"}],"wp:term":[{"taxonomy":"category","embeddable":true,"href":"https:\/\/www.correiobraziliense.com.br\/aqui\/wp-json\/wp\/v2\/categories?post=19656"},{"taxonomy":"post_tag","embeddable":true,"href":"https:\/\/www.correiobraziliense.com.br\/aqui\/wp-json\/wp\/v2\/tags?post=19656"}],"curies":[{"name":"wp","href":"https:\/\/api.w.org\/{rel}","templated":true}]}}