{"id":19795,"date":"2026-01-16T12:40:00","date_gmt":"2026-01-16T15:40:00","guid":{"rendered":"https:\/\/www.correiobraziliense.com.br\/aqui\/?p=19795"},"modified":"2026-01-16T11:00:26","modified_gmt":"2026-01-16T14:00:26","slug":"retencao-de-liquido-entenda-as-causas-e-como-tratar","status":"publish","type":"post","link":"https:\/\/www.correiobraziliense.com.br\/aqui\/2026\/01\/16\/retencao-de-liquido-entenda-as-causas-e-como-tratar\/","title":{"rendered":"Reten\u00e7\u00e3o de l\u00edquido: entenda as causas e como tratar"},"content":{"rendered":"\n<p>Durante o ver\u00e3o, muitas pessoas percebem um aumento no incha\u00e7o das pernas, tornozelos e p\u00e9s. Esse desconforto est\u00e1 diretamente ligado \u00e0 <strong>reten\u00e7\u00e3o de l\u00edquidos no calor<\/strong>, um fen\u00f4meno comum em per\u00edodos de altas temperaturas. O corpo, ao tentar manter a temperatura interna est\u00e1vel, faz ajustes na circula\u00e7\u00e3o e isso pode favorecer o ac\u00famulo de l\u00edquidos nos tecidos, especialmente nos membros inferiores.<\/p>\n\n\n\n<p>Essas mudan\u00e7as fazem parte de um mecanismo natural de defesa do organismo. Com o ambiente mais quente, o sistema cardiovascular precisa trabalhar de forma diferente para dissipar o calor. A partir da\u00ed, alguns sintomas passam a ser mais notados, como sensa\u00e7\u00e3o de peso nas pernas, marcas de meias na piel e cal\u00e7ados apertados ao final do dia. Em alguns casos, essa reten\u00e7\u00e3o h\u00eddrica se soma a problemas circulat\u00f3rios j\u00e1 existentes, exigindo mais aten\u00e7\u00e3o e, ent\u00e3o, um acompanhamento mais pr\u00f3ximo com profissionais de sa\u00fade.<\/p>\n\n\n\n<h2 class=\"wp-block-heading\">O que \u00e9 reten\u00e7\u00e3o de l\u00edquidos no calor e por que acontece?<\/h2>\n\n\n\n<p>A <strong>reten\u00e7\u00e3o de l\u00edquido<\/strong> se caracteriza pelo ac\u00famulo de \u00e1gua entre as c\u00e9lulas, o que leva ao incha\u00e7o, principalmente em \u00e1reas sujeitas \u00e0 gravidade, como pernas e p\u00e9s. Em <a href=\"https:\/\/www.correiobraziliense.com.br\/aqui\/2026\/01\/15\/e-possivel-secar-ate-o-carnaval-dicas-que-ajudam-na-dieta\/\">dias quentes<\/a>, os vasos sangu\u00edneos se dilatam para permitir que mais sangue circule pr\u00f3ximo \u00e0 pele, facilitando a perda de calor para o ambiente. Esse processo, conhecido como vasodilata\u00e7\u00e3o, torna o retorno do sangue ao cora\u00e7\u00e3o um pouco mais lento, favorecendo o extravasamento de fluidos para os tecidos.<\/p>\n\n\n\n<p>Al\u00e9m disso, o calor estimula a transpira\u00e7\u00e3o. Com o suor, h\u00e1 perda de \u00e1gua e eletr\u00f3litos importantes, como s\u00f3dio e pot\u00e1ssio. Para evitar uma queda brusca do volume de l\u00edquidos no organismo, entram em a\u00e7\u00e3o horm\u00f4nios que estimulam a reten\u00e7\u00e3o de s\u00f3dio e \u00e1gua pelos rins. Essa combina\u00e7\u00e3o de vasodilata\u00e7\u00e3o e mecanismos hormonais de compensa\u00e7\u00e3o cria um cen\u00e1rio prop\u00edcio para a forma\u00e7\u00e3o de edemas, principalmente em quem permanece muito tempo em p\u00e9 ou sentado. Entretanto, quando a pessoa se hidrata de forma adequada, movimenta o corpo ao longo do dia e cuida da alimenta\u00e7\u00e3o, esse processo tende a ficar mais equilibrado. Em suma, o organismo tenta se adaptar ao calor, mas os h\u00e1bitos di\u00e1rios podem aliviar ou intensificar esse incha\u00e7o.<\/p>\n\n\n\n<h2 class=\"wp-block-heading\">Reten\u00e7\u00e3o de l\u00edquidos no calor: quem sente mais e quais sinais observar?<\/h2>\n\n\n\n<p>A tend\u00eancia ao incha\u00e7o nas altas temperaturas n\u00e3o \u00e9 igual para todas as pessoas. Indiv\u00edduos com <strong>insufici\u00eancia venosa<\/strong>, presen\u00e7a de varizes, hist\u00f3rico de trombose, hipertens\u00e3o ou diabetes costumam perceber o edema de forma mais intensa. Nesses casos, o sistema circulat\u00f3rio j\u00e1 apresenta algum grau de comprometimento e, somado ao efeito do calor, o retorno venoso fica ainda mais prejudicado. Portanto, pessoas com essas condi\u00e7\u00f5es precisam redobrar os cuidados nos dias mais quentes, especialmente se passam muitas horas em p\u00e9 ou sentadas.<\/p>\n\n\n\n<p>Alguns sinais merecem aten\u00e7\u00e3o especial:<\/p>\n\n\n\n<ul class=\"wp-block-list\">\n<li>Incha\u00e7o frequente em pernas, tornozelos e p\u00e9s ao final do dia;<\/li>\n\n\n\n<li>Sensa\u00e7\u00e3o de peso, cansa\u00e7o ou queima\u00e7\u00e3o nas pernas;<\/li>\n\n\n\n<li>Marcas profundas de meias ou cal\u00e7ados na pele;<\/li>\n\n\n\n<li>Endurecimento ou dor localizada em algum ponto do membro;<\/li>\n\n\n\n<li>Aumento s\u00fabito de edema em apenas uma perna.<\/li>\n<\/ul>\n\n\n\n<p>Quando o incha\u00e7o se torna recorrente, vem acompanhado de dor ou est\u00e1 associado a doen\u00e7as circulat\u00f3rias conhecidas, a avalia\u00e7\u00e3o com profissional de sa\u00fade \u00e9 indicada para afastar outras causas e orientar a melhor conduta. Ent\u00e3o, em vez de apenas conviver com o inc\u00f4modo no ver\u00e3o, a pessoa pode investigar se existe alguma doen\u00e7a de base que precisa de tratamento. Al\u00e9m disso, sinais assim\u00e9tricos, como uma perna muito mais inchada que a outra, demandam aten\u00e7\u00e3o imediata, pois podem indicar quadros mais graves, como trombose venosa.<\/p>\n\n\n\n<h2 class=\"wp-block-heading\">Como aliviar a reten\u00e7\u00e3o de l\u00edquidos no ver\u00e3o no dia a dia?<\/h2>\n\n\n\n<p>Alguns h\u00e1bitos simples podem ajudar e contribuir para um ver\u00e3o mais confort\u00e1vel. A hidrata\u00e7\u00e3o regular \u00e9 um dos principais pilares. Beber \u00e1gua ao longo do dia auxilia o funcionamento dos rins, melhora a circula\u00e7\u00e3o e ajuda a manter o equil\u00edbrio dos l\u00edquidos corporais, mesmo quando h\u00e1 maior transpira\u00e7\u00e3o.<\/p>\n\n\n\n<p>A movimenta\u00e7\u00e3o di\u00e1ria tamb\u00e9m tem papel central. Caminhadas, nata\u00e7\u00e3o, bicicleta, dan\u00e7a e exerc\u00edcios que ativem a musculatura da panturrilha funcionam como uma esp\u00e9cie de \u201cbomba natural\u201d, impulsionando o sangue de volta ao cora\u00e7\u00e3o. Intercalar per\u00edodos longos sentado ou em p\u00e9 com pequenas pausas para alongar, dar alguns passos ou flexionar os p\u00e9s j\u00e1 faz diferen\u00e7a no retorno venoso. Ent\u00e3o, mesmo em dias corridos de trabalho, pequenas mudan\u00e7as de rotina, como subir escadas em vez de usar sempre o elevador ou fazer breves caminhadas, contribuem para diminuir o incha\u00e7o. Al\u00e9m disso, ambientes muito quentes e fechados aumentam o desconforto, por isso, sempre que poss\u00edvel, vale optar por locais arejados, com ventila\u00e7\u00e3o ou climatiza\u00e7\u00e3o adequada.<\/p>\n\n\n\n<ul class=\"wp-block-list\">\n<li><strong>Elevar as pernas<\/strong> por alguns minutos ao final do dia, acima do n\u00edvel do cora\u00e7\u00e3o, facilita a drenagem de l\u00edquidos acumulados;<\/li>\n\n\n\n<li>Evitar roupas e cal\u00e7ados muito apertados diminui a compress\u00e3o dos vasos sangu\u00edneos e linf\u00e1ticos;<\/li>\n\n\n\n<li>Manter o peso corporal adequado reduz a sobrecarga sobre o sistema venoso.<\/li>\n<\/ul>\n\n\n\n<h2 class=\"wp-block-heading\">Quais cuidados com alimenta\u00e7\u00e3o e terapias podem ajudar?<\/h2>\n\n\n\n<p>A alimenta\u00e7\u00e3o tem influ\u00eancia direta na <strong>reten\u00e7\u00e3o h\u00eddrica<\/strong>. Uma dieta com excesso de sal favorece o ac\u00famulo de l\u00edquidos, pois o s\u00f3dio ret\u00e9m \u00e1gua no organismo. Por outro lado, refei\u00e7\u00f5es ricas em alimentos naturais \u2014 frutas, verduras, legumes, gr\u00e3os integrais e fontes de fibras \u2014 contribuem para um melhor equil\u00edbrio metab\u00f3lico e para o bom funcionamento intestinal, o que tamb\u00e9m impacta na circula\u00e7\u00e3o. Portanto, ajustar o card\u00e1pio no ver\u00e3o, com refei\u00e7\u00f5es mais leves, coloridas e ricas em \u00e1gua, ajuda a aliviar o incha\u00e7o e melhora a disposi\u00e7\u00e3o.<\/p>\n\n\n\n<p>Alguns pontos geralmente recomendados por profissionais de sa\u00fade incluem:<\/p>\n\n\n\n<ol class=\"wp-block-list\">\n<li>Reduzir o consumo de ultraprocessados, que em geral t\u00eam muito s\u00f3dio;<\/li>\n\n\n\n<li>Priorizar temperos naturais, como ervas frescas e especiarias, no lugar de caldos prontos;<\/li>\n\n\n\n<li>Incluir frutas ricas em \u00e1gua, como melancia, mel\u00e3o, laranja e abacaxi;<\/li>\n\n\n\n<li>Manter uma boa ingest\u00e3o de fibras para auxiliar o retorno venoso e linf\u00e1tico.<\/li>\n<\/ol>\n\n\n\n<p>Recursos como <strong>drenagem linf\u00e1tica<\/strong> e uso de <strong>meias de compress\u00e3o<\/strong> podem ser indicados em alguns casos para auxiliar o retorno venoso e linf\u00e1tico, especialmente em pessoas com predisposi\u00e7\u00e3o circulat\u00f3ria. Essas estrat\u00e9gias costumam ser complementares e devem ser orientadas por profissional habilitado, levando em conta o hist\u00f3rico de sa\u00fade de cada indiv\u00edduo. Ent\u00e3o, em vez de utilizar essas t\u00e9cnicas por conta pr\u00f3pria ou apenas por indica\u00e7\u00e3o informal, o ideal envolve sempre uma avalia\u00e7\u00e3o pr\u00e9via para garantir seguran\u00e7a e melhores resultados.<\/p>\n\n\n\n<h2 class=\"wp-block-heading\">FAQ \u2013 Perguntas frequentes sobre reten\u00e7\u00e3o de l\u00edquidos no calor<\/h2>\n\n\n\n<p><strong>1. Reten\u00e7\u00e3o de l\u00edquidos no calor \u00e9 a mesma coisa que ganho de peso?<\/strong><br>N\u00e3o. Ent\u00e3o, o incha\u00e7o provocado pela <strong>reten\u00e7\u00e3o de l\u00edquidos no ver\u00e3o<\/strong> costuma vir de ac\u00famulo de \u00e1gua nos tecidos, e n\u00e3o de aumento real de gordura corporal. O peso na balan\u00e7a pode subir levemente em dias de edema, por\u00e9m isso tende a oscilar. Portanto, quando o incha\u00e7o diminui, o peso geralmente volta ao patamar habitual.<\/p>\n\n\n\n<p><strong>2. Beber mais \u00e1gua n\u00e3o piora a reten\u00e7\u00e3o de l\u00edquidos?<\/strong><br>Ao contr\u00e1rio do que muitos pensam, a hidrata\u00e7\u00e3o adequada ajuda a reduzir a <strong>reten\u00e7\u00e3o h\u00eddrica<\/strong>. Quando a ingest\u00e3o de \u00e1gua fica muito baixa, o organismo tende a reter mais l\u00edquido como forma de prote\u00e7\u00e3o. Em suma, beber \u00e1gua ao longo do dia, em quantidades fracionadas, favorece o equil\u00edbrio dos fluidos e o bom funcionamento dos rins.<\/p>\n\n\n\n<p><strong>3. Diur\u00e9ticos naturais, como ch\u00e1s, resolvem o problema de incha\u00e7o no ver\u00e3o?<\/strong><br>Alguns ch\u00e1s e alimentos com leve efeito diur\u00e9tico podem auxiliar em casos leves, entretanto n\u00e3o substituem a avalia\u00e7\u00e3o m\u00e9dica e n\u00e3o corrigem, sozinhos, problemas circulat\u00f3rios mais complexos. Ent\u00e3o, o uso excessivo ou sem orienta\u00e7\u00e3o pode causar perda exagerada de eletr\u00f3litos, como s\u00f3dio e pot\u00e1ssio, o que traz riscos principalmente para pessoas com hipertens\u00e3o ou doen\u00e7as card\u00edacas.<\/p>\n\n\n\n<p><strong>4. Quem pratica atividade f\u00edsica intensa no calor tem mais risco de reten\u00e7\u00e3o de l\u00edquidos?<\/strong><br>A pr\u00e1tica de exerc\u00edcios tende a melhorar a circula\u00e7\u00e3o e, portanto, diminui a tend\u00eancia ao edema. Por\u00e9m, quando o treino acontece em ambientes muito quentes, sem reposi\u00e7\u00e3o adequada de \u00e1gua e eletr\u00f3litos, o organismo entra em maior estresse t\u00e9rmico e hormonal, o que pode favorecer tanto a desidrata\u00e7\u00e3o quanto a <strong>reten\u00e7\u00e3o de l\u00edquidos no calor<\/strong>. Em suma, equilibrar intensidade, hidrata\u00e7\u00e3o e hor\u00e1rio de treino (preferindo in\u00edcio da manh\u00e3 ou fim da tarde) ajuda a proteger o corpo.<\/p>\n\n\n\n<p><strong>5. Em que momento o incha\u00e7o nas pernas no ver\u00e3o exige consulta urgente?<\/strong><br>Procure atendimento imediato quando houver dor intensa, vermelhid\u00e3o, aumento s\u00fabito de incha\u00e7o em apenas um membro, falta de ar ou dor no peito associada ao edema. Esses sinais podem indicar quadros graves, como trombose ou problemas card\u00edacos. Portanto, n\u00e3o espere o incha\u00e7o passar sozinho em situa\u00e7\u00f5es assim; a avalia\u00e7\u00e3o r\u00e1pida reduz riscos e orienta o tratamento adequado.<\/p>\n","protected":false},"excerpt":{"rendered":"<p>Reten\u00e7\u00e3o de l\u00edquidos no calor: entenda causas, sintomas e 5 h\u00e1bitos para reduzir incha\u00e7o nas pernas e melhorar sua sa\u00fade circulat\u00f3ria.<\/p>\n","protected":false},"author":10,"featured_media":19796,"comment_status":"open","ping_status":"open","sticky":false,"template":"","format":"standard","meta":{"jnews-multi-image_gallery":[],"jnews_single_post":{"format":"standard"},"jnews_primary_category":[],"jnews_social_meta":[],"jnews_override_counter":[],"footnotes":""},"categories":[123],"tags":[2919,6431,141,2920],"class_list":["post-19795","post","type-post","status-publish","format-standard","has-post-thumbnail","hentry","category-saude","tag-calor","tag-retencao-de-liquido","tag-saude","tag-verao"],"yoast_head":"<!-- This site is optimized with the Yoast SEO plugin v25.1 - https:\/\/yoast.com\/wordpress\/plugins\/seo\/ -->\n<title>Reten\u00e7\u00e3o de l\u00edquido: entenda as causas e como tratar - Correio Braziliense - Aqui<\/title>\n<meta name=\"description\" content=\"Reten\u00e7\u00e3o de l\u00edquido no calor: entenda causas, sintomas e 5 h\u00e1bitos para reduzir incha\u00e7o nas pernas e melhorar sua sa\u00fade circulat\u00f3ria.\" \/>\n<meta name=\"robots\" content=\"index, follow, max-snippet:-1, max-image-preview:large, max-video-preview:-1\" \/>\n<link rel=\"canonical\" href=\"https:\/\/www.correiobraziliense.com.br\/aqui\/2026\/01\/16\/retencao-de-liquido-entenda-as-causas-e-como-tratar\/\" \/>\n<meta property=\"og:locale\" content=\"pt_BR\" \/>\n<meta property=\"og:type\" content=\"article\" \/>\n<meta property=\"og:title\" content=\"Reten\u00e7\u00e3o de l\u00edquido: entenda as causas e como tratar - Correio Braziliense - Aqui\" \/>\n<meta property=\"og:description\" content=\"Reten\u00e7\u00e3o de l\u00edquido no calor: entenda causas, sintomas e 5 h\u00e1bitos para reduzir incha\u00e7o nas pernas e melhorar sua sa\u00fade circulat\u00f3ria.\" \/>\n<meta property=\"og:url\" content=\"https:\/\/www.correiobraziliense.com.br\/aqui\/2026\/01\/16\/retencao-de-liquido-entenda-as-causas-e-como-tratar\/\" \/>\n<meta property=\"og:site_name\" content=\"Correio Braziliense - Aqui\" \/>\n<meta property=\"article:published_time\" content=\"2026-01-16T15:40:00+00:00\" \/>\n<meta property=\"og:image\" content=\"https:\/\/www.correiobraziliense.com.br\/aqui\/wp-content\/uploads\/2026\/01\/httpsneuralmyth.comstaticcache8a88a307-a184-43b2-ae21-7733219903ae.jpeg\" \/>\n\t<meta property=\"og:image:width\" content=\"1280\" \/>\n\t<meta property=\"og:image:height\" content=\"720\" \/>\n\t<meta property=\"og:image:type\" content=\"image\/jpeg\" \/>\n<meta name=\"author\" content=\"Larissa\" \/>\n<meta name=\"twitter:card\" content=\"summary_large_image\" \/>\n<meta name=\"twitter:label1\" content=\"Escrito por\" \/>\n\t<meta name=\"twitter:data1\" content=\"Larissa\" \/>\n\t<meta name=\"twitter:label2\" content=\"Est. tempo de leitura\" \/>\n\t<meta name=\"twitter:data2\" content=\"8 minutos\" \/>\n<!-- \/ Yoast SEO plugin. -->","yoast_head_json":{"title":"Reten\u00e7\u00e3o de l\u00edquido: entenda as causas e como tratar - Correio Braziliense - Aqui","description":"Reten\u00e7\u00e3o de l\u00edquido no calor: entenda causas, sintomas e 5 h\u00e1bitos para reduzir incha\u00e7o nas pernas e melhorar sua sa\u00fade circulat\u00f3ria.","robots":{"index":"index","follow":"follow","max-snippet":"max-snippet:-1","max-image-preview":"max-image-preview:large","max-video-preview":"max-video-preview:-1"},"canonical":"https:\/\/www.correiobraziliense.com.br\/aqui\/2026\/01\/16\/retencao-de-liquido-entenda-as-causas-e-como-tratar\/","og_locale":"pt_BR","og_type":"article","og_title":"Reten\u00e7\u00e3o de l\u00edquido: entenda as causas e como tratar - Correio Braziliense - Aqui","og_description":"Reten\u00e7\u00e3o de l\u00edquido no calor: entenda causas, sintomas e 5 h\u00e1bitos para reduzir incha\u00e7o nas pernas e melhorar sua sa\u00fade circulat\u00f3ria.","og_url":"https:\/\/www.correiobraziliense.com.br\/aqui\/2026\/01\/16\/retencao-de-liquido-entenda-as-causas-e-como-tratar\/","og_site_name":"Correio Braziliense - Aqui","article_published_time":"2026-01-16T15:40:00+00:00","og_image":[{"width":1280,"height":720,"url":"https:\/\/www.correiobraziliense.com.br\/aqui\/wp-content\/uploads\/2026\/01\/httpsneuralmyth.comstaticcache8a88a307-a184-43b2-ae21-7733219903ae.jpeg","type":"image\/jpeg"}],"author":"Larissa","twitter_card":"summary_large_image","twitter_misc":{"Escrito por":"Larissa","Est. tempo de leitura":"8 minutos"},"schema":{"@context":"https:\/\/schema.org","@graph":[{"@type":"WebPage","@id":"https:\/\/www.correiobraziliense.com.br\/aqui\/2026\/01\/16\/retencao-de-liquido-entenda-as-causas-e-como-tratar\/","url":"https:\/\/www.correiobraziliense.com.br\/aqui\/2026\/01\/16\/retencao-de-liquido-entenda-as-causas-e-como-tratar\/","name":"Reten\u00e7\u00e3o de l\u00edquido: entenda as causas e como tratar - Correio Braziliense - Aqui","isPartOf":{"@id":"https:\/\/www.correiobraziliense.com.br\/aqui\/#website"},"primaryImageOfPage":{"@id":"https:\/\/www.correiobraziliense.com.br\/aqui\/2026\/01\/16\/retencao-de-liquido-entenda-as-causas-e-como-tratar\/#primaryimage"},"image":{"@id":"https:\/\/www.correiobraziliense.com.br\/aqui\/2026\/01\/16\/retencao-de-liquido-entenda-as-causas-e-como-tratar\/#primaryimage"},"thumbnailUrl":"https:\/\/www.correiobraziliense.com.br\/aqui\/wp-content\/uploads\/2026\/01\/httpsneuralmyth.comstaticcache8a88a307-a184-43b2-ae21-7733219903ae.jpeg","datePublished":"2026-01-16T15:40:00+00:00","author":{"@id":"https:\/\/www.correiobraziliense.com.br\/aqui\/#\/schema\/person\/775f50a8c1ac31704d56816e99b29041"},"description":"Reten\u00e7\u00e3o de l\u00edquido no calor: entenda causas, sintomas e 5 h\u00e1bitos para reduzir incha\u00e7o nas pernas e melhorar sua sa\u00fade circulat\u00f3ria.","breadcrumb":{"@id":"https:\/\/www.correiobraziliense.com.br\/aqui\/2026\/01\/16\/retencao-de-liquido-entenda-as-causas-e-como-tratar\/#breadcrumb"},"inLanguage":"pt-BR","potentialAction":[{"@type":"ReadAction","target":["https:\/\/www.correiobraziliense.com.br\/aqui\/2026\/01\/16\/retencao-de-liquido-entenda-as-causas-e-como-tratar\/"]}]},{"@type":"ImageObject","inLanguage":"pt-BR","@id":"https:\/\/www.correiobraziliense.com.br\/aqui\/2026\/01\/16\/retencao-de-liquido-entenda-as-causas-e-como-tratar\/#primaryimage","url":"https:\/\/www.correiobraziliense.com.br\/aqui\/wp-content\/uploads\/2026\/01\/httpsneuralmyth.comstaticcache8a88a307-a184-43b2-ae21-7733219903ae.jpeg","contentUrl":"https:\/\/www.correiobraziliense.com.br\/aqui\/wp-content\/uploads\/2026\/01\/httpsneuralmyth.comstaticcache8a88a307-a184-43b2-ae21-7733219903ae.jpeg","width":1280,"height":720,"caption":"Cr\u00e9ditos: depositphotos.com \/ toa55"},{"@type":"BreadcrumbList","@id":"https:\/\/www.correiobraziliense.com.br\/aqui\/2026\/01\/16\/retencao-de-liquido-entenda-as-causas-e-como-tratar\/#breadcrumb","itemListElement":[{"@type":"ListItem","position":1,"name":"In\u00edcio","item":"https:\/\/www.correiobraziliense.com.br\/aqui\/"},{"@type":"ListItem","position":2,"name":"Reten\u00e7\u00e3o de l\u00edquido: entenda as causas e como tratar"}]},{"@type":"WebSite","@id":"https:\/\/www.correiobraziliense.com.br\/aqui\/#website","url":"https:\/\/www.correiobraziliense.com.br\/aqui\/","name":"Correio Braziliense - Aqui","description":"O Correio Braziliense (CB) \u00e9 o mais importante canal de not\u00edcias de Bras\u00edlia. Aqui voc\u00ea encontra as \u00faltimas not\u00edcias do DF, do Brasil e do mundo.","potentialAction":[{"@type":"SearchAction","target":{"@type":"EntryPoint","urlTemplate":"https:\/\/www.correiobraziliense.com.br\/aqui\/?s={search_term_string}"},"query-input":{"@type":"PropertyValueSpecification","valueRequired":true,"valueName":"search_term_string"}}],"inLanguage":"pt-BR"},{"@type":"Person","@id":"https:\/\/www.correiobraziliense.com.br\/aqui\/#\/schema\/person\/775f50a8c1ac31704d56816e99b29041","name":"Larissa","image":{"@type":"ImageObject","inLanguage":"pt-BR","@id":"https:\/\/www.correiobraziliense.com.br\/aqui\/#\/schema\/person\/image\/","url":"https:\/\/secure.gravatar.com\/avatar\/62f5b2e99de671d075ab98e19f03c3c38c80a93f5d06f51075cf4431a4e76458?s=96&d=mm&r=g","contentUrl":"https:\/\/secure.gravatar.com\/avatar\/62f5b2e99de671d075ab98e19f03c3c38c80a93f5d06f51075cf4431a4e76458?s=96&d=mm&r=g","caption":"Larissa"},"url":"https:\/\/www.correiobraziliense.com.br\/aqui\/author\/larissaaqui\/"}]}},"_links":{"self":[{"href":"https:\/\/www.correiobraziliense.com.br\/aqui\/wp-json\/wp\/v2\/posts\/19795","targetHints":{"allow":["GET"]}}],"collection":[{"href":"https:\/\/www.correiobraziliense.com.br\/aqui\/wp-json\/wp\/v2\/posts"}],"about":[{"href":"https:\/\/www.correiobraziliense.com.br\/aqui\/wp-json\/wp\/v2\/types\/post"}],"author":[{"embeddable":true,"href":"https:\/\/www.correiobraziliense.com.br\/aqui\/wp-json\/wp\/v2\/users\/10"}],"replies":[{"embeddable":true,"href":"https:\/\/www.correiobraziliense.com.br\/aqui\/wp-json\/wp\/v2\/comments?post=19795"}],"version-history":[{"count":5,"href":"https:\/\/www.correiobraziliense.com.br\/aqui\/wp-json\/wp\/v2\/posts\/19795\/revisions"}],"predecessor-version":[{"id":19803,"href":"https:\/\/www.correiobraziliense.com.br\/aqui\/wp-json\/wp\/v2\/posts\/19795\/revisions\/19803"}],"wp:featuredmedia":[{"embeddable":true,"href":"https:\/\/www.correiobraziliense.com.br\/aqui\/wp-json\/wp\/v2\/media\/19796"}],"wp:attachment":[{"href":"https:\/\/www.correiobraziliense.com.br\/aqui\/wp-json\/wp\/v2\/media?parent=19795"}],"wp:term":[{"taxonomy":"category","embeddable":true,"href":"https:\/\/www.correiobraziliense.com.br\/aqui\/wp-json\/wp\/v2\/categories?post=19795"},{"taxonomy":"post_tag","embeddable":true,"href":"https:\/\/www.correiobraziliense.com.br\/aqui\/wp-json\/wp\/v2\/tags?post=19795"}],"curies":[{"name":"wp","href":"https:\/\/api.w.org\/{rel}","templated":true}]}}