{"id":19805,"date":"2026-01-16T15:13:16","date_gmt":"2026-01-16T18:13:16","guid":{"rendered":"https:\/\/www.correiobraziliense.com.br\/aqui\/?p=19805"},"modified":"2026-01-16T15:13:20","modified_gmt":"2026-01-16T18:13:20","slug":"calor-e-macas-onde-armazenar-a-fruta-para-evitar-que-estrague","status":"publish","type":"post","link":"https:\/\/www.correiobraziliense.com.br\/aqui\/2026\/01\/16\/calor-e-macas-onde-armazenar-a-fruta-para-evitar-que-estrague\/","title":{"rendered":"Calor e ma\u00e7\u00e3s: onde armazenar a fruta para evitar que estrague"},"content":{"rendered":"\n<p>Durante o ver\u00e3o, manter as ma\u00e7\u00e3s frescas por mais tempo costuma ser um desafio. As altas temperaturas aceleram a matura\u00e7\u00e3o e favorecem o surgimento de manchas, amolecimento e at\u00e9 mofo. Por isso, a forma de armazenar a fruta faz diferen\u00e7a direta na apar\u00eancia, na textura e no sabor ao longo dos dias.<\/p>\n\n\n\n<p>Muita gente acredita que a geladeira \u00e9 sempre o melhor lugar para qualquer fruta, enquanto outros preferem deix\u00e1-las \u00e0 vista no fruteira. No caso das ma\u00e7\u00e3s, por\u00e9m, essas duas op\u00e7\u00f5es podem n\u00e3o ser as mais eficientes nos meses quentes. Alguns cuidados simples de armazenamento ajudam a prolongar a durabilidade e a evitar desperd\u00edcios em casa.<\/p>\n\n\n\n<h2 class=\"wp-block-heading\">Guardar ma\u00e7\u00e3s no ver\u00e3o: qual \u00e9 o melhor lugar?<\/h2>\n\n\n\n<p>Em dias quentes, o ideal \u00e9 priorizar um <strong><a href=\"https:\/\/www.correiobraziliense.com.br\/aqui\/2025\/12\/05\/por-que-as-bananas-amadurecem-todas-as-outras-frutas-ao-redor-descubra\/\" target=\"_blank\" rel=\"noreferrer noopener\">ambiente fresco, seco e arejado, longe da luz direta e de fontes de calor<\/a><\/strong>. Um arm\u00e1rio ventilado, uma prateleira sombreada ou uma caixa de madeira sob a bancada s\u00e3o alternativas mais adequadas do que deix\u00e1-las expostas sobre a mesa.<\/p>\n\n\n\n<p>Quando ficam dentro da geladeira, as ma\u00e7\u00e3s podem absorver umidade em excesso e sofrer com varia\u00e7\u00f5es de temperatura cada vez que a porta \u00e9 aberta. J\u00e1 na fruteira, ficam expostas ao calor e \u00e0 incid\u00eancia de luz, o que acelera a matura\u00e7\u00e3o. Um local intermedi\u00e1rio, protegido e com circula\u00e7\u00e3o de ar, costuma ser mais est\u00e1vel e ajuda a preservar a textura firme por mais tempo.<\/p>\n\n\n\n<h2 class=\"wp-block-heading\">Qual \u00e9 o erro mais comum ao armazen\u00e1-las?<\/h2>\n\n\n\n<p>Um equ\u00edvoco muito frequente ao conservar ma\u00e7\u00e3s no calor \u00e9 empilhar a fruta em montes ou cestas cheias. Esse h\u00e1bito facilita o surgimento de \u00e1reas amassadas, que rapidamente se transformam em pontos escuros e partes moles. A partir desse dano, a deteriora\u00e7\u00e3o tende a se espalhar para as demais unidades.<\/p>\n\n\n\n<p>Para reduzir esse risco, a recomenda\u00e7\u00e3o \u00e9 posicionar as ma\u00e7\u00e3s lado a lado, sem que fiquem pressionadas. Outra pr\u00e1tica simples \u00e9 envolver cada unidade em um papel fino, como papel jornal limpo ou papel pardo, evitando o contato direto entre elas. Esse m\u00e9todo ajuda a controlar tanto a umidade quanto o atrito, dois fatores que aceleram o estrago, especialmente em temperaturas elevadas.<\/p>\n\n\n\n<h2 class=\"wp-block-heading\">Como guard\u00e1-las no ver\u00e3o passo a passo?<\/h2>\n\n\n\n<p>Alguns cuidados b\u00e1sicos tornam o processo de armazenamento de ma\u00e7\u00e3s no ver\u00e3o mais eficiente. A combina\u00e7\u00e3o de local adequado, manuseio correto e verifica\u00e7\u00e3o peri\u00f3dica contribui para que a fruta se mantenha firme e com boa apar\u00eancia por mais dias, mesmo durante ondas de calor intensas.<\/p>\n\n\n\n<ol class=\"wp-block-list\">\n<li><strong>Escolher bem as ma\u00e7\u00e3s:<\/strong> dar prefer\u00eancia a unidades sem machucados aparentes, sem cortes e sem manchas escuras.<\/li>\n\n\n\n<li><strong>Evitar lavar antes de guardar:<\/strong> a \u00e1gua retida na casca pode favorecer o surgimento de fungos; a higieniza\u00e7\u00e3o \u00e9 mais indicada apenas antes do consumo.<\/li>\n\n\n\n<li><strong>Separar de outras frutas:<\/strong> ma\u00e7\u00e3s liberam etileno, um g\u00e1s que acelera a matura\u00e7\u00e3o de alimentos pr\u00f3ximos, especialmente bananas e peras.<\/li>\n\n\n\n<li><strong>Usar recipientes adequados:<\/strong> caixas de madeira, cestos ventilados ou bandejas rasas ajudam na circula\u00e7\u00e3o de ar.<\/li>\n\n\n\n<li><strong>Espa\u00e7ar as unidades:<\/strong> dispor as ma\u00e7\u00e3s em apenas uma camada, sem empilhar, reduz a chance de amassados.<\/li>\n\n\n\n<li><strong>Envolver em papel quando poss\u00edvel:<\/strong> papel de jornal ou papel manteiga simples diminui o contato entre frutas.<\/li>\n\n\n\n<li><strong>Revisar com frequ\u00eancia:<\/strong> a cada dois dias, observar se alguma fruta est\u00e1 amolecida ou com odor alterado e retir\u00e1-la imediatamente.<\/li>\n<\/ol>\n\n\n\n<h2 class=\"wp-block-heading\">Quais cuidados extras ajudam a conservar melhor as ma\u00e7\u00e3s?<\/h2>\n\n\n\n<p>Al\u00e9m do local e da forma de disposi\u00e7\u00e3o, alguns detalhes fazem diferen\u00e7a no dia a dia. O manuseio cuidadoso, por exemplo, evita batidas que nem sempre aparecem na hora, mas podem gerar manchas internas depois. Transportar a fruta em sacolas muito cheias ou no fundo de mochilas tamb\u00e9m aumenta a probabilidade de dano f\u00edsico.<\/p>\n\n\n\n<p>Outro ponto relevante \u00e9 o tipo de embalagem. Quando for necess\u00e1rio usar sacos pl\u00e1sticos, a orienta\u00e7\u00e3o \u00e9 optar por sacos perfurados, que permitem a circula\u00e7\u00e3o de ar e evitam o ac\u00famulo de umidade. J\u00e1 em ambientes muito secos, manter a fruta em locais n\u00e3o refrigerados, por\u00e9m protegidos, contribui para que n\u00e3o perca \u00e1gua em excesso e n\u00e3o fique enrugada.<\/p>\n\n\n\n<ul class=\"wp-block-list\">\n<li><strong>Ambiente ideal:<\/strong> fresco, seco, ventilado e sem luz direta.<\/li>\n\n\n\n<li><strong>Contato reduzido:<\/strong> ma\u00e7\u00e3s lado a lado, sem empilhar.<\/li>\n\n\n\n<li><strong>Monitoramento constante:<\/strong> retirada imediata das unidades danificadas.<\/li>\n\n\n\n<li><strong>Separa\u00e7\u00e3o de outras frutas:<\/strong> principalmente as que amadurecem mais r\u00e1pido.<\/li>\n<\/ul>\n\n\n\n<p>Com esses cuidados, o ato de guardar ma\u00e7\u00e3s no ver\u00e3o deixa de ser apenas uma quest\u00e3o de costume e passa a ser uma estrat\u00e9gia pr\u00e1tica para preservar a fruta, reduzir perdas e manter o sabor caracter\u00edstico por mais tempo na rotina da casa.<\/p>\n\n\n\n<h2 class=\"wp-block-heading\">FAQ sobre armazenamento correto de frutas<\/h2>\n\n\n\n<p><strong>1. Como organizar diferentes frutas na fruteira para que elas durem mais?<\/strong><br>Em suma, o ideal \u00e9 agrupar frutas conforme o grau de matura\u00e7\u00e3o e a sensibilidade. Frutas firmes e verdes podem ficar juntas, enquanto as muito maduras devem ser consumidas primeiro e n\u00e3o ficar em contato direto com as demais. Entretanto, \u00e9 importante manter dist\u00e2ncia entre frutas que produzem muito etileno (como ma\u00e7\u00e3s, bananas e abacates) e frutas mais delicadas (como morangos e uvas), pois isso acelera o amadurecimento. Portanto, sempre que poss\u00edvel, use cestos separados ou n\u00edveis diferentes da fruteira para controlar melhor o tempo de conserva\u00e7\u00e3o.<\/p>\n\n\n\n<p><strong>2. Quais frutas realmente devem ir para a geladeira e quais ficam melhor em temperatura ambiente?<\/strong><br>Frutas como morangos, uvas, ameixas maduras, mirtilos e frutas j\u00e1 cortadas se conservam melhor sob refrigera\u00e7\u00e3o. J\u00e1 bananas, mangas, abacates verdes, tomates e frutas c\u00edtricas costumam manter melhor o sabor e a textura em temperatura ambiente at\u00e9 atingirem o ponto de consumo. Entretanto, depois de maduras, muitas delas podem ser levadas \u00e0 geladeira para desacelerar o processo de deteriora\u00e7\u00e3o. Portanto, o mais adequado \u00e9 observar o est\u00e1gio de matura\u00e7\u00e3o: ent\u00e3o, primeiro amadure\u00e7a fora da geladeira e, quando estiver no ponto, refrigere se n\u00e3o for consumir logo.<\/p>\n\n\n\n<p><strong>3. \u00c9 melhor guardar frutas em sacos pl\u00e1sticos, potes fechados ou recipientes abertos?<\/strong><br>Recipientes semifechados ou com pequenas aberturas costumam ser a op\u00e7\u00e3o mais equilibrada, pois evitam ressecamento excessivo sem reter tanta umidade. Sacos pl\u00e1sticos totalmente fechados tendem a acumular \u00e1gua, favorecendo fungos, enquanto recipientes totalmente abertos exp\u00f5em a fruta ao ar seco e a odores de outros alimentos. Entretanto, frutas muito sens\u00edveis, como frutos vermelhos, podem se beneficiar de potes fechados forrados com papel-toalha seco. Portanto, o ideal \u00e9 ajustar o tipo de embalagem ao clima e \u00e0 fruta: ent\u00e3o, use furos ou tampas com respiro quando poss\u00edvel.<\/p>\n\n\n\n<p><strong>4. Posso guardar frutas j\u00e1 cortadas por v\u00e1rios dias sem perder qualidade?<\/strong><br>Frutas cortadas sempre perdem qualidade mais r\u00e1pido do que frutas inteiras, mas algumas medidas ajudam a prolongar a conserva\u00e7\u00e3o. Manter em potes fechados na geladeira, evitar contato com ar em excesso e, quando poss\u00edvel, adicionar algumas gotas de lim\u00e3o em frutas que oxidam facilmente (como ma\u00e7\u00e3s e peras) s\u00e3o estrat\u00e9gias eficientes. Entretanto, mesmo com esses cuidados, o ideal \u00e9 consumir em at\u00e9 dois ou tr\u00eas dias para manter sabor e textura agrad\u00e1veis. Portanto, planeje o corte pr\u00f3ximo ao momento de consumo e, ent\u00e3o, evite preparar grandes quantidades com muita anteced\u00eancia.<\/p>\n\n\n\n<p><strong>5. Como o calor e a umidade do ver\u00e3o afetam frutas diferentes al\u00e9m das ma\u00e7\u00e3s?<\/strong><br>O calor acelera a respira\u00e7\u00e3o das frutas e a a\u00e7\u00e3o de enzimas, encurtando o tempo de prateleira de quase todas as variedades. Frutas de casca mais fina, como morangos, p\u00eassegos e nectarinas, sofrem ainda mais com mofo e amolecimento r\u00e1pido em ambientes \u00famidos. Entretanto, frutas de casca mais grossa, como melancia, abacaxi e mel\u00e3o, tamb\u00e9m podem perder firmeza interna e ficar com sabor alterado quando expostas a altas temperaturas por longos per\u00edodos. Portanto, no ver\u00e3o, \u00e9 fundamental priorizar locais frescos, ventilados e, quando necess\u00e1rio, recorrer \u00e0 geladeira para as frutas mais sens\u00edveis; ent\u00e3o, monitore diariamente a apar\u00eancia e o aroma para evitar desperd\u00edcio.<\/p>\n\n\n\n<p><strong>6. Lavar as frutas antes de guardar sempre \u00e9 um problema ou h\u00e1 exce\u00e7\u00f5es?<\/strong><br>Para a maioria das frutas, o recomendado \u00e9 lavar apenas antes do consumo, justamente para evitar que a umidade fique retida na casca e favore\u00e7a o surgimento de fungos. Entretanto, em situa\u00e7\u00f5es em que a fruta veio muito suja ou com res\u00edduos de terra, \u00e9 poss\u00edvel lavar rapidamente, secando muito bem com papel-toalha ou pano limpo antes de armazenar. Portanto, o ponto-chave \u00e9 n\u00e3o guardar frutas \u00famidas: ent\u00e3o, se for necess\u00e1rio higienizar, certifique-se de que estejam completamente secas antes de irem para a fruteira ou geladeira.<\/p>\n\n\n\n<p><strong>7. Qual \u00e9 a melhor forma de combinar frutas em lanches e marmitas sem estragarem r\u00e1pido?<\/strong><br>Em suma, frutas mais firmes e menos suculentas, como uvas inteiras, ma\u00e7\u00e3s em peda\u00e7os grossos, pera firme e frutas c\u00edtricas em gomos, costumam resistir melhor em marmitas para o dia a dia. Misturar frutas muito aquosas com outras mais delicadas pode acelerar a deteriora\u00e7\u00e3o e deixar tudo com textura pastosa. Entretanto, usar potes separados para frutas com diferentes n\u00edveis de umidade ajuda bastante a evitar esse problema. Portanto, ao montar lanches, prefira por\u00e7\u00f5es pequenas, bem fechadas e mantidas refrigeradas at\u00e9 o momento de consumir; ent\u00e3o, adicione frutas mais sens\u00edveis apenas se forem ingeridas em poucas horas.<\/p>\n\n\n\n<p><strong>8. Existe diferen\u00e7a entre armazenar frutas inteiras e frutas maduras demais para reaproveitar em receitas?<\/strong><br>Frutas inteiras e firmes s\u00e3o melhores para armazenamento prolongado, enquanto frutas muito maduras devem ser direcionadas ao uso r\u00e1pido em receitas. Quando est\u00e3o passando do ponto, podem ser descascadas, cortadas e congeladas para uso em vitaminas, compotas, geleias e bolos. Entretanto, \u00e9 importante descartar partes com mofo ou odor desagrad\u00e1vel antes de congelar. Portanto, usar o congelamento como estrat\u00e9gia \u00e9 uma forma pr\u00e1tica de reduzir desperd\u00edcios; ent\u00e3o, separe por\u00e7\u00f5es em sacos ou potes pr\u00f3prios para freezer, etiquetando com a data de armazenamento.<\/p>\n","protected":false},"excerpt":{"rendered":"<p>Armazenar ma\u00e7\u00e3s no ver\u00e3o: encontre o local certo e o erro comum que estraga a fruta, dicas simples para mant\u00ea-las frescas por mais tempo.<\/p>\n","protected":false},"author":8,"featured_media":19806,"comment_status":"open","ping_status":"open","sticky":false,"template":"","format":"standard","meta":{"jnews-multi-image_gallery":[],"jnews_single_post":{"format":"standard"},"jnews_primary_category":[],"jnews_social_meta":[],"jnews_override_counter":[],"footnotes":""},"categories":[121],"tags":[6433,1205,119,6432,2920],"class_list":["post-19805","post","type-post","status-publish","format-standard","has-post-thumbnail","hentry","category-gastronomia","tag-armazenamento-de-frutas","tag-dicas","tag-gastronomia","tag-macas","tag-verao"],"yoast_head":"<!-- This site is optimized with the Yoast SEO plugin v25.1 - https:\/\/yoast.com\/wordpress\/plugins\/seo\/ -->\n<title>Calor e ma\u00e7\u00e3s: onde armazenar a fruta para evitar que estrague - Correio Braziliense - Aqui<\/title>\n<meta name=\"description\" content=\"Armazenar ma\u00e7\u00e3s no ver\u00e3o: encontre o local certo e o erro comum que estraga a fruta, dicas simples para mant\u00ea-las frescas por mais tempo.\" \/>\n<meta name=\"robots\" content=\"index, follow, max-snippet:-1, max-image-preview:large, max-video-preview:-1\" \/>\n<link rel=\"canonical\" href=\"https:\/\/www.correiobraziliense.com.br\/aqui\/2026\/01\/16\/calor-e-macas-onde-armazenar-a-fruta-para-evitar-que-estrague\/\" \/>\n<meta property=\"og:locale\" content=\"pt_BR\" \/>\n<meta property=\"og:type\" content=\"article\" \/>\n<meta property=\"og:title\" content=\"Calor e ma\u00e7\u00e3s: onde armazenar a fruta para evitar que estrague - Correio Braziliense - Aqui\" \/>\n<meta property=\"og:description\" content=\"Armazenar ma\u00e7\u00e3s no ver\u00e3o: encontre o local certo e o erro comum que estraga a fruta, dicas simples para mant\u00ea-las frescas por mais tempo.\" \/>\n<meta property=\"og:url\" content=\"https:\/\/www.correiobraziliense.com.br\/aqui\/2026\/01\/16\/calor-e-macas-onde-armazenar-a-fruta-para-evitar-que-estrague\/\" \/>\n<meta property=\"og:site_name\" content=\"Correio Braziliense - Aqui\" \/>\n<meta property=\"article:published_time\" content=\"2026-01-16T18:13:16+00:00\" \/>\n<meta property=\"article:modified_time\" content=\"2026-01-16T18:13:20+00:00\" \/>\n<meta property=\"og:image\" content=\"https:\/\/www.correiobraziliense.com.br\/aqui\/wp-content\/uploads\/2026\/01\/httpsneuralmyth.comstaticcache9d12f16c-7cd9-42dc-b940-7daf0baa0c5f.jpeg\" \/>\n\t<meta property=\"og:image:width\" content=\"1280\" \/>\n\t<meta property=\"og:image:height\" content=\"720\" \/>\n\t<meta property=\"og:image:type\" content=\"image\/jpeg\" \/>\n<meta name=\"author\" content=\"Lara\" \/>\n<meta name=\"twitter:card\" content=\"summary_large_image\" \/>\n<meta name=\"twitter:label1\" content=\"Escrito por\" \/>\n\t<meta name=\"twitter:data1\" content=\"Lara\" \/>\n\t<meta name=\"twitter:label2\" content=\"Est. tempo de leitura\" \/>\n\t<meta name=\"twitter:data2\" content=\"9 minutos\" \/>\n<!-- \/ Yoast SEO plugin. -->","yoast_head_json":{"title":"Calor e ma\u00e7\u00e3s: onde armazenar a fruta para evitar que estrague - Correio Braziliense - Aqui","description":"Armazenar ma\u00e7\u00e3s no ver\u00e3o: encontre o local certo e o erro comum que estraga a fruta, dicas simples para mant\u00ea-las frescas por mais tempo.","robots":{"index":"index","follow":"follow","max-snippet":"max-snippet:-1","max-image-preview":"max-image-preview:large","max-video-preview":"max-video-preview:-1"},"canonical":"https:\/\/www.correiobraziliense.com.br\/aqui\/2026\/01\/16\/calor-e-macas-onde-armazenar-a-fruta-para-evitar-que-estrague\/","og_locale":"pt_BR","og_type":"article","og_title":"Calor e ma\u00e7\u00e3s: onde armazenar a fruta para evitar que estrague - Correio Braziliense - Aqui","og_description":"Armazenar ma\u00e7\u00e3s no ver\u00e3o: encontre o local certo e o erro comum que estraga a fruta, dicas simples para mant\u00ea-las frescas por mais tempo.","og_url":"https:\/\/www.correiobraziliense.com.br\/aqui\/2026\/01\/16\/calor-e-macas-onde-armazenar-a-fruta-para-evitar-que-estrague\/","og_site_name":"Correio Braziliense - Aqui","article_published_time":"2026-01-16T18:13:16+00:00","article_modified_time":"2026-01-16T18:13:20+00:00","og_image":[{"width":1280,"height":720,"url":"https:\/\/www.correiobraziliense.com.br\/aqui\/wp-content\/uploads\/2026\/01\/httpsneuralmyth.comstaticcache9d12f16c-7cd9-42dc-b940-7daf0baa0c5f.jpeg","type":"image\/jpeg"}],"author":"Lara","twitter_card":"summary_large_image","twitter_misc":{"Escrito por":"Lara","Est. tempo de leitura":"9 minutos"},"schema":{"@context":"https:\/\/schema.org","@graph":[{"@type":"WebPage","@id":"https:\/\/www.correiobraziliense.com.br\/aqui\/2026\/01\/16\/calor-e-macas-onde-armazenar-a-fruta-para-evitar-que-estrague\/","url":"https:\/\/www.correiobraziliense.com.br\/aqui\/2026\/01\/16\/calor-e-macas-onde-armazenar-a-fruta-para-evitar-que-estrague\/","name":"Calor e ma\u00e7\u00e3s: onde armazenar a fruta para evitar que estrague - Correio Braziliense - Aqui","isPartOf":{"@id":"https:\/\/www.correiobraziliense.com.br\/aqui\/#website"},"primaryImageOfPage":{"@id":"https:\/\/www.correiobraziliense.com.br\/aqui\/2026\/01\/16\/calor-e-macas-onde-armazenar-a-fruta-para-evitar-que-estrague\/#primaryimage"},"image":{"@id":"https:\/\/www.correiobraziliense.com.br\/aqui\/2026\/01\/16\/calor-e-macas-onde-armazenar-a-fruta-para-evitar-que-estrague\/#primaryimage"},"thumbnailUrl":"https:\/\/www.correiobraziliense.com.br\/aqui\/wp-content\/uploads\/2026\/01\/httpsneuralmyth.comstaticcache9d12f16c-7cd9-42dc-b940-7daf0baa0c5f.jpeg","datePublished":"2026-01-16T18:13:16+00:00","dateModified":"2026-01-16T18:13:20+00:00","author":{"@id":"https:\/\/www.correiobraziliense.com.br\/aqui\/#\/schema\/person\/5d6e4d99fecc86ab1a7ed1a0369afb65"},"description":"Armazenar ma\u00e7\u00e3s no ver\u00e3o: encontre o local certo e o erro comum que estraga a fruta, dicas simples para mant\u00ea-las frescas por mais tempo.","breadcrumb":{"@id":"https:\/\/www.correiobraziliense.com.br\/aqui\/2026\/01\/16\/calor-e-macas-onde-armazenar-a-fruta-para-evitar-que-estrague\/#breadcrumb"},"inLanguage":"pt-BR","potentialAction":[{"@type":"ReadAction","target":["https:\/\/www.correiobraziliense.com.br\/aqui\/2026\/01\/16\/calor-e-macas-onde-armazenar-a-fruta-para-evitar-que-estrague\/"]}]},{"@type":"ImageObject","inLanguage":"pt-BR","@id":"https:\/\/www.correiobraziliense.com.br\/aqui\/2026\/01\/16\/calor-e-macas-onde-armazenar-a-fruta-para-evitar-que-estrague\/#primaryimage","url":"https:\/\/www.correiobraziliense.com.br\/aqui\/wp-content\/uploads\/2026\/01\/httpsneuralmyth.comstaticcache9d12f16c-7cd9-42dc-b940-7daf0baa0c5f.jpeg","contentUrl":"https:\/\/www.correiobraziliense.com.br\/aqui\/wp-content\/uploads\/2026\/01\/httpsneuralmyth.comstaticcache9d12f16c-7cd9-42dc-b940-7daf0baa0c5f.jpeg","width":1280,"height":720,"caption":"Cr\u00e9ditos: depositphotos.com \/ karandaev"},{"@type":"BreadcrumbList","@id":"https:\/\/www.correiobraziliense.com.br\/aqui\/2026\/01\/16\/calor-e-macas-onde-armazenar-a-fruta-para-evitar-que-estrague\/#breadcrumb","itemListElement":[{"@type":"ListItem","position":1,"name":"In\u00edcio","item":"https:\/\/www.correiobraziliense.com.br\/aqui\/"},{"@type":"ListItem","position":2,"name":"Calor e ma\u00e7\u00e3s: onde armazenar a fruta para evitar que estrague"}]},{"@type":"WebSite","@id":"https:\/\/www.correiobraziliense.com.br\/aqui\/#website","url":"https:\/\/www.correiobraziliense.com.br\/aqui\/","name":"Correio Braziliense - Aqui","description":"O Correio Braziliense (CB) \u00e9 o mais importante canal de not\u00edcias de Bras\u00edlia. Aqui voc\u00ea encontra as \u00faltimas not\u00edcias do DF, do Brasil e do mundo.","potentialAction":[{"@type":"SearchAction","target":{"@type":"EntryPoint","urlTemplate":"https:\/\/www.correiobraziliense.com.br\/aqui\/?s={search_term_string}"},"query-input":{"@type":"PropertyValueSpecification","valueRequired":true,"valueName":"search_term_string"}}],"inLanguage":"pt-BR"},{"@type":"Person","@id":"https:\/\/www.correiobraziliense.com.br\/aqui\/#\/schema\/person\/5d6e4d99fecc86ab1a7ed1a0369afb65","name":"Lara","image":{"@type":"ImageObject","inLanguage":"pt-BR","@id":"https:\/\/www.correiobraziliense.com.br\/aqui\/#\/schema\/person\/image\/","url":"https:\/\/secure.gravatar.com\/avatar\/57056c5c343a6d8a6669688d3d2c04916d9d280b352b6e50e66a8d39b2517e00?s=96&d=mm&r=g","contentUrl":"https:\/\/secure.gravatar.com\/avatar\/57056c5c343a6d8a6669688d3d2c04916d9d280b352b6e50e66a8d39b2517e00?s=96&d=mm&r=g","caption":"Lara"},"url":"https:\/\/www.correiobraziliense.com.br\/aqui\/author\/laraaqui\/"}]}},"_links":{"self":[{"href":"https:\/\/www.correiobraziliense.com.br\/aqui\/wp-json\/wp\/v2\/posts\/19805","targetHints":{"allow":["GET"]}}],"collection":[{"href":"https:\/\/www.correiobraziliense.com.br\/aqui\/wp-json\/wp\/v2\/posts"}],"about":[{"href":"https:\/\/www.correiobraziliense.com.br\/aqui\/wp-json\/wp\/v2\/types\/post"}],"author":[{"embeddable":true,"href":"https:\/\/www.correiobraziliense.com.br\/aqui\/wp-json\/wp\/v2\/users\/8"}],"replies":[{"embeddable":true,"href":"https:\/\/www.correiobraziliense.com.br\/aqui\/wp-json\/wp\/v2\/comments?post=19805"}],"version-history":[{"count":2,"href":"https:\/\/www.correiobraziliense.com.br\/aqui\/wp-json\/wp\/v2\/posts\/19805\/revisions"}],"predecessor-version":[{"id":19809,"href":"https:\/\/www.correiobraziliense.com.br\/aqui\/wp-json\/wp\/v2\/posts\/19805\/revisions\/19809"}],"wp:featuredmedia":[{"embeddable":true,"href":"https:\/\/www.correiobraziliense.com.br\/aqui\/wp-json\/wp\/v2\/media\/19806"}],"wp:attachment":[{"href":"https:\/\/www.correiobraziliense.com.br\/aqui\/wp-json\/wp\/v2\/media?parent=19805"}],"wp:term":[{"taxonomy":"category","embeddable":true,"href":"https:\/\/www.correiobraziliense.com.br\/aqui\/wp-json\/wp\/v2\/categories?post=19805"},{"taxonomy":"post_tag","embeddable":true,"href":"https:\/\/www.correiobraziliense.com.br\/aqui\/wp-json\/wp\/v2\/tags?post=19805"}],"curies":[{"name":"wp","href":"https:\/\/api.w.org\/{rel}","templated":true}]}}