{"id":19938,"date":"2026-01-19T16:04:21","date_gmt":"2026-01-19T19:04:21","guid":{"rendered":"https:\/\/www.correiobraziliense.com.br\/aqui\/?p=19938"},"modified":"2026-01-19T16:04:25","modified_gmt":"2026-01-19T19:04:25","slug":"excesso-de-agua-pode-prejudicar-a-saude-especialista-esclarece","status":"publish","type":"post","link":"https:\/\/www.correiobraziliense.com.br\/aqui\/2026\/01\/19\/excesso-de-agua-pode-prejudicar-a-saude-especialista-esclarece\/","title":{"rendered":"Excesso de \u00e1gua pode prejudicar a sa\u00fade? Especialista esclarece"},"content":{"rendered":"\n<p>O consumo de \u00e1gua \u00e9 reconhecido como um h\u00e1bito essencial para o bom funcionamento do organismo, mas a ideia de que beber grandes quantidades de \u00e1gua acelera o emagrecimento ainda gera d\u00favidas. Em 2025, o tema ganhou espa\u00e7o em reportagens, redes sociais e relatos de pessoas em busca de perda de peso r\u00e1pida, muitas vezes baseadas em exemplos de celebridades e influenciadores. Nesse contexto, cresce o interesse em entender at\u00e9 que ponto a \u00e1gua ajuda a controlar o peso e quando o excesso come\u00e7a a representar um risco \u00e0 sa\u00fade.<\/p>\n\n\n\n<p>Entre as mensagens mais repetidas est\u00e1 a recomenda\u00e7\u00e3o gen\u00e9rica de ingerir \u201cmuitos litros\u201d por dia, sem considerar diferen\u00e7as individuais, rotina e clima. A partir disso, algumas pessoas passam a associar diretamente o emagrecimento \u00e0 quantidade de \u00e1gua ingerida, como se apenas aumentar o consumo fosse suficiente para modificar a balan\u00e7a. Especialistas em nutri\u00e7\u00e3o e medicina, por\u00e9m, v\u00eam refor\u00e7ando que hidrata\u00e7\u00e3o adequada \u00e9 importante, mas n\u00e3o substitui alimenta\u00e7\u00e3o equilibrada, atividade f\u00edsica e acompanhamento profissional.<\/p>\n\n\n\n<h2 class=\"wp-block-heading\">Beber muita \u00e1gua emagrece mesmo?<\/h2>\n\n\n\n<p>Segundo profissionais da \u00e1rea da sa\u00fade, a \u00e1gua pode colaborar com o processo de perda de peso de diferentes formas: ajuda na digest\u00e3o, participa do metabolismo energ\u00e9tico e pode contribuir para a sensa\u00e7\u00e3o de saciedade em algumas situa\u00e7\u00f5es. No entanto, <strong><a href=\"https:\/\/www.correiobraziliense.com.br\/aqui\/2025\/12\/17\/os-riscos-da-agua-engarrafada-microplasticos-quimicos-e-bacterias\/\" target=\"_blank\" rel=\"noreferrer noopener\">a bebida por si s\u00f3 n\u00e3o queima gordura nem substitui mudan\u00e7as estruturais na rotina alimentar.<\/a><\/strong><\/p>\n\n\n\n<p>Em termos pr\u00e1ticos, a ingest\u00e3o adequada de l\u00edquidos auxilia o corpo a desempenhar fun\u00e7\u00f5es b\u00e1sicas, como transporte de nutrientes, regula\u00e7\u00e3o da temperatura e funcionamento dos rins. Em dietas de emagrecimento, a hidrata\u00e7\u00e3o tamb\u00e9m pode evitar que a sede seja confundida com fome, o que \u00e0s vezes leva a lanches desnecess\u00e1rios. Ainda assim, especialistas chamam aten\u00e7\u00e3o para o fato de que o emagrecimento saud\u00e1vel depende de um conjunto de fatores, como consumo regular de prote\u00ednas, fibras, sono de qualidade e acompanhamento cl\u00ednico, e n\u00e3o apenas do aumento de copos de \u00e1gua ao longo do dia.<\/p>\n\n\n\n<h2 class=\"wp-block-heading\">Quais s\u00e3o os riscos de beber \u00e1gua em excesso?<\/h2>\n\n\n\n<p>Quando o assunto \u00e9 excesso de \u00e1gua, os alertas se tornam mais firmes. A ingest\u00e3o muito elevada de l\u00edquidos, em curto per\u00edodo ou de forma cont\u00ednua, pode provocar um quadro chamado <strong>hiponatremia<\/strong>. Nessa condi\u00e7\u00e3o, o s\u00f3dio no sangue fica dilu\u00eddo al\u00e9m do adequado, alterando o equil\u00edbrio entre \u00e1gua e sais minerais nas c\u00e9lulas. Esse desequil\u00edbrio afeta diretamente o c\u00e9rebro, os m\u00fasculos e o cora\u00e7\u00e3o, \u00f3rg\u00e3os que dependem de concentra\u00e7\u00f5es espec\u00edficas de eletr\u00f3litos para funcionar de forma est\u00e1vel.<\/p>\n\n\n\n<p>Entre os sinais associados \u00e0 hiponatremia, especialistas costumam citar:<\/p>\n\n\n\n<ul class=\"wp-block-list\">\n<li>Dor de cabe\u00e7a persistente;<\/li>\n\n\n\n<li>N\u00e1useas e mal-estar;<\/li>\n\n\n\n<li>Confus\u00e3o mental ou dificuldade de racioc\u00ednio;<\/li>\n\n\n\n<li>Fraqueza intensa e sonol\u00eancia;<\/li>\n\n\n\n<li>Em situa\u00e7\u00f5es graves, convuls\u00f5es e risco de parada cardiorrespirat\u00f3ria.<\/li>\n<\/ul>\n\n\n\n<p>Esse quadro costuma ser mais frequente quando a pessoa for\u00e7a a ingest\u00e3o de \u00e1gua muito al\u00e9m da sede, seguindo metas r\u00edgidas de litros por dia, sem orienta\u00e7\u00e3o. Em indiv\u00edduos que praticam exerc\u00edcios intensos ou que suam muito, o risco aumenta se a reposi\u00e7\u00e3o for feita apenas com \u00e1gua, sem corre\u00e7\u00e3o de sais minerais. Nessas situa\u00e7\u00f5es, profissionais frequentemente indicam solu\u00e7\u00f5es espec\u00edficas com eletr\u00f3litos, de acordo com a avalia\u00e7\u00e3o cl\u00ednica.<\/p>\n\n\n\n<h2 class=\"wp-block-heading\">Como saber quanto de \u00e1gua beber por dia?<\/h2>\n\n\n\n<p>A pergunta \u201ccomo saber quanta \u00e1gua devo beber por dia?\u201d aparece com frequ\u00eancia em consultas e buscas online. N\u00e3o existe um n\u00famero \u00fanico que sirva para todas as pessoas. A quantidade adequada depende de fatores como peso corporal, idade, n\u00edvel de atividade f\u00edsica, temperatura do ambiente, alimenta\u00e7\u00e3o e presen\u00e7a de doen\u00e7as pr\u00e9-existentes, como problemas renais ou card\u00edacos. Por isso, seguir metas fixas de 5 ou 6 litros di\u00e1rios, sem avalia\u00e7\u00e3o individual, pode ser inadequado para grande parte da popula\u00e7\u00e3o.<\/p>\n\n\n\n<p>Algumas estrat\u00e9gias simples podem ajudar a monitorar a hidrata\u00e7\u00e3o ao longo do dia:<\/p>\n\n\n\n<ol class=\"wp-block-list\">\n<li><strong>Observar a sede<\/strong>: a sensa\u00e7\u00e3o de sede \u00e9 um sinal fisiol\u00f3gico importante e n\u00e3o deve ser ignorada.<\/li>\n\n\n\n<li><strong>Avaliar a cor da urina<\/strong>: em geral, uma urina clara ou levemente amarelada indica boa hidrata\u00e7\u00e3o; tons muito escuros podem sugerir baixa ingest\u00e3o de l\u00edquidos.<\/li>\n\n\n\n<li><strong>Considerar a rotina de exerc\u00edcios<\/strong>: pessoas que praticam esportes intensos ou trabalham em ambientes quentes tendem a precisar de mais l\u00edquidos e, em alguns casos, de reposi\u00e7\u00e3o de eletr\u00f3litos.<\/li>\n\n\n\n<li><strong>Verificar condi\u00e7\u00f5es de sa\u00fade<\/strong>: indiv\u00edduos com doen\u00e7as renais, card\u00edacas ou uso de certos medicamentos devem seguir orienta\u00e7\u00f5es espec\u00edficas de m\u00e9dicos e nutricionistas.<\/li>\n<\/ol>\n\n\n\n<p>Em cen\u00e1rio de grande exposi\u00e7\u00e3o nas redes, relatos de artistas e influenciadores sobre emagrecimento com altos volumes de \u00e1gua acabam ganhando visibilidade. Profissionais da sa\u00fade chamam aten\u00e7\u00e3o para a import\u00e2ncia de n\u00e3o replicar essas rotinas sem avalia\u00e7\u00e3o. Cada organismo possui necessidades pr\u00f3prias e o que \u00e9 tolerado por uma pessoa pode ser arriscado para outra. Assim, a \u00e1gua permanece como aliada importante na perda de peso, desde que seja consumida em quantidade adequada e integrada a um conjunto de h\u00e1bitos saud\u00e1veis, e n\u00e3o como solu\u00e7\u00e3o isolada para modificar o corpo.<\/p>\n\n\n\n<h2 class=\"wp-block-heading\">FAQ sobre hidrata\u00e7\u00e3o<\/h2>\n\n\n\n<p><strong>1. Hidrata\u00e7\u00e3o s\u00f3 vem da \u00e1gua ou outras bebidas tamb\u00e9m contam?<\/strong><\/p>\n\n\n\n<p>Em suma, a principal fonte de hidrata\u00e7\u00e3o \u00e9 a \u00e1gua pura, mas outras bebidas, como ch\u00e1s sem a\u00e7\u00facar, \u00e1gua de coco e at\u00e9 parte dos sucos naturais, tamb\u00e9m contribuem para o volume de l\u00edquidos di\u00e1rio. Entretanto, bebidas a\u00e7ucaradas, alco\u00f3licas ou muito cafeinadas podem trazer efeitos indesejados, como aumento de calorias ou efeito diur\u00e9tico excessivo. Portanto, \u00e9 recomend\u00e1vel priorizar \u00e1gua e op\u00e7\u00f5es com pouco ou nenhum a\u00e7\u00facar, usando as demais bebidas de forma moderada.<\/p>\n\n\n\n<p><strong>2. Alimentos tamb\u00e9m ajudam na hidrata\u00e7\u00e3o?<\/strong><\/p>\n\n\n\n<p>Sim. Frutas e verduras ricas em \u00e1gua, como melancia, laranja, pepino e tomate, podem contribuir significativamente para a hidrata\u00e7\u00e3o di\u00e1ria. Entretanto, mesmo com uma alimenta\u00e7\u00e3o rica em alimentos com alto teor de \u00e1gua, ainda \u00e9 importante manter o consumo regular de l\u00edquidos. Portanto, pense na combina\u00e7\u00e3o de \u00e1gua + alimentos ricos em \u00e1gua como um conjunto que trabalha a favor do equil\u00edbrio h\u00eddrico do organismo.<\/p>\n\n\n\n<p><strong>3. A hidrata\u00e7\u00e3o influencia na sa\u00fade da pele?<\/strong><\/p>\n\n\n\n<p>Estar bem hidratado favorece o funcionamento geral do organismo, e isso se reflete tamb\u00e9m na pele, que tende a ficar com aspecto mais vi\u00e7oso e menos ressecado. Entretanto, \u00e9 importante lembrar que a hidrata\u00e7\u00e3o da pele depende n\u00e3o s\u00f3 da ingest\u00e3o de \u00e1gua, mas tamb\u00e9m de fatores como uso de protetor solar, alimenta\u00e7\u00e3o equilibrada e cuidados t\u00f3picos. Portanto, a \u00e1gua \u00e9 uma aliada, mas n\u00e3o resolve sozinha todos os problemas de pele.<\/p>\n\n\n\n<p><strong>4. Tomar muita \u00e1gua de uma vez \u00e9 melhor do que beber aos poucos?<\/strong><\/p>\n\n\n\n<p>Em suma, o organismo aproveita melhor a \u00e1gua quando ela \u00e9 ingerida em pequenas quantidades ao longo do dia. Beber grandes volumes de uma s\u00f3 vez pode aumentar a vontade de urinar rapidamente, sem que haja tempo para um uso eficiente desse l\u00edquido pelo corpo. Entretanto, isso n\u00e3o significa que voc\u00ea precise ficar controlando obsessivamente cada gole. Portanto, uma boa estrat\u00e9gia \u00e9 ter \u00e1gua por perto e ir bebendo de forma fracionada, respeitando a sede.<\/p>\n\n\n\n<p><strong>5. Caf\u00e9 e ch\u00e1 prejudicam a hidrata\u00e7\u00e3o?<\/strong><\/p>\n\n\n\n<p>O caf\u00e9 e alguns ch\u00e1s possuem efeito diur\u00e9tico leve por causa da cafe\u00edna, o que pode aumentar um pouco a produ\u00e7\u00e3o de urina. Entretanto, em pessoas que os consomem de forma moderada, essas bebidas ainda somam l\u00edquido ao total di\u00e1rio. Ent\u00e3o, o que mais prejudica \u00e9 o excesso de cafe\u00edna e de a\u00e7\u00facar, n\u00e3o o consumo respons\u00e1vel em si. Portanto, a orienta\u00e7\u00e3o \u00e9 n\u00e3o substituir totalmente a \u00e1gua por essas bebidas e evitar exageros.<\/p>\n\n\n\n<p><strong>6. Hidrata\u00e7\u00e3o tem impacto no desempenho f\u00edsico e mental?<\/strong><\/p>\n\n\n\n<p>Mesmo uma desidrata\u00e7\u00e3o leve pode reduzir a capacidade de concentra\u00e7\u00e3o, provocar sensa\u00e7\u00e3o de cansa\u00e7o e diminuir o rendimento em atividades f\u00edsicas. Entretanto, muitas pessoas s\u00f3 percebem esse impacto quando j\u00e1 est\u00e3o com sinais evidentes, como dor de cabe\u00e7a ou tontura. Portanto, manter a hidrata\u00e7\u00e3o adequada ao longo do dia \u00e9 uma forma simples de apoiar tanto o desempenho f\u00edsico quanto o cognitivo.<\/p>\n\n\n\n<p><strong>7. \u00c9 poss\u00edvel estar desidratado mesmo sem sentir sede?<\/strong><\/p>\n\n\n\n<p>Em suma, sim, especialmente em idosos, crian\u00e7as pequenas e em pessoas muito focadas em tarefas que acabam \u201cesquecendo\u201d de beber \u00e1gua. Nesses casos, a sede pode n\u00e3o ser um indicador t\u00e3o confi\u00e1vel. Entretanto, outros sinais, como boca seca, urina escura, cansa\u00e7o fora do habitual e dor de cabe\u00e7a, podem sugerir falta de l\u00edquidos. Portanto, para alguns grupos, \u00e9 \u00fatil criar lembretes ou rotinas de ingest\u00e3o de \u00e1gua, mesmo que a sede n\u00e3o seja intensa.<\/p>\n\n\n\n<p><strong>8. A hidrata\u00e7\u00e3o muda em dias frios?<\/strong><\/p>\n\n\n\n<p>Sim: no frio, tende-se a sentir menos sede, mas o corpo continua perdendo \u00e1gua pela respira\u00e7\u00e3o e pela urina, e isso pode levar \u00e0 desidrata\u00e7\u00e3o silenciosa. Entretanto, como o suor \u00e9 menos evidente nesse per\u00edodo, muitas pessoas subestimam a necessidade de l\u00edquidos. Portanto, mesmo no inverno, \u00e9 importante manter o h\u00e1bito de beber \u00e1gua regularmente, ajustando quantidades de acordo com a rotina e as atividades.<\/p>\n\n\n\n<p><strong>9. Existe diferen\u00e7a entre beber \u00e1gua gelada ou em temperatura ambiente?<\/strong><\/p>\n\n\n\n<p>Para a hidrata\u00e7\u00e3o em si, ambas cumprem o mesmo papel, pois o que importa \u00e9 a quantidade total de \u00e1gua ingerida. \u00c1gua gelada pode ser mais agrad\u00e1vel em dias quentes e pode oferecer leve sensa\u00e7\u00e3o de refresc\u00e2ncia maior. Entretanto, algumas pessoas com sensibilidade g\u00e1strica preferem a temperatura ambiente, pois sentem mais conforto digestivo. Portanto, escolha a temperatura que seja mais f\u00e1cil de manter o h\u00e1bito de consumo ao longo do dia.<\/p>\n\n\n\n<p><strong>10. Pessoas que quase n\u00e3o suam precisam se preocupar menos com hidrata\u00e7\u00e3o?<\/strong><\/p>\n\n\n\n<p>O suor \u00e9 apenas uma das vias de perda de l\u00edquidos; o corpo tamb\u00e9m elimina \u00e1gua pela respira\u00e7\u00e3o, fezes e urina. Entretanto, quem sua pouco pode ter uma falsa impress\u00e3o de que perde pouca \u00e1gua e acabar reduzindo demais a ingest\u00e3o. Portanto, mesmo com baixa sudorese aparente, \u00e9 importante observar sinais gerais do corpo e manter um padr\u00e3o regular de ingest\u00e3o de l\u00edquidos, ajustando se houver pr\u00e1tica de exerc\u00edcios ou condi\u00e7\u00f5es clim\u00e1ticas mais extremas.<\/p>\n","protected":false},"excerpt":{"rendered":"<p>Excesso de \u00e1gua faz mal: descubra como beber muita \u00e1gua pode causar hiponatremia e riscos \u00e0 sa\u00fade, mesmo em dietas para emagrecer.<\/p>\n","protected":false},"author":8,"featured_media":19939,"comment_status":"open","ping_status":"open","sticky":false,"template":"","format":"standard","meta":{"jnews-multi-image_gallery":[],"jnews_single_post":{"format":"standard"},"jnews_primary_category":[],"jnews_social_meta":[],"jnews_override_counter":[],"footnotes":""},"categories":[123],"tags":[6457,6456,1454,6458,6281,141],"class_list":["post-19938","post","type-post","status-publish","format-standard","has-post-thumbnail","hentry","category-saude","tag-consumo-de-agua","tag-excesso-de-agua","tag-hidratacao","tag-hiponatremia","tag-perigos","tag-saude"],"yoast_head":"<!-- This site is optimized with the Yoast SEO plugin v25.1 - https:\/\/yoast.com\/wordpress\/plugins\/seo\/ -->\n<title>Excesso de \u00e1gua pode prejudicar a sa\u00fade? Especialista esclarece - Correio Braziliense - Aqui<\/title>\n<meta name=\"description\" content=\"Excesso de \u00e1gua faz mal: descubra como beber muita \u00e1gua pode causar hiponatremia e riscos \u00e0 sa\u00fade, mesmo em dietas para emagrecer.\" \/>\n<meta name=\"robots\" content=\"index, follow, max-snippet:-1, max-image-preview:large, max-video-preview:-1\" \/>\n<link rel=\"canonical\" href=\"https:\/\/www.correiobraziliense.com.br\/aqui\/2026\/01\/19\/excesso-de-agua-pode-prejudicar-a-saude-especialista-esclarece\/\" \/>\n<meta property=\"og:locale\" content=\"pt_BR\" \/>\n<meta property=\"og:type\" content=\"article\" \/>\n<meta property=\"og:title\" content=\"Excesso de \u00e1gua pode prejudicar a sa\u00fade? Especialista esclarece - Correio Braziliense - Aqui\" \/>\n<meta property=\"og:description\" content=\"Excesso de \u00e1gua faz mal: descubra como beber muita \u00e1gua pode causar hiponatremia e riscos \u00e0 sa\u00fade, mesmo em dietas para emagrecer.\" \/>\n<meta property=\"og:url\" content=\"https:\/\/www.correiobraziliense.com.br\/aqui\/2026\/01\/19\/excesso-de-agua-pode-prejudicar-a-saude-especialista-esclarece\/\" \/>\n<meta property=\"og:site_name\" content=\"Correio Braziliense - Aqui\" \/>\n<meta property=\"article:published_time\" content=\"2026-01-19T19:04:21+00:00\" \/>\n<meta property=\"article:modified_time\" content=\"2026-01-19T19:04:25+00:00\" \/>\n<meta property=\"og:image\" content=\"https:\/\/www.correiobraziliense.com.br\/aqui\/wp-content\/uploads\/2026\/01\/httpsneuralmyth.comstaticcachee1b633f6-abfc-4113-9641-2958fd6b117e.jpeg\" \/>\n\t<meta property=\"og:image:width\" content=\"1280\" \/>\n\t<meta property=\"og:image:height\" content=\"720\" \/>\n\t<meta property=\"og:image:type\" content=\"image\/jpeg\" \/>\n<meta name=\"author\" content=\"Lara\" \/>\n<meta name=\"twitter:card\" content=\"summary_large_image\" \/>\n<meta name=\"twitter:label1\" content=\"Escrito por\" \/>\n\t<meta name=\"twitter:data1\" content=\"Lara\" \/>\n\t<meta name=\"twitter:label2\" content=\"Est. tempo de leitura\" \/>\n\t<meta name=\"twitter:data2\" content=\"9 minutos\" \/>\n<!-- \/ Yoast SEO plugin. -->","yoast_head_json":{"title":"Excesso de \u00e1gua pode prejudicar a sa\u00fade? Especialista esclarece - Correio Braziliense - Aqui","description":"Excesso de \u00e1gua faz mal: descubra como beber muita \u00e1gua pode causar hiponatremia e riscos \u00e0 sa\u00fade, mesmo em dietas para emagrecer.","robots":{"index":"index","follow":"follow","max-snippet":"max-snippet:-1","max-image-preview":"max-image-preview:large","max-video-preview":"max-video-preview:-1"},"canonical":"https:\/\/www.correiobraziliense.com.br\/aqui\/2026\/01\/19\/excesso-de-agua-pode-prejudicar-a-saude-especialista-esclarece\/","og_locale":"pt_BR","og_type":"article","og_title":"Excesso de \u00e1gua pode prejudicar a sa\u00fade? Especialista esclarece - Correio Braziliense - Aqui","og_description":"Excesso de \u00e1gua faz mal: descubra como beber muita \u00e1gua pode causar hiponatremia e riscos \u00e0 sa\u00fade, mesmo em dietas para emagrecer.","og_url":"https:\/\/www.correiobraziliense.com.br\/aqui\/2026\/01\/19\/excesso-de-agua-pode-prejudicar-a-saude-especialista-esclarece\/","og_site_name":"Correio Braziliense - Aqui","article_published_time":"2026-01-19T19:04:21+00:00","article_modified_time":"2026-01-19T19:04:25+00:00","og_image":[{"width":1280,"height":720,"url":"https:\/\/www.correiobraziliense.com.br\/aqui\/wp-content\/uploads\/2026\/01\/httpsneuralmyth.comstaticcachee1b633f6-abfc-4113-9641-2958fd6b117e.jpeg","type":"image\/jpeg"}],"author":"Lara","twitter_card":"summary_large_image","twitter_misc":{"Escrito por":"Lara","Est. tempo de leitura":"9 minutos"},"schema":{"@context":"https:\/\/schema.org","@graph":[{"@type":"WebPage","@id":"https:\/\/www.correiobraziliense.com.br\/aqui\/2026\/01\/19\/excesso-de-agua-pode-prejudicar-a-saude-especialista-esclarece\/","url":"https:\/\/www.correiobraziliense.com.br\/aqui\/2026\/01\/19\/excesso-de-agua-pode-prejudicar-a-saude-especialista-esclarece\/","name":"Excesso de \u00e1gua pode prejudicar a sa\u00fade? Especialista esclarece - Correio Braziliense - Aqui","isPartOf":{"@id":"https:\/\/www.correiobraziliense.com.br\/aqui\/#website"},"primaryImageOfPage":{"@id":"https:\/\/www.correiobraziliense.com.br\/aqui\/2026\/01\/19\/excesso-de-agua-pode-prejudicar-a-saude-especialista-esclarece\/#primaryimage"},"image":{"@id":"https:\/\/www.correiobraziliense.com.br\/aqui\/2026\/01\/19\/excesso-de-agua-pode-prejudicar-a-saude-especialista-esclarece\/#primaryimage"},"thumbnailUrl":"https:\/\/www.correiobraziliense.com.br\/aqui\/wp-content\/uploads\/2026\/01\/httpsneuralmyth.comstaticcachee1b633f6-abfc-4113-9641-2958fd6b117e.jpeg","datePublished":"2026-01-19T19:04:21+00:00","dateModified":"2026-01-19T19:04:25+00:00","author":{"@id":"https:\/\/www.correiobraziliense.com.br\/aqui\/#\/schema\/person\/5d6e4d99fecc86ab1a7ed1a0369afb65"},"description":"Excesso de \u00e1gua faz mal: descubra como beber muita \u00e1gua pode causar hiponatremia e riscos \u00e0 sa\u00fade, mesmo em dietas para emagrecer.","breadcrumb":{"@id":"https:\/\/www.correiobraziliense.com.br\/aqui\/2026\/01\/19\/excesso-de-agua-pode-prejudicar-a-saude-especialista-esclarece\/#breadcrumb"},"inLanguage":"pt-BR","potentialAction":[{"@type":"ReadAction","target":["https:\/\/www.correiobraziliense.com.br\/aqui\/2026\/01\/19\/excesso-de-agua-pode-prejudicar-a-saude-especialista-esclarece\/"]}]},{"@type":"ImageObject","inLanguage":"pt-BR","@id":"https:\/\/www.correiobraziliense.com.br\/aqui\/2026\/01\/19\/excesso-de-agua-pode-prejudicar-a-saude-especialista-esclarece\/#primaryimage","url":"https:\/\/www.correiobraziliense.com.br\/aqui\/wp-content\/uploads\/2026\/01\/httpsneuralmyth.comstaticcachee1b633f6-abfc-4113-9641-2958fd6b117e.jpeg","contentUrl":"https:\/\/www.correiobraziliense.com.br\/aqui\/wp-content\/uploads\/2026\/01\/httpsneuralmyth.comstaticcachee1b633f6-abfc-4113-9641-2958fd6b117e.jpeg","width":1280,"height":720,"caption":"Cr\u00e9ditos: depositphotos.com \/ VitalikRadko"},{"@type":"BreadcrumbList","@id":"https:\/\/www.correiobraziliense.com.br\/aqui\/2026\/01\/19\/excesso-de-agua-pode-prejudicar-a-saude-especialista-esclarece\/#breadcrumb","itemListElement":[{"@type":"ListItem","position":1,"name":"In\u00edcio","item":"https:\/\/www.correiobraziliense.com.br\/aqui\/"},{"@type":"ListItem","position":2,"name":"Excesso de \u00e1gua pode prejudicar a sa\u00fade? Especialista esclarece"}]},{"@type":"WebSite","@id":"https:\/\/www.correiobraziliense.com.br\/aqui\/#website","url":"https:\/\/www.correiobraziliense.com.br\/aqui\/","name":"Correio Braziliense - Aqui","description":"O Correio Braziliense (CB) \u00e9 o mais importante canal de not\u00edcias de Bras\u00edlia. Aqui voc\u00ea encontra as \u00faltimas not\u00edcias do DF, do Brasil e do mundo.","potentialAction":[{"@type":"SearchAction","target":{"@type":"EntryPoint","urlTemplate":"https:\/\/www.correiobraziliense.com.br\/aqui\/?s={search_term_string}"},"query-input":{"@type":"PropertyValueSpecification","valueRequired":true,"valueName":"search_term_string"}}],"inLanguage":"pt-BR"},{"@type":"Person","@id":"https:\/\/www.correiobraziliense.com.br\/aqui\/#\/schema\/person\/5d6e4d99fecc86ab1a7ed1a0369afb65","name":"Lara","image":{"@type":"ImageObject","inLanguage":"pt-BR","@id":"https:\/\/www.correiobraziliense.com.br\/aqui\/#\/schema\/person\/image\/","url":"https:\/\/secure.gravatar.com\/avatar\/57056c5c343a6d8a6669688d3d2c04916d9d280b352b6e50e66a8d39b2517e00?s=96&d=mm&r=g","contentUrl":"https:\/\/secure.gravatar.com\/avatar\/57056c5c343a6d8a6669688d3d2c04916d9d280b352b6e50e66a8d39b2517e00?s=96&d=mm&r=g","caption":"Lara"},"url":"https:\/\/www.correiobraziliense.com.br\/aqui\/author\/laraaqui\/"}]}},"_links":{"self":[{"href":"https:\/\/www.correiobraziliense.com.br\/aqui\/wp-json\/wp\/v2\/posts\/19938","targetHints":{"allow":["GET"]}}],"collection":[{"href":"https:\/\/www.correiobraziliense.com.br\/aqui\/wp-json\/wp\/v2\/posts"}],"about":[{"href":"https:\/\/www.correiobraziliense.com.br\/aqui\/wp-json\/wp\/v2\/types\/post"}],"author":[{"embeddable":true,"href":"https:\/\/www.correiobraziliense.com.br\/aqui\/wp-json\/wp\/v2\/users\/8"}],"replies":[{"embeddable":true,"href":"https:\/\/www.correiobraziliense.com.br\/aqui\/wp-json\/wp\/v2\/comments?post=19938"}],"version-history":[{"count":1,"href":"https:\/\/www.correiobraziliense.com.br\/aqui\/wp-json\/wp\/v2\/posts\/19938\/revisions"}],"predecessor-version":[{"id":19941,"href":"https:\/\/www.correiobraziliense.com.br\/aqui\/wp-json\/wp\/v2\/posts\/19938\/revisions\/19941"}],"wp:featuredmedia":[{"embeddable":true,"href":"https:\/\/www.correiobraziliense.com.br\/aqui\/wp-json\/wp\/v2\/media\/19939"}],"wp:attachment":[{"href":"https:\/\/www.correiobraziliense.com.br\/aqui\/wp-json\/wp\/v2\/media?parent=19938"}],"wp:term":[{"taxonomy":"category","embeddable":true,"href":"https:\/\/www.correiobraziliense.com.br\/aqui\/wp-json\/wp\/v2\/categories?post=19938"},{"taxonomy":"post_tag","embeddable":true,"href":"https:\/\/www.correiobraziliense.com.br\/aqui\/wp-json\/wp\/v2\/tags?post=19938"}],"curies":[{"name":"wp","href":"https:\/\/api.w.org\/{rel}","templated":true}]}}