{"id":20011,"date":"2026-01-20T11:00:00","date_gmt":"2026-01-20T14:00:00","guid":{"rendered":"https:\/\/www.correiobraziliense.com.br\/aqui\/?p=20011"},"modified":"2026-01-20T10:53:10","modified_gmt":"2026-01-20T13:53:10","slug":"absorvente-interno-no-verao-cuidados-essencias","status":"publish","type":"post","link":"https:\/\/www.correiobraziliense.com.br\/aqui\/2026\/01\/20\/absorvente-interno-no-verao-cuidados-essencias\/","title":{"rendered":"Absorvente interno no ver\u00e3o: cuidados ess\u00eancias"},"content":{"rendered":"\n<p>O uso de absorvente interno no <a href=\"https:\/\/www.correiobraziliense.com.br\/aqui\/2025\/12\/30\/protecao-maxima-no-verao-o-que-nao-pode-faltar-para-evitar-danos-do-sol\/\">ver\u00e3o<\/a> costuma gerar d\u00favidas e receios, principalmente por causa do calor, da umidade e das atividades na \u00e1gua, como praia e piscina. De forma geral, especialistas explicam que o produto pode ser utilizado com seguran\u00e7a nessa esta\u00e7\u00e3o, desde que alguns cuidados b\u00e1sicos sejam seguidos. A aten\u00e7\u00e3o maior est\u00e1 ligada \u00e0 frequ\u00eancia de troca, \u00e0 higiene das m\u00e3os e \u00e0 observa\u00e7\u00e3o de sinais que possam indicar altera\u00e7\u00f5es na sa\u00fade \u00edntima.<\/p>\n\n\n\n<p>Em dias quentes, o ambiente genital tende a ficar mais \u00famido, principalmente quando h\u00e1 transpira\u00e7\u00e3o intensa, roupas de banho por longos per\u00edodos ou pe\u00e7as muito apertadas. Esse cen\u00e1rio favorece o crescimento de bact\u00e9rias e fungos, o que pode impactar tanto quem usa absorvente interno quanto outros tipos de prote\u00e7\u00e3o menstrual.<\/p>\n\n\n\n<h2 class=\"wp-block-heading\">Absorvente interno no ver\u00e3o: quais cuidados s\u00e3o realmente essenciais?<\/h2>\n\n\n\n<p>A palavra-chave para o uso seguro do absorvente interno no ver\u00e3o \u00e9 <strong>tempo de uso<\/strong>. Profissionais de sa\u00fade recomendam que o produto seja trocado, em m\u00e9dia, a cada 4 a 6 horas, mesmo em dias de praia, piscina ou longos per\u00edodos fora de casa. Permanecer mais tempo que isso aumenta o risco de infec\u00e7\u00f5es e de quadros raros, por\u00e9m graves, como a s\u00edndrome do choque t\u00f3xico, associada ao uso prolongado de produtos internos sem troca adequada. Em suma, quanto menor o tempo de perman\u00eancia, menores as chances de complica\u00e7\u00f5es.<\/p>\n\n\n\n<p>A higiene das m\u00e3os tamb\u00e9m \u00e9 apontada como um ponto decisivo. Antes de colocar ou retirar o absorvente interno, indica-se lavar bem as m\u00e3os com \u00e1gua e sab\u00e3o. Esse cuidado simples reduz a possibilidade de levar micro-organismos para a regi\u00e3o \u00edntima. Al\u00e9m disso, recomenda-se evitar o uso do produto em situa\u00e7\u00f5es de irrita\u00e7\u00e3o pr\u00e9via, machucados locais ou infec\u00e7\u00f5es ativas, momentos em que a mucosa pode estar mais sens\u00edvel. Portanto, se houver qualquer dor, ard\u00eancia ou feridinha vis\u00edvel, a melhor atitude \u00e9 pausar o uso, tratar o problema e, ent\u00e3o, s\u00f3 retomar o absorvente interno com libera\u00e7\u00e3o profissional.<\/p>\n\n\n\n<p>Entretanto, muitas pessoas se preocupam se o absorvente interno \u201cesquenta\u201d mais no ver\u00e3o. O que aumenta o desconforto, na pr\u00e1tica, \u00e9 o combo calor + umidade + tempo prolongado de uso, e n\u00e3o o produto em si. Assim, manter-se hidratada, trocar pe\u00e7as \u00edntimas molhadas e preferir banhos r\u00e1pidos ap\u00f3s muito suor ajudam bastante a equilibrar o ambiente vaginal.<\/p>\n\n\n\n<h2 class=\"wp-block-heading\">Como usar absorvente interno na praia e na piscina sem riscos?<\/h2>\n\n\n\n<p>O absorvente interno \u00e9 considerado uma alternativa pr\u00e1tica para quem deseja aproveitar praia ou piscina durante o per\u00edodo menstrual, j\u00e1 que permite maior liberdade de movimento. A orienta\u00e7\u00e3o mais repetida por ginecologistas \u00e9 entrar na \u00e1gua com um absorvente novo e realizar a troca assim que sair. Ficar muitas horas com o absorvente \u00famido pode favorecer desequil\u00edbrios na flora vaginal e aumentar o desconforto.<\/p>\n\n\n\n<p>Alguns cuidados costumam ser recomendados nesses cen\u00e1rios:<\/p>\n\n\n\n<ul class=\"wp-block-list\">\n<li>Colocar um absorvente interno novo pouco antes de entrar na \u00e1gua;<\/li>\n\n\n\n<li>Trocar o produto logo ap\u00f3s sair da piscina ou do mar;<\/li>\n\n\n\n<li>Evitar permanecer o dia inteiro com o mesmo biqu\u00edni ou mai\u00f4 molhado;<\/li>\n\n\n\n<li>Preferir pe\u00e7as que permitam secagem mais r\u00e1pida ou levar roupa \u00edntima extra.<\/li>\n<\/ul>\n\n\n\n<p>Essas medidas ajudam a reduzir o tempo de umidade cont\u00ednua na regi\u00e3o e colaboram para manter o equil\u00edbrio da microbiota vaginal, diminuindo a chance de candid\u00edase e vaginoses. Portanto, al\u00e9m da troca correta do absorvente interno, o cuidado com o traje de banho faz muita diferen\u00e7a. Ent\u00e3o, se voc\u00ea passa o dia na praia, por exemplo, vale alternar entre biqu\u00edni seco e molhado e, sempre que poss\u00edvel, tomar uma ducha r\u00e1pida para retirar res\u00edduos de sal, areia ou cloro.<\/p>\n\n\n\n<p>Entretanto, \u00e9 importante destacar que nadar com absorvente interno n\u00e3o interfere no fluxo do sangue menstrual. A \u00e1gua pode at\u00e9 reduzir momentaneamente a intensidade do sangramento aparente, mas n\u00e3o \u201csegura\u201d a menstrua\u00e7\u00e3o. Por isso, em suma, o absorvente continua necess\u00e1rio para evitar escapes ao sair da \u00e1gua e para manter a sensa\u00e7\u00e3o de seguran\u00e7a durante as atividades.<\/p>\n\n\n\n<h2 class=\"wp-block-heading\">Como escolher e usar absorvente interno pela primeira vez?<\/h2>\n\n\n\n<p>Para quem nunca utilizou absorvente interno, a recomenda\u00e7\u00e3o comum \u00e9 iniciar em dias de fluxo leve e com tamanhos menores, como mini ou regular. A escolha do tamanho deve acompanhar a intensidade do fluxo menstrual: vers\u00f5es menores funcionam melhor para sangramentos leves a moderados, enquanto tamanhos \u201csuper\u201d tendem a ser reservados para fluxos mais intensos. A indica\u00e7\u00e3o geral \u00e9 optar sempre pelo menor tamanho que d\u00ea conta do fluxo daquele dia. Em suma, come\u00e7ar com o menor modelo ajuda na adapta\u00e7\u00e3o f\u00edsica e emocional, reduzindo o medo e a sensa\u00e7\u00e3o de corpo estranho.<\/p>\n\n\n\n<p>Alguns passos podem facilitar o primeiro uso de absorvente interno:<\/p>\n\n\n\n<ol class=\"wp-block-list\">\n<li>Ler com calma as instru\u00e7\u00f5es da embalagem antes de come\u00e7ar;<\/li>\n\n\n\n<li>Higienizar as m\u00e3os adequadamente;<\/li>\n\n\n\n<li>Encontrar uma posi\u00e7\u00e3o confort\u00e1vel, como sentada ou levemente agachada;<\/li>\n\n\n\n<li>Inserir o absorvente interno seguindo o \u00e2ngulo indicado pelo fabricante;<\/li>\n\n\n\n<li>Observar o conforto: se estiver incomodando, \u00e9 sinal de que pode estar mal posicionado.<\/li>\n<\/ol>\n\n\n\n<p>O absorvente interno n\u00e3o deve provocar dor. Se houver inc\u00f4modo constante, dificuldade para inserir ou retirar o produto, recomenda-se interromper o uso e buscar avalia\u00e7\u00e3o profissional para descartar outras causas. Portanto, n\u00e3o insista se o desconforto persistir, principalmente se vier acompanhado de sangramento fora do padr\u00e3o ou dor intensa.<\/p>\n\n\n\n<p>Ent\u00e3o, para tornar a experi\u00eancia mais tranquila, vale escolher momentos em que voc\u00ea esteja em casa, sem pressa, e de prefer\u00eancia em um dia de menor fluxo. Respirar fundo, relaxar a musculatura da regi\u00e3o p\u00e9lvica e, se necess\u00e1rio, testar modelos com aplicador podem tornar o processo mais simples. Entretanto, se houver hist\u00f3rico de vaginismo, traumas ou dores p\u00e9lvicas cr\u00f4nicas, \u00e9 ainda mais importante conversar com um profissional antes de tentar o absorvente interno.<\/p>\n\n\n\n<h2 class=\"wp-block-heading\">Dormir com absorvente interno \u00e9 recomendado?<\/h2>\n\n\n\n<p>O per\u00edodo de sono costuma ultrapassar o intervalo considerado ideal de troca do absorvente interno. Por esse motivo, muitos especialistas n\u00e3o indicam dormir com o produto, independentemente da esta\u00e7\u00e3o do ano. Durante a noite, \u00e9 comum ficar de 7 a 8 horas sem troca, o que ultrapassa o limite de seguran\u00e7a sugerido de 4 a 6 horas.<\/p>\n\n\n\n<p>Como alternativa, costumam ser citados:<\/p>\n\n\n\n<ul class=\"wp-block-list\">\n<li><strong>Absorvente externo longo<\/strong>, que oferece maior cobertura;<\/li>\n\n\n\n<li><strong>Calcinhas absorventes<\/strong>, principalmente em fluxos leves a moderados;<\/li>\n\n\n\n<li><strong>Coletor menstrual<\/strong>, para quem j\u00e1 se adaptou ao uso e recebeu orienta\u00e7\u00e3o adequada.<\/li>\n<\/ul>\n\n\n\n<p>A escolha do m\u00e9todo deve considerar conforto, rotina de sono e, sempre que poss\u00edvel, orienta\u00e7\u00e3o de um profissional de sa\u00fade. Portanto, se voc\u00ea costuma se mexer muito durante a noite ou tem fluxo muito intenso, talvez valha combinar mais de um m\u00e9todo (como calcinha absorvente + absorvente externo longo) para se sentir mais segura. Ent\u00e3o, observe como cada alternativa funciona para o seu corpo e ajuste conforme a necessidade.<\/p>\n\n\n\n<p>Entretanto, mesmo com m\u00e9todos noturnos, manter uma boa higiene \u00edntima continua essencial: tomar banho ao acordar, trocar imediatamente os produtos usados e evitar o uso di\u00e1rio de sabonetes muito agressivos ajudam a preservar a flora vaginal.<\/p>\n\n\n\n<h2 class=\"wp-block-heading\">Quais sinais indicam problemas no uso do absorvente interno?<\/h2>\n\n\n\n<p>Alguns sintomas durante ou ap\u00f3s o uso de absorvente interno s\u00e3o considerados sinais de alerta e merecem aten\u00e7\u00e3o imediata. Entre eles, costumam ser citados: dor p\u00e9lvica intensa ap\u00f3s o uso, coceira forte, sensa\u00e7\u00e3o de queima\u00e7\u00e3o, corrimento com odor intenso ou alterado, febre, mal-estar geral e dor ao urinar. Esses quadros podem sugerir infec\u00e7\u00f5es, alergias ou desequil\u00edbrios da flora vaginal. Em suma, qualquer mudan\u00e7a brusca no cheiro, na cor ou na consist\u00eancia do corrimento merece investiga\u00e7\u00e3o.<\/p>\n\n\n\n<p>Diante de qualquer desconforto persistente, a orienta\u00e7\u00e3o \u00e9 suspender o uso do absorvente interno e procurar atendimento m\u00e9dico. A avalia\u00e7\u00e3o especializada permite identificar se h\u00e1 candid\u00edase, vaginose bacteriana, infec\u00e7\u00e3o mista ou outra condi\u00e7\u00e3o que exija tratamento espec\u00edfico. Em muitos casos, ajustes simples de h\u00e1bitos, troca de tipo de absorvente ou mudan\u00e7a de rotina de higiene j\u00e1 reduzem significativamente os epis\u00f3dios de irrita\u00e7\u00e3o. Portanto, n\u00e3o se culpe nem tente \u201caguentar\u201d o inc\u00f4modo por vergonha: ent\u00e3o, quanto antes voc\u00ea buscar ajuda, mais r\u00e1pido tende a ser o al\u00edvio dos sintomas.<\/p>\n\n\n\n<p>Entretanto, vale refor\u00e7ar que nem toda coceira ou ard\u00eancia est\u00e1 ligada apenas ao absorvente interno. Roupas muito apertadas, uso frequente de protetores di\u00e1rios, sabonetes perfumados, len\u00e7os umedecidos \u00edntimos e at\u00e9 depila\u00e7\u00e3o muito agressiva tamb\u00e9m podem irritar a regi\u00e3o. Por isso, em suma, olhar o conjunto de h\u00e1bitos \u00e9 fundamental para entender a origem do problema.<\/p>\n\n\n\n<h2 class=\"wp-block-heading\">Alternativas ao absorvente interno para o ver\u00e3o<\/h2>\n\n\n\n<p>Para quem n\u00e3o se adapta ao absorvente interno no ver\u00e3o, existem outras op\u00e7\u00f5es de manejo da menstrua\u00e7\u00e3o. O coletor menstrual, por exemplo, \u00e9 um dispositivo interno de silicone flex\u00edvel que muitos relatam usar por at\u00e9 8 a 12 horas, dependendo da orienta\u00e7\u00e3o do fabricante e do fluxo. J\u00e1 as calcinhas absorventes e os absorventes externos respir\u00e1veis podem ser \u00fateis em dias de fluxo mais leve ou em momentos de descanso.<\/p>\n\n\n\n<p>A escolha entre absorvente interno, coletor, calcinha absorvente ou absorvente externo tende a ser individual e pode mudar conforme a fase da vida, o tipo de atividade, o clima e o conforto percebido. Em qualquer esta\u00e7\u00e3o, inclusive no ver\u00e3o, manter a higiene adequada, respeitar o tempo de uso de cada produto e observar atentamente os sinais do pr\u00f3prio corpo s\u00e3o medidas centrais para preservar a sa\u00fade \u00edntima. Em suma, n\u00e3o existe \u201cm\u00e9todo perfeito\u201d que sirva para todas as pessoas; o mais importante \u00e9 encontrar o que se encaixa melhor na sua rotina, no seu fluxo e na sua sensa\u00e7\u00e3o de bem-estar.<\/p>\n\n\n\n<p>Ent\u00e3o, se voc\u00ea ainda est\u00e1 em d\u00favida sobre qual op\u00e7\u00e3o escolher, uma consulta com um ginecologista pode ajudar a avaliar hist\u00f3rico de alergias, intensidade de fluxo, pr\u00e1ticas esportivas e estilo de vida. Entretanto, lembre-se: a decis\u00e3o final deve levar em conta o que faz voc\u00ea se sentir segura, confort\u00e1vel e em paz com o pr\u00f3prio corpo.<\/p>\n\n\n\n<h2 class=\"wp-block-heading\">FAQ \u2013 Perguntas frequentes sobre absorvente interno no ver\u00e3o<\/h2>\n\n\n\n<p><strong>1. Posso usar absorvente interno todos os dias da menstrua\u00e7\u00e3o?<\/strong><br>Sim, voc\u00ea pode usar absorvente interno em todos os dias do ciclo menstrual, desde que respeite o intervalo de troca recomendado (em m\u00e9dia, a cada 4 a 6 horas) e escolha o tamanho adequado para cada fase do fluxo. Em suma, alterne tamanhos menores nos \u00faltimos dias e observe se a regi\u00e3o permanece confort\u00e1vel, sem irrita\u00e7\u00e3o.<\/p>\n\n\n\n<p><strong>2. \u00c9 seguro usar absorvente interno em dias muito quentes e \u00famidos?<\/strong><br>Sim, \u00e9 seguro, entretanto o calor e a umidade exigem ainda mais aten\u00e7\u00e3o ao tempo de uso, \u00e0 higiene das m\u00e3os e \u00e0s roupas escolhidas. Portanto, prefira pe\u00e7as leves, evite ficar horas com biqu\u00edni molhado e, ent\u00e3o, troque o absorvente com mais frequ\u00eancia se sentir aumento de suor ou desconforto.<\/p>\n\n\n\n<p><strong>3. O absorvente interno pode tirar a virgindade?<\/strong><br>N\u00e3o. A virgindade se relaciona a uma quest\u00e3o cultural e pessoal, geralmente ligada \u00e0 experi\u00eancia sexual com penetra\u00e7\u00e3o, e n\u00e3o ao uso de absorventes internos. Entretanto, o absorvente pode dilatar parcialmente o h\u00edmen em algumas pessoas. Portanto, se essa for uma preocupa\u00e7\u00e3o importante para voc\u00ea, conversar com um profissional pode esclarecer d\u00favidas de forma individualizada.<\/p>\n\n\n\n<p><strong>4. Posso usar lubrificante para colocar o absorvente interno?<\/strong><br>Em suma, n\u00e3o se recomenda o uso rotineiro de lubrificante, porque ele pode alterar a absor\u00e7\u00e3o do produto. Entretanto, em casos de muita secura vaginal ou dificuldade inicial, alguns profissionais permitem pequena quantidade de lubrificante \u00e0 base de \u00e1gua na entrada da vagina, e n\u00e3o diretamente no absorvente. Portanto, o ideal \u00e9 pedir orienta\u00e7\u00e3o ao seu ginecologista antes de adotar essa pr\u00e1tica.<\/p>\n\n\n\n<p><strong>5. Absorvente interno com perfume \u00e9 uma boa op\u00e7\u00e3o para o ver\u00e3o?<\/strong><br>N\u00e3o costuma ser a melhor escolha. Produtos perfumados podem irritar a mucosa vaginal e favorecer alergias, principalmente com calor e suor. Ent\u00e3o, em suma, priorize absorventes internos sem fragr\u00e2ncia, pois eles agridem menos a flora vaginal e reduzem o risco de coceira, ard\u00eancia e corrimento alterado.<\/p>\n\n\n\n<p><strong>6. Posso usar absorvente interno junto com protetor di\u00e1rio?<\/strong><br>Voc\u00ea at\u00e9 pode combinar, por exemplo, absorvente interno + protetor di\u00e1rio para segurar poss\u00edveis escapes. Entretanto, o uso di\u00e1rio e prolongado de protetor pode abafar a regi\u00e3o e aumentar a umidade. Portanto, em suma, reserve o protetor para situa\u00e7\u00f5es pontuais (como viagens ou longos per\u00edodos fora de casa) e d\u00ea prefer\u00eancia a calcinhas de algod\u00e3o em dias comuns.<\/p>\n","protected":false},"excerpt":{"rendered":"<p>O uso de absorvente interno no ver\u00e3o costuma gerar d\u00favidas e receios, principalmente por causa do calor, da umidade e das atividades na \u00e1gua, como praia e piscina. De forma geral, especialistas explicam que o produto pode ser utilizado com seguran\u00e7a nessa esta\u00e7\u00e3o, desde que alguns cuidados b\u00e1sicos sejam seguidos. A aten\u00e7\u00e3o maior est\u00e1 ligada [&hellip;]<\/p>\n","protected":false},"author":10,"featured_media":20012,"comment_status":"open","ping_status":"open","sticky":false,"template":"","format":"standard","meta":{"jnews-multi-image_gallery":[],"jnews_single_post":{"format":"standard"},"jnews_primary_category":[],"jnews_social_meta":[],"jnews_override_counter":[],"footnotes":""},"categories":[199,123],"tags":[6478,6477,141,6074,2920],"class_list":["post-20011","post","type-post","status-publish","format-standard","has-post-thumbnail","hentry","category-bem-estar","category-saude","tag-absorvente","tag-absorvente-interno","tag-saude","tag-saude-intima","tag-verao"],"yoast_head":"<!-- This site is optimized with the Yoast SEO plugin v25.1 - https:\/\/yoast.com\/wordpress\/plugins\/seo\/ -->\n<title>Absorvente interno no ver\u00e3o: cuidados ess\u00eancias - Correio Braziliense - Aqui<\/title>\n<meta name=\"description\" content=\"Absorvente interno no ver\u00e3o: saiba como usar com seguran\u00e7a, tempo de troca ideal, evitar infec\u00e7\u00f5es e identificar sinais de alerta.\" \/>\n<meta name=\"robots\" content=\"index, follow, max-snippet:-1, max-image-preview:large, max-video-preview:-1\" \/>\n<link rel=\"canonical\" href=\"https:\/\/www.correiobraziliense.com.br\/aqui\/2026\/01\/20\/absorvente-interno-no-verao-cuidados-essencias\/\" \/>\n<meta property=\"og:locale\" content=\"pt_BR\" \/>\n<meta property=\"og:type\" content=\"article\" \/>\n<meta property=\"og:title\" content=\"Absorvente interno no ver\u00e3o: cuidados ess\u00eancias - Correio Braziliense - Aqui\" \/>\n<meta property=\"og:description\" content=\"Absorvente interno no ver\u00e3o: saiba como usar com seguran\u00e7a, tempo de troca ideal, evitar infec\u00e7\u00f5es e identificar sinais de alerta.\" \/>\n<meta property=\"og:url\" content=\"https:\/\/www.correiobraziliense.com.br\/aqui\/2026\/01\/20\/absorvente-interno-no-verao-cuidados-essencias\/\" \/>\n<meta property=\"og:site_name\" content=\"Correio Braziliense - Aqui\" \/>\n<meta property=\"article:published_time\" content=\"2026-01-20T14:00:00+00:00\" \/>\n<meta property=\"og:image\" content=\"https:\/\/www.correiobraziliense.com.br\/aqui\/wp-content\/uploads\/2026\/01\/httpsneuralmyth.comstaticcacheb6d876ba-1cbe-48d0-83d1-fff4970bd3b1.jpeg\" \/>\n\t<meta property=\"og:image:width\" content=\"1280\" \/>\n\t<meta property=\"og:image:height\" content=\"720\" \/>\n\t<meta property=\"og:image:type\" content=\"image\/jpeg\" \/>\n<meta name=\"author\" content=\"Larissa\" \/>\n<meta name=\"twitter:card\" content=\"summary_large_image\" \/>\n<meta name=\"twitter:label1\" content=\"Escrito por\" \/>\n\t<meta name=\"twitter:data1\" content=\"Larissa\" \/>\n\t<meta name=\"twitter:label2\" content=\"Est. tempo de leitura\" \/>\n\t<meta name=\"twitter:data2\" content=\"12 minutos\" \/>\n<!-- \/ Yoast SEO plugin. -->","yoast_head_json":{"title":"Absorvente interno no ver\u00e3o: cuidados ess\u00eancias - Correio Braziliense - Aqui","description":"Absorvente interno no ver\u00e3o: saiba como usar com seguran\u00e7a, tempo de troca ideal, evitar infec\u00e7\u00f5es e identificar sinais de alerta.","robots":{"index":"index","follow":"follow","max-snippet":"max-snippet:-1","max-image-preview":"max-image-preview:large","max-video-preview":"max-video-preview:-1"},"canonical":"https:\/\/www.correiobraziliense.com.br\/aqui\/2026\/01\/20\/absorvente-interno-no-verao-cuidados-essencias\/","og_locale":"pt_BR","og_type":"article","og_title":"Absorvente interno no ver\u00e3o: cuidados ess\u00eancias - Correio Braziliense - Aqui","og_description":"Absorvente interno no ver\u00e3o: saiba como usar com seguran\u00e7a, tempo de troca ideal, evitar infec\u00e7\u00f5es e identificar sinais de alerta.","og_url":"https:\/\/www.correiobraziliense.com.br\/aqui\/2026\/01\/20\/absorvente-interno-no-verao-cuidados-essencias\/","og_site_name":"Correio Braziliense - Aqui","article_published_time":"2026-01-20T14:00:00+00:00","og_image":[{"width":1280,"height":720,"url":"https:\/\/www.correiobraziliense.com.br\/aqui\/wp-content\/uploads\/2026\/01\/httpsneuralmyth.comstaticcacheb6d876ba-1cbe-48d0-83d1-fff4970bd3b1.jpeg","type":"image\/jpeg"}],"author":"Larissa","twitter_card":"summary_large_image","twitter_misc":{"Escrito por":"Larissa","Est. tempo de leitura":"12 minutos"},"schema":{"@context":"https:\/\/schema.org","@graph":[{"@type":"WebPage","@id":"https:\/\/www.correiobraziliense.com.br\/aqui\/2026\/01\/20\/absorvente-interno-no-verao-cuidados-essencias\/","url":"https:\/\/www.correiobraziliense.com.br\/aqui\/2026\/01\/20\/absorvente-interno-no-verao-cuidados-essencias\/","name":"Absorvente interno no ver\u00e3o: cuidados ess\u00eancias - Correio Braziliense - Aqui","isPartOf":{"@id":"https:\/\/www.correiobraziliense.com.br\/aqui\/#website"},"primaryImageOfPage":{"@id":"https:\/\/www.correiobraziliense.com.br\/aqui\/2026\/01\/20\/absorvente-interno-no-verao-cuidados-essencias\/#primaryimage"},"image":{"@id":"https:\/\/www.correiobraziliense.com.br\/aqui\/2026\/01\/20\/absorvente-interno-no-verao-cuidados-essencias\/#primaryimage"},"thumbnailUrl":"https:\/\/www.correiobraziliense.com.br\/aqui\/wp-content\/uploads\/2026\/01\/httpsneuralmyth.comstaticcacheb6d876ba-1cbe-48d0-83d1-fff4970bd3b1.jpeg","datePublished":"2026-01-20T14:00:00+00:00","author":{"@id":"https:\/\/www.correiobraziliense.com.br\/aqui\/#\/schema\/person\/775f50a8c1ac31704d56816e99b29041"},"description":"Absorvente interno no ver\u00e3o: saiba como usar com seguran\u00e7a, tempo de troca ideal, evitar infec\u00e7\u00f5es e identificar sinais de alerta.","breadcrumb":{"@id":"https:\/\/www.correiobraziliense.com.br\/aqui\/2026\/01\/20\/absorvente-interno-no-verao-cuidados-essencias\/#breadcrumb"},"inLanguage":"pt-BR","potentialAction":[{"@type":"ReadAction","target":["https:\/\/www.correiobraziliense.com.br\/aqui\/2026\/01\/20\/absorvente-interno-no-verao-cuidados-essencias\/"]}]},{"@type":"ImageObject","inLanguage":"pt-BR","@id":"https:\/\/www.correiobraziliense.com.br\/aqui\/2026\/01\/20\/absorvente-interno-no-verao-cuidados-essencias\/#primaryimage","url":"https:\/\/www.correiobraziliense.com.br\/aqui\/wp-content\/uploads\/2026\/01\/httpsneuralmyth.comstaticcacheb6d876ba-1cbe-48d0-83d1-fff4970bd3b1.jpeg","contentUrl":"https:\/\/www.correiobraziliense.com.br\/aqui\/wp-content\/uploads\/2026\/01\/httpsneuralmyth.comstaticcacheb6d876ba-1cbe-48d0-83d1-fff4970bd3b1.jpeg","width":1280,"height":720,"caption":"Absorvente interno no ver\u00e3o: cuidados ess\u00eancias"},{"@type":"BreadcrumbList","@id":"https:\/\/www.correiobraziliense.com.br\/aqui\/2026\/01\/20\/absorvente-interno-no-verao-cuidados-essencias\/#breadcrumb","itemListElement":[{"@type":"ListItem","position":1,"name":"In\u00edcio","item":"https:\/\/www.correiobraziliense.com.br\/aqui\/"},{"@type":"ListItem","position":2,"name":"Absorvente interno no ver\u00e3o: cuidados ess\u00eancias"}]},{"@type":"WebSite","@id":"https:\/\/www.correiobraziliense.com.br\/aqui\/#website","url":"https:\/\/www.correiobraziliense.com.br\/aqui\/","name":"Correio Braziliense - Aqui","description":"O Correio Braziliense (CB) \u00e9 o mais importante canal de not\u00edcias de Bras\u00edlia. Aqui voc\u00ea encontra as \u00faltimas not\u00edcias do DF, do Brasil e do mundo.","potentialAction":[{"@type":"SearchAction","target":{"@type":"EntryPoint","urlTemplate":"https:\/\/www.correiobraziliense.com.br\/aqui\/?s={search_term_string}"},"query-input":{"@type":"PropertyValueSpecification","valueRequired":true,"valueName":"search_term_string"}}],"inLanguage":"pt-BR"},{"@type":"Person","@id":"https:\/\/www.correiobraziliense.com.br\/aqui\/#\/schema\/person\/775f50a8c1ac31704d56816e99b29041","name":"Larissa","image":{"@type":"ImageObject","inLanguage":"pt-BR","@id":"https:\/\/www.correiobraziliense.com.br\/aqui\/#\/schema\/person\/image\/","url":"https:\/\/secure.gravatar.com\/avatar\/62f5b2e99de671d075ab98e19f03c3c38c80a93f5d06f51075cf4431a4e76458?s=96&d=mm&r=g","contentUrl":"https:\/\/secure.gravatar.com\/avatar\/62f5b2e99de671d075ab98e19f03c3c38c80a93f5d06f51075cf4431a4e76458?s=96&d=mm&r=g","caption":"Larissa"},"url":"https:\/\/www.correiobraziliense.com.br\/aqui\/author\/larissaaqui\/"}]}},"_links":{"self":[{"href":"https:\/\/www.correiobraziliense.com.br\/aqui\/wp-json\/wp\/v2\/posts\/20011","targetHints":{"allow":["GET"]}}],"collection":[{"href":"https:\/\/www.correiobraziliense.com.br\/aqui\/wp-json\/wp\/v2\/posts"}],"about":[{"href":"https:\/\/www.correiobraziliense.com.br\/aqui\/wp-json\/wp\/v2\/types\/post"}],"author":[{"embeddable":true,"href":"https:\/\/www.correiobraziliense.com.br\/aqui\/wp-json\/wp\/v2\/users\/10"}],"replies":[{"embeddable":true,"href":"https:\/\/www.correiobraziliense.com.br\/aqui\/wp-json\/wp\/v2\/comments?post=20011"}],"version-history":[{"count":6,"href":"https:\/\/www.correiobraziliense.com.br\/aqui\/wp-json\/wp\/v2\/posts\/20011\/revisions"}],"predecessor-version":[{"id":20019,"href":"https:\/\/www.correiobraziliense.com.br\/aqui\/wp-json\/wp\/v2\/posts\/20011\/revisions\/20019"}],"wp:featuredmedia":[{"embeddable":true,"href":"https:\/\/www.correiobraziliense.com.br\/aqui\/wp-json\/wp\/v2\/media\/20012"}],"wp:attachment":[{"href":"https:\/\/www.correiobraziliense.com.br\/aqui\/wp-json\/wp\/v2\/media?parent=20011"}],"wp:term":[{"taxonomy":"category","embeddable":true,"href":"https:\/\/www.correiobraziliense.com.br\/aqui\/wp-json\/wp\/v2\/categories?post=20011"},{"taxonomy":"post_tag","embeddable":true,"href":"https:\/\/www.correiobraziliense.com.br\/aqui\/wp-json\/wp\/v2\/tags?post=20011"}],"curies":[{"name":"wp","href":"https:\/\/api.w.org\/{rel}","templated":true}]}}