{"id":20207,"date":"2026-01-25T17:00:00","date_gmt":"2026-01-25T20:00:00","guid":{"rendered":"https:\/\/www.correiobraziliense.com.br\/aqui\/?p=20207"},"modified":"2026-01-21T18:05:32","modified_gmt":"2026-01-21T21:05:32","slug":"mel-precisa-ir-a-geladeira-veja-o-que-dizem-os-especialistas","status":"publish","type":"post","link":"https:\/\/www.correiobraziliense.com.br\/aqui\/2026\/01\/25\/mel-precisa-ir-a-geladeira-veja-o-que-dizem-os-especialistas\/","title":{"rendered":"Mel precisa ir \u00e0 geladeira? Veja o que dizem os especialistas"},"content":{"rendered":"\n<p>O mel \u00e9 um ingrediente comum em muitas cozinhas brasileiras e costuma levantar d\u00favidas sobre a forma correta de armazenamento. Entre as perguntas mais frequentes est\u00e1 se pode guardar o mel na geladeira ou se \u00e9 melhor mant\u00ea-lo em temperatura ambiente. A resposta envolve caracter\u00edsticas pr\u00f3prias desse alimento, que \u00e9 naturalmente est\u00e1vel e tem longa durabilidade quando bem conservado.<\/p>\n\n\n\n<p>Ao contr\u00e1rio de outros produtos, o mel <strong><a href=\"https:\/\/www.correiobraziliense.com.br\/aqui\/2026\/01\/14\/quanto-tempo-a-comida-pode-ficar-na-geladeira-sem-estragar-veja\/\" target=\"_blank\" rel=\"noreferrer noopener\">n\u00e3o precisa de refrigera\u00e7\u00e3o para se manter adequado para consumo<\/a><\/strong>. Sua composi\u00e7\u00e3o rica em a\u00e7\u00facares e com baixa quantidade de \u00e1gua dificulta a prolifera\u00e7\u00e3o de micro-organismos. Por isso, entender onde e como guardar o mel ajuda a preservar sua textura, aroma e sabor por mais tempo, sem desperd\u00edcio.<\/p>\n\n\n\n<h2 class=\"wp-block-heading\">Pode guardar o mel na geladeira ou \u00e9 melhor em temperatura ambiente?<\/h2>\n\n\n\n<p>Em geral, especialistas recomendam mant\u00ea-lo em local fresco, seco e ao abrigo da luz direta, como dentro de um arm\u00e1rio ou despensa. Quando o frasco \u00e9 armazenado na geladeira, o frio favorece a cristaliza\u00e7\u00e3o acelerada, deixando o mel mais duro e dif\u00edcil de utilizar no dia a dia.<\/p>\n\n\n\n<p>Do ponto de vista de seguran\u00e7a, guardar o mel na geladeira n\u00e3o costuma trazer riscos, mas altera a sua textura natural. A refrigera\u00e7\u00e3o n\u00e3o aumenta de forma significativa a durabilidade, j\u00e1 que o mel, quando puro e bem embalado, j\u00e1 apresenta vida \u00fatil prolongada em temperatura ambiente. Por isso, a orienta\u00e7\u00e3o mais comum \u00e9 evitar o frio excessivo e priorizar um ambiente com temperatura est\u00e1vel, com o pote sempre bem fechado.<\/p>\n\n\n\n<h2 class=\"wp-block-heading\">Como armazen\u00e1-lo da forma correta?<\/h2>\n\n\n\n<p>Para conservar o mel de maneira adequada, algumas medidas simples fazem diferen\u00e7a no cotidiano da cozinha. A escolha da embalagem, o cuidado ao manusear o produto e o ambiente em que ele fica guardado podem influenciar na qualidade ao longo do tempo.<\/p>\n\n\n\n<ul class=\"wp-block-list\">\n<li>Preferir recipientes de vidro ou pl\u00e1stico pr\u00f3prio para alimentos, com tampa bem vedada;<\/li>\n\n\n\n<li>Manter o frasco em lugar seco, longe do fog\u00e3o e de fontes de calor intenso;<\/li>\n\n\n\n<li>Evitar exposi\u00e7\u00e3o \u00e0 luz solar direta, que pode alterar cor e aroma;<\/li>\n\n\n\n<li>N\u00e3o usar talheres \u00famidos ou sujos para retirar o mel, reduzindo risco de contamina\u00e7\u00e3o;<\/li>\n\n\n\n<li>Fechar o pote imediatamente ap\u00f3s o uso, impedindo entrada de ar e umidade.<\/li>\n<\/ul>\n\n\n\n<p>Seguindo esses cuidados, o mel tende a manter suas caracter\u00edsticas originais por longos per\u00edodos. Mesmo que ocorram mudan\u00e7as de cor ou textura, isso nem sempre indica perda de qualidade, mas pode estar ligado a fatores naturais, como tipo de florada e varia\u00e7\u00f5es de temperatura.<\/p>\n\n\n\n<h2 class=\"wp-block-heading\">O que \u00e9 a cristaliza\u00e7\u00e3o do mel e isso \u00e9 um problema?<\/h2>\n\n\n\n<p>Outra d\u00favida recorrente \u00e9 sobre o processo de cristaliza\u00e7\u00e3o. Quando o mel cristaliza, muitos consumidores associam o aspecto mais espesso \u00e0 perda de qualidade. No entanto, a cristaliza\u00e7\u00e3o \u00e9 um fen\u00f4meno f\u00edsico comum, ligado sobretudo \u00e0 propor\u00e7\u00e3o de glicose e frutose presente na composi\u00e7\u00e3o e \u00e0s condi\u00e7\u00f5es de armazenamento.<\/p>\n\n\n\n<p>Em termos pr\u00e1ticos, o mel cristalizado costuma apresentar apar\u00eancia mais opaca e textura granulada. Isso normalmente indica que o produto \u00e9 puro e n\u00e3o significa que esteja estragado. Em muitas receitas, esse formato pode at\u00e9 ser interessante, j\u00e1 que a consist\u00eancia mais firme facilita o uso como cobertura ou recheio.<\/p>\n\n\n\n<ul class=\"wp-block-list\">\n<li>Temperaturas mais baixas aceleram a forma\u00e7\u00e3o de cristais;<\/li>\n\n\n\n<li>Flores diferentes geram m\u00e9is com maior ou menor tend\u00eancia \u00e0 cristaliza\u00e7\u00e3o;<\/li>\n\n\n\n<li>A presen\u00e7a de pequenas part\u00edculas naturais pode servir de ponto de partida para os cristais.<\/li>\n<\/ul>\n\n\n\n<p>Assim, a cristaliza\u00e7\u00e3o \u00e9 vista como um comportamento natural do alimento, e n\u00e3o como defeito. O frasco pode continuar sendo utilizado normalmente, desde que n\u00e3o haja sinais de fermenta\u00e7\u00e3o, cheiro alterado ou outras mudan\u00e7as at\u00edpicas.<\/p>\n\n\n\n<h2 class=\"wp-block-heading\">Como descristalizar o mel em casa de forma segura?<\/h2>\n\n\n\n<p>Para quem prefere o mel em estado l\u00edquido, existe um m\u00e9todo simples para descristalizar sem comprometer o produto. A t\u00e9cnica mais difundida \u00e9 o banho-maria, que aquece o frasco de maneira gradual e controlada, devolvendo fluidez ao conte\u00fado.<\/p>\n\n\n\n<ol class=\"wp-block-list\">\n<li>Colocar \u00e1gua em uma panela, em n\u00edvel suficiente para cobrir parte do pote de mel, sem ultrapassar a tampa;<\/li>\n\n\n\n<li>Aquecer a \u00e1gua em fogo baixo at\u00e9 ficar quente, mas sem ferver intensamente;<\/li>\n\n\n\n<li>Desligar o fogo e colocar o frasco de mel na \u00e1gua quente, mantendo-o em p\u00e9;<\/li>\n\n\n\n<li>Aguardar alguns minutos, mexendo levemente o pote para ajudar na homogeneiza\u00e7\u00e3o;<\/li>\n\n\n\n<li>Retirar o frasco quando o mel estiver novamente l\u00edquido e em temperatura agrad\u00e1vel ao toque.<\/li>\n<\/ol>\n\n\n\n<p>\u00c9 importante evitar temperaturas muito altas, que podem alterar aroma e sabor. Por isso, o ideal \u00e9 que a \u00e1gua esteja quente, por\u00e9m confort\u00e1vel ao contato das m\u00e3os. Caso ainda restem cristais, o processo pode ser repetido com cuidado, sempre sem ferver o produto diretamente no fogo.<\/p>\n\n\n\n<h2 class=\"wp-block-heading\">Quando vale observar o produto com mais aten\u00e7\u00e3o?<\/h2>\n\n\n\n<p>Mesmo sendo um alimento est\u00e1vel, o mel merece observa\u00e7\u00e3o peri\u00f3dica, principalmente em frascos que ficam longos per\u00edodos abertos. Sinais como espuma excessiva, odor diferente do habitual ou sabor estranho podem indicar fermenta\u00e7\u00e3o ou contamina\u00e7\u00e3o, e nesses casos a recomenda\u00e7\u00e3o \u00e9 suspender o consumo.<\/p>\n\n\n\n<p>De modo geral, seguindo as orienta\u00e7\u00f5es de armazenamento em temperatura ambiente, em local seco e protegido da luz, o mel tende a manter suas propriedades por bastante tempo. A decis\u00e3o de guardar o mel na geladeira, portanto, costuma ser desnecess\u00e1ria e ainda favorece a cristaliza\u00e7\u00e3o acelerada. Com alguns cuidados pr\u00e1ticos, o produto permanece pronto para ado\u00e7ar bebidas, complementar receitas e integrar a rotina culin\u00e1ria de forma vers\u00e1til e segura.<\/p>\n\n\n\n<h2 class=\"wp-block-heading\">FAQ sobre o consumo de mel<\/h2>\n\n\n\n<p><strong>1. Mel pode ser consumido por beb\u00eas?<\/strong><br>Em suma, n\u00e3o se recomenda oferecer mel para crian\u00e7as menores de 1 ano. O produto pode conter esporos de <em>Clostridium botulinum<\/em>, que normalmente n\u00e3o causam problemas em adultos, mas o sistema digestivo dos beb\u00eas ainda \u00e9 imaturo. Portanto, o risco de botulismo infantil \u00e9 maior nessa faixa et\u00e1ria. Ap\u00f3s 12 meses, o organismo est\u00e1 mais desenvolvido e o consumo tende a ser mais seguro, entretanto \u00e9 sempre interessante seguir a orienta\u00e7\u00e3o do pediatra.<\/p>\n\n\n\n<p><strong>2. Diab\u00e9ticos podem consumir mel?<\/strong><br>O mel \u00e9 uma fonte de carboidratos simples e impacta a glicemia, ent\u00e3o pessoas com diabetes devem ter cautela. Ele n\u00e3o \u00e9 um \u201ca\u00e7\u00facar liberado\u201d apenas por ser natural. Pode ser usado em pequenas quantidades e dentro de um plano alimentar equilibrado, entretanto isso precisa ser avaliado caso a caso pelo profissional de sa\u00fade. Portanto, antes de incluir o mel na rotina, o ideal \u00e9 conversar com nutricionista ou m\u00e9dico para ajustar por\u00e7\u00f5es e frequ\u00eancia.<\/p>\n\n\n\n<p><strong>3. Existe um limite di\u00e1rio recomendado de consumo de mel para adultos?<\/strong><br>N\u00e3o h\u00e1 um valor \u00fanico e r\u00edgido, mas, em suma, o mel deve entrar na conta total de a\u00e7\u00facares do dia. Guias alimentares costumam sugerir modera\u00e7\u00e3o com a\u00e7\u00facares adicionados, ent\u00e3o o mel tamb\u00e9m se enquadra nessa recomenda\u00e7\u00e3o. Para muitas pessoas saud\u00e1veis, 1 a 2 colheres de sopa ao dia, distribu\u00eddas nas refei\u00e7\u00f5es, podem ser um referencial razo\u00e1vel, entretanto isso varia conforme gasto energ\u00e9tico, objetivos de sa\u00fade e demais fontes de a\u00e7\u00facar da dieta. Portanto, usar o mel como um complemento, e n\u00e3o como base da alimenta\u00e7\u00e3o, \u00e9 a estrat\u00e9gia mais adequada.<\/p>\n\n\n\n<p><strong>4. Mel engorda mais ou menos que o a\u00e7\u00facar comum?<\/strong><br>Energeticamente, mel e a\u00e7\u00facar refinado t\u00eam valores cal\u00f3ricos pr\u00f3ximos. O mel tem calorias similares, mas traz junto pequenas quantidades de vitaminas, minerais e compostos bioativos. Entretanto, do ponto de vista de ganho de peso, o que mais conta \u00e9 o excesso cal\u00f3rico total, n\u00e3o apenas o tipo de ado\u00e7ante. Portanto, se consumido em grandes quantidades, o mel tamb\u00e9m pode contribuir para o aumento de peso. Ent\u00e3o, a chave \u00e9 a modera\u00e7\u00e3o, especialmente em dietas para controle de peso.<\/p>\n\n\n\n<p><strong>5. H\u00e1 diferen\u00e7a nutricional relevante entre tipos de mel (silvestre, de laranjeira, de eucalipto etc.)?<\/strong><br>Todos os tipos de mel t\u00eam base semelhante em a\u00e7\u00facares, mas podem variar em sabor, aroma, cor e teores de alguns compostos bioativos, como antioxidantes. M\u00e9is mais escuros, por exemplo, tendem a ter maior concentra\u00e7\u00e3o de subst\u00e2ncias fen\u00f3licas. Entretanto, essas diferen\u00e7as, embora interessantes, n\u00e3o transformam o mel em um \u201crem\u00e9dio\u201d por si s\u00f3. Portanto, a escolha costuma ser guiada mais pelo paladar e uso culin\u00e1rio. Ent\u00e3o, vale experimentar diferentes floradas e optar pelo que mais agrada, sempre dentro de um consumo equilibrado.<\/p>\n\n\n\n<p><strong>6. Mel realmente ajuda em casos de tosse e garganta irritada?<\/strong><br>Estudos indicam que o mel pode aliviar a tosse e a sensa\u00e7\u00e3o de irrita\u00e7\u00e3o na garganta em alguns casos, em suma por sua textura viscosa, que forma uma camada protetora, e por compostos com a\u00e7\u00e3o antioxidante. Entretanto, ele n\u00e3o substitui tratamento m\u00e9dico em quadros graves ou persistentes. Portanto, pode ser um coadjuvante, como uma colher de mel antes de dormir em adultos e crian\u00e7as maiores de 1 ano. Ent\u00e3o, se os sintomas durarem muitos dias ou vierem acompanhados de febre alta e mal-estar intenso, \u00e9 fundamental buscar avalia\u00e7\u00e3o profissional.<\/p>\n\n\n\n<p><strong>7. Pessoas com alergia a p\u00f3len ou picada de abelha podem ter rea\u00e7\u00e3o ao consumir mel?<\/strong><br>Em suma, a maioria das pessoas com alergia leve a p\u00f3len consome mel sem problemas, mas h\u00e1 exce\u00e7\u00f5es. Tra\u00e7os de p\u00f3len e prote\u00ednas relacionadas \u00e0s abelhas podem estar presentes no produto. Portanto, indiv\u00edduos com hist\u00f3rico de alergia grave a produtos ap\u00edcolas ou anafilaxia devem ter cautela. Entretanto, isso \u00e9 algo muito individual, devendo ser discutido com alergista. Ent\u00e3o, em casos de d\u00favida, come\u00e7ar com quantidades muito pequenas, em ambiente seguro, pode ser uma estrat\u00e9gia sugerida pelo profissional de sa\u00fade.<\/p>\n\n\n\n<p><strong>8. Mel \u00e9 melhor que ado\u00e7antes artificiais para quem quer uma alimenta\u00e7\u00e3o mais \u201cnatural\u201d?<\/strong><br>Do ponto de vista de processamento, o mel \u00e9 um alimento natural, em suma, menos industrializado que muitos ado\u00e7antes artificiais. Entretanto, ele continua sendo uma fonte de a\u00e7\u00facar livre. Portanto, ao buscar uma alimenta\u00e7\u00e3o mais natural, o uso moderado de mel pode ser uma alternativa interessante em vez de a\u00e7\u00facares muito refinados ou ado\u00e7antes artificiais, desde que n\u00e3o haja restri\u00e7\u00f5es m\u00e9dicas. Ent\u00e3o, a prioridade continua sendo reduzir o excesso de do\u00e7ura geral da dieta, e n\u00e3o apenas trocar um ado\u00e7ante por outro.<\/p>\n","protected":false},"excerpt":{"rendered":"<p>Pode guardar o mel na geladeira? Veja o que dizem especialistas e aprenda truque simples para descristalizar o mel sem perder o sabor<\/p>\n","protected":false},"author":8,"featured_media":20208,"comment_status":"open","ping_status":"open","sticky":false,"template":"","format":"standard","meta":{"jnews-multi-image_gallery":[],"jnews_single_post":{"format":"standard"},"jnews_primary_category":[],"jnews_social_meta":[],"jnews_override_counter":[],"footnotes":""},"categories":[120],"tags":[5508,6533,6537,1125,5197,4547],"class_list":["post-20207","post","type-post","status-publish","format-standard","has-post-thumbnail","hentry","category-curiosidades","tag-armazenamento","tag-armazenamento-correto","tag-cristalizacao-do-mel","tag-curiosidades","tag-geladeira","tag-mel"],"yoast_head":"<!-- This site is optimized with the Yoast SEO plugin v25.1 - https:\/\/yoast.com\/wordpress\/plugins\/seo\/ -->\n<title>Mel precisa ir \u00e0 geladeira? Veja o que dizem os especialistas - Correio Braziliense - Aqui<\/title>\n<meta name=\"description\" content=\"Pode guardar o mel na geladeira? Veja o que dizem especialistas e aprenda truque simples para descristalizar o mel sem perder o sabor\" \/>\n<meta name=\"robots\" content=\"index, follow, max-snippet:-1, max-image-preview:large, max-video-preview:-1\" \/>\n<link rel=\"canonical\" href=\"https:\/\/www.correiobraziliense.com.br\/aqui\/2026\/01\/25\/mel-precisa-ir-a-geladeira-veja-o-que-dizem-os-especialistas\/\" \/>\n<meta property=\"og:locale\" content=\"pt_BR\" \/>\n<meta property=\"og:type\" content=\"article\" \/>\n<meta property=\"og:title\" content=\"Mel precisa ir \u00e0 geladeira? Veja o que dizem os especialistas - Correio Braziliense - Aqui\" \/>\n<meta property=\"og:description\" content=\"Pode guardar o mel na geladeira? Veja o que dizem especialistas e aprenda truque simples para descristalizar o mel sem perder o sabor\" \/>\n<meta property=\"og:url\" content=\"https:\/\/www.correiobraziliense.com.br\/aqui\/2026\/01\/25\/mel-precisa-ir-a-geladeira-veja-o-que-dizem-os-especialistas\/\" \/>\n<meta property=\"og:site_name\" content=\"Correio Braziliense - Aqui\" \/>\n<meta property=\"article:published_time\" content=\"2026-01-25T20:00:00+00:00\" \/>\n<meta property=\"og:image\" content=\"https:\/\/www.correiobraziliense.com.br\/aqui\/wp-content\/uploads\/2026\/01\/httpsneuralmyth.comstaticcache4d60d710-ed34-41b0-bef8-d7d72cecd455.jpeg\" \/>\n\t<meta property=\"og:image:width\" content=\"1280\" \/>\n\t<meta property=\"og:image:height\" content=\"720\" \/>\n\t<meta property=\"og:image:type\" content=\"image\/jpeg\" \/>\n<meta name=\"author\" content=\"Lara\" \/>\n<meta name=\"twitter:card\" content=\"summary_large_image\" \/>\n<meta name=\"twitter:label1\" content=\"Escrito por\" \/>\n\t<meta name=\"twitter:data1\" content=\"Lara\" \/>\n\t<meta name=\"twitter:label2\" content=\"Est. tempo de leitura\" \/>\n\t<meta name=\"twitter:data2\" content=\"10 minutos\" \/>\n<!-- \/ Yoast SEO plugin. -->","yoast_head_json":{"title":"Mel precisa ir \u00e0 geladeira? Veja o que dizem os especialistas - Correio Braziliense - Aqui","description":"Pode guardar o mel na geladeira? Veja o que dizem especialistas e aprenda truque simples para descristalizar o mel sem perder o sabor","robots":{"index":"index","follow":"follow","max-snippet":"max-snippet:-1","max-image-preview":"max-image-preview:large","max-video-preview":"max-video-preview:-1"},"canonical":"https:\/\/www.correiobraziliense.com.br\/aqui\/2026\/01\/25\/mel-precisa-ir-a-geladeira-veja-o-que-dizem-os-especialistas\/","og_locale":"pt_BR","og_type":"article","og_title":"Mel precisa ir \u00e0 geladeira? Veja o que dizem os especialistas - Correio Braziliense - Aqui","og_description":"Pode guardar o mel na geladeira? Veja o que dizem especialistas e aprenda truque simples para descristalizar o mel sem perder o sabor","og_url":"https:\/\/www.correiobraziliense.com.br\/aqui\/2026\/01\/25\/mel-precisa-ir-a-geladeira-veja-o-que-dizem-os-especialistas\/","og_site_name":"Correio Braziliense - Aqui","article_published_time":"2026-01-25T20:00:00+00:00","og_image":[{"width":1280,"height":720,"url":"https:\/\/www.correiobraziliense.com.br\/aqui\/wp-content\/uploads\/2026\/01\/httpsneuralmyth.comstaticcache4d60d710-ed34-41b0-bef8-d7d72cecd455.jpeg","type":"image\/jpeg"}],"author":"Lara","twitter_card":"summary_large_image","twitter_misc":{"Escrito por":"Lara","Est. tempo de leitura":"10 minutos"},"schema":{"@context":"https:\/\/schema.org","@graph":[{"@type":"WebPage","@id":"https:\/\/www.correiobraziliense.com.br\/aqui\/2026\/01\/25\/mel-precisa-ir-a-geladeira-veja-o-que-dizem-os-especialistas\/","url":"https:\/\/www.correiobraziliense.com.br\/aqui\/2026\/01\/25\/mel-precisa-ir-a-geladeira-veja-o-que-dizem-os-especialistas\/","name":"Mel precisa ir \u00e0 geladeira? Veja o que dizem os especialistas - Correio Braziliense - Aqui","isPartOf":{"@id":"https:\/\/www.correiobraziliense.com.br\/aqui\/#website"},"primaryImageOfPage":{"@id":"https:\/\/www.correiobraziliense.com.br\/aqui\/2026\/01\/25\/mel-precisa-ir-a-geladeira-veja-o-que-dizem-os-especialistas\/#primaryimage"},"image":{"@id":"https:\/\/www.correiobraziliense.com.br\/aqui\/2026\/01\/25\/mel-precisa-ir-a-geladeira-veja-o-que-dizem-os-especialistas\/#primaryimage"},"thumbnailUrl":"https:\/\/www.correiobraziliense.com.br\/aqui\/wp-content\/uploads\/2026\/01\/httpsneuralmyth.comstaticcache4d60d710-ed34-41b0-bef8-d7d72cecd455.jpeg","datePublished":"2026-01-25T20:00:00+00:00","author":{"@id":"https:\/\/www.correiobraziliense.com.br\/aqui\/#\/schema\/person\/5d6e4d99fecc86ab1a7ed1a0369afb65"},"description":"Pode guardar o mel na geladeira? Veja o que dizem especialistas e aprenda truque simples para descristalizar o mel sem perder o sabor","breadcrumb":{"@id":"https:\/\/www.correiobraziliense.com.br\/aqui\/2026\/01\/25\/mel-precisa-ir-a-geladeira-veja-o-que-dizem-os-especialistas\/#breadcrumb"},"inLanguage":"pt-BR","potentialAction":[{"@type":"ReadAction","target":["https:\/\/www.correiobraziliense.com.br\/aqui\/2026\/01\/25\/mel-precisa-ir-a-geladeira-veja-o-que-dizem-os-especialistas\/"]}]},{"@type":"ImageObject","inLanguage":"pt-BR","@id":"https:\/\/www.correiobraziliense.com.br\/aqui\/2026\/01\/25\/mel-precisa-ir-a-geladeira-veja-o-que-dizem-os-especialistas\/#primaryimage","url":"https:\/\/www.correiobraziliense.com.br\/aqui\/wp-content\/uploads\/2026\/01\/httpsneuralmyth.comstaticcache4d60d710-ed34-41b0-bef8-d7d72cecd455.jpeg","contentUrl":"https:\/\/www.correiobraziliense.com.br\/aqui\/wp-content\/uploads\/2026\/01\/httpsneuralmyth.comstaticcache4d60d710-ed34-41b0-bef8-d7d72cecd455.jpeg","width":1280,"height":720,"caption":"Cr\u00e9ditos: depositphotos.com \/ Sunvic"},{"@type":"BreadcrumbList","@id":"https:\/\/www.correiobraziliense.com.br\/aqui\/2026\/01\/25\/mel-precisa-ir-a-geladeira-veja-o-que-dizem-os-especialistas\/#breadcrumb","itemListElement":[{"@type":"ListItem","position":1,"name":"In\u00edcio","item":"https:\/\/www.correiobraziliense.com.br\/aqui\/"},{"@type":"ListItem","position":2,"name":"Mel precisa ir \u00e0 geladeira? Veja o que dizem os especialistas"}]},{"@type":"WebSite","@id":"https:\/\/www.correiobraziliense.com.br\/aqui\/#website","url":"https:\/\/www.correiobraziliense.com.br\/aqui\/","name":"Correio Braziliense - Aqui","description":"O Correio Braziliense (CB) \u00e9 o mais importante canal de not\u00edcias de Bras\u00edlia. Aqui voc\u00ea encontra as \u00faltimas not\u00edcias do DF, do Brasil e do mundo.","potentialAction":[{"@type":"SearchAction","target":{"@type":"EntryPoint","urlTemplate":"https:\/\/www.correiobraziliense.com.br\/aqui\/?s={search_term_string}"},"query-input":{"@type":"PropertyValueSpecification","valueRequired":true,"valueName":"search_term_string"}}],"inLanguage":"pt-BR"},{"@type":"Person","@id":"https:\/\/www.correiobraziliense.com.br\/aqui\/#\/schema\/person\/5d6e4d99fecc86ab1a7ed1a0369afb65","name":"Lara","image":{"@type":"ImageObject","inLanguage":"pt-BR","@id":"https:\/\/www.correiobraziliense.com.br\/aqui\/#\/schema\/person\/image\/","url":"https:\/\/secure.gravatar.com\/avatar\/57056c5c343a6d8a6669688d3d2c04916d9d280b352b6e50e66a8d39b2517e00?s=96&d=mm&r=g","contentUrl":"https:\/\/secure.gravatar.com\/avatar\/57056c5c343a6d8a6669688d3d2c04916d9d280b352b6e50e66a8d39b2517e00?s=96&d=mm&r=g","caption":"Lara"},"url":"https:\/\/www.correiobraziliense.com.br\/aqui\/author\/laraaqui\/"}]}},"_links":{"self":[{"href":"https:\/\/www.correiobraziliense.com.br\/aqui\/wp-json\/wp\/v2\/posts\/20207","targetHints":{"allow":["GET"]}}],"collection":[{"href":"https:\/\/www.correiobraziliense.com.br\/aqui\/wp-json\/wp\/v2\/posts"}],"about":[{"href":"https:\/\/www.correiobraziliense.com.br\/aqui\/wp-json\/wp\/v2\/types\/post"}],"author":[{"embeddable":true,"href":"https:\/\/www.correiobraziliense.com.br\/aqui\/wp-json\/wp\/v2\/users\/8"}],"replies":[{"embeddable":true,"href":"https:\/\/www.correiobraziliense.com.br\/aqui\/wp-json\/wp\/v2\/comments?post=20207"}],"version-history":[{"count":1,"href":"https:\/\/www.correiobraziliense.com.br\/aqui\/wp-json\/wp\/v2\/posts\/20207\/revisions"}],"predecessor-version":[{"id":20224,"href":"https:\/\/www.correiobraziliense.com.br\/aqui\/wp-json\/wp\/v2\/posts\/20207\/revisions\/20224"}],"wp:featuredmedia":[{"embeddable":true,"href":"https:\/\/www.correiobraziliense.com.br\/aqui\/wp-json\/wp\/v2\/media\/20208"}],"wp:attachment":[{"href":"https:\/\/www.correiobraziliense.com.br\/aqui\/wp-json\/wp\/v2\/media?parent=20207"}],"wp:term":[{"taxonomy":"category","embeddable":true,"href":"https:\/\/www.correiobraziliense.com.br\/aqui\/wp-json\/wp\/v2\/categories?post=20207"},{"taxonomy":"post_tag","embeddable":true,"href":"https:\/\/www.correiobraziliense.com.br\/aqui\/wp-json\/wp\/v2\/tags?post=20207"}],"curies":[{"name":"wp","href":"https:\/\/api.w.org\/{rel}","templated":true}]}}