{"id":20229,"date":"2026-01-22T08:26:27","date_gmt":"2026-01-22T11:26:27","guid":{"rendered":"https:\/\/www.correiobraziliense.com.br\/aqui\/?p=20229"},"modified":"2026-01-22T08:26:30","modified_gmt":"2026-01-22T11:26:30","slug":"saiba-quais-alimentos-podem-ou-nao-ir-para-a-geladeira","status":"publish","type":"post","link":"https:\/\/www.correiobraziliense.com.br\/aqui\/2026\/01\/22\/saiba-quais-alimentos-podem-ou-nao-ir-para-a-geladeira\/","title":{"rendered":"Saiba quais alimentos podem ou n\u00e3o ir para a geladeira"},"content":{"rendered":"\n<p><a href=\"https:\/\/www.correiobraziliense.com.br\/aqui\/2026\/01\/14\/quanto-tempo-a-comida-pode-ficar-na-geladeira-sem-estragar-veja\/\">Guardar os alimentos corretamente<\/a> \u00e9 essencial para evitar desperd\u00edcios, preservar o sabor e reduzir riscos \u00e0 sa\u00fade. No entanto, \u00e9 comum que muitos produtos sejam colocados na geladeira ou no congelador sem necessidade, o que pode causar o efeito contr\u00e1rio ao esperado. O frio excessivo altera textura, aroma e composi\u00e7\u00e3o de alguns alimentos, enquanto outros realmente precisam de baixas temperaturas para evitar a prolifera\u00e7\u00e3o de bact\u00e9rias. Por isso, compreender como cada alimento reage \u00e0 refrigera\u00e7\u00e3o e ao congelamento \u00e9 fundamental para uma cozinha mais organizada, segura e funcional.<\/p>\n\n\n\n<h2 class=\"wp-block-heading\">Armazenamento de alimentos: o que realmente precisa ir para a geladeira?<\/h2>\n\n\n\n<p>A geladeira reduz a velocidade de multiplica\u00e7\u00e3o de bact\u00e9rias e micro-organismos que se desenvolvem rapidamente em alimentos ricos em \u00e1gua e prote\u00edna. Produtos abertos, crus, cortados ou j\u00e1 preparados ficam mais vulner\u00e1veis \u00e0 contamina\u00e7\u00e3o e, por isso, necessitam de refrigera\u00e7\u00e3o constante. Al\u00e9m disso, o frio ajuda a preservar a seguran\u00e7a desses alimentos por mais tempo, desde que sejam bem embalados e consumidos dentro do prazo adequado.<\/p>\n\n\n\n<p><strong>Devem ir para a geladeira:<\/strong><\/p>\n\n\n\n<ul class=\"wp-block-list\">\n<li>Carnes cruas (boi, frango e peixe)<\/li>\n\n\n\n<li>Ovos fora da casca<\/li>\n\n\n\n<li>Leite e latic\u00ednios ap\u00f3s abertos<\/li>\n\n\n\n<li>Queijos frescos e frios fatiados<\/li>\n\n\n\n<li>Iogurtes<\/li>\n\n\n\n<li>Refei\u00e7\u00f5es prontas e sobras<\/li>\n\n\n\n<li>Frutas descascadas ou cortadas<\/li>\n\n\n\n<li>Folhosos, como alface e r\u00facula, desde que secos e bem armazenados<\/li>\n<\/ul>\n\n\n\n<h2 class=\"wp-block-heading\">Quais alimentos n\u00e3o devem ser guardados na geladeira?<\/h2>\n\n\n\n<p>H\u00e1 um grupo de alimentos que, embora muitas vezes sejam colocados na geladeira, conservam melhor sabor e textura fora dela. Entre os exemplos cl\u00e1ssicos est\u00e3o <strong>alho, cebola, batata, tomate, p\u00e3es, mel, \u00f3leos vegetais, caf\u00e9 e v\u00e1rias frutas tropicais<\/strong>. Em ambientes refrigerados, esses produtos podem mofar com mais facilidade, endurecer, perder aroma, cristalizar ou sofrer altera\u00e7\u00f5es qu\u00edmicas que impactam diretamente no resultado das prepara\u00e7\u00f5es culin\u00e1rias. Portanto, antes de colocar tudo na geladeira \u201cpor garantia\u201d, vale avaliar se o frio realmente traz benef\u00edcio a esse alimento espec\u00edfico.<\/p>\n\n\n\n<p>Alguns cuidados simples ajudam a entender como guardar cada um:<\/p>\n\n\n\n<ul class=\"wp-block-list\">\n<li><strong>Alho e cebola:<\/strong> preferencialmente em local seco, fresco e bem ventilado, como cestas ou fruteiras abertas. Evite sacos pl\u00e1sticos fechados, pois a umidade favorece o mofo e o brotamento.<\/li>\n\n\n\n<li><strong>Batata e outros tub\u00e9rculos ricos em amido:<\/strong> em lugar arejado e protegido da luz, sem lavar antes de guardar. Em suma, a luz e o frio em excesso alteram o amido e podem deixar a batata adocicada e escurecida ao fritar.<\/li>\n\n\n\n<li><strong>Tomate inteiro:<\/strong> em temperatura ambiente, especialmente enquanto estiver amadurecendo.<\/li>\n\n\n\n<li><strong>Caf\u00e9 em p\u00f3 ou em gr\u00e3o:<\/strong> em potes bem fechados, escuros, longe de calor e umidade.<\/li>\n\n\n\n<li><strong>P\u00e3es frescos do dia a dia:<\/strong> em sacos de papel ou pano, em local seco; para prazos mais longos, o congelamento \u00e9 mais indicado do que a geladeira.<\/li>\n\n\n\n<li><strong>\u00d3leos vegetais:<\/strong> em arm\u00e1rio fechado, longe do fog\u00e3o e de fontes de calor.<\/li>\n\n\n\n<li><strong>Mel e a\u00e7\u00facar:<\/strong> em recipientes herm\u00e9ticos, em despensa seca e protegida da luz direta. Ent\u00e3o, n\u00e3o h\u00e1 necessidade de refrigera\u00e7\u00e3o, e o frio pode favorecer a cristaliza\u00e7\u00e3o do mel.<\/li>\n<\/ul>\n\n\n\n<h2 class=\"wp-block-heading\">Frutas<\/h2>\n\n\n\n<p>Frutas tropicais comuns no Brasil, como <strong>banana, abacaxi, mam\u00e3o e maracuj\u00e1<\/strong>, amadurecem melhor <strong>fora da geladeira<\/strong>. O frio interrompe a matura\u00e7\u00e3o e pode comprometer o sabor e a textura. Entretanto, quando estiverem muito maduras e voc\u00ea quiser prolongar a vida \u00fatil por mais um ou dois dias, a geladeira passa a ser uma aliada. J\u00e1 frutas com caro\u00e7o, como <strong>manga, p\u00eassego, ameixa e abacate<\/strong>, costumam produzir etileno, g\u00e1s relacionado ao amadurecimento. Por isso, ficam mais est\u00e1veis em temperatura ambiente at\u00e9 atingirem o ponto desejado, sendo melhor a refrigera\u00e7\u00e3o \u00fatil apenas quando estiverem muito maduras. Em suma, <strong>o ideal \u00e9 deixar amadurecer fora da geladeira e, ent\u00e3o, usar o frio apenas para ganhar um pouco mais de tempo antes do consumo.<\/strong><\/p>\n\n\n\n<h2 class=\"wp-block-heading\">O que n\u00e3o deve ir para o congelador e por qu\u00ea?<\/h2>\n\n\n\n<p>No <strong>armazenamento de alimentos no congelador<\/strong> tamb\u00e9m h\u00e1 limita\u00e7\u00f5es importantes. Nem tudo que \u00e9 seguro na geladeira suporta bem temperaturas muito baixas. Alguns vegetais ricos em \u00e1gua, como pepino, melancia, mel\u00e3o, uva e ma\u00e7\u00e3 crus, tendem a perder bastante l\u00edquido e ficar moles ap\u00f3s o descongelamento. Verduras folhosas, como alface e r\u00facula, normalmente murcham e n\u00e3o recuperam a textura original, o que reduz a qualidade para consumo in natura.<\/p>\n\n\n\n<p><strong>N\u00e3o devem ir ao congelador:<\/strong><\/p>\n\n\n\n<ul class=\"wp-block-list\">\n<li>Frutas ricas em \u00e1gua cruas (melancia, mel\u00e3o, uva)<\/li>\n\n\n\n<li>Folhosos crus<\/li>\n\n\n\n<li>Maionese e molhos com amido<\/li>\n\n\n\n<li>Cremes e alguns iogurtes<\/li>\n\n\n\n<li>Queijos frescos<\/li>\n\n\n\n<li>Ovos com casca<\/li>\n\n\n\n<li>Frituras prontas<\/li>\n\n\n\n<li>Massas cozidas sem molho<\/li>\n<\/ul>\n\n\n\n<h2 class=\"wp-block-heading\">FAQ: Perguntas frequentes sobre armazenamento de alimentos<\/h2>\n\n\n\n<p><strong>1. Posso voltar a congelar um alimento que j\u00e1 foi descongelado?<\/strong><br>Em geral, n\u00e3o \u00e9 recomendado recongelar alimentos j\u00e1 descongelados, especialmente carnes e pratos prontos, pois h\u00e1 aumento do risco de contamina\u00e7\u00e3o e perda de qualidade. Entretanto, se voc\u00ea descongelar um alimento cru, cozinhar totalmente e, ent\u00e3o, quiser congelar o prato pronto, isso se torna seguro, desde que o resfriamento seja r\u00e1pido e o congelamento ocorra em embalagem adequada.<\/p>\n\n\n\n<p><strong>2. Quanto tempo as sobras de comida podem ficar na geladeira?<\/strong><br>Sobras de refei\u00e7\u00f5es prontas costumam durar de 2 a 3 dias na geladeira, bem tampadas. Portanto, identifique sempre o recipiente com data de preparo e aque\u00e7a totalmente antes de consumir. Se voc\u00ea perceber cheiro estranho, altera\u00e7\u00e3o de cor ou textura, descarte sem provar.<\/p>\n\n\n\n<p><strong>3. Qual \u00e9 a temperatura ideal da geladeira e do congelador?<\/strong><br>A geladeira deve ficar, em m\u00e9dia, entre 1 \u00b0C e 5 \u00b0C, enquanto o congelador ou freezer deve permanecer em torno de -18 \u00b0C. Em suma, essas faixas reduzem a multiplica\u00e7\u00e3o de micro-organismos e ajudam no armazenamento seguro de alimentos perec\u00edveis.<\/p>\n\n\n\n<p><strong>4. Preciso lavar todos os alimentos antes de guardar?<\/strong><br>Frutas, legumes e verduras que v\u00e3o para a geladeira podem ser higienizados antes, desde que bem secos. Entretanto, itens como batata, cebola e alho devem ser lavados apenas na hora do uso, para evitar umidade excessiva e brotamento. Portanto, avalie o tipo de alimento e o local onde ser\u00e1 armazenado.<\/p>\n\n\n\n<p><strong>5. Embalagens a v\u00e1cuo realmente aumentam a durabilidade?<\/strong><br>Sim. A retirada do ar reduz a oxida\u00e7\u00e3o e a prolifera\u00e7\u00e3o de micro-organismos aer\u00f3bios, prolongando o tempo de conserva\u00e7\u00e3o, especialmente no congelador. Ent\u00e3o, sempre que poss\u00edvel, use sacos apropriados ou potes bem vedados, pois isso melhora o aproveitamento dos alimentos e mant\u00e9m textura e sabor por mais tempo.<\/p>\n","protected":false},"excerpt":{"rendered":"<p>Guardar alimentos na geladeira: saiba quais realmente precisam de refrigera\u00e7\u00e3o para evitar desperd\u00edcio, perda de sabor e riscos \u00e0 sa\u00fade.<\/p>\n","protected":false},"author":10,"featured_media":20230,"comment_status":"open","ping_status":"open","sticky":false,"template":"","format":"standard","meta":{"jnews-multi-image_gallery":[],"jnews_single_post":{"format":"standard"},"jnews_primary_category":[],"jnews_social_meta":[],"jnews_override_counter":[],"footnotes":""},"categories":[199],"tags":[331,6540,140],"class_list":["post-20229","post","type-post","status-publish","format-standard","has-post-thumbnail","hentry","category-bem-estar","tag-alimentos","tag-alimentos-na-geladeira","tag-bem-estar"],"yoast_head":"<!-- This site is optimized with the Yoast SEO plugin v25.1 - https:\/\/yoast.com\/wordpress\/plugins\/seo\/ -->\n<title>Saiba quais alimentos podem ou n\u00e3o ir para a geladeira - Correio Braziliense - Aqui<\/title>\n<meta name=\"description\" content=\"Guardar alimentos na geladeira: saiba quais realmente precisam de refrigera\u00e7\u00e3o para evitar desperd\u00edcio, perda de sabor e riscos \u00e0 sa\u00fade.\" \/>\n<meta name=\"robots\" content=\"index, follow, max-snippet:-1, max-image-preview:large, max-video-preview:-1\" \/>\n<link rel=\"canonical\" href=\"https:\/\/www.correiobraziliense.com.br\/aqui\/2026\/01\/22\/saiba-quais-alimentos-podem-ou-nao-ir-para-a-geladeira\/\" \/>\n<meta property=\"og:locale\" content=\"pt_BR\" \/>\n<meta property=\"og:type\" content=\"article\" \/>\n<meta property=\"og:title\" content=\"Saiba quais alimentos podem ou n\u00e3o ir para a geladeira - Correio Braziliense - Aqui\" \/>\n<meta property=\"og:description\" content=\"Guardar alimentos na geladeira: saiba quais realmente precisam de refrigera\u00e7\u00e3o para evitar desperd\u00edcio, perda de sabor e riscos \u00e0 sa\u00fade.\" \/>\n<meta property=\"og:url\" content=\"https:\/\/www.correiobraziliense.com.br\/aqui\/2026\/01\/22\/saiba-quais-alimentos-podem-ou-nao-ir-para-a-geladeira\/\" \/>\n<meta property=\"og:site_name\" content=\"Correio Braziliense - Aqui\" \/>\n<meta property=\"article:published_time\" content=\"2026-01-22T11:26:27+00:00\" \/>\n<meta property=\"article:modified_time\" content=\"2026-01-22T11:26:30+00:00\" \/>\n<meta property=\"og:image\" content=\"https:\/\/www.correiobraziliense.com.br\/aqui\/wp-content\/uploads\/2026\/01\/httpsneuralmyth.comstaticcache7de6043f-b368-42a8-a704-c914239be86a.jpeg\" \/>\n\t<meta property=\"og:image:width\" content=\"1280\" \/>\n\t<meta property=\"og:image:height\" content=\"720\" \/>\n\t<meta property=\"og:image:type\" content=\"image\/jpeg\" \/>\n<meta name=\"author\" content=\"Larissa\" \/>\n<meta name=\"twitter:card\" content=\"summary_large_image\" \/>\n<meta name=\"twitter:label1\" content=\"Escrito por\" \/>\n\t<meta name=\"twitter:data1\" content=\"Larissa\" \/>\n\t<meta name=\"twitter:label2\" content=\"Est. tempo de leitura\" \/>\n\t<meta name=\"twitter:data2\" content=\"6 minutos\" \/>\n<!-- \/ Yoast SEO plugin. -->","yoast_head_json":{"title":"Saiba quais alimentos podem ou n\u00e3o ir para a geladeira - Correio Braziliense - Aqui","description":"Guardar alimentos na geladeira: saiba quais realmente precisam de refrigera\u00e7\u00e3o para evitar desperd\u00edcio, perda de sabor e riscos \u00e0 sa\u00fade.","robots":{"index":"index","follow":"follow","max-snippet":"max-snippet:-1","max-image-preview":"max-image-preview:large","max-video-preview":"max-video-preview:-1"},"canonical":"https:\/\/www.correiobraziliense.com.br\/aqui\/2026\/01\/22\/saiba-quais-alimentos-podem-ou-nao-ir-para-a-geladeira\/","og_locale":"pt_BR","og_type":"article","og_title":"Saiba quais alimentos podem ou n\u00e3o ir para a geladeira - Correio Braziliense - Aqui","og_description":"Guardar alimentos na geladeira: saiba quais realmente precisam de refrigera\u00e7\u00e3o para evitar desperd\u00edcio, perda de sabor e riscos \u00e0 sa\u00fade.","og_url":"https:\/\/www.correiobraziliense.com.br\/aqui\/2026\/01\/22\/saiba-quais-alimentos-podem-ou-nao-ir-para-a-geladeira\/","og_site_name":"Correio Braziliense - Aqui","article_published_time":"2026-01-22T11:26:27+00:00","article_modified_time":"2026-01-22T11:26:30+00:00","og_image":[{"width":1280,"height":720,"url":"https:\/\/www.correiobraziliense.com.br\/aqui\/wp-content\/uploads\/2026\/01\/httpsneuralmyth.comstaticcache7de6043f-b368-42a8-a704-c914239be86a.jpeg","type":"image\/jpeg"}],"author":"Larissa","twitter_card":"summary_large_image","twitter_misc":{"Escrito por":"Larissa","Est. tempo de leitura":"6 minutos"},"schema":{"@context":"https:\/\/schema.org","@graph":[{"@type":"WebPage","@id":"https:\/\/www.correiobraziliense.com.br\/aqui\/2026\/01\/22\/saiba-quais-alimentos-podem-ou-nao-ir-para-a-geladeira\/","url":"https:\/\/www.correiobraziliense.com.br\/aqui\/2026\/01\/22\/saiba-quais-alimentos-podem-ou-nao-ir-para-a-geladeira\/","name":"Saiba quais alimentos podem ou n\u00e3o ir para a geladeira - Correio Braziliense - Aqui","isPartOf":{"@id":"https:\/\/www.correiobraziliense.com.br\/aqui\/#website"},"primaryImageOfPage":{"@id":"https:\/\/www.correiobraziliense.com.br\/aqui\/2026\/01\/22\/saiba-quais-alimentos-podem-ou-nao-ir-para-a-geladeira\/#primaryimage"},"image":{"@id":"https:\/\/www.correiobraziliense.com.br\/aqui\/2026\/01\/22\/saiba-quais-alimentos-podem-ou-nao-ir-para-a-geladeira\/#primaryimage"},"thumbnailUrl":"https:\/\/www.correiobraziliense.com.br\/aqui\/wp-content\/uploads\/2026\/01\/httpsneuralmyth.comstaticcache7de6043f-b368-42a8-a704-c914239be86a.jpeg","datePublished":"2026-01-22T11:26:27+00:00","dateModified":"2026-01-22T11:26:30+00:00","author":{"@id":"https:\/\/www.correiobraziliense.com.br\/aqui\/#\/schema\/person\/775f50a8c1ac31704d56816e99b29041"},"description":"Guardar alimentos na geladeira: saiba quais realmente precisam de refrigera\u00e7\u00e3o para evitar desperd\u00edcio, perda de sabor e riscos \u00e0 sa\u00fade.","breadcrumb":{"@id":"https:\/\/www.correiobraziliense.com.br\/aqui\/2026\/01\/22\/saiba-quais-alimentos-podem-ou-nao-ir-para-a-geladeira\/#breadcrumb"},"inLanguage":"pt-BR","potentialAction":[{"@type":"ReadAction","target":["https:\/\/www.correiobraziliense.com.br\/aqui\/2026\/01\/22\/saiba-quais-alimentos-podem-ou-nao-ir-para-a-geladeira\/"]}]},{"@type":"ImageObject","inLanguage":"pt-BR","@id":"https:\/\/www.correiobraziliense.com.br\/aqui\/2026\/01\/22\/saiba-quais-alimentos-podem-ou-nao-ir-para-a-geladeira\/#primaryimage","url":"https:\/\/www.correiobraziliense.com.br\/aqui\/wp-content\/uploads\/2026\/01\/httpsneuralmyth.comstaticcache7de6043f-b368-42a8-a704-c914239be86a.jpeg","contentUrl":"https:\/\/www.correiobraziliense.com.br\/aqui\/wp-content\/uploads\/2026\/01\/httpsneuralmyth.comstaticcache7de6043f-b368-42a8-a704-c914239be86a.jpeg","width":1280,"height":720,"caption":"Cr\u00e9ditos: depositphotos.com \/ IgorVetushko"},{"@type":"BreadcrumbList","@id":"https:\/\/www.correiobraziliense.com.br\/aqui\/2026\/01\/22\/saiba-quais-alimentos-podem-ou-nao-ir-para-a-geladeira\/#breadcrumb","itemListElement":[{"@type":"ListItem","position":1,"name":"In\u00edcio","item":"https:\/\/www.correiobraziliense.com.br\/aqui\/"},{"@type":"ListItem","position":2,"name":"Saiba quais alimentos podem ou n\u00e3o ir para a geladeira"}]},{"@type":"WebSite","@id":"https:\/\/www.correiobraziliense.com.br\/aqui\/#website","url":"https:\/\/www.correiobraziliense.com.br\/aqui\/","name":"Correio Braziliense - Aqui","description":"O Correio Braziliense (CB) \u00e9 o mais importante canal de not\u00edcias de Bras\u00edlia. Aqui voc\u00ea encontra as \u00faltimas not\u00edcias do DF, do Brasil e do mundo.","potentialAction":[{"@type":"SearchAction","target":{"@type":"EntryPoint","urlTemplate":"https:\/\/www.correiobraziliense.com.br\/aqui\/?s={search_term_string}"},"query-input":{"@type":"PropertyValueSpecification","valueRequired":true,"valueName":"search_term_string"}}],"inLanguage":"pt-BR"},{"@type":"Person","@id":"https:\/\/www.correiobraziliense.com.br\/aqui\/#\/schema\/person\/775f50a8c1ac31704d56816e99b29041","name":"Larissa","image":{"@type":"ImageObject","inLanguage":"pt-BR","@id":"https:\/\/www.correiobraziliense.com.br\/aqui\/#\/schema\/person\/image\/","url":"https:\/\/secure.gravatar.com\/avatar\/62f5b2e99de671d075ab98e19f03c3c38c80a93f5d06f51075cf4431a4e76458?s=96&d=mm&r=g","contentUrl":"https:\/\/secure.gravatar.com\/avatar\/62f5b2e99de671d075ab98e19f03c3c38c80a93f5d06f51075cf4431a4e76458?s=96&d=mm&r=g","caption":"Larissa"},"url":"https:\/\/www.correiobraziliense.com.br\/aqui\/author\/larissaaqui\/"}]}},"_links":{"self":[{"href":"https:\/\/www.correiobraziliense.com.br\/aqui\/wp-json\/wp\/v2\/posts\/20229","targetHints":{"allow":["GET"]}}],"collection":[{"href":"https:\/\/www.correiobraziliense.com.br\/aqui\/wp-json\/wp\/v2\/posts"}],"about":[{"href":"https:\/\/www.correiobraziliense.com.br\/aqui\/wp-json\/wp\/v2\/types\/post"}],"author":[{"embeddable":true,"href":"https:\/\/www.correiobraziliense.com.br\/aqui\/wp-json\/wp\/v2\/users\/10"}],"replies":[{"embeddable":true,"href":"https:\/\/www.correiobraziliense.com.br\/aqui\/wp-json\/wp\/v2\/comments?post=20229"}],"version-history":[{"count":5,"href":"https:\/\/www.correiobraziliense.com.br\/aqui\/wp-json\/wp\/v2\/posts\/20229\/revisions"}],"predecessor-version":[{"id":20235,"href":"https:\/\/www.correiobraziliense.com.br\/aqui\/wp-json\/wp\/v2\/posts\/20229\/revisions\/20235"}],"wp:featuredmedia":[{"embeddable":true,"href":"https:\/\/www.correiobraziliense.com.br\/aqui\/wp-json\/wp\/v2\/media\/20230"}],"wp:attachment":[{"href":"https:\/\/www.correiobraziliense.com.br\/aqui\/wp-json\/wp\/v2\/media?parent=20229"}],"wp:term":[{"taxonomy":"category","embeddable":true,"href":"https:\/\/www.correiobraziliense.com.br\/aqui\/wp-json\/wp\/v2\/categories?post=20229"},{"taxonomy":"post_tag","embeddable":true,"href":"https:\/\/www.correiobraziliense.com.br\/aqui\/wp-json\/wp\/v2\/tags?post=20229"}],"curies":[{"name":"wp","href":"https:\/\/api.w.org\/{rel}","templated":true}]}}