{"id":20289,"date":"2026-01-22T15:52:05","date_gmt":"2026-01-22T18:52:05","guid":{"rendered":"https:\/\/www.correiobraziliense.com.br\/aqui\/?p=20289"},"modified":"2026-01-22T15:52:09","modified_gmt":"2026-01-22T18:52:09","slug":"parece-inofensivo-mas-nao-e-o-que-nunca-ligar-na-usb-do-celular","status":"publish","type":"post","link":"https:\/\/www.correiobraziliense.com.br\/aqui\/2026\/01\/22\/parece-inofensivo-mas-nao-e-o-que-nunca-ligar-na-usb-do-celular\/","title":{"rendered":"Parece inofensivo, mas n\u00e3o \u00e9: o que nunca ligar na USB do celular"},"content":{"rendered":"\n<p>Quem observa apenas o lado pr\u00e1tico da porta USB do celular costuma enxergar ali um simples ponto de recarga. Na realidade, essa conex\u00e3o tamb\u00e9m funciona como via direta para troca de informa\u00e7\u00f5es entre o smartphone e outros equipamentos. Por isso, a escolha de quais dispositivos n\u00e3o devem ser conectados no USB do celular deixou de ser um detalhe e passou a fazer parte dos cuidados b\u00e1sicos com seguran\u00e7a digital e com a sa\u00fade do aparelho.<\/p>\n\n\n\n<p>Em locais p\u00fablicos e no com\u00e9rcio on-line, \u00e9 comum encontrar cabos, carregadores e acess\u00f3rios muito baratos, al\u00e9m de esta\u00e7\u00f5es de recarga liberadas para qualquer pessoa. A combina\u00e7\u00e3o de pouco controle de qualidade com grande circula\u00e7\u00e3o de usu\u00e1rios cria um cen\u00e1rio favor\u00e1vel para danos f\u00edsicos, falhas el\u00e9tricas e acesso indevido a dados. Nesse contexto, entender quais conex\u00f5es evitar ajuda a prevenir preju\u00edzos que muitas vezes s\u00f3 aparecem depois de algum tempo de uso.<\/p>\n\n\n\n<h2 class=\"wp-block-heading\">Quais tipos de dispositivos s\u00e3o mais perigosos na porta USB do celular?<\/h2>\n\n\n\n<p>Nem todo acess\u00f3rio com conector compat\u00edvel \u00e9 seguro. Alguns grupos de produtos concentram a maior parte dos riscos quando o assunto \u00e9 porta USB do smartphone. Entre os principais dispositivos que n\u00e3o devem ser conectados no USB do celular est\u00e3o:<\/p>\n\n\n\n<ul class=\"wp-block-list\">\n<li><strong>Carregadores r\u00e1pidos sem certifica\u00e7\u00e3o<\/strong>, que prometem alta pot\u00eancia sem seguir padr\u00f5es t\u00e9cnicos;<\/li>\n\n\n\n<li><strong>Cabos gen\u00e9ricos ou falsificados<\/strong>, vendidos sem qualquer informa\u00e7\u00e3o confi\u00e1vel de origem;<\/li>\n\n\n\n<li><strong>Portas USB p\u00fablicas<\/strong>, presentes em totens e esta\u00e7\u00f5es de recarga;<\/li>\n\n\n\n<li><strong>Pen drives e HDs externos desconhecidos<\/strong>, especialmente os usados por muitas pessoas;<\/li>\n\n\n\n<li><strong>Gadgets USB muito baratos<\/strong>, como luzes, ventiladores, coolers e acess\u00f3rios curiosos.<\/li>\n<\/ul>\n\n\n\n<p>Esses grupos trazem amea\u00e7as diferentes. Alguns podem causar sobrecarga ou aquecimento exagerado; <strong><a href=\"https:\/\/www.correiobraziliense.com.br\/aqui\/2026\/01\/19\/carregar-o-celular-no-quarto-e-perigoso-entenda-os-motivos\/\" target=\"_blank\" rel=\"noreferrer noopener\">outros servem de caminho para instala\u00e7\u00e3o de programas maliciosos, roubo de informa\u00e7\u00f5es ou monitoramento silencioso do aparelho.<\/a><\/strong><\/p>\n\n\n\n<h2 class=\"wp-block-heading\">Carregadores e cabos sem certifica\u00e7\u00e3o podem danificar o celular?<\/h2>\n\n\n\n<p>Carregadores r\u00e1pidos dependem de comunica\u00e7\u00e3o constante entre o acess\u00f3rio e o smartphone para ajustar tens\u00e3o e corrente conforme a bateria enche. Quando o dispositivo usado n\u00e3o \u00e9 certificado, essa conversa pode falhar. O resultado s\u00e3o picos de energia, controle de temperatura deficiente e estresse maior sobre componentes internos, incluindo a porta USB e a bateria.<\/p>\n\n\n\n<p>No caso dos cabos USB, o problema costuma estar na constru\u00e7\u00e3o interna. Produtos muito baratos tendem a utilizar fios mais finos, isolamento fr\u00e1gil e conectores que n\u00e3o se encaixam corretamente. Isso favorece aquecimento, fa\u00edscas, falhas de contato e at\u00e9 curto-circuito. Al\u00e9m disso, um cabo com qualidade baixa obriga o usu\u00e1rio a mexer no conector com frequ\u00eancia para \u201cachar a posi\u00e7\u00e3o certa\u201d, acelerando o desgaste f\u00edsico da entrada do celular.<\/p>\n\n\n\n<h2 class=\"wp-block-heading\">Portas USB p\u00fablicas oferecem risco aos dados do smartphone?<\/h2>\n\n\n\n<p>Totens de recarga em aeroportos, esta\u00e7\u00f5es de metr\u00f4, shoppings e eventos se tornaram comuns, principalmente em grandes cidades. Eles costumam atrair quem est\u00e1 com pouca bateria e n\u00e3o tem um carregador por perto. O ponto cr\u00edtico \u00e9 que, pela mesma porta em que passa energia, tamb\u00e9m \u00e9 poss\u00edvel transferir dados. Se o equipamento tiver sido adulterado, o celular pode ser conectado, sem aviso claro, a um sistema que copie arquivos, colete senhas ou instale c\u00f3digos maliciosos.<\/p>\n\n\n\n<p>Como n\u00e3o h\u00e1 forma simples de verificar se aquele ponto foi modificado, a recomenda\u00e7\u00e3o de especialistas tem sido evitar a conex\u00e3o direta \u00e0 USB de uso p\u00fablico. Em vez disso, costuma ser mais seguro:<\/p>\n\n\n\n<ul class=\"wp-block-list\">\n<li>usar a pr\u00f3pria fonte de alimenta\u00e7\u00e3o do celular em uma tomada comum;<\/li>\n\n\n\n<li>carregar um power bank pessoal para emerg\u00eancias;<\/li>\n\n\n\n<li>adotar adaptadores que bloqueiam a transmiss\u00e3o de dados, liberando apenas a energia.<\/li>\n<\/ul>\n\n\n\n<p>Com essas alternativas, a porta USB do smartphone fica protegida de interfer\u00eancias externas mesmo em situa\u00e7\u00f5es de baixa bateria.<\/p>\n\n\n\n<h2 class=\"wp-block-heading\">Por que pen drives, HDs externos e gadgets USB exigem aten\u00e7\u00e3o extra?<\/h2>\n\n\n\n<p>Dispositivos de armazenamento remov\u00edvel s\u00e3o pr\u00e1ticos para transferir fotos, v\u00eddeos e documentos, mas tamb\u00e9m s\u00e3o meios comuns de circula\u00e7\u00e3o de malwares. Um pen drive que passou por v\u00e1rios computadores sem prote\u00e7\u00e3o adequada pode carregar arquivos capazes de explorar falhas no sistema do celular, registrar tudo o que \u00e9 digitado ou encaminhar dados para terceiros sem qualquer autoriza\u00e7\u00e3o do usu\u00e1rio.<\/p>\n\n\n\n<p>HDs externos usados diretamente no smartphone representam outro ponto de alerta. Al\u00e9m dos riscos de software, esses equipamentos muitas vezes exigem mais energia do que a porta USB do celular consegue oferecer com seguran\u00e7a, o que pode causar aquecimento intenso e travamentos. J\u00e1 os gadgets USB de baixo custo \u2014 como lumin\u00e1rias flex\u00edveis, mini ventiladores e outros itens \u201cdivertidos\u201d \u2014 geralmente n\u00e3o passam por testes rigorosos. Em alguns casos, a alimenta\u00e7\u00e3o irregular ou o mau contato provocam fa\u00edscas ou desgastam a porta USB com pouco tempo de uso.<\/p>\n\n\n\n<h2 class=\"wp-block-heading\">Como reduzir os riscos ao usar a porta USB do celular?<\/h2>\n\n\n\n<p>Manter o aparelho protegido n\u00e3o depende apenas de antiv\u00edrus ou atualiza\u00e7\u00f5es de sistema. A forma como a porta USB \u00e9 utilizada tamb\u00e9m influencia diretamente na seguran\u00e7a e na durabilidade do dispositivo. Algumas medidas simples podem ajudar:<\/p>\n\n\n\n<ol class=\"wp-block-list\">\n<li><strong>Escolher acess\u00f3rios homologados<\/strong><br>Priorizar carregadores, cabos e adaptadores indicados pela pr\u00f3pria fabricante do celular ou com certifica\u00e7\u00f5es de seguran\u00e7a reconhecidas por \u00f3rg\u00e3os reguladores.<\/li>\n\n\n\n<li><strong>Evitar liga\u00e7\u00e3o direta em USBs de uso coletivo<\/strong><br>Dar prefer\u00eancia \u00e0 tomada comum, a baterias port\u00e1teis pr\u00f3prias ou a adaptadores que eliminam a transfer\u00eancia de dados durante a recarga.<\/li>\n\n\n\n<li><strong>Controlar o uso de pen drives e HDs desconhecidos<\/strong><br>Verificar o conte\u00fado desses dispositivos em computadores protegidos, com antiv\u00edrus atualizado, e considerar o uso de servi\u00e7os em nuvem para compartilhamento de arquivos.<\/li>\n\n\n\n<li><strong>Observar o comportamento do aparelho<\/strong><br>Parar a recarga ao notar aquecimento fora do normal, cheiro de queimado, ru\u00eddos estranhos ou folga na conex\u00e3o, buscando assist\u00eancia t\u00e9cnica se o problema persistir.<\/li>\n\n\n\n<li><strong>Reduzir o uso de gadgets dispens\u00e1veis<\/strong><br>Avaliar se o acess\u00f3rio USB \u00e9 realmente necess\u00e1rio e optar, quando for o caso, por vers\u00f5es de fabricantes que informem claramente tens\u00e3o, corrente e certifica\u00e7\u00f5es.<\/li>\n<\/ol>\n\n\n\n<p>Ao encarar a porta USB como um ponto sens\u00edvel do smartphone, a sele\u00e7\u00e3o de dispositivos que n\u00e3o devem ser conectados no USB do celular se torna uma decis\u00e3o mais consciente. Esse cuidado contribui para prolongar a vida \u00fatil do equipamento e diminuir a exposi\u00e7\u00e3o de dados pessoais, em um momento em que o celular concentra grande parte das atividades cotidianas, do trabalho ao lazer.<\/p>\n\n\n\n<h2 class=\"wp-block-heading\">FAQ sobre cabos USB<\/h2>\n\n\n\n<p><strong>1. Como saber se um cabo USB \u00e9 realmente original ou certificado?<\/strong><br>Cabos originais ou certificados costumam trazer marca\u00e7\u00e3o clara da fabricante, n\u00famero de modelo, informa\u00e7\u00f5es de voltagem\/corrente e, muitas vezes, selos de certifica\u00e7\u00e3o impressos na embalagem. A grava\u00e7\u00e3o nos conectores \u00e9 bem definida, o encaixe \u00e9 firme e o pl\u00e1stico n\u00e3o tem rebarbas ou cheiro forte. Entretanto, mesmo c\u00f3pias podem imitar a apar\u00eancia; portanto, \u00e9 recomend\u00e1vel comprar apenas de lojas confi\u00e1veis e, sempre que poss\u00edvel, checar o c\u00f3digo do produto no site do fabricante.<\/p>\n\n\n\n<p><strong>2. Um cabo USB muito longo pode prejudicar o carregamento?<\/strong><br>Cabos muito longos aumentam a resist\u00eancia el\u00e9trica e podem reduzir a corrente que chega ao aparelho. Isso se traduz em carregamento mais lento e, em alguns casos, inst\u00e1vel. Entretanto, se o cabo for de boa qualidade e com condutores adequados (mais grossos), o impacto tende a ser menor. Portanto, ao precisar de um cabo longo, \u00e9 importante escolher vers\u00f5es espec\u00edficas para alta corrente, evitando produtos gen\u00e9ricos que n\u00e3o informem a bitola dos fios.<\/p>\n\n\n\n<p><strong>3. Qual a diferen\u00e7a pr\u00e1tica entre cabos USB s\u00f3 de energia e cabos de dados?<\/strong><br>Alguns cabos t\u00eam apenas os fios de alimenta\u00e7\u00e3o conectados, servindo exclusivamente para recarga. Eles n\u00e3o permitem transfer\u00eancia de arquivos entre o celular e outros dispositivos. J\u00e1 os cabos de dados contam com os pares de fios adicionais respons\u00e1veis pela comunica\u00e7\u00e3o. Entretanto, a distin\u00e7\u00e3o nem sempre \u00e9 \u00f3bvia \u00e0 primeira vista; muitas vezes ela aparece apenas na embalagem. Portanto, se o objetivo for sincronizar dados ou usar o celular como modem, \u00e9 essencial garantir que o cabo seja rotulado como \u201cdados + carga\u201d ou similar.<\/p>\n\n\n\n<p><strong>4. Usar adaptadores (USB\u2011A para USB\u2011C, micro\u2011USB etc.) \u00e9 seguro para o cabo e o celular?<\/strong><br>Adaptadores de boa proced\u00eancia podem ser usados sem grandes problemas, em suma, desde que respeitem o padr\u00e3o de corrente e tens\u00e3o indicados. Entretanto, adaptadores mal constru\u00eddos podem causar mau contato, aquecimento e at\u00e9 curto-circuito, comprometendo tanto o cabo quanto a porta USB do aparelho. Portanto, \u00e9 recomend\u00e1vel limitar o uso de m\u00faltiplos adaptadores em s\u00e9rie e optar sempre por vers\u00f5es certificadas, especialmente ao lidar com carregamento r\u00e1pido.<\/p>\n\n\n\n<p><strong>5. O que significa um cabo USB ser \u201cr\u00e1pido\u201d e isso faz diferen\u00e7a?<\/strong><br>Quando um cabo \u00e9 descrito como \u201cr\u00e1pido\u201d, em suma, normalmente ele suporta correntes mais altas (por exemplo, 2 A, 3 A ou mais) e, em alguns casos, padr\u00f5es espec\u00edficos de carregamento r\u00e1pido. Isso permite que o aparelho receba mais energia em menos tempo. Entretanto, se o carregador ou o pr\u00f3prio celular n\u00e3o forem compat\u00edveis, o ganho ser\u00e1 limitado. Portanto, a velocidade de carga depende da combina\u00e7\u00e3o entre cabo, fonte e dispositivo, n\u00e3o apenas de um \u00fanico elemento.<\/p>\n\n\n\n<p><strong>6. Quais sinais indicam que \u00e9 hora de trocar o cabo USB?<\/strong><br>Em suma, sinais de desgaste incluem partes descascadas, dobras r\u00edgidas pr\u00f3ximas aos conectores, aquecimento anormal, cheiro de queimado, falhas intermitentes de conex\u00e3o e necessidade de \u201cajeitar\u201d o cabo para funcionar. Entretanto, mesmo antes de um dano aparente, cabos muito antigos ou com hist\u00f3rico de mau uso podem se tornar inseguros. Portanto, ao notar qualquer ind\u00edcio de fa\u00edsca, escurecimento dos contatos ou travamentos durante a carga, \u00e9 prudente substituir o cabo imediatamente.<\/p>\n\n\n\n<p><strong>7. Guardar o cabo USB enrolado de forma apertada pode danific\u00e1-lo?<\/strong><br>Enrolar o cabo com muita for\u00e7a ou dobr\u00e1-lo em \u00e2ngulos muito fechados cria tens\u00e3o interna nos fios. Isso acelera rompimentos e microtrincas, especialmente pr\u00f3ximo \u00e0s extremidades. Entretanto, um enrolamento suave, em c\u00edrculos largos, tende a ser seguro. Portanto, ao guardar o cabo, \u00e9 melhor evitar n\u00f3s apertados, el\u00e1sticos muito fortes e tor\u00e7\u00f5es repetidas sempre no mesmo ponto.<\/p>\n\n\n\n<p><strong>8. Posso usar o celular enquanto ele carrega pelo cabo USB?<\/strong><br>\u00c9 poss\u00edvel usar o celular durante a recarga, em suma, mas isso aumenta a temperatura do aparelho e do cabo, pois h\u00e1 consumo e carga ao mesmo tempo. Entretanto, em condi\u00e7\u00f5es normais e com acess\u00f3rios de qualidade, isso n\u00e3o costuma causar danos imediatos. Portanto, o cuidado principal \u00e9 observar se h\u00e1 aquecimento excessivo; se o conjunto esquentar demais, o ideal \u00e9 interromper o uso intenso (como jogos pesados) at\u00e9 o fim da recarga.<\/p>\n\n\n\n<p><strong>9. Cabos USB tran\u00e7ados (revestidos em nylon) s\u00e3o mais seguros que os comuns?<\/strong><br>O revestimento em nylon tran\u00e7ado oferece maior resist\u00eancia mec\u00e2nica, em suma, protegendo melhor contra cortes, dobras e pux\u00f5es. Entretanto, a seguran\u00e7a el\u00e9trica depende da qualidade dos fios internos, da isola\u00e7\u00e3o e dos conectores, n\u00e3o apenas da capa externa. Portanto, um cabo tran\u00e7ado de baixa qualidade pode ser pior que um cabo simples bem constru\u00eddo; o ideal \u00e9 combinar bom revestimento com certifica\u00e7\u00f5es confi\u00e1veis.<\/p>\n\n\n\n<p><strong>10. Usar o cabo USB do computador para carregar o celular \u00e9 ruim para a bateria?<\/strong><br>Portas USB de computadores costumam fornecer menos corrente que carregadores de parede, resultando, em suma, em carregamento mais lento. Isso, por si s\u00f3, n\u00e3o \u00e9 necessariamente ruim para a bateria. Entretanto, portas defeituosas, hubs sem alimenta\u00e7\u00e3o pr\u00f3pria ou computadores antigos podem ser inst\u00e1veis e gerar quedas de energia. Portanto, para o uso di\u00e1rio, a fonte de tomada \u00e9 mais indicada; o carregamento via PC pode ser reservado a situa\u00e7\u00f5es em que a velocidade n\u00e3o seja prioridade.<\/p>\n","protected":false},"excerpt":{"rendered":"<p>Proteja seu celular: descubra 5 dispositivos que voc\u00ea nunca deve conectar na porta USB e evite riscos \u00e0 bateria, dados e seguran\u00e7a digital.<\/p>\n","protected":false},"author":8,"featured_media":20290,"comment_status":"open","ping_status":"open","sticky":false,"template":"","format":"standard","meta":{"jnews-multi-image_gallery":[],"jnews_single_post":{"format":"standard"},"jnews_primary_category":[],"jnews_social_meta":[],"jnews_override_counter":[],"footnotes":""},"categories":[244],"tags":[3469,6281,224,6549,6550],"class_list":["post-20289","post","type-post","status-publish","format-standard","has-post-thumbnail","hentry","category-tecnologia-2","tag-celular","tag-perigos","tag-tecnologia","tag-usb","tag-usb-do-celular"],"yoast_head":"<!-- This site is optimized with the Yoast SEO plugin v25.1 - https:\/\/yoast.com\/wordpress\/plugins\/seo\/ -->\n<title>Parece inofensivo, mas n\u00e3o \u00e9: o que nunca ligar na USB do celular - Correio Braziliense - Aqui<\/title>\n<meta name=\"description\" content=\"Descubra 5 dispositivos que voc\u00ea nunca deve conectar na porta USB do celular e evite riscos \u00e0 bateria, dados e seguran\u00e7a digital.\" \/>\n<meta name=\"robots\" content=\"index, follow, max-snippet:-1, max-image-preview:large, max-video-preview:-1\" \/>\n<link rel=\"canonical\" href=\"https:\/\/www.correiobraziliense.com.br\/aqui\/2026\/01\/22\/parece-inofensivo-mas-nao-e-o-que-nunca-ligar-na-usb-do-celular\/\" \/>\n<meta property=\"og:locale\" content=\"pt_BR\" \/>\n<meta property=\"og:type\" content=\"article\" \/>\n<meta property=\"og:title\" content=\"Parece inofensivo, mas n\u00e3o \u00e9: o que nunca ligar na USB do celular - Correio Braziliense - Aqui\" \/>\n<meta property=\"og:description\" content=\"Descubra 5 dispositivos que voc\u00ea nunca deve conectar na porta USB do celular e evite riscos \u00e0 bateria, dados e seguran\u00e7a digital.\" \/>\n<meta property=\"og:url\" content=\"https:\/\/www.correiobraziliense.com.br\/aqui\/2026\/01\/22\/parece-inofensivo-mas-nao-e-o-que-nunca-ligar-na-usb-do-celular\/\" \/>\n<meta property=\"og:site_name\" content=\"Correio Braziliense - Aqui\" \/>\n<meta property=\"article:published_time\" content=\"2026-01-22T18:52:05+00:00\" \/>\n<meta property=\"article:modified_time\" content=\"2026-01-22T18:52:09+00:00\" \/>\n<meta property=\"og:image\" content=\"https:\/\/www.correiobraziliense.com.br\/aqui\/wp-content\/uploads\/2026\/01\/httpsneuralmyth.comstaticcache93eccdbb-7323-4a6e-a4f7-6a092289284f.jpeg\" \/>\n\t<meta property=\"og:image:width\" content=\"1280\" \/>\n\t<meta property=\"og:image:height\" content=\"720\" \/>\n\t<meta property=\"og:image:type\" content=\"image\/jpeg\" \/>\n<meta name=\"author\" content=\"Lara\" \/>\n<meta name=\"twitter:card\" content=\"summary_large_image\" \/>\n<meta name=\"twitter:label1\" content=\"Escrito por\" \/>\n\t<meta name=\"twitter:data1\" content=\"Lara\" \/>\n\t<meta name=\"twitter:label2\" content=\"Est. tempo de leitura\" \/>\n\t<meta name=\"twitter:data2\" content=\"11 minutos\" \/>\n<!-- \/ Yoast SEO plugin. -->","yoast_head_json":{"title":"Parece inofensivo, mas n\u00e3o \u00e9: o que nunca ligar na USB do celular - Correio Braziliense - Aqui","description":"Descubra 5 dispositivos que voc\u00ea nunca deve conectar na porta USB do celular e evite riscos \u00e0 bateria, dados e seguran\u00e7a digital.","robots":{"index":"index","follow":"follow","max-snippet":"max-snippet:-1","max-image-preview":"max-image-preview:large","max-video-preview":"max-video-preview:-1"},"canonical":"https:\/\/www.correiobraziliense.com.br\/aqui\/2026\/01\/22\/parece-inofensivo-mas-nao-e-o-que-nunca-ligar-na-usb-do-celular\/","og_locale":"pt_BR","og_type":"article","og_title":"Parece inofensivo, mas n\u00e3o \u00e9: o que nunca ligar na USB do celular - Correio Braziliense - Aqui","og_description":"Descubra 5 dispositivos que voc\u00ea nunca deve conectar na porta USB do celular e evite riscos \u00e0 bateria, dados e seguran\u00e7a digital.","og_url":"https:\/\/www.correiobraziliense.com.br\/aqui\/2026\/01\/22\/parece-inofensivo-mas-nao-e-o-que-nunca-ligar-na-usb-do-celular\/","og_site_name":"Correio Braziliense - Aqui","article_published_time":"2026-01-22T18:52:05+00:00","article_modified_time":"2026-01-22T18:52:09+00:00","og_image":[{"width":1280,"height":720,"url":"https:\/\/www.correiobraziliense.com.br\/aqui\/wp-content\/uploads\/2026\/01\/httpsneuralmyth.comstaticcache93eccdbb-7323-4a6e-a4f7-6a092289284f.jpeg","type":"image\/jpeg"}],"author":"Lara","twitter_card":"summary_large_image","twitter_misc":{"Escrito por":"Lara","Est. tempo de leitura":"11 minutos"},"schema":{"@context":"https:\/\/schema.org","@graph":[{"@type":"WebPage","@id":"https:\/\/www.correiobraziliense.com.br\/aqui\/2026\/01\/22\/parece-inofensivo-mas-nao-e-o-que-nunca-ligar-na-usb-do-celular\/","url":"https:\/\/www.correiobraziliense.com.br\/aqui\/2026\/01\/22\/parece-inofensivo-mas-nao-e-o-que-nunca-ligar-na-usb-do-celular\/","name":"Parece inofensivo, mas n\u00e3o \u00e9: o que nunca ligar na USB do celular - Correio Braziliense - Aqui","isPartOf":{"@id":"https:\/\/www.correiobraziliense.com.br\/aqui\/#website"},"primaryImageOfPage":{"@id":"https:\/\/www.correiobraziliense.com.br\/aqui\/2026\/01\/22\/parece-inofensivo-mas-nao-e-o-que-nunca-ligar-na-usb-do-celular\/#primaryimage"},"image":{"@id":"https:\/\/www.correiobraziliense.com.br\/aqui\/2026\/01\/22\/parece-inofensivo-mas-nao-e-o-que-nunca-ligar-na-usb-do-celular\/#primaryimage"},"thumbnailUrl":"https:\/\/www.correiobraziliense.com.br\/aqui\/wp-content\/uploads\/2026\/01\/httpsneuralmyth.comstaticcache93eccdbb-7323-4a6e-a4f7-6a092289284f.jpeg","datePublished":"2026-01-22T18:52:05+00:00","dateModified":"2026-01-22T18:52:09+00:00","author":{"@id":"https:\/\/www.correiobraziliense.com.br\/aqui\/#\/schema\/person\/5d6e4d99fecc86ab1a7ed1a0369afb65"},"description":"Descubra 5 dispositivos que voc\u00ea nunca deve conectar na porta USB do celular e evite riscos \u00e0 bateria, dados e seguran\u00e7a digital.","breadcrumb":{"@id":"https:\/\/www.correiobraziliense.com.br\/aqui\/2026\/01\/22\/parece-inofensivo-mas-nao-e-o-que-nunca-ligar-na-usb-do-celular\/#breadcrumb"},"inLanguage":"pt-BR","potentialAction":[{"@type":"ReadAction","target":["https:\/\/www.correiobraziliense.com.br\/aqui\/2026\/01\/22\/parece-inofensivo-mas-nao-e-o-que-nunca-ligar-na-usb-do-celular\/"]}]},{"@type":"ImageObject","inLanguage":"pt-BR","@id":"https:\/\/www.correiobraziliense.com.br\/aqui\/2026\/01\/22\/parece-inofensivo-mas-nao-e-o-que-nunca-ligar-na-usb-do-celular\/#primaryimage","url":"https:\/\/www.correiobraziliense.com.br\/aqui\/wp-content\/uploads\/2026\/01\/httpsneuralmyth.comstaticcache93eccdbb-7323-4a6e-a4f7-6a092289284f.jpeg","contentUrl":"https:\/\/www.correiobraziliense.com.br\/aqui\/wp-content\/uploads\/2026\/01\/httpsneuralmyth.comstaticcache93eccdbb-7323-4a6e-a4f7-6a092289284f.jpeg","width":1280,"height":720,"caption":"Cr\u00e9ditos: depositphotos.com \/ art8MB"},{"@type":"BreadcrumbList","@id":"https:\/\/www.correiobraziliense.com.br\/aqui\/2026\/01\/22\/parece-inofensivo-mas-nao-e-o-que-nunca-ligar-na-usb-do-celular\/#breadcrumb","itemListElement":[{"@type":"ListItem","position":1,"name":"In\u00edcio","item":"https:\/\/www.correiobraziliense.com.br\/aqui\/"},{"@type":"ListItem","position":2,"name":"Parece inofensivo, mas n\u00e3o \u00e9: o que nunca ligar na USB do celular"}]},{"@type":"WebSite","@id":"https:\/\/www.correiobraziliense.com.br\/aqui\/#website","url":"https:\/\/www.correiobraziliense.com.br\/aqui\/","name":"Correio Braziliense - Aqui","description":"O Correio Braziliense (CB) \u00e9 o mais importante canal de not\u00edcias de Bras\u00edlia. Aqui voc\u00ea encontra as \u00faltimas not\u00edcias do DF, do Brasil e do mundo.","potentialAction":[{"@type":"SearchAction","target":{"@type":"EntryPoint","urlTemplate":"https:\/\/www.correiobraziliense.com.br\/aqui\/?s={search_term_string}"},"query-input":{"@type":"PropertyValueSpecification","valueRequired":true,"valueName":"search_term_string"}}],"inLanguage":"pt-BR"},{"@type":"Person","@id":"https:\/\/www.correiobraziliense.com.br\/aqui\/#\/schema\/person\/5d6e4d99fecc86ab1a7ed1a0369afb65","name":"Lara","image":{"@type":"ImageObject","inLanguage":"pt-BR","@id":"https:\/\/www.correiobraziliense.com.br\/aqui\/#\/schema\/person\/image\/","url":"https:\/\/secure.gravatar.com\/avatar\/57056c5c343a6d8a6669688d3d2c04916d9d280b352b6e50e66a8d39b2517e00?s=96&d=mm&r=g","contentUrl":"https:\/\/secure.gravatar.com\/avatar\/57056c5c343a6d8a6669688d3d2c04916d9d280b352b6e50e66a8d39b2517e00?s=96&d=mm&r=g","caption":"Lara"},"url":"https:\/\/www.correiobraziliense.com.br\/aqui\/author\/laraaqui\/"}]}},"_links":{"self":[{"href":"https:\/\/www.correiobraziliense.com.br\/aqui\/wp-json\/wp\/v2\/posts\/20289","targetHints":{"allow":["GET"]}}],"collection":[{"href":"https:\/\/www.correiobraziliense.com.br\/aqui\/wp-json\/wp\/v2\/posts"}],"about":[{"href":"https:\/\/www.correiobraziliense.com.br\/aqui\/wp-json\/wp\/v2\/types\/post"}],"author":[{"embeddable":true,"href":"https:\/\/www.correiobraziliense.com.br\/aqui\/wp-json\/wp\/v2\/users\/8"}],"replies":[{"embeddable":true,"href":"https:\/\/www.correiobraziliense.com.br\/aqui\/wp-json\/wp\/v2\/comments?post=20289"}],"version-history":[{"count":1,"href":"https:\/\/www.correiobraziliense.com.br\/aqui\/wp-json\/wp\/v2\/posts\/20289\/revisions"}],"predecessor-version":[{"id":20292,"href":"https:\/\/www.correiobraziliense.com.br\/aqui\/wp-json\/wp\/v2\/posts\/20289\/revisions\/20292"}],"wp:featuredmedia":[{"embeddable":true,"href":"https:\/\/www.correiobraziliense.com.br\/aqui\/wp-json\/wp\/v2\/media\/20290"}],"wp:attachment":[{"href":"https:\/\/www.correiobraziliense.com.br\/aqui\/wp-json\/wp\/v2\/media?parent=20289"}],"wp:term":[{"taxonomy":"category","embeddable":true,"href":"https:\/\/www.correiobraziliense.com.br\/aqui\/wp-json\/wp\/v2\/categories?post=20289"},{"taxonomy":"post_tag","embeddable":true,"href":"https:\/\/www.correiobraziliense.com.br\/aqui\/wp-json\/wp\/v2\/tags?post=20289"}],"curies":[{"name":"wp","href":"https:\/\/api.w.org\/{rel}","templated":true}]}}