{"id":20293,"date":"2026-01-22T16:19:58","date_gmt":"2026-01-22T19:19:58","guid":{"rendered":"https:\/\/www.correiobraziliense.com.br\/aqui\/?p=20293"},"modified":"2026-01-22T16:20:02","modified_gmt":"2026-01-22T19:20:02","slug":"descubra-os-habitos-comuns-que-aceleram-o-envelhecimento-do-cerebro","status":"publish","type":"post","link":"https:\/\/www.correiobraziliense.com.br\/aqui\/2026\/01\/22\/descubra-os-habitos-comuns-que-aceleram-o-envelhecimento-do-cerebro\/","title":{"rendered":"Descubra os h\u00e1bitos comuns que aceleram o envelhecimento do c\u00e9rebro"},"content":{"rendered":"\n<p>O envelhecimento do c\u00e9rebro humano ocorre ao longo da vida, mas a velocidade desse processo est\u00e1 ligada, em grande parte, \u00e0s escolhas feitas no dia a dia. Al\u00e9m da gen\u00e9tica, fatores como alimenta\u00e7\u00e3o, sono, pr\u00e1tica de atividade f\u00edsica, est\u00edmulos sociais e cuidados sensoriais influenciam diretamente a sa\u00fade cerebral. Manter h\u00e1bitos prejudiciais por muitos anos pode antecipar o decl\u00ednio cognitivo, afetando mem\u00f3ria, aten\u00e7\u00e3o e racioc\u00ednio.<\/p>\n\n\n\n<p>Nos \u00faltimos anos, estudos em neuroci\u00eancia t\u00eam mostrado que o c\u00e9rebro permanece pl\u00e1stico, ou seja, capaz de se adaptar, at\u00e9 idades avan\u00e7adas. Essa capacidade, por\u00e9m, depende de um ambiente favor\u00e1vel. Quando predominam comportamentos como sedentarismo, isolamento social, dieta desequilibrada e noites mal dormidas, a tend\u00eancia \u00e9 de desgaste acelerado das fun\u00e7\u00f5es mentais. A preserva\u00e7\u00e3o da mente passa, portanto, por um conjunto de atitudes preventivas adotadas de forma constante.<\/p>\n\n\n\n<h2 class=\"wp-block-heading\">Envelhecimento do c\u00e9rebro: o que influencia esse processo?<\/h2>\n\n\n\n<p>O envelhecimento do c\u00e9rebro n\u00e3o ocorre de maneira uniforme em todas as pessoas. Enquanto algumas mant\u00eam boa mem\u00f3ria e autonomia at\u00e9 idades mais avan\u00e7adas, outras desenvolvem dificuldades cognitivas precoces. Entre os fatores que mais pesam nesse cen\u00e1rio est\u00e3o <strong><a href=\"https:\/\/www.correiobraziliense.com.br\/aqui\/2026\/01\/16\/medica-lista-5-alimentos-que-combatem-a-inflamacao-no-cerebro\/\" target=\"_blank\" rel=\"noreferrer noopener\">a qualidade da alimenta\u00e7\u00e3o, o n\u00edvel de atividade f\u00edsica, o controle de doen\u00e7as cr\u00f4nicas e o cuidado com o sono<\/a><\/strong>. A aus\u00eancia de est\u00edmulos intelectuais e sociais tamb\u00e9m exerce impacto importante.<\/p>\n\n\n\n<p>Na pr\u00e1tica, o c\u00e9rebro funciona como um \u00f3rg\u00e3o que responde ao \u201cuso\u201d. Ambientes ricos em intera\u00e7\u00f5es, leitura, aprendizado cont\u00ednuo e movimentos corporais tendem a proteger as conex\u00f5es neurais. Em contrapartida, uma rotina marcada por longos per\u00edodos sentados, poucas conversas presenciais, excesso de telas e alimenta\u00e7\u00e3o baseada em produtos ultraprocessados favorece processos inflamat\u00f3rios e oxidativos que podem acelerar o desgaste das c\u00e9lulas nervosas.<\/p>\n\n\n\n<h2 class=\"wp-block-heading\">Como os h\u00e1bitos cotidianos aceleram o envelhecimento do c\u00e9rebro?<\/h2>\n\n\n\n<p>Entre os comportamentos que mais contribuem para o envelhecimento cerebral precoce, a alimenta\u00e7\u00e3o aparece como ponto central. Dietas ricas em ultraprocessados, a\u00e7\u00facares simples e gorduras saturadas, com baixo consumo de frutas, verduras, legumes, gr\u00e3os integrais e fontes de \u00f4mega-3, est\u00e3o associadas a maior risco de decl\u00ednio cognitivo. Esse padr\u00e3o alimentar favorece altera\u00e7\u00f5es metab\u00f3licas, como resist\u00eancia \u00e0 insulina e aumento de marcadores inflamat\u00f3rios, que afetam a circula\u00e7\u00e3o sangu\u00ednea e a estrutura do c\u00e9rebro.<\/p>\n\n\n\n<p>O sedentarismo \u00e9 outro fator decisivo. A falta de atividade f\u00edsica reduz o fluxo de sangue e oxig\u00eanio para as \u00e1reas cerebrais, limita a libera\u00e7\u00e3o de subst\u00e2ncias respons\u00e1veis pela prote\u00e7\u00e3o dos neur\u00f4nios e est\u00e1 ligada \u00e0 piora da mem\u00f3ria e da capacidade de planejamento. J\u00e1 o isolamento social diminui a quantidade de est\u00edmulos que o c\u00e9rebro recebe diariamente. Conversas, trocas afetivas e atividades em grupo exigem aten\u00e7\u00e3o, linguagem e interpreta\u00e7\u00e3o, funcionando como uma esp\u00e9cie de \u201cacademia\u201d mental.<\/p>\n\n\n\n<ul class=\"wp-block-list\">\n<li><strong>M\u00e1 alimenta\u00e7\u00e3o<\/strong>: associa-se a inflama\u00e7\u00e3o cr\u00f4nica e desequil\u00edbrios hormonais que afetam o c\u00e9rebro.<\/li>\n\n\n\n<li><strong>Sedentarismo<\/strong>: reduz a neuroplasticidade e limita a forma\u00e7\u00e3o de novas conex\u00f5es neurais.<\/li>\n\n\n\n<li><strong>Isolamento social<\/strong>: diminui est\u00edmulos cognitivos e amplia o risco de dem\u00eancia.<\/li>\n\n\n\n<li><strong>Multitarefa excessiva<\/strong>: pode fragmentar a aten\u00e7\u00e3o e comprometer a qualidade do processamento mental.<\/li>\n<\/ul>\n\n\n\n<h2 class=\"wp-block-heading\">Problemas de vis\u00e3o e audi\u00e7\u00e3o tamb\u00e9m envelhecem o c\u00e9rebro?<\/h2>\n\n\n\n<p>Altera\u00e7\u00f5es de vis\u00e3o e audi\u00e7\u00e3o n\u00e3o tratadas s\u00e3o frequentemente subestimadas, mas t\u00eam rela\u00e7\u00e3o direta com o envelhecimento do c\u00e9rebro. Quando a pessoa v\u00ea ou ouve mal e n\u00e3o utiliza \u00f3culos adequados ou aparelhos auditivos, o c\u00e9rebro precisa fazer um esfor\u00e7o maior para interpretar sons e imagens. Essa sobrecarga constante tende a consumir energia cognitiva que poderia ser usada para outras fun\u00e7\u00f5es, como mem\u00f3ria e racioc\u00ednio.<\/p>\n\n\n\n<p>Pesquisas recentes apontam que perdas auditivas moderadas est\u00e3o associadas a maior risco de dem\u00eancia em longo prazo. O mesmo ocorre com doen\u00e7as oculares que comprometem o campo visual ou a nitidez das imagens. Consultas regulares a oftalmologista e otorrinolaringologista, al\u00e9m do uso correto de lentes e aparelhos, funcionam como estrat\u00e9gias importantes de prote\u00e7\u00e3o da sa\u00fade mental ao longo do envelhecimento.<\/p>\n\n\n\n<ol class=\"wp-block-list\">\n<li>Identificar dificuldade para ouvir conversas em locais ruidosos.<\/li>\n\n\n\n<li>Observar sinais de esfor\u00e7o visual, como dor de cabe\u00e7a e ard\u00eancia nos olhos.<\/li>\n\n\n\n<li>Buscar avalia\u00e7\u00e3o especializada peri\u00f3dica, mesmo na aus\u00eancia de sintomas intensos.<\/li>\n\n\n\n<li>Seguir a orienta\u00e7\u00e3o sobre \u00f3culos, lentes ou aparelhos auditivos sem adiar o uso.<\/li>\n<\/ol>\n\n\n\n<h2 class=\"wp-block-heading\">Qual \u00e9 o papel do sono na sa\u00fade do c\u00e9rebro?<\/h2>\n\n\n\n<p>A qualidade do sono \u00e9 considerada um dos pilares para retardar o <strong>envelhecimento do c\u00e9rebro<\/strong>. Durante as fases mais profundas do sono, o c\u00e9rebro realiza processos de limpeza de toxinas, consolida\u00e7\u00e3o de mem\u00f3rias e recupera\u00e7\u00e3o das conex\u00f5es neurais. Quando h\u00e1 priva\u00e7\u00e3o cr\u00f4nica, esse ciclo \u00e9 interrompido, favorecendo o ac\u00famulo de prote\u00ednas relacionadas a quadros de dem\u00eancia e prejudicando o desempenho cognitivo di\u00e1rio.<\/p>\n\n\n\n<p>No Brasil, levantamentos apontam que muitas pessoas dormem menos do que o recomendado para a faixa et\u00e1ria adulta, que costuma girar em torno de 7 a 9 horas por noite, dependendo das caracter\u00edsticas individuais. Sinais de que o descanso est\u00e1 inadequado incluem sensa\u00e7\u00e3o de cansa\u00e7o logo ao acordar, sonol\u00eancia em momentos de repouso, irritabilidade, queda de concentra\u00e7\u00e3o e dificuldade para lembrar informa\u00e7\u00f5es recentes. A higiene do sono, com hor\u00e1rios regulares, redu\u00e7\u00e3o de est\u00edmulos luminosos \u00e0 noite e limita\u00e7\u00e3o do uso de telas antes de dormir, tende a favorecer um repouso mais reparador.<\/p>\n\n\n\n<ul class=\"wp-block-list\">\n<li><strong>Sensa\u00e7\u00e3o de sono n\u00e3o restaurador<\/strong> ao despertar.<\/li>\n\n\n\n<li><strong>Fadiga constante<\/strong> ao longo do dia.<\/li>\n\n\n\n<li><strong>Dificuldade de concentra\u00e7\u00e3o<\/strong> e lapsos de mem\u00f3ria.<\/li>\n\n\n\n<li><strong>Irritabilidade<\/strong> e menor toler\u00e2ncia a frustra\u00e7\u00f5es.<\/li>\n\n\n\n<li><strong>Sonol\u00eancia em repouso<\/strong>, mesmo ap\u00f3s uma noite completa de sono aparente.<\/li>\n<\/ul>\n\n\n\n<h2 class=\"wp-block-heading\">Cuidar do c\u00e9rebro no dia a dia faz diferen\u00e7a?<\/h2>\n\n\n\n<p>A ado\u00e7\u00e3o de uma rotina que priorize alimenta\u00e7\u00e3o balanceada, pr\u00e1tica regular de exerc\u00edcios, sono adequado, contatos sociais frequentes e corre\u00e7\u00e3o de problemas de vis\u00e3o e audi\u00e7\u00e3o mostra efeito cumulativo ao longo dos anos. Pequenas mudan\u00e7as, mantidas de forma consistente, tendem a reduzir o ritmo do envelhecimento do c\u00e9rebro e a preservar a autonomia na vida adulta e na velhice. Assim, o cuidado com a mente deixa de ser apenas uma preocupa\u00e7\u00e3o tardia e passa a integrar a rotina de sa\u00fade desde as fases mais jovens da vida.<\/p>\n\n\n\n<h2 class=\"wp-block-heading\">FAQ \u2013 Perguntas frequentes sobre o c\u00e9rebro humano<\/h2>\n\n\n\n<p><strong>1. O c\u00e9rebro pode realmente criar novos neur\u00f4nios ao longo da vida?<\/strong><br>Sim. Pesquisas mostram que em algumas regi\u00f5es, como o hipocampo (ligado \u00e0 mem\u00f3ria), ocorre neurog\u00eanese, isto \u00e9, forma\u00e7\u00e3o de novos neur\u00f4nios ao longo da vida. Entretanto, essa capacidade depende muito de fatores como n\u00edvel de estresse, qualidade do sono, atividade f\u00edsica e est\u00edmulos intelectuais. Portanto, um estilo de vida saud\u00e1vel n\u00e3o apenas preserva neur\u00f4nios existentes, como tamb\u00e9m favorece a cria\u00e7\u00e3o de novas conex\u00f5es e c\u00e9lulas nervosas em certas \u00e1reas.<\/p>\n\n\n\n<p><strong>2. Estresse cr\u00f4nico pode prejudicar o c\u00e9rebro?<\/strong><br>Pode. O estresse prolongado aumenta a libera\u00e7\u00e3o de horm\u00f4nios como o cortisol, que em excesso est\u00e1 associado a danos em \u00e1reas relacionadas \u00e0 mem\u00f3ria e ao controle emocional. Viver constantemente em \u201calerta m\u00e1ximo\u201d desgasta o sistema nervoso. Entretanto, t\u00e9cnicas de manejo do estresse \u2014 como medita\u00e7\u00e3o, respira\u00e7\u00e3o profunda, psicoterapia e atividade f\u00edsica \u2014 ajudam a reduzir esse impacto. Portanto, cuidar da sa\u00fade emocional \u00e9 tamb\u00e9m uma forma direta de proteger o c\u00e9rebro.<\/p>\n\n\n\n<p><strong>3. Jogos de racioc\u00ednio e aplicativos de \u201ctreino cerebral\u201d realmente funcionam?<\/strong><br>Eles podem ajudar, mas com limites. Em suma, jogos de l\u00f3gica, mem\u00f3ria ou aten\u00e7\u00e3o tendem a melhorar o desempenho nas tarefas que eles pr\u00f3prios exigem. Entretanto, o ganho para a vida real \u00e9 maior quando esses exerc\u00edcios se somam a outras formas de estimula\u00e7\u00e3o, como leitura, aprendizado de novas habilidades, intera\u00e7\u00e3o social e pr\u00e1tica de hobbies complexos (m\u00fasica, idiomas, artes). Portanto, n\u00e3o se deve depender apenas de aplicativos: o mais ben\u00e9fico \u00e9 manter uma mente ativa em diferentes contextos.<\/p>\n\n\n\n<p><strong>4. Beber \u00e1gua influencia o funcionamento do c\u00e9rebro?<\/strong><br>Sim. O c\u00e9rebro \u00e9 altamente sens\u00edvel \u00e0 desidrata\u00e7\u00e3o, mesmo em n\u00edveis leves. Falta de \u00e1gua pode causar dor de cabe\u00e7a, queda de concentra\u00e7\u00e3o, lentid\u00e3o de racioc\u00ednio e piora do humor. Entretanto, a necessidade di\u00e1ria de l\u00edquidos varia conforme peso, clima e n\u00edvel de atividade f\u00edsica. Portanto, \u00e9 importante manter ingest\u00e3o regular de \u00e1gua ao longo do dia, observando sinais como boca seca, urina muito escura e cansa\u00e7o sem explica\u00e7\u00e3o.<\/p>\n\n\n\n<p><strong>5. O consumo moderado de caf\u00e9 faz bem ou mal ao c\u00e9rebro?<\/strong><br>Em quantidades moderadas, o caf\u00e9 pode ter efeitos positivos. Em suma, a cafe\u00edna aumenta o estado de alerta, melhora a aten\u00e7\u00e3o e pode favorecer o desempenho em algumas tarefas cognitivas. Entretanto, em excesso, pode gerar ansiedade, ins\u00f4nia, palpita\u00e7\u00f5es e prejudicar o sono \u2014 o que, por sua vez, afeta negativamente o c\u00e9rebro. Portanto, ent\u00e3o, o ideal \u00e9 consumir com modera\u00e7\u00e3o, evitar altas doses \u00e0 noite e considerar a sensibilidade individual \u00e0 cafe\u00edna.<\/p>\n\n\n\n<p><strong>6. Aprender um novo idioma ou instrumento musical ajuda a \u201crejuvenescer\u201d o c\u00e9rebro?<\/strong><br>Ajuda a mant\u00ea-lo mais saud\u00e1vel e adapt\u00e1vel. Atividades como aprender idiomas, tocar instrumentos, dan\u00e7ar ou praticar artes exigem aten\u00e7\u00e3o, mem\u00f3ria, coordena\u00e7\u00e3o e flexibilidade mental, fortalecendo diferentes redes neurais. Entretanto, os benef\u00edcios aparecem com a pr\u00e1tica cont\u00ednua e n\u00e3o apenas com tentativas espor\u00e1dicas. Portanto, escolher algo prazeroso aumenta a chance de manter a pr\u00e1tica a longo prazo, o que \u00e9 o que realmente traz ganho cognitivo.<\/p>\n\n\n\n<p><strong>7. Uso excessivo de telas (celular, computador, TV) pode afetar o c\u00e9rebro?<\/strong><br>Pode, principalmente pela forma como s\u00e3o usadas. Longos per\u00edodos em frente \u00e0s telas, com muita multitarefa digital e pouca pausa, podem fragmentar a aten\u00e7\u00e3o, prejudicar o foco e atrapalhar o sono quando a exposi\u00e7\u00e3o ocorre \u00e0 noite. Entretanto, a tecnologia tamb\u00e9m oferece recursos valiosos para aprendizado e intera\u00e7\u00e3o social. Portanto, ent\u00e3o, o ponto central \u00e9 o equil\u00edbrio: fazer pausas, limitar o uso noturno e priorizar conte\u00fados e atividades que realmente agreguem \u00e0 vida.<\/p>\n\n\n\n<p><strong>8. Qual \u00e9 o papel da alimenta\u00e7\u00e3o rica em antioxidantes para o c\u00e9rebro?<\/strong><br>Os antioxidantes ajudam a combater o estresse oxidativo, processo que danifica c\u00e9lulas, inclusive neur\u00f4nios. Em suma, alimentos como frutas vermelhas, uvas roxas, folhas verde-escuras, oleaginosas (castanhas, nozes) e azeite de oliva extra virgem contribuem para reduzir inflama\u00e7\u00f5es e proteger estruturas cerebrais. Entretanto, nenhum alimento isolado faz \u201cmilagre\u201d. Portanto, o mais importante \u00e9 um padr\u00e3o alimentar equilibrado e variado, mantido ao longo do tempo.<\/p>\n\n\n\n<p><strong>9. O c\u00e9rebro consome mesmo muita energia do corpo?<\/strong><br>Sim. Apesar de representar uma pequena porcentagem do peso corporal, o c\u00e9rebro pode consumir cerca de 20% da energia do organismo em repouso. Ele usa principalmente glicose como combust\u00edvel e necessita de um fornecimento constante de oxig\u00eanio e nutrientes. Entretanto, isso n\u00e3o significa que ingerir muito a\u00e7\u00facar melhore o racioc\u00ednio; ao contr\u00e1rio, picos de glicose podem ser prejudiciais. Portanto, uma alimenta\u00e7\u00e3o est\u00e1vel, com carboidratos complexos, prote\u00ednas e gorduras saud\u00e1veis, \u00e9 mais ben\u00e9fica.<\/p>\n\n\n\n<p><strong>10. H\u00e1 sinais iniciais de que o c\u00e9rebro pode estar sobrecarregado antes de um decl\u00ednio maior?<\/strong><br>H\u00e1, e \u00e9 importante observ\u00e1-los. Dificuldade crescente em manter foco em tarefas simples, sensa\u00e7\u00e3o de \u201cmente cansada\u201d ao final do dia, esquecimentos mais frequentes de compromissos recentes e irritabilidade podem indicar que o c\u00e9rebro est\u00e1 sob estresse ou sobrecarga. Entretanto, esses sinais tamb\u00e9m podem estar relacionados a fatores passageiros, como noites mal dormidas ou per\u00edodos de estresse intenso. Portanto, ent\u00e3o, se os sintomas forem persistentes, \u00e9 recomend\u00e1vel buscar avalia\u00e7\u00e3o profissional para investigar causas e orientar ajustes de rotina.<\/p>\n","protected":false},"excerpt":{"rendered":"<p>Envelhecimento cerebral: descubra h\u00e1bitos que aceleram ou protegem o c\u00e9rebro e como alimenta\u00e7\u00e3o, sono e sedentarismo impactam sua sa\u00fade.<\/p>\n","protected":false},"author":8,"featured_media":20294,"comment_status":"open","ping_status":"open","sticky":false,"template":"","format":"standard","meta":{"jnews-multi-image_gallery":[],"jnews_single_post":{"format":"standard"},"jnews_primary_category":[],"jnews_social_meta":[],"jnews_override_counter":[],"footnotes":""},"categories":[123],"tags":[6552,6551,6553,1710,141],"class_list":["post-20293","post","type-post","status-publish","format-standard","has-post-thumbnail","hentry","category-saude","tag-cerebro-humanon","tag-envelhecimento-cerebral","tag-envelhecimento-do-cerebro","tag-habitos","tag-saude"],"yoast_head":"<!-- This site is optimized with the Yoast SEO plugin v25.1 - https:\/\/yoast.com\/wordpress\/plugins\/seo\/ -->\n<title>Descubra os h\u00e1bitos comuns que aceleram o envelhecimento do c\u00e9rebro - Correio Braziliense - Aqui<\/title>\n<meta name=\"description\" content=\"Envelhecimento do c\u00e9rebro: descubra h\u00e1bitos que aceleram ou protegem o c\u00e9rebro e como alimenta\u00e7\u00e3o, sono e sedentarismo impactam sua sa\u00fade.\" \/>\n<meta name=\"robots\" content=\"index, follow, max-snippet:-1, max-image-preview:large, max-video-preview:-1\" \/>\n<link rel=\"canonical\" href=\"https:\/\/www.correiobraziliense.com.br\/aqui\/2026\/01\/22\/descubra-os-habitos-comuns-que-aceleram-o-envelhecimento-do-cerebro\/\" \/>\n<meta property=\"og:locale\" content=\"pt_BR\" \/>\n<meta property=\"og:type\" content=\"article\" \/>\n<meta property=\"og:title\" content=\"Descubra os h\u00e1bitos comuns que aceleram o envelhecimento do c\u00e9rebro - Correio Braziliense - Aqui\" \/>\n<meta property=\"og:description\" content=\"Envelhecimento do c\u00e9rebro: descubra h\u00e1bitos que aceleram ou protegem o c\u00e9rebro e como alimenta\u00e7\u00e3o, sono e sedentarismo impactam sua sa\u00fade.\" \/>\n<meta property=\"og:url\" content=\"https:\/\/www.correiobraziliense.com.br\/aqui\/2026\/01\/22\/descubra-os-habitos-comuns-que-aceleram-o-envelhecimento-do-cerebro\/\" \/>\n<meta property=\"og:site_name\" content=\"Correio Braziliense - Aqui\" \/>\n<meta property=\"article:published_time\" content=\"2026-01-22T19:19:58+00:00\" \/>\n<meta property=\"article:modified_time\" content=\"2026-01-22T19:20:02+00:00\" \/>\n<meta property=\"og:image\" content=\"https:\/\/www.correiobraziliense.com.br\/aqui\/wp-content\/uploads\/2026\/01\/httpsneuralmyth.comstaticcache081dff89-8afd-4a4f-a1ac-7feec0d80000.jpeg\" \/>\n\t<meta property=\"og:image:width\" content=\"1280\" \/>\n\t<meta property=\"og:image:height\" content=\"720\" \/>\n\t<meta property=\"og:image:type\" content=\"image\/jpeg\" \/>\n<meta name=\"author\" content=\"Lara\" \/>\n<meta name=\"twitter:card\" content=\"summary_large_image\" \/>\n<meta name=\"twitter:label1\" content=\"Escrito por\" \/>\n\t<meta name=\"twitter:data1\" content=\"Lara\" \/>\n\t<meta name=\"twitter:label2\" content=\"Est. tempo de leitura\" \/>\n\t<meta name=\"twitter:data2\" content=\"11 minutos\" \/>\n<!-- \/ Yoast SEO plugin. -->","yoast_head_json":{"title":"Descubra os h\u00e1bitos comuns que aceleram o envelhecimento do c\u00e9rebro - Correio Braziliense - Aqui","description":"Envelhecimento do c\u00e9rebro: descubra h\u00e1bitos que aceleram ou protegem o c\u00e9rebro e como alimenta\u00e7\u00e3o, sono e sedentarismo impactam sua sa\u00fade.","robots":{"index":"index","follow":"follow","max-snippet":"max-snippet:-1","max-image-preview":"max-image-preview:large","max-video-preview":"max-video-preview:-1"},"canonical":"https:\/\/www.correiobraziliense.com.br\/aqui\/2026\/01\/22\/descubra-os-habitos-comuns-que-aceleram-o-envelhecimento-do-cerebro\/","og_locale":"pt_BR","og_type":"article","og_title":"Descubra os h\u00e1bitos comuns que aceleram o envelhecimento do c\u00e9rebro - Correio Braziliense - Aqui","og_description":"Envelhecimento do c\u00e9rebro: descubra h\u00e1bitos que aceleram ou protegem o c\u00e9rebro e como alimenta\u00e7\u00e3o, sono e sedentarismo impactam sua sa\u00fade.","og_url":"https:\/\/www.correiobraziliense.com.br\/aqui\/2026\/01\/22\/descubra-os-habitos-comuns-que-aceleram-o-envelhecimento-do-cerebro\/","og_site_name":"Correio Braziliense - Aqui","article_published_time":"2026-01-22T19:19:58+00:00","article_modified_time":"2026-01-22T19:20:02+00:00","og_image":[{"width":1280,"height":720,"url":"https:\/\/www.correiobraziliense.com.br\/aqui\/wp-content\/uploads\/2026\/01\/httpsneuralmyth.comstaticcache081dff89-8afd-4a4f-a1ac-7feec0d80000.jpeg","type":"image\/jpeg"}],"author":"Lara","twitter_card":"summary_large_image","twitter_misc":{"Escrito por":"Lara","Est. tempo de leitura":"11 minutos"},"schema":{"@context":"https:\/\/schema.org","@graph":[{"@type":"WebPage","@id":"https:\/\/www.correiobraziliense.com.br\/aqui\/2026\/01\/22\/descubra-os-habitos-comuns-que-aceleram-o-envelhecimento-do-cerebro\/","url":"https:\/\/www.correiobraziliense.com.br\/aqui\/2026\/01\/22\/descubra-os-habitos-comuns-que-aceleram-o-envelhecimento-do-cerebro\/","name":"Descubra os h\u00e1bitos comuns que aceleram o envelhecimento do c\u00e9rebro - Correio Braziliense - Aqui","isPartOf":{"@id":"https:\/\/www.correiobraziliense.com.br\/aqui\/#website"},"primaryImageOfPage":{"@id":"https:\/\/www.correiobraziliense.com.br\/aqui\/2026\/01\/22\/descubra-os-habitos-comuns-que-aceleram-o-envelhecimento-do-cerebro\/#primaryimage"},"image":{"@id":"https:\/\/www.correiobraziliense.com.br\/aqui\/2026\/01\/22\/descubra-os-habitos-comuns-que-aceleram-o-envelhecimento-do-cerebro\/#primaryimage"},"thumbnailUrl":"https:\/\/www.correiobraziliense.com.br\/aqui\/wp-content\/uploads\/2026\/01\/httpsneuralmyth.comstaticcache081dff89-8afd-4a4f-a1ac-7feec0d80000.jpeg","datePublished":"2026-01-22T19:19:58+00:00","dateModified":"2026-01-22T19:20:02+00:00","author":{"@id":"https:\/\/www.correiobraziliense.com.br\/aqui\/#\/schema\/person\/5d6e4d99fecc86ab1a7ed1a0369afb65"},"description":"Envelhecimento do c\u00e9rebro: descubra h\u00e1bitos que aceleram ou protegem o c\u00e9rebro e como alimenta\u00e7\u00e3o, sono e sedentarismo impactam sua sa\u00fade.","breadcrumb":{"@id":"https:\/\/www.correiobraziliense.com.br\/aqui\/2026\/01\/22\/descubra-os-habitos-comuns-que-aceleram-o-envelhecimento-do-cerebro\/#breadcrumb"},"inLanguage":"pt-BR","potentialAction":[{"@type":"ReadAction","target":["https:\/\/www.correiobraziliense.com.br\/aqui\/2026\/01\/22\/descubra-os-habitos-comuns-que-aceleram-o-envelhecimento-do-cerebro\/"]}]},{"@type":"ImageObject","inLanguage":"pt-BR","@id":"https:\/\/www.correiobraziliense.com.br\/aqui\/2026\/01\/22\/descubra-os-habitos-comuns-que-aceleram-o-envelhecimento-do-cerebro\/#primaryimage","url":"https:\/\/www.correiobraziliense.com.br\/aqui\/wp-content\/uploads\/2026\/01\/httpsneuralmyth.comstaticcache081dff89-8afd-4a4f-a1ac-7feec0d80000.jpeg","contentUrl":"https:\/\/www.correiobraziliense.com.br\/aqui\/wp-content\/uploads\/2026\/01\/httpsneuralmyth.comstaticcache081dff89-8afd-4a4f-a1ac-7feec0d80000.jpeg","width":1280,"height":720,"caption":"Cr\u00e9ditos: depositphotos.com \/ IgorVetushko"},{"@type":"BreadcrumbList","@id":"https:\/\/www.correiobraziliense.com.br\/aqui\/2026\/01\/22\/descubra-os-habitos-comuns-que-aceleram-o-envelhecimento-do-cerebro\/#breadcrumb","itemListElement":[{"@type":"ListItem","position":1,"name":"In\u00edcio","item":"https:\/\/www.correiobraziliense.com.br\/aqui\/"},{"@type":"ListItem","position":2,"name":"Descubra os h\u00e1bitos comuns que aceleram o envelhecimento do c\u00e9rebro"}]},{"@type":"WebSite","@id":"https:\/\/www.correiobraziliense.com.br\/aqui\/#website","url":"https:\/\/www.correiobraziliense.com.br\/aqui\/","name":"Correio Braziliense - Aqui","description":"O Correio Braziliense (CB) \u00e9 o mais importante canal de not\u00edcias de Bras\u00edlia. Aqui voc\u00ea encontra as \u00faltimas not\u00edcias do DF, do Brasil e do mundo.","potentialAction":[{"@type":"SearchAction","target":{"@type":"EntryPoint","urlTemplate":"https:\/\/www.correiobraziliense.com.br\/aqui\/?s={search_term_string}"},"query-input":{"@type":"PropertyValueSpecification","valueRequired":true,"valueName":"search_term_string"}}],"inLanguage":"pt-BR"},{"@type":"Person","@id":"https:\/\/www.correiobraziliense.com.br\/aqui\/#\/schema\/person\/5d6e4d99fecc86ab1a7ed1a0369afb65","name":"Lara","image":{"@type":"ImageObject","inLanguage":"pt-BR","@id":"https:\/\/www.correiobraziliense.com.br\/aqui\/#\/schema\/person\/image\/","url":"https:\/\/secure.gravatar.com\/avatar\/57056c5c343a6d8a6669688d3d2c04916d9d280b352b6e50e66a8d39b2517e00?s=96&d=mm&r=g","contentUrl":"https:\/\/secure.gravatar.com\/avatar\/57056c5c343a6d8a6669688d3d2c04916d9d280b352b6e50e66a8d39b2517e00?s=96&d=mm&r=g","caption":"Lara"},"url":"https:\/\/www.correiobraziliense.com.br\/aqui\/author\/laraaqui\/"}]}},"_links":{"self":[{"href":"https:\/\/www.correiobraziliense.com.br\/aqui\/wp-json\/wp\/v2\/posts\/20293","targetHints":{"allow":["GET"]}}],"collection":[{"href":"https:\/\/www.correiobraziliense.com.br\/aqui\/wp-json\/wp\/v2\/posts"}],"about":[{"href":"https:\/\/www.correiobraziliense.com.br\/aqui\/wp-json\/wp\/v2\/types\/post"}],"author":[{"embeddable":true,"href":"https:\/\/www.correiobraziliense.com.br\/aqui\/wp-json\/wp\/v2\/users\/8"}],"replies":[{"embeddable":true,"href":"https:\/\/www.correiobraziliense.com.br\/aqui\/wp-json\/wp\/v2\/comments?post=20293"}],"version-history":[{"count":2,"href":"https:\/\/www.correiobraziliense.com.br\/aqui\/wp-json\/wp\/v2\/posts\/20293\/revisions"}],"predecessor-version":[{"id":20297,"href":"https:\/\/www.correiobraziliense.com.br\/aqui\/wp-json\/wp\/v2\/posts\/20293\/revisions\/20297"}],"wp:featuredmedia":[{"embeddable":true,"href":"https:\/\/www.correiobraziliense.com.br\/aqui\/wp-json\/wp\/v2\/media\/20294"}],"wp:attachment":[{"href":"https:\/\/www.correiobraziliense.com.br\/aqui\/wp-json\/wp\/v2\/media?parent=20293"}],"wp:term":[{"taxonomy":"category","embeddable":true,"href":"https:\/\/www.correiobraziliense.com.br\/aqui\/wp-json\/wp\/v2\/categories?post=20293"},{"taxonomy":"post_tag","embeddable":true,"href":"https:\/\/www.correiobraziliense.com.br\/aqui\/wp-json\/wp\/v2\/tags?post=20293"}],"curies":[{"name":"wp","href":"https:\/\/api.w.org\/{rel}","templated":true}]}}