{"id":20334,"date":"2026-01-22T18:07:41","date_gmt":"2026-01-22T21:07:41","guid":{"rendered":"https:\/\/www.correiobraziliense.com.br\/aqui\/?p=20334"},"modified":"2026-01-22T18:07:44","modified_gmt":"2026-01-22T21:07:44","slug":"diabeticos-podem-comer-uva-normalmente-entenda","status":"publish","type":"post","link":"https:\/\/www.correiobraziliense.com.br\/aqui\/2026\/01\/22\/diabeticos-podem-comer-uva-normalmente-entenda\/","title":{"rendered":"Diab\u00e9ticos podem comer uva normalmente? Entenda"},"content":{"rendered":"<p>Entre as frutas mais consumidas no dia a dia, a uva costuma gerar d\u00favida entre pessoas com diabetes por causa do teor natural de a\u00e7\u00facar. A quest\u00e3o central n\u00e3o \u00e9 apenas se a uva aumenta a glicose no sangue, mas de que maneira, em qual quantidade e em que forma ela aparece na alimenta\u00e7\u00e3o. Por isso, entender o papel da fruta fresca, da uva-passa e do suco de uva torna-se essencial para um controle glic\u00eamico adequado e, em suma, para uma rotina alimentar mais segura.<\/p>\n<p>Profissionais de sa\u00fade destacam que a uva, quando consumida inteira e fresca, n\u00e3o precisa ser exclu\u00edda do card\u00e1pio de quem convive com diabetes. Portanto, o comportamento da glicemia depende de fatores como a presen\u00e7a de fibras, a combina\u00e7\u00e3o com outros alimentos na refei\u00e7\u00e3o e o tamanho da por\u00e7\u00e3o. Assim, o foco passa a ser menos a proibi\u00e7\u00e3o absoluta e mais o manejo respons\u00e1vel do consumo di\u00e1rio. Al\u00e9m disso, quando a pessoa aprende a observar sua pr\u00f3pria resposta glic\u00eamica, torna-se mais f\u00e1cil ajustar hor\u00e1rios e por\u00e7\u00f5es de maneira pr\u00e1tica.<\/p>\n<h2>A uva aumenta a glicemia em pessoas com diabetes?<\/h2>\n<p>A palavra-chave nesse tema \u00e9 <strong>uva e diabetes<\/strong>. De maneira geral, a uva cont\u00e9m glicose e frutose, a\u00e7\u00facares naturalmente presentes em frutas, que podem elevar a glicemia. Entretanto, quando a fruta \u00e9 ingerida <strong>fresca, com casca e polpa<\/strong>, a presen\u00e7a de fibras contribui para uma absor\u00e7\u00e3o mais lenta desses carboidratos. Isso resulta em um aumento mais gradual da glicose, principalmente quando a uva \u00e9 ingerida junto \u00e0s refei\u00e7\u00f5es principais.<\/p>\n<p>Ent\u00e3o, quando comparamos a uva inteira com produtos \u00e0 base de uva mais processados, observamos comportamentos bem diferentes da glicemia. O cen\u00e1rio muda quando a uva \u00e9 consumida em por\u00e7\u00f5es grandes, isoladamente, como lanche \u00fanico, ou em vers\u00f5es mais concentradas de a\u00e7\u00facar, como sucos e frutas secas. Nesses casos, a tend\u00eancia \u00e9 de um pico glic\u00eamico mais r\u00e1pido e acentuado. Dessa forma, o impacto da uva na glicemia est\u00e1 diretamente ligado \u00e0 forma de preparo, ao contexto da refei\u00e7\u00e3o e ao restante da alimenta\u00e7\u00e3o ao longo do dia.<\/p>\n<p>Al\u00e9m disso, vale lembrar que, para algumas pessoas com diabetes tipo 2 em uso de determinados medicamentos, como as glitazonas ou os inibidores de SGLT2, o controle glic\u00eamico tende a ser mais sens\u00edvel \u00e0 quantidade de carboidratos simples ingeridos. Portanto, monitorar a rea\u00e7\u00e3o individual ap\u00f3s comer uvas ajuda a entender se ajustes adicionais ser\u00e3o necess\u00e1rios.<\/p>\n<h2>Qual a quantidade de uva segura para quem tem diabetes?<\/h2>\n<p>A defini\u00e7\u00e3o de uma <strong>por\u00e7\u00e3o de uva para diab\u00e9ticos<\/strong> costuma ser individualizada, mas existem refer\u00eancias utilizadas na pr\u00e1tica cl\u00ednica. Em muitos casos, considera-se adequado o consumo di\u00e1rio de aproximadamente <strong>80 a 100 gramas de uva fresca<\/strong>, o que equivale a um pequeno cacho ou cerca de 10 a 12 unidades, ingeridas preferencialmente junto ou logo ap\u00f3s o almo\u00e7o ou o jantar. Portanto, em vez de evitar totalmente a fruta, faz mais sentido encaix\u00e1-la dentro do plano de carboidratos do dia.<\/p>\n<p>No caso da <strong>uva-passa<\/strong>, o cuidado deve ser maior. O processo de desidrata\u00e7\u00e3o remove \u00e1gua e concentra o a\u00e7\u00facar, fazendo com que pequenas quantidades forne\u00e7am mais carboidratos dispon\u00edveis. Em suma, uma por\u00e7\u00e3o pequena j\u00e1 pode representar um impacto relevante na glicemia, especialmente se for consumida sozinha. Por isso, costuma-se indicar por\u00e7\u00f5es bem reduzidas, como 1 colher de sopa, sempre considerando o planejamento alimentar geral. J\u00e1 o <strong>suco de uva<\/strong>, mesmo o integral, apresenta grande quantidade de a\u00e7\u00facar e praticamente nenhuma fibra, sendo frequentemente classificado como op\u00e7\u00e3o menos interessante para quem busca controle rigoroso da glicemia.<\/p>\n<ul>\n<li>Uva fresca: em torno de 80\u2013100 g ao dia.<\/li>\n<li>Uva-passa: cerca de 1 colher de sopa, com parcim\u00f4nia.<\/li>\n<li>Suco de uva: geralmente desaconselhado em dietas para controle de diabetes.<\/li>\n<\/ul>\n<p>Ent\u00e3o, ao montar o prato, vale a pena pensar na uva como parte da cota de carboidratos do dia. Por exemplo, a pessoa pode trocar outra fruta rica em a\u00e7\u00facar por uma pequena por\u00e7\u00e3o de uva, mantendo o total de carboidratos semelhante. Entretanto, quem usa insulina deve discutir com o profissional de sa\u00fade se ajustes de dose perto das refei\u00e7\u00f5es com uva fazem sentido, principalmente quando a glicemia costuma oscilar com facilidade.<\/p>\n<h2>Quais s\u00e3o os benef\u00edcios da uva para quem tem diabetes?<\/h2>\n<p>Apesar das restri\u00e7\u00f5es em rela\u00e7\u00e3o ao a\u00e7\u00facar, a <strong>uva para diab\u00e9ticos<\/strong> pode trazer vantagens nutricionais quando inserida de forma planejada. A fruta \u00e9 fonte de <strong>polifen\u00f3is<\/strong>, entre eles o resveratrol e as antocianinas, compostos associados a efeitos antioxidantes e anti-inflamat\u00f3rios. Esses mecanismos s\u00e3o considerados relevantes na redu\u00e7\u00e3o do estresse oxidativo, da inflama\u00e7\u00e3o cr\u00f4nica e na prote\u00e7\u00e3o do sistema cardiovascular. Portanto, incluir uvas frescas em pequenas quantidades, dentro de um padr\u00e3o alimentar saud\u00e1vel, pode somar pontos positivos ao cuidado global com a sa\u00fade.<\/p>\n<p>Al\u00e9m disso, a uva fresca apresenta <strong>\u00edndice glic\u00eamico moderado<\/strong>, principalmente quando comparada a alimentos com a\u00e7\u00facar livre ou refinado. Isso significa que, dentro de uma alimenta\u00e7\u00e3o equilibrada, a fruta tende a provocar um impacto metab\u00f3lico menos intenso. A presen\u00e7a de minerais como <strong>pot\u00e1ssio, ferro e magn\u00e9sio<\/strong> tamb\u00e9m contribui para o valor nutricional da uva, apoiando fun\u00e7\u00f5es relacionadas \u00e0 circula\u00e7\u00e3o, \u00e0 oxigena\u00e7\u00e3o dos tecidos e ao funcionamento muscular.<\/p>\n<ul>\n<li>Fornece compostos antioxidantes que auxiliam na prote\u00e7\u00e3o celular.<\/li>\n<li>Contribui para o cuidado com o cora\u00e7\u00e3o, importante em pessoas com diabetes.<\/li>\n<li>Ajuda a compor uma dieta variada, com diferentes tipos de frutas e vegetais.<\/li>\n<\/ul>\n<p>Em suma, quando se fala em uva e diabetes, n\u00e3o se trata apenas de contar gramas de a\u00e7\u00facar, mas de considerar o pacote completo de nutrientes, fibras e compostos bioativos. Entretanto, esses benef\u00edcios s\u00f3 se manifestam plenamente quando a fruta entra em um estilo de vida que j\u00e1 inclui alimenta\u00e7\u00e3o balanceada, pr\u00e1tica regular de atividade f\u00edsica e ades\u00e3o ao tratamento medicamentoso prescrito.<\/p>\n<h2>Como incluir a uva na rotina sem descompensar a glicose?<\/h2>\n<p>Para incorporar a <strong>uva na dieta do diab\u00e9tico<\/strong> de maneira mais segura, a organiza\u00e7\u00e3o das refei\u00e7\u00f5es faz diferen\u00e7a. A fruta tende a ter melhor resposta glic\u00eamica quando consumida:<\/p>\n<ol>\n<li>Em pequenas por\u00e7\u00f5es, respeitando o plano alimentar individual.<\/li>\n<li>Junto ou logo ap\u00f3s refei\u00e7\u00f5es que contenham fibras, prote\u00ednas e gorduras saud\u00e1veis.<\/li>\n<li>Evitando o consumo em jejum, em grandes quantidades ou na forma de suco.<\/li>\n<\/ol>\n<p>Ent\u00e3o, uma estrat\u00e9gia pr\u00e1tica consiste em adicionar a uva a prepara\u00e7\u00f5es mistas, como saladas de folhas com prote\u00ednas magras, iogurte natural sem a\u00e7\u00facar ou mix de oleaginosas. Dessa forma, a refei\u00e7\u00e3o como um todo reduz a velocidade de absor\u00e7\u00e3o do a\u00e7\u00facar da fruta. Entretanto, pessoas que fazem uso de insulina r\u00e1pida antes das refei\u00e7\u00f5es devem observar se a inclus\u00e3o de uvas altera o padr\u00e3o de glicemia p\u00f3s-prandial.<\/p>\n<p>Tamb\u00e9m \u00e9 recomend\u00e1vel que a pessoa com diabetes observe, com aux\u00edlio de exames de glicemia capilar ou monitoriza\u00e7\u00e3o cont\u00ednua, como o corpo responde \u00e0s diferentes quantidades e formas de consumo da uva. A partir dessa observa\u00e7\u00e3o, o profissional de sa\u00fade consegue ajustar por\u00e7\u00f5es, hor\u00e1rios e combina\u00e7\u00f5es de alimentos, mantendo o equil\u00edbrio entre prazer \u00e0 mesa e cuidado com o controle glic\u00eamico. Portanto, o autoconhecimento sobre a pr\u00f3pria glicose, aliado \u00e0 orienta\u00e7\u00e3o profissional, torna o consumo de uva mais previs\u00edvel e seguro.<\/p>\n<p>Em suma, quando a uva aparece na rotina com planejamento, aten\u00e7\u00e3o \u00e0s por\u00e7\u00f5es e acompanhamento adequado, ela pode fazer parte da alimenta\u00e7\u00e3o de quem tem diabetes sem necessidade de medo ou culpa exagerados.<\/p>\n<h2>FAQ \u2013 Perguntas adicionais sobre uva e diabetes<\/h2>\n<p><strong>1. Diab\u00e9ticos podem comer uva \u00e0 noite?<\/strong><br \/>\nPodem, desde que respeitem a por\u00e7\u00e3o recomendada e, de prefer\u00eancia, consumam a uva junto ao jantar ou logo ap\u00f3s a refei\u00e7\u00e3o, e n\u00e3o em jejum. Entretanto, quem costuma ter picos de glicemia noturna ou faz lanche antes de dormir deve monitorar a glicose algumas vezes para avaliar se o hor\u00e1rio noturno aumenta demais os valores.<\/p>\n<p><strong>2. Existe diferen\u00e7a entre uva verde e uva roxa para quem tem diabetes?<\/strong><br \/>\nA diferen\u00e7a de a\u00e7\u00facar entre uvas verdes e roxas costuma ser pequena. Por\u00e9m, as uvas roxas geralmente oferecem maior teor de antocianinas, polifen\u00f3is com a\u00e7\u00e3o antioxidante. Portanto, para o controle glic\u00eamico, o que pesa mais \u00e9 a quantidade total consumida, e n\u00e3o apenas a cor da uva.<\/p>\n<p><strong>3. Uva sem semente \u00e9 melhor para diab\u00e9ticos?<\/strong><br \/>\nA principal diferen\u00e7a entre uvas com ou sem semente est\u00e1 na textura e na presen\u00e7a de alguns compostos na semente, n\u00e3o na quantidade de a\u00e7\u00facar. Em suma, diab\u00e9ticos podem consumir ambos os tipos, mas sempre com controle de por\u00e7\u00e3o. As sementes trituradas em prepara\u00e7\u00f5es podem acrescentar alguns antioxidantes e gorduras ben\u00e9ficas.<\/p>\n<p><strong>4. Posso substituir o doce de sobremesa por uva todos os dias?<\/strong><br \/>\nSubstituir doces ricos em a\u00e7\u00facar refinado por frutas, como a uva, tende a ser uma troca melhor. Entretanto, comer uva todos os dias exige aten\u00e7\u00e3o \u00e0 variedade da alimenta\u00e7\u00e3o e ao total de carboidratos di\u00e1rios. Portanto, alternar a uva com outras frutas de menor teor de a\u00e7\u00facar e maior teor de fibras costuma ser uma estrat\u00e9gia mais equilibrada.<\/p>\n<p><strong>5. Uva combina com quais tipos de exerc\u00edcio para ajudar no controle da glicose?<\/strong><br \/>\nConsumir uma pequena por\u00e7\u00e3o de uva antes de exerc\u00edcios moderados pode fornecer energia r\u00e1pida, especialmente para quem tem risco de hipoglicemia. Ent\u00e3o, atividades como caminhada, ciclismo leve ou treino de resist\u00eancia podem se beneficiar dessa energia. Entretanto, pessoas com tend\u00eancia a hiperglicemia p\u00f3s-exerc\u00edcio devem testar a resposta individual antes de adotar a uva como pr\u00e9-treino fixo.<\/p>\n","protected":false},"excerpt":{"rendered":"<p>Entre as frutas mais consumidas no dia a dia, a uva costuma gerar d\u00favida entre pessoas com diabetes por causa do teor natural de a\u00e7\u00facar. A quest\u00e3o central n\u00e3o \u00e9 apenas se a uva aumenta a glicose no sangue, mas de que maneira, em qual quantidade e em que forma ela aparece na alimenta\u00e7\u00e3o. Por [&hellip;]<\/p>\n","protected":false},"author":9,"featured_media":20336,"comment_status":"open","ping_status":"open","sticky":false,"template":"","format":"standard","meta":{"jnews-multi-image_gallery":[],"jnews_single_post":{"format":"standard"},"jnews_primary_category":[],"jnews_social_meta":[],"jnews_override_counter":[],"footnotes":""},"categories":[123],"tags":[126,6529,6504,4544],"class_list":["post-20334","post","type-post","status-publish","format-standard","has-post-thumbnail","hentry","category-saude","tag-diabetes","tag-diabeticos","tag-pode-comer","tag-uva"],"yoast_head":"<!-- This site is optimized with the Yoast SEO plugin v25.1 - https:\/\/yoast.com\/wordpress\/plugins\/seo\/ -->\n<title>Diab\u00e9ticos podem comer uva normalmente? Entenda - Correio Braziliense - Aqui<\/title>\n<meta name=\"description\" content=\"Uva para diab\u00e9ticos: descubra se a fruta aumenta a glicemia, qual a quantidade segura por dia e os melhores tipos e formas de consumo.\" \/>\n<meta name=\"robots\" content=\"index, follow, max-snippet:-1, max-image-preview:large, max-video-preview:-1\" \/>\n<link rel=\"canonical\" href=\"https:\/\/www.correiobraziliense.com.br\/aqui\/2026\/01\/22\/diabeticos-podem-comer-uva-normalmente-entenda\/\" \/>\n<meta property=\"og:locale\" content=\"pt_BR\" \/>\n<meta property=\"og:type\" content=\"article\" \/>\n<meta property=\"og:title\" content=\"Diab\u00e9ticos podem comer uva normalmente? Entenda - Correio Braziliense - Aqui\" \/>\n<meta property=\"og:description\" content=\"Uva para diab\u00e9ticos: descubra se a fruta aumenta a glicemia, qual a quantidade segura por dia e os melhores tipos e formas de consumo.\" \/>\n<meta property=\"og:url\" content=\"https:\/\/www.correiobraziliense.com.br\/aqui\/2026\/01\/22\/diabeticos-podem-comer-uva-normalmente-entenda\/\" \/>\n<meta property=\"og:site_name\" content=\"Correio Braziliense - Aqui\" \/>\n<meta property=\"article:published_time\" content=\"2026-01-22T21:07:41+00:00\" \/>\n<meta property=\"article:modified_time\" content=\"2026-01-22T21:07:44+00:00\" \/>\n<meta property=\"og:image\" content=\"https:\/\/www.correiobraziliense.com.br\/aqui\/wp-content\/uploads\/2026\/01\/uva_1769116043283.jpg\" \/>\n\t<meta property=\"og:image:width\" content=\"1280\" \/>\n\t<meta property=\"og:image:height\" content=\"720\" \/>\n\t<meta property=\"og:image:type\" content=\"image\/jpeg\" \/>\n<meta name=\"author\" content=\"Lucas\" \/>\n<meta name=\"twitter:card\" content=\"summary_large_image\" \/>\n<meta name=\"twitter:label1\" content=\"Escrito por\" \/>\n\t<meta name=\"twitter:data1\" content=\"Lucas\" \/>\n\t<meta name=\"twitter:label2\" content=\"Est. tempo de leitura\" \/>\n\t<meta name=\"twitter:data2\" content=\"9 minutos\" \/>\n<!-- \/ Yoast SEO plugin. -->","yoast_head_json":{"title":"Diab\u00e9ticos podem comer uva normalmente? Entenda - Correio Braziliense - Aqui","description":"Uva para diab\u00e9ticos: descubra se a fruta aumenta a glicemia, qual a quantidade segura por dia e os melhores tipos e formas de consumo.","robots":{"index":"index","follow":"follow","max-snippet":"max-snippet:-1","max-image-preview":"max-image-preview:large","max-video-preview":"max-video-preview:-1"},"canonical":"https:\/\/www.correiobraziliense.com.br\/aqui\/2026\/01\/22\/diabeticos-podem-comer-uva-normalmente-entenda\/","og_locale":"pt_BR","og_type":"article","og_title":"Diab\u00e9ticos podem comer uva normalmente? Entenda - Correio Braziliense - Aqui","og_description":"Uva para diab\u00e9ticos: descubra se a fruta aumenta a glicemia, qual a quantidade segura por dia e os melhores tipos e formas de consumo.","og_url":"https:\/\/www.correiobraziliense.com.br\/aqui\/2026\/01\/22\/diabeticos-podem-comer-uva-normalmente-entenda\/","og_site_name":"Correio Braziliense - Aqui","article_published_time":"2026-01-22T21:07:41+00:00","article_modified_time":"2026-01-22T21:07:44+00:00","og_image":[{"width":1280,"height":720,"url":"https:\/\/www.correiobraziliense.com.br\/aqui\/wp-content\/uploads\/2026\/01\/uva_1769116043283.jpg","type":"image\/jpeg"}],"author":"Lucas","twitter_card":"summary_large_image","twitter_misc":{"Escrito por":"Lucas","Est. tempo de leitura":"9 minutos"},"schema":{"@context":"https:\/\/schema.org","@graph":[{"@type":"WebPage","@id":"https:\/\/www.correiobraziliense.com.br\/aqui\/2026\/01\/22\/diabeticos-podem-comer-uva-normalmente-entenda\/","url":"https:\/\/www.correiobraziliense.com.br\/aqui\/2026\/01\/22\/diabeticos-podem-comer-uva-normalmente-entenda\/","name":"Diab\u00e9ticos podem comer uva normalmente? Entenda - Correio Braziliense - Aqui","isPartOf":{"@id":"https:\/\/www.correiobraziliense.com.br\/aqui\/#website"},"primaryImageOfPage":{"@id":"https:\/\/www.correiobraziliense.com.br\/aqui\/2026\/01\/22\/diabeticos-podem-comer-uva-normalmente-entenda\/#primaryimage"},"image":{"@id":"https:\/\/www.correiobraziliense.com.br\/aqui\/2026\/01\/22\/diabeticos-podem-comer-uva-normalmente-entenda\/#primaryimage"},"thumbnailUrl":"https:\/\/www.correiobraziliense.com.br\/aqui\/wp-content\/uploads\/2026\/01\/uva_1769116043283.jpg","datePublished":"2026-01-22T21:07:41+00:00","dateModified":"2026-01-22T21:07:44+00:00","author":{"@id":"https:\/\/www.correiobraziliense.com.br\/aqui\/#\/schema\/person\/36d094a725ba56bbeb370a877862a002"},"description":"Uva para diab\u00e9ticos: descubra se a fruta aumenta a glicemia, qual a quantidade segura por dia e os melhores tipos e formas de consumo.","breadcrumb":{"@id":"https:\/\/www.correiobraziliense.com.br\/aqui\/2026\/01\/22\/diabeticos-podem-comer-uva-normalmente-entenda\/#breadcrumb"},"inLanguage":"pt-BR","potentialAction":[{"@type":"ReadAction","target":["https:\/\/www.correiobraziliense.com.br\/aqui\/2026\/01\/22\/diabeticos-podem-comer-uva-normalmente-entenda\/"]}]},{"@type":"ImageObject","inLanguage":"pt-BR","@id":"https:\/\/www.correiobraziliense.com.br\/aqui\/2026\/01\/22\/diabeticos-podem-comer-uva-normalmente-entenda\/#primaryimage","url":"https:\/\/www.correiobraziliense.com.br\/aqui\/wp-content\/uploads\/2026\/01\/uva_1769116043283.jpg","contentUrl":"https:\/\/www.correiobraziliense.com.br\/aqui\/wp-content\/uploads\/2026\/01\/uva_1769116043283.jpg","width":1280,"height":720,"caption":"Cr\u00e9ditos: depositphotos.com \/ miltonia"},{"@type":"BreadcrumbList","@id":"https:\/\/www.correiobraziliense.com.br\/aqui\/2026\/01\/22\/diabeticos-podem-comer-uva-normalmente-entenda\/#breadcrumb","itemListElement":[{"@type":"ListItem","position":1,"name":"In\u00edcio","item":"https:\/\/www.correiobraziliense.com.br\/aqui\/"},{"@type":"ListItem","position":2,"name":"Diab\u00e9ticos podem comer uva normalmente? Entenda"}]},{"@type":"WebSite","@id":"https:\/\/www.correiobraziliense.com.br\/aqui\/#website","url":"https:\/\/www.correiobraziliense.com.br\/aqui\/","name":"Correio Braziliense - Aqui","description":"O Correio Braziliense (CB) \u00e9 o mais importante canal de not\u00edcias de Bras\u00edlia. Aqui voc\u00ea encontra as \u00faltimas not\u00edcias do DF, do Brasil e do mundo.","potentialAction":[{"@type":"SearchAction","target":{"@type":"EntryPoint","urlTemplate":"https:\/\/www.correiobraziliense.com.br\/aqui\/?s={search_term_string}"},"query-input":{"@type":"PropertyValueSpecification","valueRequired":true,"valueName":"search_term_string"}}],"inLanguage":"pt-BR"},{"@type":"Person","@id":"https:\/\/www.correiobraziliense.com.br\/aqui\/#\/schema\/person\/36d094a725ba56bbeb370a877862a002","name":"Lucas","image":{"@type":"ImageObject","inLanguage":"pt-BR","@id":"https:\/\/www.correiobraziliense.com.br\/aqui\/#\/schema\/person\/image\/","url":"https:\/\/secure.gravatar.com\/avatar\/eb1dd4a751dca39c233b091fb7b8ce9ef1608850325ab98ff1fbe898fcef0908?s=96&d=mm&r=g","contentUrl":"https:\/\/secure.gravatar.com\/avatar\/eb1dd4a751dca39c233b091fb7b8ce9ef1608850325ab98ff1fbe898fcef0908?s=96&d=mm&r=g","caption":"Lucas"},"url":"https:\/\/www.correiobraziliense.com.br\/aqui\/author\/lucasaqui\/"}]}},"_links":{"self":[{"href":"https:\/\/www.correiobraziliense.com.br\/aqui\/wp-json\/wp\/v2\/posts\/20334","targetHints":{"allow":["GET"]}}],"collection":[{"href":"https:\/\/www.correiobraziliense.com.br\/aqui\/wp-json\/wp\/v2\/posts"}],"about":[{"href":"https:\/\/www.correiobraziliense.com.br\/aqui\/wp-json\/wp\/v2\/types\/post"}],"author":[{"embeddable":true,"href":"https:\/\/www.correiobraziliense.com.br\/aqui\/wp-json\/wp\/v2\/users\/9"}],"replies":[{"embeddable":true,"href":"https:\/\/www.correiobraziliense.com.br\/aqui\/wp-json\/wp\/v2\/comments?post=20334"}],"version-history":[{"count":1,"href":"https:\/\/www.correiobraziliense.com.br\/aqui\/wp-json\/wp\/v2\/posts\/20334\/revisions"}],"predecessor-version":[{"id":20337,"href":"https:\/\/www.correiobraziliense.com.br\/aqui\/wp-json\/wp\/v2\/posts\/20334\/revisions\/20337"}],"wp:featuredmedia":[{"embeddable":true,"href":"https:\/\/www.correiobraziliense.com.br\/aqui\/wp-json\/wp\/v2\/media\/20336"}],"wp:attachment":[{"href":"https:\/\/www.correiobraziliense.com.br\/aqui\/wp-json\/wp\/v2\/media?parent=20334"}],"wp:term":[{"taxonomy":"category","embeddable":true,"href":"https:\/\/www.correiobraziliense.com.br\/aqui\/wp-json\/wp\/v2\/categories?post=20334"},{"taxonomy":"post_tag","embeddable":true,"href":"https:\/\/www.correiobraziliense.com.br\/aqui\/wp-json\/wp\/v2\/tags?post=20334"}],"curies":[{"name":"wp","href":"https:\/\/api.w.org\/{rel}","templated":true}]}}