{"id":20338,"date":"2026-01-22T18:09:57","date_gmt":"2026-01-22T21:09:57","guid":{"rendered":"https:\/\/www.correiobraziliense.com.br\/aqui\/?p=20338"},"modified":"2026-01-22T18:10:01","modified_gmt":"2026-01-22T21:10:01","slug":"fungo-provoca-surto-com-mortes-nos-eua-e-gera-panico-saiba-qual-e","status":"publish","type":"post","link":"https:\/\/www.correiobraziliense.com.br\/aqui\/2026\/01\/22\/fungo-provoca-surto-com-mortes-nos-eua-e-gera-panico-saiba-qual-e\/","title":{"rendered":"Fungo provoca surto com mortes nos EUA e gera p\u00e2nico; saiba qual \u00e9"},"content":{"rendered":"<p>O recente surto de histoplasmose registrado no Tennessee, nos Estados Unidos, reacendeu o alerta para essa infec\u00e7\u00e3o f\u00fangica que, embora n\u00e3o seja comum em forma de microepidemias, pode trazer complica\u00e7\u00f5es importantes. Uma pessoa morreu e dezenas ficaram doentes ap\u00f3s contato com o <strong>Histoplasma capsulatum<\/strong>, fungo respons\u00e1vel pela doen\u00e7a. A situa\u00e7\u00e3o chamou a aten\u00e7\u00e3o por ocorrer em um pa\u00eds que mant\u00e9m vigil\u00e2ncia sanit\u00e1ria rigorosa, mas onde o fungo \u00e9 considerado end\u00eamico em determinadas regi\u00f5es. Em suma, esse cen\u00e1rio refor\u00e7a a import\u00e2ncia de conhecer melhor a doen\u00e7a, seus sintomas, formas de transmiss\u00e3o e, sobretudo, as estrat\u00e9gias de preven\u00e7\u00e3o.<\/p>\n<p>A <strong>histoplasmose<\/strong> \u00e9 classificada como uma infec\u00e7\u00e3o sist\u00eamica, o que significa que pode atingir v\u00e1rios \u00f3rg\u00e3os do corpo. Em grande parte dos casos, a doen\u00e7a passa despercebida, sem sinais evidentes, mas em outros pode progredir para quadros graves, principalmente em pessoas com imunidade comprometida. Esse contraste entre infec\u00e7\u00e3o assintom\u00e1tica e formas severas torna o tema relevante para a sa\u00fade p\u00fablica, tanto na Am\u00e9rica do Norte quanto na Am\u00e9rica do Sul. Portanto, quando se fala em sa\u00fade respirat\u00f3ria e doen\u00e7as infecciosas emergentes, a histoplasmose entra cada vez mais no radar de especialistas, gestores e da popula\u00e7\u00e3o geral.<\/p>\n<h2>O que \u00e9 histoplasmose e como o fungo age no organismo?<\/h2>\n<p>A histoplasmose \u00e9 causada pela inala\u00e7\u00e3o de esporos do <strong>Histoplasma capsulatum<\/strong>, um fungo que vive no solo e em ambientes contaminados por fezes de aves e morcegos. Quando essas part\u00edculas microsc\u00f3picas s\u00e3o inaladas, elas chegam aos pulm\u00f5es e podem se multiplicar. Em indiv\u00edduos com sistema imunol\u00f3gico preservado, o organismo costuma conter o avan\u00e7o do fungo, resultando em infec\u00e7\u00e3o leve ou sem sintomas. Entretanto, em ambientes com grande concentra\u00e7\u00e3o de esporos, a carga inal\u00e1vel aumenta e o risco de adoecimento sintom\u00e1tico cresce de forma significativa.<\/p>\n<p>Em outras situa\u00e7\u00f5es, principalmente em pessoas com doen\u00e7as cr\u00f4nicas, uso prolongado de medicamentos imunossupressores ou infec\u00e7\u00e3o pelo HIV, o fungo pode se espalhar pela corrente sangu\u00ednea. Nessas formas disseminadas, outros \u00f3rg\u00e3os al\u00e9m do pulm\u00e3o podem ser afetados, como f\u00edgado, ba\u00e7o e medula \u00f3ssea. A gravidade do quadro varia conforme a quantidade de esporos inalados, a virul\u00eancia da cepa e a condi\u00e7\u00e3o de sa\u00fade do paciente. Portanto, a resposta imune individual, o contexto ambiental e o tipo de exposi\u00e7\u00e3o se combinam e determinam se a infec\u00e7\u00e3o ser\u00e1 branda ou potencialmente fatal.<\/p>\n<h2>Quais s\u00e3o os sintomas da histoplasmose?<\/h2>\n<p>Os sinais da <strong>histoplasmose<\/strong> costumam se assemelhar aos de uma infec\u00e7\u00e3o respirat\u00f3ria comum, o que dificulta a identifica\u00e7\u00e3o inicial. Entre os sintomas mais relatados est\u00e3o:<\/p>\n<ul>\n<li>Febre e calafrios;<\/li>\n<li>Tosse, geralmente seca no in\u00edcio;<\/li>\n<li>Sensa\u00e7\u00e3o de fraqueza e cansa\u00e7o f\u00e1cil;<\/li>\n<li>Dor de cabe\u00e7a e dores musculares;<\/li>\n<li>Perda de peso n\u00e3o intencional;<\/li>\n<li>Desconforto no peito e dificuldade para respirar;<\/li>\n<li>Dor ou dificuldade ao engolir em alguns casos.<\/li>\n<\/ul>\n<p>Esses sinais podem surgir alguns dias ou semanas ap\u00f3s a exposi\u00e7\u00e3o ao fungo. Em quadros leves, os sintomas podem desaparecer sem tratamento espec\u00edfico, sendo confundidos com um quadro gripal. Entretanto, quando o paciente pertence a um grupo de risco ou apresenta piora progressiva da falta de ar, a investiga\u00e7\u00e3o m\u00e9dica se torna essencial. J\u00e1 nas formas mais severas, podem surgir complica\u00e7\u00f5es respirat\u00f3rias importantes, exigindo investiga\u00e7\u00e3o imediata e acompanhamento em ambiente hospitalar. Em suma, a aten\u00e7\u00e3o aos sintomas persistentes e \u00e0 hist\u00f3ria de exposi\u00e7\u00e3o ajuda a diferenciar a histoplasmose de outras infec\u00e7\u00f5es respirat\u00f3rias comuns.<\/p>\n<h2>Onde o Histoplasma capsulatum \u00e9 encontrado com mais frequ\u00eancia?<\/h2>\n<p>O fungo <strong>Histoplasma capsulatum<\/strong> tem distribui\u00e7\u00e3o mundial, mas apresenta \u00e1reas de maior concentra\u00e7\u00e3o. Nos Estados Unidos, \u00e9 considerado end\u00eamico principalmente nas regi\u00f5es dos vales dos rios Mississippi e Ohio e em \u00e1reas pr\u00f3ximas aos Grandes Lagos. Nessas zonas, o solo rico em mat\u00e9ria org\u00e2nica e dejetos de aves e morcegos favorece o desenvolvimento do microrganismo. Portanto, quem vive, trabalha ou viaja para essas \u00e1reas precisa ter aten\u00e7\u00e3o redobrada ao realizar atividades que levantem poeira.<\/p>\n<p>Na Am\u00e9rica do Sul, j\u00e1 foram documentados casos no Brasil, Argentina, Venezuela, Equador, Paraguai, Uruguai e Col\u00f4mbia. No territ\u00f3rio brasileiro, as chamadas microepidemias costumam estar associadas a ambientes espec\u00edficos, como grutas frequentadas por morcegos, galinheiros, pombais e locais fechados com ac\u00famulo de excrementos de aves. A doen\u00e7a tamb\u00e9m foi relatada em diferentes esp\u00e9cies animais, incluindo c\u00e3es, gatos, cavalos, bovinos, su\u00ednos e roedores, o que refor\u00e7a o car\u00e1ter ambiental da infec\u00e7\u00e3o. Ent\u00e3o, quando se observa a ocorr\u00eancia em humanos e em animais, fica claro que o foco principal do controle deve recair sobre o ambiente e n\u00e3o sobre a transmiss\u00e3o direta entre indiv\u00edduos.<\/p>\n<h2>Como ocorre a infec\u00e7\u00e3o por histoplasmose?<\/h2>\n<p>A infec\u00e7\u00e3o pela <strong>histoplasmose<\/strong> geralmente acontece durante atividades que revolvem o solo ou produzem poeira contaminada. Ao mexer na terra, manipular frutas secas, cereais armazenados ou cortar \u00e1rvores em \u00e1reas com presen\u00e7a do fungo, part\u00edculas microsc\u00f3picas podem ser liberadas no ar. Quando inaladas, essas part\u00edculas alcan\u00e7am os pulm\u00f5es, dando in\u00edcio ao processo infeccioso. Portanto, trabalhos rurais, constru\u00e7\u00f5es, reformas e pr\u00e1ticas de turismo em cavernas se destacam como situa\u00e7\u00f5es de maior risco.<\/p>\n<p>Fezes de morcegos e de aves que vivem em bando, como galinhas e pombos, tamb\u00e9m s\u00e3o fontes importantes de contamina\u00e7\u00e3o ambiental. Apesar disso, n\u00e3o h\u00e1 evid\u00eancias de transmiss\u00e3o direta de pessoa para pessoa, nem de animal para humano. Por essa raz\u00e3o, surtos de histoplasmose s\u00e3o considerados raros e geralmente ligados a exposi\u00e7\u00f5es coletivas a um mesmo ambiente contaminado, como reformas em constru\u00e7\u00f5es antigas, limpeza de silos ou entrada em cavernas. Em suma, quando v\u00e1rias pessoas adoecem ao mesmo tempo, o ponto em comum quase sempre envolve a inala\u00e7\u00e3o de grande quantidade de esporos em curto intervalo de tempo.<\/p>\n<h2>Quem corre mais risco e como \u00e9 feito o diagn\u00f3stico?<\/h2>\n<p>Trabalhadores rurais, motoristas de trator, profissionais que lidam com demoli\u00e7\u00f5es, limpeza de galp\u00f5es, grutas ou dep\u00f3sitos de ra\u00e7\u00e3o tendem a ter maior risco de contato com o fungo. Esses grupos, por estarem mais expostos \u00e0 poeira densa e ao solo contaminado, s\u00e3o frequentemente citados em orienta\u00e7\u00f5es de \u00f3rg\u00e3os de sa\u00fade. Pessoas com sistema imunol\u00f3gico fragilizado tamb\u00e9m merecem aten\u00e7\u00e3o especial, pois podem desenvolver formas mais agressivas da doen\u00e7a. Portanto, indiv\u00edduos com HIV\/Aids, transplantados, pacientes oncol\u00f3gicos em quimioterapia e usu\u00e1rios cr\u00f4nicos de corticoides precisam de uma abordagem ainda mais cuidadosa diante de sintomas respirat\u00f3rios persistentes.<\/p>\n<p>O diagn\u00f3stico da histoplasmose depende da combina\u00e7\u00e3o de avalia\u00e7\u00e3o cl\u00ednica, hist\u00f3rico de exposi\u00e7\u00e3o e exames complementares. Entre os recursos utilizados est\u00e3o:<\/p>\n<ul>\n<li>Exames de sangue espec\u00edficos para identificar resposta imunol\u00f3gica;<\/li>\n<li>Testes micol\u00f3gicos, com an\u00e1lise de amostras de secre\u00e7\u00f5es respirat\u00f3rias ou tecidos;<\/li>\n<li>Radiografias ou tomografias de t\u00f3rax para avaliar o comprometimento pulmonar;<\/li>\n<li>Bi\u00f3psias em casos selecionados, quando h\u00e1 suspeita de doen\u00e7a disseminada.<\/li>\n<\/ul>\n<p>A semelhan\u00e7a com outras infec\u00e7\u00f5es respirat\u00f3rias, como gripe ou pneumonias de origem viral e bacteriana, torna importante a investiga\u00e7\u00e3o detalhada em pacientes com sintomas persistentes e hist\u00f3rico de exposi\u00e7\u00e3o a \u00e1reas de risco. Ent\u00e3o, quando o m\u00e9dico considera a possibilidade de histoplasmose, ele pode solicitar exames mais espec\u00edficos, como pesquisa de ant\u00edgeno urin\u00e1rio ou sorologias, que ajudam a confirmar o diagn\u00f3stico. Entretanto, em \u00e1reas com poucos recursos, o diagn\u00f3stico muitas vezes se apoia na combina\u00e7\u00e3o de cl\u00ednica, imagem e exclus\u00e3o de outras doen\u00e7as, como tuberculose.<\/p>\n<h2>Como prevenir a histoplasmose no dia a dia?<\/h2>\n<p>A preven\u00e7\u00e3o da <strong>histoplasmose<\/strong> est\u00e1 diretamente ligada \u00e0 redu\u00e7\u00e3o da exposi\u00e7\u00e3o ao fungo. Em ambientes sabidamente contaminados ou com maior probabilidade de presen\u00e7a do <em>Histoplasma capsulatum<\/em>, medidas de prote\u00e7\u00e3o individual s\u00e3o fundamentais. Entre as principais recomenda\u00e7\u00f5es est\u00e3o:<\/p>\n<ol>\n<li>Utilizar m\u00e1scaras adequadas, especialmente modelos com filtro, em locais com poeira intensa;<\/li>\n<li>Umedecer o solo ou superf\u00edcies empoeiradas antes de varrer para diminuir a dispers\u00e3o de esporos;<\/li>\n<li>Evitar entrar em grutas, pombais, galinheiros e constru\u00e7\u00f5es muito antigas sem prote\u00e7\u00e3o respirat\u00f3ria;<\/li>\n<li>Manter galp\u00f5es e dep\u00f3sitos ventilados e com limpeza peri\u00f3dica adequada;<\/li>\n<li>Seguir orienta\u00e7\u00f5es de seguran\u00e7a ocupacional fornecidas por servi\u00e7os de sa\u00fade e empresas.<\/li>\n<\/ol>\n<p>Em \u00e1reas rurais e em profiss\u00f5es com maior contato com solo e aves, o uso regular de <strong>equipamentos de prote\u00e7\u00e3o individual (EPI)<\/strong>, principalmente m\u00e1scaras, \u00e9 apontado como a principal barreira para diminuir o risco de inala\u00e7\u00e3o do fungo. Portanto, a ado\u00e7\u00e3o de boas pr\u00e1ticas de trabalho, aliada \u00e0 informa\u00e7\u00e3o e ao treinamento adequado, reduz de forma consistente a chance de exposi\u00e7\u00e3o intensa a esporos. Em suma, combinar vigil\u00e2ncia ambiental, educa\u00e7\u00e3o em sa\u00fade, EPIs e monitoramento dos casos permite prevenir novos surtos e proteger tanto trabalhadores quanto turistas que frequentam \u00e1reas de risco.<\/p>\n<h2>FAQ sobre histoplasmose<\/h2>\n<p><strong>Histoplasmose tem cura?<\/strong><br \/>\nSim. Na maioria dos casos, especialmente nas formas leves e moderadas, o tratamento com antif\u00fangicos apropriados leva \u00e0 cura completa. Entretanto, em pessoas imunossuprimidas, o acompanhamento precisa ser prolongado para evitar reca\u00eddas.<\/p>\n<p><strong>Quanto tempo leva para os sintomas aparecerem ap\u00f3s a exposi\u00e7\u00e3o?<\/strong><br \/>\nOs sintomas costumam surgir entre 7 e 21 dias ap\u00f3s a inala\u00e7\u00e3o dos esporos, mas esse intervalo pode variar. Portanto, se voc\u00ea esteve em ambiente de risco recentemente e desenvolveu tosse persistente, febre ou cansa\u00e7o intenso, vale buscar avalia\u00e7\u00e3o m\u00e9dica.<\/p>\n<p><strong>Crian\u00e7as podem pegar histoplasmose?<\/strong><br \/>\nCrian\u00e7as tamb\u00e9m podem se infectar, sobretudo quando vivem ou viajam para \u00e1reas end\u00eamicas e realizam atividades que levantam poeira contaminada. Em suma, as medidas de preven\u00e7\u00e3o, como evitar entrar em grutas ou galinheiros sem prote\u00e7\u00e3o, devem valer para toda a fam\u00edlia.<\/p>\n<p><strong>Histoplasmose \u00e9 a mesma coisa que tuberculose?<\/strong><br \/>\nN\u00e3o. Embora algumas manifesta\u00e7\u00f5es pulmonares possam ser parecidas, histoplasmose e tuberculose t\u00eam causas, tratamentos e formas de preven\u00e7\u00e3o diferentes. Ent\u00e3o, quando h\u00e1 d\u00favida, o m\u00e9dico solicita exames espec\u00edficos para diferenciar as duas doen\u00e7as.<\/p>\n<p><strong>Existe vacina contra histoplasmose?<\/strong><br \/>\nAt\u00e9 o momento, n\u00e3o existe vacina dispon\u00edvel para uso em humanos contra o <em>Histoplasma capsulatum<\/em>. Portanto, as principais estrat\u00e9gias de prote\u00e7\u00e3o se baseiam em evitar a exposi\u00e7\u00e3o intensa ao fungo e em adotar EPIs em contextos de risco.<\/p>\n","protected":false},"excerpt":{"rendered":"<p>O recente surto de histoplasmose registrado no Tennessee, nos Estados Unidos, reacendeu o alerta para essa infec\u00e7\u00e3o f\u00fangica que, embora n\u00e3o seja comum em forma de microepidemias, pode trazer complica\u00e7\u00f5es importantes. Uma pessoa morreu e dezenas ficaram doentes ap\u00f3s contato com o Histoplasma capsulatum, fungo respons\u00e1vel pela doen\u00e7a. A situa\u00e7\u00e3o chamou a aten\u00e7\u00e3o por ocorrer [&hellip;]<\/p>\n","protected":false},"author":9,"featured_media":20340,"comment_status":"open","ping_status":"open","sticky":false,"template":"","format":"standard","meta":{"jnews-multi-image_gallery":[],"jnews_single_post":{"format":"standard"},"jnews_primary_category":[],"jnews_social_meta":[],"jnews_override_counter":[],"footnotes":""},"categories":[123],"tags":[1045,1784,2063,6571,6570,5981],"class_list":["post-20338","post","type-post","status-publish","format-standard","has-post-thumbnail","hentry","category-saude","tag-estados-unidos","tag-eua","tag-fungo","tag-histoplasma","tag-panico","tag-surto"],"yoast_head":"<!-- This site is optimized with the Yoast SEO plugin v25.1 - https:\/\/yoast.com\/wordpress\/plugins\/seo\/ -->\n<title>Fungo provoca surto com mortes nos EUA e gera p\u00e2nico; saiba qual \u00e9 - Correio Braziliense - Aqui<\/title>\n<meta name=\"description\" content=\"Surto de histoplasmose nos EUA: entenda o fungo Histoplasma capsulatum, formas de cont\u00e1gio, sintomas, diagn\u00f3stico, tratamento e preven\u00e7\u00e3o.\" \/>\n<meta name=\"robots\" content=\"index, follow, max-snippet:-1, max-image-preview:large, max-video-preview:-1\" \/>\n<link rel=\"canonical\" href=\"https:\/\/www.correiobraziliense.com.br\/aqui\/2026\/01\/22\/fungo-provoca-surto-com-mortes-nos-eua-e-gera-panico-saiba-qual-e\/\" \/>\n<meta property=\"og:locale\" content=\"pt_BR\" \/>\n<meta property=\"og:type\" content=\"article\" \/>\n<meta property=\"og:title\" content=\"Fungo provoca surto com mortes nos EUA e gera p\u00e2nico; saiba qual \u00e9 - Correio Braziliense - Aqui\" \/>\n<meta property=\"og:description\" content=\"Surto de histoplasmose nos EUA: entenda o fungo Histoplasma capsulatum, formas de cont\u00e1gio, sintomas, diagn\u00f3stico, tratamento e preven\u00e7\u00e3o.\" \/>\n<meta property=\"og:url\" content=\"https:\/\/www.correiobraziliense.com.br\/aqui\/2026\/01\/22\/fungo-provoca-surto-com-mortes-nos-eua-e-gera-panico-saiba-qual-e\/\" \/>\n<meta property=\"og:site_name\" content=\"Correio Braziliense - Aqui\" \/>\n<meta property=\"article:published_time\" content=\"2026-01-22T21:09:57+00:00\" \/>\n<meta property=\"article:modified_time\" content=\"2026-01-22T21:10:01+00:00\" \/>\n<meta property=\"og:image\" content=\"https:\/\/www.correiobraziliense.com.br\/aqui\/wp-content\/uploads\/2026\/01\/histoplasma_1769116175801.jpg\" \/>\n\t<meta property=\"og:image:width\" content=\"1280\" \/>\n\t<meta property=\"og:image:height\" content=\"720\" \/>\n\t<meta property=\"og:image:type\" content=\"image\/jpeg\" \/>\n<meta name=\"author\" content=\"Lucas\" \/>\n<meta name=\"twitter:card\" content=\"summary_large_image\" \/>\n<meta name=\"twitter:label1\" content=\"Escrito por\" \/>\n\t<meta name=\"twitter:data1\" content=\"Lucas\" \/>\n\t<meta name=\"twitter:label2\" content=\"Est. tempo de leitura\" \/>\n\t<meta name=\"twitter:data2\" content=\"9 minutos\" \/>\n<!-- \/ Yoast SEO plugin. -->","yoast_head_json":{"title":"Fungo provoca surto com mortes nos EUA e gera p\u00e2nico; saiba qual \u00e9 - Correio Braziliense - Aqui","description":"Surto de histoplasmose nos EUA: entenda o fungo Histoplasma capsulatum, formas de cont\u00e1gio, sintomas, diagn\u00f3stico, tratamento e preven\u00e7\u00e3o.","robots":{"index":"index","follow":"follow","max-snippet":"max-snippet:-1","max-image-preview":"max-image-preview:large","max-video-preview":"max-video-preview:-1"},"canonical":"https:\/\/www.correiobraziliense.com.br\/aqui\/2026\/01\/22\/fungo-provoca-surto-com-mortes-nos-eua-e-gera-panico-saiba-qual-e\/","og_locale":"pt_BR","og_type":"article","og_title":"Fungo provoca surto com mortes nos EUA e gera p\u00e2nico; saiba qual \u00e9 - Correio Braziliense - Aqui","og_description":"Surto de histoplasmose nos EUA: entenda o fungo Histoplasma capsulatum, formas de cont\u00e1gio, sintomas, diagn\u00f3stico, tratamento e preven\u00e7\u00e3o.","og_url":"https:\/\/www.correiobraziliense.com.br\/aqui\/2026\/01\/22\/fungo-provoca-surto-com-mortes-nos-eua-e-gera-panico-saiba-qual-e\/","og_site_name":"Correio Braziliense - Aqui","article_published_time":"2026-01-22T21:09:57+00:00","article_modified_time":"2026-01-22T21:10:01+00:00","og_image":[{"width":1280,"height":720,"url":"https:\/\/www.correiobraziliense.com.br\/aqui\/wp-content\/uploads\/2026\/01\/histoplasma_1769116175801.jpg","type":"image\/jpeg"}],"author":"Lucas","twitter_card":"summary_large_image","twitter_misc":{"Escrito por":"Lucas","Est. tempo de leitura":"9 minutos"},"schema":{"@context":"https:\/\/schema.org","@graph":[{"@type":"WebPage","@id":"https:\/\/www.correiobraziliense.com.br\/aqui\/2026\/01\/22\/fungo-provoca-surto-com-mortes-nos-eua-e-gera-panico-saiba-qual-e\/","url":"https:\/\/www.correiobraziliense.com.br\/aqui\/2026\/01\/22\/fungo-provoca-surto-com-mortes-nos-eua-e-gera-panico-saiba-qual-e\/","name":"Fungo provoca surto com mortes nos EUA e gera p\u00e2nico; saiba qual \u00e9 - Correio Braziliense - Aqui","isPartOf":{"@id":"https:\/\/www.correiobraziliense.com.br\/aqui\/#website"},"primaryImageOfPage":{"@id":"https:\/\/www.correiobraziliense.com.br\/aqui\/2026\/01\/22\/fungo-provoca-surto-com-mortes-nos-eua-e-gera-panico-saiba-qual-e\/#primaryimage"},"image":{"@id":"https:\/\/www.correiobraziliense.com.br\/aqui\/2026\/01\/22\/fungo-provoca-surto-com-mortes-nos-eua-e-gera-panico-saiba-qual-e\/#primaryimage"},"thumbnailUrl":"https:\/\/www.correiobraziliense.com.br\/aqui\/wp-content\/uploads\/2026\/01\/histoplasma_1769116175801.jpg","datePublished":"2026-01-22T21:09:57+00:00","dateModified":"2026-01-22T21:10:01+00:00","author":{"@id":"https:\/\/www.correiobraziliense.com.br\/aqui\/#\/schema\/person\/36d094a725ba56bbeb370a877862a002"},"description":"Surto de histoplasmose nos EUA: entenda o fungo Histoplasma capsulatum, formas de cont\u00e1gio, sintomas, diagn\u00f3stico, tratamento e preven\u00e7\u00e3o.","breadcrumb":{"@id":"https:\/\/www.correiobraziliense.com.br\/aqui\/2026\/01\/22\/fungo-provoca-surto-com-mortes-nos-eua-e-gera-panico-saiba-qual-e\/#breadcrumb"},"inLanguage":"pt-BR","potentialAction":[{"@type":"ReadAction","target":["https:\/\/www.correiobraziliense.com.br\/aqui\/2026\/01\/22\/fungo-provoca-surto-com-mortes-nos-eua-e-gera-panico-saiba-qual-e\/"]}]},{"@type":"ImageObject","inLanguage":"pt-BR","@id":"https:\/\/www.correiobraziliense.com.br\/aqui\/2026\/01\/22\/fungo-provoca-surto-com-mortes-nos-eua-e-gera-panico-saiba-qual-e\/#primaryimage","url":"https:\/\/www.correiobraziliense.com.br\/aqui\/wp-content\/uploads\/2026\/01\/histoplasma_1769116175801.jpg","contentUrl":"https:\/\/www.correiobraziliense.com.br\/aqui\/wp-content\/uploads\/2026\/01\/histoplasma_1769116175801.jpg","width":1280,"height":720,"caption":"Cr\u00e9ditos: depositphotos.com \/ Steven Oscherwitz"},{"@type":"BreadcrumbList","@id":"https:\/\/www.correiobraziliense.com.br\/aqui\/2026\/01\/22\/fungo-provoca-surto-com-mortes-nos-eua-e-gera-panico-saiba-qual-e\/#breadcrumb","itemListElement":[{"@type":"ListItem","position":1,"name":"In\u00edcio","item":"https:\/\/www.correiobraziliense.com.br\/aqui\/"},{"@type":"ListItem","position":2,"name":"Fungo provoca surto com mortes nos EUA e gera p\u00e2nico; saiba qual \u00e9"}]},{"@type":"WebSite","@id":"https:\/\/www.correiobraziliense.com.br\/aqui\/#website","url":"https:\/\/www.correiobraziliense.com.br\/aqui\/","name":"Correio Braziliense - Aqui","description":"O Correio Braziliense (CB) \u00e9 o mais importante canal de not\u00edcias de Bras\u00edlia. Aqui voc\u00ea encontra as \u00faltimas not\u00edcias do DF, do Brasil e do mundo.","potentialAction":[{"@type":"SearchAction","target":{"@type":"EntryPoint","urlTemplate":"https:\/\/www.correiobraziliense.com.br\/aqui\/?s={search_term_string}"},"query-input":{"@type":"PropertyValueSpecification","valueRequired":true,"valueName":"search_term_string"}}],"inLanguage":"pt-BR"},{"@type":"Person","@id":"https:\/\/www.correiobraziliense.com.br\/aqui\/#\/schema\/person\/36d094a725ba56bbeb370a877862a002","name":"Lucas","image":{"@type":"ImageObject","inLanguage":"pt-BR","@id":"https:\/\/www.correiobraziliense.com.br\/aqui\/#\/schema\/person\/image\/","url":"https:\/\/secure.gravatar.com\/avatar\/eb1dd4a751dca39c233b091fb7b8ce9ef1608850325ab98ff1fbe898fcef0908?s=96&d=mm&r=g","contentUrl":"https:\/\/secure.gravatar.com\/avatar\/eb1dd4a751dca39c233b091fb7b8ce9ef1608850325ab98ff1fbe898fcef0908?s=96&d=mm&r=g","caption":"Lucas"},"url":"https:\/\/www.correiobraziliense.com.br\/aqui\/author\/lucasaqui\/"}]}},"_links":{"self":[{"href":"https:\/\/www.correiobraziliense.com.br\/aqui\/wp-json\/wp\/v2\/posts\/20338","targetHints":{"allow":["GET"]}}],"collection":[{"href":"https:\/\/www.correiobraziliense.com.br\/aqui\/wp-json\/wp\/v2\/posts"}],"about":[{"href":"https:\/\/www.correiobraziliense.com.br\/aqui\/wp-json\/wp\/v2\/types\/post"}],"author":[{"embeddable":true,"href":"https:\/\/www.correiobraziliense.com.br\/aqui\/wp-json\/wp\/v2\/users\/9"}],"replies":[{"embeddable":true,"href":"https:\/\/www.correiobraziliense.com.br\/aqui\/wp-json\/wp\/v2\/comments?post=20338"}],"version-history":[{"count":1,"href":"https:\/\/www.correiobraziliense.com.br\/aqui\/wp-json\/wp\/v2\/posts\/20338\/revisions"}],"predecessor-version":[{"id":20341,"href":"https:\/\/www.correiobraziliense.com.br\/aqui\/wp-json\/wp\/v2\/posts\/20338\/revisions\/20341"}],"wp:featuredmedia":[{"embeddable":true,"href":"https:\/\/www.correiobraziliense.com.br\/aqui\/wp-json\/wp\/v2\/media\/20340"}],"wp:attachment":[{"href":"https:\/\/www.correiobraziliense.com.br\/aqui\/wp-json\/wp\/v2\/media?parent=20338"}],"wp:term":[{"taxonomy":"category","embeddable":true,"href":"https:\/\/www.correiobraziliense.com.br\/aqui\/wp-json\/wp\/v2\/categories?post=20338"},{"taxonomy":"post_tag","embeddable":true,"href":"https:\/\/www.correiobraziliense.com.br\/aqui\/wp-json\/wp\/v2\/tags?post=20338"}],"curies":[{"name":"wp","href":"https:\/\/api.w.org\/{rel}","templated":true}]}}