{"id":20422,"date":"2026-01-23T17:48:00","date_gmt":"2026-01-23T20:48:00","guid":{"rendered":"https:\/\/www.correiobraziliense.com.br\/aqui\/?p=20422"},"modified":"2026-01-23T15:55:44","modified_gmt":"2026-01-23T18:55:44","slug":"o-que-a-psicologia-diz-sobre-pessoas-que-gostam-mais-de-ficar-em-casa","status":"publish","type":"post","link":"https:\/\/www.correiobraziliense.com.br\/aqui\/2026\/01\/23\/o-que-a-psicologia-diz-sobre-pessoas-que-gostam-mais-de-ficar-em-casa\/","title":{"rendered":"O que a psicologia diz sobre pessoas que gostam mais de ficar em casa"},"content":{"rendered":"\n<p>Preferir ficar em casa em vez de sair com os amigos tornou-se um h\u00e1bito cada vez mais comum, especialmente ap\u00f3s per\u00edodos de grande exig\u00eancia emocional e social. Em vez de ser visto como sinal de tristeza ou isolamento, esse comportamento \u00e9 entendido pela psicologia como uma forma de preservar o equil\u00edbrio interno. A casa passa a ser percebida como um ambiente onde a pessoa consegue recuperar energia, organizar pensamentos e reduzir est\u00edmulos.<\/p>\n\n\n\n<p>Dentro desse cen\u00e1rio, muitos indiv\u00edduos mant\u00eam vida social ativa, trabalho, estudos e v\u00ednculos afetivos, mas escolhem com mais cuidado quando e com quem sair. A prefer\u00eancia pelo lar surge, ent\u00e3o, como uma escolha consciente de ritmo, e n\u00e3o como rejei\u00e7\u00e3o ao conv\u00edvio. Em termos de sa\u00fade mental, o que importa n\u00e3o \u00e9 a quantidade de sa\u00eddas, e sim se a pessoa sente que sua rotina est\u00e1 alinhada com suas necessidades emocionais.<\/p>\n\n\n\n<h2 class=\"wp-block-heading\">O que significa preferir ficar em casa, segundo a psicologia?<\/h2>\n\n\n\n<p>A psicologia descreve a prefer\u00eancia por ficar em casa como um comportamento ligado a diferentes fatores, entre eles personalidade, n\u00edvel de cansa\u00e7o e forma de lidar com est\u00edmulos externos. Algumas pessoas se sentem revitalizadas em festas ou encontros, enquanto outras se reorganizam melhor em ambientes silenciosos. Nesses casos, <strong><a href=\"https:\/\/www.correiobraziliense.com.br\/aqui\/2026\/01\/09\/falar-sozinho-nao-e-loucura-o-habito-estranho-que-turbina-sua-memoria-foco-e-autoconfianca-segundo-a-ciencia\/\" target=\"_blank\" rel=\"noreferrer noopener\">o lar funciona como uma esp\u00e9cie de \u201czona neutra\u201d<\/a><\/strong>, onde \u00e9 poss\u00edvel desacelerar sem cobran\u00e7as.<\/p>\n\n\n\n<p>De forma geral, preferir o pr\u00f3prio espa\u00e7o pode indicar:<\/p>\n\n\n\n<ul class=\"wp-block-list\">\n<li><strong>Necessidade de descanso profundo<\/strong> ap\u00f3s jornadas longas de estudo ou trabalho;<\/li>\n\n\n\n<li><strong>Tra\u00e7os de personalidade mais introspectivos<\/strong>, com maior conforto em ambientes calmos;<\/li>\n\n\n\n<li><strong>Busca de bem-estar emocional<\/strong>, priorizando sono, alimenta\u00e7\u00e3o e momentos de pausa;<\/li>\n\n\n\n<li><strong>Satura\u00e7\u00e3o social<\/strong>, quando o excesso de intera\u00e7\u00f5es di\u00e1rias gera sensa\u00e7\u00e3o de sobrecarga;<\/li>\n\n\n\n<li><strong>Gosto por atividades solit\u00e1rias<\/strong>, como leitura, s\u00e9ries, jogos ou hobbies criativos.<\/li>\n<\/ul>\n\n\n\n<p>Para os profissionais de sa\u00fade mental, o ponto central \u00e9 observar se essa escolha vem acompanhada de medo constante, ang\u00fastia ou incapacidade de se relacionar. Quando h\u00e1 liberdade para alternar entre ficar em casa e sair, de acordo com o que faz sentido em cada fase, a prefer\u00eancia pelo lar \u00e9 considerada parte de um estilo de vida.<\/p>\n\n\n\n<h2 class=\"wp-block-heading\">Preferir ficar em casa \u00e9 sinal de isolamento social?<\/h2>\n\n\n\n<p>De acordo com la literatura en psicologia, preferir ficar em casa n\u00e3o corresponde automaticamente a isolamento social. Muitas pessoas mant\u00eam la\u00e7os afetivos s\u00f3lidos, conversam com familiares, interagem com colegas e amigos por mensagens ou encontros pontuais, mas escolhem n\u00e3o estar presentes em todas as atividades sociais. Essa seletividade pode at\u00e9 contribuir para rela\u00e7\u00f5es mais significativas, j\u00e1 que o tempo compartilhado tende a ser mais intencional.<\/p>\n\n\n\n<p>O isolamento social passa a ser uma preocupa\u00e7\u00e3o quando a pessoa:<\/p>\n\n\n\n<ol class=\"wp-block-list\">\n<li>Evita qualquer forma de contato, inclusive virtual;<\/li>\n\n\n\n<li>Interrompe atividades importantes, como estudos ou trabalho;<\/li>\n\n\n\n<li>Sente medo intenso ou vergonha de interagir;<\/li>\n\n\n\n<li>Percebe queda prolongada de interesse por coisas que antes faziam sentido;<\/li>\n\n\n\n<li>Relata tristeza constante, sem al\u00edvio mesmo nos momentos em casa.<\/li>\n<\/ol>\n\n\n\n<p>Nesses casos, ficar em casa deixa de ser escolha confort\u00e1vel e passa a funcionar como fuga de situa\u00e7\u00f5es que geram sofrimento. A recomenda\u00e7\u00e3o dos especialistas, em 2025, \u00e9 buscar acompanhamento psicol\u00f3gico quando a reclus\u00e3o come\u00e7ar a limitar projetos de vida, rela\u00e7\u00f5es importantes ou o pr\u00f3prio autocuidado.<\/p>\n\n\n\n<h2 class=\"wp-block-heading\">Quais s\u00e3o os benef\u00edcios de escolher o lar como espa\u00e7o de recarga?<\/h2>\n\n\n\n<p>Quando existe equil\u00edbrio, a prefer\u00eancia por ficar em casa pode trazer efeitos positivos para o bem-estar emocional. Em primeiro lugar, esse tempo permite o desenvolvimento de uma rotina mais ajustada \u00e0s necessidades pessoais, como respeitar hor\u00e1rios de sono, organizar o ambiente e planejar tarefas sem pressa. A sensa\u00e7\u00e3o de previsibilidade reduz a sobrecarga mental t\u00edpica de agendas lotadas.<\/p>\n\n\n\n<p>Al\u00e9m disso, o lar favorece pr\u00e1ticas de <strong>autocuidado<\/strong>. Entre as atividades mais comuns est\u00e3o:<\/p>\n\n\n\n<ul class=\"wp-block-list\">\n<li>Ler livros ou artigos que despertam interesse;<\/li>\n\n\n\n<li>Assistir a filmes e s\u00e9ries de forma tranquila;<\/li>\n\n\n\n<li>Escutar m\u00fasica para regular o pr\u00f3prio humor;<\/li>\n\n\n\n<li>Cuidar de plantas, animais de estima\u00e7\u00e3o ou da decora\u00e7\u00e3o;<\/li>\n\n\n\n<li>Explorar hobbies, como cozinhar, desenhar, costurar ou jogar.<\/li>\n<\/ul>\n\n\n\n<p>Esses comportamentos, quando realizados de forma consciente, colaboram para o autoconhecimento. A pessoa passa a reconhecer com mais clareza o que cansa, o que anima e quais limites precisa estabelecer nas rela\u00e7\u00f5es. A psicologia contempor\u00e2nea destaca que saber desfrutar da pr\u00f3pria companhia \u00e9 um recurso importante de regula\u00e7\u00e3o emocional.<\/p>\n\n\n\n<h2 class=\"wp-block-heading\">Como encontrar um equil\u00edbrio saud\u00e1vel entre sair e ficar em casa?<\/h2>\n\n\n\n<p>Para manter uma rela\u00e7\u00e3o equilibrada com a pr\u00f3pria casa e com o mundo externo, os especialistas indicam observar alguns sinais simples do dia a dia. Um deles \u00e9 verificar se ainda existe abertura para aceitar convites que fa\u00e7am sentido, mesmo que em menor quantidade. Outro aspecto \u00e9 a capacidade de manter compromissos b\u00e1sicos, como estudos, trabalho, consultas m\u00e9dicas e contato com pessoas de confian\u00e7a.<\/p>\n\n\n\n<p>Algumas estrat\u00e9gias podem ajudar nesse ajuste:<\/p>\n\n\n\n<ul class=\"wp-block-list\">\n<li><strong>Planejar a semana<\/strong>, reservando dias para descanso e outros para encontros sociais;<\/li>\n\n\n\n<li><strong>Definir prioridades<\/strong>, escolhendo eventos que estejam alinhados com interesses reais;<\/li>\n\n\n\n<li><strong>Criar rituais de bem-estar em casa<\/strong>, como hor\u00e1rios fixos para desligar telas ou relaxar;<\/li>\n\n\n\n<li><strong>Manter canais de comunica\u00e7\u00e3o<\/strong> com amigos e familiares, mesmo \u00e0 dist\u00e2ncia;<\/li>\n\n\n\n<li><strong>Buscar ajuda profissional<\/strong> se surgirem sinais persistentes de sofrimento emocional.<\/li>\n<\/ul>\n\n\n\n<p>Ao longo dos \u00faltimos anos, especialmente depois de mudan\u00e7as trazidas pela pandemia, a sociedade passou a discutir com mais naturalidade a ideia de \u201ccurtir ficar em casa\u201d. A psicologia acompanha esse movimento, refor\u00e7ando que a prefer\u00eancia pelo lar, por si s\u00f3, n\u00e3o define a qualidade da vida social de algu\u00e9m. O que orienta a avalia\u00e7\u00e3o \u00e9 o impacto dessa escolha na sa\u00fade mental, nos v\u00ednculos e nos projetos pessoais.<\/p>\n\n\n\n<h2 class=\"wp-block-heading\">FAQ sobre solid\u00e3o e solitude<\/h2>\n\n\n\n<p><strong>1. O que \u00e9 solitude e como ela se diferencia da solid\u00e3o?<\/strong><br>A solitude \u00e9 o ato de estar s\u00f3 por escolha, com sensa\u00e7\u00e3o de paz e conex\u00e3o consigo mesmo; j\u00e1 a solid\u00e3o est\u00e1 mais ligada a um sentimento de vazio e desconex\u00e3o, mesmo quando se est\u00e1 cercado de pessoas. Em suma, na solitude a pessoa aprecia o pr\u00f3prio espa\u00e7o interno, enquanto na solid\u00e3o ela sofre com a aus\u00eancia de v\u00ednculos significativos. Portanto, o crit\u00e9rio principal \u00e9 se o tempo sozinho gera bem-estar ou sofrimento emocional.<\/p>\n\n\n\n<p><strong>2. \u00c9 poss\u00edvel transformar a solid\u00e3o em solitude?<\/strong><br>Sim. Muitas vezes, a solid\u00e3o come\u00e7a como um estado doloroso, entretanto, com apoio adequado e algumas mudan\u00e7as de h\u00e1bito, a pessoa pode aprender a usar parte desse tempo sozinha para se conhecer melhor. Ent\u00e3o, ao desenvolver interesses pr\u00f3prios, fortalecer alguns v\u00ednculos de confian\u00e7a e, se necess\u00e1rio, buscar terapia, a experi\u00eancia de estar s\u00f3 pode se tornar menos amea\u00e7adora e mais construtiva. Em suma, n\u00e3o se trata de evitar ficar s\u00f3, mas de ressignificar o que esse momento representa.<\/p>\n\n\n\n<p><strong>3. Sentir-se s\u00f3 mesmo rodeado de pessoas \u00e9 um sinal de qu\u00ea?<\/strong><br>Sentir solid\u00e3o em ambientes cheios geralmente indica falta de conex\u00e3o emocional ou dificuldade de se sentir aut\u00eantico nas rela\u00e7\u00f5es. O problema n\u00e3o \u00e9 apenas a quantidade de pessoas, mas a qualidade dos v\u00ednculos. Portanto, vale observar se h\u00e1 medo de se expor, se as conversas s\u00e3o superficiais ou se existe sensa\u00e7\u00e3o constante de n\u00e3o pertencimento; ent\u00e3o, nesses casos, aprofundar poucas rela\u00e7\u00f5es e trabalhar a autoestima pode ser mais \u00fatil do que ampliar o c\u00edrculo social.<\/p>\n\n\n\n<p><strong>4. Solitude \u00e9 algo recomendado por psic\u00f3logos?<\/strong><br>De modo geral, sim. A solitude saud\u00e1vel \u00e9 vista como um recurso importante para a regula\u00e7\u00e3o emocional e o autoconhecimento. Entretanto, ela precisa vir acompanhada de liberdade para se conectar com os outros quando for desejado. Momentos de solitude ajudam a organizar pensamentos, perceber necessidades pessoais e estabelecer limites mais claros nas rela\u00e7\u00f5es; portanto, quando equilibrada com algum n\u00edvel de contato social, pode fortalecer a sa\u00fade mental.<\/p>\n\n\n\n<p><strong>5. Como posso saber se estou vivendo solitude saud\u00e1vel ou solid\u00e3o prejudicial?<\/strong><br>Uma forma simples \u00e9 observar como voc\u00ea se sente antes, durante e depois de ficar s\u00f3. Se h\u00e1 sensa\u00e7\u00e3o de al\u00edvio, clareza mental e retomada de energia, tende a ser solitude; se predominam tristeza, vazio, desespero ou sensa\u00e7\u00e3o de abandono, pode se tratar de solid\u00e3o. Portanto, repare se voc\u00ea ainda consegue buscar ajuda, fazer planos e manter algumas rela\u00e7\u00f5es; ent\u00e3o, se o isolamento come\u00e7ar a bloquear esses movimentos, \u00e9 importante considerar apoio profissional.<\/p>\n\n\n\n<p><strong>6. A solitude pode ajudar na constru\u00e7\u00e3o de rela\u00e7\u00f5es mais saud\u00e1veis?<\/strong><br>Sim. Ao aprender a apreciar a pr\u00f3pria companhia, a pessoa tende a se relacionar menos por medo de ficar s\u00f3 e mais por afinidade genu\u00edna. Em suma, isso reduz a chance de se submeter a rela\u00e7\u00f5es desgastantes apenas para evitar a solid\u00e3o. Portanto, a solitude favorece escolhas mais conscientes sobre com quem conviver; ent\u00e3o, os v\u00ednculos tendem a ser mais aut\u00eanticos, com menos depend\u00eancia emocional e mais respeito aos limites de cada um.<\/p>\n\n\n\n<p><strong>7. Ficar muito tempo em solitude pode virar solid\u00e3o?<\/strong><br>Pode, dependendo do contexto e do estado emocional. Quando o tempo sozinho deixa de ser escolha flex\u00edvel e passa a ser a \u00fanica op\u00e7\u00e3o percebida, h\u00e1 risco de a solitude se transformar em solid\u00e3o. Entretanto, isso n\u00e3o acontece apenas pela quantidade de horas em casa, mas pelo sentimento de impossibilidade de se aproximar de outras pessoas. Portanto, \u00e9 importante checar, de tempos em tempos, se voc\u00ea ainda se sente capaz de criar ou manter la\u00e7os, mesmo que poucos e selecionados.<\/p>\n","protected":false},"excerpt":{"rendered":"<p>Preferir ficar em casa: o que revela sobre sua personalidade segundo a psicologia e por que n\u00e3o \u00e9 sinal de isolamento social ou tristeza<\/p>\n","protected":false},"author":8,"featured_media":20423,"comment_status":"open","ping_status":"open","sticky":false,"template":"","format":"standard","meta":{"jnews-multi-image_gallery":[],"jnews_single_post":{"format":"standard"},"jnews_primary_category":[],"jnews_social_meta":[],"jnews_override_counter":[],"footnotes":""},"categories":[120],"tags":[934,1125,6579,6580,5121,5122],"class_list":["post-20422","post","type-post","status-publish","format-standard","has-post-thumbnail","hentry","category-curiosidades","tag-comportamento","tag-curiosidades","tag-ficar-em-casa","tag-preferir-ficar-em-casa","tag-solidao","tag-solitude"],"yoast_head":"<!-- This site is optimized with the Yoast SEO plugin v25.1 - https:\/\/yoast.com\/wordpress\/plugins\/seo\/ -->\n<title>O que a psicologia diz sobre pessoas que gostam mais de ficar em casa - Correio Braziliense - Aqui<\/title>\n<meta name=\"description\" content=\"Preferir ficar em casa: o que revela sobre sua personalidade segundo a psicologia e por que n\u00e3o \u00e9 sinal de isolamento social ou tristeza\" \/>\n<meta name=\"robots\" content=\"index, follow, max-snippet:-1, max-image-preview:large, max-video-preview:-1\" \/>\n<link rel=\"canonical\" href=\"https:\/\/www.correiobraziliense.com.br\/aqui\/2026\/01\/23\/o-que-a-psicologia-diz-sobre-pessoas-que-gostam-mais-de-ficar-em-casa\/\" \/>\n<meta property=\"og:locale\" content=\"pt_BR\" \/>\n<meta property=\"og:type\" content=\"article\" \/>\n<meta property=\"og:title\" content=\"O que a psicologia diz sobre pessoas que gostam mais de ficar em casa - Correio Braziliense - Aqui\" \/>\n<meta property=\"og:description\" content=\"Preferir ficar em casa: o que revela sobre sua personalidade segundo a psicologia e por que n\u00e3o \u00e9 sinal de isolamento social ou tristeza\" \/>\n<meta property=\"og:url\" content=\"https:\/\/www.correiobraziliense.com.br\/aqui\/2026\/01\/23\/o-que-a-psicologia-diz-sobre-pessoas-que-gostam-mais-de-ficar-em-casa\/\" \/>\n<meta property=\"og:site_name\" content=\"Correio Braziliense - Aqui\" \/>\n<meta property=\"article:published_time\" content=\"2026-01-23T20:48:00+00:00\" \/>\n<meta property=\"og:image\" content=\"https:\/\/www.correiobraziliense.com.br\/aqui\/wp-content\/uploads\/2026\/01\/httpsneuralmyth.comstaticcacheee8346cc-7ad8-49c5-9911-55f5c5df1072.jpeg\" \/>\n\t<meta property=\"og:image:width\" content=\"1280\" \/>\n\t<meta property=\"og:image:height\" content=\"720\" \/>\n\t<meta property=\"og:image:type\" content=\"image\/jpeg\" \/>\n<meta name=\"author\" content=\"Lara\" \/>\n<meta name=\"twitter:card\" content=\"summary_large_image\" \/>\n<meta name=\"twitter:label1\" content=\"Escrito por\" \/>\n\t<meta name=\"twitter:data1\" content=\"Lara\" \/>\n\t<meta name=\"twitter:label2\" content=\"Est. tempo de leitura\" \/>\n\t<meta name=\"twitter:data2\" content=\"9 minutos\" \/>\n<!-- \/ Yoast SEO plugin. -->","yoast_head_json":{"title":"O que a psicologia diz sobre pessoas que gostam mais de ficar em casa - Correio Braziliense - Aqui","description":"Preferir ficar em casa: o que revela sobre sua personalidade segundo a psicologia e por que n\u00e3o \u00e9 sinal de isolamento social ou tristeza","robots":{"index":"index","follow":"follow","max-snippet":"max-snippet:-1","max-image-preview":"max-image-preview:large","max-video-preview":"max-video-preview:-1"},"canonical":"https:\/\/www.correiobraziliense.com.br\/aqui\/2026\/01\/23\/o-que-a-psicologia-diz-sobre-pessoas-que-gostam-mais-de-ficar-em-casa\/","og_locale":"pt_BR","og_type":"article","og_title":"O que a psicologia diz sobre pessoas que gostam mais de ficar em casa - Correio Braziliense - Aqui","og_description":"Preferir ficar em casa: o que revela sobre sua personalidade segundo a psicologia e por que n\u00e3o \u00e9 sinal de isolamento social ou tristeza","og_url":"https:\/\/www.correiobraziliense.com.br\/aqui\/2026\/01\/23\/o-que-a-psicologia-diz-sobre-pessoas-que-gostam-mais-de-ficar-em-casa\/","og_site_name":"Correio Braziliense - Aqui","article_published_time":"2026-01-23T20:48:00+00:00","og_image":[{"width":1280,"height":720,"url":"https:\/\/www.correiobraziliense.com.br\/aqui\/wp-content\/uploads\/2026\/01\/httpsneuralmyth.comstaticcacheee8346cc-7ad8-49c5-9911-55f5c5df1072.jpeg","type":"image\/jpeg"}],"author":"Lara","twitter_card":"summary_large_image","twitter_misc":{"Escrito por":"Lara","Est. tempo de leitura":"9 minutos"},"schema":{"@context":"https:\/\/schema.org","@graph":[{"@type":"WebPage","@id":"https:\/\/www.correiobraziliense.com.br\/aqui\/2026\/01\/23\/o-que-a-psicologia-diz-sobre-pessoas-que-gostam-mais-de-ficar-em-casa\/","url":"https:\/\/www.correiobraziliense.com.br\/aqui\/2026\/01\/23\/o-que-a-psicologia-diz-sobre-pessoas-que-gostam-mais-de-ficar-em-casa\/","name":"O que a psicologia diz sobre pessoas que gostam mais de ficar em casa - Correio Braziliense - Aqui","isPartOf":{"@id":"https:\/\/www.correiobraziliense.com.br\/aqui\/#website"},"primaryImageOfPage":{"@id":"https:\/\/www.correiobraziliense.com.br\/aqui\/2026\/01\/23\/o-que-a-psicologia-diz-sobre-pessoas-que-gostam-mais-de-ficar-em-casa\/#primaryimage"},"image":{"@id":"https:\/\/www.correiobraziliense.com.br\/aqui\/2026\/01\/23\/o-que-a-psicologia-diz-sobre-pessoas-que-gostam-mais-de-ficar-em-casa\/#primaryimage"},"thumbnailUrl":"https:\/\/www.correiobraziliense.com.br\/aqui\/wp-content\/uploads\/2026\/01\/httpsneuralmyth.comstaticcacheee8346cc-7ad8-49c5-9911-55f5c5df1072.jpeg","datePublished":"2026-01-23T20:48:00+00:00","author":{"@id":"https:\/\/www.correiobraziliense.com.br\/aqui\/#\/schema\/person\/5d6e4d99fecc86ab1a7ed1a0369afb65"},"description":"Preferir ficar em casa: o que revela sobre sua personalidade segundo a psicologia e por que n\u00e3o \u00e9 sinal de isolamento social ou tristeza","breadcrumb":{"@id":"https:\/\/www.correiobraziliense.com.br\/aqui\/2026\/01\/23\/o-que-a-psicologia-diz-sobre-pessoas-que-gostam-mais-de-ficar-em-casa\/#breadcrumb"},"inLanguage":"pt-BR","potentialAction":[{"@type":"ReadAction","target":["https:\/\/www.correiobraziliense.com.br\/aqui\/2026\/01\/23\/o-que-a-psicologia-diz-sobre-pessoas-que-gostam-mais-de-ficar-em-casa\/"]}]},{"@type":"ImageObject","inLanguage":"pt-BR","@id":"https:\/\/www.correiobraziliense.com.br\/aqui\/2026\/01\/23\/o-que-a-psicologia-diz-sobre-pessoas-que-gostam-mais-de-ficar-em-casa\/#primaryimage","url":"https:\/\/www.correiobraziliense.com.br\/aqui\/wp-content\/uploads\/2026\/01\/httpsneuralmyth.comstaticcacheee8346cc-7ad8-49c5-9911-55f5c5df1072.jpeg","contentUrl":"https:\/\/www.correiobraziliense.com.br\/aqui\/wp-content\/uploads\/2026\/01\/httpsneuralmyth.comstaticcacheee8346cc-7ad8-49c5-9911-55f5c5df1072.jpeg","width":1280,"height":720,"caption":"Cr\u00e9ditos: depositphotos.com \/ RostyslavOleksin"},{"@type":"BreadcrumbList","@id":"https:\/\/www.correiobraziliense.com.br\/aqui\/2026\/01\/23\/o-que-a-psicologia-diz-sobre-pessoas-que-gostam-mais-de-ficar-em-casa\/#breadcrumb","itemListElement":[{"@type":"ListItem","position":1,"name":"In\u00edcio","item":"https:\/\/www.correiobraziliense.com.br\/aqui\/"},{"@type":"ListItem","position":2,"name":"O que a psicologia diz sobre pessoas que gostam mais de ficar em casa"}]},{"@type":"WebSite","@id":"https:\/\/www.correiobraziliense.com.br\/aqui\/#website","url":"https:\/\/www.correiobraziliense.com.br\/aqui\/","name":"Correio Braziliense - Aqui","description":"O Correio Braziliense (CB) \u00e9 o mais importante canal de not\u00edcias de Bras\u00edlia. Aqui voc\u00ea encontra as \u00faltimas not\u00edcias do DF, do Brasil e do mundo.","potentialAction":[{"@type":"SearchAction","target":{"@type":"EntryPoint","urlTemplate":"https:\/\/www.correiobraziliense.com.br\/aqui\/?s={search_term_string}"},"query-input":{"@type":"PropertyValueSpecification","valueRequired":true,"valueName":"search_term_string"}}],"inLanguage":"pt-BR"},{"@type":"Person","@id":"https:\/\/www.correiobraziliense.com.br\/aqui\/#\/schema\/person\/5d6e4d99fecc86ab1a7ed1a0369afb65","name":"Lara","image":{"@type":"ImageObject","inLanguage":"pt-BR","@id":"https:\/\/www.correiobraziliense.com.br\/aqui\/#\/schema\/person\/image\/","url":"https:\/\/secure.gravatar.com\/avatar\/57056c5c343a6d8a6669688d3d2c04916d9d280b352b6e50e66a8d39b2517e00?s=96&d=mm&r=g","contentUrl":"https:\/\/secure.gravatar.com\/avatar\/57056c5c343a6d8a6669688d3d2c04916d9d280b352b6e50e66a8d39b2517e00?s=96&d=mm&r=g","caption":"Lara"},"url":"https:\/\/www.correiobraziliense.com.br\/aqui\/author\/laraaqui\/"}]}},"_links":{"self":[{"href":"https:\/\/www.correiobraziliense.com.br\/aqui\/wp-json\/wp\/v2\/posts\/20422","targetHints":{"allow":["GET"]}}],"collection":[{"href":"https:\/\/www.correiobraziliense.com.br\/aqui\/wp-json\/wp\/v2\/posts"}],"about":[{"href":"https:\/\/www.correiobraziliense.com.br\/aqui\/wp-json\/wp\/v2\/types\/post"}],"author":[{"embeddable":true,"href":"https:\/\/www.correiobraziliense.com.br\/aqui\/wp-json\/wp\/v2\/users\/8"}],"replies":[{"embeddable":true,"href":"https:\/\/www.correiobraziliense.com.br\/aqui\/wp-json\/wp\/v2\/comments?post=20422"}],"version-history":[{"count":2,"href":"https:\/\/www.correiobraziliense.com.br\/aqui\/wp-json\/wp\/v2\/posts\/20422\/revisions"}],"predecessor-version":[{"id":20426,"href":"https:\/\/www.correiobraziliense.com.br\/aqui\/wp-json\/wp\/v2\/posts\/20422\/revisions\/20426"}],"wp:featuredmedia":[{"embeddable":true,"href":"https:\/\/www.correiobraziliense.com.br\/aqui\/wp-json\/wp\/v2\/media\/20423"}],"wp:attachment":[{"href":"https:\/\/www.correiobraziliense.com.br\/aqui\/wp-json\/wp\/v2\/media?parent=20422"}],"wp:term":[{"taxonomy":"category","embeddable":true,"href":"https:\/\/www.correiobraziliense.com.br\/aqui\/wp-json\/wp\/v2\/categories?post=20422"},{"taxonomy":"post_tag","embeddable":true,"href":"https:\/\/www.correiobraziliense.com.br\/aqui\/wp-json\/wp\/v2\/tags?post=20422"}],"curies":[{"name":"wp","href":"https:\/\/api.w.org\/{rel}","templated":true}]}}