{"id":20545,"date":"2026-01-26T19:52:00","date_gmt":"2026-01-26T22:52:00","guid":{"rendered":"https:\/\/www.correiobraziliense.com.br\/aqui\/?p=20545"},"modified":"2026-01-26T17:01:13","modified_gmt":"2026-01-26T20:01:13","slug":"especialistas-explicam-os-beneficios-cerebrais-de-cuidar-dos-netos","status":"publish","type":"post","link":"https:\/\/www.correiobraziliense.com.br\/aqui\/2026\/01\/26\/especialistas-explicam-os-beneficios-cerebrais-de-cuidar-dos-netos\/","title":{"rendered":"Especialistas explicam os benef\u00edcios cerebrais de cuidar dos netos"},"content":{"rendered":"\n<p>Cuidar dos netos costuma fazer parte da rotina de muitas fam\u00edlias e, em geral, \u00e9 percebido como um gesto de apoio entre gera\u00e7\u00f5es. Nos \u00faltimos anos, por\u00e9m, pesquisadores t\u00eam olhado para esse h\u00e1bito com outro foco: os efeitos que ele pode ter sobre a sa\u00fade do idoso, em especial sobre o funcionamento do c\u00e9rebro. Estudos recentes sugerem que o cuidado com os netos pode estar associado a um menor decl\u00ednio cognitivo entre av\u00f3s.<\/p>\n\n\n\n<p>Em vez de se limitar ao impacto emocional desse v\u00ednculo, a ci\u00eancia passou a investigar se tarefas cotidianas \u2013 como buscar a crian\u00e7a na escola, ajudar com a li\u00e7\u00e3o de casa ou preparar refei\u00e7\u00f5es \u2013 tamb\u00e9m funcionam como um tipo de \u201cgin\u00e1stica mental\u201d. Em 2025, com o envelhecimento populacional em ritmo acelerado, entender o papel do cuidado intergeracional na prote\u00e7\u00e3o da mem\u00f3ria e da aten\u00e7\u00e3o se tornou um tema de interesse em sa\u00fade p\u00fablica.<\/p>\n\n\n\n<h2 class=\"wp-block-heading\">Cuidar dos netos protege a mem\u00f3ria dos av\u00f3s?<\/h2>\n\n\n\n<p>A express\u00e3o cuidar dos netos abrange diferentes situa\u00e7\u00f5es: desde olhar a crian\u00e7a algumas horas por semana at\u00e9 assumir grande parte das atividades di\u00e1rias. O que vem chamando a aten\u00e7\u00e3o de especialistas \u00e9 a associa\u00e7\u00e3o entre esse envolvimento e melhores resultados em testes de mem\u00f3ria, linguagem e racioc\u00ednio entre pessoas com mais de 50 anos. Em diversos levantamentos, <strong><a href=\"https:\/\/www.correiobraziliense.com.br\/aqui\/2026\/01\/07\/canetas-emagrecedoras-em-idosos-saiba-os-riscos\/\" target=\"_blank\" rel=\"noreferrer noopener\">av\u00f3s cuidadores costumam apresentar desempenho cognitivo superior ao de idosos que n\u00e3o desempenham essa fun\u00e7\u00e3o.<\/a><\/strong><\/p>\n\n\n\n<p>Uma poss\u00edvel explica\u00e7\u00e3o \u00e9 que a rotina com as crian\u00e7as estimula m\u00faltiplas \u00e1reas do c\u00e9rebro ao mesmo tempo. A pessoa precisa organizar hor\u00e1rios, lembrar compromissos, adaptar a comunica\u00e7\u00e3o, resolver imprevistos e lidar com demandas emocionais. Esse conjunto de tarefas pode funcionar como um treino constante de aten\u00e7\u00e3o, planejamento e mem\u00f3ria de curto e longo prazo. Al\u00e9m disso, a intera\u00e7\u00e3o frequente tende a manter o idoso socialmente ativo, fator j\u00e1 conhecido por estar ligado a menor risco de decl\u00ednio cognitivo.<\/p>\n\n\n\n<h2 class=\"wp-block-heading\">Como o cuidado com os netos estimula o c\u00e9rebro?<\/h2>\n\n\n\n<p>Os especialistas destacam que, ao cuidar dos netos, o idoso \u00e9 exposto a uma s\u00e9rie de est\u00edmulos que v\u00e3o al\u00e9m das atividades dom\u00e9sticas tradicionais. Em muitos casos, isso inclui o contato com tecnologias, linguagens atuais e novas formas de brincar e aprender, o que obriga o c\u00e9rebro a se adaptar e a criar novas conex\u00f5es neurais.<\/p>\n\n\n\n<p>Entre os mecanismos que podem estar relacionados a esse efeito protetor, costumam ser citados:<\/p>\n\n\n\n<ul class=\"wp-block-list\">\n<li><strong>Engajamento social constante<\/strong>: conversas di\u00e1rias, troca de hist\u00f3rias e participa\u00e7\u00e3o em atividades em grupo reduzem o isolamento.<\/li>\n\n\n\n<li><strong>Desafios cognitivos variados<\/strong>: ajudar em tarefas escolares, ler com a crian\u00e7a e acompanhar jogos educativos exige aten\u00e7\u00e3o e racioc\u00ednio.<\/li>\n\n\n\n<li><strong>Rotina estruturada<\/strong>: hor\u00e1rios de escola, consultas m\u00e9dicas e atividades extracurriculares ajudam a manter o senso de organiza\u00e7\u00e3o.<\/li>\n\n\n\n<li><strong>Estimula\u00e7\u00e3o emocional<\/strong>: lidar com diferentes temperamentos e necessidades fortalece habilidades de regula\u00e7\u00e3o e empatia.<\/li>\n<\/ul>\n\n\n\n<p>A combina\u00e7\u00e3o desses fatores pode contribuir para que fun\u00e7\u00f5es como mem\u00f3ria, linguagem e velocidade de processamento se mantenham ativas por mais tempo, ainda que n\u00e3o exista garantia individual de prote\u00e7\u00e3o contra doen\u00e7as neurodegenerativas.<\/p>\n\n\n\n<h2 class=\"wp-block-heading\">Quais tipos de cuidado com os netos podem fazer diferen\u00e7a?<\/h2>\n\n\n\n<p>O envolvimento dos av\u00f3s no cuidado dos netos pode ocorrer em diferentes formatos, e n\u00e3o h\u00e1 um modelo \u00fanico considerado ideal. Pesquisas indicam que tanto o apoio ocasional quanto o acompanhamento mais frequente podem estar ligados a benef\u00edcios para a cogni\u00e7\u00e3o, desde que o cuidado n\u00e3o seja vivenciado como um peso excessivo.<\/p>\n\n\n\n<p>Entre as formas mais comuns de participa\u00e7\u00e3o, destacam-se:<\/p>\n\n\n\n<ol class=\"wp-block-list\">\n<li><strong>Apoio di\u00e1rio em hor\u00e1rios espec\u00edficos<\/strong>: levar e buscar na escola, preparar lanches ou supervisionar a li\u00e7\u00e3o de casa.<\/li>\n\n\n\n<li><strong>Cuidado eventual<\/strong>: ficar com a crian\u00e7a \u00e0 noite, em fins de semana ou em per\u00edodos de f\u00e9rias.<\/li>\n\n\n\n<li><strong>Acompanhamento em atividades de lazer<\/strong>: passeios em parques, visitas a museus, jogos de tabuleiro e leitura compartilhada.<\/li>\n\n\n\n<li><strong>Apoio em situa\u00e7\u00f5es de doen\u00e7a<\/strong>: permanecer com o neto em casa, administrar hor\u00e1rios de medica\u00e7\u00e3o e contato com servi\u00e7os de sa\u00fade.<\/li>\n<\/ol>\n\n\n\n<p>O ponto central observado em diferentes estudos \u00e9 que a simples condi\u00e7\u00e3o de ser um av\u00f4 ou av\u00f3 cuidador j\u00e1 parece associada a melhor desempenho cognitivo, independentemente da frequ\u00eancia exata ou do tipo espec\u00edfico de tarefa realizada.<\/p>\n\n\n\n<h2 class=\"wp-block-heading\">Quando cuidar dos netos deixa de ser ben\u00e9fico?<\/h2>\n\n\n\n<p>Apesar dos sinais positivos, pesquisadores ressaltam que o contexto em que o idoso cuida dos netos \u00e9 decisivo. Quando o cuidado \u00e9 volunt\u00e1rio, bem distribu\u00eddo entre familiares e ocorre em um ambiente acolhedor, tende a estar ligado a maior bem-estar. Em contrapartida, situa\u00e7\u00f5es em que o av\u00f4 ou a av\u00f3 se sente sobrecarregado, sem apoio ou sem possibilidade de recusar demandas podem ter efeitos distintos.<\/p>\n\n\n\n<ul class=\"wp-block-list\">\n<li>Jornadas muito longas de cuidado, sem descanso adequado.<\/li>\n\n\n\n<li>Responsabilidade quase total pela cria\u00e7\u00e3o dos netos, sem divis\u00e3o de tarefas com os pais.<\/li>\n\n\n\n<li>Conflitos familiares frequentes em torno de regras, hor\u00e1rios e educa\u00e7\u00e3o.<\/li>\n\n\n\n<li>Sensa\u00e7\u00e3o de obriga\u00e7\u00e3o constante, acompanhada de estresse ou desgaste f\u00edsico.<\/li>\n<\/ul>\n\n\n\n<p>Nesses casos, o estresse cr\u00f4nico pode neutralizar ou at\u00e9 superar eventuais ganhos cognitivos. Por isso, especialistas em envelhecimento apontam que a experi\u00eancia mais favor\u00e1vel tende a ocorrer quando o idoso participa de forma ativa, mas com limites claros e com possibilidade de manter suas pr\u00f3prias atividades, como consultas de sa\u00fade, lazer e conviv\u00eancia com outros grupos.<\/p>\n\n\n\n<h2 class=\"wp-block-heading\">O que a ci\u00eancia ainda precisa investigar sobre av\u00f3s e netos?<\/h2>\n\n\n\n<p>A rela\u00e7\u00e3o entre cuidado com os netos e funcionamento cognitivo continua em estudo. Pesquisadores buscam entender, por exemplo, se existe uma \u201cdose\u201d de cuidado mais adequada, de que forma fatores culturais interferem nessa din\u00e2mica e em que medida caracter\u00edsticas pr\u00e9vias do idoso \u2013 como n\u00edvel de escolaridade, condi\u00e7\u00e3o de sa\u00fade e hist\u00f3rico de trabalho \u2013 influenciam os resultados.<\/p>\n\n\n\n<p>Tamb\u00e9m est\u00e3o em andamento investiga\u00e7\u00f5es sobre diferen\u00e7as entre av\u00f3s e av\u00f4s, impacto de arranjos familiares variados e efeitos de longo prazo em contextos de maior estresse econ\u00f4mico ou social. Enquanto essas respostas n\u00e3o s\u00e3o definitivas, o que se observa \u00e9 que a presen\u00e7a ativa dos av\u00f3s na vida dos netos tende a desempenhar um papel relevante tanto para as crian\u00e7as quanto para a manuten\u00e7\u00e3o da vida mental e social na velhice.<\/p>\n\n\n\n<h2 class=\"wp-block-heading\">FAQ sobre envelhecimento<\/h2>\n\n\n\n<p><strong>1. O envelhecimento saud\u00e1vel depende apenas da gen\u00e9tica?<\/strong><br>A gen\u00e9tica tem influ\u00eancia importante, mas n\u00e3o \u00e9 o \u00fanico fator determinante. Estilo de vida, alimenta\u00e7\u00e3o equilibrada, atividade f\u00edsica regular, sono adequado e engajamento social e mental contam muito. Entretanto, mesmo quem tem hist\u00f3rico familiar de doen\u00e7as pode retardar ou atenuar problemas ao adotar h\u00e1bitos mais saud\u00e1veis. Portanto, o envelhecimento saud\u00e1vel \u00e9 resultado de uma combina\u00e7\u00e3o entre predisposi\u00e7\u00e3o gen\u00e9tica e escolhas ao longo da vida.<\/p>\n\n\n\n<p><strong>2. Qual a import\u00e2ncia da atividade f\u00edsica na terceira idade, al\u00e9m do benef\u00edcio para o corpo?<\/strong><br>A atividade f\u00edsica regular ajuda a manter a for\u00e7a muscular, o equil\u00edbrio e a mobilidade, reduzindo o risco de quedas e fraturas. Em suma, tamb\u00e9m est\u00e1 ligada a melhor humor, menor risco de depress\u00e3o e melhor desempenho cognitivo. Entretanto, \u00e9 essencial que o exerc\u00edcio seja adaptado \u00e0 condi\u00e7\u00e3o de sa\u00fade do idoso e supervisionado quando necess\u00e1rio. Ent\u00e3o, caminhar, alongar, praticar exerc\u00edcios leves ou dan\u00e7ar podem ser estrat\u00e9gias simples e eficazes para preservar a autonomia.<\/p>\n\n\n\n<p><strong>3. Como o envelhecimento impacta a sa\u00fade emocional?<\/strong><br>O envelhecimento pode trazer perdas, mudan\u00e7as de papel social e maior contato com doen\u00e7as cr\u00f4nicas, o que afeta o emocional. Muitos idosos experimentam solid\u00e3o, ansiedade ou tristeza, especialmente quando se afastam de atividades que davam sentido \u00e0 vida. Entretanto, manter v\u00ednculos familiares, amizades, hobbies e participa\u00e7\u00e3o em grupos comunit\u00e1rios ou religiosos ajuda a sustentar o bem-estar psicol\u00f3gico. Portanto, buscar apoio profissional quando a tristeza \u00e9 persistente \u00e9 uma atitude importante e n\u00e3o um sinal de fraqueza.<\/p>\n\n\n\n<p><strong>4. Qual o papel da alimenta\u00e7\u00e3o no processo de envelhecimento?<\/strong><br>Em suma, uma alimenta\u00e7\u00e3o rica em frutas, verduras, legumes, fontes de prote\u00edna de qualidade e pouca gordura saturada contribui para controlar press\u00e3o arterial, colesterol e glicemia, al\u00e9m de ajudar a preservar a massa muscular. Entretanto, na velhice podem surgir dificuldades como diminui\u00e7\u00e3o do apetite, altera\u00e7\u00f5es no paladar e problemas de mastiga\u00e7\u00e3o. Portanto, ajustar a textura dos alimentos, fracionar refei\u00e7\u00f5es e, se necess\u00e1rio, contar com orienta\u00e7\u00e3o de nutricionista s\u00e3o medidas que ajudam o idoso a manter um aporte nutricional adequado.<\/p>\n\n\n\n<p><strong>5. O que \u00e9 \u201cenvelhecimento ativo\u201d e por que ele \u00e9 valorizado?<\/strong><br>Envelhecimento ativo \u00e9 um conceito que envolve n\u00e3o apenas sa\u00fade f\u00edsica, mas tamb\u00e9m participa\u00e7\u00e3o social, seguran\u00e7a e oportunidades de aprendizado cont\u00ednuo. Significa que o idoso continua desempenhando pap\u00e9is significativos na fam\u00edlia e na comunidade, tomando decis\u00f5es sobre sua pr\u00f3pria vida. Entretanto, isso n\u00e3o implica manter o mesmo ritmo da juventude, e sim adaptar atividades \u00e0s novas capacidades. Ent\u00e3o, participar de cursos, trabalhos volunt\u00e1rios, grupos culturais ou comunit\u00e1rios s\u00e3o exemplos concretos de envelhecimento ativo.<\/p>\n\n\n\n<p><strong>6. Esquecer nomes e compromissos \u00e9 sempre sinal de dem\u00eancia?<\/strong><br>Em suma, pequenas falhas de mem\u00f3ria s\u00e3o comuns com o passar dos anos e fazem parte do envelhecimento normal. Esquecer um nome e lembrar depois, ou confundir datas ocasionalmente, geralmente n\u00e3o \u00e9 motivo para alarme. Entretanto, quando os esquecimentos passam a interferir na rotina di\u00e1ria \u2013 como perder-se em lugares conhecidos, repetir a mesma pergunta muitas vezes ou esquecer compromissos com frequ\u00eancia \u2013 \u00e9 importante buscar avalia\u00e7\u00e3o m\u00e9dica. Portanto, o diagn\u00f3stico precoce de quadros como dem\u00eancia permite planejamento e interven\u00e7\u00f5es mais eficazes.<\/p>\n\n\n\n<p><strong>7. Como a vida social influencia a qualidade de vida na velhice?<\/strong><br>A manuten\u00e7\u00e3o de la\u00e7os sociais \u00e9 um dos pilares do envelhecimento saud\u00e1vel. Conviver com familiares, amigos, vizinhos e grupos de interesse reduz o sentimento de solid\u00e3o e est\u00e1 associada a melhor sa\u00fade mental e menor risco de decl\u00ednio cognitivo. Entretanto, algumas pessoas tendem a se isolar ap\u00f3s a aposentadoria ou por limita\u00e7\u00f5es f\u00edsicas. Portanto, adaptar formas de contato \u2013 como visitas, telefonemas, grupos em centros de conviv\u00eancia ou mesmo o uso de tecnologias \u2013 torna-se essencial para preservar a sensa\u00e7\u00e3o de pertencimento e prop\u00f3sito.<\/p>\n\n\n\n<p><strong>8. De que forma a aposentadoria pode afetar o envelhecimento?<\/strong><br>A aposentadoria representa uma transi\u00e7\u00e3o importante de identidade e rotina. Pode gerar al\u00edvio e tempo livre, mas tamb\u00e9m sensa\u00e7\u00e3o de perda de utilidade ou vazio. Entretanto, quando o per\u00edodo p\u00f3s-aposentadoria \u00e9 planejado, com novas metas, atividades prazerosas e, se desejado, trabalho parcial ou volunt\u00e1rio, o impacto tende a ser positivo. Portanto, refletir antecipadamente sobre como ocupar o tempo e manter v\u00ednculos sociais ajuda a tornar essa fase mais saud\u00e1vel e satisfat\u00f3ria.<\/p>\n","protected":false},"excerpt":{"rendered":"<p>Cuidar dos netos protege o c\u00e9rebro dos av\u00f3s: descubra como esse v\u00ednculo fortalece a mem\u00f3ria, previne decl\u00ednio cognitivo e promove bem-estar<\/p>\n","protected":false},"author":8,"featured_media":20546,"comment_status":"open","ping_status":"open","sticky":false,"template":"","format":"standard","meta":{"jnews-multi-image_gallery":[],"jnews_single_post":{"format":"standard"},"jnews_primary_category":[],"jnews_social_meta":[],"jnews_override_counter":[],"footnotes":""},"categories":[123],"tags":[2976,6603,1659,506,141],"class_list":["post-20545","post","type-post","status-publish","format-standard","has-post-thumbnail","hentry","category-saude","tag-cerebro","tag-cuidar-dos-netos","tag-envelhecimento","tag-idosos","tag-saude"],"yoast_head":"<!-- This site is optimized with the Yoast SEO plugin v25.1 - https:\/\/yoast.com\/wordpress\/plugins\/seo\/ -->\n<title>Especialistas explicam os benef\u00edcios cerebrais de cuidar dos netos - Correio Braziliense - Aqui<\/title>\n<meta name=\"description\" content=\"Cuidar dos netos protege o c\u00e9rebro dos av\u00f3s: descubra como esse v\u00ednculo fortalece a mem\u00f3ria, previne decl\u00ednio cognitivo e promove bem-estar\" \/>\n<meta name=\"robots\" content=\"index, follow, max-snippet:-1, max-image-preview:large, max-video-preview:-1\" \/>\n<link rel=\"canonical\" href=\"https:\/\/www.correiobraziliense.com.br\/aqui\/2026\/01\/26\/especialistas-explicam-os-beneficios-cerebrais-de-cuidar-dos-netos\/\" \/>\n<meta property=\"og:locale\" content=\"pt_BR\" \/>\n<meta property=\"og:type\" content=\"article\" \/>\n<meta property=\"og:title\" content=\"Especialistas explicam os benef\u00edcios cerebrais de cuidar dos netos - Correio Braziliense - Aqui\" \/>\n<meta property=\"og:description\" content=\"Cuidar dos netos protege o c\u00e9rebro dos av\u00f3s: descubra como esse v\u00ednculo fortalece a mem\u00f3ria, previne decl\u00ednio cognitivo e promove bem-estar\" \/>\n<meta property=\"og:url\" content=\"https:\/\/www.correiobraziliense.com.br\/aqui\/2026\/01\/26\/especialistas-explicam-os-beneficios-cerebrais-de-cuidar-dos-netos\/\" \/>\n<meta property=\"og:site_name\" content=\"Correio Braziliense - Aqui\" \/>\n<meta property=\"article:published_time\" content=\"2026-01-26T22:52:00+00:00\" \/>\n<meta property=\"og:image\" content=\"https:\/\/www.correiobraziliense.com.br\/aqui\/wp-content\/uploads\/2026\/01\/httpsneuralmyth.comstaticcache7ae7a04e-8af4-4cc8-b323-fe35e7608a32.jpeg\" \/>\n\t<meta property=\"og:image:width\" content=\"1280\" \/>\n\t<meta property=\"og:image:height\" content=\"720\" \/>\n\t<meta property=\"og:image:type\" content=\"image\/jpeg\" \/>\n<meta name=\"author\" content=\"Lara\" \/>\n<meta name=\"twitter:card\" content=\"summary_large_image\" \/>\n<meta name=\"twitter:label1\" content=\"Escrito por\" \/>\n\t<meta name=\"twitter:data1\" content=\"Lara\" \/>\n\t<meta name=\"twitter:label2\" content=\"Est. tempo de leitura\" \/>\n\t<meta name=\"twitter:data2\" content=\"10 minutos\" \/>\n<!-- \/ Yoast SEO plugin. -->","yoast_head_json":{"title":"Especialistas explicam os benef\u00edcios cerebrais de cuidar dos netos - Correio Braziliense - Aqui","description":"Cuidar dos netos protege o c\u00e9rebro dos av\u00f3s: descubra como esse v\u00ednculo fortalece a mem\u00f3ria, previne decl\u00ednio cognitivo e promove bem-estar","robots":{"index":"index","follow":"follow","max-snippet":"max-snippet:-1","max-image-preview":"max-image-preview:large","max-video-preview":"max-video-preview:-1"},"canonical":"https:\/\/www.correiobraziliense.com.br\/aqui\/2026\/01\/26\/especialistas-explicam-os-beneficios-cerebrais-de-cuidar-dos-netos\/","og_locale":"pt_BR","og_type":"article","og_title":"Especialistas explicam os benef\u00edcios cerebrais de cuidar dos netos - Correio Braziliense - Aqui","og_description":"Cuidar dos netos protege o c\u00e9rebro dos av\u00f3s: descubra como esse v\u00ednculo fortalece a mem\u00f3ria, previne decl\u00ednio cognitivo e promove bem-estar","og_url":"https:\/\/www.correiobraziliense.com.br\/aqui\/2026\/01\/26\/especialistas-explicam-os-beneficios-cerebrais-de-cuidar-dos-netos\/","og_site_name":"Correio Braziliense - Aqui","article_published_time":"2026-01-26T22:52:00+00:00","og_image":[{"width":1280,"height":720,"url":"https:\/\/www.correiobraziliense.com.br\/aqui\/wp-content\/uploads\/2026\/01\/httpsneuralmyth.comstaticcache7ae7a04e-8af4-4cc8-b323-fe35e7608a32.jpeg","type":"image\/jpeg"}],"author":"Lara","twitter_card":"summary_large_image","twitter_misc":{"Escrito por":"Lara","Est. tempo de leitura":"10 minutos"},"schema":{"@context":"https:\/\/schema.org","@graph":[{"@type":"WebPage","@id":"https:\/\/www.correiobraziliense.com.br\/aqui\/2026\/01\/26\/especialistas-explicam-os-beneficios-cerebrais-de-cuidar-dos-netos\/","url":"https:\/\/www.correiobraziliense.com.br\/aqui\/2026\/01\/26\/especialistas-explicam-os-beneficios-cerebrais-de-cuidar-dos-netos\/","name":"Especialistas explicam os benef\u00edcios cerebrais de cuidar dos netos - Correio Braziliense - Aqui","isPartOf":{"@id":"https:\/\/www.correiobraziliense.com.br\/aqui\/#website"},"primaryImageOfPage":{"@id":"https:\/\/www.correiobraziliense.com.br\/aqui\/2026\/01\/26\/especialistas-explicam-os-beneficios-cerebrais-de-cuidar-dos-netos\/#primaryimage"},"image":{"@id":"https:\/\/www.correiobraziliense.com.br\/aqui\/2026\/01\/26\/especialistas-explicam-os-beneficios-cerebrais-de-cuidar-dos-netos\/#primaryimage"},"thumbnailUrl":"https:\/\/www.correiobraziliense.com.br\/aqui\/wp-content\/uploads\/2026\/01\/httpsneuralmyth.comstaticcache7ae7a04e-8af4-4cc8-b323-fe35e7608a32.jpeg","datePublished":"2026-01-26T22:52:00+00:00","author":{"@id":"https:\/\/www.correiobraziliense.com.br\/aqui\/#\/schema\/person\/5d6e4d99fecc86ab1a7ed1a0369afb65"},"description":"Cuidar dos netos protege o c\u00e9rebro dos av\u00f3s: descubra como esse v\u00ednculo fortalece a mem\u00f3ria, previne decl\u00ednio cognitivo e promove bem-estar","breadcrumb":{"@id":"https:\/\/www.correiobraziliense.com.br\/aqui\/2026\/01\/26\/especialistas-explicam-os-beneficios-cerebrais-de-cuidar-dos-netos\/#breadcrumb"},"inLanguage":"pt-BR","potentialAction":[{"@type":"ReadAction","target":["https:\/\/www.correiobraziliense.com.br\/aqui\/2026\/01\/26\/especialistas-explicam-os-beneficios-cerebrais-de-cuidar-dos-netos\/"]}]},{"@type":"ImageObject","inLanguage":"pt-BR","@id":"https:\/\/www.correiobraziliense.com.br\/aqui\/2026\/01\/26\/especialistas-explicam-os-beneficios-cerebrais-de-cuidar-dos-netos\/#primaryimage","url":"https:\/\/www.correiobraziliense.com.br\/aqui\/wp-content\/uploads\/2026\/01\/httpsneuralmyth.comstaticcache7ae7a04e-8af4-4cc8-b323-fe35e7608a32.jpeg","contentUrl":"https:\/\/www.correiobraziliense.com.br\/aqui\/wp-content\/uploads\/2026\/01\/httpsneuralmyth.comstaticcache7ae7a04e-8af4-4cc8-b323-fe35e7608a32.jpeg","width":1280,"height":720,"caption":"Cr\u00e9ditos: depositphotos.com \/ pressmaster"},{"@type":"BreadcrumbList","@id":"https:\/\/www.correiobraziliense.com.br\/aqui\/2026\/01\/26\/especialistas-explicam-os-beneficios-cerebrais-de-cuidar-dos-netos\/#breadcrumb","itemListElement":[{"@type":"ListItem","position":1,"name":"In\u00edcio","item":"https:\/\/www.correiobraziliense.com.br\/aqui\/"},{"@type":"ListItem","position":2,"name":"Especialistas explicam os benef\u00edcios cerebrais de cuidar dos netos"}]},{"@type":"WebSite","@id":"https:\/\/www.correiobraziliense.com.br\/aqui\/#website","url":"https:\/\/www.correiobraziliense.com.br\/aqui\/","name":"Correio Braziliense - Aqui","description":"O Correio Braziliense (CB) \u00e9 o mais importante canal de not\u00edcias de Bras\u00edlia. Aqui voc\u00ea encontra as \u00faltimas not\u00edcias do DF, do Brasil e do mundo.","potentialAction":[{"@type":"SearchAction","target":{"@type":"EntryPoint","urlTemplate":"https:\/\/www.correiobraziliense.com.br\/aqui\/?s={search_term_string}"},"query-input":{"@type":"PropertyValueSpecification","valueRequired":true,"valueName":"search_term_string"}}],"inLanguage":"pt-BR"},{"@type":"Person","@id":"https:\/\/www.correiobraziliense.com.br\/aqui\/#\/schema\/person\/5d6e4d99fecc86ab1a7ed1a0369afb65","name":"Lara","image":{"@type":"ImageObject","inLanguage":"pt-BR","@id":"https:\/\/www.correiobraziliense.com.br\/aqui\/#\/schema\/person\/image\/","url":"https:\/\/secure.gravatar.com\/avatar\/57056c5c343a6d8a6669688d3d2c04916d9d280b352b6e50e66a8d39b2517e00?s=96&d=mm&r=g","contentUrl":"https:\/\/secure.gravatar.com\/avatar\/57056c5c343a6d8a6669688d3d2c04916d9d280b352b6e50e66a8d39b2517e00?s=96&d=mm&r=g","caption":"Lara"},"url":"https:\/\/www.correiobraziliense.com.br\/aqui\/author\/laraaqui\/"}]}},"_links":{"self":[{"href":"https:\/\/www.correiobraziliense.com.br\/aqui\/wp-json\/wp\/v2\/posts\/20545","targetHints":{"allow":["GET"]}}],"collection":[{"href":"https:\/\/www.correiobraziliense.com.br\/aqui\/wp-json\/wp\/v2\/posts"}],"about":[{"href":"https:\/\/www.correiobraziliense.com.br\/aqui\/wp-json\/wp\/v2\/types\/post"}],"author":[{"embeddable":true,"href":"https:\/\/www.correiobraziliense.com.br\/aqui\/wp-json\/wp\/v2\/users\/8"}],"replies":[{"embeddable":true,"href":"https:\/\/www.correiobraziliense.com.br\/aqui\/wp-json\/wp\/v2\/comments?post=20545"}],"version-history":[{"count":1,"href":"https:\/\/www.correiobraziliense.com.br\/aqui\/wp-json\/wp\/v2\/posts\/20545\/revisions"}],"predecessor-version":[{"id":20548,"href":"https:\/\/www.correiobraziliense.com.br\/aqui\/wp-json\/wp\/v2\/posts\/20545\/revisions\/20548"}],"wp:featuredmedia":[{"embeddable":true,"href":"https:\/\/www.correiobraziliense.com.br\/aqui\/wp-json\/wp\/v2\/media\/20546"}],"wp:attachment":[{"href":"https:\/\/www.correiobraziliense.com.br\/aqui\/wp-json\/wp\/v2\/media?parent=20545"}],"wp:term":[{"taxonomy":"category","embeddable":true,"href":"https:\/\/www.correiobraziliense.com.br\/aqui\/wp-json\/wp\/v2\/categories?post=20545"},{"taxonomy":"post_tag","embeddable":true,"href":"https:\/\/www.correiobraziliense.com.br\/aqui\/wp-json\/wp\/v2\/tags?post=20545"}],"curies":[{"name":"wp","href":"https:\/\/api.w.org\/{rel}","templated":true}]}}