{"id":20666,"date":"2026-01-27T18:49:00","date_gmt":"2026-01-27T21:49:00","guid":{"rendered":"https:\/\/www.correiobraziliense.com.br\/aqui\/?p=20666"},"modified":"2026-01-27T17:44:33","modified_gmt":"2026-01-27T20:44:33","slug":"imposto-de-renda-2026-o-que-voce-precisa-saber-antes-de-enviar-a-declaracao","status":"publish","type":"post","link":"https:\/\/www.correiobraziliense.com.br\/aqui\/2026\/01\/27\/imposto-de-renda-2026-o-que-voce-precisa-saber-antes-de-enviar-a-declaracao\/","title":{"rendered":"Imposto de Renda 2026: o que voc\u00ea precisa saber antes de enviar a declara\u00e7\u00e3o"},"content":{"rendered":"\n<p>Para entender o Imposto de Renda 2026, o primeiro passo \u00e9 lembrar que a declara\u00e7\u00e3o sempre olha para tr\u00e1s. Em 2026, a Receita Federal vai analisar o que cada contribuinte recebeu, comprou e vendeu ao longo de 2025. Ao mesmo tempo, mudan\u00e7as na tabela do imposto e em regras de tributa\u00e7\u00e3o j\u00e1 come\u00e7aram a valer na rotina de sal\u00e1rios e outros pagamentos, o que pode causar confus\u00e3o em quem mistura ano de recebimento com ano de declara\u00e7\u00e3o.<\/p>\n\n\n\n<p>O ponto que mais chama aten\u00e7\u00e3o \u00e9 a nova faixa de isen\u00e7\u00e3o mensal, prometida para aliviar a carga de quem tem renda mais baixa. Essa mudan\u00e7a, por\u00e9m, atua principalmente no desconto que aparece no contracheque e n\u00e3o \u201capaga\u201d automaticamente a necessidade de prestar contas sobre o que foi ganho antes. Por isso, entender o Imposto de Renda 2026 passa por separar bem tr\u00eas ideias: o que \u00e9 isento m\u00eas a m\u00eas, quem \u00e9 obrigado a declarar e quais rendas passam a ser mais observadas pela Receita.<\/p>\n\n\n\n<h2 class=\"wp-block-heading\">Imposto de Renda 2026: quais s\u00e3o as novas faixas de renda?<\/h2>\n\n\n\n<p>A legisla\u00e7\u00e3o em vigor definiu que, a partir de 2026, <strong><a href=\"https:\/\/www.correiobraziliense.com.br\/aqui\/2025\/12\/17\/abono-salarial-2026-entenda-como-funciona\/\" target=\"_blank\" rel=\"noreferrer noopener\">rendimentos mensais de at\u00e9 R$ 5 mil ficam totalmente isentos na apura\u00e7\u00e3o do imposto na fonte<\/a><\/strong>. Entre R$ 5.000,01 e R$ 7.350, entra em cena um al\u00edvio gradual, por meio de descontos adicionais. Isso significa menos imposto saindo direto do sal\u00e1rio, benef\u00edcio ou pens\u00e3o para quem est\u00e1 nessas faixas. A tabela progressiva tradicional continua existindo, mas \u00e9 combinada com esses redutores.<\/p>\n\n\n\n<p>Para o contribuinte, o reflexo imediato aparece na folha de pagamento: o valor de IR retido tende a cair ou at\u00e9 zerar para parte dos trabalhadores. No entanto, a declara\u00e7\u00e3o do IRPF 2026 ainda vai olhar para o que foi recebido em 2025, quando essas condi\u00e7\u00f5es mais amplas de isen\u00e7\u00e3o n\u00e3o estavam plenamente em vigor. Ou seja, algu\u00e9m que passa a ficar isento na fonte em 2026 pode, ainda assim, ter imposto a pagar ou a restituir na declara\u00e7\u00e3o referente ao ano anterior.<\/p>\n\n\n\n<p>H\u00e1 tamb\u00e9m um refor\u00e7o na tributa\u00e7\u00e3o de rendas mais altas. Lucros e dividendos pagos a pessoas f\u00edsicas, a partir de certos valores mensais por empresa, passam a sofrer reten\u00e7\u00e3o. Al\u00e9m disso, rendas anuais muito elevadas podem ser alcan\u00e7adas por al\u00edquotas m\u00ednimas adicionais, focadas em quem concentra grande volume de ganhos. Essa combina\u00e7\u00e3o desloca parcialmente o peso do imposto para o topo da pir\u00e2mide de renda.<\/p>\n\n\n\n<h2 class=\"wp-block-heading\">Quem \u00e9 obrigado a entregar o IRPF em 2026?<\/h2>\n\n\n\n<p>A amplia\u00e7\u00e3o da isen\u00e7\u00e3o mensal costuma gerar uma d\u00favida recorrente: se n\u00e3o h\u00e1 imposto descontado do sal\u00e1rio, ainda \u00e9 preciso declarar? A resposta depende do conjunto da vida financeira, e n\u00e3o apenas da folha de pagamento. A Receita Federal divulga, a cada ano, uma lista de crit\u00e9rios que definem quem deve enviar a declara\u00e7\u00e3o do Imposto de Renda 2026, baseada em limites de renda, patrim\u00f4nio e tipo de opera\u00e7\u00e3o realizada.<\/p>\n\n\n\n<p>Em linhas gerais, entram na obriga\u00e7\u00e3o pessoas que:<\/p>\n\n\n\n<ul class=\"wp-block-list\">\n<li>receberam rendimentos tribut\u00e1veis, como sal\u00e1rios, aposentadorias e honor\u00e1rios, acima do limite anual fixado para o ano-base 2025;<\/li>\n\n\n\n<li>tiveram rendimentos isentos, n\u00e3o tribut\u00e1veis ou tributados exclusivamente na fonte acima de um valor de refer\u00eancia (exemplo t\u00edpico: certas aplica\u00e7\u00f5es financeiras, indeniza\u00e7\u00f5es e poupan\u00e7a);<\/li>\n\n\n\n<li>venderam bens, como im\u00f3veis e ve\u00edculos, com ganho de capital sujeito a imposto;<\/li>\n\n\n\n<li>fizeram opera\u00e7\u00f5es em Bolsa de Valores ou em outros mercados organizados, ainda que em poucos meses;<\/li>\n\n\n\n<li>possu\u00edam, em 31 de dezembro de 2025, bens e direitos acima do limite patrimonial definido em norma;<\/li>\n\n\n\n<li>atuaram na atividade rural com receita bruta elevada ou queiram compensar preju\u00edzos de anos anteriores.<\/li>\n<\/ul>\n\n\n\n<p>Desse modo, algu\u00e9m enquadrado na nova isen\u00e7\u00e3o mensal pode continuar obrigado a declarar se, por exemplo, tiver um im\u00f3vel de valor alto, receber alugu\u00e9is, operar com a\u00e7\u00f5es ou vender bens com lucro. A avalia\u00e7\u00e3o precisa levar em conta todos esses fatores.<\/p>\n\n\n\n<h2 class=\"wp-block-heading\">Imposto de Renda 2026: como ser\u00e1 o envio da declara\u00e7\u00e3o?<\/h2>\n\n\n\n<p>O calend\u00e1rio oficial da campanha ainda ser\u00e1 divulgado pela Receita, mas a experi\u00eancia de anos recentes indica que o prazo para entrega costuma se concentrar entre mar\u00e7o e o fim de maio. Quem se organiza com anteced\u00eancia, reunindo documentos e informes j\u00e1 no in\u00edcio de 2026, tende a enfrentar menos dificuldades na reta final.<\/p>\n\n\n\n<p>O envio da declara\u00e7\u00e3o do Imposto de Renda 2026 \u00e9 feito exclusivamente por canais digitais oficiais:<\/p>\n\n\n\n<ol class=\"wp-block-list\">\n<li><strong>Programa para computador<\/strong>, dispon\u00edvel no site da Receita, para sistemas Windows, Mac e Linux;<\/li>\n\n\n\n<li><strong>Aplicativo \u201cMeu Imposto de Renda\u201d<\/strong>, em celulares Android e iOS, permitindo preencher e transmitir a declara\u00e7\u00e3o pelo telefone;<\/li>\n\n\n\n<li><strong>Portal e-CAC<\/strong>, acessado com conta Gov.br de n\u00edvel adequado, onde tamb\u00e9m s\u00e3o consultadas pend\u00eancias, malha fina e restitui\u00e7\u00f5es.<\/li>\n<\/ol>\n\n\n\n<p>Em muitos casos, a Receita oferece a declara\u00e7\u00e3o pr\u00e9-preenchida, que importa automaticamente dados enviados por empregadores, bancos, planos de sa\u00fade e outras fontes. Mesmo assim, a confer\u00eancia cuidadosa continua essencial, j\u00e1 que a responsabilidade final pelas informa\u00e7\u00f5es \u00e9 sempre do contribuinte.<\/p>\n\n\n\n<h2 class=\"wp-block-heading\">Quais despesas podem reduzir o imposto devido?<\/h2>\n\n\n\n<p>As dedu\u00e7\u00f5es autorizadas em lei continuam sendo um ponto central para o planejamento do IRPF 2026. Dependentes, gastos com sa\u00fade, educa\u00e7\u00e3o, previd\u00eancia e algumas doa\u00e7\u00f5es incentivadas podem diminuir a base sobre a qual o imposto \u00e9 calculado. Cada tipo de despesa tem regras pr\u00f3prias e, em v\u00e1rios casos, limites anuais espec\u00edficos.<\/p>\n\n\n\n<p>No caso da sa\u00fade, s\u00f3 entram na conta despesas realmente pagas, sem reembolso, total ou parcial, por plano de sa\u00fade ou seguro. Consultas m\u00e9dicas, interna\u00e7\u00f5es, exames, tratamentos odontol\u00f3gicos e psicoterapia, por exemplo, precisam estar documentados por meio de recibos ou notas fiscais com identifica\u00e7\u00e3o completa do profissional ou da institui\u00e7\u00e3o. Valores divergentes em rela\u00e7\u00e3o ao que cl\u00ednicas e hospitais informam \u00e0 Receita costumam gerar questionamentos.<\/p>\n\n\n\n<p>Na educa\u00e7\u00e3o, s\u00e3o aceitas despesas com ensino formal, como escolas de educa\u00e7\u00e3o b\u00e1sica e universidades, dentro de um teto anual por pessoa. Cursos livres, atividades esportivas e outras forma\u00e7\u00f5es em geral n\u00e3o s\u00e3o dedut\u00edveis. J\u00e1 as contribui\u00e7\u00f5es \u00e0 previd\u00eancia oficial e a determinados planos de previd\u00eancia complementar tamb\u00e9m podem ser aproveitadas, respeitados os percentuais m\u00e1ximos definidos em norma.<\/p>\n\n\n\n<h2 class=\"wp-block-heading\">Como se preparar para n\u00e3o cair na malha fina em 2026?<\/h2>\n\n\n\n<p>Erros de digita\u00e7\u00e3o, omiss\u00e3o de rendimentos e uso indevido de dedu\u00e7\u00f5es formam o trio de problemas mais frequentes no Imposto de Renda 2026. A Receita cruza o que o contribuinte declara com informa\u00e7\u00f5es enviadas por empresas, institui\u00e7\u00f5es financeiras, cart\u00f3rios, planos de sa\u00fade e outros \u00f3rg\u00e3os, identificando rapidamente diferen\u00e7as relevantes.<\/p>\n\n\n\n<p>Alguns cuidados ajudam a reduzir esse risco:<\/p>\n\n\n\n<ul class=\"wp-block-list\">\n<li>guardar, ao longo de todo o ano, informes de rendimentos, contratos, recibos e notas fiscais em uma pasta f\u00edsica ou digital;<\/li>\n\n\n\n<li>conferir, na hora de digitar, cada valor com o documento original, especialmente sal\u00e1rios, aposentadorias, aplica\u00e7\u00f5es e alugu\u00e9is;<\/li>\n\n\n\n<li>prestar aten\u00e7\u00e3o redobrada nas despesas m\u00e9dicas e de educa\u00e7\u00e3o, verificando se se enquadram como dedut\u00edveis;<\/li>\n\n\n\n<li>lan\u00e7ar im\u00f3veis, ve\u00edculos e outros bens sempre pelo valor de aquisi\u00e7\u00e3o, sem atualizar para pre\u00e7os de mercado;<\/li>\n\n\n\n<li>acompanhar, pelo e-CAC, se a declara\u00e7\u00e3o foi processada sem apontamentos ou se h\u00e1 pend\u00eancias a resolver.<\/li>\n<\/ul>\n\n\n\n<p>Se a declara\u00e7\u00e3o do Imposto de Renda 2026 for retida para an\u00e1lise, o procedimento mais comum \u00e9 consultar o motivo da reten\u00e7\u00e3o no e-CAC e, quando poss\u00edvel, corrigir as informa\u00e7\u00f5es por meio de uma declara\u00e7\u00e3o retificadora. Ter os documentos organizados facilita a resposta \u00e0 Receita e reduz o tempo necess\u00e1rio para regularizar a situa\u00e7\u00e3o.<\/p>\n\n\n\n<h2 class=\"wp-block-heading\">FAQ sobre Isen\u00e7\u00e3o no Imposto de Renda 2026<\/h2>\n\n\n\n<p><strong>1. Ser isento na tabela mensal significa que nunca pagarei Imposto de Renda?<\/strong><br>Em suma, n\u00e3o. A isen\u00e7\u00e3o na tabela mensal afeta apenas a reten\u00e7\u00e3o na fonte, isto \u00e9, o desconto que aparece no seu contracheque ao longo do ano. Entretanto, na declara\u00e7\u00e3o anual, a Receita considera todos os rendimentos do ano-base e aplica as regras completas, podendo haver imposto a pagar ou a restituir. Portanto, estar isento m\u00eas a m\u00eas n\u00e3o garante, por si s\u00f3, aus\u00eancia total de imposto na declara\u00e7\u00e3o.<\/p>\n\n\n\n<p><strong>2. Como a Receita verifica se eu realmente tenho direito \u00e0 isen\u00e7\u00e3o?<\/strong><br>A Receita cruza informa\u00e7\u00f5es de fontes pagadoras, bancos, planos de sa\u00fade e outros \u00f3rg\u00e3os. Ela compara o que voc\u00ea declara com o que essas entidades informam. Se houver ind\u00edcios de que seus rendimentos superam o limite de isen\u00e7\u00e3o ou de que voc\u00ea omitiu valores, a declara\u00e7\u00e3o pode cair na malha fina. Ent\u00e3o, \u00e9 fundamental declarar tudo corretamente, mesmo quando acredita estar dentro da faixa de isen\u00e7\u00e3o.<\/p>\n\n\n\n<p><strong>3. Aposentados e pensionistas t\u00eam regras espec\u00edficas de isen\u00e7\u00e3o?<\/strong><br>Sim. Aposentados e pensionistas podem ter uma parcela de seus proventos isenta, especialmente a partir de determinada idade ou em situa\u00e7\u00f5es de doen\u00e7as graves previstas em lei. Entretanto, o valor que exceder esses limites pode ser tributado normalmente. Portanto, \u00e9 importante conferir no informe do INSS ou do fundo de pens\u00e3o quanto foi considerado isento e quanto foi tribut\u00e1vel ao longo do ano.<\/p>\n\n\n\n<p><strong>4. Rendimentos de poupan\u00e7a e certos investimentos contam para a isen\u00e7\u00e3o?<\/strong><br>Alguns rendimentos, como os da caderneta de poupan\u00e7a, s\u00e3o isentos de IR na fonte e na declara\u00e7\u00e3o. Isso significa que voc\u00ea n\u00e3o paga imposto sobre eles. Entretanto, mesmo sendo isentos, esses valores podem entrar em crit\u00e9rios de obrigatoriedade de entrega da declara\u00e7\u00e3o, se ultrapassarem determinados limites. Portanto, n\u00e3o confunda \u201crenda isenta\u201d com \u201cdesnecessidade de declarar\u201d: os conceitos se relacionam, mas n\u00e3o s\u00e3o id\u00eanticos.<\/p>\n\n\n\n<p><strong>5. Se eu ficar abaixo da faixa de isen\u00e7\u00e3o em alguns meses e acima em outros, continuo isento?<\/strong><br>Em suma, n\u00e3o. A an\u00e1lise da isen\u00e7\u00e3o mensal \u00e9 feita m\u00eas a m\u00eas, conforme o valor recebido naquele per\u00edodo. Entretanto, na declara\u00e7\u00e3o anual, o c\u00e1lculo considera o total de rendimentos do ano-base. Portanto, ainda que voc\u00ea tenha ficado isento em meses espec\u00edficos, o somat\u00f3rio anual pode coloc\u00e1-lo em situa\u00e7\u00e3o de tributa\u00e7\u00e3o, gerando imposto devido ou a restituir.<\/p>\n\n\n\n<p><strong>6. A isen\u00e7\u00e3o por baixa renda se aplica tamb\u00e9m a ganhos de capital, como venda de im\u00f3vel?<\/strong><br>N\u00e3o. A faixa de isen\u00e7\u00e3o mensal trata, principalmente, de rendimentos do trabalho, aposentadorias e pens\u00f5es. Ganhos de capital, como lucro na venda de im\u00f3veis ou ve\u00edculos, seguem regras pr\u00f3prias de tributa\u00e7\u00e3o, com possibilidade de isen\u00e7\u00e3o apenas em situa\u00e7\u00f5es espec\u00edficas previstas em lei (por exemplo, uso do valor da venda para compra de outro im\u00f3vel residencial dentro de determinado prazo). Portanto, mesmo quem \u00e9 isento na folha de pagamento pode ter imposto a recolher em opera\u00e7\u00f5es de ganho de capital.<\/p>\n\n\n\n<p><strong>7. Quem s\u00f3 recebe bolsa de estudos ou aux\u00edlio, sem carteira assinada, pode ser isento?<\/strong><br>Depende da natureza jur\u00eddica da bolsa ou aux\u00edlio. Alguns benef\u00edcios educacionais e bolsas de pesquisa podem ser considerados isentos, desde que cumpram requisitos legais. Entretanto, outras bolsas s\u00e3o tratadas como rendimentos tribut\u00e1veis, somando-se \u00e0 renda para fins de c\u00e1lculo do IR. Portanto, \u00e9 essencial verificar o informe de rendimentos emitido pela institui\u00e7\u00e3o pagadora para saber se h\u00e1 tributa\u00e7\u00e3o ou isen\u00e7\u00e3o.<\/p>\n\n\n\n<p><strong>8. Posso \u201cme enquadrar\u201d na isen\u00e7\u00e3o dividindo rendimentos entre contas ou CPF de familiares?<\/strong><br>N\u00e3o. Em suma, a isen\u00e7\u00e3o \u00e9 analisada por CPF e pela efetiva titularidade dos rendimentos. Dividir formalmente valores em contas de terceiros, sem que eles sejam os verdadeiros benefici\u00e1rios, pode ser interpretado como tentativa de fraude. Entretanto, familiares que tenham renda pr\u00f3pria, de fato, podem ter direito \u00e0 pr\u00f3pria an\u00e1lise de isen\u00e7\u00e3o. Portanto, busque sempre refletir a realidade nas declara\u00e7\u00f5es, evitando artif\u00edcios que possam gerar autua\u00e7\u00f5es futuras.<\/p>\n\n\n\n<p><strong>9. Como saber, na pr\u00e1tica, se estou dentro da faixa de isen\u00e7\u00e3o mensal?<\/strong><br>O caminho mais simples \u00e9 observar seu contracheque e o informe de rendimentos: se n\u00e3o houver IR retido e sua remunera\u00e7\u00e3o bruta estiver dentro do limite de isen\u00e7\u00e3o da legisla\u00e7\u00e3o vigente, voc\u00ea se encaixa na faixa isenta na fonte. Entretanto, isso n\u00e3o dispensa a verifica\u00e7\u00e3o anual das regras de obrigatoriedade da declara\u00e7\u00e3o. Portanto, ao se aproximar o per\u00edodo de entrega do IR, consulte sempre os limites atualizados divulgados pela Receita Federal.<\/p>\n\n\n\n<p><strong>10. A isen\u00e7\u00e3o na fonte pode mudar no meio do ano?<\/strong><br>Pode. Altera\u00e7\u00f5es na legisla\u00e7\u00e3o ou na tabela do IR podem ser implementadas em qualquer momento, com efeitos a partir da data definida em lei ou regulamento. Entretanto, a declara\u00e7\u00e3o anual continua seguindo as regras aplic\u00e1veis ao ano-base como um todo. Portanto, mudan\u00e7as durante o ano podem gerar situa\u00e7\u00f5es em que parte dos meses teve um padr\u00e3o de tributa\u00e7\u00e3o e outra parte seguiu par\u00e2metros diferentes, exigindo aten\u00e7\u00e3o redobrada ao preencher a declara\u00e7\u00e3o.<\/p>\n","protected":false},"excerpt":{"rendered":"<p>Imposto de Renda 2026: entenda nova faixa de isen\u00e7\u00e3o, regras, prazos e dedu\u00e7\u00f5es para evitar erros, malha fina e multas na declara\u00e7\u00e3o.<\/p>\n","protected":false},"author":8,"featured_media":20667,"comment_status":"open","ping_status":"open","sticky":false,"template":"","format":"standard","meta":{"jnews-multi-image_gallery":[],"jnews_single_post":{"format":"standard"},"jnews_primary_category":[],"jnews_social_meta":[],"jnews_override_counter":[],"footnotes":""},"categories":[154],"tags":[157,6638,6635,6636,6637,6639],"class_list":["post-20666","post","type-post","status-publish","format-standard","has-post-thumbnail","hentry","category-brasil","tag-brasil","tag-declaracao-do-ir","tag-imposto-de-renda","tag-imposto-de-renda-2026","tag-isencao","tag-receita-federal"],"yoast_head":"<!-- This site is optimized with the Yoast SEO plugin v25.1 - https:\/\/yoast.com\/wordpress\/plugins\/seo\/ -->\n<title>Imposto de Renda 2026: o que voc\u00ea precisa saber antes de enviar a declara\u00e7\u00e3o - Correio Braziliense - Aqui<\/title>\n<meta name=\"description\" content=\"Imposto de Renda 2026: entenda nova faixa de isen\u00e7\u00e3o, regras, prazos e dedu\u00e7\u00f5es para evitar erros, malha fina e multas na declara\u00e7\u00e3o.\" \/>\n<meta name=\"robots\" content=\"index, follow, max-snippet:-1, max-image-preview:large, max-video-preview:-1\" \/>\n<link rel=\"canonical\" href=\"https:\/\/www.correiobraziliense.com.br\/aqui\/2026\/01\/27\/imposto-de-renda-2026-o-que-voce-precisa-saber-antes-de-enviar-a-declaracao\/\" \/>\n<meta property=\"og:locale\" content=\"pt_BR\" \/>\n<meta property=\"og:type\" content=\"article\" \/>\n<meta property=\"og:title\" content=\"Imposto de Renda 2026: o que voc\u00ea precisa saber antes de enviar a declara\u00e7\u00e3o - Correio Braziliense - Aqui\" \/>\n<meta property=\"og:description\" content=\"Imposto de Renda 2026: entenda nova faixa de isen\u00e7\u00e3o, regras, prazos e dedu\u00e7\u00f5es para evitar erros, malha fina e multas na declara\u00e7\u00e3o.\" \/>\n<meta property=\"og:url\" content=\"https:\/\/www.correiobraziliense.com.br\/aqui\/2026\/01\/27\/imposto-de-renda-2026-o-que-voce-precisa-saber-antes-de-enviar-a-declaracao\/\" \/>\n<meta property=\"og:site_name\" content=\"Correio Braziliense - Aqui\" \/>\n<meta property=\"article:published_time\" content=\"2026-01-27T21:49:00+00:00\" \/>\n<meta property=\"og:image\" content=\"https:\/\/www.correiobraziliense.com.br\/aqui\/wp-content\/uploads\/2026\/01\/httpsneuralmyth.comstaticcache0ec85393-5c8c-4790-ab8b-e1ff5bc47bf3.jpeg\" \/>\n\t<meta property=\"og:image:width\" content=\"1280\" \/>\n\t<meta property=\"og:image:height\" content=\"720\" \/>\n\t<meta property=\"og:image:type\" content=\"image\/jpeg\" \/>\n<meta name=\"author\" content=\"Lara\" \/>\n<meta name=\"twitter:card\" content=\"summary_large_image\" \/>\n<meta name=\"twitter:label1\" content=\"Escrito por\" \/>\n\t<meta name=\"twitter:data1\" content=\"Lara\" \/>\n\t<meta name=\"twitter:label2\" content=\"Est. tempo de leitura\" \/>\n\t<meta name=\"twitter:data2\" content=\"12 minutos\" \/>\n<!-- \/ Yoast SEO plugin. -->","yoast_head_json":{"title":"Imposto de Renda 2026: o que voc\u00ea precisa saber antes de enviar a declara\u00e7\u00e3o - Correio Braziliense - Aqui","description":"Imposto de Renda 2026: entenda nova faixa de isen\u00e7\u00e3o, regras, prazos e dedu\u00e7\u00f5es para evitar erros, malha fina e multas na declara\u00e7\u00e3o.","robots":{"index":"index","follow":"follow","max-snippet":"max-snippet:-1","max-image-preview":"max-image-preview:large","max-video-preview":"max-video-preview:-1"},"canonical":"https:\/\/www.correiobraziliense.com.br\/aqui\/2026\/01\/27\/imposto-de-renda-2026-o-que-voce-precisa-saber-antes-de-enviar-a-declaracao\/","og_locale":"pt_BR","og_type":"article","og_title":"Imposto de Renda 2026: o que voc\u00ea precisa saber antes de enviar a declara\u00e7\u00e3o - Correio Braziliense - Aqui","og_description":"Imposto de Renda 2026: entenda nova faixa de isen\u00e7\u00e3o, regras, prazos e dedu\u00e7\u00f5es para evitar erros, malha fina e multas na declara\u00e7\u00e3o.","og_url":"https:\/\/www.correiobraziliense.com.br\/aqui\/2026\/01\/27\/imposto-de-renda-2026-o-que-voce-precisa-saber-antes-de-enviar-a-declaracao\/","og_site_name":"Correio Braziliense - Aqui","article_published_time":"2026-01-27T21:49:00+00:00","og_image":[{"width":1280,"height":720,"url":"https:\/\/www.correiobraziliense.com.br\/aqui\/wp-content\/uploads\/2026\/01\/httpsneuralmyth.comstaticcache0ec85393-5c8c-4790-ab8b-e1ff5bc47bf3.jpeg","type":"image\/jpeg"}],"author":"Lara","twitter_card":"summary_large_image","twitter_misc":{"Escrito por":"Lara","Est. tempo de leitura":"12 minutos"},"schema":{"@context":"https:\/\/schema.org","@graph":[{"@type":"WebPage","@id":"https:\/\/www.correiobraziliense.com.br\/aqui\/2026\/01\/27\/imposto-de-renda-2026-o-que-voce-precisa-saber-antes-de-enviar-a-declaracao\/","url":"https:\/\/www.correiobraziliense.com.br\/aqui\/2026\/01\/27\/imposto-de-renda-2026-o-que-voce-precisa-saber-antes-de-enviar-a-declaracao\/","name":"Imposto de Renda 2026: o que voc\u00ea precisa saber antes de enviar a declara\u00e7\u00e3o - Correio Braziliense - Aqui","isPartOf":{"@id":"https:\/\/www.correiobraziliense.com.br\/aqui\/#website"},"primaryImageOfPage":{"@id":"https:\/\/www.correiobraziliense.com.br\/aqui\/2026\/01\/27\/imposto-de-renda-2026-o-que-voce-precisa-saber-antes-de-enviar-a-declaracao\/#primaryimage"},"image":{"@id":"https:\/\/www.correiobraziliense.com.br\/aqui\/2026\/01\/27\/imposto-de-renda-2026-o-que-voce-precisa-saber-antes-de-enviar-a-declaracao\/#primaryimage"},"thumbnailUrl":"https:\/\/www.correiobraziliense.com.br\/aqui\/wp-content\/uploads\/2026\/01\/httpsneuralmyth.comstaticcache0ec85393-5c8c-4790-ab8b-e1ff5bc47bf3.jpeg","datePublished":"2026-01-27T21:49:00+00:00","author":{"@id":"https:\/\/www.correiobraziliense.com.br\/aqui\/#\/schema\/person\/5d6e4d99fecc86ab1a7ed1a0369afb65"},"description":"Imposto de Renda 2026: entenda nova faixa de isen\u00e7\u00e3o, regras, prazos e dedu\u00e7\u00f5es para evitar erros, malha fina e multas na declara\u00e7\u00e3o.","breadcrumb":{"@id":"https:\/\/www.correiobraziliense.com.br\/aqui\/2026\/01\/27\/imposto-de-renda-2026-o-que-voce-precisa-saber-antes-de-enviar-a-declaracao\/#breadcrumb"},"inLanguage":"pt-BR","potentialAction":[{"@type":"ReadAction","target":["https:\/\/www.correiobraziliense.com.br\/aqui\/2026\/01\/27\/imposto-de-renda-2026-o-que-voce-precisa-saber-antes-de-enviar-a-declaracao\/"]}]},{"@type":"ImageObject","inLanguage":"pt-BR","@id":"https:\/\/www.correiobraziliense.com.br\/aqui\/2026\/01\/27\/imposto-de-renda-2026-o-que-voce-precisa-saber-antes-de-enviar-a-declaracao\/#primaryimage","url":"https:\/\/www.correiobraziliense.com.br\/aqui\/wp-content\/uploads\/2026\/01\/httpsneuralmyth.comstaticcache0ec85393-5c8c-4790-ab8b-e1ff5bc47bf3.jpeg","contentUrl":"https:\/\/www.correiobraziliense.com.br\/aqui\/wp-content\/uploads\/2026\/01\/httpsneuralmyth.comstaticcache0ec85393-5c8c-4790-ab8b-e1ff5bc47bf3.jpeg","width":1280,"height":720,"caption":"Cr\u00e9ditos: depositphotos.com \/ BrendaRochaBlossom"},{"@type":"BreadcrumbList","@id":"https:\/\/www.correiobraziliense.com.br\/aqui\/2026\/01\/27\/imposto-de-renda-2026-o-que-voce-precisa-saber-antes-de-enviar-a-declaracao\/#breadcrumb","itemListElement":[{"@type":"ListItem","position":1,"name":"In\u00edcio","item":"https:\/\/www.correiobraziliense.com.br\/aqui\/"},{"@type":"ListItem","position":2,"name":"Imposto de Renda 2026: o que voc\u00ea precisa saber antes de enviar a declara\u00e7\u00e3o"}]},{"@type":"WebSite","@id":"https:\/\/www.correiobraziliense.com.br\/aqui\/#website","url":"https:\/\/www.correiobraziliense.com.br\/aqui\/","name":"Correio Braziliense - Aqui","description":"O Correio Braziliense (CB) \u00e9 o mais importante canal de not\u00edcias de Bras\u00edlia. Aqui voc\u00ea encontra as \u00faltimas not\u00edcias do DF, do Brasil e do mundo.","potentialAction":[{"@type":"SearchAction","target":{"@type":"EntryPoint","urlTemplate":"https:\/\/www.correiobraziliense.com.br\/aqui\/?s={search_term_string}"},"query-input":{"@type":"PropertyValueSpecification","valueRequired":true,"valueName":"search_term_string"}}],"inLanguage":"pt-BR"},{"@type":"Person","@id":"https:\/\/www.correiobraziliense.com.br\/aqui\/#\/schema\/person\/5d6e4d99fecc86ab1a7ed1a0369afb65","name":"Lara","image":{"@type":"ImageObject","inLanguage":"pt-BR","@id":"https:\/\/www.correiobraziliense.com.br\/aqui\/#\/schema\/person\/image\/","url":"https:\/\/secure.gravatar.com\/avatar\/57056c5c343a6d8a6669688d3d2c04916d9d280b352b6e50e66a8d39b2517e00?s=96&d=mm&r=g","contentUrl":"https:\/\/secure.gravatar.com\/avatar\/57056c5c343a6d8a6669688d3d2c04916d9d280b352b6e50e66a8d39b2517e00?s=96&d=mm&r=g","caption":"Lara"},"url":"https:\/\/www.correiobraziliense.com.br\/aqui\/author\/laraaqui\/"}]}},"_links":{"self":[{"href":"https:\/\/www.correiobraziliense.com.br\/aqui\/wp-json\/wp\/v2\/posts\/20666","targetHints":{"allow":["GET"]}}],"collection":[{"href":"https:\/\/www.correiobraziliense.com.br\/aqui\/wp-json\/wp\/v2\/posts"}],"about":[{"href":"https:\/\/www.correiobraziliense.com.br\/aqui\/wp-json\/wp\/v2\/types\/post"}],"author":[{"embeddable":true,"href":"https:\/\/www.correiobraziliense.com.br\/aqui\/wp-json\/wp\/v2\/users\/8"}],"replies":[{"embeddable":true,"href":"https:\/\/www.correiobraziliense.com.br\/aqui\/wp-json\/wp\/v2\/comments?post=20666"}],"version-history":[{"count":1,"href":"https:\/\/www.correiobraziliense.com.br\/aqui\/wp-json\/wp\/v2\/posts\/20666\/revisions"}],"predecessor-version":[{"id":20669,"href":"https:\/\/www.correiobraziliense.com.br\/aqui\/wp-json\/wp\/v2\/posts\/20666\/revisions\/20669"}],"wp:featuredmedia":[{"embeddable":true,"href":"https:\/\/www.correiobraziliense.com.br\/aqui\/wp-json\/wp\/v2\/media\/20667"}],"wp:attachment":[{"href":"https:\/\/www.correiobraziliense.com.br\/aqui\/wp-json\/wp\/v2\/media?parent=20666"}],"wp:term":[{"taxonomy":"category","embeddable":true,"href":"https:\/\/www.correiobraziliense.com.br\/aqui\/wp-json\/wp\/v2\/categories?post=20666"},{"taxonomy":"post_tag","embeddable":true,"href":"https:\/\/www.correiobraziliense.com.br\/aqui\/wp-json\/wp\/v2\/tags?post=20666"}],"curies":[{"name":"wp","href":"https:\/\/api.w.org\/{rel}","templated":true}]}}