{"id":20736,"date":"2026-01-28T18:00:15","date_gmt":"2026-01-28T21:00:15","guid":{"rendered":"https:\/\/www.correiobraziliense.com.br\/aqui\/?p=20736"},"modified":"2026-01-28T18:00:18","modified_gmt":"2026-01-28T21:00:18","slug":"cafe-como-pre-treino-saiba-a-forma-correta-de-consumir","status":"publish","type":"post","link":"https:\/\/www.correiobraziliense.com.br\/aqui\/2026\/01\/28\/cafe-como-pre-treino-saiba-a-forma-correta-de-consumir\/","title":{"rendered":"Caf\u00e9 como pr\u00e9-treino: saiba a forma correta de consumir"},"content":{"rendered":"<p>Entre praticantes de atividade f\u00edsica, o caf\u00e9 deixou de ser apenas um h\u00e1bito matinal e passou a ser visto como um poss\u00edvel aliado de desempenho. A presen\u00e7a de cafe\u00edna em grande quantidade, somada ao f\u00e1cil acesso e ao baixo custo, faz com que a bebida esteja cada vez mais presente no pr\u00e9-treino de quem busca mais disposi\u00e7\u00e3o. Nesse cen\u00e1rio, cresce o interesse em saber qual seria a dose m\u00ednima de caf\u00e9 capaz de gerar efeitos reais no corpo antes do exerc\u00edcio e, portanto, qual a melhor maneira de aproveitar esse recurso no dia a dia.<\/p>\n<p>Estudos recentes, conduzidos por pesquisadores como o cientista Jozo Grcic e sua equipe, t\u00eam buscado responder a essa quest\u00e3o com base em evid\u00eancias cient\u00edficas. Em vez de indicar apenas \u201cmais energia\u201d, os especialistas analisam par\u00e2metros como for\u00e7a, resist\u00eancia, percep\u00e7\u00e3o de esfor\u00e7o e tempo de rea\u00e7\u00e3o. A partir desses dados, a bebida passa a ser avaliada quase como um recurso ergog\u00eanico, ou seja, uma ferramenta de apoio ao rendimento f\u00edsico. Em suma, o caf\u00e9 deixa de ser s\u00f3 um h\u00e1bito social e se torna parte estrat\u00e9gica do planejamento de treinos, especialmente para quem busca otimizar resultados sem recorrer imediatamente a suplementos industrializados.<\/p>\n<h2>O que \u00e9 pr\u00e9-treino com caf\u00e9 e como ele atua no corpo?<\/h2>\n<p>O chamado pr\u00e9-treino com caf\u00e9 consiste no consumo planejado da bebida, geralmente de 30 a 60 minutos antes do exerc\u00edcio. A inten\u00e7\u00e3o \u00e9 aproveitar o pico de a\u00e7\u00e3o da <strong>cafe\u00edna<\/strong> na corrente sangu\u00ednea, per\u00edodo em que o sistema nervoso central tende a ficar mais alerta. Nessa fase, a subst\u00e2ncia atua bloqueando receptores de adenosina, ligados \u00e0 sensa\u00e7\u00e3o de cansa\u00e7o, o que pode reduzir a fadiga durante o treino e, portanto, melhorar a disposi\u00e7\u00e3o f\u00edsica e mental. Ent\u00e3o, o praticante percebe que consegue \u201cempurrar\u201d um pouco mais cada s\u00e9rie, cada quil\u00f4metro ou cada repeti\u00e7\u00e3o.<\/p>\n<p>Al\u00e9m de afetar a percep\u00e7\u00e3o de esfor\u00e7o, a cafe\u00edna influencia a mobiliza\u00e7\u00e3o de gorduras como fonte de energia, permitindo que o organismo poupe parte do glicog\u00eanio muscular. Para quem realiza treinos longos ou de alta intensidade, isso pode representar alguns minutos a mais de desempenho est\u00e1vel e, em alguns casos, at\u00e9 atrasar a sensa\u00e7\u00e3o de \u201cquebra\u201d durante provas ou sess\u00f5es mais pesadas. A bebida ainda est\u00e1 associada a maior capacidade de foco, algo relevante tanto para esportes de precis\u00e3o quanto para treinos em academias; entretanto, essa melhora de foco varia muito conforme o n\u00edvel de toler\u00e2ncia e o hor\u00e1rio de consumo.<\/p>\n<p>Al\u00e9m disso, estudos recentes apontam que a cafe\u00edna tamb\u00e9m pode influenciar a libera\u00e7\u00e3o de neurotransmissores como dopamina e noradrenalina, o que, em suma, contribui para sensa\u00e7\u00e3o de motiva\u00e7\u00e3o e vigil\u00e2ncia. Portanto, o caf\u00e9 no pr\u00e9-treino n\u00e3o atua apenas no corpo, mas tamb\u00e9m no comportamento, favorecendo concentra\u00e7\u00e3o em treinos t\u00e9cnicos e ajudando algumas pessoas a se sentirem mais dispostas para iniciar a pr\u00e1tica f\u00edsica em dias de maior cansa\u00e7o.<\/p>\n<h2>Qual a dose m\u00ednima ideal de caf\u00e9 no pr\u00e9-treino?<\/h2>\n<p>A pergunta mais comum envolve a <strong>dose m\u00ednima de caf\u00e9 no pr\u00e9-treino<\/strong> para que a pessoa perceba algum efeito pr\u00e1tico. Pesquisas atuais indicam que, em vez de grandes quantidades, pequenas doses j\u00e1 podem ser suficientes para parte da popula\u00e7\u00e3o. Em muitos estudos, a quantidade de cafe\u00edna utilizada varia entre 3 mg e 6 mg por quilo de peso corporal, por\u00e9m evid\u00eancias mais recentes sugerem que valores menores podem gerar respostas positivas, especialmente em indiv\u00edduos mais sens\u00edveis \u00e0 subst\u00e2ncia. Ent\u00e3o, nem sempre \u00e9 necess\u00e1rio exagerar na x\u00edcara para conquistar um bom efeito ergog\u00eanico.<\/p>\n<p>Convertendo esses n\u00fameros para a realidade da x\u00edcara, considera-se, em m\u00e9dia, de 80 mg a 100 mg de cafe\u00edna em uma x\u00edcara padr\u00e3o de caf\u00e9 coado. Assim, em algumas situa\u00e7\u00f5es, de 1 a 2 x\u00edcaras consumidas antes da sess\u00e3o de treino j\u00e1 podem provocar mudan\u00e7as na sensa\u00e7\u00e3o de disposi\u00e7\u00e3o. Entretanto, a quantidade de cafe\u00edna varia conforme o tipo de gr\u00e3o, o m\u00e9todo de preparo (espresso, coado, prensa francesa) e o tamanho da x\u00edcara, portanto esses valores servem apenas como refer\u00eancia geral.<\/p>\n<p>Em suma, definir a dose m\u00ednima passa por uma combina\u00e7\u00e3o de ci\u00eancia e autoconhecimento. Portanto, a pessoa precisa observar como reage ao caf\u00e9 no dia a dia e, ent\u00e3o, ajustar gradualmente a quantidade antes do treino, evitando ultrapassar o limite de seguran\u00e7a sugerido por \u00f3rg\u00e3os de sa\u00fade, que costuma girar em torno de 3 a 6 mg\/kg\/dia para adultos saud\u00e1veis, dependendo da fonte e da individualidade.<\/p>\n<ul>\n<li>Indiv\u00edduos habituados ao caf\u00e9 podem precisar de doses um pouco maiores para sentir o mesmo efeito.<\/li>\n<li>Pessoas sens\u00edveis \u00e0 cafe\u00edna tendem a responder bem a quantidades menores.<\/li>\n<li>O hor\u00e1rio do treino, principalmente \u00e0 noite, pode exigir cautela para n\u00e3o prejudicar o sono.<\/li>\n<\/ul>\n<p>Al\u00e9m desses pontos, vale lembrar que fatores gen\u00e9ticos influenciam a velocidade de metaboliza\u00e7\u00e3o da cafe\u00edna no f\u00edgado. Portanto, enquanto algumas pessoas metabolizam a subst\u00e2ncia rapidamente e toleram doses mais altas, outras sentem palpita\u00e7\u00f5es e ins\u00f4nia mesmo com pequenas quantidades. Em suma, a \u201cdose m\u00ednima ideal\u201d \u00e9 um intervalo sugerido pela ci\u00eancia, mas a melhor dose individual depende de testes cuidadosos e, sempre que poss\u00edvel, de orienta\u00e7\u00e3o de um nutricionista ou m\u00e9dico.<\/p>\n<h2>Como usar o caf\u00e9 antes do treino de forma segura?<\/h2>\n<p>Apesar dos potenciais benef\u00edcios, o uso de caf\u00e9 no pr\u00e9-treino pede planejamento. Especialistas costumam recomendar que o consumo ocorra entre 30 e 60 minutos antes da atividade, tempo m\u00e9dio necess\u00e1rio para a absor\u00e7\u00e3o da cafe\u00edna. Ajustar a quantidade gradualmente, observando respostas como nervosismo, palpita\u00e7\u00f5es ou desconforto gastrointestinal, ajuda a encontrar o ponto ideal para cada pessoa. Portanto, come\u00e7ar devagar e ouvir o pr\u00f3prio corpo se torna uma estrat\u00e9gia fundamental.<\/p>\n<ol>\n<li>Come\u00e7ar com meia x\u00edcara a uma x\u00edcara de caf\u00e9 antes do treino.<\/li>\n<li>Acompanhar sinais do corpo, como qualidade do sono e n\u00edvel de agita\u00e7\u00e3o.<\/li>\n<li>Aumentar a dose apenas se n\u00e3o houver efeitos indesejados.<\/li>\n<li>Evitar combinar grandes quantidades de caf\u00e9 com outros pr\u00e9-treinos estimulantes.<\/li>\n<\/ol>\n<p>Outro aspecto relevante \u00e9 a hidrata\u00e7\u00e3o. Por ser uma bebida diur\u00e9tica em algumas pessoas, o caf\u00e9 n\u00e3o substitui o consumo de \u00e1gua ou de outras fontes de l\u00edquidos. Manter a ingest\u00e3o adequada de \u00e1gua ao longo do dia continua sendo fundamental para um treino eficiente e seguro. Em suma, o caf\u00e9 entra como complemento e n\u00e3o como substituto de boas pr\u00e1ticas b\u00e1sicas, como hidrata\u00e7\u00e3o, alimenta\u00e7\u00e3o equilibrada e descanso.<\/p>\n<p>Al\u00e9m disso, escolher o \u201cve\u00edculo\u201d do caf\u00e9 importa. Portanto, quando o objetivo \u00e9 desempenho e sa\u00fade, optar por caf\u00e9 sem excesso de a\u00e7\u00facar, sem grandes quantidades de creme ou coberturas cal\u00f3ricas faz mais sentido. Ent\u00e3o, um caf\u00e9 preto ou com pequena quantidade de leite tende a ser melhor op\u00e7\u00e3o para quem deseja aproveitar o efeito ergog\u00eanico sem adicionar muitas calorias desnecess\u00e1rias, principalmente em estrat\u00e9gias de perda de peso.<\/p>\n<h2>O caf\u00e9 \u00e9 adequado para todo tipo de praticante?<\/h2>\n<p>Mesmo com dados promissores sobre a <strong>cafe\u00edna no esporte<\/strong>, o caf\u00e9 pr\u00e9-treino n\u00e3o \u00e9 indicado de forma universal. Pessoas com hist\u00f3rico de doen\u00e7as cardiovasculares, gastrite, refluxo ou sensibilidade elevada a estimulantes precisam de avalia\u00e7\u00e3o profissional antes de incluir a bebida em estrat\u00e9gias de desempenho. Em alguns casos, a redu\u00e7\u00e3o da dose ou a escolha de outro recurso ergog\u00eanico pode ser mais adequada. Portanto, a decis\u00e3o deve considerar o contexto cl\u00ednico, o tipo de treino e os objetivos individuais.<\/p>\n<p>Tamb\u00e9m \u00e9 importante lembrar que o caf\u00e9 n\u00e3o substitui pilares como treinamento bem estruturado, alimenta\u00e7\u00e3o equilibrada e descanso suficiente. A bebida pode atuar como um complemento, oferecendo um refor\u00e7o pontual de alerta e disposi\u00e7\u00e3o, mas n\u00e3o compensa falta de preparo f\u00edsico ou excesso de carga. Em suma, quem busca evolu\u00e7\u00e3o consistente precisa priorizar const\u00e2ncia, boa periodiza\u00e7\u00e3o e recupera\u00e7\u00e3o adequada; ent\u00e3o, o caf\u00e9 entra apenas como um detalhe a mais dentro de um plano maior de sa\u00fade e performance.<\/p>\n<p>Entretanto, para praticantes recreativos que gostam da bebida, o caf\u00e9 pr\u00e9-treino pode unir prazer e funcionalidade, tornando o ritual de prepara\u00e7\u00e3o para o exerc\u00edcio mais agrad\u00e1vel e motivador. Portanto, quando usado com cautela e orientado por informa\u00e7\u00e3o de qualidade, o caf\u00e9 pr\u00e9-treino tende a ser mais um recurso dentro de um conjunto maior de cuidados com a sa\u00fade e com a pr\u00e1tica esportiva.<\/p>\n<h2>FAQ \u2013 Perguntas frequentes sobre caf\u00e9 e pr\u00e9-treino<\/h2>\n<p><strong>1. Tomar caf\u00e9 em jejum antes do treino faz mal?<\/strong><br \/>\nEm suma, a resposta depende da sensibilidade individual. Algumas pessoas toleram bem o caf\u00e9 em jejum e relatam mais disposi\u00e7\u00e3o, enquanto outras sentem queima\u00e7\u00e3o, enjoo ou tremores. Portanto, se voc\u00ea tem gastrite, refluxo ou hist\u00f3rico de desconforto g\u00e1strico, \u00e9 mais seguro consumir o caf\u00e9 junto com um lanche leve, como uma fruta ou uma fonte de carboidrato de f\u00e1cil digest\u00e3o.<\/p>\n<p><strong>2. Caf\u00e9 ajuda a emagrecer quando usado como pr\u00e9-treino?<\/strong><br \/>\nO caf\u00e9 n\u00e3o emagrece sozinho, entretanto ele pode contribuir indiretamente. A cafe\u00edna aumenta o estado de alerta, pode melhorar o desempenho no treino e favorecer ligeiro aumento do gasto energ\u00e9tico. Ent\u00e3o, se o caf\u00e9 ajuda voc\u00ea a treinar com mais consist\u00eancia e intensidade, ele pode apoiar estrat\u00e9gias de perda de gordura, desde que a alimenta\u00e7\u00e3o e o balan\u00e7o cal\u00f3rico estejam adequados.<\/p>\n<p><strong>3. Posso usar caf\u00e9 no pr\u00e9-treino todos os dias?<\/strong><br \/>\nPode, desde que voc\u00ea n\u00e3o ultrapasse a quantidade di\u00e1ria recomendada de cafe\u00edna e n\u00e3o note preju\u00edzos no sono, na ansiedade ou na sa\u00fade digestiva. Entretanto, o uso di\u00e1rio tende a aumentar a toler\u00e2ncia, reduzindo um pouco o efeito estimulante. Portanto, algumas pessoas escolhem fazer \u201cpausas\u201d estrat\u00e9gicas ou reduzir o consumo em dias sem treino intenso, para preservar a sensibilidade \u00e0 cafe\u00edna.<\/p>\n<p><strong>4. Caf\u00e9 descafeinado serve como pr\u00e9-treino?<\/strong><br \/>\nO caf\u00e9 descafeinado cont\u00e9m quantidades muito menores de cafe\u00edna, ent\u00e3o o efeito ergog\u00eanico \u00e9 bem reduzido. Em suma, ele pode oferecer benef\u00edcios por causa de antioxidantes presentes no caf\u00e9, mas n\u00e3o costuma gerar o mesmo aumento de alerta e desempenho. Portanto, se o objetivo principal \u00e9 usar a cafe\u00edna como recurso ergog\u00eanico, o caf\u00e9 comum costuma ser mais indicado.<\/p>\n<p><strong>5. \u00c9 melhor tomar caf\u00e9 ou suplemento de cafe\u00edna em c\u00e1psulas?<\/strong><br \/>\nAs duas op\u00e7\u00f5es podem funcionar, mas por motivos diferentes. O caf\u00e9 oferece cafe\u00edna junto com compostos bioativos e, ent\u00e3o, entra tamb\u00e9m como alimento prazeroso, social e relativamente acess\u00edvel. As c\u00e1psulas, por outro lado, permitem controle exato da dose e n\u00e3o dependem do m\u00e9todo de preparo. Entretanto, nem todos se adaptam bem \u00e0s c\u00e1psulas e alguns preferem a experi\u00eancia da bebida. Portanto, a escolha ideal depende da sua rotina, do seu paladar, do controle de dose desejado e da orienta\u00e7\u00e3o de um profissional de sa\u00fade.<\/p>\n","protected":false},"excerpt":{"rendered":"<p>Entre praticantes de atividade f\u00edsica, o caf\u00e9 deixou de ser apenas um h\u00e1bito matinal e passou a ser visto como um poss\u00edvel aliado de desempenho. A presen\u00e7a de cafe\u00edna em grande quantidade, somada ao f\u00e1cil acesso e ao baixo custo, faz com que a bebida esteja cada vez mais presente no pr\u00e9-treino de quem busca [&hellip;]<\/p>\n","protected":false},"author":9,"featured_media":20738,"comment_status":"open","ping_status":"open","sticky":false,"template":"","format":"standard","meta":{"jnews-multi-image_gallery":[],"jnews_single_post":{"format":"standard"},"jnews_primary_category":[],"jnews_social_meta":[],"jnews_override_counter":[],"footnotes":""},"categories":[123],"tags":[4111,6670,952,6669,141],"class_list":["post-20736","post","type-post","status-publish","format-standard","has-post-thumbnail","hentry","category-saude","tag-academia","tag-bem-estar-2","tag-cafe","tag-pre-treino-2","tag-saude"],"yoast_head":"<!-- This site is optimized with the Yoast SEO plugin v25.1 - https:\/\/yoast.com\/wordpress\/plugins\/seo\/ -->\n<title>Caf\u00e9 como pr\u00e9-treino: saiba a forma correta de consumir - Correio Braziliense - Aqui<\/title>\n<meta name=\"description\" content=\"Caf\u00e9 pr\u00e9-treino: descubra a dose m\u00ednima ideal de cafe\u00edna para aumentar desempenho, energia e foco com seguran\u00e7a nos seus exerc\u00edcios.\" \/>\n<meta name=\"robots\" content=\"index, follow, max-snippet:-1, max-image-preview:large, max-video-preview:-1\" \/>\n<link rel=\"canonical\" href=\"https:\/\/www.correiobraziliense.com.br\/aqui\/2026\/01\/28\/cafe-como-pre-treino-saiba-a-forma-correta-de-consumir\/\" \/>\n<meta property=\"og:locale\" content=\"pt_BR\" \/>\n<meta property=\"og:type\" content=\"article\" \/>\n<meta property=\"og:title\" content=\"Caf\u00e9 como pr\u00e9-treino: saiba a forma correta de consumir - Correio Braziliense - Aqui\" \/>\n<meta property=\"og:description\" content=\"Caf\u00e9 pr\u00e9-treino: descubra a dose m\u00ednima ideal de cafe\u00edna para aumentar desempenho, energia e foco com seguran\u00e7a nos seus exerc\u00edcios.\" \/>\n<meta property=\"og:url\" content=\"https:\/\/www.correiobraziliense.com.br\/aqui\/2026\/01\/28\/cafe-como-pre-treino-saiba-a-forma-correta-de-consumir\/\" \/>\n<meta property=\"og:site_name\" content=\"Correio Braziliense - Aqui\" \/>\n<meta property=\"article:published_time\" content=\"2026-01-28T21:00:15+00:00\" \/>\n<meta property=\"article:modified_time\" content=\"2026-01-28T21:00:18+00:00\" \/>\n<meta property=\"og:image\" content=\"https:\/\/www.correiobraziliense.com.br\/aqui\/wp-content\/uploads\/2026\/01\/cafe_1769633981084.jpg\" \/>\n\t<meta property=\"og:image:width\" content=\"1280\" \/>\n\t<meta property=\"og:image:height\" content=\"720\" \/>\n\t<meta property=\"og:image:type\" content=\"image\/jpeg\" \/>\n<meta name=\"author\" content=\"Lucas\" \/>\n<meta name=\"twitter:card\" content=\"summary_large_image\" \/>\n<meta name=\"twitter:label1\" content=\"Escrito por\" \/>\n\t<meta name=\"twitter:data1\" content=\"Lucas\" \/>\n\t<meta name=\"twitter:label2\" content=\"Est. tempo de leitura\" \/>\n\t<meta name=\"twitter:data2\" content=\"10 minutos\" \/>\n<!-- \/ Yoast SEO plugin. -->","yoast_head_json":{"title":"Caf\u00e9 como pr\u00e9-treino: saiba a forma correta de consumir - Correio Braziliense - Aqui","description":"Caf\u00e9 pr\u00e9-treino: descubra a dose m\u00ednima ideal de cafe\u00edna para aumentar desempenho, energia e foco com seguran\u00e7a nos seus exerc\u00edcios.","robots":{"index":"index","follow":"follow","max-snippet":"max-snippet:-1","max-image-preview":"max-image-preview:large","max-video-preview":"max-video-preview:-1"},"canonical":"https:\/\/www.correiobraziliense.com.br\/aqui\/2026\/01\/28\/cafe-como-pre-treino-saiba-a-forma-correta-de-consumir\/","og_locale":"pt_BR","og_type":"article","og_title":"Caf\u00e9 como pr\u00e9-treino: saiba a forma correta de consumir - Correio Braziliense - Aqui","og_description":"Caf\u00e9 pr\u00e9-treino: descubra a dose m\u00ednima ideal de cafe\u00edna para aumentar desempenho, energia e foco com seguran\u00e7a nos seus exerc\u00edcios.","og_url":"https:\/\/www.correiobraziliense.com.br\/aqui\/2026\/01\/28\/cafe-como-pre-treino-saiba-a-forma-correta-de-consumir\/","og_site_name":"Correio Braziliense - Aqui","article_published_time":"2026-01-28T21:00:15+00:00","article_modified_time":"2026-01-28T21:00:18+00:00","og_image":[{"width":1280,"height":720,"url":"https:\/\/www.correiobraziliense.com.br\/aqui\/wp-content\/uploads\/2026\/01\/cafe_1769633981084.jpg","type":"image\/jpeg"}],"author":"Lucas","twitter_card":"summary_large_image","twitter_misc":{"Escrito por":"Lucas","Est. tempo de leitura":"10 minutos"},"schema":{"@context":"https:\/\/schema.org","@graph":[{"@type":"WebPage","@id":"https:\/\/www.correiobraziliense.com.br\/aqui\/2026\/01\/28\/cafe-como-pre-treino-saiba-a-forma-correta-de-consumir\/","url":"https:\/\/www.correiobraziliense.com.br\/aqui\/2026\/01\/28\/cafe-como-pre-treino-saiba-a-forma-correta-de-consumir\/","name":"Caf\u00e9 como pr\u00e9-treino: saiba a forma correta de consumir - Correio Braziliense - Aqui","isPartOf":{"@id":"https:\/\/www.correiobraziliense.com.br\/aqui\/#website"},"primaryImageOfPage":{"@id":"https:\/\/www.correiobraziliense.com.br\/aqui\/2026\/01\/28\/cafe-como-pre-treino-saiba-a-forma-correta-de-consumir\/#primaryimage"},"image":{"@id":"https:\/\/www.correiobraziliense.com.br\/aqui\/2026\/01\/28\/cafe-como-pre-treino-saiba-a-forma-correta-de-consumir\/#primaryimage"},"thumbnailUrl":"https:\/\/www.correiobraziliense.com.br\/aqui\/wp-content\/uploads\/2026\/01\/cafe_1769633981084.jpg","datePublished":"2026-01-28T21:00:15+00:00","dateModified":"2026-01-28T21:00:18+00:00","author":{"@id":"https:\/\/www.correiobraziliense.com.br\/aqui\/#\/schema\/person\/36d094a725ba56bbeb370a877862a002"},"description":"Caf\u00e9 pr\u00e9-treino: descubra a dose m\u00ednima ideal de cafe\u00edna para aumentar desempenho, energia e foco com seguran\u00e7a nos seus exerc\u00edcios.","breadcrumb":{"@id":"https:\/\/www.correiobraziliense.com.br\/aqui\/2026\/01\/28\/cafe-como-pre-treino-saiba-a-forma-correta-de-consumir\/#breadcrumb"},"inLanguage":"pt-BR","potentialAction":[{"@type":"ReadAction","target":["https:\/\/www.correiobraziliense.com.br\/aqui\/2026\/01\/28\/cafe-como-pre-treino-saiba-a-forma-correta-de-consumir\/"]}]},{"@type":"ImageObject","inLanguage":"pt-BR","@id":"https:\/\/www.correiobraziliense.com.br\/aqui\/2026\/01\/28\/cafe-como-pre-treino-saiba-a-forma-correta-de-consumir\/#primaryimage","url":"https:\/\/www.correiobraziliense.com.br\/aqui\/wp-content\/uploads\/2026\/01\/cafe_1769633981084.jpg","contentUrl":"https:\/\/www.correiobraziliense.com.br\/aqui\/wp-content\/uploads\/2026\/01\/cafe_1769633981084.jpg","width":1280,"height":720,"caption":"Cr\u00e9ditos: depositphotos.com \/ AntonMatyukha"},{"@type":"BreadcrumbList","@id":"https:\/\/www.correiobraziliense.com.br\/aqui\/2026\/01\/28\/cafe-como-pre-treino-saiba-a-forma-correta-de-consumir\/#breadcrumb","itemListElement":[{"@type":"ListItem","position":1,"name":"In\u00edcio","item":"https:\/\/www.correiobraziliense.com.br\/aqui\/"},{"@type":"ListItem","position":2,"name":"Caf\u00e9 como pr\u00e9-treino: saiba a forma correta de consumir"}]},{"@type":"WebSite","@id":"https:\/\/www.correiobraziliense.com.br\/aqui\/#website","url":"https:\/\/www.correiobraziliense.com.br\/aqui\/","name":"Correio Braziliense - Aqui","description":"O Correio Braziliense (CB) \u00e9 o mais importante canal de not\u00edcias de Bras\u00edlia. Aqui voc\u00ea encontra as \u00faltimas not\u00edcias do DF, do Brasil e do mundo.","potentialAction":[{"@type":"SearchAction","target":{"@type":"EntryPoint","urlTemplate":"https:\/\/www.correiobraziliense.com.br\/aqui\/?s={search_term_string}"},"query-input":{"@type":"PropertyValueSpecification","valueRequired":true,"valueName":"search_term_string"}}],"inLanguage":"pt-BR"},{"@type":"Person","@id":"https:\/\/www.correiobraziliense.com.br\/aqui\/#\/schema\/person\/36d094a725ba56bbeb370a877862a002","name":"Lucas","image":{"@type":"ImageObject","inLanguage":"pt-BR","@id":"https:\/\/www.correiobraziliense.com.br\/aqui\/#\/schema\/person\/image\/","url":"https:\/\/secure.gravatar.com\/avatar\/eb1dd4a751dca39c233b091fb7b8ce9ef1608850325ab98ff1fbe898fcef0908?s=96&d=mm&r=g","contentUrl":"https:\/\/secure.gravatar.com\/avatar\/eb1dd4a751dca39c233b091fb7b8ce9ef1608850325ab98ff1fbe898fcef0908?s=96&d=mm&r=g","caption":"Lucas"},"url":"https:\/\/www.correiobraziliense.com.br\/aqui\/author\/lucasaqui\/"}]}},"_links":{"self":[{"href":"https:\/\/www.correiobraziliense.com.br\/aqui\/wp-json\/wp\/v2\/posts\/20736","targetHints":{"allow":["GET"]}}],"collection":[{"href":"https:\/\/www.correiobraziliense.com.br\/aqui\/wp-json\/wp\/v2\/posts"}],"about":[{"href":"https:\/\/www.correiobraziliense.com.br\/aqui\/wp-json\/wp\/v2\/types\/post"}],"author":[{"embeddable":true,"href":"https:\/\/www.correiobraziliense.com.br\/aqui\/wp-json\/wp\/v2\/users\/9"}],"replies":[{"embeddable":true,"href":"https:\/\/www.correiobraziliense.com.br\/aqui\/wp-json\/wp\/v2\/comments?post=20736"}],"version-history":[{"count":1,"href":"https:\/\/www.correiobraziliense.com.br\/aqui\/wp-json\/wp\/v2\/posts\/20736\/revisions"}],"predecessor-version":[{"id":20739,"href":"https:\/\/www.correiobraziliense.com.br\/aqui\/wp-json\/wp\/v2\/posts\/20736\/revisions\/20739"}],"wp:featuredmedia":[{"embeddable":true,"href":"https:\/\/www.correiobraziliense.com.br\/aqui\/wp-json\/wp\/v2\/media\/20738"}],"wp:attachment":[{"href":"https:\/\/www.correiobraziliense.com.br\/aqui\/wp-json\/wp\/v2\/media?parent=20736"}],"wp:term":[{"taxonomy":"category","embeddable":true,"href":"https:\/\/www.correiobraziliense.com.br\/aqui\/wp-json\/wp\/v2\/categories?post=20736"},{"taxonomy":"post_tag","embeddable":true,"href":"https:\/\/www.correiobraziliense.com.br\/aqui\/wp-json\/wp\/v2\/tags?post=20736"}],"curies":[{"name":"wp","href":"https:\/\/api.w.org\/{rel}","templated":true}]}}