{"id":23427,"date":"2026-03-08T15:34:00","date_gmt":"2026-03-08T18:34:00","guid":{"rendered":"https:\/\/www.correiobraziliense.com.br\/aqui\/?p=23427"},"modified":"2026-03-02T17:44:39","modified_gmt":"2026-03-02T20:44:39","slug":"o-que-evitar-comer-a-noite-para-preservar-a-qualidade-do-sono","status":"publish","type":"post","link":"https:\/\/www.correiobraziliense.com.br\/aqui\/2026\/03\/08\/o-que-evitar-comer-a-noite-para-preservar-a-qualidade-do-sono\/","title":{"rendered":"O que evitar comer \u00e0 noite para preservar a qualidade do sono"},"content":{"rendered":"\n<p>Dormir bem n\u00e3o depende apenas do hor\u00e1rio em que a pessoa se deita. A qualidade do sono tamb\u00e9m \u00e9 fortemente influenciada pela alimenta\u00e7\u00e3o feita \u00e0 noite. Alguns itens podem deixar o organismo em estado de alerta, provocar desconfortos digestivos e atrapalhar o descanso. Por outro lado, pequenas mudan\u00e7as no prato costumam ter impacto direto no modo como o corpo descansa durante a madrugada.<\/p>\n\n\n\n<p>Ao longo da noite, o metabolismo desacelera e as fun\u00e7\u00f5es do organismo entram em um ritmo mais tranquilo. Quando a \u00faltima refei\u00e7\u00e3o \u00e9 pesada ou cheia de estimulantes, o corpo precisa trabalhar mais justamente no momento em que deveria relaxar. <strong><a href=\"https:\/\/www.correiobraziliense.com.br\/aqui\/2026\/02\/20\/recuperar-o-sono-perdido-o-equivoco-que-pode-piorar-o-cansaco\/\" target=\"_blank\" rel=\"noreferrer noopener\">Isso tende a gerar sono leve, acordar v\u00e1rias vezes e sensa\u00e7\u00e3o de cansa\u00e7o ao levantar, mesmo depois de horas na cama.<\/a><\/strong><\/p>\n\n\n\n<h2 class=\"wp-block-heading\">Por que a alimenta\u00e7\u00e3o antes de dormir interfere na qualidade do sono?<\/h2>\n\n\n\n<p>A rela\u00e7\u00e3o entre alimenta\u00e7\u00e3o noturna e qualidade do sono envolve digest\u00e3o, horm\u00f4nios e funcionamento do sistema nervoso. Com o metabolismo mais lento \u00e0 noite, refei\u00e7\u00f5es volumosas ou muito gordurosas permanecem mais tempo no est\u00f4mago, favorecendo azia, refluxo e sensa\u00e7\u00e3o de est\u00f4mago \u201cpesado\u201d. Esses inc\u00f4modos podem dificultar o in\u00edcio do sono ou provocar despertares ao longo da madrugada.<\/p>\n\n\n\n<p>Al\u00e9m do fator digestivo, bebidas com cafe\u00edna e algumas subst\u00e2ncias presentes em alimentos industrializados estimulam o sistema nervoso central. Esse est\u00edmulo atrapalha a a\u00e7\u00e3o da melatonina, horm\u00f4nio associado ao ciclo sono-vig\u00edlia, e pode prolongar o estado de alerta. Em muitos casos, a pessoa at\u00e9 adormece, mas o descanso fica superficial, com poucos per\u00edodos de sono profundo e restaurador.<\/p>\n\n\n\n<h2 class=\"wp-block-heading\">O que evitar comer \u00e0 noite para proteger a qualidade do sono?<\/h2>\n\n\n\n<p>Para favorecer um sono mais est\u00e1vel, especialistas em sa\u00fade do sono costumam destacar alguns grupos de alimentos e bebidas que merecem aten\u00e7\u00e3o especial no per\u00edodo noturno. Neste caso, a qualidade do sono n\u00e3o se trata apenas de dormir, mas de permitir que o corpo fa\u00e7a uma boa recupera\u00e7\u00e3o f\u00edsica e mental.<\/p>\n\n\n\n<ul class=\"wp-block-list\">\n<li><strong>Fontes de cafe\u00edna<\/strong>: caf\u00e9, ch\u00e1 preto, ch\u00e1 verde, refrigerantes de cola e energ\u00e9ticos podem manter o c\u00e9rebro em estado de alerta por v\u00e1rias horas.<\/li>\n\n\n\n<li><strong>Frituras e fast food<\/strong>: salgados fritos, hamb\u00fargueres muito gordurosos e carnes com excesso de gordura tornam a digest\u00e3o lenta e desconfort\u00e1vel.<\/li>\n\n\n\n<li><strong>Excesso de a\u00e7\u00facar<\/strong>: doces concentrados, sobremesas muito cal\u00f3ricas e ultraprocessados ricos em a\u00e7\u00facar provocam picos e quedas bruscas de glicemia, o que pode favorecer acordar no meio da noite.<\/li>\n\n\n\n<li><strong>Bebidas alco\u00f3licas<\/strong>: mesmo quando causam sonol\u00eancia no in\u00edcio, costumam fragmentar o sono, reduzir as fases mais profundas e aumentar microdespertares.<\/li>\n\n\n\n<li><strong>Prepara\u00e7\u00f5es muito picantes ou condimentadas<\/strong>: uso intenso de pimenta e temperos fortes est\u00e1 associado a azia e queima\u00e7\u00e3o, especialmente quando consumidos perto da hora de deitar.<\/li>\n<\/ul>\n\n\n\n<p>Evitar esses itens nas horas que antecedem o descanso tende a reduzir sintomas como refluxo, ins\u00f4nia inicial e sono agitado. Em geral, recomenda-se aten\u00e7\u00e3o redobrada a partir do fim da tarde para as pessoas que j\u00e1 t\u00eam dificuldade para dormir.<\/p>\n\n\n\n<h2 class=\"wp-block-heading\">Quais alimentos podem favorecer um sono mais tranquilo?<\/h2>\n\n\n\n<p>Da mesma forma que certos ingredientes atrapalham, outros podem contribuir para um descanso mais regular e confort\u00e1vel. O objetivo \u00e9 montar um card\u00e1pio noturno mais leve, com alimentos que ajudam o corpo a relaxar e favorecem a produ\u00e7\u00e3o de subst\u00e2ncias ligadas ao bem-estar.<\/p>\n\n\n\n<ul class=\"wp-block-list\">\n<li><strong>Frutas como banana<\/strong>: fornecem triptofano e carboidratos leves, importantes para a s\u00edntese de serotonina, que se relaciona ao ciclo do sono.<\/li>\n\n\n\n<li><strong>Aveia<\/strong>: fonte de fibras e carboidratos complexos, ajuda a evitar grandes oscila\u00e7\u00f5es de glicemia durante a noite.<\/li>\n\n\n\n<li><strong>Leite morno e derivados magros<\/strong>: cont\u00eam triptofano e c\u00e1lcio, nutrientes associados \u00e0 regula\u00e7\u00e3o do sono em algumas pessoas.<\/li>\n\n\n\n<li><strong>Oleaginosas<\/strong> (castanhas, nozes, am\u00eandoas): fornecem gorduras boas e minerais, al\u00e9m de pequenas quantidades de melatonina em alguns tipos.<\/li>\n\n\n\n<li><strong>Ch\u00e1s calmantes<\/strong>, como camomila e erva-cidreira: costumam ser usados \u00e0 noite por quem busca uma rotina mais relaxante, desde que sem cafe\u00edna adicionada.<\/li>\n<\/ul>\n\n\n\n<p>Essas op\u00e7\u00f5es, quando consumidas em por\u00e7\u00f5es moderadas e combinadas com uma refei\u00e7\u00e3o equilibrada, podem colaborar para uma higiene do sono mais adequada. Ainda assim, \u00e9 importante observar a resposta individual, j\u00e1 que cada organismo reage de forma diferente.<\/p>\n\n\n\n<h2 class=\"wp-block-heading\">Como organizar a rotina noturna para dormir melhor?<\/h2>\n\n\n\n<p>Al\u00e9m de escolher bem o que comer, a organiza\u00e7\u00e3o do hor\u00e1rio das refei\u00e7\u00f5es influencia muito a qualidade do descanso. Um intervalo de cerca de duas horas entre a \u00faltima refei\u00e7\u00e3o e o momento de se deitar costuma ser apontado como um per\u00edodo razo\u00e1vel para que o est\u00f4mago n\u00e3o esteja cheio na hora do sono.<\/p>\n\n\n\n<ol class=\"wp-block-list\">\n<li>Planejar o jantar com alimentos mais leves, evitando pratos muito gordurosos ou muito apimentados.<\/li>\n\n\n\n<li>Reduzir o consumo de cafe\u00edna a partir do fim da tarde, dando prefer\u00eancia \u00e0s vers\u00f5es sem esse estimulante.<\/li>\n\n\n\n<li>Evitar beliscos constantes at\u00e9 tarde da noite, principalmente doces e salgadinhos ultraprocessados.<\/li>\n\n\n\n<li>Limitar bebidas alco\u00f3licas, especialmente pr\u00f3ximo ao hor\u00e1rio de dormir.<\/li>\n\n\n\n<li>Criar um ambiente prop\u00edcio ao descanso, com pouca luz, menos ru\u00eddos e afastamento de telas.<\/li>\n<\/ol>\n\n\n\n<p>O sono de boa qualidade est\u00e1 diretamente relacionado a mem\u00f3ria, equil\u00edbrio hormonal, controle do peso, imunidade e sa\u00fade mental. Ajustar o card\u00e1pio noturno e os hor\u00e1rios das refei\u00e7\u00f5es representa uma medida simples, que pode servir de apoio a outras estrat\u00e9gias de cuidado com o descanso, contribuindo para um cotidiano mais organizado e funcional em 2026.<\/p>\n\n\n\n<h2 class=\"wp-block-heading\">FAQ sobre higiene do sono<\/h2>\n\n\n\n<p><strong>1. O que \u00e9 exatamente \u201chigiene do sono\u201d?<\/strong><br>Higiene do sono \u00e9 o conjunto de h\u00e1bitos di\u00e1rios que favorecem um descanso profundo e cont\u00ednuo, indo al\u00e9m da alimenta\u00e7\u00e3o. Envolve hor\u00e1rios regulares para dormir e acordar, ambiente adequado (escuro, silencioso e confort\u00e1vel), manejo do estresse, limita\u00e7\u00e3o de telas \u00e0 noite e escolhas alimentares mais leves. Portanto, quanto mais consistente for esse conjunto de pr\u00e1ticas, maior a chance de manter um padr\u00e3o de sono saud\u00e1vel ao longo do tempo.<\/p>\n\n\n\n<p><strong>2. Uso de telas e celular \u00e0 noite realmente atrapalha o sono?<\/strong><br>Sim, o uso prolongado de telas antes de dormir tende a atrapalhar o sono. A luz azul emitida por celulares, tablets e computadores reduz a produ\u00e7\u00e3o natural de melatonina, horm\u00f4nio ligado ao in\u00edcio do sono. O c\u00e9rebro \u201centende\u201d que ainda \u00e9 dia. Entretanto, reduzir a intensidade da luz, ativar modos noturnos e estabelecer um hor\u00e1rio-limite para o uso desses dispositivos pode minimizar o impacto. Ent\u00e3o, o ideal \u00e9 evitar telas pelo menos 30 a 60 minutos antes de deitar.<\/p>\n\n\n\n<p><strong>3. Ter hor\u00e1rios fixos para dormir e acordar faz diferen\u00e7a?<\/strong><br>Ter hor\u00e1rios relativamente fixos ajuda a regular o rel\u00f3gio biol\u00f3gico. O corpo passa a antecipar o momento de descansar, facilitando o adormecer e a manuten\u00e7\u00e3o do sono. Entretanto, grandes varia\u00e7\u00f5es entre dias de semana e finais de semana podem desorganizar esse ritmo, gerando sonol\u00eancia diurna e dificuldade para pegar no sono \u00e0 noite. Portanto, tentar manter uma rotina aproximada, mesmo nos dias de folga, favorece uma melhor higiene do sono.<\/p>\n\n\n\n<p><strong>4. Exerc\u00edcio f\u00edsico \u00e0 noite prejudica ou ajuda o sono?<\/strong><br>A atividade f\u00edsica regular costuma melhorar a qualidade do sono a m\u00e9dio e longo prazo. Quem se exercita tende a adormecer mais r\u00e1pido e ter sono mais profundo. Entretanto, treinos muito intensos logo antes de deitar podem deixar o organismo em estado de alerta, com frequ\u00eancia card\u00edaca elevada, o que atrapalha o relaxamento. Portanto, \u00e9 prefer\u00edvel encerrar os exerc\u00edcios moderados a intensos pelo menos 2 a 3 horas antes do hor\u00e1rio de dormir. Ent\u00e3o, alongamentos leves ou pr\u00e1ticas relaxantes, como ioga suave, podem ser feitos mais perto da hora de deitar.<\/p>\n\n\n\n<p><strong>5. Cochilos durante o dia atrapalham a higiene do sono noturno?<\/strong><br>Cochilos curtos podem ser ben\u00e9ficos para algumas pessoas, melhorando aten\u00e7\u00e3o e disposi\u00e7\u00e3o. Sonecas de at\u00e9 20 a 30 minutos, feitas antes do fim da tarde, costumam ter menor impacto no sono da noite. Entretanto, cochilos longos ou muito tardios podem reduzir a \u201cpress\u00e3o de sono\u201d, dificultando pegar no sono no hor\u00e1rio habitual. Portanto, quem j\u00e1 tem ins\u00f4nia ou dificuldade para dormir deve avaliar, com cuidado, se os cochilos diurnos est\u00e3o interferindo na noite. Ent\u00e3o, nesses casos, muitas vezes \u00e9 melhor evit\u00e1-los ou encurt\u00e1-los.<\/p>\n\n\n\n<p><strong>6. Como o estresse e a ansiedade se relacionam com a higiene do sono?<\/strong><br>Estresse e ansiedade mant\u00eam o sistema nervoso em estado de alerta, o que vai na dire\u00e7\u00e3o oposta ao relaxamento necess\u00e1rio para dormir. Em suma, preocupa\u00e7\u00f5es constantes podem prolongar o tempo para adormecer e gerar despertares frequentes. Entretanto, t\u00e9cnicas de higiene do sono que incluem relaxamento, respira\u00e7\u00e3o profunda, medita\u00e7\u00e3o guiada ou escrita de pensamentos antes de deitar podem ajudar a \u201cdesacelerar\u201d a mente. Portanto, cuidar do manejo do estresse no dia a dia \u00e9 parte essencial da higiene do sono. Ent\u00e3o, quando a ansiedade \u00e9 intensa ou persistente, buscar ajuda profissional \u00e9 recomend\u00e1vel.<\/p>\n\n\n\n<p><strong>7. Tomar suplementos de melatonina faz parte da higiene do sono?<\/strong><br>Suplementos de melatonina podem ser \u00fateis em situa\u00e7\u00f5es espec\u00edficas, como jet lag ou alguns dist\u00farbios do sono, mas n\u00e3o substituem a higiene do sono b\u00e1sica. Eles devem ser vistos como apoio pontual e n\u00e3o como \u00fanica solu\u00e7\u00e3o. Entretanto, o uso indiscriminado, sem orienta\u00e7\u00e3o profissional, pode mascarar problemas de sa\u00fade ou h\u00e1bitos inadequados que precisam ser ajustados. Portanto, antes de recorrer a suplementos, \u00e9 importante organizar rotina, ambiente e alimenta\u00e7\u00e3o. Ent\u00e3o, caso ainda haja dificuldade significativa para dormir, a avalia\u00e7\u00e3o com m\u00e9dico \u00e9 o caminho mais seguro.<\/p>\n\n\n\n<p><strong>8. Beber \u00e1gua \u00e0 noite atrapalha o sono?<\/strong><br>Manter-se hidratado \u00e9 fundamental, por\u00e9m o excesso de l\u00edquidos imediatamente antes de dormir pode aumentar as idas ao banheiro durante a madrugada. Isso fragmenta o sono e reduz sua qualidade. Entretanto, n\u00e3o \u00e9 necess\u00e1rio restringir completamente a \u00e1gua \u00e0 noite; o ideal \u00e9 distribuir a hidrata\u00e7\u00e3o ao longo do dia e diminuir grandes volumes na \u00faltima hora antes de deitar. Portanto, ajustar a quantidade de l\u00edquidos de acordo com a sensibilidade individual ajuda a equilibrar hidrata\u00e7\u00e3o e descanso. Ent\u00e3o, quem levanta muitas vezes para urinar deve observar esse padr\u00e3o e, se persistir, conversar com um profissional de sa\u00fade.<\/p>\n\n\n\n<p><strong>9. Um ritual fixo antes de dormir realmente ajuda?<\/strong><br>Sim, ter um pequeno ritual noturno pode sinalizar ao c\u00e9rebro que o dia est\u00e1 terminando. Repetir h\u00e1bitos como tomar um banho morno, ler um livro leve, ouvir m\u00fasica relaxante ou fazer alongamentos suaves cria uma associa\u00e7\u00e3o mental com o momento de descanso. Entretanto, \u00e9 importante que esse ritual seja prazeroso e sem est\u00edmulos intensos (luzes fortes, not\u00edcias agitadas, discuss\u00f5es). Portanto, escolher atividades tranquilas e mant\u00ea-las com regularidade fortalece a higiene do sono. Ent\u00e3o, com o tempo, o pr\u00f3prio corpo passa a responder a esses sinais, facilitando o adormecer.<\/p>\n\n\n\n<p><strong>10. Quando \u00e9 hora de procurar ajuda profissional para problemas de sono?<\/strong><br>Se, mesmo adotando h\u00e1bitos de higiene do sono, a pessoa continua com dificuldade para dormir, acorda muito durante a noite ou sente sonol\u00eancia excessiva durante o dia, \u00e9 hora de buscar avalia\u00e7\u00e3o especializada. Isso \u00e9 importante quando o problema interfere no trabalho, nos estudos, no humor ou na seguran\u00e7a (como risco ao dirigir). Entretanto, muitas pessoas demoram a procurar ajuda, acreditando que \u201c\u00e9 s\u00f3 estresse\u201d ou \u201cfase passageira\u201d. Portanto, sintomas persistentes por semanas ou meses merecem aten\u00e7\u00e3o m\u00e9dica. Ent\u00e3o, um profissional poder\u00e1 investigar causas como ins\u00f4nia cr\u00f4nica, apneia do sono, depress\u00e3o, ansiedade ou outras condi\u00e7\u00f5es que exigem tratamento espec\u00edfico.<\/p>\n","protected":false},"excerpt":{"rendered":"<p>Evite estes alimentos antes de dormir e melhore a qualidade do sono com dicas de alimenta\u00e7\u00e3o noturna para um descanso profundo e reparador.<\/p>\n","protected":false},"author":8,"featured_media":23428,"comment_status":"open","ping_status":"open","sticky":false,"template":"","format":"standard","meta":{"jnews-multi-image_gallery":[],"jnews_single_post":{"format":"standard"},"jnews_primary_category":[],"jnews_social_meta":[],"jnews_override_counter":[],"footnotes":""},"categories":[199],"tags":[138,140,2906,233,7232,6994],"class_list":["post-23427","post","type-post","status-publish","format-standard","has-post-thumbnail","hentry","category-bem-estar","tag-alimentacao","tag-bem-estar","tag-higiene-do-sono","tag-insonia","tag-o-que-evitar","tag-qualidade-do-sono"],"yoast_head":"<!-- This site is optimized with the Yoast SEO plugin v25.1 - https:\/\/yoast.com\/wordpress\/plugins\/seo\/ -->\n<title>O que evitar comer \u00e0 noite para preservar a qualidade do sono - Correio Braziliense - Aqui<\/title>\n<meta name=\"description\" content=\"Evite estes alimentos antes de dormir e melhore a qualidade do sono com dicas de alimenta\u00e7\u00e3o noturna para um descanso profundo e reparador.\" \/>\n<meta name=\"robots\" content=\"index, follow, max-snippet:-1, max-image-preview:large, max-video-preview:-1\" \/>\n<link rel=\"canonical\" href=\"https:\/\/www.correiobraziliense.com.br\/aqui\/2026\/03\/08\/o-que-evitar-comer-a-noite-para-preservar-a-qualidade-do-sono\/\" \/>\n<meta property=\"og:locale\" content=\"pt_BR\" \/>\n<meta property=\"og:type\" content=\"article\" \/>\n<meta property=\"og:title\" content=\"O que evitar comer \u00e0 noite para preservar a qualidade do sono - Correio Braziliense - Aqui\" \/>\n<meta property=\"og:description\" content=\"Evite estes alimentos antes de dormir e melhore a qualidade do sono com dicas de alimenta\u00e7\u00e3o noturna para um descanso profundo e reparador.\" \/>\n<meta property=\"og:url\" content=\"https:\/\/www.correiobraziliense.com.br\/aqui\/2026\/03\/08\/o-que-evitar-comer-a-noite-para-preservar-a-qualidade-do-sono\/\" \/>\n<meta property=\"og:site_name\" content=\"Correio Braziliense - Aqui\" \/>\n<meta property=\"article:published_time\" content=\"2026-03-08T18:34:00+00:00\" \/>\n<meta property=\"og:image\" content=\"https:\/\/www.correiobraziliense.com.br\/aqui\/wp-content\/uploads\/2026\/03\/httpsneuralmyth.comstaticcachea06837a1-b081-475d-813c-a50dbe193756.jpeg\" \/>\n\t<meta property=\"og:image:width\" content=\"1280\" \/>\n\t<meta property=\"og:image:height\" content=\"720\" \/>\n\t<meta property=\"og:image:type\" content=\"image\/jpeg\" \/>\n<meta name=\"author\" content=\"Lara\" \/>\n<meta name=\"twitter:card\" content=\"summary_large_image\" \/>\n<meta name=\"twitter:label1\" content=\"Escrito por\" \/>\n\t<meta name=\"twitter:data1\" content=\"Lara\" \/>\n\t<meta name=\"twitter:label2\" content=\"Est. tempo de leitura\" \/>\n\t<meta name=\"twitter:data2\" content=\"11 minutos\" \/>\n<!-- \/ Yoast SEO plugin. -->","yoast_head_json":{"title":"O que evitar comer \u00e0 noite para preservar a qualidade do sono - Correio Braziliense - Aqui","description":"Evite estes alimentos antes de dormir e melhore a qualidade do sono com dicas de alimenta\u00e7\u00e3o noturna para um descanso profundo e reparador.","robots":{"index":"index","follow":"follow","max-snippet":"max-snippet:-1","max-image-preview":"max-image-preview:large","max-video-preview":"max-video-preview:-1"},"canonical":"https:\/\/www.correiobraziliense.com.br\/aqui\/2026\/03\/08\/o-que-evitar-comer-a-noite-para-preservar-a-qualidade-do-sono\/","og_locale":"pt_BR","og_type":"article","og_title":"O que evitar comer \u00e0 noite para preservar a qualidade do sono - Correio Braziliense - Aqui","og_description":"Evite estes alimentos antes de dormir e melhore a qualidade do sono com dicas de alimenta\u00e7\u00e3o noturna para um descanso profundo e reparador.","og_url":"https:\/\/www.correiobraziliense.com.br\/aqui\/2026\/03\/08\/o-que-evitar-comer-a-noite-para-preservar-a-qualidade-do-sono\/","og_site_name":"Correio Braziliense - Aqui","article_published_time":"2026-03-08T18:34:00+00:00","og_image":[{"width":1280,"height":720,"url":"https:\/\/www.correiobraziliense.com.br\/aqui\/wp-content\/uploads\/2026\/03\/httpsneuralmyth.comstaticcachea06837a1-b081-475d-813c-a50dbe193756.jpeg","type":"image\/jpeg"}],"author":"Lara","twitter_card":"summary_large_image","twitter_misc":{"Escrito por":"Lara","Est. tempo de leitura":"11 minutos"},"schema":{"@context":"https:\/\/schema.org","@graph":[{"@type":"WebPage","@id":"https:\/\/www.correiobraziliense.com.br\/aqui\/2026\/03\/08\/o-que-evitar-comer-a-noite-para-preservar-a-qualidade-do-sono\/","url":"https:\/\/www.correiobraziliense.com.br\/aqui\/2026\/03\/08\/o-que-evitar-comer-a-noite-para-preservar-a-qualidade-do-sono\/","name":"O que evitar comer \u00e0 noite para preservar a qualidade do sono - Correio Braziliense - Aqui","isPartOf":{"@id":"https:\/\/www.correiobraziliense.com.br\/aqui\/#website"},"primaryImageOfPage":{"@id":"https:\/\/www.correiobraziliense.com.br\/aqui\/2026\/03\/08\/o-que-evitar-comer-a-noite-para-preservar-a-qualidade-do-sono\/#primaryimage"},"image":{"@id":"https:\/\/www.correiobraziliense.com.br\/aqui\/2026\/03\/08\/o-que-evitar-comer-a-noite-para-preservar-a-qualidade-do-sono\/#primaryimage"},"thumbnailUrl":"https:\/\/www.correiobraziliense.com.br\/aqui\/wp-content\/uploads\/2026\/03\/httpsneuralmyth.comstaticcachea06837a1-b081-475d-813c-a50dbe193756.jpeg","datePublished":"2026-03-08T18:34:00+00:00","author":{"@id":"https:\/\/www.correiobraziliense.com.br\/aqui\/#\/schema\/person\/5d6e4d99fecc86ab1a7ed1a0369afb65"},"description":"Evite estes alimentos antes de dormir e melhore a qualidade do sono com dicas de alimenta\u00e7\u00e3o noturna para um descanso profundo e reparador.","breadcrumb":{"@id":"https:\/\/www.correiobraziliense.com.br\/aqui\/2026\/03\/08\/o-que-evitar-comer-a-noite-para-preservar-a-qualidade-do-sono\/#breadcrumb"},"inLanguage":"pt-BR","potentialAction":[{"@type":"ReadAction","target":["https:\/\/www.correiobraziliense.com.br\/aqui\/2026\/03\/08\/o-que-evitar-comer-a-noite-para-preservar-a-qualidade-do-sono\/"]}]},{"@type":"ImageObject","inLanguage":"pt-BR","@id":"https:\/\/www.correiobraziliense.com.br\/aqui\/2026\/03\/08\/o-que-evitar-comer-a-noite-para-preservar-a-qualidade-do-sono\/#primaryimage","url":"https:\/\/www.correiobraziliense.com.br\/aqui\/wp-content\/uploads\/2026\/03\/httpsneuralmyth.comstaticcachea06837a1-b081-475d-813c-a50dbe193756.jpeg","contentUrl":"https:\/\/www.correiobraziliense.com.br\/aqui\/wp-content\/uploads\/2026\/03\/httpsneuralmyth.comstaticcachea06837a1-b081-475d-813c-a50dbe193756.jpeg","width":1280,"height":720,"caption":"Cr\u00e9ditos: depositphotos.com \/ serezniy"},{"@type":"BreadcrumbList","@id":"https:\/\/www.correiobraziliense.com.br\/aqui\/2026\/03\/08\/o-que-evitar-comer-a-noite-para-preservar-a-qualidade-do-sono\/#breadcrumb","itemListElement":[{"@type":"ListItem","position":1,"name":"In\u00edcio","item":"https:\/\/www.correiobraziliense.com.br\/aqui\/"},{"@type":"ListItem","position":2,"name":"O que evitar comer \u00e0 noite para preservar a qualidade do sono"}]},{"@type":"WebSite","@id":"https:\/\/www.correiobraziliense.com.br\/aqui\/#website","url":"https:\/\/www.correiobraziliense.com.br\/aqui\/","name":"Correio Braziliense - Aqui","description":"O Correio Braziliense (CB) \u00e9 o mais importante canal de not\u00edcias de Bras\u00edlia. Aqui voc\u00ea encontra as \u00faltimas not\u00edcias do DF, do Brasil e do mundo.","potentialAction":[{"@type":"SearchAction","target":{"@type":"EntryPoint","urlTemplate":"https:\/\/www.correiobraziliense.com.br\/aqui\/?s={search_term_string}"},"query-input":{"@type":"PropertyValueSpecification","valueRequired":true,"valueName":"search_term_string"}}],"inLanguage":"pt-BR"},{"@type":"Person","@id":"https:\/\/www.correiobraziliense.com.br\/aqui\/#\/schema\/person\/5d6e4d99fecc86ab1a7ed1a0369afb65","name":"Lara","image":{"@type":"ImageObject","inLanguage":"pt-BR","@id":"https:\/\/www.correiobraziliense.com.br\/aqui\/#\/schema\/person\/image\/","url":"https:\/\/secure.gravatar.com\/avatar\/57056c5c343a6d8a6669688d3d2c04916d9d280b352b6e50e66a8d39b2517e00?s=96&d=mm&r=g","contentUrl":"https:\/\/secure.gravatar.com\/avatar\/57056c5c343a6d8a6669688d3d2c04916d9d280b352b6e50e66a8d39b2517e00?s=96&d=mm&r=g","caption":"Lara"},"url":"https:\/\/www.correiobraziliense.com.br\/aqui\/author\/laraaqui\/"}]}},"_links":{"self":[{"href":"https:\/\/www.correiobraziliense.com.br\/aqui\/wp-json\/wp\/v2\/posts\/23427","targetHints":{"allow":["GET"]}}],"collection":[{"href":"https:\/\/www.correiobraziliense.com.br\/aqui\/wp-json\/wp\/v2\/posts"}],"about":[{"href":"https:\/\/www.correiobraziliense.com.br\/aqui\/wp-json\/wp\/v2\/types\/post"}],"author":[{"embeddable":true,"href":"https:\/\/www.correiobraziliense.com.br\/aqui\/wp-json\/wp\/v2\/users\/8"}],"replies":[{"embeddable":true,"href":"https:\/\/www.correiobraziliense.com.br\/aqui\/wp-json\/wp\/v2\/comments?post=23427"}],"version-history":[{"count":1,"href":"https:\/\/www.correiobraziliense.com.br\/aqui\/wp-json\/wp\/v2\/posts\/23427\/revisions"}],"predecessor-version":[{"id":23430,"href":"https:\/\/www.correiobraziliense.com.br\/aqui\/wp-json\/wp\/v2\/posts\/23427\/revisions\/23430"}],"wp:featuredmedia":[{"embeddable":true,"href":"https:\/\/www.correiobraziliense.com.br\/aqui\/wp-json\/wp\/v2\/media\/23428"}],"wp:attachment":[{"href":"https:\/\/www.correiobraziliense.com.br\/aqui\/wp-json\/wp\/v2\/media?parent=23427"}],"wp:term":[{"taxonomy":"category","embeddable":true,"href":"https:\/\/www.correiobraziliense.com.br\/aqui\/wp-json\/wp\/v2\/categories?post=23427"},{"taxonomy":"post_tag","embeddable":true,"href":"https:\/\/www.correiobraziliense.com.br\/aqui\/wp-json\/wp\/v2\/tags?post=23427"}],"curies":[{"name":"wp","href":"https:\/\/api.w.org\/{rel}","templated":true}]}}