{"id":23484,"date":"2026-03-08T16:16:00","date_gmt":"2026-03-08T19:16:00","guid":{"rendered":"https:\/\/www.correiobraziliense.com.br\/aqui\/?p=23484"},"modified":"2026-03-03T09:21:46","modified_gmt":"2026-03-03T12:21:46","slug":"menopausa-e-saude-mental-como-a-queda-hormonal-afeta-o-humor","status":"publish","type":"post","link":"https:\/\/www.correiobraziliense.com.br\/aqui\/2026\/03\/08\/menopausa-e-saude-mental-como-a-queda-hormonal-afeta-o-humor\/","title":{"rendered":"Menopausa e sa\u00fade mental: como a queda hormonal afeta o humor"},"content":{"rendered":"\n<p>A fase da menopausa costuma ser lembrada principalmente pelas altera\u00e7\u00f5es f\u00edsicas, mas a sa\u00fade emocional tamb\u00e9m passa por mudan\u00e7as significativas. No Brasil, milh\u00f5es de mulheres atravessam esse per\u00edodo entre os 45 e 55 anos, lidando com sintomas que interferem no trabalho, nas rela\u00e7\u00f5es e na rotina dom\u00e9stica. A queda hormonal que marca o fim da fase reprodutiva n\u00e3o atinge apenas o ciclo menstrual: ela influencia diretamente o equil\u00edbrio qu\u00edmico do c\u00e9rebro e, por consequ\u00eancia, o bem-estar mental.<\/p>\n\n\n\n<p>Ao longo dessa transi\u00e7\u00e3o, muitas mulheres relatam sensa\u00e7\u00e3o de cansa\u00e7o constante, dificuldade de concentra\u00e7\u00e3o e varia\u00e7\u00f5es de humor sem motivo aparente. Esses sinais costumam aparecer junto com ondas de calor, altera\u00e7\u00f5es de sono e mudan\u00e7as na pele, formando um conjunto de fatores que desafia a estabilidade emocional. Entender o que est\u00e1 por tr\u00e1s dessas transforma\u00e7\u00f5es ajuda a interpretar o que o corpo est\u00e1 comunicando e a buscar estrat\u00e9gias para passar por essa etapa de forma mais tranquila.<\/p>\n\n\n\n<h2 class=\"wp-block-heading\">O que \u00e9 sa\u00fade mental na menopausa e por que ela muda?<\/h2>\n\n\n\n<p>A express\u00e3o sa\u00fade mental na menopausa se refere ao equil\u00edbrio emocional, cognitivo e comportamental dessa fase, que pode ficar abalado pela oscila\u00e7\u00e3o dos horm\u00f4nios sexuais. Estrog\u00eanio e progesterona, al\u00e9m de atuarem no sistema reprodutivo, exercem papel importante na regula\u00e7\u00e3o de neurotransmissores como serotonina, dopamina e noradrenalina. Quando a produ\u00e7\u00e3o hormonal diminui, o c\u00e9rebro recebe menos est\u00edmulos dessas subst\u00e2ncias ligadas ao humor, ao sono e \u00e0 motiva\u00e7\u00e3o.<\/p>\n\n\n\n<p>Esse cen\u00e1rio favorece sintomas como <strong><a href=\"https:\/\/www.correiobraziliense.com.br\/aqui\/2026\/02\/28\/menopausa-saiba-os-primeiros-sinais-e-como-lidar\/\" target=\"_blank\" rel=\"noreferrer noopener\">irritabilidade, sensa\u00e7\u00e3o de tristeza persistente, ansiedade aumentada e a chamada \u201cn\u00e9voa mental\u201d, em que a pessoa sente a mente mais lenta ou distra\u00edda<\/a><\/strong>. Mulheres com hist\u00f3rico pr\u00e9vio de depress\u00e3o ou transtornos de ansiedade tendem a apresentar maior vulnerabilidade, j\u00e1 que o organismo j\u00e1 tinha uma predisposi\u00e7\u00e3o a esses quadros. Fatores externos, como excesso de trabalho, cobran\u00e7a profissional e responsabilidades familiares, podem intensificar o impacto emocional dessa transi\u00e7\u00e3o.<\/p>\n\n\n\n<h2 class=\"wp-block-heading\">Como a sa\u00fade mental na menopausa se manifesta no dia a dia?<\/h2>\n\n\n\n<p>Na pr\u00e1tica, a sa\u00fade mental na menopausa pode ser percebida em pequenos detalhes do cotidiano. Tarefas que antes eram simples passam a exigir mais esfor\u00e7o, a paci\u00eancia diminui e o sono irregular deixa o corpo menos disposto. Em muitos casos, surgem dificuldades de mem\u00f3ria recente, como esquecer compromissos ou perder o fio da conversa, o que pode gerar inseguran\u00e7a no ambiente de trabalho ou em situa\u00e7\u00f5es sociais.<\/p>\n\n\n\n<p>Alguns sinais frequentes incluem:<\/p>\n\n\n\n<ul class=\"wp-block-list\">\n<li>Mudan\u00e7as bruscas de humor ao longo do dia;<\/li>\n\n\n\n<li>Sensa\u00e7\u00e3o de des\u00e2nimo ou perda de interesse em atividades habituais;<\/li>\n\n\n\n<li>Preocupa\u00e7\u00e3o excessiva e pensamentos acelerados;<\/li>\n\n\n\n<li>Ins\u00f4nia ou sono fragmentado, com dificuldade para descansar;<\/li>\n\n\n\n<li>Autocr\u00edtica intensa e sensa\u00e7\u00e3o de n\u00e3o dar conta de tudo.<\/li>\n<\/ul>\n\n\n\n<p>Al\u00e9m disso, mudan\u00e7as no corpo, como ganho de peso abdominal, ressecamento da pele e altera\u00e7\u00f5es na libido, podem afetar a autoimagem e a rela\u00e7\u00e3o com a pr\u00f3pria sexualidade. Sem informa\u00e7\u00e3o adequada, \u00e9 comum que essa fase seja interpretada como sinal de perda de valor social ou de produtividade, o que aumenta a press\u00e3o interna e favorece sentimentos de culpa.<\/p>\n\n\n\n<h2 class=\"wp-block-heading\">Quais estrat\u00e9gias ajudam a proteger a sa\u00fade mental nesta fase?<\/h2>\n\n\n\n<p>Cuidar da sa\u00fade mental na menopausa envolve uma combina\u00e7\u00e3o de acompanhamento profissional, mudan\u00e7as de rotina e rede de apoio. Uma das principais ferramentas nesse processo \u00e9 a psicoterapia, que oferece espa\u00e7o seguro para compreender as emo\u00e7\u00f5es, ressignificar essa etapa da vida e trabalhar cren\u00e7as ligadas \u00e0 produtividade, envelhecimento e corpo. Em casos de depress\u00e3o ou ansiedade mais intensos, m\u00e9dicos e psiquiatras podem avaliar a necessidade de medica\u00e7\u00e3o associada.<\/p>\n\n\n\n<p>Alguns cuidados pr\u00e1ticos costumam trazer benef\u00edcios consistentes:<\/p>\n\n\n\n<ol class=\"wp-block-list\">\n<li><strong>Rotina de sono estruturada:<\/strong> hor\u00e1rios fixos para dormir e acordar, redu\u00e7\u00e3o de telas \u00e0 noite e ambiente escuro favorecem o descanso.<\/li>\n\n\n\n<li><strong>Atividade f\u00edsica regular:<\/strong> caminhadas, dan\u00e7a, nata\u00e7\u00e3o, yoga ou muscula\u00e7\u00e3o ajudam a liberar endorfinas e estabilizar o humor.<\/li>\n\n\n\n<li><strong>Alimenta\u00e7\u00e3o balanceada:<\/strong> consumo de frutas, vegetais, gr\u00e3os integrais, fontes de prote\u00ednas e alimentos ricos em c\u00e1lcio auxilia no bem-estar geral.<\/li>\n\n\n\n<li><strong>Redu\u00e7\u00e3o de \u00e1lcool e cafe\u00edna:<\/strong> essas subst\u00e2ncias podem piorar a ansiedade, o sono e as ondas de calor.<\/li>\n\n\n\n<li><strong>Pr\u00e1ticas de relaxamento:<\/strong> medita\u00e7\u00e3o, respira\u00e7\u00e3o profunda e alongamentos di\u00e1rios contribuem para diminuir a tens\u00e3o.<\/li>\n<\/ol>\n\n\n\n<p>Essas medidas, somadas a consultas regulares com ginecologista ou endocrinologista, permitem avaliar op\u00e7\u00f5es como terapias hormonais ou n\u00e3o hormonais, sempre de forma individualizada. O objetivo \u00e9 atenuar os sintomas f\u00edsicos e, com isso, reduzir tamb\u00e9m a sobrecarga emocional.<\/p>\n\n\n\n<h2 class=\"wp-block-heading\">Rede de apoio e informa\u00e7\u00e3o fazem diferen\u00e7a?<\/h2>\n\n\n\n<p>Conversar sobre a sa\u00fade mental na menopausa ainda \u00e9 um desafio em muitos contextos, principalmente quando o tema \u00e9 visto como tabu. No entanto, a cria\u00e7\u00e3o de uma rede de apoio com amigos, familiares, colegas de trabalho e profissionais de sa\u00fade contribui para diminuir o isolamento e a sensa\u00e7\u00e3o de estranhamento com o pr\u00f3prio corpo. Grupos de apoio presenciais ou on-line tamb\u00e9m funcionam como espa\u00e7o para troca de experi\u00eancias e estrat\u00e9gias.<\/p>\n\n\n\n<p>Falar abertamente sobre sintomas, limites e necessidades ajuda a ajustar expectativas em casa e no trabalho, evitando sobrecarga desnecess\u00e1ria. Quando os sinais emocionais come\u00e7am a interferir de forma marcante na rotina, na produtividade ou nos relacionamentos, a orienta\u00e7\u00e3o \u00e9 buscar ajuda especializada. Com informa\u00e7\u00e3o de qualidade, acompanhamento adequado e h\u00e1bitos saud\u00e1veis, essa fase pode ser compreendida n\u00e3o apenas como perda, mas como um novo cap\u00edtulo de vida, com outras possibilidades de organiza\u00e7\u00e3o, autocuidado e projetos pessoais.<\/p>\n\n\n\n<h2 class=\"wp-block-heading\">FAQ: outros sintomas da menopausa<\/h2>\n\n\n\n<p>A seguir, respostas para d\u00favidas frequentes sobre outros sintomas da menopausa que v\u00e3o al\u00e9m das quest\u00f5es emocionais e cognitivas, ajudando a ampliar a compreens\u00e3o sobre essa fase.<\/p>\n\n\n\n<ul class=\"wp-block-list\">\n<li><strong>A menopausa pode causar dores nas articula\u00e7\u00f5es e m\u00fasculos?<\/strong><br>Muitas mulheres relatam dores articulares, rigidez ao acordar e desconforto muscular durante a menopausa. A redu\u00e7\u00e3o do estrog\u00eanio interfere na prote\u00e7\u00e3o das articula\u00e7\u00f5es e pode favorecer processos inflamat\u00f3rios leves. Entretanto, nem toda dor \u00e9 \u201cculpa\u201d exclusiva da menopausa; problemas como artrite, sedentarismo ou sobrepeso tamb\u00e9m influenciam. Portanto, se a dor \u00e9 persistente ou limita suas atividades, \u00e9 importante conversar com um m\u00e9dico para investigar outras causas e definir o melhor tratamento. Ent\u00e3o, ajustes de atividade f\u00edsica, alongamentos e, em alguns casos, medica\u00e7\u00f5es podem trazer al\u00edvio significativo.<\/li>\n\n\n\n<li><strong>Por que algumas mulheres sentem palpita\u00e7\u00f5es ou batimentos acelerados?<\/strong><br>Oscila\u00e7\u00f5es hormonais podem provocar sensa\u00e7\u00f5es de palpita\u00e7\u00e3o, como se o cora\u00e7\u00e3o \u201cbatesse mais forte\u201d ou mais r\u00e1pido em determinados momentos. Essas altera\u00e7\u00f5es costumam ser passageiras e, muitas vezes, surgem associadas \u00e0s ondas de calor. Entretanto, \u00e9 fundamental n\u00e3o atribuir todo sintoma ao climat\u00e9rio sem avalia\u00e7\u00e3o, pois quest\u00f5es card\u00edacas, tireoidianas ou ansiedade intensa tamb\u00e9m podem estar envolvidas. Portanto, diante de palpita\u00e7\u00f5es frequentes, dor no peito ou falta de ar, procure atendimento m\u00e9dico. Ent\u00e3o, ap\u00f3s descartar problemas mais graves, o profissional poder\u00e1 orientar mudan\u00e7as de estilo de vida ou tratamentos espec\u00edficos.<\/li>\n\n\n\n<li><strong>A menopausa provoca altera\u00e7\u00f5es no ciclo intestinal, como pris\u00e3o de ventre ou diarreia?<\/strong><br>\u00c9 comum notar mudan\u00e7as no funcionamento intestinal nessa fase, com tend\u00eancia maior \u00e0 constipa\u00e7\u00e3o (pris\u00e3o de ventre). A queda hormonal pode alterar a motilidade do intestino e a distribui\u00e7\u00e3o de gordura corporal, o que impacta o metabolismo. Entretanto, alimenta\u00e7\u00e3o pobre em fibras, baixa ingest\u00e3o de \u00e1gua e vida sedent\u00e1ria tamb\u00e9m pesam bastante nesse sintoma. Portanto, priorizar frutas, vegetais, gr\u00e3os integrais e hidrata\u00e7\u00e3o adequada costuma ajudar. Ent\u00e3o, se o quadro for intenso ou acompanhado de dor, sangue nas fezes ou perda de peso, \u00e9 importante buscar avalia\u00e7\u00e3o especializada.<\/li>\n\n\n\n<li><strong>\u00c9 normal ter dor de cabe\u00e7a ou enxaqueca com mais frequ\u00eancia?<\/strong><br>Flutua\u00e7\u00f5es hormonais podem agravar ou desencadear crises de dor de cabe\u00e7a e enxaqueca em algumas mulheres na peri e p\u00f3s-menopausa. A varia\u00e7\u00e3o do estrog\u00eanio afeta vasos sangu\u00edneos e neurotransmissores relacionados \u00e0 dor. Entretanto, estresse, sono irregular, uso excessivo de telas, desidrata\u00e7\u00e3o e certos alimentos tamb\u00e9m influenciam. Portanto, manter um \u201cdi\u00e1rio de dor\u201d, anotando hor\u00e1rios, intensidade e poss\u00edveis gatilhos, auxilia o m\u00e9dico a definir o melhor manejo. Ent\u00e3o, mudan\u00e7as de rotina, medica\u00e7\u00f5es espec\u00edficas e, em alguns casos, terapias hormonais podem ser avaliadas.<\/li>\n\n\n\n<li><strong>Queda de cabelo e enfraquecimento das unhas t\u00eam rela\u00e7\u00e3o com a menopausa?<\/strong><br>Em suma, sim, muitas mulheres observam fios mais finos, queda acentuada e unhas quebradi\u00e7as nesse per\u00edodo. A diminui\u00e7\u00e3o dos horm\u00f4nios sexuais afeta o ciclo de crescimento dos cabelos e a qualidade das unhas. Entretanto, car\u00eancias nutricionais (como ferro, prote\u00ednas e algumas vitaminas), doen\u00e7as da tireoide e estresse tamb\u00e9m podem agravar esse quadro. Portanto, \u00e9 recomend\u00e1vel realizar exames laboratoriais e, se poss\u00edvel, consultar um dermatologista. Ent\u00e3o, a combina\u00e7\u00e3o de ajustes na alimenta\u00e7\u00e3o, suplementa\u00e7\u00e3o orientada e cuidados t\u00f3picos costuma trazer melhora progressiva.<\/li>\n\n\n\n<li><strong>Por que algumas mulheres apresentam sensa\u00e7\u00e3o de formigamento ou dorm\u00eancia em m\u00e3os e p\u00e9s?<\/strong><br>A sensa\u00e7\u00e3o de \u201cagulhadas\u201d, formigamento ou leve dorm\u00eancia pode acontecer em fun\u00e7\u00e3o das altera\u00e7\u00f5es hormonais que influenciam circula\u00e7\u00e3o e sensibilidade nervosa. Entretanto, esse sintoma tamb\u00e9m pode estar relacionado a problemas de coluna, neuropatias, diabetes ou defici\u00eancia de vitaminas do complexo B. Portanto, n\u00e3o \u00e9 indicado ignorar o sintoma se ele for frequente, intenso ou acompanhado de fraqueza. Ent\u00e3o, a avalia\u00e7\u00e3o cl\u00ednica adequada ajuda a distinguir o que est\u00e1 ligado \u00e0 menopausa do que exige outro tipo de tratamento.<\/li>\n\n\n\n<li><strong>Altera\u00e7\u00f5es na press\u00e3o arterial podem surgir ou piorar na menopausa?<\/strong><br>O risco de desenvolver hipertens\u00e3o aumenta com a idade, e a menopausa marca um ponto em que essa probabilidade cresce nas mulheres. A queda do estrog\u00eanio afeta vasos sangu\u00edneos e metabolismo, contribuindo para maior vulnerabilidade cardiovascular. Entretanto, fatores como hist\u00f3rico familiar, dieta rica em s\u00f3dio, sedentarismo e tabagismo continuam sendo determinantes importantes. Portanto, \u00e9 essencial monitorar a press\u00e3o com regularidade nessa fase. Ent\u00e3o, mudan\u00e7as de estilo de vida, acompanhamento m\u00e9dico e, se necess\u00e1rio, medica\u00e7\u00e3o, ajudam a manter a sa\u00fade do cora\u00e7\u00e3o em dia.<\/li>\n\n\n\n<li><strong>A menopausa interfere na sa\u00fade \u00f3ssea, al\u00e9m do risco de osteoporose?<\/strong><br>Em suma, sim, a redu\u00e7\u00e3o do estrog\u00eanio acelera a perda de massa \u00f3ssea, o que n\u00e3o s\u00f3 aumenta o risco de osteoporose, mas tamb\u00e9m de fraturas em pequenas quedas. Entretanto, essa perda n\u00e3o ocorre de um dia para o outro e pode ser desacelerada com cuidados preventivos. Portanto, pr\u00e1tica regular de exerc\u00edcios com impacto controlado e muscula\u00e7\u00e3o, ingest\u00e3o adequada de c\u00e1lcio e vitamina D e, quando indicado, tratamentos espec\u00edficos s\u00e3o fundamentais. Ent\u00e3o, exames como densitometria \u00f3ssea ajudam a acompanhar a sa\u00fade dos ossos ao longo do tempo.<\/li>\n\n\n\n<li><strong>Secura vaginal e dor nas rela\u00e7\u00f5es sexuais s\u00e3o inevit\u00e1veis na menopausa?<\/strong><br>A secura vaginal \u00e9 muito comum, pois a mucosa passa a produzir menos lubrifica\u00e7\u00e3o natural devido \u00e0 queda de estrog\u00eanio. Isso pode levar a desconforto ou dor durante o sexo. Entretanto, n\u00e3o \u00e9 algo com o qual a mulher precise simplesmente se conformar. Portanto, op\u00e7\u00f5es como lubrificantes, hidratantes vaginais e, em alguns casos, terapias locais com estrog\u00eanio podem ser discutidas com o ginecologista. Ent\u00e3o, o di\u00e1logo aberto com o parceiro e o profissional de sa\u00fade \u00e9 essencial para manter uma vida sexual mais confort\u00e1vel e satisfat\u00f3ria.<\/li>\n\n\n\n<li><strong>A menopausa pode causar mau h\u00e1lito ou altera\u00e7\u00f5es na sa\u00fade bucal?<\/strong><br>Altera\u00e7\u00f5es hormonais podem provocar redu\u00e7\u00e3o da saliva, favorecendo boca seca, maior ac\u00famulo de bact\u00e9rias e, consequentemente, mau h\u00e1lito e maior risco de c\u00e1ries. Entretanto, h\u00e1bitos como higiene inadequada, tabagismo e baixa ingest\u00e3o de \u00e1gua tamb\u00e9m contribuem. Portanto, visitas regulares ao dentista, boa escova\u00e7\u00e3o, uso de fio dental e hidrata\u00e7\u00e3o constante s\u00e3o especialmente importantes nessa fase. Ent\u00e3o, se houver dor, sangramento gengival ou piora s\u00fabita do h\u00e1lito, \u00e9 fundamental buscar avalia\u00e7\u00e3o profissional.<\/li>\n<\/ul>\n","protected":false},"excerpt":{"rendered":"<p>Menopausa e sa\u00fade mental: entenda como a queda hormonal afeta emo\u00e7\u00f5es e descubra estrat\u00e9gias para atravessar essa fase com mais leveza<\/p>\n","protected":false},"author":8,"featured_media":23485,"comment_status":"open","ping_status":"open","sticky":false,"template":"","format":"standard","meta":{"jnews-multi-image_gallery":[],"jnews_single_post":{"format":"standard"},"jnews_primary_category":[],"jnews_social_meta":[],"jnews_override_counter":[],"footnotes":""},"categories":[199],"tags":[140,5707,7259,7258,234,514],"class_list":["post-23484","post","type-post","status-publish","format-standard","has-post-thumbnail","hentry","category-bem-estar","tag-bem-estar","tag-menopausa","tag-oscilacao-hormonal","tag-oscilacoes-de-humor","tag-saude-mental","tag-sintomas"],"yoast_head":"<!-- This site is optimized with the Yoast SEO plugin v25.1 - https:\/\/yoast.com\/wordpress\/plugins\/seo\/ -->\n<title>Menopausa e sa\u00fade mental: como a queda hormonal afeta o humor - Correio Braziliense - Aqui<\/title>\n<meta name=\"description\" content=\"Menopausa e sa\u00fade mental: entenda como a queda hormonal afeta emo\u00e7\u00f5es e descubra estrat\u00e9gias para atravessar essa fase com mais leveza\" \/>\n<meta name=\"robots\" content=\"index, follow, max-snippet:-1, max-image-preview:large, max-video-preview:-1\" \/>\n<link rel=\"canonical\" href=\"https:\/\/www.correiobraziliense.com.br\/aqui\/2026\/03\/08\/menopausa-e-saude-mental-como-a-queda-hormonal-afeta-o-humor\/\" \/>\n<meta property=\"og:locale\" content=\"pt_BR\" \/>\n<meta property=\"og:type\" content=\"article\" \/>\n<meta property=\"og:title\" content=\"Menopausa e sa\u00fade mental: como a queda hormonal afeta o humor - Correio Braziliense - Aqui\" \/>\n<meta property=\"og:description\" content=\"Menopausa e sa\u00fade mental: entenda como a queda hormonal afeta emo\u00e7\u00f5es e descubra estrat\u00e9gias para atravessar essa fase com mais leveza\" \/>\n<meta property=\"og:url\" content=\"https:\/\/www.correiobraziliense.com.br\/aqui\/2026\/03\/08\/menopausa-e-saude-mental-como-a-queda-hormonal-afeta-o-humor\/\" \/>\n<meta property=\"og:site_name\" content=\"Correio Braziliense - Aqui\" \/>\n<meta property=\"article:published_time\" content=\"2026-03-08T19:16:00+00:00\" \/>\n<meta property=\"og:image\" content=\"https:\/\/www.correiobraziliense.com.br\/aqui\/wp-content\/uploads\/2026\/03\/httpsneuralmyth.comstaticcachea7ea4029-c6f9-4327-8ee0-a8dd5dd41788.jpeg\" \/>\n\t<meta property=\"og:image:width\" content=\"1280\" \/>\n\t<meta property=\"og:image:height\" content=\"720\" \/>\n\t<meta property=\"og:image:type\" content=\"image\/jpeg\" \/>\n<meta name=\"author\" content=\"Lara\" \/>\n<meta name=\"twitter:card\" content=\"summary_large_image\" \/>\n<meta name=\"twitter:label1\" content=\"Escrito por\" \/>\n\t<meta name=\"twitter:data1\" content=\"Lara\" \/>\n\t<meta name=\"twitter:label2\" content=\"Est. tempo de leitura\" \/>\n\t<meta name=\"twitter:data2\" content=\"11 minutos\" \/>\n<!-- \/ Yoast SEO plugin. -->","yoast_head_json":{"title":"Menopausa e sa\u00fade mental: como a queda hormonal afeta o humor - Correio Braziliense - Aqui","description":"Menopausa e sa\u00fade mental: entenda como a queda hormonal afeta emo\u00e7\u00f5es e descubra estrat\u00e9gias para atravessar essa fase com mais leveza","robots":{"index":"index","follow":"follow","max-snippet":"max-snippet:-1","max-image-preview":"max-image-preview:large","max-video-preview":"max-video-preview:-1"},"canonical":"https:\/\/www.correiobraziliense.com.br\/aqui\/2026\/03\/08\/menopausa-e-saude-mental-como-a-queda-hormonal-afeta-o-humor\/","og_locale":"pt_BR","og_type":"article","og_title":"Menopausa e sa\u00fade mental: como a queda hormonal afeta o humor - Correio Braziliense - Aqui","og_description":"Menopausa e sa\u00fade mental: entenda como a queda hormonal afeta emo\u00e7\u00f5es e descubra estrat\u00e9gias para atravessar essa fase com mais leveza","og_url":"https:\/\/www.correiobraziliense.com.br\/aqui\/2026\/03\/08\/menopausa-e-saude-mental-como-a-queda-hormonal-afeta-o-humor\/","og_site_name":"Correio Braziliense - Aqui","article_published_time":"2026-03-08T19:16:00+00:00","og_image":[{"width":1280,"height":720,"url":"https:\/\/www.correiobraziliense.com.br\/aqui\/wp-content\/uploads\/2026\/03\/httpsneuralmyth.comstaticcachea7ea4029-c6f9-4327-8ee0-a8dd5dd41788.jpeg","type":"image\/jpeg"}],"author":"Lara","twitter_card":"summary_large_image","twitter_misc":{"Escrito por":"Lara","Est. tempo de leitura":"11 minutos"},"schema":{"@context":"https:\/\/schema.org","@graph":[{"@type":"WebPage","@id":"https:\/\/www.correiobraziliense.com.br\/aqui\/2026\/03\/08\/menopausa-e-saude-mental-como-a-queda-hormonal-afeta-o-humor\/","url":"https:\/\/www.correiobraziliense.com.br\/aqui\/2026\/03\/08\/menopausa-e-saude-mental-como-a-queda-hormonal-afeta-o-humor\/","name":"Menopausa e sa\u00fade mental: como a queda hormonal afeta o humor - Correio Braziliense - Aqui","isPartOf":{"@id":"https:\/\/www.correiobraziliense.com.br\/aqui\/#website"},"primaryImageOfPage":{"@id":"https:\/\/www.correiobraziliense.com.br\/aqui\/2026\/03\/08\/menopausa-e-saude-mental-como-a-queda-hormonal-afeta-o-humor\/#primaryimage"},"image":{"@id":"https:\/\/www.correiobraziliense.com.br\/aqui\/2026\/03\/08\/menopausa-e-saude-mental-como-a-queda-hormonal-afeta-o-humor\/#primaryimage"},"thumbnailUrl":"https:\/\/www.correiobraziliense.com.br\/aqui\/wp-content\/uploads\/2026\/03\/httpsneuralmyth.comstaticcachea7ea4029-c6f9-4327-8ee0-a8dd5dd41788.jpeg","datePublished":"2026-03-08T19:16:00+00:00","author":{"@id":"https:\/\/www.correiobraziliense.com.br\/aqui\/#\/schema\/person\/5d6e4d99fecc86ab1a7ed1a0369afb65"},"description":"Menopausa e sa\u00fade mental: entenda como a queda hormonal afeta emo\u00e7\u00f5es e descubra estrat\u00e9gias para atravessar essa fase com mais leveza","breadcrumb":{"@id":"https:\/\/www.correiobraziliense.com.br\/aqui\/2026\/03\/08\/menopausa-e-saude-mental-como-a-queda-hormonal-afeta-o-humor\/#breadcrumb"},"inLanguage":"pt-BR","potentialAction":[{"@type":"ReadAction","target":["https:\/\/www.correiobraziliense.com.br\/aqui\/2026\/03\/08\/menopausa-e-saude-mental-como-a-queda-hormonal-afeta-o-humor\/"]}]},{"@type":"ImageObject","inLanguage":"pt-BR","@id":"https:\/\/www.correiobraziliense.com.br\/aqui\/2026\/03\/08\/menopausa-e-saude-mental-como-a-queda-hormonal-afeta-o-humor\/#primaryimage","url":"https:\/\/www.correiobraziliense.com.br\/aqui\/wp-content\/uploads\/2026\/03\/httpsneuralmyth.comstaticcachea7ea4029-c6f9-4327-8ee0-a8dd5dd41788.jpeg","contentUrl":"https:\/\/www.correiobraziliense.com.br\/aqui\/wp-content\/uploads\/2026\/03\/httpsneuralmyth.comstaticcachea7ea4029-c6f9-4327-8ee0-a8dd5dd41788.jpeg","width":1280,"height":720,"caption":"Cr\u00e9ditos: depositphotos.com \/ IgorVetushko"},{"@type":"BreadcrumbList","@id":"https:\/\/www.correiobraziliense.com.br\/aqui\/2026\/03\/08\/menopausa-e-saude-mental-como-a-queda-hormonal-afeta-o-humor\/#breadcrumb","itemListElement":[{"@type":"ListItem","position":1,"name":"In\u00edcio","item":"https:\/\/www.correiobraziliense.com.br\/aqui\/"},{"@type":"ListItem","position":2,"name":"Menopausa e sa\u00fade mental: como a queda hormonal afeta o humor"}]},{"@type":"WebSite","@id":"https:\/\/www.correiobraziliense.com.br\/aqui\/#website","url":"https:\/\/www.correiobraziliense.com.br\/aqui\/","name":"Correio Braziliense - Aqui","description":"O Correio Braziliense (CB) \u00e9 o mais importante canal de not\u00edcias de Bras\u00edlia. Aqui voc\u00ea encontra as \u00faltimas not\u00edcias do DF, do Brasil e do mundo.","potentialAction":[{"@type":"SearchAction","target":{"@type":"EntryPoint","urlTemplate":"https:\/\/www.correiobraziliense.com.br\/aqui\/?s={search_term_string}"},"query-input":{"@type":"PropertyValueSpecification","valueRequired":true,"valueName":"search_term_string"}}],"inLanguage":"pt-BR"},{"@type":"Person","@id":"https:\/\/www.correiobraziliense.com.br\/aqui\/#\/schema\/person\/5d6e4d99fecc86ab1a7ed1a0369afb65","name":"Lara","image":{"@type":"ImageObject","inLanguage":"pt-BR","@id":"https:\/\/www.correiobraziliense.com.br\/aqui\/#\/schema\/person\/image\/","url":"https:\/\/secure.gravatar.com\/avatar\/57056c5c343a6d8a6669688d3d2c04916d9d280b352b6e50e66a8d39b2517e00?s=96&d=mm&r=g","contentUrl":"https:\/\/secure.gravatar.com\/avatar\/57056c5c343a6d8a6669688d3d2c04916d9d280b352b6e50e66a8d39b2517e00?s=96&d=mm&r=g","caption":"Lara"},"url":"https:\/\/www.correiobraziliense.com.br\/aqui\/author\/laraaqui\/"}]}},"_links":{"self":[{"href":"https:\/\/www.correiobraziliense.com.br\/aqui\/wp-json\/wp\/v2\/posts\/23484","targetHints":{"allow":["GET"]}}],"collection":[{"href":"https:\/\/www.correiobraziliense.com.br\/aqui\/wp-json\/wp\/v2\/posts"}],"about":[{"href":"https:\/\/www.correiobraziliense.com.br\/aqui\/wp-json\/wp\/v2\/types\/post"}],"author":[{"embeddable":true,"href":"https:\/\/www.correiobraziliense.com.br\/aqui\/wp-json\/wp\/v2\/users\/8"}],"replies":[{"embeddable":true,"href":"https:\/\/www.correiobraziliense.com.br\/aqui\/wp-json\/wp\/v2\/comments?post=23484"}],"version-history":[{"count":2,"href":"https:\/\/www.correiobraziliense.com.br\/aqui\/wp-json\/wp\/v2\/posts\/23484\/revisions"}],"predecessor-version":[{"id":23488,"href":"https:\/\/www.correiobraziliense.com.br\/aqui\/wp-json\/wp\/v2\/posts\/23484\/revisions\/23488"}],"wp:featuredmedia":[{"embeddable":true,"href":"https:\/\/www.correiobraziliense.com.br\/aqui\/wp-json\/wp\/v2\/media\/23485"}],"wp:attachment":[{"href":"https:\/\/www.correiobraziliense.com.br\/aqui\/wp-json\/wp\/v2\/media?parent=23484"}],"wp:term":[{"taxonomy":"category","embeddable":true,"href":"https:\/\/www.correiobraziliense.com.br\/aqui\/wp-json\/wp\/v2\/categories?post=23484"},{"taxonomy":"post_tag","embeddable":true,"href":"https:\/\/www.correiobraziliense.com.br\/aqui\/wp-json\/wp\/v2\/tags?post=23484"}],"curies":[{"name":"wp","href":"https:\/\/api.w.org\/{rel}","templated":true}]}}