{"id":23520,"date":"2026-03-03T17:32:00","date_gmt":"2026-03-03T20:32:00","guid":{"rendered":"https:\/\/www.correiobraziliense.com.br\/aqui\/?p=23520"},"modified":"2026-03-03T16:59:34","modified_gmt":"2026-03-03T19:59:34","slug":"crescimento-infantil-abaixo-do-esperado-o-que-especialistas-dizem","status":"publish","type":"post","link":"https:\/\/www.correiobraziliense.com.br\/aqui\/2026\/03\/03\/crescimento-infantil-abaixo-do-esperado-o-que-especialistas-dizem\/","title":{"rendered":"Crescimento infantil abaixo do esperado: o que especialistas dizem"},"content":{"rendered":"\n<p>O <a href=\"https:\/\/www.correiobraziliense.com.br\/aqui\/2026\/02\/09\/entenda-como-a-obesidade-infantil-pode-ocasionar-danos-vasculares-graves\/\">crescimento infantil <\/a>\u00e9 um processo cont\u00ednuo que reflete diretamente a sa\u00fade e o desenvolvimento global da crian\u00e7a. Quando a estatura progride de forma mais lenta do que o esperado para a idade, pode indicar desde varia\u00e7\u00f5es individuais at\u00e9 doen\u00e7as que exigem investiga\u00e7\u00e3o. A identifica\u00e7\u00e3o precoce dessas altera\u00e7\u00f5es permite ajustar rotinas, realizar exames e, quando necess\u00e1rio, iniciar tratamentos espec\u00edficos.<\/p>\n\n\n\n<h2 class=\"wp-block-heading\">Crescimento infantil: o que \u00e9 considerado desenvolvimento normal?<\/h2>\n\n\n\n<p>Em geral, o beb\u00ea cresce cerca de 25 cent\u00edmetros no primeiro ano de vida e reduz esse ritmo para aproximadamente 12 cent\u00edmetros no segundo ano. A partir dos 3 anos at\u00e9 o in\u00edcio da puberdade, a velocidade tende a se estabilizar em torno de 5 a 7 cent\u00edmetros por ano, com varia\u00e7\u00f5es individuais. Ent\u00e3o, oscila\u00e7\u00f5es pequenas dentro dessa faixa costumam fazer parte da diversidade normal entre as crian\u00e7as.<\/p>\n\n\n\n<p>J\u00e1 na puberdade, ocorre o chamado estir\u00e3o de crescimento, em que a altura aumenta em ritmo mais acelerado. Meninas costumam apresentar esse pico mais cedo, com ganho m\u00e9dio anual entre 8 e 9 cent\u00edmetros. Nos meninos, o estir\u00e3o costuma ser um pouco mais tardio, com aumento em torno de 9 a 10 cent\u00edmetros por ano. Esses valores s\u00e3o m\u00e9dias populacionais e servem como refer\u00eancia para avaliar se a crian\u00e7a est\u00e1 dentro do padr\u00e3o esperado para a idade e o sexo. Entretanto, o momento exato em que esse pico acontece varia de acordo com a gen\u00e9tica, o estado nutricional e at\u00e9 fatores emocionais.<\/p>\n\n\n\n<p>A an\u00e1lise n\u00e3o se limita \u00e0 medida de altura em um \u00fanico momento. A <strong>velocidade de crescimento<\/strong> ao longo de meses e anos \u00e9 um indicador central. Por isso, o uso de gr\u00e1ficos e curvas padronizadas, preenchidos em consultas de rotina, auxilia a verificar se a crian\u00e7a mant\u00e9m o mesmo canal de crescimento.<\/p>\n\n\n\n<h3 class=\"wp-block-heading\">Primeiros anos<\/h3>\n\n\n\n<ul class=\"wp-block-list\">\n<li>1\u00ba ano: cerca de 25 cm.<\/li>\n\n\n\n<li>2\u00ba ano: aproximadamente 12 cm.<\/li>\n<\/ul>\n\n\n\n<h3 class=\"wp-block-heading\">Dos 3 anos at\u00e9 a puberdade<\/h3>\n\n\n\n<ul class=\"wp-block-list\">\n<li>M\u00e9dia de 5 a 7 cm por ano.<\/li>\n<\/ul>\n\n\n\n<h3 class=\"wp-block-heading\">Puberdade (estir\u00e3o)<\/h3>\n\n\n\n<ul class=\"wp-block-list\">\n<li>Meninas: 8 a 9 cm por ano.<\/li>\n\n\n\n<li>Meninos: 9 a 10 cm por ano.<\/li>\n<\/ul>\n\n\n\n<h2 class=\"wp-block-heading\">Como reconhecer sinais de alerta no crescimento infantil?<\/h2>\n\n\n\n<p>Os sinais de alerta relacionados ao crescimento infantil podem ser discretos no in\u00edcio. Em alguns casos, os familiares percebem que a crian\u00e7a demora mais tempo do que o habitual para trocar de tamanho de roupas ou cal\u00e7ados. Em outros, a diferen\u00e7a de altura em rela\u00e7\u00e3o a irm\u00e3os ou colegas da mesma idade aumenta progressivamente, sugerindo poss\u00edvel altera\u00e7\u00e3o na velocidade de crescimento. Em suma, mudan\u00e7as sutis no dia a dia, quando se repetem ao longo de meses, precisam de aten\u00e7\u00e3o.<\/p>\n\n\n\n<p>Algumas situa\u00e7\u00f5es costumam motivar avalia\u00e7\u00e3o mais detalhada:<\/p>\n\n\n\n<ul class=\"wp-block-list\">\n<li>Crian\u00e7a consistentemente mais baixa que a maioria dos colegas da mesma idade.<\/li>\n\n\n\n<li>Queda de percentil nas curvas de crescimento em consultas sucessivas.<\/li>\n\n\n\n<li>Hist\u00f3rico de doen\u00e7as cr\u00f4nicas, interna\u00e7\u00f5es frequentes ou alimenta\u00e7\u00e3o muito restrita.<\/li>\n\n\n\n<li>Aus\u00eancia de sinais de puberdade em idade em que geralmente j\u00e1 aparecem nos pares.<\/li>\n<\/ul>\n\n\n\n<p>Al\u00e9m disso, a presen\u00e7a de outros sintomas, como cansa\u00e7o excessivo, ganho de peso desproporcional, altera\u00e7\u00f5es de sono, fei\u00e7\u00f5es faciais diferentes ou atraso em marcos do desenvolvimento, pode indicar condi\u00e7\u00f5es hormonais, nutricionais ou gen\u00e9ticas. Em tais situa\u00e7\u00f5es, o acompanhamento com pediatra e, se indicado, com endocrinologista pedi\u00e1trico, torna-se fundamental. Portanto, n\u00e3o se deve esperar longos per\u00edodos para buscar ajuda quando v\u00e1rios desses sinais aparecem em conjunto.<\/p>\n\n\n\n<p>Ent\u00e3o, observar a crian\u00e7a em diferentes contextos \u2014 em casa, na escola e nas atividades f\u00edsicas \u2014 ajuda a compor um quadro mais completo. Entretanto, a confirma\u00e7\u00e3o de qualquer altera\u00e7\u00e3o depende sempre da avalia\u00e7\u00e3o profissional, que integra dados de exame f\u00edsico, hist\u00f3ria cl\u00ednica e exames complementares.<\/p>\n\n\n\n<h2 class=\"wp-block-heading\">Quais s\u00e3o as principais causas de crescimento lento?<\/h2>\n\n\n\n<p>O diagn\u00f3stico pode envolver diferentes grupos de causas.<\/p>\n\n\n\n<h2 class=\"wp-block-heading\">Causas hormonais<\/h2>\n\n\n\n<ul class=\"wp-block-list\">\n<li>Defici\u00eancia do horm\u00f4nio do crescimento.<\/li>\n\n\n\n<li>Hipotireoidismo.<\/li>\n\n\n\n<li>Altera\u00e7\u00f5es do in\u00edcio da puberdade.<\/li>\n<\/ul>\n\n\n\n<p>Essas condi\u00e7\u00f5es costumam responder bem quando tratadas precocemente.<\/p>\n\n\n\n<hr class=\"wp-block-separator has-alpha-channel-opacity\"\/>\n\n\n\n<h2 class=\"wp-block-heading\">Causas nutricionais<\/h2>\n\n\n\n<ul class=\"wp-block-list\">\n<li>Baixa ingest\u00e3o de prote\u00ednas e micronutrientes.<\/li>\n\n\n\n<li>Problemas de absor\u00e7\u00e3o intestinal.<\/li>\n\n\n\n<li>Dietas muito restritivas.<\/li>\n<\/ul>\n\n\n\n<p>O crescimento depende de aporte nutricional adequado e regular.<\/p>\n\n\n\n<hr class=\"wp-block-separator has-alpha-channel-opacity\"\/>\n\n\n\n<h2 class=\"wp-block-heading\">Doen\u00e7as cr\u00f4nicas<\/h2>\n\n\n\n<ul class=\"wp-block-list\">\n<li>Doen\u00e7as card\u00edacas, renais, intestinais ou pulmonares.<\/li>\n\n\n\n<li>Inflama\u00e7\u00f5es persistentes.<\/li>\n<\/ul>\n\n\n\n<p>Nesses casos, o organismo prioriza fun\u00e7\u00f5es vitais em vez do crescimento.<\/p>\n\n\n\n<hr class=\"wp-block-separator has-alpha-channel-opacity\"\/>\n\n\n\n<h2 class=\"wp-block-heading\">Causas gen\u00e9ticas<\/h2>\n\n\n\n<ul class=\"wp-block-list\">\n<li>S\u00edndromes espec\u00edficas.<\/li>\n\n\n\n<li>Altera\u00e7\u00f5es cromoss\u00f4micas.<\/li>\n\n\n\n<li>Hist\u00f3rico familiar de baixa estatura.<\/li>\n<\/ul>\n\n\n\n<p>Podem estar associadas a outras caracter\u00edsticas f\u00edsicas ou atrasos no desenvolvimento.<\/p>\n\n\n\n<h2 class=\"wp-block-heading\">Quando a baixa estatura infantil deve ser investigada?<\/h2>\n\n\n\n<p>Nem toda crian\u00e7a baixa tem uma doen\u00e7a, e nem todo crescimento lento \u00e9 transit\u00f3rio. A baixa estatura relacionada \u00e0 heran\u00e7a familiar e o chamado atraso constitucional do crescimento e da puberdade s\u00e3o exemplos de varia\u00e7\u00f5es consideradas benignas. Ainda assim, a diferencia\u00e7\u00e3o entre esses quadros e causas patol\u00f3gicas exige an\u00e1lise cuidadosa. Portanto, comparar a altura dos pais, o hist\u00f3rico de crescimento de irm\u00e3os e at\u00e9 registros antigos de peso e estatura da crian\u00e7a se torna uma etapa importante dessa an\u00e1lise.<\/p>\n\n\n\n<p>Em geral, recomenda-se investiga\u00e7\u00e3o quando:<\/p>\n\n\n\n<ol class=\"wp-block-list\">\n<li>A altura est\u00e1 abaixo do percentil 3 nas curvas de crescimento padr\u00e3o.<\/li>\n\n\n\n<li>H\u00e1 redu\u00e7\u00e3o acentuada da velocidade de crescimento em rela\u00e7\u00e3o aos anos anteriores.<\/li>\n\n\n\n<li>Existe hist\u00f3ria familiar de doen\u00e7as end\u00f3crinas, gen\u00e9ticas ou cr\u00f4nicas relevantes.<\/li>\n\n\n\n<li>Os sinais de puberdade aparecem muito tarde em compara\u00e7\u00e3o com a m\u00e9dia da popula\u00e7\u00e3o.<\/li>\n<\/ol>\n\n\n\n<p>O processo de avalia\u00e7\u00e3o pode incluir anamnese detalhada, exame f\u00edsico completo, revis\u00e3o do cart\u00e3o de vacina\u00e7\u00e3o e do hist\u00f3rico de ganho de peso e estatura, al\u00e9m de exames laboratoriais e de imagem, como radiografia de punho para estimar idade \u00f3ssea. A partir desses dados, o especialista define se o crescimento infantil est\u00e1 dentro da varia\u00e7\u00e3o esperada ou se h\u00e1 necessidade de tratamento espec\u00edfico, como reposi\u00e7\u00e3o hormonal ou ajustes nutricionais. Essa investiga\u00e7\u00e3o funciona como um mapa que orienta decis\u00f5es mais seguras e personalizadas para cada crian\u00e7a.<\/p>\n\n\n\n<h2 class=\"wp-block-heading\">FAQ &#8211; Perguntas frequentes sobre crescimento infantil<\/h2>\n\n\n\n<p><strong>1. Com que frequ\u00eancia devo medir a altura da crian\u00e7a em casa?<\/strong><br>Idealmente, a altura pode ser medida a cada 3 ou 4 meses, sempre no mesmo local e com a mesma t\u00e9cnica. Ent\u00e3o, anotar essas medidas ajuda a observar o ritmo, mas n\u00e3o substitui as aferi\u00e7\u00f5es feitas nas consultas pedi\u00e1tricas.<\/p>\n\n\n\n<p><strong>2. Exerc\u00edcios f\u00edsicos podem atrapalhar o crescimento?<\/strong><br>Atividade f\u00edsica regular, orientada e adequada \u00e0 idade, n\u00e3o atrapalha o crescimento; pelo contr\u00e1rio, favorece ossos e m\u00fasculos saud\u00e1veis. Entretanto, treinos muito intensos, sem supervis\u00e3o e com carga excessiva, podem gerar les\u00f5es e exigir avalia\u00e7\u00e3o m\u00e9dica.<\/p>\n\n\n\n<p><strong>3. O sono influencia o crescimento infantil?<\/strong><br>Sim. Durante o sono profundo, ocorre libera\u00e7\u00e3o importante do horm\u00f4nio do crescimento. Portanto, manter rotina de sono regular, com hor\u00e1rios adequados e ambiente tranquilo, apoia diretamente o desenvolvimento em estatura e o bem-estar geral.<\/p>\n\n\n\n<p><strong>4. Suplementos vitam\u00ednicos fazem a crian\u00e7a crescer mais r\u00e1pido?<\/strong><br>Suplementos s\u00f3 trazem benef\u00edcio real quando existe defici\u00eancia comprovada ou risco nutricional espec\u00edfico. Em suma, eles n\u00e3o substituem uma alimenta\u00e7\u00e3o equilibrada e n\u00e3o provocam aumento de estatura em crian\u00e7as que j\u00e1 recebem todos os nutrientes necess\u00e1rios na dieta.<\/p>\n\n\n\n<p><strong>5. Quando devo procurar um endocrinologista pedi\u00e1trico?<\/strong><br>A consulta com endocrinologista pedi\u00e1trico se torna indicada quando o pediatra identifica baixa velocidade de crescimento, altura abaixo do esperado para a idade, sinais de puberdade muito tardios ou muito precoces, ou suspeita de doen\u00e7as hormonais ou gen\u00e9ticas. Portanto, o primeiro passo costuma ser sempre conversar com o pediatra, que orienta o melhor momento para esse encaminhamento.<\/p>\n","protected":false},"excerpt":{"rendered":"<p>O crescimento infantil \u00e9 um processo cont\u00ednuo que reflete diretamente a sa\u00fade e o desenvolvimento global da crian\u00e7a. Quando a estatura progride de forma mais lenta do que o esperado para a idade, pode indicar desde varia\u00e7\u00f5es individuais at\u00e9 doen\u00e7as que exigem investiga\u00e7\u00e3o. A identifica\u00e7\u00e3o precoce dessas altera\u00e7\u00f5es permite ajustar rotinas, realizar exames e, quando [&hellip;]<\/p>\n","protected":false},"author":10,"featured_media":23521,"comment_status":"open","ping_status":"open","sticky":false,"template":"","format":"standard","meta":{"jnews-multi-image_gallery":[],"jnews_single_post":{"format":"standard"},"jnews_primary_category":[],"jnews_social_meta":[],"jnews_override_counter":[],"footnotes":""},"categories":[123],"tags":[6051,6445,141],"class_list":["post-23520","post","type-post","status-publish","format-standard","has-post-thumbnail","hentry","category-saude","tag-crescimento","tag-infantil","tag-saude"],"yoast_head":"<!-- This site is optimized with the Yoast SEO plugin v25.1 - https:\/\/yoast.com\/wordpress\/plugins\/seo\/ -->\n<title>Crescimento infantil abaixo do esperado: o que especialistas dizem - Correio Braziliense - Aqui<\/title>\n<meta name=\"description\" content=\"Crescimento infantil lento: entenda sinais de alerta, causas hormonais e quando buscar ajuda m\u00e9dica e proteger o futuro da crian\u00e7a.\" \/>\n<meta name=\"robots\" content=\"index, follow, max-snippet:-1, max-image-preview:large, max-video-preview:-1\" \/>\n<link rel=\"canonical\" href=\"https:\/\/www.correiobraziliense.com.br\/aqui\/2026\/03\/03\/crescimento-infantil-abaixo-do-esperado-o-que-especialistas-dizem\/\" \/>\n<meta property=\"og:locale\" content=\"pt_BR\" \/>\n<meta property=\"og:type\" content=\"article\" \/>\n<meta property=\"og:title\" content=\"Crescimento infantil abaixo do esperado: o que especialistas dizem - Correio Braziliense - Aqui\" \/>\n<meta property=\"og:description\" content=\"Crescimento infantil lento: entenda sinais de alerta, causas hormonais e quando buscar ajuda m\u00e9dica e proteger o futuro da crian\u00e7a.\" \/>\n<meta property=\"og:url\" content=\"https:\/\/www.correiobraziliense.com.br\/aqui\/2026\/03\/03\/crescimento-infantil-abaixo-do-esperado-o-que-especialistas-dizem\/\" \/>\n<meta property=\"og:site_name\" content=\"Correio Braziliense - Aqui\" \/>\n<meta property=\"article:published_time\" content=\"2026-03-03T20:32:00+00:00\" \/>\n<meta property=\"og:image\" content=\"https:\/\/www.correiobraziliense.com.br\/aqui\/wp-content\/uploads\/2026\/03\/httpsneuralmyth.comstaticcache1170f852-ce34-4bbf-a6cf-401f96589839.jpeg\" \/>\n\t<meta property=\"og:image:width\" content=\"1280\" \/>\n\t<meta property=\"og:image:height\" content=\"720\" \/>\n\t<meta property=\"og:image:type\" content=\"image\/jpeg\" \/>\n<meta name=\"author\" content=\"Larissa\" \/>\n<meta name=\"twitter:card\" content=\"summary_large_image\" \/>\n<meta name=\"twitter:label1\" content=\"Escrito por\" \/>\n\t<meta name=\"twitter:data1\" content=\"Larissa\" \/>\n\t<meta name=\"twitter:label2\" content=\"Est. tempo de leitura\" \/>\n\t<meta name=\"twitter:data2\" content=\"7 minutos\" \/>\n<!-- \/ Yoast SEO plugin. -->","yoast_head_json":{"title":"Crescimento infantil abaixo do esperado: o que especialistas dizem - Correio Braziliense - Aqui","description":"Crescimento infantil lento: entenda sinais de alerta, causas hormonais e quando buscar ajuda m\u00e9dica e proteger o futuro da crian\u00e7a.","robots":{"index":"index","follow":"follow","max-snippet":"max-snippet:-1","max-image-preview":"max-image-preview:large","max-video-preview":"max-video-preview:-1"},"canonical":"https:\/\/www.correiobraziliense.com.br\/aqui\/2026\/03\/03\/crescimento-infantil-abaixo-do-esperado-o-que-especialistas-dizem\/","og_locale":"pt_BR","og_type":"article","og_title":"Crescimento infantil abaixo do esperado: o que especialistas dizem - Correio Braziliense - Aqui","og_description":"Crescimento infantil lento: entenda sinais de alerta, causas hormonais e quando buscar ajuda m\u00e9dica e proteger o futuro da crian\u00e7a.","og_url":"https:\/\/www.correiobraziliense.com.br\/aqui\/2026\/03\/03\/crescimento-infantil-abaixo-do-esperado-o-que-especialistas-dizem\/","og_site_name":"Correio Braziliense - Aqui","article_published_time":"2026-03-03T20:32:00+00:00","og_image":[{"width":1280,"height":720,"url":"https:\/\/www.correiobraziliense.com.br\/aqui\/wp-content\/uploads\/2026\/03\/httpsneuralmyth.comstaticcache1170f852-ce34-4bbf-a6cf-401f96589839.jpeg","type":"image\/jpeg"}],"author":"Larissa","twitter_card":"summary_large_image","twitter_misc":{"Escrito por":"Larissa","Est. tempo de leitura":"7 minutos"},"schema":{"@context":"https:\/\/schema.org","@graph":[{"@type":"WebPage","@id":"https:\/\/www.correiobraziliense.com.br\/aqui\/2026\/03\/03\/crescimento-infantil-abaixo-do-esperado-o-que-especialistas-dizem\/","url":"https:\/\/www.correiobraziliense.com.br\/aqui\/2026\/03\/03\/crescimento-infantil-abaixo-do-esperado-o-que-especialistas-dizem\/","name":"Crescimento infantil abaixo do esperado: o que especialistas dizem - Correio Braziliense - Aqui","isPartOf":{"@id":"https:\/\/www.correiobraziliense.com.br\/aqui\/#website"},"primaryImageOfPage":{"@id":"https:\/\/www.correiobraziliense.com.br\/aqui\/2026\/03\/03\/crescimento-infantil-abaixo-do-esperado-o-que-especialistas-dizem\/#primaryimage"},"image":{"@id":"https:\/\/www.correiobraziliense.com.br\/aqui\/2026\/03\/03\/crescimento-infantil-abaixo-do-esperado-o-que-especialistas-dizem\/#primaryimage"},"thumbnailUrl":"https:\/\/www.correiobraziliense.com.br\/aqui\/wp-content\/uploads\/2026\/03\/httpsneuralmyth.comstaticcache1170f852-ce34-4bbf-a6cf-401f96589839.jpeg","datePublished":"2026-03-03T20:32:00+00:00","author":{"@id":"https:\/\/www.correiobraziliense.com.br\/aqui\/#\/schema\/person\/775f50a8c1ac31704d56816e99b29041"},"description":"Crescimento infantil lento: entenda sinais de alerta, causas hormonais e quando buscar ajuda m\u00e9dica e proteger o futuro da crian\u00e7a.","breadcrumb":{"@id":"https:\/\/www.correiobraziliense.com.br\/aqui\/2026\/03\/03\/crescimento-infantil-abaixo-do-esperado-o-que-especialistas-dizem\/#breadcrumb"},"inLanguage":"pt-BR","potentialAction":[{"@type":"ReadAction","target":["https:\/\/www.correiobraziliense.com.br\/aqui\/2026\/03\/03\/crescimento-infantil-abaixo-do-esperado-o-que-especialistas-dizem\/"]}]},{"@type":"ImageObject","inLanguage":"pt-BR","@id":"https:\/\/www.correiobraziliense.com.br\/aqui\/2026\/03\/03\/crescimento-infantil-abaixo-do-esperado-o-que-especialistas-dizem\/#primaryimage","url":"https:\/\/www.correiobraziliense.com.br\/aqui\/wp-content\/uploads\/2026\/03\/httpsneuralmyth.comstaticcache1170f852-ce34-4bbf-a6cf-401f96589839.jpeg","contentUrl":"https:\/\/www.correiobraziliense.com.br\/aqui\/wp-content\/uploads\/2026\/03\/httpsneuralmyth.comstaticcache1170f852-ce34-4bbf-a6cf-401f96589839.jpeg","width":1280,"height":720,"caption":"Cr\u00e9ditos: depositphotos.com \/ DimaKozitsyn"},{"@type":"BreadcrumbList","@id":"https:\/\/www.correiobraziliense.com.br\/aqui\/2026\/03\/03\/crescimento-infantil-abaixo-do-esperado-o-que-especialistas-dizem\/#breadcrumb","itemListElement":[{"@type":"ListItem","position":1,"name":"In\u00edcio","item":"https:\/\/www.correiobraziliense.com.br\/aqui\/"},{"@type":"ListItem","position":2,"name":"Crescimento infantil abaixo do esperado: o que especialistas dizem"}]},{"@type":"WebSite","@id":"https:\/\/www.correiobraziliense.com.br\/aqui\/#website","url":"https:\/\/www.correiobraziliense.com.br\/aqui\/","name":"Correio Braziliense - Aqui","description":"O Correio Braziliense (CB) \u00e9 o mais importante canal de not\u00edcias de Bras\u00edlia. Aqui voc\u00ea encontra as \u00faltimas not\u00edcias do DF, do Brasil e do mundo.","potentialAction":[{"@type":"SearchAction","target":{"@type":"EntryPoint","urlTemplate":"https:\/\/www.correiobraziliense.com.br\/aqui\/?s={search_term_string}"},"query-input":{"@type":"PropertyValueSpecification","valueRequired":true,"valueName":"search_term_string"}}],"inLanguage":"pt-BR"},{"@type":"Person","@id":"https:\/\/www.correiobraziliense.com.br\/aqui\/#\/schema\/person\/775f50a8c1ac31704d56816e99b29041","name":"Larissa","image":{"@type":"ImageObject","inLanguage":"pt-BR","@id":"https:\/\/www.correiobraziliense.com.br\/aqui\/#\/schema\/person\/image\/","url":"https:\/\/secure.gravatar.com\/avatar\/62f5b2e99de671d075ab98e19f03c3c38c80a93f5d06f51075cf4431a4e76458?s=96&d=mm&r=g","contentUrl":"https:\/\/secure.gravatar.com\/avatar\/62f5b2e99de671d075ab98e19f03c3c38c80a93f5d06f51075cf4431a4e76458?s=96&d=mm&r=g","caption":"Larissa"},"url":"https:\/\/www.correiobraziliense.com.br\/aqui\/author\/larissaaqui\/"}]}},"_links":{"self":[{"href":"https:\/\/www.correiobraziliense.com.br\/aqui\/wp-json\/wp\/v2\/posts\/23520","targetHints":{"allow":["GET"]}}],"collection":[{"href":"https:\/\/www.correiobraziliense.com.br\/aqui\/wp-json\/wp\/v2\/posts"}],"about":[{"href":"https:\/\/www.correiobraziliense.com.br\/aqui\/wp-json\/wp\/v2\/types\/post"}],"author":[{"embeddable":true,"href":"https:\/\/www.correiobraziliense.com.br\/aqui\/wp-json\/wp\/v2\/users\/10"}],"replies":[{"embeddable":true,"href":"https:\/\/www.correiobraziliense.com.br\/aqui\/wp-json\/wp\/v2\/comments?post=23520"}],"version-history":[{"count":6,"href":"https:\/\/www.correiobraziliense.com.br\/aqui\/wp-json\/wp\/v2\/posts\/23520\/revisions"}],"predecessor-version":[{"id":23528,"href":"https:\/\/www.correiobraziliense.com.br\/aqui\/wp-json\/wp\/v2\/posts\/23520\/revisions\/23528"}],"wp:featuredmedia":[{"embeddable":true,"href":"https:\/\/www.correiobraziliense.com.br\/aqui\/wp-json\/wp\/v2\/media\/23521"}],"wp:attachment":[{"href":"https:\/\/www.correiobraziliense.com.br\/aqui\/wp-json\/wp\/v2\/media?parent=23520"}],"wp:term":[{"taxonomy":"category","embeddable":true,"href":"https:\/\/www.correiobraziliense.com.br\/aqui\/wp-json\/wp\/v2\/categories?post=23520"},{"taxonomy":"post_tag","embeddable":true,"href":"https:\/\/www.correiobraziliense.com.br\/aqui\/wp-json\/wp\/v2\/tags?post=23520"}],"curies":[{"name":"wp","href":"https:\/\/api.w.org\/{rel}","templated":true}]}}