{"id":23834,"date":"2026-03-05T18:47:00","date_gmt":"2026-03-05T21:47:00","guid":{"rendered":"https:\/\/www.correiobraziliense.com.br\/aqui\/?p=23834"},"modified":"2026-03-05T16:32:44","modified_gmt":"2026-03-05T19:32:44","slug":"usar-mel-em-vez-de-acucar-e-realmente-mais-saudavel","status":"publish","type":"post","link":"https:\/\/www.correiobraziliense.com.br\/aqui\/2026\/03\/05\/usar-mel-em-vez-de-acucar-e-realmente-mais-saudavel\/","title":{"rendered":"Usar mel em vez de a\u00e7\u00facar \u00e9 realmente mais saud\u00e1vel?"},"content":{"rendered":"\n<p>O mel ocupa um espa\u00e7o particular na alimenta\u00e7\u00e3o moderna, especialmente entre pessoas interessadas em alternativas ao a\u00e7\u00facar refinado. Considerado um ado\u00e7ante natural, ele combina sabor marcante com propriedades nutricionais que chamam a aten\u00e7\u00e3o de profissionais de sa\u00fade. Por isso, a busca por informa\u00e7\u00f5es confi\u00e1veis sobre o mel como substituto do a\u00e7\u00facar tem crescido de forma constante nos \u00faltimos anos.<\/p>\n\n\n\n<p>Ao mesmo tempo, o produto n\u00e3o \u00e9 isento de cuidados. Seu alto teor de carboidratos exige aten\u00e7\u00e3o em rela\u00e7\u00e3o \u00e0 quantidade consumida, principalmente em dietas espec\u00edficas, como as de pessoas com diabetes ou resist\u00eancia \u00e0 insulina. Entender o que o mel realmente oferece, em termos de calorias, vitaminas, minerais e efeitos no organismo, ajuda a utiliz\u00e1-lo de maneira mais estrat\u00e9gica no dia a dia.<\/p>\n\n\n\n<h2 class=\"wp-block-heading\">Mel \u00e9 melhor que a\u00e7\u00facar refinado?<\/h2>\n\n\n\n<p>A compara\u00e7\u00e3o entre mel e a\u00e7\u00facar costuma come\u00e7ar pelo \u00edndice glic\u00eamico e pela densidade nutricional. Ambos fornecem energia r\u00e1pida, mas o a\u00e7\u00facar refinado \u00e9 basicamente sacarose purificada, com calorias consideradas \u201cvazias\u201d, por n\u00e3o trazer outros nutrientes relevantes. J\u00e1 o mel, mesmo sendo cal\u00f3rico, <strong><a href=\"https:\/\/www.correiobraziliense.com.br\/aqui\/2026\/03\/04\/melancia-como-a-fruta-e-importante-para-a-saude-do-coracao\/\" target=\"_blank\" rel=\"noreferrer noopener\">apresenta pequenas quantidades de vitaminas do complexo B, vitamina C, minerais como pot\u00e1ssio e c\u00e1lcio<\/a><\/strong>, al\u00e9m de compostos bioativos que podem ter efeito antioxidante.<\/p>\n\n\n\n<p>Outro ponto frequentemente mencionado \u00e9 a presen\u00e7a de subst\u00e2ncias com potencial anti-inflamat\u00f3rio e antimicrobiano, associadas, em parte, a compostos fen\u00f3licos e \u00e0 pr\u00f3pria estrutura do mel, que dificulta o crescimento de microrganismos. Essas caracter\u00edsticas fazem do mel um ingrediente bastante utilizado em prepara\u00e7\u00f5es caseiras voltadas ao al\u00edvio de irrita\u00e7\u00f5es de garganta e desconfortos respirat\u00f3rios, sempre como complemento e n\u00e3o substituto de orienta\u00e7\u00f5es m\u00e9dicas.<\/p>\n\n\n\n<p>Em rela\u00e7\u00e3o ao impacto na glicemia, o mel continua sendo uma fonte concentrada de carboidratos simples, principalmente glicose e frutose. Por isso, mesmo que traga mais componentes ben\u00e9ficos do que o a\u00e7\u00facar comum, o consumo excessivo pode elevar rapidamente os n\u00edveis de a\u00e7\u00facar no sangue. A avalia\u00e7\u00e3o sobre qual op\u00e7\u00e3o utilizar deve considerar a quantidade, o contexto da alimenta\u00e7\u00e3o geral e, quando necess\u00e1rio, a orienta\u00e7\u00e3o de um profissional de sa\u00fade.<\/p>\n\n\n\n<h2 class=\"wp-block-heading\">Quais s\u00e3o os benef\u00edcios do mel para o organismo?<\/h2>\n\n\n\n<p>Quando consumido em por\u00e7\u00f5es moderadas, o mel pode contribuir para a alimenta\u00e7\u00e3o de diferentes maneiras. Seu teor de carboidratos de r\u00e1pida absor\u00e7\u00e3o o torna um recurso pr\u00e1tico para momentos em que o corpo precisa de energia imediata, como em determinadas situa\u00e7\u00f5es esportivas. Al\u00e9m disso, a combina\u00e7\u00e3o de a\u00e7\u00facares com compostos antioxidantes auxilia na prote\u00e7\u00e3o das c\u00e9lulas contra o excesso de radicais livres produzidos diariamente pelo metabolismo e por fatores ambientais.<\/p>\n\n\n\n<p>Outro aspecto frequentemente citado \u00e9 o potencial efeito expectorante e suavizante sobre as vias a\u00e9reas superiores. Misturado a bebidas quentes, como ch\u00e1s, o mel ajuda a deixar a textura mais agrad\u00e1vel e pode colaborar para o conforto de quem apresenta tosse leve ou irrita\u00e7\u00e3o de garganta. Essa utiliza\u00e7\u00e3o, por\u00e9m, deve ser entendida como parte de um cuidado mais amplo, que inclui hidrata\u00e7\u00e3o adequada e acompanhamento profissional quando os sintomas persistem.<\/p>\n\n\n\n<p>O mel tamb\u00e9m aparece em dietas voltadas ao fortalecimento do sistema imunol\u00f3gico. Ainda n\u00e3o h\u00e1 consenso cient\u00edfico sobre uma rela\u00e7\u00e3o direta entre o consumo cotidiano de mel e a preven\u00e7\u00e3o de doen\u00e7as espec\u00edficas, mas estudos indicam que seus componentes antioxidantes, quando integrados a uma alimenta\u00e7\u00e3o variada e equilibrada, podem participar da manuten\u00e7\u00e3o das defesas naturais do organismo.<\/p>\n\n\n\n<h2 class=\"wp-block-heading\">Como usar o mel no dia a dia sem exageros?<\/h2>\n\n\n\n<p>O uso do mel como ado\u00e7ante natural costuma funcionar melhor quando ele substitui o a\u00e7\u00facar refinado em pequenas prepara\u00e7\u00f5es. Em bebidas quentes, como ch\u00e1 e leite, uma quantidade modesta j\u00e1 \u00e9 suficiente para alterar o sabor. Em lanches, pode ser associado a iogurtes naturais, frutas, p\u00e3es integrais ou queijos com menor teor de gordura, acrescentando dul\u00e7or e aroma caracter\u00edsticos.<\/p>\n\n\n\n<p>Para manter o equil\u00edbrio, muitos profissionais sugerem que o consumo di\u00e1rio de mel fique dentro de limites moderados, ajustados \u00e0 necessidade energ\u00e9tica de cada pessoa. Em geral, orienta\u00e7\u00f5es pr\u00e1ticas incluem por\u00e7\u00f5es pequenas distribu\u00eddas ao longo do dia, evitando somar o mel a outras fontes muito concentradas de a\u00e7\u00facar na mesma refei\u00e7\u00e3o. Assim, o produto deixa de ser um extra sup\u00e9rfluo e passa a integrar uma escolha consciente dentro da dieta.<\/p>\n\n\n\n<ul class=\"wp-block-list\">\n<li>Preferir mel em receitas que j\u00e1 seriam ado\u00e7adas com a\u00e7\u00facar;<\/li>\n\n\n\n<li>Evitar acrescentar mel a sobremesas j\u00e1 muito cal\u00f3ricas;<\/li>\n\n\n\n<li>Combinar o mel com alimentos ricos em fibras, como frutas e cereais integrais;<\/li>\n\n\n\n<li>Consultar um nutricionista em casos de condi\u00e7\u00f5es metab\u00f3licas espec\u00edficas.<\/li>\n<\/ul>\n\n\n\n<h2 class=\"wp-block-heading\">Por que o mel \u00e9 t\u00e3o usado por praticantes de atividade f\u00edsica?<\/h2>\n\n\n\n<p>No contexto esportivo, o mel para atletas se destaca como fonte r\u00e1pida de energia. Sua composi\u00e7\u00e3o, com predomin\u00e2ncia de glicose e frutose, permite reposi\u00e7\u00e3o relativamente \u00e1gil dos estoques de carboidratos durante ou ap\u00f3s esfor\u00e7os intensos. Em treinos mais longos, alguns praticantes utilizam o mel em pequenas por\u00e7\u00f5es, substituindo outros carboidratos em gel, sempre respeitando a orienta\u00e7\u00e3o profissional e a toler\u00e2ncia individual.<\/p>\n\n\n\n<p>A ado\u00e7\u00e3o do mel em estrat\u00e9gias de pr\u00e9-treino ou recupera\u00e7\u00e3o p\u00f3s-exerc\u00edcio costuma levar em conta fatores como dura\u00e7\u00e3o, intensidade da atividade e alimenta\u00e7\u00e3o das demais refei\u00e7\u00f5es do dia. Em esportes de resist\u00eancia, a distribui\u00e7\u00e3o de 30 g a 60 g de carboidratos por hora de exerc\u00edcio \u00e9 uma refer\u00eancia frequentemente citada na literatura, e o mel pode entrar como uma entre v\u00e1rias fontes poss\u00edveis, ao lado de bebidas esportivas, frutas ou barras energ\u00e9ticas.<\/p>\n\n\n\n<ol class=\"wp-block-list\">\n<li>Definir o tipo de exerc\u00edcio e o tempo de dura\u00e7\u00e3o;<\/li>\n\n\n\n<li>Ajustar a quantidade de carboidratos necess\u00e1ria para a sess\u00e3o;<\/li>\n\n\n\n<li>Testar o uso do mel em treinos, nunca apenas em competi\u00e7\u00f5es;<\/li>\n\n\n\n<li>Observar a resposta do organismo e adaptar a dose, se preciso;<\/li>\n\n\n\n<li>Buscar acompanhamento de nutricionista esportivo quando poss\u00edvel.<\/li>\n<\/ol>\n\n\n\n<p>No cotidiano, portanto, o mel pode funcionar tanto como ado\u00e7ante alternativo quanto como fonte estrat\u00e9gica de energia em algumas situa\u00e7\u00f5es. A chave est\u00e1 em entender que, apesar de suas propriedades nutricionais e funcionais, ele continua sendo um alimento concentrado em a\u00e7\u00facares. O uso planejado e moderado tende a oferecer mais vantagens do que excessos ocasionais, especialmente quando integrado a uma rotina alimentar variada, hidrata\u00e7\u00e3o adequada e h\u00e1bitos de vida saud\u00e1veis.<\/p>\n\n\n\n<h2 class=\"wp-block-heading\">FAQ sobre a\u00e7\u00facar refinado<\/h2>\n\n\n\n<h3 class=\"wp-block-heading\">O que exatamente \u00e9 o a\u00e7\u00facar refinado?<\/h3>\n\n\n\n<p>O a\u00e7\u00facar refinado \u00e9 obtido principalmente da cana-de-a\u00e7\u00facar ou da beterraba e passa por processos industriais de purifica\u00e7\u00e3o e clarifica\u00e7\u00e3o para concentrar a sacarose. Ele \u00e9 composto quase totalmente por carboidrato simples, com remo\u00e7\u00e3o da maior parte de vitaminas, minerais e compostos vegetais presentes na mat\u00e9ria-prima original.<\/p>\n\n\n\n<h3 class=\"wp-block-heading\">O consumo de a\u00e7\u00facar refinado causa depend\u00eancia?<\/h3>\n\n\n\n<p>O a\u00e7\u00facar refinado n\u00e3o gera depend\u00eancia qu\u00edmica nos moldes de drogas il\u00edcitas, entretanto ele pode estimular circuitos de recompensa no c\u00e9rebro, associados ao prazer e \u00e0 sensa\u00e7\u00e3o de bem-estar. Portanto, o consumo frequente em grandes quantidades pode favorecer um padr\u00e3o de uso compulsivo em algumas pessoas, exigindo aten\u00e7\u00e3o ao comportamento alimentar como um todo.<\/p>\n\n\n\n<h3 class=\"wp-block-heading\">Qual \u00e9 o limite seguro de consumo di\u00e1rio de a\u00e7\u00facar refinado?<\/h3>\n\n\n\n<p>Organiza\u00e7\u00f5es de sa\u00fade, como a OMS, recomendam que o a\u00e7\u00facar adicionado (incluindo o refinado) n\u00e3o ultrapasse cerca de 10% das calorias di\u00e1rias, com benef\u00edcio adicional se ficar abaixo de 5%. Isso costuma representar algo em torno de 25 g a 50 g por dia para um adulto saud\u00e1vel, ent\u00e3o \u00e9 importante considerar n\u00e3o s\u00f3 o a\u00e7\u00facar de mesa, mas tamb\u00e9m aquele presente em bebidas, doces e produtos industrializados.<\/p>\n\n\n\n<h3 class=\"wp-block-heading\">Qual a diferen\u00e7a entre a\u00e7\u00facar refinado e a\u00e7\u00facar mascavo?<\/h3>\n\n\n\n<p>O a\u00e7\u00facar refinado \u00e9 mais processado, resultando em cristais claros e de sabor neutro, enquanto o a\u00e7\u00facar mascavo passa por menos etapas de refinamento e mant\u00e9m parte do mela\u00e7o natural da cana. Portanto, o mascavo conserva pequenas quantidades de minerais e um sabor mais intenso, entretanto, em termos cal\u00f3ricos e de impacto glic\u00eamico, ambos ainda s\u00e3o fontes concentradas de sacarose.<\/p>\n\n\n\n<h3 class=\"wp-block-heading\">A\u00e7\u00facar refinado contribui para o ganho de peso?<\/h3>\n\n\n\n<p>Sim, o a\u00e7\u00facar refinado \u00e9 cal\u00f3rico e de r\u00e1pida absor\u00e7\u00e3o, o que facilita o consumo excessivo sem gerar tanta saciedade. Quando ingerido em excesso, especialmente em bebidas a\u00e7ucaradas e sobremesas, ele contribui para o super\u00e1vit cal\u00f3rico e, ent\u00e3o, para o aumento de gordura corporal ao longo do tempo, sobretudo se associado ao sedentarismo.<\/p>\n\n\n\n<h3 class=\"wp-block-heading\">Qual a rela\u00e7\u00e3o entre a\u00e7\u00facar refinado e c\u00e1ries dent\u00e1rias?<\/h3>\n\n\n\n<p>O a\u00e7\u00facar refinado serve de substrato para bact\u00e9rias da boca, que produzem \u00e1cidos capazes de danificar o esmalte dos dentes. Portanto, o consumo frequente ao longo do dia, principalmente em alimentos pegajosos ou bebidas a\u00e7ucaradas, aumenta o risco de c\u00e1ries; uma boa higiene bucal e modera\u00e7\u00e3o no consumo s\u00e3o fundamentais para reduzir esse efeito.<\/p>\n\n\n\n<h3 class=\"wp-block-heading\">Existem diferen\u00e7as entre a\u00e7\u00facar refinado cristal, de confeiteiro e demerara?<\/h3>\n\n\n\n<p>Apesar de todos serem ricos em sacarose, variam no grau de refino, tamanho dos cristais e presen\u00e7a de tra\u00e7os de mela\u00e7o. O a\u00e7\u00facar de confeiteiro \u00e9 extremamente fino e geralmente cont\u00e9m antiumectantes; o cristal tem gr\u00e3os maiores e \u00e9 bastante utilizado em prepara\u00e7\u00f5es culin\u00e1rias; j\u00e1 o demerara passa por refino mais brando, preservando cor levemente dourada e algum teor mineral. As diferen\u00e7as nutricionais s\u00e3o pequenas, portanto a modera\u00e7\u00e3o continua sendo a principal recomenda\u00e7\u00e3o.<\/p>\n\n\n\n<h3 class=\"wp-block-heading\">Substituir totalmente o a\u00e7\u00facar refinado \u00e9 sempre necess\u00e1rio?<\/h3>\n\n\n\n<p>Nem sempre. Para pessoas saud\u00e1veis e ativas, pequenas quantidades de a\u00e7\u00facar refinado em uma dieta equilibrada podem ser toleradas sem grandes preju\u00edzos. Entretanto, quem tem condi\u00e7\u00f5es como diabetes, resist\u00eancia \u00e0 insulina ou hist\u00f3rico de doen\u00e7as cardiovasculares pode se beneficiar de uma redu\u00e7\u00e3o mais rigorosa. Portanto, o foco deve ser na qualidade global da alimenta\u00e7\u00e3o e n\u00e3o apenas em um \u00fanico ingrediente.<\/p>\n\n\n\n<p><\/p>\n","protected":false},"excerpt":{"rendered":"<p>Mel \u00e9 melhor que a\u00e7\u00facar? Descubra como o mel, ado\u00e7ante natural, oferece energia, nutrientes e benef\u00edcios \u00e0 sa\u00fade ao substituir o a\u00e7\u00facar.<\/p>\n","protected":false},"author":8,"featured_media":23835,"comment_status":"open","ping_status":"open","sticky":false,"template":"","format":"standard","meta":{"jnews-multi-image_gallery":[],"jnews_single_post":{"format":"standard"},"jnews_primary_category":[],"jnews_social_meta":[],"jnews_override_counter":[],"footnotes":""},"categories":[120],"tags":[7314,6416,442,1125,4547],"class_list":["post-23834","post","type-post","status-publish","format-standard","has-post-thumbnail","hentry","category-curiosidades","tag-acucar-refinado","tag-adocante-natural","tag-alimentacao-saudavel","tag-curiosidades","tag-mel"],"yoast_head":"<!-- This site is optimized with the Yoast SEO plugin v25.1 - https:\/\/yoast.com\/wordpress\/plugins\/seo\/ -->\n<title>Usar mel em vez de a\u00e7\u00facar \u00e9 realmente mais saud\u00e1vel? - Correio Braziliense - Aqui<\/title>\n<meta name=\"description\" content=\"Mel \u00e9 melhor que a\u00e7\u00facar? Descubra como o mel, ado\u00e7ante natural, oferece energia, nutrientes e benef\u00edcios \u00e0 sa\u00fade ao substituir o a\u00e7\u00facar.\" \/>\n<meta name=\"robots\" content=\"index, follow, max-snippet:-1, max-image-preview:large, max-video-preview:-1\" \/>\n<link rel=\"canonical\" href=\"https:\/\/www.correiobraziliense.com.br\/aqui\/2026\/03\/05\/usar-mel-em-vez-de-acucar-e-realmente-mais-saudavel\/\" \/>\n<meta property=\"og:locale\" content=\"pt_BR\" \/>\n<meta property=\"og:type\" content=\"article\" \/>\n<meta property=\"og:title\" content=\"Usar mel em vez de a\u00e7\u00facar \u00e9 realmente mais saud\u00e1vel? - Correio Braziliense - Aqui\" \/>\n<meta property=\"og:description\" content=\"Mel \u00e9 melhor que a\u00e7\u00facar? Descubra como o mel, ado\u00e7ante natural, oferece energia, nutrientes e benef\u00edcios \u00e0 sa\u00fade ao substituir o a\u00e7\u00facar.\" \/>\n<meta property=\"og:url\" content=\"https:\/\/www.correiobraziliense.com.br\/aqui\/2026\/03\/05\/usar-mel-em-vez-de-acucar-e-realmente-mais-saudavel\/\" \/>\n<meta property=\"og:site_name\" content=\"Correio Braziliense - Aqui\" \/>\n<meta property=\"article:published_time\" content=\"2026-03-05T21:47:00+00:00\" \/>\n<meta property=\"og:image\" content=\"https:\/\/www.correiobraziliense.com.br\/aqui\/wp-content\/uploads\/2026\/03\/httpsneuralmyth.comstaticcache2baffe6e-8fd8-47cc-8dbe-8bff47908349.jpeg\" \/>\n\t<meta property=\"og:image:width\" content=\"1280\" \/>\n\t<meta property=\"og:image:height\" content=\"720\" \/>\n\t<meta property=\"og:image:type\" content=\"image\/jpeg\" \/>\n<meta name=\"author\" content=\"Lara\" \/>\n<meta name=\"twitter:card\" content=\"summary_large_image\" \/>\n<meta name=\"twitter:label1\" content=\"Escrito por\" \/>\n\t<meta name=\"twitter:data1\" content=\"Lara\" \/>\n\t<meta name=\"twitter:label2\" content=\"Est. tempo de leitura\" \/>\n\t<meta name=\"twitter:data2\" content=\"9 minutos\" \/>\n<!-- \/ Yoast SEO plugin. -->","yoast_head_json":{"title":"Usar mel em vez de a\u00e7\u00facar \u00e9 realmente mais saud\u00e1vel? - Correio Braziliense - Aqui","description":"Mel \u00e9 melhor que a\u00e7\u00facar? Descubra como o mel, ado\u00e7ante natural, oferece energia, nutrientes e benef\u00edcios \u00e0 sa\u00fade ao substituir o a\u00e7\u00facar.","robots":{"index":"index","follow":"follow","max-snippet":"max-snippet:-1","max-image-preview":"max-image-preview:large","max-video-preview":"max-video-preview:-1"},"canonical":"https:\/\/www.correiobraziliense.com.br\/aqui\/2026\/03\/05\/usar-mel-em-vez-de-acucar-e-realmente-mais-saudavel\/","og_locale":"pt_BR","og_type":"article","og_title":"Usar mel em vez de a\u00e7\u00facar \u00e9 realmente mais saud\u00e1vel? - Correio Braziliense - Aqui","og_description":"Mel \u00e9 melhor que a\u00e7\u00facar? Descubra como o mel, ado\u00e7ante natural, oferece energia, nutrientes e benef\u00edcios \u00e0 sa\u00fade ao substituir o a\u00e7\u00facar.","og_url":"https:\/\/www.correiobraziliense.com.br\/aqui\/2026\/03\/05\/usar-mel-em-vez-de-acucar-e-realmente-mais-saudavel\/","og_site_name":"Correio Braziliense - Aqui","article_published_time":"2026-03-05T21:47:00+00:00","og_image":[{"width":1280,"height":720,"url":"https:\/\/www.correiobraziliense.com.br\/aqui\/wp-content\/uploads\/2026\/03\/httpsneuralmyth.comstaticcache2baffe6e-8fd8-47cc-8dbe-8bff47908349.jpeg","type":"image\/jpeg"}],"author":"Lara","twitter_card":"summary_large_image","twitter_misc":{"Escrito por":"Lara","Est. tempo de leitura":"9 minutos"},"schema":{"@context":"https:\/\/schema.org","@graph":[{"@type":"WebPage","@id":"https:\/\/www.correiobraziliense.com.br\/aqui\/2026\/03\/05\/usar-mel-em-vez-de-acucar-e-realmente-mais-saudavel\/","url":"https:\/\/www.correiobraziliense.com.br\/aqui\/2026\/03\/05\/usar-mel-em-vez-de-acucar-e-realmente-mais-saudavel\/","name":"Usar mel em vez de a\u00e7\u00facar \u00e9 realmente mais saud\u00e1vel? - Correio Braziliense - Aqui","isPartOf":{"@id":"https:\/\/www.correiobraziliense.com.br\/aqui\/#website"},"primaryImageOfPage":{"@id":"https:\/\/www.correiobraziliense.com.br\/aqui\/2026\/03\/05\/usar-mel-em-vez-de-acucar-e-realmente-mais-saudavel\/#primaryimage"},"image":{"@id":"https:\/\/www.correiobraziliense.com.br\/aqui\/2026\/03\/05\/usar-mel-em-vez-de-acucar-e-realmente-mais-saudavel\/#primaryimage"},"thumbnailUrl":"https:\/\/www.correiobraziliense.com.br\/aqui\/wp-content\/uploads\/2026\/03\/httpsneuralmyth.comstaticcache2baffe6e-8fd8-47cc-8dbe-8bff47908349.jpeg","datePublished":"2026-03-05T21:47:00+00:00","author":{"@id":"https:\/\/www.correiobraziliense.com.br\/aqui\/#\/schema\/person\/5d6e4d99fecc86ab1a7ed1a0369afb65"},"description":"Mel \u00e9 melhor que a\u00e7\u00facar? Descubra como o mel, ado\u00e7ante natural, oferece energia, nutrientes e benef\u00edcios \u00e0 sa\u00fade ao substituir o a\u00e7\u00facar.","breadcrumb":{"@id":"https:\/\/www.correiobraziliense.com.br\/aqui\/2026\/03\/05\/usar-mel-em-vez-de-acucar-e-realmente-mais-saudavel\/#breadcrumb"},"inLanguage":"pt-BR","potentialAction":[{"@type":"ReadAction","target":["https:\/\/www.correiobraziliense.com.br\/aqui\/2026\/03\/05\/usar-mel-em-vez-de-acucar-e-realmente-mais-saudavel\/"]}]},{"@type":"ImageObject","inLanguage":"pt-BR","@id":"https:\/\/www.correiobraziliense.com.br\/aqui\/2026\/03\/05\/usar-mel-em-vez-de-acucar-e-realmente-mais-saudavel\/#primaryimage","url":"https:\/\/www.correiobraziliense.com.br\/aqui\/wp-content\/uploads\/2026\/03\/httpsneuralmyth.comstaticcache2baffe6e-8fd8-47cc-8dbe-8bff47908349.jpeg","contentUrl":"https:\/\/www.correiobraziliense.com.br\/aqui\/wp-content\/uploads\/2026\/03\/httpsneuralmyth.comstaticcache2baffe6e-8fd8-47cc-8dbe-8bff47908349.jpeg","width":1280,"height":720,"caption":"Cr\u00e9ditos: depositphotos.com \/ roblan"},{"@type":"BreadcrumbList","@id":"https:\/\/www.correiobraziliense.com.br\/aqui\/2026\/03\/05\/usar-mel-em-vez-de-acucar-e-realmente-mais-saudavel\/#breadcrumb","itemListElement":[{"@type":"ListItem","position":1,"name":"In\u00edcio","item":"https:\/\/www.correiobraziliense.com.br\/aqui\/"},{"@type":"ListItem","position":2,"name":"Usar mel em vez de a\u00e7\u00facar \u00e9 realmente mais saud\u00e1vel?"}]},{"@type":"WebSite","@id":"https:\/\/www.correiobraziliense.com.br\/aqui\/#website","url":"https:\/\/www.correiobraziliense.com.br\/aqui\/","name":"Correio Braziliense - Aqui","description":"O Correio Braziliense (CB) \u00e9 o mais importante canal de not\u00edcias de Bras\u00edlia. Aqui voc\u00ea encontra as \u00faltimas not\u00edcias do DF, do Brasil e do mundo.","potentialAction":[{"@type":"SearchAction","target":{"@type":"EntryPoint","urlTemplate":"https:\/\/www.correiobraziliense.com.br\/aqui\/?s={search_term_string}"},"query-input":{"@type":"PropertyValueSpecification","valueRequired":true,"valueName":"search_term_string"}}],"inLanguage":"pt-BR"},{"@type":"Person","@id":"https:\/\/www.correiobraziliense.com.br\/aqui\/#\/schema\/person\/5d6e4d99fecc86ab1a7ed1a0369afb65","name":"Lara","image":{"@type":"ImageObject","inLanguage":"pt-BR","@id":"https:\/\/www.correiobraziliense.com.br\/aqui\/#\/schema\/person\/image\/","url":"https:\/\/secure.gravatar.com\/avatar\/57056c5c343a6d8a6669688d3d2c04916d9d280b352b6e50e66a8d39b2517e00?s=96&d=mm&r=g","contentUrl":"https:\/\/secure.gravatar.com\/avatar\/57056c5c343a6d8a6669688d3d2c04916d9d280b352b6e50e66a8d39b2517e00?s=96&d=mm&r=g","caption":"Lara"},"url":"https:\/\/www.correiobraziliense.com.br\/aqui\/author\/laraaqui\/"}]}},"_links":{"self":[{"href":"https:\/\/www.correiobraziliense.com.br\/aqui\/wp-json\/wp\/v2\/posts\/23834","targetHints":{"allow":["GET"]}}],"collection":[{"href":"https:\/\/www.correiobraziliense.com.br\/aqui\/wp-json\/wp\/v2\/posts"}],"about":[{"href":"https:\/\/www.correiobraziliense.com.br\/aqui\/wp-json\/wp\/v2\/types\/post"}],"author":[{"embeddable":true,"href":"https:\/\/www.correiobraziliense.com.br\/aqui\/wp-json\/wp\/v2\/users\/8"}],"replies":[{"embeddable":true,"href":"https:\/\/www.correiobraziliense.com.br\/aqui\/wp-json\/wp\/v2\/comments?post=23834"}],"version-history":[{"count":1,"href":"https:\/\/www.correiobraziliense.com.br\/aqui\/wp-json\/wp\/v2\/posts\/23834\/revisions"}],"predecessor-version":[{"id":23837,"href":"https:\/\/www.correiobraziliense.com.br\/aqui\/wp-json\/wp\/v2\/posts\/23834\/revisions\/23837"}],"wp:featuredmedia":[{"embeddable":true,"href":"https:\/\/www.correiobraziliense.com.br\/aqui\/wp-json\/wp\/v2\/media\/23835"}],"wp:attachment":[{"href":"https:\/\/www.correiobraziliense.com.br\/aqui\/wp-json\/wp\/v2\/media?parent=23834"}],"wp:term":[{"taxonomy":"category","embeddable":true,"href":"https:\/\/www.correiobraziliense.com.br\/aqui\/wp-json\/wp\/v2\/categories?post=23834"},{"taxonomy":"post_tag","embeddable":true,"href":"https:\/\/www.correiobraziliense.com.br\/aqui\/wp-json\/wp\/v2\/tags?post=23834"}],"curies":[{"name":"wp","href":"https:\/\/api.w.org\/{rel}","templated":true}]}}