{"id":23995,"date":"2026-03-09T09:17:52","date_gmt":"2026-03-09T12:17:52","guid":{"rendered":"https:\/\/www.correiobraziliense.com.br\/aqui\/?p=23995"},"modified":"2026-03-09T09:17:56","modified_gmt":"2026-03-09T12:17:56","slug":"nao-jogue-fora-saiba-como-a-casca-de-amendoim-pode-ser-util","status":"publish","type":"post","link":"https:\/\/www.correiobraziliense.com.br\/aqui\/2026\/03\/09\/nao-jogue-fora-saiba-como-a-casca-de-amendoim-pode-ser-util\/","title":{"rendered":"N\u00e3o jogue fora! Saiba como a casca de amendoim pode ser \u00fatil"},"content":{"rendered":"\n<p><a href=\"https:\/\/www.correiobraziliense.com.br\/aqui\/2026\/03\/06\/casca-de-limao-na-pia-conheca-truque-para-eliminar-odores\/\">Casca <\/a>de amendoim costuma ser descartada logo ap\u00f3s o lanche, mas esse material tem potencial para se tornar um aliado em diferentes tarefas dom\u00e9sticas e no cuidado com o jardim. Ao inv\u00e9s de ir direto para o lixo, a casca pode ser reaproveitada de maneira simples, contribuindo para um dia a dia mais econ\u00f4mico e sustent\u00e1vel. Esse reaproveitamento tamb\u00e9m ajuda a reduzir a quantidade de res\u00edduos enviados a aterros.<\/p>\n\n\n\n<h2 class=\"wp-block-heading\">Como usar casca de amendoim na compostagem dom\u00e9stica?<\/h2>\n\n\n\n<p>Na compostagem caseira, a casca de amendoim funciona como material \u201cseco\u201d, rico em carbono, ajudando a equilibrar restos org\u00e2nicos \u00famidos, como cascas de frutas, borra de caf\u00e9 e sobras de legumes. Esse equil\u00edbrio entre elementos \u00famidos e secos \u00e9 essencial para evitar odores e garantir um processo de decomposi\u00e7\u00e3o mais eficiente. A casca auxilia ainda na aera\u00e7\u00e3o do composto, permitindo circula\u00e7\u00e3o de ar entre as camadas.<\/p>\n\n\n\n<p>Para aproveitar melhor esse recurso, \u00e9 indicado triturar a casca antes de coloc\u00e1-la na composteira. Fragmentos menores se decomp\u00f5em com mais facilidade, integrando-se ao futuro adubo. Uma forma simples de uso \u00e9 alternar camadas de res\u00edduos verdes (restos de alimentos frescos) com camadas de casca de amendoim e outros materiais secos, como folhas secas ou papel\u00e3o sem tinta. Sempre que poss\u00edvel, evite adicionar cascas muito grossas ou com sinais de mofo, pois podem atrasar o processo e comprometer a qualidade do composto.<\/p>\n\n\n\n<ul class=\"wp-block-list\">\n<li><strong>Equil\u00edbrio de umidade:<\/strong> ajuda a evitar excesso de \u00e1gua na composteira.<\/li>\n\n\n\n<li><strong>Melhor aera\u00e7\u00e3o:<\/strong> facilita a entrada de ar e reduz mau cheiro.<\/li>\n\n\n\n<li><strong>Estrutura do composto:<\/strong> contribui para um adubo mais est\u00e1vel.<\/li>\n<\/ul>\n\n\n\n<h2 class=\"wp-block-heading\">Casca de amendoim para plantas: prote\u00e7\u00e3o e est\u00e9tica<\/h2>\n\n\n\n<p>No jardim ou em vasos, a casca de amendoim pode atuar como cobertura do solo, conhecida como \u201cmulching\u201d. Espalhada em uma camada uniforme sobre a terra, ela ajuda a preservar a umidade, reduzindo a evapora\u00e7\u00e3o da \u00e1gua e protegendo o sistema radicular das plantas contra mudan\u00e7as bruscas de temperatura. Em dias muito quentes, essa prote\u00e7\u00e3o faz diferen\u00e7a na manuten\u00e7\u00e3o da hidrata\u00e7\u00e3o do solo.<\/p>\n\n\n\n<p>Al\u00e9m da fun\u00e7\u00e3o pr\u00e1tica, a casca de amendoim forma uma camada visualmente organizada, que pode dar apar\u00eancia mais cuidada a vasos e canteiros. Outra vantagem \u00e9 a redu\u00e7\u00e3o do surgimento de ervas espont\u00e2neas, j\u00e1 que a camada de casca dificulta a entrada de luz direta no solo. Ainda assim, \u00e9 importante evitar o excesso em vasos pequenos para n\u00e3o prejudicar a circula\u00e7\u00e3o de ar e a infiltra\u00e7\u00e3o de \u00e1gua. Em ambientes externos, \u00e9 interessante observar se a casca n\u00e3o est\u00e1 atraindo animais indesejados; caso isso ocorra, reduza a quantidade ou misture com outros materiais de cobertura, como folhas secas ou casca de pinus.<\/p>\n\n\n\n<ol class=\"wp-block-list\">\n<li>Espalhar as cascas sobre a superf\u00edcie da terra, sem compactar.<\/li>\n\n\n\n<li>Manter uma camada moderada, permitindo que a \u00e1gua penetre no solo.<\/li>\n\n\n\n<li>Observar o desenvolvimento das plantas e ajustar a quantidade, se necess\u00e1rio.<\/li>\n<\/ol>\n\n\n\n<h2 class=\"wp-block-heading\">Para que mais serve a casca de amendoim no dia a dia?<\/h2>\n\n\n\n<p>Outro uso frequente da casca de amendoim \u00e9 como auxiliar para acender churrasqueiras, fog\u00f5es a lenha ou lareiras. Quando bem seca, a casca se torna facilmente inflam\u00e1vel e pode atuar como esp\u00e9cie de \u201cisca\u201d para o fogo, substituindo acendedores qu\u00edmicos. Para isso, \u00e9 importante armazenar o material em local seco, longe de fontes de umidade.<\/p>\n\n\n\n<p>Em \u00e1reas externas, como garagens e quintais, a casca tamb\u00e9m pode ser \u00fatil para absorver pequenas quantidades de \u00f3leo, graxa ou umidade. Ao ser espalhada sobre o local do derramamento, a casca em peda\u00e7os ajuda a reter parte do l\u00edquido, facilitando a limpeza posterior com vassoura e p\u00e1. Depois do uso, o material deve ser descartado corretamente, sem voltar para o jardim ou para a composteira, devido \u00e0 contamina\u00e7\u00e3o por res\u00edduos. Em situa\u00e7\u00f5es de emerg\u00eancia, a casca ainda pode servir como material provis\u00f3rio para evitar escorreg\u00f5es em \u00e1reas \u00famidas, sempre lembrando que se trata de uma solu\u00e7\u00e3o tempor\u00e1ria, que deve ser removida e descartada ap\u00f3s a limpeza definitiva.<\/p>\n\n\n\n<h2 class=\"wp-block-heading\">Cuidados importantes antes de reutilizar a casca de amendoim<\/h2>\n\n\n\n<p>Antes de dar qualquer destino alternativo \u00e0 casca de amendoim, \u00e9 fundamental garantir que esteja limpa e completamente seca. Restos de sal, gordura ou temperos podem atrair insetos e n\u00e3o s\u00e3o recomendados para uso em hortas ou composteiras. Sempre que poss\u00edvel, o ideal \u00e9 priorizar cascas provenientes de amendoins sem tempero.<\/p>\n\n\n\n<p>Secar o material ao ar livre, \u00e0 sombra e em local ventilado costuma ser suficiente. Para usos em fogo ou absor\u00e7\u00e3o de l\u00edquidos, a secagem deve ser ainda mais cuidadosa. Com essas medidas simples, a casca de amendoim deixa de ser apenas um res\u00edduo e passa a ocupar espa\u00e7o \u00fatil em diferentes rotinas dom\u00e9sticas, especialmente em contextos de reaproveitamento e redu\u00e7\u00e3o de desperd\u00edcio. <\/p>\n\n\n\n<h2 class=\"wp-block-heading\">FAQ \u2013 Perguntas frequentes sobre casca de amendoim<\/h2>\n\n\n\n<p><strong>1. Posso usar casca de amendoim em hortas onde cultivo alimentos?<\/strong><br>Sim, mas d\u00ea prefer\u00eancia \u00e0s cascas sem sal e sem tempero, bem limpas e secas. Use como cobertura do solo (mulching) ou na composteira que depois alimentar\u00e1 a horta. Evite cascas com sinais de mofo.<\/p>\n\n\n\n<p><strong>2. A casca de amendoim afasta ou atrai pragas?<\/strong><br>Por si s\u00f3, ela n\u00e3o \u00e9 um repelente de pragas. Se estiver limpa e sem res\u00edduos de sal ou gordura, tende a n\u00e3o atrair insetos em excesso. J\u00e1 cascas sujas, \u00famidas ou misturadas a restos de comida podem atrair formigas, baratas e outros animais.<\/p>\n\n\n\n<p><strong>3. Quanto tempo a casca de amendoim leva para se decompor?<\/strong><br>Em uma composteira bem equilibrada e com as cascas trituradas, o tempo m\u00e9dio de decomposi\u00e7\u00e3o varia de alguns meses at\u00e9 cerca de seis meses, dependendo da umidade, da aera\u00e7\u00e3o e da temperatura.<\/p>\n\n\n\n<p><strong>4. Posso triturar a casca de amendoim em qualquer tipo de aparelho?<\/strong><br>O ideal \u00e9 usar pil\u00e3o, tesoura de jardinagem ou trituradores apropriados para res\u00edduos org\u00e2nicos. Evite liquidificadores dom\u00e9sticos mais fr\u00e1geis, que podem ser danificados pelo material r\u00edgido da casca.<\/p>\n\n\n\n<p><strong>5. \u00c9 seguro que animais de estima\u00e7\u00e3o tenham contato com casca de amendoim?<\/strong><br>O contato superficial, como pisar no jardim, geralmente n\u00e3o \u00e9 problema. Por\u00e9m, n\u00e3o \u00e9 recomendado que c\u00e3es, gatos ou outros animais ingiram as cascas. Mantenha o material fora do alcance de pets que tenham o h\u00e1bito de roer ou mastigar tudo o que encontram.<\/p>\n","protected":false},"excerpt":{"rendered":"<p>Casca de amendoim costuma ser descartada logo ap\u00f3s o lanche, mas esse material tem potencial para se tornar um aliado em diferentes tarefas dom\u00e9sticas e no cuidado com o jardim. Ao inv\u00e9s de ir direto para o lixo, a casca pode ser reaproveitada de maneira simples, contribuindo para um dia a dia mais econ\u00f4mico e [&hellip;]<\/p>\n","protected":false},"author":10,"featured_media":23996,"comment_status":"open","ping_status":"open","sticky":false,"template":"","format":"standard","meta":{"jnews-multi-image_gallery":[],"jnews_single_post":{"format":"standard"},"jnews_primary_category":[],"jnews_social_meta":[],"jnews_override_counter":[],"footnotes":""},"categories":[120],"tags":[7348,1125],"class_list":["post-23995","post","type-post","status-publish","format-standard","has-post-thumbnail","hentry","category-curiosidades","tag-casca-de-amendoim","tag-curiosidades"],"yoast_head":"<!-- This site is optimized with the Yoast SEO plugin v25.1 - https:\/\/yoast.com\/wordpress\/plugins\/seo\/ -->\n<title>N\u00e3o jogue fora! Saiba como a casca de amendoim pode ser \u00fatil - Correio Braziliense - Aqui<\/title>\n<meta name=\"description\" content=\"Casca de amendoim: usos surpreendentes na compostagem, jardinagem, limpeza e para acender churrasqueira de forma sustent\u00e1vel em casa.\" \/>\n<meta name=\"robots\" content=\"index, follow, max-snippet:-1, max-image-preview:large, max-video-preview:-1\" \/>\n<link rel=\"canonical\" href=\"https:\/\/www.correiobraziliense.com.br\/aqui\/2026\/03\/09\/nao-jogue-fora-saiba-como-a-casca-de-amendoim-pode-ser-util\/\" \/>\n<meta property=\"og:locale\" content=\"pt_BR\" \/>\n<meta property=\"og:type\" content=\"article\" \/>\n<meta property=\"og:title\" content=\"N\u00e3o jogue fora! Saiba como a casca de amendoim pode ser \u00fatil - Correio Braziliense - Aqui\" \/>\n<meta property=\"og:description\" content=\"Casca de amendoim: usos surpreendentes na compostagem, jardinagem, limpeza e para acender churrasqueira de forma sustent\u00e1vel em casa.\" \/>\n<meta property=\"og:url\" content=\"https:\/\/www.correiobraziliense.com.br\/aqui\/2026\/03\/09\/nao-jogue-fora-saiba-como-a-casca-de-amendoim-pode-ser-util\/\" \/>\n<meta property=\"og:site_name\" content=\"Correio Braziliense - Aqui\" \/>\n<meta property=\"article:published_time\" content=\"2026-03-09T12:17:52+00:00\" \/>\n<meta property=\"article:modified_time\" content=\"2026-03-09T12:17:56+00:00\" \/>\n<meta property=\"og:image\" content=\"https:\/\/www.correiobraziliense.com.br\/aqui\/wp-content\/uploads\/2026\/03\/httpsneuralmyth.comstaticcache9209ebc4-20c6-4257-80bd-9a5fb0d1921b.jpeg\" \/>\n\t<meta property=\"og:image:width\" content=\"1280\" \/>\n\t<meta property=\"og:image:height\" content=\"720\" \/>\n\t<meta property=\"og:image:type\" content=\"image\/jpeg\" \/>\n<meta name=\"author\" content=\"Larissa\" \/>\n<meta name=\"twitter:card\" content=\"summary_large_image\" \/>\n<meta name=\"twitter:label1\" content=\"Escrito por\" \/>\n\t<meta name=\"twitter:data1\" content=\"Larissa\" \/>\n\t<meta name=\"twitter:label2\" content=\"Est. tempo de leitura\" \/>\n\t<meta name=\"twitter:data2\" content=\"6 minutos\" \/>\n<!-- \/ Yoast SEO plugin. -->","yoast_head_json":{"title":"N\u00e3o jogue fora! Saiba como a casca de amendoim pode ser \u00fatil - Correio Braziliense - Aqui","description":"Casca de amendoim: usos surpreendentes na compostagem, jardinagem, limpeza e para acender churrasqueira de forma sustent\u00e1vel em casa.","robots":{"index":"index","follow":"follow","max-snippet":"max-snippet:-1","max-image-preview":"max-image-preview:large","max-video-preview":"max-video-preview:-1"},"canonical":"https:\/\/www.correiobraziliense.com.br\/aqui\/2026\/03\/09\/nao-jogue-fora-saiba-como-a-casca-de-amendoim-pode-ser-util\/","og_locale":"pt_BR","og_type":"article","og_title":"N\u00e3o jogue fora! Saiba como a casca de amendoim pode ser \u00fatil - Correio Braziliense - Aqui","og_description":"Casca de amendoim: usos surpreendentes na compostagem, jardinagem, limpeza e para acender churrasqueira de forma sustent\u00e1vel em casa.","og_url":"https:\/\/www.correiobraziliense.com.br\/aqui\/2026\/03\/09\/nao-jogue-fora-saiba-como-a-casca-de-amendoim-pode-ser-util\/","og_site_name":"Correio Braziliense - Aqui","article_published_time":"2026-03-09T12:17:52+00:00","article_modified_time":"2026-03-09T12:17:56+00:00","og_image":[{"width":1280,"height":720,"url":"https:\/\/www.correiobraziliense.com.br\/aqui\/wp-content\/uploads\/2026\/03\/httpsneuralmyth.comstaticcache9209ebc4-20c6-4257-80bd-9a5fb0d1921b.jpeg","type":"image\/jpeg"}],"author":"Larissa","twitter_card":"summary_large_image","twitter_misc":{"Escrito por":"Larissa","Est. tempo de leitura":"6 minutos"},"schema":{"@context":"https:\/\/schema.org","@graph":[{"@type":"WebPage","@id":"https:\/\/www.correiobraziliense.com.br\/aqui\/2026\/03\/09\/nao-jogue-fora-saiba-como-a-casca-de-amendoim-pode-ser-util\/","url":"https:\/\/www.correiobraziliense.com.br\/aqui\/2026\/03\/09\/nao-jogue-fora-saiba-como-a-casca-de-amendoim-pode-ser-util\/","name":"N\u00e3o jogue fora! Saiba como a casca de amendoim pode ser \u00fatil - Correio Braziliense - Aqui","isPartOf":{"@id":"https:\/\/www.correiobraziliense.com.br\/aqui\/#website"},"primaryImageOfPage":{"@id":"https:\/\/www.correiobraziliense.com.br\/aqui\/2026\/03\/09\/nao-jogue-fora-saiba-como-a-casca-de-amendoim-pode-ser-util\/#primaryimage"},"image":{"@id":"https:\/\/www.correiobraziliense.com.br\/aqui\/2026\/03\/09\/nao-jogue-fora-saiba-como-a-casca-de-amendoim-pode-ser-util\/#primaryimage"},"thumbnailUrl":"https:\/\/www.correiobraziliense.com.br\/aqui\/wp-content\/uploads\/2026\/03\/httpsneuralmyth.comstaticcache9209ebc4-20c6-4257-80bd-9a5fb0d1921b.jpeg","datePublished":"2026-03-09T12:17:52+00:00","dateModified":"2026-03-09T12:17:56+00:00","author":{"@id":"https:\/\/www.correiobraziliense.com.br\/aqui\/#\/schema\/person\/775f50a8c1ac31704d56816e99b29041"},"description":"Casca de amendoim: usos surpreendentes na compostagem, jardinagem, limpeza e para acender churrasqueira de forma sustent\u00e1vel em casa.","breadcrumb":{"@id":"https:\/\/www.correiobraziliense.com.br\/aqui\/2026\/03\/09\/nao-jogue-fora-saiba-como-a-casca-de-amendoim-pode-ser-util\/#breadcrumb"},"inLanguage":"pt-BR","potentialAction":[{"@type":"ReadAction","target":["https:\/\/www.correiobraziliense.com.br\/aqui\/2026\/03\/09\/nao-jogue-fora-saiba-como-a-casca-de-amendoim-pode-ser-util\/"]}]},{"@type":"ImageObject","inLanguage":"pt-BR","@id":"https:\/\/www.correiobraziliense.com.br\/aqui\/2026\/03\/09\/nao-jogue-fora-saiba-como-a-casca-de-amendoim-pode-ser-util\/#primaryimage","url":"https:\/\/www.correiobraziliense.com.br\/aqui\/wp-content\/uploads\/2026\/03\/httpsneuralmyth.comstaticcache9209ebc4-20c6-4257-80bd-9a5fb0d1921b.jpeg","contentUrl":"https:\/\/www.correiobraziliense.com.br\/aqui\/wp-content\/uploads\/2026\/03\/httpsneuralmyth.comstaticcache9209ebc4-20c6-4257-80bd-9a5fb0d1921b.jpeg","width":1280,"height":720,"caption":"Cr\u00e9ditos: depositphotos.com \/ snegok1967"},{"@type":"BreadcrumbList","@id":"https:\/\/www.correiobraziliense.com.br\/aqui\/2026\/03\/09\/nao-jogue-fora-saiba-como-a-casca-de-amendoim-pode-ser-util\/#breadcrumb","itemListElement":[{"@type":"ListItem","position":1,"name":"In\u00edcio","item":"https:\/\/www.correiobraziliense.com.br\/aqui\/"},{"@type":"ListItem","position":2,"name":"N\u00e3o jogue fora! Saiba como a casca de amendoim pode ser \u00fatil"}]},{"@type":"WebSite","@id":"https:\/\/www.correiobraziliense.com.br\/aqui\/#website","url":"https:\/\/www.correiobraziliense.com.br\/aqui\/","name":"Correio Braziliense - Aqui","description":"O Correio Braziliense (CB) \u00e9 o mais importante canal de not\u00edcias de Bras\u00edlia. Aqui voc\u00ea encontra as \u00faltimas not\u00edcias do DF, do Brasil e do mundo.","potentialAction":[{"@type":"SearchAction","target":{"@type":"EntryPoint","urlTemplate":"https:\/\/www.correiobraziliense.com.br\/aqui\/?s={search_term_string}"},"query-input":{"@type":"PropertyValueSpecification","valueRequired":true,"valueName":"search_term_string"}}],"inLanguage":"pt-BR"},{"@type":"Person","@id":"https:\/\/www.correiobraziliense.com.br\/aqui\/#\/schema\/person\/775f50a8c1ac31704d56816e99b29041","name":"Larissa","image":{"@type":"ImageObject","inLanguage":"pt-BR","@id":"https:\/\/www.correiobraziliense.com.br\/aqui\/#\/schema\/person\/image\/","url":"https:\/\/secure.gravatar.com\/avatar\/62f5b2e99de671d075ab98e19f03c3c38c80a93f5d06f51075cf4431a4e76458?s=96&d=mm&r=g","contentUrl":"https:\/\/secure.gravatar.com\/avatar\/62f5b2e99de671d075ab98e19f03c3c38c80a93f5d06f51075cf4431a4e76458?s=96&d=mm&r=g","caption":"Larissa"},"url":"https:\/\/www.correiobraziliense.com.br\/aqui\/author\/larissaaqui\/"}]}},"_links":{"self":[{"href":"https:\/\/www.correiobraziliense.com.br\/aqui\/wp-json\/wp\/v2\/posts\/23995","targetHints":{"allow":["GET"]}}],"collection":[{"href":"https:\/\/www.correiobraziliense.com.br\/aqui\/wp-json\/wp\/v2\/posts"}],"about":[{"href":"https:\/\/www.correiobraziliense.com.br\/aqui\/wp-json\/wp\/v2\/types\/post"}],"author":[{"embeddable":true,"href":"https:\/\/www.correiobraziliense.com.br\/aqui\/wp-json\/wp\/v2\/users\/10"}],"replies":[{"embeddable":true,"href":"https:\/\/www.correiobraziliense.com.br\/aqui\/wp-json\/wp\/v2\/comments?post=23995"}],"version-history":[{"count":6,"href":"https:\/\/www.correiobraziliense.com.br\/aqui\/wp-json\/wp\/v2\/posts\/23995\/revisions"}],"predecessor-version":[{"id":24002,"href":"https:\/\/www.correiobraziliense.com.br\/aqui\/wp-json\/wp\/v2\/posts\/23995\/revisions\/24002"}],"wp:featuredmedia":[{"embeddable":true,"href":"https:\/\/www.correiobraziliense.com.br\/aqui\/wp-json\/wp\/v2\/media\/23996"}],"wp:attachment":[{"href":"https:\/\/www.correiobraziliense.com.br\/aqui\/wp-json\/wp\/v2\/media?parent=23995"}],"wp:term":[{"taxonomy":"category","embeddable":true,"href":"https:\/\/www.correiobraziliense.com.br\/aqui\/wp-json\/wp\/v2\/categories?post=23995"},{"taxonomy":"post_tag","embeddable":true,"href":"https:\/\/www.correiobraziliense.com.br\/aqui\/wp-json\/wp\/v2\/tags?post=23995"}],"curies":[{"name":"wp","href":"https:\/\/api.w.org\/{rel}","templated":true}]}}