{"id":24028,"date":"2026-03-09T12:10:00","date_gmt":"2026-03-09T15:10:00","guid":{"rendered":"https:\/\/www.correiobraziliense.com.br\/aqui\/?p=24028"},"modified":"2026-03-09T11:22:42","modified_gmt":"2026-03-09T14:22:42","slug":"alimentacao-apos-avc-saiba-o-que-comer-para-ajudar-o-cerebro","status":"publish","type":"post","link":"https:\/\/www.correiobraziliense.com.br\/aqui\/2026\/03\/09\/alimentacao-apos-avc-saiba-o-que-comer-para-ajudar-o-cerebro\/","title":{"rendered":"Alimenta\u00e7\u00e3o ap\u00f3s AVC: saiba o que comer para ajudar o c\u00e9rebro"},"content":{"rendered":"\n<p>A alimenta\u00e7\u00e3o saud\u00e1vel ap\u00f3s um<a href=\"https:\/\/www.correiobraziliense.com.br\/aqui\/2026\/03\/06\/enxaqueca-em-mulheres-pode-aumentar-o-risco-de-avc-entenda\/\"> Acidente Vascular Cerebral (AVC)<\/a> \u00e9 considerada um dos pilares da recupera\u00e7\u00e3o. Ap\u00f3s a fase hospitalar, o organismo ainda se encontra fragilizado e precisa de nutrientes adequados para se reorganizar. Al\u00e9m disso, o modo como a pessoa se alimenta nesse per\u00edodo influencia diretamente o risco de um novo epis\u00f3dio, a for\u00e7a muscular e a capacidade de voltar \u00e0s atividades do dia a dia.<\/p>\n\n\n\n<h2 class=\"wp-block-heading\">O que \u00e9 uma alimenta\u00e7\u00e3o saud\u00e1vel para quem teve AVC?<\/h2>\n\n\n\n<p>Quando se fala em alimenta\u00e7\u00e3o saud\u00e1vel ap\u00f3s AVC, o foco n\u00e3o \u00e9 uma dieta da moda, mas um padr\u00e3o alimentar equilibrado. Esse padr\u00e3o inclui variedade de grupos alimentares, por\u00e7\u00f5es adequadas e hor\u00e1rios regulares de refei\u00e7\u00e3o. Costuma-se priorizar alimentos in natura ou minimamente processados, com destaque para frutas, verduras, legumes, cereais integrais, leguminosas e fontes de gordura de melhor qualidade, como o azeite de oliva.<\/p>\n\n\n\n<p>Ao mesmo tempo, \u00e9 importante limitar produtos ultraprocessados, que geralmente concentram excesso de sal, a\u00e7\u00facar e gorduras saturadas ou trans. A alimenta\u00e7\u00e3o ap\u00f3s o derrame tamb\u00e9m precisa garantir prote\u00edna suficiente para preservar massa muscular, especialmente em pessoas com mobilidade reduzida. Em muitos casos, a equipe de nutri\u00e7\u00e3o adapta a consist\u00eancia da comida (pastosa, cremosa ou l\u00edquida espessada) para facilitar a degluti\u00e7\u00e3o e evitar engasgos.<\/p>\n\n\n\n<p>Outro ponto relevante \u00e9 o ajuste da alimenta\u00e7\u00e3o conforme o tipo de AVC (isqu\u00eamico ou hemorr\u00e1gico) e a presen\u00e7a de condi\u00e7\u00f5es como diabetes, insufici\u00eancia card\u00edaca ou doen\u00e7a renal. Em pessoas com apetite reduzido, por exemplo, pode ser necess\u00e1rio enriquecer as prepara\u00e7\u00f5es com fontes de prote\u00edna e energia (leite em p\u00f3, ovos, azeite, pastas de oleaginosas) em pequenos volumes, mantendo a qualidade nutricional sem sobrecarregar o sistema digestivo.<\/p>\n\n\n\n<h2 class=\"wp-block-heading\">Alimenta\u00e7\u00e3o ap\u00f3s AVC: quais cuidados s\u00e3o essenciais?<\/h2>\n\n\n\n<p>Os cuidados nutricionais no per\u00edodo p\u00f3s-AVC costumam seguir alguns eixos principais. O objetivo \u00e9 proteger o c\u00e9rebro e o sistema cardiovascular, ao mesmo tempo em que se favorece a recupera\u00e7\u00e3o funcional. Entre as orienta\u00e7\u00f5es mais frequentes, destacam-se:<\/p>\n\n\n\n<ul class=\"wp-block-list\">\n<li><strong>Controle da press\u00e3o arterial:<\/strong> redu\u00e7\u00e3o do sal de cozinha, substitui\u00e7\u00e3o de temperos prontos por ervas frescas e secas, limita\u00e7\u00e3o de embutidos, enlatados, caldos prontos e comidas instant\u00e2neas.<\/li>\n\n\n\n<li><strong>Manuten\u00e7\u00e3o da hidrata\u00e7\u00e3o:<\/strong> consumo adequado de \u00e1gua ao longo do dia, ajustado ao peso e \u00e0s condi\u00e7\u00f5es cl\u00ednicas, ajudando no funcionamento dos rins, do intestino e na circula\u00e7\u00e3o.<\/li>\n\n\n\n<li><strong>Controle de a\u00e7\u00facares simples:<\/strong> diminui\u00e7\u00e3o de refrigerantes, doces, sobremesas, biscoitos recheados e p\u00e3es de farinha branca, especialmente em pessoas com diabetes ou pr\u00e9-diabetes.<\/li>\n\n\n\n<li><strong>Redu\u00e7\u00e3o de gorduras saturadas:<\/strong> troca de frituras e carnes muito gordurosas por m\u00e9todos de preparo como assar, cozinhar ou grelhar, favorecendo carnes magras, peixes e frango sem pele.<\/li>\n<\/ul>\n\n\n\n<p>Essa combina\u00e7\u00e3o de medidas ajuda a estabilizar fatores de risco cl\u00e1ssicos, como hipertens\u00e3o, colesterol elevado e resist\u00eancia \u00e0 insulina. Em paralelo, a aten\u00e7\u00e3o ao fracionamento das refei\u00e7\u00f5es \u2014 caf\u00e9 da manh\u00e3, almo\u00e7o, jantar e pequenos lanches \u2014 evita longos per\u00edodos em jejum, o que pode ser relevante para o controle da glicemia e do apetite.<\/p>\n\n\n\n<p>Em pessoas com maior depend\u00eancia de cuidadores, a educa\u00e7\u00e3o da fam\u00edlia ou de quem prepara as refei\u00e7\u00f5es \u00e9 essencial: ensinar a consist\u00eancia adequada, a forma correta de posicionar o paciente durante a alimenta\u00e7\u00e3o, o tempo necess\u00e1rio para cada garfada e sinais de alerta para engasgos ou cansa\u00e7o durante a refei\u00e7\u00e3o faz parte dos cuidados nutricionais essenciais.<\/p>\n\n\n\n<h2 class=\"wp-block-heading\">Como montar um prato equilibrado na recupera\u00e7\u00e3o p\u00f3s-AVC?<\/h2>\n\n\n\n<p>Para facilitar o dia a dia, muitos profissionais indicam uma esp\u00e9cie de \u201cmodelo de prato\u201d como refer\u00eancia visual. Assim, mesmo sem contar calorias, a pessoa consegue manter certa organiza\u00e7\u00e3o nas refei\u00e7\u00f5es. Um prato voltado \u00e0 <strong>recupera\u00e7\u00e3o p\u00f3s-AVC<\/strong> costuma seguir uma l\u00f3gica simples de propor\u00e7\u00f5es.<\/p>\n\n\n\n<ol class=\"wp-block-list\">\n<li><strong>Metade do prato<\/strong> com verduras e legumes variados: crus, cozidos ou refogados com pouca gordura. Exemplos: br\u00f3colis, abobrinha, cenoura, alface, tomate, couve, espinafre.<\/li>\n\n\n\n<li><strong>Um quarto do prato<\/strong> com carboidratos de melhor qualidade: arroz integral, quinoa, batata-doce, mandioca, milho, massas integrais. A ideia \u00e9 priorizar op\u00e7\u00f5es que liberem energia de forma mais lenta.<\/li>\n\n\n\n<li><strong>Um quarto do prato<\/strong> com prote\u00ednas magras: peixes, frango sem pele, ovos, cortes magros de carne bovina ou su\u00edna, al\u00e9m de alternativas vegetais, como feij\u00e3o, lentilha, gr\u00e3o-de-bico e soja.<\/li>\n<\/ol>\n\n\n\n<p>Como complemento, entram pequenas por\u00e7\u00f5es de gorduras consideradas mais ben\u00e9ficas, como <strong>azeite de oliva extravirgem<\/strong>, castanhas, nozes e sementes. Frutas s\u00e3o distribu\u00eddas ao longo do dia, em lanches intermedi\u00e1rios ou sobremesas, respeitando orienta\u00e7\u00f5es para controle de a\u00e7\u00facar no sangue. Em situa\u00e7\u00f5es espec\u00edficas, suplementos nutricionais podem ser indicados pela equipe de sa\u00fade para atingir as necessidades di\u00e1rias.<\/p>\n\n\n\n<p>Para quem tem dificuldade de mastigar ou engolir, o \u201cprato equilibrado\u201d pode ser transformado em vers\u00f5es amassadas, picadas ou batidas, mantendo as mesmas propor\u00e7\u00f5es entre legumes, carboidratos e prote\u00ednas. O importante \u00e9 n\u00e3o reduzir a refei\u00e7\u00e3o apenas a sopas ralas ou caldos pobres em nutrientes, mas garantir textura segura e, ao mesmo tempo, densidade nutricional adequada \u00e0 recupera\u00e7\u00e3o.<\/p>\n\n\n\n<h2 class=\"wp-block-heading\">Quais h\u00e1bitos alimentares ajudam a prevenir um novo derrame?<\/h2>\n\n\n\n<p>Ap\u00f3s um primeiro evento, a preven\u00e7\u00e3o de um novo AVC torna-se prioridade. A mudan\u00e7a alimentar tende a ser cont\u00ednua, n\u00e3o limitada aos primeiros meses. H\u00e1bitos que costumam ser estimulados incluem:<\/p>\n\n\n\n<ul class=\"wp-block-list\">\n<li><strong>Planejamento das refei\u00e7\u00f5es:<\/strong> organiza\u00e7\u00e3o de compras e preparo antecipado de alimentos para reduzir depend\u00eancia de fast-food e entregas frequentes.<\/li>\n\n\n\n<li><strong>Leitura de r\u00f3tulos:<\/strong> aten\u00e7\u00e3o \u00e0 quantidade de s\u00f3dio, gorduras saturadas e a\u00e7\u00facares adicionados em produtos industrializados.<\/li>\n\n\n\n<li><strong>Redu\u00e7\u00e3o do \u00e1lcool:<\/strong> limita\u00e7\u00e3o ou interrup\u00e7\u00e3o do consumo de bebidas alco\u00f3licas, de acordo com orienta\u00e7\u00e3o m\u00e9dica.<\/li>\n\n\n\n<li><strong>Regularidade dos hor\u00e1rios:<\/strong> comer em intervalos semelhantes todos os dias contribui para maior estabilidade metab\u00f3lica.<\/li>\n<\/ul>\n\n\n\n<p>Muitas orienta\u00e7\u00f5es se aproximam do chamado padr\u00e3o de alimenta\u00e7\u00e3o mediterr\u00e2nea, caracterizado por alto consumo de vegetais, frutas, gr\u00e3os integrais, leguminosas, azeite e peixes. Esse estilo alimentar tem sido associado, em estudos, \u00e0 melhora da sa\u00fade cardiovascular, fator diretamente relacionado \u00e0 redu\u00e7\u00e3o do risco de novo derrame.<\/p>\n\n\n\n<p>Por fim, a alimenta\u00e7\u00e3o ap\u00f3s AVC \u00e9, em geral, constru\u00edda em conjunto com equipe multiprofissional. M\u00e9dico, nutricionista, fonoaudi\u00f3logo, fisioterapeuta e familiares costumam atuar em parceria para ajustar consist\u00eancia dos alimentos, hor\u00e1rios, prefer\u00eancias pessoais e restri\u00e7\u00f5es cl\u00ednicas. Com acompanhamento adequado e ajustes progressivos, a dieta deixa de ser apenas uma lista de proibi\u00e7\u00f5es e passa a ser um instrumento de apoio \u00e0 recupera\u00e7\u00e3o funcional e \u00e0 qualidade de vida.<\/p>\n\n\n\n<h2 class=\"wp-block-heading\">Perguntas frequentes (FAQ) sobre alimenta\u00e7\u00e3o ap\u00f3s o AVC<\/h2>\n\n\n\n<p><strong>1. Quanto tempo depois do AVC a alimenta\u00e7\u00e3o come\u00e7a a ser ajustada?<\/strong><br>\nAs adapta\u00e7\u00f5es costumam iniciar ainda no hospital, assim que o paciente tem condi\u00e7\u00f5es de se alimentar por via oral. A equipe avalia risco de engasgos, apetite, fun\u00e7\u00e3o intestinal e condi\u00e7\u00f5es cl\u00ednicas para definir textura e tipo de dieta. Esses ajustes seguem ap\u00f3s a alta, com revis\u00f5es peri\u00f3dicas.<\/p>\n\n\n\n<p><strong>2. Quem n\u00e3o sente fome ap\u00f3s o AVC deve for\u00e7ar a comer?<\/strong><br>\nA perda de apetite \u00e9 comum, mas n\u00e3o se recomenda \u201cfor\u00e7ar\u201d de forma agressiva. O ideal \u00e9 fracionar a alimenta\u00e7\u00e3o em pequenos volumes, mais frequentes, utilizando prepara\u00e7\u00f5es mais cal\u00f3ricas e proteicas em menor quantidade, sempre com orienta\u00e7\u00e3o profissional para evitar desnutri\u00e7\u00e3o.<\/p>\n\n\n\n<p><strong>3. Doces e a\u00e7\u00facar est\u00e3o totalmente proibidos?<\/strong><br>\nNa maioria dos casos, n\u00e3o h\u00e1 proibi\u00e7\u00e3o absoluta, mas sim limita\u00e7\u00e3o. A quantidade e a frequ\u00eancia de consumo de doces dependem do controle da glicemia, do peso e das orienta\u00e7\u00f5es m\u00e9dicas. Em pessoas com diabetes ou pr\u00e9-diabetes, a restri\u00e7\u00e3o tende a ser mais rigorosa.<\/p>\n\n\n\n<p><strong>4. Suplementos (como shakes e f\u00f3rmulas nutricionais) s\u00e3o sempre necess\u00e1rios?<\/strong><br>\nN\u00e3o. Eles s\u00e3o indicados quando a alimenta\u00e7\u00e3o habitual n\u00e3o consegue suprir as necessidades de energia e prote\u00edna, ou quando h\u00e1 grande dificuldade para mastigar\/engolir. A prescri\u00e7\u00e3o deve ser feita por m\u00e9dico ou nutricionista, de forma individualizada.<\/p>\n\n\n\n<p><strong>5. Quem teve AVC pode seguir uma dieta vegetariana ou vegana?<\/strong><br>\nPode, desde que o plano alimentar seja bem estruturado para garantir prote\u00edna, ferro, vitamina B12, \u00f4mega-3 e outros nutrientes-chave. Nesse cen\u00e1rio, o acompanhamento com nutricionista \u00e9 ainda mais importante para adequar as escolhas e, se necess\u00e1rio, indicar suplementa\u00e7\u00f5es espec\u00edficas.<\/p>\n","protected":false},"excerpt":{"rendered":"<p>A alimenta\u00e7\u00e3o saud\u00e1vel ap\u00f3s um Acidente Vascular Cerebral (AVC) \u00e9 considerada um dos pilares da recupera\u00e7\u00e3o. Ap\u00f3s a fase hospitalar, o organismo ainda se encontra fragilizado e precisa de nutrientes adequados para se reorganizar. Al\u00e9m disso, o modo como a pessoa se alimenta nesse per\u00edodo influencia diretamente o risco de um novo epis\u00f3dio, a for\u00e7a [&hellip;]<\/p>\n","protected":false},"author":10,"featured_media":24029,"comment_status":"open","ping_status":"open","sticky":false,"template":"","format":"standard","meta":{"jnews-multi-image_gallery":[],"jnews_single_post":{"format":"standard"},"jnews_primary_category":[],"jnews_social_meta":[],"jnews_override_counter":[],"footnotes":""},"categories":[123],"tags":[5271,140,141],"class_list":["post-24028","post","type-post","status-publish","format-standard","has-post-thumbnail","hentry","category-saude","tag-avc","tag-bem-estar","tag-saude"],"yoast_head":"<!-- This site is optimized with the Yoast SEO plugin v25.1 - https:\/\/yoast.com\/wordpress\/plugins\/seo\/ -->\n<title>Alimenta\u00e7\u00e3o ap\u00f3s AVC: saiba o que comer para ajudar o c\u00e9rebro - Correio Braziliense - Aqui<\/title>\n<meta name=\"description\" content=\"Alimenta\u00e7\u00e3o saud\u00e1vel na recupera\u00e7\u00e3o p\u00f3s-AVC: veja como dieta balanceada, press\u00e3o controlada e hidrata\u00e7\u00e3o reduzem riscos e fortalecem o corpo\" \/>\n<meta name=\"robots\" content=\"index, follow, max-snippet:-1, max-image-preview:large, max-video-preview:-1\" \/>\n<link rel=\"canonical\" href=\"https:\/\/www.correiobraziliense.com.br\/aqui\/2026\/03\/09\/alimentacao-apos-avc-saiba-o-que-comer-para-ajudar-o-cerebro\/\" \/>\n<meta property=\"og:locale\" content=\"pt_BR\" \/>\n<meta property=\"og:type\" content=\"article\" \/>\n<meta property=\"og:title\" content=\"Alimenta\u00e7\u00e3o ap\u00f3s AVC: saiba o que comer para ajudar o c\u00e9rebro - Correio Braziliense - Aqui\" \/>\n<meta property=\"og:description\" content=\"Alimenta\u00e7\u00e3o saud\u00e1vel na recupera\u00e7\u00e3o p\u00f3s-AVC: veja como dieta balanceada, press\u00e3o controlada e hidrata\u00e7\u00e3o reduzem riscos e fortalecem o corpo\" \/>\n<meta property=\"og:url\" content=\"https:\/\/www.correiobraziliense.com.br\/aqui\/2026\/03\/09\/alimentacao-apos-avc-saiba-o-que-comer-para-ajudar-o-cerebro\/\" \/>\n<meta property=\"og:site_name\" content=\"Correio Braziliense - Aqui\" \/>\n<meta property=\"article:published_time\" content=\"2026-03-09T15:10:00+00:00\" \/>\n<meta property=\"og:image\" content=\"https:\/\/www.correiobraziliense.com.br\/aqui\/wp-content\/uploads\/2026\/03\/httpsneuralmyth.comstaticcachea8a6028d-06aa-4d72-9665-4cdbfff04d37.jpeg\" \/>\n\t<meta property=\"og:image:width\" content=\"1280\" \/>\n\t<meta property=\"og:image:height\" content=\"720\" \/>\n\t<meta property=\"og:image:type\" content=\"image\/jpeg\" \/>\n<meta name=\"author\" content=\"Larissa\" \/>\n<meta name=\"twitter:card\" content=\"summary_large_image\" \/>\n<meta name=\"twitter:label1\" content=\"Escrito por\" \/>\n\t<meta name=\"twitter:data1\" content=\"Larissa\" \/>\n\t<meta name=\"twitter:label2\" content=\"Est. tempo de leitura\" \/>\n\t<meta name=\"twitter:data2\" content=\"8 minutos\" \/>\n<!-- \/ Yoast SEO plugin. -->","yoast_head_json":{"title":"Alimenta\u00e7\u00e3o ap\u00f3s AVC: saiba o que comer para ajudar o c\u00e9rebro - Correio Braziliense - Aqui","description":"Alimenta\u00e7\u00e3o saud\u00e1vel na recupera\u00e7\u00e3o p\u00f3s-AVC: veja como dieta balanceada, press\u00e3o controlada e hidrata\u00e7\u00e3o reduzem riscos e fortalecem o corpo","robots":{"index":"index","follow":"follow","max-snippet":"max-snippet:-1","max-image-preview":"max-image-preview:large","max-video-preview":"max-video-preview:-1"},"canonical":"https:\/\/www.correiobraziliense.com.br\/aqui\/2026\/03\/09\/alimentacao-apos-avc-saiba-o-que-comer-para-ajudar-o-cerebro\/","og_locale":"pt_BR","og_type":"article","og_title":"Alimenta\u00e7\u00e3o ap\u00f3s AVC: saiba o que comer para ajudar o c\u00e9rebro - Correio Braziliense - Aqui","og_description":"Alimenta\u00e7\u00e3o saud\u00e1vel na recupera\u00e7\u00e3o p\u00f3s-AVC: veja como dieta balanceada, press\u00e3o controlada e hidrata\u00e7\u00e3o reduzem riscos e fortalecem o corpo","og_url":"https:\/\/www.correiobraziliense.com.br\/aqui\/2026\/03\/09\/alimentacao-apos-avc-saiba-o-que-comer-para-ajudar-o-cerebro\/","og_site_name":"Correio Braziliense - Aqui","article_published_time":"2026-03-09T15:10:00+00:00","og_image":[{"width":1280,"height":720,"url":"https:\/\/www.correiobraziliense.com.br\/aqui\/wp-content\/uploads\/2026\/03\/httpsneuralmyth.comstaticcachea8a6028d-06aa-4d72-9665-4cdbfff04d37.jpeg","type":"image\/jpeg"}],"author":"Larissa","twitter_card":"summary_large_image","twitter_misc":{"Escrito por":"Larissa","Est. tempo de leitura":"8 minutos"},"schema":{"@context":"https:\/\/schema.org","@graph":[{"@type":"WebPage","@id":"https:\/\/www.correiobraziliense.com.br\/aqui\/2026\/03\/09\/alimentacao-apos-avc-saiba-o-que-comer-para-ajudar-o-cerebro\/","url":"https:\/\/www.correiobraziliense.com.br\/aqui\/2026\/03\/09\/alimentacao-apos-avc-saiba-o-que-comer-para-ajudar-o-cerebro\/","name":"Alimenta\u00e7\u00e3o ap\u00f3s AVC: saiba o que comer para ajudar o c\u00e9rebro - Correio Braziliense - Aqui","isPartOf":{"@id":"https:\/\/www.correiobraziliense.com.br\/aqui\/#website"},"primaryImageOfPage":{"@id":"https:\/\/www.correiobraziliense.com.br\/aqui\/2026\/03\/09\/alimentacao-apos-avc-saiba-o-que-comer-para-ajudar-o-cerebro\/#primaryimage"},"image":{"@id":"https:\/\/www.correiobraziliense.com.br\/aqui\/2026\/03\/09\/alimentacao-apos-avc-saiba-o-que-comer-para-ajudar-o-cerebro\/#primaryimage"},"thumbnailUrl":"https:\/\/www.correiobraziliense.com.br\/aqui\/wp-content\/uploads\/2026\/03\/httpsneuralmyth.comstaticcachea8a6028d-06aa-4d72-9665-4cdbfff04d37.jpeg","datePublished":"2026-03-09T15:10:00+00:00","author":{"@id":"https:\/\/www.correiobraziliense.com.br\/aqui\/#\/schema\/person\/775f50a8c1ac31704d56816e99b29041"},"description":"Alimenta\u00e7\u00e3o saud\u00e1vel na recupera\u00e7\u00e3o p\u00f3s-AVC: veja como dieta balanceada, press\u00e3o controlada e hidrata\u00e7\u00e3o reduzem riscos e fortalecem o corpo","breadcrumb":{"@id":"https:\/\/www.correiobraziliense.com.br\/aqui\/2026\/03\/09\/alimentacao-apos-avc-saiba-o-que-comer-para-ajudar-o-cerebro\/#breadcrumb"},"inLanguage":"pt-BR","potentialAction":[{"@type":"ReadAction","target":["https:\/\/www.correiobraziliense.com.br\/aqui\/2026\/03\/09\/alimentacao-apos-avc-saiba-o-que-comer-para-ajudar-o-cerebro\/"]}]},{"@type":"ImageObject","inLanguage":"pt-BR","@id":"https:\/\/www.correiobraziliense.com.br\/aqui\/2026\/03\/09\/alimentacao-apos-avc-saiba-o-que-comer-para-ajudar-o-cerebro\/#primaryimage","url":"https:\/\/www.correiobraziliense.com.br\/aqui\/wp-content\/uploads\/2026\/03\/httpsneuralmyth.comstaticcachea8a6028d-06aa-4d72-9665-4cdbfff04d37.jpeg","contentUrl":"https:\/\/www.correiobraziliense.com.br\/aqui\/wp-content\/uploads\/2026\/03\/httpsneuralmyth.comstaticcachea8a6028d-06aa-4d72-9665-4cdbfff04d37.jpeg","width":1280,"height":720,"caption":"Cr\u00e9ditos: depositphotos.com \/ Alexis84"},{"@type":"BreadcrumbList","@id":"https:\/\/www.correiobraziliense.com.br\/aqui\/2026\/03\/09\/alimentacao-apos-avc-saiba-o-que-comer-para-ajudar-o-cerebro\/#breadcrumb","itemListElement":[{"@type":"ListItem","position":1,"name":"In\u00edcio","item":"https:\/\/www.correiobraziliense.com.br\/aqui\/"},{"@type":"ListItem","position":2,"name":"Alimenta\u00e7\u00e3o ap\u00f3s AVC: saiba o que comer para ajudar o c\u00e9rebro"}]},{"@type":"WebSite","@id":"https:\/\/www.correiobraziliense.com.br\/aqui\/#website","url":"https:\/\/www.correiobraziliense.com.br\/aqui\/","name":"Correio Braziliense - Aqui","description":"O Correio Braziliense (CB) \u00e9 o mais importante canal de not\u00edcias de Bras\u00edlia. Aqui voc\u00ea encontra as \u00faltimas not\u00edcias do DF, do Brasil e do mundo.","potentialAction":[{"@type":"SearchAction","target":{"@type":"EntryPoint","urlTemplate":"https:\/\/www.correiobraziliense.com.br\/aqui\/?s={search_term_string}"},"query-input":{"@type":"PropertyValueSpecification","valueRequired":true,"valueName":"search_term_string"}}],"inLanguage":"pt-BR"},{"@type":"Person","@id":"https:\/\/www.correiobraziliense.com.br\/aqui\/#\/schema\/person\/775f50a8c1ac31704d56816e99b29041","name":"Larissa","image":{"@type":"ImageObject","inLanguage":"pt-BR","@id":"https:\/\/www.correiobraziliense.com.br\/aqui\/#\/schema\/person\/image\/","url":"https:\/\/secure.gravatar.com\/avatar\/62f5b2e99de671d075ab98e19f03c3c38c80a93f5d06f51075cf4431a4e76458?s=96&d=mm&r=g","contentUrl":"https:\/\/secure.gravatar.com\/avatar\/62f5b2e99de671d075ab98e19f03c3c38c80a93f5d06f51075cf4431a4e76458?s=96&d=mm&r=g","caption":"Larissa"},"url":"https:\/\/www.correiobraziliense.com.br\/aqui\/author\/larissaaqui\/"}]}},"_links":{"self":[{"href":"https:\/\/www.correiobraziliense.com.br\/aqui\/wp-json\/wp\/v2\/posts\/24028","targetHints":{"allow":["GET"]}}],"collection":[{"href":"https:\/\/www.correiobraziliense.com.br\/aqui\/wp-json\/wp\/v2\/posts"}],"about":[{"href":"https:\/\/www.correiobraziliense.com.br\/aqui\/wp-json\/wp\/v2\/types\/post"}],"author":[{"embeddable":true,"href":"https:\/\/www.correiobraziliense.com.br\/aqui\/wp-json\/wp\/v2\/users\/10"}],"replies":[{"embeddable":true,"href":"https:\/\/www.correiobraziliense.com.br\/aqui\/wp-json\/wp\/v2\/comments?post=24028"}],"version-history":[{"count":9,"href":"https:\/\/www.correiobraziliense.com.br\/aqui\/wp-json\/wp\/v2\/posts\/24028\/revisions"}],"predecessor-version":[{"id":24039,"href":"https:\/\/www.correiobraziliense.com.br\/aqui\/wp-json\/wp\/v2\/posts\/24028\/revisions\/24039"}],"wp:featuredmedia":[{"embeddable":true,"href":"https:\/\/www.correiobraziliense.com.br\/aqui\/wp-json\/wp\/v2\/media\/24029"}],"wp:attachment":[{"href":"https:\/\/www.correiobraziliense.com.br\/aqui\/wp-json\/wp\/v2\/media?parent=24028"}],"wp:term":[{"taxonomy":"category","embeddable":true,"href":"https:\/\/www.correiobraziliense.com.br\/aqui\/wp-json\/wp\/v2\/categories?post=24028"},{"taxonomy":"post_tag","embeddable":true,"href":"https:\/\/www.correiobraziliense.com.br\/aqui\/wp-json\/wp\/v2\/tags?post=24028"}],"curies":[{"name":"wp","href":"https:\/\/api.w.org\/{rel}","templated":true}]}}