{"id":24049,"date":"2026-03-09T15:31:24","date_gmt":"2026-03-09T18:31:24","guid":{"rendered":"https:\/\/www.correiobraziliense.com.br\/aqui\/?p=24049"},"modified":"2026-03-09T15:41:30","modified_gmt":"2026-03-09T18:41:30","slug":"saiba-o-que-explica-quem-nao-gosta-de-parabens-no-aniversario","status":"publish","type":"post","link":"https:\/\/www.correiobraziliense.com.br\/aqui\/2026\/03\/09\/saiba-o-que-explica-quem-nao-gosta-de-parabens-no-aniversario\/","title":{"rendered":"Saiba o que explica quem n\u00e3o gosta de parab\u00e9ns no anivers\u00e1rio"},"content":{"rendered":"\n<p>Em muitas culturas, o anivers\u00e1rio de algu\u00e9m \u00e9 visto como um dia de festas, mensagens e demonstra\u00e7\u00f5es p\u00fablicas de afeto. Ainda assim, uma parcela das pessoas prefere passar essa data de forma discreta, sem tanto alarde, e se sente desconfort\u00e1vel com a avalanche de sauda\u00e7\u00f5es em redes sociais e aplicativos de mensagem. Esse comportamento tem sido observado com frequ\u00eancia maior nos \u00faltimos anos, acompanhando mudan\u00e7as na forma de se relacionar e de lidar com a exposi\u00e7\u00e3o.<\/p>\n\n\n\n<p>Do ponto de vista psicol\u00f3gico, n\u00e3o gostar de receber mensagens de anivers\u00e1rio n\u00e3o \u00e9, por si s\u00f3, sinal de problema emocional ou rejei\u00e7\u00e3o \u00e0s rela\u00e7\u00f5es sociais. Em grande parte dos casos, est\u00e1 ligado ao jeito de ser de cada indiv\u00edduo, \u00e0s experi\u00eancias acumuladas ao longo da vida e ao lugar que as datas comemorativas ocupam na hist\u00f3ria pessoal. Entender esses fatores ajuda a encarar esse tipo de rea\u00e7\u00e3o com naturalidade e sem r\u00f3tulos precipitados.<\/p>\n\n\n\n<h2 class=\"wp-block-heading\">O que significa n\u00e3o gostar de receber mensagens de anivers\u00e1rio?<\/h2>\n\n\n\n<p>A express\u00e3o \u201cn\u00e3o gosto de mensagens no meu anivers\u00e1rio\u201d pode ter diversos significados, dependendo de quem a pronuncia. Para algumas pessoas, trata-se de <strong><a href=\"https:\/\/www.correiobraziliense.com.br\/aqui\/2025\/12\/02\/por-que-os-seres-humanos-choram-de-alegria-entenda\/\" target=\"_blank\" rel=\"noreferrer noopener\">uma forma de preservar a privacidade e evitar a sensa\u00e7\u00e3o de ser observado de perto<\/a><\/strong>. Para outras, o inc\u00f4modo est\u00e1 ligado \u00e0 percep\u00e7\u00e3o de que muitos cumprimentos s\u00e3o autom\u00e1ticos, disparados em massa, sem real envolvimento emocional. A psicologia indica que o contexto subjetivo \u00e9 fundamental para interpretar essa prefer\u00eancia.<\/p>\n\n\n\n<p>Outro elemento relevante \u00e9 o papel da aten\u00e7\u00e3o social. Nem todo mundo se sente \u00e0 vontade sendo o centro das conversas, ainda que por um dia. Ser marcado em publica\u00e7\u00f5es, aparecer em listas de transmiss\u00e3o ou ver o celular vibrando sem parar pode ser percebido como invasivo. Em vez de buscar esse tipo de destaque, algumas pessoas d\u00e3o mais valor a manifesta\u00e7\u00f5es discretas, encontros reservados ou poucas mensagens vindas de la\u00e7os afetivos mais estreitos. Em muitos casos, essas pessoas se reconhecem como mais introspectivas e ressaltam que o carinho \u00e9 bem-vindo, mas preferem que ele seja expresso de forma mais calma, \u00edntima e menos ruidosa.<\/p>\n\n\n\n<h2 class=\"wp-block-heading\">O que a psicologia diz sobre mensagens de anivers\u00e1rio e personalidade?<\/h2>\n\n\n\n<p>Profissionais da \u00e1rea de comportamento costumam relacionar o inc\u00f4modo com mensagens de anivers\u00e1rio a tra\u00e7os de introvers\u00e3o, prefer\u00eancia pela profundidade nas rela\u00e7\u00f5es e, em alguns casos, maior sensibilidade emocional. Isso n\u00e3o significa isolamento, mas uma forma diferente de administrar a energia social. Em vez de muitas intera\u00e7\u00f5es breves, essas pessoas tendem a priorizar contatos mais significativos.<\/p>\n\n\n\n<p>Do ponto de vista psicol\u00f3gico, podem ser observados alguns fatores recorrentes:<\/p>\n\n\n\n<ul class=\"wp-block-list\">\n<li><strong>Busca por privacidade:<\/strong> desconforto em expor a pr\u00f3pria vida, inclusive em datas comemorativas.<\/li>\n\n\n\n<li><strong>Valoriza\u00e7\u00e3o de v\u00ednculos profundos:<\/strong> prefer\u00eancia por poucos cumprimentos aut\u00eanticos em vez de dezenas de mensagens formais.<\/li>\n\n\n\n<li><strong>Reflex\u00e3o pessoal:<\/strong> uso do anivers\u00e1rio como momento de balan\u00e7o interno, o que nem sempre combina com celebra\u00e7\u00e3o p\u00fablica.<\/li>\n\n\n\n<li><strong>Sensa\u00e7\u00f5es amb\u00edguas sobre o tempo:<\/strong> a passagem dos anos pode despertar questionamentos sobre escolhas, perdas e mudan\u00e7as.<\/li>\n<\/ul>\n\n\n\n<p>Esses aspectos mostram que o inc\u00f4modo com felicita\u00e7\u00f5es de anivers\u00e1rio se conecta mais a um estilo de relacionamento e de viv\u00eancia emocional do que a uma recusa simples \u00e0 conviv\u00eancia social. Em algumas situa\u00e7\u00f5es, esse desconforto tamb\u00e9m pode ser intensificado por experi\u00eancias anteriores negativas em anivers\u00e1rios, como frustra\u00e7\u00f5es, brigas familiares ou expectativas n\u00e3o atendidas, que fazem a pessoa se sentir mais cautelosa com a data.<\/p>\n\n\n\n<h2 class=\"wp-block-heading\">Por que as redes sociais intensificam o desconforto?<\/h2>\n\n\n\n<p>Com a populariza\u00e7\u00e3o das plataformas digitais, a quantidade de mensagens de \u201cparab\u00e9ns\u201d aumentou de forma significativa. A lembran\u00e7a autom\u00e1tica de datas, os grupos de conversa e os posts p\u00fablicos criaram uma din\u00e2mica em que o anivers\u00e1rio se torna um evento amplamente vis\u00edvel. Para quem se sente mais reservado, essa exposi\u00e7\u00e3o pode ser interpretada como excesso de est\u00edmulos.<\/p>\n\n\n\n<p>Alguns pontos costumam se destacar nesse cen\u00e1rio:<\/p>\n\n\n\n<ol class=\"wp-block-list\">\n<li><strong>Automatiza\u00e7\u00e3o dos cumprimentos:<\/strong> lembretes e mensagens prontas podem passar a impress\u00e3o de formalidade, diminuindo a sensa\u00e7\u00e3o de proximidade.<\/li>\n\n\n\n<li><strong>Satura\u00e7\u00e3o de notifica\u00e7\u00f5es:<\/strong> dezenas de alertas ao longo do dia podem gerar cansa\u00e7o e a percep\u00e7\u00e3o de que \u00e9 preciso responder a todos.<\/li>\n\n\n\n<li><strong>Compara\u00e7\u00f5es sociais:<\/strong> ver celebra\u00e7\u00f5es grandiosas nas linhas do tempo pode provocar desconforto em quem prefere algo simples ou enfrenta fases delicadas.<\/li>\n\n\n\n<li><strong>Exposi\u00e7\u00e3o involunt\u00e1ria:<\/strong> marca\u00e7\u00f5es em fotos, v\u00eddeos e hist\u00f3rias nem sempre s\u00e3o desejadas por quem valoriza discri\u00e7\u00e3o.<\/li>\n<\/ol>\n\n\n\n<p>Por esses motivos, algumas pessoas optam por ocultar a data, desativar lembretes ou limitar intera\u00e7\u00f5es nesse per\u00edodo, como forma de cuidar do pr\u00f3prio bem-estar emocional. Em contextos de trabalho ou grupos grandes, tamb\u00e9m \u00e9 cada vez mais comum avisar previamente que n\u00e3o se deseja comemora\u00e7\u00f5es p\u00fablicas, justamente para manter a sensa\u00e7\u00e3o de controle sobre o que ser\u00e1 ou n\u00e3o compartilhado.<\/p>\n\n\n\n<h2 class=\"wp-block-heading\">Como lidar quando algu\u00e9m n\u00e3o gosta de mensagens de anivers\u00e1rio?<\/h2>\n\n\n\n<p>Quando uma pessoa deixa claro que prefere menos mensagens de anivers\u00e1rio, essa postura pode ser entendida como um pedido de respeito aos seus limites. Em vez de interpretar essa escolha como frieza ou indiferen\u00e7a, a psicologia sugere observar o que est\u00e1 por tr\u00e1s desse comportamento: necessidade de recolhimento, facilidade em se sobrecarregar com est\u00edmulos ou simples prefer\u00eancia por intera\u00e7\u00f5es mais reservadas.<\/p>\n\n\n\n<p>Algumas atitudes costumam ser \u00fateis nesse contexto:<\/p>\n\n\n\n<ul class=\"wp-block-list\">\n<li>Priorizar mensagens <strong>mais personalizadas<\/strong>, em vez de textos padronizados enviados a muitas pessoas.<\/li>\n\n\n\n<li>Optar por <strong>contatos diretos<\/strong>, como uma liga\u00e7\u00e3o breve ou um encontro tranquilo, quando isso estiver alinhado ao estilo da pessoa.<\/li>\n\n\n\n<li>Evitar expor a data em grupos ou redes, caso a pessoa j\u00e1 tenha sinalizado que n\u00e3o gosta de destaque p\u00fablico.<\/li>\n\n\n\n<li>Reconhecer que <strong>nem todo afeto precisa ser demonstrado nas redes sociais<\/strong>; o v\u00ednculo pode ser cultivado ao longo do ano.<\/li>\n<\/ul>\n\n\n\n<p>Ao considerar essas prefer\u00eancias, familiares, amigos e colegas tendem a construir rela\u00e7\u00f5es mais ajustadas ao modo como cada um vive o pr\u00f3prio anivers\u00e1rio. Tamb\u00e9m \u00e9 poss\u00edvel, em conversas abertas e respeitosas, perguntar diretamente como a pessoa prefere ser lembrada na data, evitando suposi\u00e7\u00f5es e refor\u00e7ando a ideia de cuidado m\u00fatuo.<\/p>\n\n\n\n<h2 class=\"wp-block-heading\">O que esse comportamento revela sobre as rela\u00e7\u00f5es atuais?<\/h2>\n\n\n\n<p>A forma como algu\u00e9m lida com as mensagens de anivers\u00e1rio revela, em parte, como enxerga contato social, exposi\u00e7\u00e3o e intimidade. Em um cen\u00e1rio em que a sociabilidade digital \u00e9 quase constante, o desejo de diminuir mensagens nessa data pode ser entendido como tentativa de recuperar algum controle sobre o pr\u00f3prio tempo e sobre o que \u00e9 compartilhado publicamente.<\/p>\n\n\n\n<p>Para al\u00e9m da data em si, essa postura levanta quest\u00f5es mais amplas sobre o ritmo de comunica\u00e7\u00e3o, a qualidade das intera\u00e7\u00f5es e o lugar da privacidade nas rela\u00e7\u00f5es contempor\u00e2neas. Assim, n\u00e3o gostar de receber muitas mensagens de anivers\u00e1rio passa a ser apenas uma das maneiras pelas quais se expressa a busca por rela\u00e7\u00f5es mais alinhadas ao jeito singular de cada pessoa se relacionar com o mundo social. Ao reconhecer essa diversidade de prefer\u00eancias, abre-se espa\u00e7o para formas de conviv\u00eancia mais flex\u00edveis, nas quais demonstrar afeto inclui tamb\u00e9m respeitar o sil\u00eancio, o recuo e a discri\u00e7\u00e3o de quem n\u00e3o deseja transformar o pr\u00f3prio anivers\u00e1rio em um evento p\u00fablico.<\/p>\n\n\n\n<h2 class=\"wp-block-heading\">FAQ: Dicas de mensagens de anivers\u00e1rio<\/h2>\n\n\n\n<p><strong>1. Como escrever uma mensagem de anivers\u00e1rio simples, mas significativa?<\/strong><\/p>\n\n\n\n<p>Uma boa estrat\u00e9gia \u00e9 mencionar algo espec\u00edfico sobre a pessoa ou sobre o \u00faltimo ano dela. Em vez de apenas \u201cfeliz anivers\u00e1rio\u201d, acrescente uma frase que demonstre que voc\u00ea realmente a conhece, como uma qualidade, um momento compartilhado ou um desejo alinhado aos planos dela. Entretanto, n\u00e3o \u00e9 necess\u00e1rio escrever um texto longo; poucas linhas aut\u00eanticas podem ser mais tocantes do que um par\u00e1grafo cheio de frases prontas.<\/p>\n\n\n\n<p><strong>2. Que tipo de mensagem enviar quando n\u00e3o tenho tanta intimidade com o aniversariante?<\/strong><\/p>\n\n\n\n<p>Nesses casos, \u00e9 adequado ser cordial e respeitoso, sem exagerar na intimidade. Voc\u00ea pode desejar um bom novo ciclo, sa\u00fade e realiza\u00e7\u00f5es, mantendo um tom neutro e gentil. Evite piadas internas ou refer\u00eancias muito pessoais. Portanto, foque em votos universais e positivos, demonstrando considera\u00e7\u00e3o sem ultrapassar limites de proximidade.<\/p>\n\n\n\n<p><strong>3. Como adaptar a mensagem para algu\u00e9m que est\u00e1 passando por um momento dif\u00edcil?<\/strong><\/p>\n\n\n\n<p>Conv\u00e9m reconhecer o momento delicado, sem transformar a mensagem em algo pesado. Voc\u00ea pode dizer que deseja dias mais leves, for\u00e7a e apoio, mostrando-se dispon\u00edvel para escutar. Evite frases excessivamente festivas se isso destoar da realidade da pessoa. Ent\u00e3o, procure um equil\u00edbrio entre carinho, sensibilidade e respeito ao estado emocional atual do aniversariante.<\/p>\n\n\n\n<p><strong>4. H\u00e1 dicas espec\u00edficas para mensagens de anivers\u00e1rio em ambiente de trabalho?<\/strong><\/p>\n\n\n\n<p>No trabalho, \u00e9 recomend\u00e1vel manter um tom profissional e cordial. Voc\u00ea pode agradecer pela parceria, reconhecer a contribui\u00e7\u00e3o da pessoa na equipe e desejar conquistas na carreira, al\u00e9m de sa\u00fade e bem-estar. Evite coment\u00e1rios muito \u00edntimos ou apelidos que possam soar inadequados em contexto corporativo. Portanto, seja amistoso, mas dentro de um limite respeitoso.<\/p>\n\n\n\n<p><strong>5. Como evitar que a minha mensagem pare\u00e7a autom\u00e1tica ou gen\u00e9rica?<\/strong><\/p>\n\n\n\n<p>Inclua ao menos um detalhe pessoal: um hobby, um projeto, uma qualidade ou uma lembran\u00e7a. Isso sinaliza que voc\u00ea pensou especificamente naquela pessoa. Entretanto, n\u00e3o \u00e9 preciso escrever algo muito elaborado; uma frase curta, por\u00e9m personalizada, j\u00e1 faz diferen\u00e7a. Ent\u00e3o, sempre que poss\u00edvel, revise a mensagem para garantir que ela n\u00e3o pare\u00e7a apenas um \u201ccopiar e colar\u201d.<\/p>\n\n\n\n<p><strong>6. O que escrever quando me atraso e envio a mensagem depois da data?<\/strong><\/p>\n\n\n\n<p>Sendo sincero e direto, voc\u00ea pode reconhecer o atraso com leveza, sem se alongar em justificativas. Algo como \u201csei que a data j\u00e1 passou, mas n\u00e3o queria deixar de te desejar\u2026\u201d costuma ser suficiente. Portanto, foque mais nos votos verdadeiros do que na desculpa. Ent\u00e3o, a honestidade e o carinho tendem a ter mais peso do que o hor\u00e1rio exato em que a mensagem chega.<\/p>\n\n\n\n<p><strong>7. Como equilibrar humor e respeito em uma mensagem de anivers\u00e1rio?<\/strong><\/p>\n\n\n\n<p>Antes de fazer piadas, considere bem o tipo de rela\u00e7\u00e3o e o momento de vida do aniversariante. Use o humor para aproximar, n\u00e3o para constranger. Entretanto, se houver d\u00favida sobre como a pessoa reagiria, \u00e9 mais seguro optar por um tom levemente bem-humorado, mas sem ironias sobre idade, apar\u00eancia ou situa\u00e7\u00f5es sens\u00edveis. Portanto, priorize coment\u00e1rios gentis e evite temas que possam gerar mal-estar.<\/p>\n\n\n\n<p><strong>8. Quando \u00e9 melhor enviar uma mensagem privada em vez de um coment\u00e1rio p\u00fablico?<\/strong><\/p>\n\n\n\n<p>Mensagens privadas s\u00e3o especialmente adequadas quando voc\u00ea deseja falar de algo mais pessoal, oferecer apoio ou respeitar a discri\u00e7\u00e3o do aniversariante. Se voc\u00ea sabe que a pessoa n\u00e3o gosta de grande exposi\u00e7\u00e3o, o contato reservado costuma ser mais acolhedor. Ent\u00e3o, ao notar esse perfil mais reservado, priorize canais diretos e individuais, deixando a pessoa mais \u00e0 vontade para responder no pr\u00f3prio ritmo.<\/p>\n","protected":false},"excerpt":{"rendered":"<p>N\u00e3o gostar de receber mensagens no anivers\u00e1rio: descubra, segundo a psicologia, o que isso revela sobre sua personalidade e suas emo\u00e7\u00f5es.<\/p>\n","protected":false},"author":8,"featured_media":24050,"comment_status":"open","ping_status":"open","sticky":false,"template":"","format":"standard","meta":{"jnews-multi-image_gallery":[],"jnews_single_post":{"format":"standard"},"jnews_primary_category":[],"jnews_social_meta":[],"jnews_override_counter":[],"footnotes":""},"categories":[120],"tags":[5322,1125,7350,2027],"class_list":["post-24049","post","type-post","status-publish","format-standard","has-post-thumbnail","hentry","category-curiosidades","tag-aniversario","tag-curiosidades","tag-mensagens-de-aniversario","tag-psicologia"],"yoast_head":"<!-- This site is optimized with the Yoast SEO plugin v25.1 - https:\/\/yoast.com\/wordpress\/plugins\/seo\/ -->\n<title>Saiba o que explica quem n\u00e3o gosta de parab\u00e9ns no anivers\u00e1rio - Correio Braziliense - Aqui<\/title>\n<meta name=\"description\" content=\"N\u00e3o gostar de receber mensagens no anivers\u00e1rio: descubra, segundo a psicologia, o que isso revela sobre sua personalidade e suas emo\u00e7\u00f5es.\" \/>\n<meta name=\"robots\" content=\"index, follow, max-snippet:-1, max-image-preview:large, max-video-preview:-1\" \/>\n<link rel=\"canonical\" href=\"https:\/\/www.correiobraziliense.com.br\/aqui\/2026\/03\/09\/saiba-o-que-explica-quem-nao-gosta-de-parabens-no-aniversario\/\" \/>\n<meta property=\"og:locale\" content=\"pt_BR\" \/>\n<meta property=\"og:type\" content=\"article\" \/>\n<meta property=\"og:title\" content=\"Saiba o que explica quem n\u00e3o gosta de parab\u00e9ns no anivers\u00e1rio - Correio Braziliense - Aqui\" \/>\n<meta property=\"og:description\" content=\"N\u00e3o gostar de receber mensagens no anivers\u00e1rio: descubra, segundo a psicologia, o que isso revela sobre sua personalidade e suas emo\u00e7\u00f5es.\" \/>\n<meta property=\"og:url\" content=\"https:\/\/www.correiobraziliense.com.br\/aqui\/2026\/03\/09\/saiba-o-que-explica-quem-nao-gosta-de-parabens-no-aniversario\/\" \/>\n<meta property=\"og:site_name\" content=\"Correio Braziliense - Aqui\" \/>\n<meta property=\"article:published_time\" content=\"2026-03-09T18:31:24+00:00\" \/>\n<meta property=\"article:modified_time\" content=\"2026-03-09T18:41:30+00:00\" \/>\n<meta property=\"og:image\" content=\"https:\/\/www.correiobraziliense.com.br\/aqui\/wp-content\/uploads\/2026\/03\/httpsneuralmyth.comstaticcacheafdbee4a-18d4-4d85-b4e4-2c0cf6764a5b.jpeg\" \/>\n\t<meta property=\"og:image:width\" content=\"1280\" \/>\n\t<meta property=\"og:image:height\" content=\"720\" \/>\n\t<meta property=\"og:image:type\" content=\"image\/jpeg\" \/>\n<meta name=\"author\" content=\"Lara\" \/>\n<meta name=\"twitter:card\" content=\"summary_large_image\" \/>\n<meta name=\"twitter:label1\" content=\"Escrito por\" \/>\n\t<meta name=\"twitter:data1\" content=\"Lara\" \/>\n\t<meta name=\"twitter:label2\" content=\"Est. tempo de leitura\" \/>\n\t<meta name=\"twitter:data2\" content=\"10 minutos\" \/>\n<!-- \/ Yoast SEO plugin. -->","yoast_head_json":{"title":"Saiba o que explica quem n\u00e3o gosta de parab\u00e9ns no anivers\u00e1rio - Correio Braziliense - Aqui","description":"N\u00e3o gostar de receber mensagens no anivers\u00e1rio: descubra, segundo a psicologia, o que isso revela sobre sua personalidade e suas emo\u00e7\u00f5es.","robots":{"index":"index","follow":"follow","max-snippet":"max-snippet:-1","max-image-preview":"max-image-preview:large","max-video-preview":"max-video-preview:-1"},"canonical":"https:\/\/www.correiobraziliense.com.br\/aqui\/2026\/03\/09\/saiba-o-que-explica-quem-nao-gosta-de-parabens-no-aniversario\/","og_locale":"pt_BR","og_type":"article","og_title":"Saiba o que explica quem n\u00e3o gosta de parab\u00e9ns no anivers\u00e1rio - Correio Braziliense - Aqui","og_description":"N\u00e3o gostar de receber mensagens no anivers\u00e1rio: descubra, segundo a psicologia, o que isso revela sobre sua personalidade e suas emo\u00e7\u00f5es.","og_url":"https:\/\/www.correiobraziliense.com.br\/aqui\/2026\/03\/09\/saiba-o-que-explica-quem-nao-gosta-de-parabens-no-aniversario\/","og_site_name":"Correio Braziliense - Aqui","article_published_time":"2026-03-09T18:31:24+00:00","article_modified_time":"2026-03-09T18:41:30+00:00","og_image":[{"width":1280,"height":720,"url":"https:\/\/www.correiobraziliense.com.br\/aqui\/wp-content\/uploads\/2026\/03\/httpsneuralmyth.comstaticcacheafdbee4a-18d4-4d85-b4e4-2c0cf6764a5b.jpeg","type":"image\/jpeg"}],"author":"Lara","twitter_card":"summary_large_image","twitter_misc":{"Escrito por":"Lara","Est. tempo de leitura":"10 minutos"},"schema":{"@context":"https:\/\/schema.org","@graph":[{"@type":"WebPage","@id":"https:\/\/www.correiobraziliense.com.br\/aqui\/2026\/03\/09\/saiba-o-que-explica-quem-nao-gosta-de-parabens-no-aniversario\/","url":"https:\/\/www.correiobraziliense.com.br\/aqui\/2026\/03\/09\/saiba-o-que-explica-quem-nao-gosta-de-parabens-no-aniversario\/","name":"Saiba o que explica quem n\u00e3o gosta de parab\u00e9ns no anivers\u00e1rio - Correio Braziliense - Aqui","isPartOf":{"@id":"https:\/\/www.correiobraziliense.com.br\/aqui\/#website"},"primaryImageOfPage":{"@id":"https:\/\/www.correiobraziliense.com.br\/aqui\/2026\/03\/09\/saiba-o-que-explica-quem-nao-gosta-de-parabens-no-aniversario\/#primaryimage"},"image":{"@id":"https:\/\/www.correiobraziliense.com.br\/aqui\/2026\/03\/09\/saiba-o-que-explica-quem-nao-gosta-de-parabens-no-aniversario\/#primaryimage"},"thumbnailUrl":"https:\/\/www.correiobraziliense.com.br\/aqui\/wp-content\/uploads\/2026\/03\/httpsneuralmyth.comstaticcacheafdbee4a-18d4-4d85-b4e4-2c0cf6764a5b.jpeg","datePublished":"2026-03-09T18:31:24+00:00","dateModified":"2026-03-09T18:41:30+00:00","author":{"@id":"https:\/\/www.correiobraziliense.com.br\/aqui\/#\/schema\/person\/5d6e4d99fecc86ab1a7ed1a0369afb65"},"description":"N\u00e3o gostar de receber mensagens no anivers\u00e1rio: descubra, segundo a psicologia, o que isso revela sobre sua personalidade e suas emo\u00e7\u00f5es.","breadcrumb":{"@id":"https:\/\/www.correiobraziliense.com.br\/aqui\/2026\/03\/09\/saiba-o-que-explica-quem-nao-gosta-de-parabens-no-aniversario\/#breadcrumb"},"inLanguage":"pt-BR","potentialAction":[{"@type":"ReadAction","target":["https:\/\/www.correiobraziliense.com.br\/aqui\/2026\/03\/09\/saiba-o-que-explica-quem-nao-gosta-de-parabens-no-aniversario\/"]}]},{"@type":"ImageObject","inLanguage":"pt-BR","@id":"https:\/\/www.correiobraziliense.com.br\/aqui\/2026\/03\/09\/saiba-o-que-explica-quem-nao-gosta-de-parabens-no-aniversario\/#primaryimage","url":"https:\/\/www.correiobraziliense.com.br\/aqui\/wp-content\/uploads\/2026\/03\/httpsneuralmyth.comstaticcacheafdbee4a-18d4-4d85-b4e4-2c0cf6764a5b.jpeg","contentUrl":"https:\/\/www.correiobraziliense.com.br\/aqui\/wp-content\/uploads\/2026\/03\/httpsneuralmyth.comstaticcacheafdbee4a-18d4-4d85-b4e4-2c0cf6764a5b.jpeg","width":1280,"height":720,"caption":"Cr\u00e9ditos: depositphotos.com \/ luismolinero"},{"@type":"BreadcrumbList","@id":"https:\/\/www.correiobraziliense.com.br\/aqui\/2026\/03\/09\/saiba-o-que-explica-quem-nao-gosta-de-parabens-no-aniversario\/#breadcrumb","itemListElement":[{"@type":"ListItem","position":1,"name":"In\u00edcio","item":"https:\/\/www.correiobraziliense.com.br\/aqui\/"},{"@type":"ListItem","position":2,"name":"Saiba o que explica quem n\u00e3o gosta de parab\u00e9ns no anivers\u00e1rio"}]},{"@type":"WebSite","@id":"https:\/\/www.correiobraziliense.com.br\/aqui\/#website","url":"https:\/\/www.correiobraziliense.com.br\/aqui\/","name":"Correio Braziliense - Aqui","description":"O Correio Braziliense (CB) \u00e9 o mais importante canal de not\u00edcias de Bras\u00edlia. Aqui voc\u00ea encontra as \u00faltimas not\u00edcias do DF, do Brasil e do mundo.","potentialAction":[{"@type":"SearchAction","target":{"@type":"EntryPoint","urlTemplate":"https:\/\/www.correiobraziliense.com.br\/aqui\/?s={search_term_string}"},"query-input":{"@type":"PropertyValueSpecification","valueRequired":true,"valueName":"search_term_string"}}],"inLanguage":"pt-BR"},{"@type":"Person","@id":"https:\/\/www.correiobraziliense.com.br\/aqui\/#\/schema\/person\/5d6e4d99fecc86ab1a7ed1a0369afb65","name":"Lara","image":{"@type":"ImageObject","inLanguage":"pt-BR","@id":"https:\/\/www.correiobraziliense.com.br\/aqui\/#\/schema\/person\/image\/","url":"https:\/\/secure.gravatar.com\/avatar\/57056c5c343a6d8a6669688d3d2c04916d9d280b352b6e50e66a8d39b2517e00?s=96&d=mm&r=g","contentUrl":"https:\/\/secure.gravatar.com\/avatar\/57056c5c343a6d8a6669688d3d2c04916d9d280b352b6e50e66a8d39b2517e00?s=96&d=mm&r=g","caption":"Lara"},"url":"https:\/\/www.correiobraziliense.com.br\/aqui\/author\/laraaqui\/"}]}},"_links":{"self":[{"href":"https:\/\/www.correiobraziliense.com.br\/aqui\/wp-json\/wp\/v2\/posts\/24049","targetHints":{"allow":["GET"]}}],"collection":[{"href":"https:\/\/www.correiobraziliense.com.br\/aqui\/wp-json\/wp\/v2\/posts"}],"about":[{"href":"https:\/\/www.correiobraziliense.com.br\/aqui\/wp-json\/wp\/v2\/types\/post"}],"author":[{"embeddable":true,"href":"https:\/\/www.correiobraziliense.com.br\/aqui\/wp-json\/wp\/v2\/users\/8"}],"replies":[{"embeddable":true,"href":"https:\/\/www.correiobraziliense.com.br\/aqui\/wp-json\/wp\/v2\/comments?post=24049"}],"version-history":[{"count":4,"href":"https:\/\/www.correiobraziliense.com.br\/aqui\/wp-json\/wp\/v2\/posts\/24049\/revisions"}],"predecessor-version":[{"id":24055,"href":"https:\/\/www.correiobraziliense.com.br\/aqui\/wp-json\/wp\/v2\/posts\/24049\/revisions\/24055"}],"wp:featuredmedia":[{"embeddable":true,"href":"https:\/\/www.correiobraziliense.com.br\/aqui\/wp-json\/wp\/v2\/media\/24050"}],"wp:attachment":[{"href":"https:\/\/www.correiobraziliense.com.br\/aqui\/wp-json\/wp\/v2\/media?parent=24049"}],"wp:term":[{"taxonomy":"category","embeddable":true,"href":"https:\/\/www.correiobraziliense.com.br\/aqui\/wp-json\/wp\/v2\/categories?post=24049"},{"taxonomy":"post_tag","embeddable":true,"href":"https:\/\/www.correiobraziliense.com.br\/aqui\/wp-json\/wp\/v2\/tags?post=24049"}],"curies":[{"name":"wp","href":"https:\/\/api.w.org\/{rel}","templated":true}]}}