{"id":24062,"date":"2026-03-09T16:41:00","date_gmt":"2026-03-09T19:41:00","guid":{"rendered":"https:\/\/www.correiobraziliense.com.br\/aqui\/?p=24062"},"modified":"2026-03-09T16:08:42","modified_gmt":"2026-03-09T19:08:42","slug":"suplementos-de-curcuma-entram-em-alerta-da-anvisa-por-risco-ao-figado","status":"publish","type":"post","link":"https:\/\/www.correiobraziliense.com.br\/aqui\/2026\/03\/09\/suplementos-de-curcuma-entram-em-alerta-da-anvisa-por-risco-ao-figado\/","title":{"rendered":"Suplementos de c\u00farcuma entram em alerta da Anvisa por risco ao f\u00edgado"},"content":{"rendered":"\n<p>A discuss\u00e3o sobre o uso de suplementos de c\u00farcuma ganhou for\u00e7a recente ap\u00f3s decis\u00f5es de ag\u00eancias regulat\u00f3rias internacionais chamarem aten\u00e7\u00e3o para poss\u00edveis riscos ao f\u00edgado. A subst\u00e2ncia, bastante conhecida na culin\u00e1ria e em produtos naturais, passou a ser observada com mais cuidado quando se apresenta em c\u00e1psulas e extratos concentrados. A preocupa\u00e7\u00e3o se concentra, sobretudo, nas formulas voltadas a aumentar a absor\u00e7\u00e3o da curcumina pelo organismo.<\/p>\n\n\n\n<p>Em paralelo, relatos de suspeitas de intoxica\u00e7\u00e3o hep\u00e1tica associados a produtos com c\u00farcuma ou curcuminoides foram comunicados em diferentes pa\u00edses. Autoridades sanit\u00e1rias da Europa, da Am\u00e9rica do Norte e da Oceania passaram a revisar registros de eventos adversos e a refor\u00e7ar orienta\u00e7\u00f5es sobre o consumo desses suplementos. O tema tamb\u00e9m entrou na pauta de \u00f3rg\u00e3os reguladores no Brasil, que v\u00eam acompanhando os movimentos internacionais e avaliando medidas adicionais de seguran\u00e7a.<\/p>\n\n\n\n<h2 class=\"wp-block-heading\">Suplementos de c\u00farcuma: o que est\u00e1 em debate?<\/h2>\n\n\n\n<p>Diferentemente do uso em temperos, os produtos em c\u00e1psulas ou extratos entregam doses muito superiores \u00e0s encontradas na alimenta\u00e7\u00e3o cotidiana. Em alguns casos, s\u00e3o associadas tecnologias que intensificam a biodisponibilidade, isto \u00e9, fazem com que o corpo absorva mais curcumina em menos tempo.<\/p>\n\n\n\n<p>Essa combina\u00e7\u00e3o de doses elevadas e alta absor\u00e7\u00e3o faz com que o f\u00edgado seja exposto a uma quantidade significativa do composto em um per\u00edodo curto. Para parte da popula\u00e7\u00e3o, isso n\u00e3o gera altera\u00e7\u00f5es percept\u00edveis. No entanto, em indiv\u00edduos mais suscet\u00edveis, com uso prolongado, presen\u00e7a de outras medica\u00e7\u00f5es ou doen\u00e7as pr\u00e9-existentes, podem surgir sinais de sobrecarga hep\u00e1tica. Por isso, o foco recai menos na c\u00farcuma em si e mais na forma e na quantidade em que ela \u00e9 oferecida como suplemento alimentar.<\/p>\n\n\n\n<h2 class=\"wp-block-heading\">Como os suplementos de c\u00farcuma podem afetar o f\u00edgado?<\/h2>\n\n\n\n<p>Os suplementos de c\u00farcuma concentram curcumina, <strong><a href=\"https:\/\/www.correiobraziliense.com.br\/aqui\/2026\/02\/26\/anvisa-suspende-venda-de-gel-intimo-para-massagem-saiba-mais\/\" target=\"_blank\" rel=\"noreferrer noopener\">subst\u00e2ncia amplamente estudada por propriedades anti-inflamat\u00f3rias e antioxidantes<\/a><\/strong>. Em produtos encapsulados ou em extratos, a dose di\u00e1ria pode ser muitas vezes superior \u00e0quela usada em um prato preparado com o tempero em p\u00f3. Al\u00e9m disso, compostos como a piperina, presente na pimenta-preta, s\u00e3o frequentemente adicionados para aumentar a absor\u00e7\u00e3o intestinal da curcumina.<\/p>\n\n\n\n<p>Quem estuda o tema descreve um mecanismo em que o f\u00edgado, respons\u00e1vel por metabolizar e eliminar diversas subst\u00e2ncias, precisa processar um volume maior de curcumina em pouco tempo. Em situa\u00e7\u00f5es espec\u00edficas, essa sobrecarga pode desencadear uma resposta inflamat\u00f3ria nas c\u00e9lulas hep\u00e1ticas. O quadro \u00e9 conhecido como les\u00e3o hep\u00e1tica induzida por subst\u00e2ncias, podendo se manifestar como hepatite medicamentosa, com altera\u00e7\u00e3o de exames de sangue e sintomas cl\u00ednicos variados.<\/p>\n\n\n\n<p>Outro ponto citado por especialistas \u00e9 a falta de padroniza\u00e7\u00e3o entre marcas de suplementos de c\u00farcuma. Produtos diferentes podem trazer concentra\u00e7\u00f5es distintas de curcuminoides, sem que o consumidor tenha clareza real sobre a dose ingerida. Quando isso se soma ao uso concomitante de outros medicamentos metabolizados pelo f\u00edgado, o risco de uma intera\u00e7\u00e3o desfavor\u00e1vel tende a aumentar, sobretudo em doses altas e uso prolongado.<\/p>\n\n\n\n<h2 class=\"wp-block-heading\">O uso culin\u00e1rio de c\u00farcuma \u00e9 seguro?<\/h2>\n\n\n\n<p>As autoridades sanit\u00e1rias t\u00eam feito uma distin\u00e7\u00e3o clara entre o uso culin\u00e1rio da c\u00farcuma e o consumo de suplementos concentrados. No preparo de alimentos, o tempero \u00e9 utilizado em pequenas quantidades, dilu\u00eddo em pratos como arroz, sopas, molhos e curries. Nessa forma, a exposi\u00e7\u00e3o di\u00e1ria \u00e0 curcumina \u00e9 bastante inferior \u00e0quela observada em comprimidos ou c\u00e1psulas de alta concentra\u00e7\u00e3o.<\/p>\n\n\n\n<p>At\u00e9 o momento, o consumo da c\u00farcuma como condimento \u00e9 considerado seguro para a popula\u00e7\u00e3o em geral, dentro de um padr\u00e3o alimentar equilibrado. A preocupa\u00e7\u00e3o se volta principalmente para produtos com \u201caltas doses\u201d, \u201cabsor\u00e7\u00e3o potencializada\u201d ou r\u00f3tulos que prometem efeitos acelerados. Em muitos desses casos, o suplemento de c\u00farcuma \u00e9 apresentado como alternativa r\u00e1pida para dores, inflama\u00e7\u00f5es ou melhora de desempenho, o que pode levar algumas pessoas a ultrapassar as doses recomendadas sem acompanhamento profissional.<\/p>\n\n\n\n<h2 class=\"wp-block-heading\">Quais sinais podem indicar problemas com suplementos de c\u00farcuma?<\/h2>\n\n\n\n<p>Em situa\u00e7\u00f5es em que h\u00e1 suspeita de les\u00e3o hep\u00e1tica associada a suplementos de c\u00farcuma, alguns sintomas costumam chamar aten\u00e7\u00e3o. Entre eles, destacam-se altera\u00e7\u00f5es na cor da pele e dos olhos, mudan\u00e7as na urina e desconfortos abdominais. Esses sinais n\u00e3o confirmam, por si s\u00f3, uma rela\u00e7\u00e3o com o produto, mas indicam a necessidade de avalia\u00e7\u00e3o especializada.<\/p>\n\n\n\n<ul class=\"wp-block-list\">\n<li><strong>Pele ou olhos amarelados<\/strong> (icter\u00edcia);<\/li>\n\n\n\n<li><strong>Urina escura<\/strong>, lembrando cor de ch\u00e1 forte;<\/li>\n\n\n\n<li><strong>Cansa\u00e7o intenso<\/strong> sem motivo evidente;<\/li>\n\n\n\n<li><strong>N\u00e1useas<\/strong>, mal-estar ou <strong>dor abdominal<\/strong> persistente.<\/li>\n<\/ul>\n\n\n\n<p>Em cen\u00e1rios assim, a orienta\u00e7\u00e3o t\u00e9cnica costuma incluir a suspens\u00e3o imediata do suplemento de c\u00farcuma e a investiga\u00e7\u00e3o m\u00e9dica, com exames laboratoriais para avaliar enzimas do f\u00edgado e outros par\u00e2metros. Dependendo do quadro, servi\u00e7os de sa\u00fade podem recomendar notifica\u00e7\u00e3o aos sistemas oficiais de farmacovigil\u00e2ncia e monitoramento de eventos adversos relacionados a suplementos alimentares e medicamentos.<\/p>\n\n\n\n<h2 class=\"wp-block-heading\">Cuidados ao usar suplementos de c\u00farcuma no dia a dia<\/h2>\n\n\n\n<p>O uso de suplementos \u00e0 base de c\u00farcuma tende a ser mais seguro quando inserido em um contexto de acompanhamento profissional e respeito \u00e0s doses indicadas. Em vez de aumentar a quantidade por conta pr\u00f3pria, a recomenda\u00e7\u00e3o geral \u00e9 observar r\u00f3tulos, checar concentra\u00e7\u00f5es e informar m\u00e9dicos ou outros profissionais de sa\u00fade sobre todos os produtos em uso, inclusive fitoter\u00e1picos e itens comprados sem receita.<\/p>\n\n\n\n<ol class=\"wp-block-list\">\n<li><strong>Verificar a proced\u00eancia<\/strong> do suplemento e buscar fabricantes com dados claros de concentra\u00e7\u00e3o.<\/li>\n\n\n\n<li><strong>Respeitar a dose di\u00e1ria<\/strong> sugerida na rotulagem ou pelo profissional de refer\u00eancia.<\/li>\n\n\n\n<li><strong>Evitar combina\u00e7\u00f5es indiscriminadas<\/strong> com outros suplementos ou medicamentos sem orienta\u00e7\u00e3o.<\/li>\n\n\n\n<li><strong>Observar sintomas<\/strong> diferentes do habitual, principalmente relacionados a fadiga intensa, digest\u00e3o e colora\u00e7\u00e3o da pele.<\/li>\n\n\n\n<li><strong>Manter o uso da c\u00farcuma na alimenta\u00e7\u00e3o<\/strong> dentro de padr\u00f5es habituais, como tempero, sem extrapolar para misturas caseiras muito concentradas.<\/li>\n<\/ol>\n\n\n\n<p>\u00c0 medida que novas evid\u00eancias s\u00e3o reunidas e casos s\u00e3o notificados, \u00f3rg\u00e3os reguladores continuam a revisar normas, r\u00f3tulos e bulas de produtos que cont\u00eam c\u00farcuma e curcuminoides. A tend\u00eancia \u00e9 que advert\u00eancias de seguran\u00e7a se tornem mais vis\u00edveis e que o consumidor passe a receber mais informa\u00e7\u00f5es sobre limites de uso, potenciais intera\u00e7\u00f5es e cuidados espec\u00edficos em grupos com maior vulnerabilidade hep\u00e1tica.<\/p>\n\n\n\n<h2 class=\"wp-block-heading\">FAQ sobre suplementos alimentares<\/h2>\n\n\n\n<p><strong>1. Suplementos alimentares substituem uma alimenta\u00e7\u00e3o equilibrada?<\/strong><br>Suplementos alimentares n\u00e3o foram desenvolvidos para substituir refei\u00e7\u00f5es ou um padr\u00e3o alimentar variado. Eles servem, principalmente, para complementar nutrientes que estejam em falta ou em risco de defici\u00eancia. Entretanto, quando usados como \u201catalho\u201d para compensar uma dieta pobre em frutas, legumes, prote\u00ednas e gr\u00e3os integrais, tendem a n\u00e3o entregar os mesmos benef\u00edcios que uma alimenta\u00e7\u00e3o completa. Portanto, o ideal \u00e9 que sejam vistos como apoio pontual, e n\u00e3o como base da nutri\u00e7\u00e3o di\u00e1ria.<\/p>\n\n\n\n<p><strong>2. Como saber se realmente preciso de um suplemento alimentar?<\/strong><br>A necessidade de suplemento costuma ser confirmada pela avalia\u00e7\u00e3o cl\u00ednica e, muitas vezes, por exames laboratoriais que identifiquem car\u00eancias espec\u00edficas de vitaminas, minerais ou outros compostos. Entretanto, sinais como cansa\u00e7o persistente, queda de cabelo ou altera\u00e7\u00f5es na imunidade n\u00e3o devem ser automaticamente atribu\u00eddos \u00e0 falta de nutrientes, pois podem ter v\u00e1rias causas. Portanto, antes de iniciar qualquer produto por conta pr\u00f3pria, \u00e9 recomend\u00e1vel conversar com um profissional de sa\u00fade que possa interpretar sintomas e exames de forma integrada; ent\u00e3o, a indica\u00e7\u00e3o tende a ser mais precisa e segura.<\/p>\n\n\n\n<p><strong>3. Posso usar v\u00e1rios suplementos ao mesmo tempo?<\/strong><br>\u00c9 poss\u00edvel associar diferentes suplementos, desde que haja justificativa e acompanhamento adequado. Entretanto, misturar produtos de forma indiscriminada aumenta o risco de ultrapassar limites seguros de determinados nutrientes, al\u00e9m de favorecer intera\u00e7\u00f5es entre eles e com medicamentos em uso. Portanto, o ideal \u00e9 listar todos os suplementos que se pretende utilizar e discutir as combina\u00e7\u00f5es, doses e hor\u00e1rios com um profissional qualificado; ent\u00e3o, fica mais f\u00e1cil ajustar o plano para reduzir riscos e evitar redund\u00e2ncias.<\/p>\n\n\n\n<p><strong>4. Suplementos \u201cnaturais\u201d s\u00e3o sempre seguros?<\/strong><br>A origem natural de um suplemento n\u00e3o garante aus\u00eancia de efeitos adversos. Plantas, extratos vegetais, \u00f3leos e outros compostos de origem natural podem interagir com rem\u00e9dios, causar rea\u00e7\u00f5es al\u00e9rgicas ou sobrecarregar \u00f3rg\u00e3os como f\u00edgado e rins em determinadas circunst\u00e2ncias. Entretanto, muitas pessoas interpretam o r\u00f3tulo \u201cnatural\u201d como sin\u00f4nimo de \u201csem contraindica\u00e7\u00f5es\u201d, o que pode levar a abusos de dose e tempo de uso. Portanto, mesmo produtos naturais devem ser utilizados com crit\u00e9rio e informa\u00e7\u00e3o adequada; ent\u00e3o, a chance de benef\u00edcio supera a de eventos indesejados.<\/p>\n\n\n\n<p><strong>5. Gestantes, idosos e pessoas com doen\u00e7as cr\u00f4nicas podem usar suplementos livremente?<\/strong><br>Esses grupos costumam exigir mais cautela. Gestantes, idosos e pessoas com doen\u00e7as cr\u00f4nicas, como diabetes, hipertens\u00e3o ou problemas renais, podem se beneficiar de alguns suplementos espec\u00edficos, mas tamb\u00e9m s\u00e3o mais suscet\u00edveis a intera\u00e7\u00f5es e efeitos colaterais. Entretanto, n\u00e3o h\u00e1 uma regra \u00fanica que sirva para todos, pois cada quadro cl\u00ednico demanda avalia\u00e7\u00e3o individualizada. Portanto, nessas situa\u00e7\u00f5es, a automedica\u00e7\u00e3o com suplementos \u00e9 especialmente desaconselhada; ent\u00e3o, a indica\u00e7\u00e3o deve ser sempre feita e acompanhada por um profissional de sa\u00fade, com revis\u00e3o peri\u00f3dica de doses e exames.<\/p>\n\n\n\n<p><strong>6. O que observar no r\u00f3tulo de um suplemento alimentar?<\/strong><br>O r\u00f3tulo deve informar claramente a quantidade de cada nutriente por por\u00e7\u00e3o, a dose di\u00e1ria recomendada, a lista completa de ingredientes e a presen\u00e7a de alerg\u00eanicos, como lactose, gl\u00faten ou soja. Entretanto, algumas embalagens destacam apenas benef\u00edcios e slogans de marketing, deixando detalhes t\u00e9cnicos em letras muito pequenas. Portanto, \u00e9 importante ler toda a rotulagem, inclusive advert\u00eancias, modo de uso e restri\u00e7\u00f5es; ent\u00e3o, o consumidor consegue comparar marcas, entender o que est\u00e1 ingerindo e tomar decis\u00f5es mais conscientes.<\/p>\n\n\n\n<p><strong>7. \u00c9 necess\u00e1rio fazer pausas no uso de suplementos?<\/strong><br>Muitos suplementos s\u00e3o planejados para uso por tempo determinado, especialmente quando o objetivo \u00e9 corrigir uma defici\u00eancia pontual. Entretanto, o consumo cont\u00ednuo, sem reavalia\u00e7\u00e3o, pode levar ao ac\u00famulo de certos nutrientes ou tornar o uso desnecess\u00e1rio quando os n\u00edveis j\u00e1 foram normalizados. Portanto, recomenda-se revisar periodicamente a indica\u00e7\u00e3o, a dose e a dura\u00e7\u00e3o do uso com o profissional que orientou o suplemento; ent\u00e3o, \u00e9 poss\u00edvel decidir se vale manter, ajustar a dose ou fazer uma pausa.<\/p>\n","protected":false},"excerpt":{"rendered":"<p>Suplementos de c\u00farcuma e curcumina podem causar les\u00e3o hep\u00e1tica; saiba riscos, sintomas no f\u00edgado e orienta\u00e7\u00f5es seguras da Anvisa  <\/p>\n","protected":false},"author":8,"featured_media":24063,"comment_status":"open","ping_status":"open","sticky":false,"template":"","format":"standard","meta":{"jnews-multi-image_gallery":[],"jnews_single_post":{"format":"standard"},"jnews_primary_category":[],"jnews_social_meta":[],"jnews_override_counter":[],"footnotes":""},"categories":[154],"tags":[6356,666,157,2452,7353,7356,7355,7357,7354],"class_list":["post-24062","post","type-post","status-publish","format-standard","has-post-thumbnail","hentry","category-brasil","tag-agencia-nacional-de-vigilancia-sanitaria","tag-anvisa","tag-brasil","tag-curcuma","tag-curcumina","tag-curcuminoides","tag-intoxicacao-hepatica","tag-lesao-hepatica-induzida-por-substancias","tag-suplementos-de-curcuma"],"yoast_head":"<!-- This site is optimized with the Yoast SEO plugin v25.1 - https:\/\/yoast.com\/wordpress\/plugins\/seo\/ -->\n<title>Suplementos de c\u00farcuma entram em alerta da Anvisa por risco ao f\u00edgado - Correio Braziliense - Aqui<\/title>\n<meta name=\"description\" content=\"Suplementos de c\u00farcuma e curcumina podem causar les\u00e3o hep\u00e1tica; saiba riscos, sintomas no f\u00edgado e orienta\u00e7\u00f5es seguras da Anvisa\" \/>\n<meta name=\"robots\" content=\"index, follow, max-snippet:-1, max-image-preview:large, max-video-preview:-1\" \/>\n<link rel=\"canonical\" href=\"https:\/\/www.correiobraziliense.com.br\/aqui\/2026\/03\/09\/suplementos-de-curcuma-entram-em-alerta-da-anvisa-por-risco-ao-figado\/\" \/>\n<meta property=\"og:locale\" content=\"pt_BR\" \/>\n<meta property=\"og:type\" content=\"article\" \/>\n<meta property=\"og:title\" content=\"Suplementos de c\u00farcuma entram em alerta da Anvisa por risco ao f\u00edgado - Correio Braziliense - Aqui\" \/>\n<meta property=\"og:description\" content=\"Suplementos de c\u00farcuma e curcumina podem causar les\u00e3o hep\u00e1tica; saiba riscos, sintomas no f\u00edgado e orienta\u00e7\u00f5es seguras da Anvisa\" \/>\n<meta property=\"og:url\" content=\"https:\/\/www.correiobraziliense.com.br\/aqui\/2026\/03\/09\/suplementos-de-curcuma-entram-em-alerta-da-anvisa-por-risco-ao-figado\/\" \/>\n<meta property=\"og:site_name\" content=\"Correio Braziliense - Aqui\" \/>\n<meta property=\"article:published_time\" content=\"2026-03-09T19:41:00+00:00\" \/>\n<meta property=\"og:image\" content=\"https:\/\/www.correiobraziliense.com.br\/aqui\/wp-content\/uploads\/2026\/03\/httpsneuralmyth.comstaticcacheeff49b6d-178a-4980-929f-f9f1b5f389f2.jpeg\" \/>\n\t<meta property=\"og:image:width\" content=\"1280\" \/>\n\t<meta property=\"og:image:height\" content=\"720\" \/>\n\t<meta property=\"og:image:type\" content=\"image\/jpeg\" \/>\n<meta name=\"author\" content=\"Lara\" \/>\n<meta name=\"twitter:card\" content=\"summary_large_image\" \/>\n<meta name=\"twitter:label1\" content=\"Escrito por\" \/>\n\t<meta name=\"twitter:data1\" content=\"Lara\" \/>\n\t<meta name=\"twitter:label2\" content=\"Est. tempo de leitura\" \/>\n\t<meta name=\"twitter:data2\" content=\"9 minutos\" \/>\n<!-- \/ Yoast SEO plugin. -->","yoast_head_json":{"title":"Suplementos de c\u00farcuma entram em alerta da Anvisa por risco ao f\u00edgado - Correio Braziliense - Aqui","description":"Suplementos de c\u00farcuma e curcumina podem causar les\u00e3o hep\u00e1tica; saiba riscos, sintomas no f\u00edgado e orienta\u00e7\u00f5es seguras da Anvisa","robots":{"index":"index","follow":"follow","max-snippet":"max-snippet:-1","max-image-preview":"max-image-preview:large","max-video-preview":"max-video-preview:-1"},"canonical":"https:\/\/www.correiobraziliense.com.br\/aqui\/2026\/03\/09\/suplementos-de-curcuma-entram-em-alerta-da-anvisa-por-risco-ao-figado\/","og_locale":"pt_BR","og_type":"article","og_title":"Suplementos de c\u00farcuma entram em alerta da Anvisa por risco ao f\u00edgado - Correio Braziliense - Aqui","og_description":"Suplementos de c\u00farcuma e curcumina podem causar les\u00e3o hep\u00e1tica; saiba riscos, sintomas no f\u00edgado e orienta\u00e7\u00f5es seguras da Anvisa","og_url":"https:\/\/www.correiobraziliense.com.br\/aqui\/2026\/03\/09\/suplementos-de-curcuma-entram-em-alerta-da-anvisa-por-risco-ao-figado\/","og_site_name":"Correio Braziliense - Aqui","article_published_time":"2026-03-09T19:41:00+00:00","og_image":[{"width":1280,"height":720,"url":"https:\/\/www.correiobraziliense.com.br\/aqui\/wp-content\/uploads\/2026\/03\/httpsneuralmyth.comstaticcacheeff49b6d-178a-4980-929f-f9f1b5f389f2.jpeg","type":"image\/jpeg"}],"author":"Lara","twitter_card":"summary_large_image","twitter_misc":{"Escrito por":"Lara","Est. tempo de leitura":"9 minutos"},"schema":{"@context":"https:\/\/schema.org","@graph":[{"@type":"WebPage","@id":"https:\/\/www.correiobraziliense.com.br\/aqui\/2026\/03\/09\/suplementos-de-curcuma-entram-em-alerta-da-anvisa-por-risco-ao-figado\/","url":"https:\/\/www.correiobraziliense.com.br\/aqui\/2026\/03\/09\/suplementos-de-curcuma-entram-em-alerta-da-anvisa-por-risco-ao-figado\/","name":"Suplementos de c\u00farcuma entram em alerta da Anvisa por risco ao f\u00edgado - Correio Braziliense - Aqui","isPartOf":{"@id":"https:\/\/www.correiobraziliense.com.br\/aqui\/#website"},"primaryImageOfPage":{"@id":"https:\/\/www.correiobraziliense.com.br\/aqui\/2026\/03\/09\/suplementos-de-curcuma-entram-em-alerta-da-anvisa-por-risco-ao-figado\/#primaryimage"},"image":{"@id":"https:\/\/www.correiobraziliense.com.br\/aqui\/2026\/03\/09\/suplementos-de-curcuma-entram-em-alerta-da-anvisa-por-risco-ao-figado\/#primaryimage"},"thumbnailUrl":"https:\/\/www.correiobraziliense.com.br\/aqui\/wp-content\/uploads\/2026\/03\/httpsneuralmyth.comstaticcacheeff49b6d-178a-4980-929f-f9f1b5f389f2.jpeg","datePublished":"2026-03-09T19:41:00+00:00","author":{"@id":"https:\/\/www.correiobraziliense.com.br\/aqui\/#\/schema\/person\/5d6e4d99fecc86ab1a7ed1a0369afb65"},"description":"Suplementos de c\u00farcuma e curcumina podem causar les\u00e3o hep\u00e1tica; saiba riscos, sintomas no f\u00edgado e orienta\u00e7\u00f5es seguras da Anvisa","breadcrumb":{"@id":"https:\/\/www.correiobraziliense.com.br\/aqui\/2026\/03\/09\/suplementos-de-curcuma-entram-em-alerta-da-anvisa-por-risco-ao-figado\/#breadcrumb"},"inLanguage":"pt-BR","potentialAction":[{"@type":"ReadAction","target":["https:\/\/www.correiobraziliense.com.br\/aqui\/2026\/03\/09\/suplementos-de-curcuma-entram-em-alerta-da-anvisa-por-risco-ao-figado\/"]}]},{"@type":"ImageObject","inLanguage":"pt-BR","@id":"https:\/\/www.correiobraziliense.com.br\/aqui\/2026\/03\/09\/suplementos-de-curcuma-entram-em-alerta-da-anvisa-por-risco-ao-figado\/#primaryimage","url":"https:\/\/www.correiobraziliense.com.br\/aqui\/wp-content\/uploads\/2026\/03\/httpsneuralmyth.comstaticcacheeff49b6d-178a-4980-929f-f9f1b5f389f2.jpeg","contentUrl":"https:\/\/www.correiobraziliense.com.br\/aqui\/wp-content\/uploads\/2026\/03\/httpsneuralmyth.comstaticcacheeff49b6d-178a-4980-929f-f9f1b5f389f2.jpeg","width":1280,"height":720,"caption":"Cr\u00e9ditos: depositphotos.com \/ nungning20"},{"@type":"BreadcrumbList","@id":"https:\/\/www.correiobraziliense.com.br\/aqui\/2026\/03\/09\/suplementos-de-curcuma-entram-em-alerta-da-anvisa-por-risco-ao-figado\/#breadcrumb","itemListElement":[{"@type":"ListItem","position":1,"name":"In\u00edcio","item":"https:\/\/www.correiobraziliense.com.br\/aqui\/"},{"@type":"ListItem","position":2,"name":"Suplementos de c\u00farcuma entram em alerta da Anvisa por risco ao f\u00edgado"}]},{"@type":"WebSite","@id":"https:\/\/www.correiobraziliense.com.br\/aqui\/#website","url":"https:\/\/www.correiobraziliense.com.br\/aqui\/","name":"Correio Braziliense - Aqui","description":"O Correio Braziliense (CB) \u00e9 o mais importante canal de not\u00edcias de Bras\u00edlia. Aqui voc\u00ea encontra as \u00faltimas not\u00edcias do DF, do Brasil e do mundo.","potentialAction":[{"@type":"SearchAction","target":{"@type":"EntryPoint","urlTemplate":"https:\/\/www.correiobraziliense.com.br\/aqui\/?s={search_term_string}"},"query-input":{"@type":"PropertyValueSpecification","valueRequired":true,"valueName":"search_term_string"}}],"inLanguage":"pt-BR"},{"@type":"Person","@id":"https:\/\/www.correiobraziliense.com.br\/aqui\/#\/schema\/person\/5d6e4d99fecc86ab1a7ed1a0369afb65","name":"Lara","image":{"@type":"ImageObject","inLanguage":"pt-BR","@id":"https:\/\/www.correiobraziliense.com.br\/aqui\/#\/schema\/person\/image\/","url":"https:\/\/secure.gravatar.com\/avatar\/57056c5c343a6d8a6669688d3d2c04916d9d280b352b6e50e66a8d39b2517e00?s=96&d=mm&r=g","contentUrl":"https:\/\/secure.gravatar.com\/avatar\/57056c5c343a6d8a6669688d3d2c04916d9d280b352b6e50e66a8d39b2517e00?s=96&d=mm&r=g","caption":"Lara"},"url":"https:\/\/www.correiobraziliense.com.br\/aqui\/author\/laraaqui\/"}]}},"_links":{"self":[{"href":"https:\/\/www.correiobraziliense.com.br\/aqui\/wp-json\/wp\/v2\/posts\/24062","targetHints":{"allow":["GET"]}}],"collection":[{"href":"https:\/\/www.correiobraziliense.com.br\/aqui\/wp-json\/wp\/v2\/posts"}],"about":[{"href":"https:\/\/www.correiobraziliense.com.br\/aqui\/wp-json\/wp\/v2\/types\/post"}],"author":[{"embeddable":true,"href":"https:\/\/www.correiobraziliense.com.br\/aqui\/wp-json\/wp\/v2\/users\/8"}],"replies":[{"embeddable":true,"href":"https:\/\/www.correiobraziliense.com.br\/aqui\/wp-json\/wp\/v2\/comments?post=24062"}],"version-history":[{"count":1,"href":"https:\/\/www.correiobraziliense.com.br\/aqui\/wp-json\/wp\/v2\/posts\/24062\/revisions"}],"predecessor-version":[{"id":24065,"href":"https:\/\/www.correiobraziliense.com.br\/aqui\/wp-json\/wp\/v2\/posts\/24062\/revisions\/24065"}],"wp:featuredmedia":[{"embeddable":true,"href":"https:\/\/www.correiobraziliense.com.br\/aqui\/wp-json\/wp\/v2\/media\/24063"}],"wp:attachment":[{"href":"https:\/\/www.correiobraziliense.com.br\/aqui\/wp-json\/wp\/v2\/media?parent=24062"}],"wp:term":[{"taxonomy":"category","embeddable":true,"href":"https:\/\/www.correiobraziliense.com.br\/aqui\/wp-json\/wp\/v2\/categories?post=24062"},{"taxonomy":"post_tag","embeddable":true,"href":"https:\/\/www.correiobraziliense.com.br\/aqui\/wp-json\/wp\/v2\/tags?post=24062"}],"curies":[{"name":"wp","href":"https:\/\/api.w.org\/{rel}","templated":true}]}}