{"id":24098,"date":"2026-03-09T18:21:13","date_gmt":"2026-03-09T21:21:13","guid":{"rendered":"https:\/\/www.correiobraziliense.com.br\/aqui\/?p=24098"},"modified":"2026-03-09T18:21:16","modified_gmt":"2026-03-09T21:21:16","slug":"protetor-solar-entenda-o-que-e-fps-uva-e-muito-mais","status":"publish","type":"post","link":"https:\/\/www.correiobraziliense.com.br\/aqui\/2026\/03\/09\/protetor-solar-entenda-o-que-e-fps-uva-e-muito-mais\/","title":{"rendered":"Protetor solar: entenda o que \u00e9 FPS, UVA e muito mais"},"content":{"rendered":"<p>Entre os itens de cuidado di\u00e1rio com a pele, o <strong>protetor solar<\/strong> ocupa um papel central. Mesmo assim, muitas pessoas ainda t\u00eam d\u00favidas ao se deparar com n\u00fameros, siglas e termos t\u00e9cnicos nas embalagens. Essas informa\u00e7\u00f5es n\u00e3o est\u00e3o ali por acaso: elas indicam o n\u00edvel de defesa contra a radia\u00e7\u00e3o ultravioleta e orientam o uso correto do produto. Quanto melhor a leitura dessas indica\u00e7\u00f5es, mais f\u00e1cil fica escolher uma f\u00f3rmula realmente adequada \u00e0 rotina e ao tipo de pele. Portanto, entender o que cada sigla significa se torna essencial para usar o protetor solar de forma estrat\u00e9gica e segura.<\/p>\n<p>Em 2026, com o aumento da exposi\u00e7\u00e3o a telas, lazer ao ar livre e altas temperaturas em v\u00e1rias regi\u00f5es do pa\u00eds, especialistas em pele chamam aten\u00e7\u00e3o para um ponto: o uso do protetor n\u00e3o \u00e9 restrito a dias de praia ou piscina. A radia\u00e7\u00e3o solar atravessa nuvens, janelas e vidros de carros. Al\u00e9m disso, a luz vis\u00edvel e a luz azul emitidas por dispositivos eletr\u00f4nicos tamb\u00e9m contribuem para o envelhecimento precoce e para manchas em alguns tipos de pele sens\u00edveis. Por isso, compreender r\u00f3tulos, entender o que \u00e9 FPS, conhecer a prote\u00e7\u00e3o contra UVA e identificar recursos como resist\u00eancia \u00e0 \u00e1gua se tornou um cuidado de sa\u00fade, e n\u00e3o apenas est\u00e9tico. Em suma, quem deseja prevenir rugas, manchas e c\u00e2ncer de pele precisa enxergar o protetor solar como parte da rotina, assim como escovar os dentes.<\/p>\n<h2>O que \u00e9 FPS no protetor solar e por que esse n\u00famero importa?<\/h2>\n<p>A palavra-chave principal nesse tema \u00e9 <strong>protetor solar<\/strong>, e um dos dados mais vis\u00edveis no r\u00f3tulo \u00e9 o <strong>FPS<\/strong>, sigla para Fator de Prote\u00e7\u00e3o Solar. Esse \u00edndice informa quanto o produto reduz a a\u00e7\u00e3o dos raios <strong>UVB<\/strong>, faixa de radia\u00e7\u00e3o relacionada principalmente \u00e0s queimaduras, vermelhid\u00e3o e desconforto ap\u00f3s a exposi\u00e7\u00e3o ao sol. De forma simplificada, quanto maior o FPS, maior \u00e9 a prote\u00e7\u00e3o contra essa agress\u00e3o imediata \u00e0 pele. Entretanto, escolher o FPS mais alto poss\u00edvel sem considerar o tipo de pele e a frequ\u00eancia de reaplica\u00e7\u00e3o nem sempre traz o melhor custo-benef\u00edcio.<\/p>\n<p>Na pr\u00e1tica, um protetor solar com FPS mais alto permite permanecer sob o sol por um tempo maior antes de ocorrer a queimadura, em compara\u00e7\u00e3o com a pele sem produto. No dia a dia, por\u00e9m, essa conta te\u00f3rica \u00e9 influenciada por fatores como suor, atrito da roupa, quantidade aplicada e reaplica\u00e7\u00e3o. Ent\u00e3o, duas pessoas que usam o mesmo FPS podem ter graus de prote\u00e7\u00e3o diferentes, dependendo de como passam o produto e de como se exp\u00f5em ao sol. Por esse motivo, \u00f3rg\u00e3os de sa\u00fade costumam recomendar <strong>FPS 30 ou mais<\/strong> para uso cotidiano, especialmente em um pa\u00eds tropical, com forte incid\u00eancia solar durante praticamente o ano inteiro. Portanto, ao escolher o FPS, vale considerar se voc\u00ea fica mais em ambientes fechados ou ao ar livre, se pratica esportes e se tem pele muito clara ou com hist\u00f3rico de c\u00e2ncer de pele na fam\u00edlia.<\/p>\n<h2>Protetor solar e prote\u00e7\u00e3o UVA: qual a diferen\u00e7a para UVB?<\/h2>\n<p>Al\u00e9m do FPS, um bom protetor solar precisa oferecer defesa contra outra faixa de radia\u00e7\u00e3o: os raios <strong>UVA<\/strong>. Eles penetram mais profundamente na pele e est\u00e3o relacionados a altera\u00e7\u00f5es a longo prazo, como surgimento de manchas, perda de elasticidade e danos \u00e0s c\u00e9lulas que podem favorecer o aparecimento de c\u00e2ncer de pele. Por n\u00e3o causarem vermelhid\u00e3o imediata, muitas vezes passam despercebidos no dia a dia. Entretanto, esse tipo de radia\u00e7\u00e3o atua silenciosamente, acelerando o envelhecimento e somando danos ano ap\u00f3s ano.<\/p>\n<p>Para sinalizar essa defesa mais ampla, as embalagens costumam trazer termos como <strong>\u201camplo espectro\u201d<\/strong> ou indica\u00e7\u00e3o espec\u00edfica de prote\u00e7\u00e3o UVA. Em alguns produtos, h\u00e1 s\u00edmbolos, estrelas ou \u00edndices num\u00e9ricos pr\u00f3prios para essa faixa de radia\u00e7\u00e3o, como PPD ou PA+, PA++ e assim por diante. Ent\u00e3o, ao observar o r\u00f3tulo, vale checar n\u00e3o s\u00f3 o FPS, mas tamb\u00e9m se existe men\u00e7\u00e3o clara \u00e0 prote\u00e7\u00e3o contra UVA. Quando o r\u00f3tulo traz apenas o FPS, sem refer\u00eancia \u00e0 prote\u00e7\u00e3o UVA, a defesa contra esse tipo de raio pode ser limitada. Assim, buscar um protetor solar que traga claramente essa informa\u00e7\u00e3o \u00e9 uma estrat\u00e9gia importante para quem se preocupa n\u00e3o s\u00f3 com queimaduras, mas tamb\u00e9m com o impacto cumulativo do sol ao longo dos anos. Em suma, UVB costuma queimar, enquanto UVA envelhece e, portanto, ambos precisam ser bloqueados com um protetor solar completo.<\/p>\n<h2>Como escolher o melhor protetor solar para cada rotina?<\/h2>\n<p>A escolha do protetor solar n\u00e3o depende apenas do FPS. Outros detalhes fazem diferen\u00e7a na pr\u00e1tica, especialmente em um pa\u00eds com climas variados e diferentes tipos de pele. Entre os crit\u00e9rios que costumam ser avaliados, est\u00e3o a textura, o acabamento, o n\u00edvel de oleosidade, a cor e a resist\u00eancia \u00e0 \u00e1gua ou ao suor. Cada combina\u00e7\u00e3o atende melhor a certos contextos, como trabalho em ambiente fechado, atividades ao ar livre ou pr\u00e1ticas esportivas. Portanto, antes de comprar, vale refletir sobre como \u00e9 o seu dia a dia e em quais momentos o protetor solar ser\u00e1 aplicado.<\/p>\n<p>De forma geral, alguns pontos costumam ser observados:<\/p>\n<ul>\n<li><strong>Tipo de pele:<\/strong> peles oleosas tendem a se adaptar melhor a f\u00f3rmulas em gel, s\u00e9rum ou \u201coil free\u201d; peles secas podem se beneficiar de texturas mais cremosas. Ent\u00e3o, testar pequenas quantidades e observar se o produto causa brilho excessivo, ressecamento ou espinhas ajuda na escolha. Em pele com acne, por exemplo, muitos profissionais recomendam protetor solar n\u00e3o comedog\u00eanico.<\/li>\n<li><strong>Rotina di\u00e1ria:<\/strong> quem permanece muitas horas em ambientes externos costuma precisar de FPS mais alto e maior resist\u00eancia \u00e0 \u00e1gua ou ao suor. Entretanto, mesmo em escrit\u00f3rios, a luz que entra pelas janelas e o tempo no deslocamento contam, ent\u00e3o o uso regular continua relevante.<\/li>\n<li><strong>Prefer\u00eancia est\u00e9tica:<\/strong> h\u00e1 vers\u00f5es com cor, que ajudam a uniformizar o tom da pele, e op\u00e7\u00f5es incolores, mais discretas. Em suma, o melhor protetor solar \u00e9 aquele que agrada na textura e na apar\u00eancia, porque isso aumenta a chance de uso di\u00e1rio e reaplica\u00e7\u00e3o correta.<\/li>\n<li><strong>Sensibilidade:<\/strong> f\u00f3rmulas espec\u00edficas para peles sens\u00edveis ou com tend\u00eancia a alergias podem ser mais indicadas em alguns casos. Portanto, quem tem ros\u00e1cea, melasma ou hist\u00f3rico de irrita\u00e7\u00f5es deve dar prefer\u00eancia a produtos hipoalerg\u00eanicos, sem perfume e com filtros f\u00edsicos\/minerais, conforme orienta\u00e7\u00e3o profissional.<\/li>\n<\/ul>\n<h2>Protetor solar resistente \u00e0 \u00e1gua protege mais?<\/h2>\n<p>A express\u00e3o <strong>\u201cresistente \u00e0 \u00e1gua\u201d<\/strong> nos r\u00f3tulos gera d\u00favidas frequentes. O termo indica que o protetor solar mant\u00e9m parte significativa da prote\u00e7\u00e3o mesmo ap\u00f3s contato com \u00e1gua ou transpira\u00e7\u00e3o, por um per\u00edodo determinado em testes de laborat\u00f3rio. Isso costuma ser \u00fatil em situa\u00e7\u00f5es de praia, piscina, pr\u00e1tica esportiva intensa ou em regi\u00f5es muito quentes, onde o suor \u00e9 constante. Ent\u00e3o, quem pratica corrida, ciclismo ou esportes ao ar livre tende a se beneficiar mais dessas f\u00f3rmulas.<\/p>\n<p>No entanto, resist\u00eancia n\u00e3o significa prote\u00e7\u00e3o permanente. Depois de nadar, suar em excesso ou secar o corpo com toalha, recomenda-se reaplicar o protetor solar para manter o n\u00edvel de defesa inicialmente proposto. Em linhas gerais, algumas orienta\u00e7\u00f5es s\u00e3o comuns entre profissionais de sa\u00fade:<\/p>\n<ol>\n<li>Aplicar o protetor solar em quantidade adequada, cobrindo de forma homog\u00eanea todas as \u00e1reas expostas. Portanto, usar pouco produto reduz bastante a efic\u00e1cia, mesmo quando o FPS \u00e9 alto.<\/li>\n<li>Passar o produto cerca de 15 a 30 minutos antes da exposi\u00e7\u00e3o ao sol. Ent\u00e3o, evitar aplicar j\u00e1 na areia ou na piscina ajuda o filtro a se fixar melhor na pele.<\/li>\n<li>Reaplicar a cada duas horas, ou em intervalos menores em caso de mergulho, suor intenso ou atrito constante. Em suma, a reaplica\u00e7\u00e3o garante que o protetor solar continue desempenhando a fun\u00e7\u00e3o de barreira contra os raios UV.<\/li>\n<li>Combinar o uso do protetor com outros cuidados, como chap\u00e9u, \u00f3culos escuros e roupas que bloqueiem parte da radia\u00e7\u00e3o. Portanto, enxergar a fotoprote\u00e7\u00e3o como um conjunto de medidas, e n\u00e3o como responsabilidade exclusiva do filtro, oferece uma prote\u00e7\u00e3o muito mais robusta.<\/li>\n<\/ol>\n<h2>Por que o uso di\u00e1rio de protetor solar \u00e9 t\u00e3o recomendado?<\/h2>\n<p>Quando o assunto \u00e9 protetor solar, a orienta\u00e7\u00e3o de uso di\u00e1rio est\u00e1 relacionada \u00e0 soma dos efeitos do sol ao longo do tempo. Mesmo em dias nublados ou chuvosos, a radia\u00e7\u00e3o ultravioleta continua presente. A exposi\u00e7\u00e3o repetida, ainda que em pequenas doses, contribui para altera\u00e7\u00f5es na estrutura da pele que podem aparecer anos depois, como rugas marcadas, manchas e les\u00f5es suspeitas. Ent\u00e3o, quem deseja envelhecer com pele mais saud\u00e1vel e uniforme precisa considerar a fotoprote\u00e7\u00e3o como investimento em longo prazo.<\/p>\n<p>Manter o h\u00e1bito de aplicar o produto todos os dias, inclusive nas \u00e1reas frequentemente esquecidas \u2014 orelhas, pesco\u00e7o, nuca, dorso das m\u00e3os \u2014, \u00e9 considerado um dos pilares da fotoprote\u00e7\u00e3o. Associado a consultas peri\u00f3dicas com profissionais habilitados e \u00e0 observa\u00e7\u00e3o de sinais na pele, o uso adequado do protetor solar se torna uma ferramenta relevante tanto para preservar a apar\u00eancia quanto para auxiliar na preven\u00e7\u00e3o de doen\u00e7as relacionadas \u00e0 exposi\u00e7\u00e3o solar prolongada. Em suma, mais do que um cosm\u00e9tico, o protetor solar funciona como um aliado di\u00e1rio da sa\u00fade, ajudando a reduzir o risco de c\u00e2ncer de pele e a manter a pele com aspecto mais jovem por mais tempo.<\/p>\n<h2>FAQ \u2013 Perguntas frequentes sobre protetor solar<\/h2>\n<p><strong>1. Protetor solar em spray protege tanto quanto o em creme?<\/strong><br \/>\nEm geral, sim, desde que a aplica\u00e7\u00e3o ocorra em quantidade suficiente e de forma uniforme. Entretanto, o spray costuma gerar falhas quando a pessoa n\u00e3o espalha o produto com as m\u00e3os ou aplica muito rapidamente. Portanto, ao usar spray, borrife generosamente e, ent\u00e3o, espalhe bem para cobrir toda a pele.<\/p>\n<p><strong>2. Quem tem pele negra tamb\u00e9m precisa usar protetor solar todos os dias?<\/strong><br \/>\nSim. Embora a pele negra tenha mais melanina e, portanto, maior prote\u00e7\u00e3o natural contra queimaduras, ainda pode sofrer com manchas, envelhecimento precoce e c\u00e2ncer de pele. Em suma, o protetor solar di\u00e1rio tamb\u00e9m faz parte do cuidado essencial para todos os tons de pele.<\/p>\n<p><strong>3. Protetor solar com cor realmente ajuda contra manchas?<\/strong><br \/>\nAjuda bastante, principalmente em melasma e manchas causadas por luz vis\u00edvel. Isso acontece porque o pigmento forma uma barreira adicional contra a luz. Portanto, para quem tem tend\u00eancia a manchas, protetor solar com cor costuma ser uma boa estrat\u00e9gia complementar, sempre associado \u00e0 reaplica\u00e7\u00e3o adequada.<\/p>\n<p><strong>4. Posso usar o mesmo protetor solar do corpo no rosto?<\/strong><br \/>\nPode, mas nem sempre essa op\u00e7\u00e3o agrada. F\u00f3rmulas corporais, em geral, t\u00eam textura mais pesada e podem deixar o rosto oleoso ou com brilho. Ent\u00e3o, para peles sens\u00edveis ou acneicas, um protetor espec\u00edfico para o rosto costuma oferecer mais conforto e menor risco de irrita\u00e7\u00e3o.<\/p>\n<p><strong>5. Protetor solar substitui o hidratante?<\/strong><br \/>\nNem sempre. Alguns protetores solares j\u00e1 trazem agentes hidratantes e funcionam bem sozinhos em peles mistas ou oleosas. Entretanto, peles secas, maduras ou sensibilizadas costumam precisar de um hidratante espec\u00edfico antes do protetor solar. Portanto, observar como a pele reage e, quando necess\u00e1rio, buscar orienta\u00e7\u00e3o profissional ajuda a montar uma rotina mais completa.<\/p>\n","protected":false},"excerpt":{"rendered":"<p>Entre os itens de cuidado di\u00e1rio com a pele, o protetor solar ocupa um papel central. Mesmo assim, muitas pessoas ainda t\u00eam d\u00favidas ao se deparar com n\u00fameros, siglas e termos t\u00e9cnicos nas embalagens. Essas informa\u00e7\u00f5es n\u00e3o est\u00e3o ali por acaso: elas indicam o n\u00edvel de defesa contra a radia\u00e7\u00e3o ultravioleta e orientam o uso [&hellip;]<\/p>\n","protected":false},"author":9,"featured_media":24100,"comment_status":"open","ping_status":"open","sticky":false,"template":"","format":"standard","meta":{"jnews-multi-image_gallery":[],"jnews_single_post":{"format":"standard"},"jnews_primary_category":[],"jnews_social_meta":[],"jnews_override_counter":[],"footnotes":""},"categories":[123],"tags":[2949,5768,141,4544,7369],"class_list":["post-24098","post","type-post","status-publish","format-standard","has-post-thumbnail","hentry","category-saude","tag-fps","tag-protetor-solar","tag-saude","tag-uva","tag-uvb"],"yoast_head":"<!-- This site is optimized with the Yoast SEO plugin v25.1 - https:\/\/yoast.com\/wordpress\/plugins\/seo\/ -->\n<title>Protetor solar: entenda o que \u00e9 FPS, UVA e muito mais - Correio Braziliense - Aqui<\/title>\n<meta name=\"description\" content=\"Proteja sua pele com o protetor solar ideal: entenda FPS, prote\u00e7\u00e3o UVA\/UVB e resist\u00eancia \u00e0 \u00e1gua para escolher com seguran\u00e7a di\u00e1ria.\" \/>\n<meta name=\"robots\" content=\"index, follow, max-snippet:-1, max-image-preview:large, max-video-preview:-1\" \/>\n<link rel=\"canonical\" href=\"https:\/\/www.correiobraziliense.com.br\/aqui\/2026\/03\/09\/protetor-solar-entenda-o-que-e-fps-uva-e-muito-mais\/\" \/>\n<meta property=\"og:locale\" content=\"pt_BR\" \/>\n<meta property=\"og:type\" content=\"article\" \/>\n<meta property=\"og:title\" content=\"Protetor solar: entenda o que \u00e9 FPS, UVA e muito mais - Correio Braziliense - Aqui\" \/>\n<meta property=\"og:description\" content=\"Proteja sua pele com o protetor solar ideal: entenda FPS, prote\u00e7\u00e3o UVA\/UVB e resist\u00eancia \u00e0 \u00e1gua para escolher com seguran\u00e7a di\u00e1ria.\" \/>\n<meta property=\"og:url\" content=\"https:\/\/www.correiobraziliense.com.br\/aqui\/2026\/03\/09\/protetor-solar-entenda-o-que-e-fps-uva-e-muito-mais\/\" \/>\n<meta property=\"og:site_name\" content=\"Correio Braziliense - Aqui\" \/>\n<meta property=\"article:published_time\" content=\"2026-03-09T21:21:13+00:00\" \/>\n<meta property=\"article:modified_time\" content=\"2026-03-09T21:21:16+00:00\" \/>\n<meta property=\"og:image\" content=\"https:\/\/www.correiobraziliense.com.br\/aqui\/wp-content\/uploads\/2026\/03\/protetor-solar_1773091257470.jpg\" \/>\n\t<meta property=\"og:image:width\" content=\"1280\" \/>\n\t<meta property=\"og:image:height\" content=\"720\" \/>\n\t<meta property=\"og:image:type\" content=\"image\/jpeg\" \/>\n<meta name=\"author\" content=\"Lucas\" \/>\n<meta name=\"twitter:card\" content=\"summary_large_image\" \/>\n<meta name=\"twitter:label1\" content=\"Escrito por\" \/>\n\t<meta name=\"twitter:data1\" content=\"Lucas\" \/>\n\t<meta name=\"twitter:label2\" content=\"Est. tempo de leitura\" \/>\n\t<meta name=\"twitter:data2\" content=\"11 minutos\" \/>\n<!-- \/ Yoast SEO plugin. -->","yoast_head_json":{"title":"Protetor solar: entenda o que \u00e9 FPS, UVA e muito mais - Correio Braziliense - Aqui","description":"Proteja sua pele com o protetor solar ideal: entenda FPS, prote\u00e7\u00e3o UVA\/UVB e resist\u00eancia \u00e0 \u00e1gua para escolher com seguran\u00e7a di\u00e1ria.","robots":{"index":"index","follow":"follow","max-snippet":"max-snippet:-1","max-image-preview":"max-image-preview:large","max-video-preview":"max-video-preview:-1"},"canonical":"https:\/\/www.correiobraziliense.com.br\/aqui\/2026\/03\/09\/protetor-solar-entenda-o-que-e-fps-uva-e-muito-mais\/","og_locale":"pt_BR","og_type":"article","og_title":"Protetor solar: entenda o que \u00e9 FPS, UVA e muito mais - Correio Braziliense - Aqui","og_description":"Proteja sua pele com o protetor solar ideal: entenda FPS, prote\u00e7\u00e3o UVA\/UVB e resist\u00eancia \u00e0 \u00e1gua para escolher com seguran\u00e7a di\u00e1ria.","og_url":"https:\/\/www.correiobraziliense.com.br\/aqui\/2026\/03\/09\/protetor-solar-entenda-o-que-e-fps-uva-e-muito-mais\/","og_site_name":"Correio Braziliense - Aqui","article_published_time":"2026-03-09T21:21:13+00:00","article_modified_time":"2026-03-09T21:21:16+00:00","og_image":[{"width":1280,"height":720,"url":"https:\/\/www.correiobraziliense.com.br\/aqui\/wp-content\/uploads\/2026\/03\/protetor-solar_1773091257470.jpg","type":"image\/jpeg"}],"author":"Lucas","twitter_card":"summary_large_image","twitter_misc":{"Escrito por":"Lucas","Est. tempo de leitura":"11 minutos"},"schema":{"@context":"https:\/\/schema.org","@graph":[{"@type":"WebPage","@id":"https:\/\/www.correiobraziliense.com.br\/aqui\/2026\/03\/09\/protetor-solar-entenda-o-que-e-fps-uva-e-muito-mais\/","url":"https:\/\/www.correiobraziliense.com.br\/aqui\/2026\/03\/09\/protetor-solar-entenda-o-que-e-fps-uva-e-muito-mais\/","name":"Protetor solar: entenda o que \u00e9 FPS, UVA e muito mais - Correio Braziliense - Aqui","isPartOf":{"@id":"https:\/\/www.correiobraziliense.com.br\/aqui\/#website"},"primaryImageOfPage":{"@id":"https:\/\/www.correiobraziliense.com.br\/aqui\/2026\/03\/09\/protetor-solar-entenda-o-que-e-fps-uva-e-muito-mais\/#primaryimage"},"image":{"@id":"https:\/\/www.correiobraziliense.com.br\/aqui\/2026\/03\/09\/protetor-solar-entenda-o-que-e-fps-uva-e-muito-mais\/#primaryimage"},"thumbnailUrl":"https:\/\/www.correiobraziliense.com.br\/aqui\/wp-content\/uploads\/2026\/03\/protetor-solar_1773091257470.jpg","datePublished":"2026-03-09T21:21:13+00:00","dateModified":"2026-03-09T21:21:16+00:00","author":{"@id":"https:\/\/www.correiobraziliense.com.br\/aqui\/#\/schema\/person\/36d094a725ba56bbeb370a877862a002"},"description":"Proteja sua pele com o protetor solar ideal: entenda FPS, prote\u00e7\u00e3o UVA\/UVB e resist\u00eancia \u00e0 \u00e1gua para escolher com seguran\u00e7a di\u00e1ria.","breadcrumb":{"@id":"https:\/\/www.correiobraziliense.com.br\/aqui\/2026\/03\/09\/protetor-solar-entenda-o-que-e-fps-uva-e-muito-mais\/#breadcrumb"},"inLanguage":"pt-BR","potentialAction":[{"@type":"ReadAction","target":["https:\/\/www.correiobraziliense.com.br\/aqui\/2026\/03\/09\/protetor-solar-entenda-o-que-e-fps-uva-e-muito-mais\/"]}]},{"@type":"ImageObject","inLanguage":"pt-BR","@id":"https:\/\/www.correiobraziliense.com.br\/aqui\/2026\/03\/09\/protetor-solar-entenda-o-que-e-fps-uva-e-muito-mais\/#primaryimage","url":"https:\/\/www.correiobraziliense.com.br\/aqui\/wp-content\/uploads\/2026\/03\/protetor-solar_1773091257470.jpg","contentUrl":"https:\/\/www.correiobraziliense.com.br\/aqui\/wp-content\/uploads\/2026\/03\/protetor-solar_1773091257470.jpg","width":1280,"height":720,"caption":"Cr\u00e9ditos: depositphotos.com \/ VitalikRadko"},{"@type":"BreadcrumbList","@id":"https:\/\/www.correiobraziliense.com.br\/aqui\/2026\/03\/09\/protetor-solar-entenda-o-que-e-fps-uva-e-muito-mais\/#breadcrumb","itemListElement":[{"@type":"ListItem","position":1,"name":"In\u00edcio","item":"https:\/\/www.correiobraziliense.com.br\/aqui\/"},{"@type":"ListItem","position":2,"name":"Protetor solar: entenda o que \u00e9 FPS, UVA e muito mais"}]},{"@type":"WebSite","@id":"https:\/\/www.correiobraziliense.com.br\/aqui\/#website","url":"https:\/\/www.correiobraziliense.com.br\/aqui\/","name":"Correio Braziliense - Aqui","description":"O Correio Braziliense (CB) \u00e9 o mais importante canal de not\u00edcias de Bras\u00edlia. Aqui voc\u00ea encontra as \u00faltimas not\u00edcias do DF, do Brasil e do mundo.","potentialAction":[{"@type":"SearchAction","target":{"@type":"EntryPoint","urlTemplate":"https:\/\/www.correiobraziliense.com.br\/aqui\/?s={search_term_string}"},"query-input":{"@type":"PropertyValueSpecification","valueRequired":true,"valueName":"search_term_string"}}],"inLanguage":"pt-BR"},{"@type":"Person","@id":"https:\/\/www.correiobraziliense.com.br\/aqui\/#\/schema\/person\/36d094a725ba56bbeb370a877862a002","name":"Lucas","image":{"@type":"ImageObject","inLanguage":"pt-BR","@id":"https:\/\/www.correiobraziliense.com.br\/aqui\/#\/schema\/person\/image\/","url":"https:\/\/secure.gravatar.com\/avatar\/eb1dd4a751dca39c233b091fb7b8ce9ef1608850325ab98ff1fbe898fcef0908?s=96&d=mm&r=g","contentUrl":"https:\/\/secure.gravatar.com\/avatar\/eb1dd4a751dca39c233b091fb7b8ce9ef1608850325ab98ff1fbe898fcef0908?s=96&d=mm&r=g","caption":"Lucas"},"url":"https:\/\/www.correiobraziliense.com.br\/aqui\/author\/lucasaqui\/"}]}},"_links":{"self":[{"href":"https:\/\/www.correiobraziliense.com.br\/aqui\/wp-json\/wp\/v2\/posts\/24098","targetHints":{"allow":["GET"]}}],"collection":[{"href":"https:\/\/www.correiobraziliense.com.br\/aqui\/wp-json\/wp\/v2\/posts"}],"about":[{"href":"https:\/\/www.correiobraziliense.com.br\/aqui\/wp-json\/wp\/v2\/types\/post"}],"author":[{"embeddable":true,"href":"https:\/\/www.correiobraziliense.com.br\/aqui\/wp-json\/wp\/v2\/users\/9"}],"replies":[{"embeddable":true,"href":"https:\/\/www.correiobraziliense.com.br\/aqui\/wp-json\/wp\/v2\/comments?post=24098"}],"version-history":[{"count":1,"href":"https:\/\/www.correiobraziliense.com.br\/aqui\/wp-json\/wp\/v2\/posts\/24098\/revisions"}],"predecessor-version":[{"id":24101,"href":"https:\/\/www.correiobraziliense.com.br\/aqui\/wp-json\/wp\/v2\/posts\/24098\/revisions\/24101"}],"wp:featuredmedia":[{"embeddable":true,"href":"https:\/\/www.correiobraziliense.com.br\/aqui\/wp-json\/wp\/v2\/media\/24100"}],"wp:attachment":[{"href":"https:\/\/www.correiobraziliense.com.br\/aqui\/wp-json\/wp\/v2\/media?parent=24098"}],"wp:term":[{"taxonomy":"category","embeddable":true,"href":"https:\/\/www.correiobraziliense.com.br\/aqui\/wp-json\/wp\/v2\/categories?post=24098"},{"taxonomy":"post_tag","embeddable":true,"href":"https:\/\/www.correiobraziliense.com.br\/aqui\/wp-json\/wp\/v2\/tags?post=24098"}],"curies":[{"name":"wp","href":"https:\/\/api.w.org\/{rel}","templated":true}]}}