{"id":24120,"date":"2026-03-10T09:15:17","date_gmt":"2026-03-10T12:15:17","guid":{"rendered":"https:\/\/www.correiobraziliense.com.br\/aqui\/?p=24120"},"modified":"2026-03-10T09:15:21","modified_gmt":"2026-03-10T12:15:21","slug":"salada-proteica-saiba-como-combinar-ingredientes-e-montar-um-prato-saboroso","status":"publish","type":"post","link":"https:\/\/www.correiobraziliense.com.br\/aqui\/2026\/03\/10\/salada-proteica-saiba-como-combinar-ingredientes-e-montar-um-prato-saboroso\/","title":{"rendered":"Salada proteica: saiba como combinar ingredientes e montar um prato saboroso"},"content":{"rendered":"\n<p>A <strong>salada proteica<\/strong> para jantar ganhou espa\u00e7o na rotina de quem tenta equilibrar praticidade e alimenta\u00e7\u00e3o mais nutritiva no fim do dia. Em vez de um prato pesado, muita gente aposta em combina\u00e7\u00f5es de folhas, legumes, gr\u00e3os e fontes de prote\u00edna que ajudam na saciedade sem causar desconforto ao dormir. Dessa forma, essa alternativa se mostra vers\u00e1til, r\u00e1pida de montar e adapt\u00e1vel a diferentes gostos e necessidades alimentares.<\/p>\n\n\n\n<p>Al\u00e9m de ser uma<a href=\"https:\/\/www.correiobraziliense.com.br\/aqui\/2026\/03\/09\/vinagre-de-vinho-tinto-saiba-por-que-nutricionistas-indicam\/\"> refei\u00e7\u00e3o leve<\/a>, a salada rica em prote\u00edna pode contribuir para a manuten\u00e7\u00e3o da massa muscular, algo importante para quem treina ou passa muitas horas sentado durante o dia. Ao unir ingredientes como frango, atum, ovos, queijos magros ou leguminosas, \u00e9 poss\u00edvel montar pratos completos, com boa oferta de prote\u00ednas, fibras, vitaminas e minerais.<\/p>\n\n\n\n<h2 class=\"wp-block-heading\">Como montar uma salada proteica para jantar equilibrada?<\/h2>\n\n\n\n<p>Para que a salada proteica seja realmente completa, vale seguir uma esp\u00e9cie de \u201croteiro\u201d simples. A ideia \u00e9 garantir a presen\u00e7a de prote\u00edna, vegetais variados, alguma fonte de carboidrato e uma gordura de boa qualidade. Dessa forma, o prato deixa de ser apenas um conjunto de folhas e passa a funcionar como uma refei\u00e7\u00e3o que oferece energia e nutrientes em quantidades mais adequadas.<\/p>\n\n\n\n<p>Uma estrutura b\u00e1sica de montagem pode incluir:<\/p>\n\n\n\n<ul class=\"wp-block-list\">\n<li><strong>Base de folhas:<\/strong>\u00a0alface, r\u00facula, espinafre, agri\u00e3o ou mix de folhas;<\/li>\n\n\n\n<li><strong>Prote\u00edna principal:<\/strong>\u00a0frango grelhado, atum, ovos cozidos, tofu, gr\u00e3o-de-bico, feij\u00e3o-fradinho ou outro alimento proteico;<\/li>\n\n\n\n<li><strong>Legumes e vegetais:<\/strong>\u00a0tomate, pepino, cenoura, beterraba, repolho roxo, br\u00f3colis ou outros vegetais crus ou levemente cozidos;<\/li>\n\n\n\n<li><strong>Carboidrato de apoio:<\/strong>\u00a0batata assada, batata-doce, quinoa, milho ou outro cereal em pequena quantidade;<\/li>\n\n\n\n<li><strong>Gorduras boas:<\/strong>\u00a0azeite de oliva, sementes (linha\u00e7a, chia, gergelim) ou oleaginosas em por\u00e7\u00f5es controladas.<\/li>\n<\/ul>\n\n\n\n<h2 class=\"wp-block-heading\">Combina\u00e7\u00f5es de ingredientes com bom sabor para sua salada<\/h2>\n\n\n\n<p>Al\u00e9m do equil\u00edbrio nutricional, pensar em combina\u00e7\u00f5es de ingredientes que se complementam em sabor e textura \u00e9 fundamental para que a salada proteica seja realmente prazerosa. A uni\u00e3o certa entre folhas, prote\u00ednas, legumes e temperos cria contrastes de croc\u00e2ncia, acidez, do\u00e7ura suave e cremosidade, deixando o prato muito mais interessante.<\/p>\n\n\n\n<p>Algumas combina\u00e7\u00f5es que costumam funcionar bem s\u00e3o:<\/p>\n\n\n\n<ul class=\"wp-block-list\">\n<li><strong>Frango grelhado + r\u00facula + tomate-cereja + milho + batata-doce assada:<\/strong>\u00a0mistura o leve amargor da r\u00facula com a do\u00e7ura do milho e da batata-doce, equilibrados pela prote\u00edna do frango.<\/li>\n\n\n\n<li><strong>Atum em \u00e1gua + alface americana + pepino + cebola roxa + ovo cozido:<\/strong>\u00a0combina\u00e7\u00e3o refrescante, com croc\u00e2ncia do pepino e sabor marcante da cebola, que real\u00e7am o atum.<\/li>\n\n\n\n<li><strong>Gr\u00e3o-de-bico + espinafre cru + tomate + cenoura ralada + queijo branco:<\/strong>\u00a0uni\u00e3o de textura firme do gr\u00e3o-de-bico com a maciez do espinafre e o frescor dos vegetais, resultando em uma salada completa e suave.<\/li>\n\n\n\n<li><strong>Tofu grelhado + mix de folhas + repolho roxo + cenoura + sementes de gergelim:<\/strong>\u00a0op\u00e7\u00e3o vegetariana com contraste de cores e croc\u00e2ncia, onde o gergelim tostado acrescenta aroma e sabor.<\/li>\n\n\n\n<li><strong>Feij\u00e3o-fradinho + milho + piment\u00e3o vermelho + coentro ou salsinha + azeite e lim\u00e3o:<\/strong>\u00a0lembra uma esp\u00e9cie de \u201cvinagrete proteico\u201d, com acidez equilibrando a do\u00e7ura do milho e o sabor do feij\u00e3o-fradinho.<\/li>\n<\/ul>\n\n\n\n<p>Para potencializar o sabor da salada, vale apostar em temperos naturais como ervas frescas (manjeric\u00e3o, salsinha, coentro), alho ou cebola bem picados, pimenta-do-reino e suco de lim\u00e3o ou vinagre. Assim, a combina\u00e7\u00e3o de ingredientes n\u00e3o s\u00f3 sustenta, mas tamb\u00e9m agrada ao paladar, facilitando que a salada proteica se torne um h\u00e1bito constante no jantar. Al\u00e9m disso, quando voc\u00ea varia os temperos, consegue manter a mesma base de salada, por\u00e9m com experi\u00eancias de sabor diferentes ao longo da semana.<\/p>\n\n\n\n<h2 class=\"wp-block-heading\">Quais cuidados tomar ao preparar salada proteica \u00e0 noite?<\/h2>\n\n\n\n<ol class=\"wp-block-list\">\n<li><strong>Preferir prote\u00ednas magras:<\/strong>\u00a0cortes de frango sem pele, atum em \u00e1gua, queijos mais magros, iogurte natural e leguminosas ajudam a reduzir o excesso de gordura saturada;<\/li>\n\n\n\n<li><strong>Controlar a quantidade de molhos prontos:<\/strong>\u00a0muitos molhos industrializados concentram sal, a\u00e7\u00facar e gordura. Molhos simples com azeite, lim\u00e3o e ervas costumam ser alternativas mais equilibradas;<\/li>\n\n\n\n<li><strong>Cuidar da higiene dos alimentos:<\/strong>\u00a0folhas e legumes devem ser bem lavados e higienizados antes do consumo, principalmente quando consumidos crus;<\/li>\n\n\n\n<li><strong>Evitar exageros na por\u00e7\u00e3o:<\/strong>\u00a0mesmo uma salada proteica pode ficar pesada se o prato for montado em excesso, o que pode dificultar o sono;<\/li>\n\n\n\n<li><strong>Variar os ingredientes ao longo da semana:<\/strong>\u00a0alternar fontes de prote\u00edna e vegetais ajuda a diversificar nutrientes e evita monotonia.<\/li>\n<\/ol>\n\n\n\n<p>Al\u00e9m disso, conv\u00e9m observar como o seu corpo reage a determinados alimentos \u00e0 noite. Algumas pessoas digerem melhor prote\u00ednas de origem animal, enquanto outras se sentem mais leves com leguminosas ou tofu. Se voc\u00ea tiver alguma condi\u00e7\u00e3o espec\u00edfica, como refluxo, s\u00edndrome do intestino irrit\u00e1vel ou intoler\u00e2ncias alimentares, vale conversar com um nutricionista para ajustar as combina\u00e7\u00f5es de forma personalizada.<\/p>\n\n\n\n<h2 class=\"wp-block-heading\">FAQ \u2013 D\u00favidas frequentes sobre salada proteica para o jantar<\/h2>\n\n\n\n<p><strong>1. Posso comer salada proteica no jantar todos os dias?<\/strong><br>Sim, desde que haja variedade de ingredientes ao longo da semana e que as por\u00e7\u00f5es atendam \u00e0s suas necessidades de energia e nutrientes. Alterne tipos de prote\u00edna, folhas e legumes para evitar car\u00eancias nutricionais e monotonia.<\/p>\n\n\n\n<p><strong>2. Salada proteica substitui o jantar tradicional?<\/strong><br>Sim, quando montada de forma completa (com prote\u00edna, vegetais, carboidrato e gordura boa), ela funciona como refei\u00e7\u00e3o principal e n\u00e3o apenas como acompanhamento. O importante \u00e9 ajustar o volume do prato e o teor cal\u00f3rico ao seu objetivo.<\/p>\n\n\n\n<p><strong>3. Quem treina \u00e0 noite pode apostar nesse tipo de refei\u00e7\u00e3o?<\/strong><br>Pode, desde que inclua uma boa fonte de carboidrato (como batata-doce, quinoa, arroz integral ou gr\u00e3os) junto com a prote\u00edna. Isso auxilia na recupera\u00e7\u00e3o muscular e na reposi\u00e7\u00e3o de energia p\u00f3s-treino.<\/p>\n\n\n\n<p><strong>4. \u00c9 poss\u00edvel fazer uma salada proteica low carb?<\/strong><br>Sim. Nesse caso, voc\u00ea reduz as fontes de carboidrato (como batata, milho, p\u00e3es e massas) e prioriza prote\u00ednas magras, folhas e legumes com menor teor de carboidrato, al\u00e9m de moderadas quantidades de gorduras boas, como azeite e sementes.<\/p>\n\n\n\n<p><strong>5. Salada proteica \u00e9 indicada para quem tem diabetes?<\/strong><br>Pode ser uma \u00f3tima op\u00e7\u00e3o, desde que o carboidrato seja controlado e distribu\u00eddo de forma adequada no prato, priorizando gr\u00e3os integrais e muita fibra. Nesses casos, o ideal \u00e9 ter acompanhamento de um profissional de sa\u00fade para individualizar quantidades.<\/p>\n","protected":false},"excerpt":{"rendered":"<p>A salada proteica para jantar ganhou espa\u00e7o na rotina de quem tenta equilibrar praticidade e alimenta\u00e7\u00e3o mais nutritiva no fim do dia. Em vez de um prato pesado, muita gente aposta em combina\u00e7\u00f5es de folhas, legumes, gr\u00e3os e fontes de prote\u00edna que ajudam na saciedade sem causar desconforto ao dormir. Dessa forma, essa alternativa se [&hellip;]<\/p>\n","protected":false},"author":10,"featured_media":24121,"comment_status":"open","ping_status":"open","sticky":false,"template":"","format":"standard","meta":{"jnews-multi-image_gallery":[],"jnews_single_post":{"format":"standard"},"jnews_primary_category":[],"jnews_social_meta":[],"jnews_override_counter":[],"footnotes":""},"categories":[199],"tags":[140,7372,7371,141],"class_list":["post-24120","post","type-post","status-publish","format-standard","has-post-thumbnail","hentry","category-bem-estar","tag-bem-estar","tag-salada","tag-salada-proteica","tag-saude"],"yoast_head":"<!-- This site is optimized with the Yoast SEO plugin v25.1 - https:\/\/yoast.com\/wordpress\/plugins\/seo\/ -->\n<title>Salada proteica: saiba como combinar ingredientes e montar um prato saboroso - Correio Braziliense - Aqui<\/title>\n<meta name=\"description\" content=\"Salada rica em prote\u00edna para o jantar: receitas leves, nutritivas e saborosas com frango, atum e gr\u00e3o-de-bico para saciar sem pesar.\" \/>\n<meta name=\"robots\" content=\"index, follow, max-snippet:-1, max-image-preview:large, max-video-preview:-1\" \/>\n<link rel=\"canonical\" href=\"https:\/\/www.correiobraziliense.com.br\/aqui\/2026\/03\/10\/salada-proteica-saiba-como-combinar-ingredientes-e-montar-um-prato-saboroso\/\" \/>\n<meta property=\"og:locale\" content=\"pt_BR\" \/>\n<meta property=\"og:type\" content=\"article\" \/>\n<meta property=\"og:title\" content=\"Salada proteica: saiba como combinar ingredientes e montar um prato saboroso - Correio Braziliense - Aqui\" \/>\n<meta property=\"og:description\" content=\"Salada rica em prote\u00edna para o jantar: receitas leves, nutritivas e saborosas com frango, atum e gr\u00e3o-de-bico para saciar sem pesar.\" \/>\n<meta property=\"og:url\" content=\"https:\/\/www.correiobraziliense.com.br\/aqui\/2026\/03\/10\/salada-proteica-saiba-como-combinar-ingredientes-e-montar-um-prato-saboroso\/\" \/>\n<meta property=\"og:site_name\" content=\"Correio Braziliense - Aqui\" \/>\n<meta property=\"article:published_time\" content=\"2026-03-10T12:15:17+00:00\" \/>\n<meta property=\"article:modified_time\" content=\"2026-03-10T12:15:21+00:00\" \/>\n<meta property=\"og:image\" content=\"https:\/\/www.correiobraziliense.com.br\/aqui\/wp-content\/uploads\/2026\/03\/httpsneuralmyth.comstaticcache08d16653-83cc-49dd-951a-cc649d288df9.jpeg\" \/>\n\t<meta property=\"og:image:width\" content=\"1280\" \/>\n\t<meta property=\"og:image:height\" content=\"720\" \/>\n\t<meta property=\"og:image:type\" content=\"image\/jpeg\" \/>\n<meta name=\"author\" content=\"Larissa\" \/>\n<meta name=\"twitter:card\" content=\"summary_large_image\" \/>\n<meta name=\"twitter:label1\" content=\"Escrito por\" \/>\n\t<meta name=\"twitter:data1\" content=\"Larissa\" \/>\n\t<meta name=\"twitter:label2\" content=\"Est. tempo de leitura\" \/>\n\t<meta name=\"twitter:data2\" content=\"6 minutos\" \/>\n<!-- \/ Yoast SEO plugin. -->","yoast_head_json":{"title":"Salada proteica: saiba como combinar ingredientes e montar um prato saboroso - Correio Braziliense - Aqui","description":"Salada rica em prote\u00edna para o jantar: receitas leves, nutritivas e saborosas com frango, atum e gr\u00e3o-de-bico para saciar sem pesar.","robots":{"index":"index","follow":"follow","max-snippet":"max-snippet:-1","max-image-preview":"max-image-preview:large","max-video-preview":"max-video-preview:-1"},"canonical":"https:\/\/www.correiobraziliense.com.br\/aqui\/2026\/03\/10\/salada-proteica-saiba-como-combinar-ingredientes-e-montar-um-prato-saboroso\/","og_locale":"pt_BR","og_type":"article","og_title":"Salada proteica: saiba como combinar ingredientes e montar um prato saboroso - Correio Braziliense - Aqui","og_description":"Salada rica em prote\u00edna para o jantar: receitas leves, nutritivas e saborosas com frango, atum e gr\u00e3o-de-bico para saciar sem pesar.","og_url":"https:\/\/www.correiobraziliense.com.br\/aqui\/2026\/03\/10\/salada-proteica-saiba-como-combinar-ingredientes-e-montar-um-prato-saboroso\/","og_site_name":"Correio Braziliense - Aqui","article_published_time":"2026-03-10T12:15:17+00:00","article_modified_time":"2026-03-10T12:15:21+00:00","og_image":[{"width":1280,"height":720,"url":"https:\/\/www.correiobraziliense.com.br\/aqui\/wp-content\/uploads\/2026\/03\/httpsneuralmyth.comstaticcache08d16653-83cc-49dd-951a-cc649d288df9.jpeg","type":"image\/jpeg"}],"author":"Larissa","twitter_card":"summary_large_image","twitter_misc":{"Escrito por":"Larissa","Est. tempo de leitura":"6 minutos"},"schema":{"@context":"https:\/\/schema.org","@graph":[{"@type":"WebPage","@id":"https:\/\/www.correiobraziliense.com.br\/aqui\/2026\/03\/10\/salada-proteica-saiba-como-combinar-ingredientes-e-montar-um-prato-saboroso\/","url":"https:\/\/www.correiobraziliense.com.br\/aqui\/2026\/03\/10\/salada-proteica-saiba-como-combinar-ingredientes-e-montar-um-prato-saboroso\/","name":"Salada proteica: saiba como combinar ingredientes e montar um prato saboroso - Correio Braziliense - Aqui","isPartOf":{"@id":"https:\/\/www.correiobraziliense.com.br\/aqui\/#website"},"primaryImageOfPage":{"@id":"https:\/\/www.correiobraziliense.com.br\/aqui\/2026\/03\/10\/salada-proteica-saiba-como-combinar-ingredientes-e-montar-um-prato-saboroso\/#primaryimage"},"image":{"@id":"https:\/\/www.correiobraziliense.com.br\/aqui\/2026\/03\/10\/salada-proteica-saiba-como-combinar-ingredientes-e-montar-um-prato-saboroso\/#primaryimage"},"thumbnailUrl":"https:\/\/www.correiobraziliense.com.br\/aqui\/wp-content\/uploads\/2026\/03\/httpsneuralmyth.comstaticcache08d16653-83cc-49dd-951a-cc649d288df9.jpeg","datePublished":"2026-03-10T12:15:17+00:00","dateModified":"2026-03-10T12:15:21+00:00","author":{"@id":"https:\/\/www.correiobraziliense.com.br\/aqui\/#\/schema\/person\/775f50a8c1ac31704d56816e99b29041"},"description":"Salada rica em prote\u00edna para o jantar: receitas leves, nutritivas e saborosas com frango, atum e gr\u00e3o-de-bico para saciar sem pesar.","breadcrumb":{"@id":"https:\/\/www.correiobraziliense.com.br\/aqui\/2026\/03\/10\/salada-proteica-saiba-como-combinar-ingredientes-e-montar-um-prato-saboroso\/#breadcrumb"},"inLanguage":"pt-BR","potentialAction":[{"@type":"ReadAction","target":["https:\/\/www.correiobraziliense.com.br\/aqui\/2026\/03\/10\/salada-proteica-saiba-como-combinar-ingredientes-e-montar-um-prato-saboroso\/"]}]},{"@type":"ImageObject","inLanguage":"pt-BR","@id":"https:\/\/www.correiobraziliense.com.br\/aqui\/2026\/03\/10\/salada-proteica-saiba-como-combinar-ingredientes-e-montar-um-prato-saboroso\/#primaryimage","url":"https:\/\/www.correiobraziliense.com.br\/aqui\/wp-content\/uploads\/2026\/03\/httpsneuralmyth.comstaticcache08d16653-83cc-49dd-951a-cc649d288df9.jpeg","contentUrl":"https:\/\/www.correiobraziliense.com.br\/aqui\/wp-content\/uploads\/2026\/03\/httpsneuralmyth.comstaticcache08d16653-83cc-49dd-951a-cc649d288df9.jpeg","width":1280,"height":720,"caption":"Cr\u00e9ditos: depositphotos.com \/ livfriis"},{"@type":"BreadcrumbList","@id":"https:\/\/www.correiobraziliense.com.br\/aqui\/2026\/03\/10\/salada-proteica-saiba-como-combinar-ingredientes-e-montar-um-prato-saboroso\/#breadcrumb","itemListElement":[{"@type":"ListItem","position":1,"name":"In\u00edcio","item":"https:\/\/www.correiobraziliense.com.br\/aqui\/"},{"@type":"ListItem","position":2,"name":"Salada proteica: saiba como combinar ingredientes e montar um prato saboroso"}]},{"@type":"WebSite","@id":"https:\/\/www.correiobraziliense.com.br\/aqui\/#website","url":"https:\/\/www.correiobraziliense.com.br\/aqui\/","name":"Correio Braziliense - Aqui","description":"O Correio Braziliense (CB) \u00e9 o mais importante canal de not\u00edcias de Bras\u00edlia. Aqui voc\u00ea encontra as \u00faltimas not\u00edcias do DF, do Brasil e do mundo.","potentialAction":[{"@type":"SearchAction","target":{"@type":"EntryPoint","urlTemplate":"https:\/\/www.correiobraziliense.com.br\/aqui\/?s={search_term_string}"},"query-input":{"@type":"PropertyValueSpecification","valueRequired":true,"valueName":"search_term_string"}}],"inLanguage":"pt-BR"},{"@type":"Person","@id":"https:\/\/www.correiobraziliense.com.br\/aqui\/#\/schema\/person\/775f50a8c1ac31704d56816e99b29041","name":"Larissa","image":{"@type":"ImageObject","inLanguage":"pt-BR","@id":"https:\/\/www.correiobraziliense.com.br\/aqui\/#\/schema\/person\/image\/","url":"https:\/\/secure.gravatar.com\/avatar\/62f5b2e99de671d075ab98e19f03c3c38c80a93f5d06f51075cf4431a4e76458?s=96&d=mm&r=g","contentUrl":"https:\/\/secure.gravatar.com\/avatar\/62f5b2e99de671d075ab98e19f03c3c38c80a93f5d06f51075cf4431a4e76458?s=96&d=mm&r=g","caption":"Larissa"},"url":"https:\/\/www.correiobraziliense.com.br\/aqui\/author\/larissaaqui\/"}]}},"_links":{"self":[{"href":"https:\/\/www.correiobraziliense.com.br\/aqui\/wp-json\/wp\/v2\/posts\/24120","targetHints":{"allow":["GET"]}}],"collection":[{"href":"https:\/\/www.correiobraziliense.com.br\/aqui\/wp-json\/wp\/v2\/posts"}],"about":[{"href":"https:\/\/www.correiobraziliense.com.br\/aqui\/wp-json\/wp\/v2\/types\/post"}],"author":[{"embeddable":true,"href":"https:\/\/www.correiobraziliense.com.br\/aqui\/wp-json\/wp\/v2\/users\/10"}],"replies":[{"embeddable":true,"href":"https:\/\/www.correiobraziliense.com.br\/aqui\/wp-json\/wp\/v2\/comments?post=24120"}],"version-history":[{"count":5,"href":"https:\/\/www.correiobraziliense.com.br\/aqui\/wp-json\/wp\/v2\/posts\/24120\/revisions"}],"predecessor-version":[{"id":24127,"href":"https:\/\/www.correiobraziliense.com.br\/aqui\/wp-json\/wp\/v2\/posts\/24120\/revisions\/24127"}],"wp:featuredmedia":[{"embeddable":true,"href":"https:\/\/www.correiobraziliense.com.br\/aqui\/wp-json\/wp\/v2\/media\/24121"}],"wp:attachment":[{"href":"https:\/\/www.correiobraziliense.com.br\/aqui\/wp-json\/wp\/v2\/media?parent=24120"}],"wp:term":[{"taxonomy":"category","embeddable":true,"href":"https:\/\/www.correiobraziliense.com.br\/aqui\/wp-json\/wp\/v2\/categories?post=24120"},{"taxonomy":"post_tag","embeddable":true,"href":"https:\/\/www.correiobraziliense.com.br\/aqui\/wp-json\/wp\/v2\/tags?post=24120"}],"curies":[{"name":"wp","href":"https:\/\/api.w.org\/{rel}","templated":true}]}}