{"id":24177,"date":"2026-03-10T16:53:00","date_gmt":"2026-03-10T19:53:00","guid":{"rendered":"https:\/\/www.correiobraziliense.com.br\/aqui\/?p=24177"},"modified":"2026-03-10T15:21:39","modified_gmt":"2026-03-10T18:21:39","slug":"mais-energia-que-o-cafe-conheca-os-efeitos-do-guarana-no-corpo","status":"publish","type":"post","link":"https:\/\/www.correiobraziliense.com.br\/aqui\/2026\/03\/10\/mais-energia-que-o-cafe-conheca-os-efeitos-do-guarana-no-corpo\/","title":{"rendered":"Mais energia que o caf\u00e9? Conhe\u00e7a os efeitos do guaran\u00e1 no corpo"},"content":{"rendered":"\n<p>O guaran\u00e1 em p\u00f3 ganhou espa\u00e7o na rotina de quem busca mais energia de forma pr\u00e1tica, especialmente em dias cheios de trabalho, estudo ou treino. Extra\u00eddo das sementes do fruto amaz\u00f4nico, o produto concentra subst\u00e2ncias estimulantes que podem influenciar o estado de alerta, a disposi\u00e7\u00e3o f\u00edsica e at\u00e9 processos metab\u00f3licos ligados ao gasto de calorias.<\/p>\n\n\n\n<p>Nos \u00faltimos anos, o interesse pelo guaran\u00e1 natural cresceu em paralelo \u00e0 busca por alternativas ao caf\u00e9 e a bebidas energ\u00e9ticas industrializadas. Pesquisas divulgadas at\u00e9 2026 apontam que o consumo respons\u00e1vel desse estimulante pode se somar a uma alimenta\u00e7\u00e3o equilibrada e \u00e0 pr\u00e1tica regular de exerc\u00edcios, desde que n\u00e3o substitua h\u00e1bitos saud\u00e1veis nem seja usado como solu\u00e7\u00e3o \u00fanica para o cansa\u00e7o.<\/p>\n\n\n\n<h2 class=\"wp-block-heading\">O que \u00e9 o guaran\u00e1 em p\u00f3 e como ele age no organismo?<\/h2>\n\n\n\n<p>O guaran\u00e1 em p\u00f3 \u00e9 produzido a partir das sementes secas e mo\u00eddas da planta Paullinia cupana, nativa da regi\u00e3o amaz\u00f4nica. Essas sementes concentram altos n\u00edveis de cafe\u00edna, al\u00e9m de compostos como teofilina e teobromina, que tamb\u00e9m exercem a\u00e7\u00e3o estimulante sobre o sistema nervoso central. Em compara\u00e7\u00e3o com o caf\u00e9, <strong><a href=\"https:\/\/www.correiobraziliense.com.br\/aqui\/2026\/02\/19\/misturar-suplementos-e-vitaminas-pode-trazer-riscos-saiba-tudo\/\" target=\"_blank\" rel=\"noreferrer noopener\">o teor de cafe\u00edna por grama pode ser significativamente maior<\/a><\/strong>, o que torna o guaran\u00e1 um ingrediente bastante potente.<\/p>\n\n\n\n<p>Depois de ingerido, o p\u00f3 \u00e9 digerido e seus componentes s\u00e3o absorvidos pelo intestino. A cafe\u00edna circula pelo sangue e atua bloqueando receptores de adenosina, subst\u00e2ncia ligada \u00e0 sensa\u00e7\u00e3o de sono e fadiga. Com isso, h\u00e1 um aumento tempor\u00e1rio do estado de alerta, redu\u00e7\u00e3o da sonol\u00eancia e potencial melhora da capacidade de concentra\u00e7\u00e3o. Esse efeito costuma surgir em poucos minutos e pode durar algumas horas, variando conforme o organismo e a quantidade consumida.<\/p>\n\n\n\n<h2 class=\"wp-block-heading\">Guaran\u00e1 em p\u00f3 d\u00e1 mais energia mesmo? Principais benef\u00edcios<\/h2>\n\n\n\n<p>O uso do guaran\u00e1 em p\u00f3 \u00e9 frequentemente associado \u00e0 eleva\u00e7\u00e3o da energia no dia a dia. De forma geral, o efeito estimulante pode se manifestar em tr\u00eas frentes principais: desempenho f\u00edsico, foco mental e metabolismo energ\u00e9tico. Quando utilizado com cautela, o produto pode fazer parte da rotina de quem treina, estuda por longos per\u00edodos ou precisa manter a aten\u00e7\u00e3o em atividades prolongadas.<\/p>\n\n\n\n<ul class=\"wp-block-list\">\n<li><strong>Maior disposi\u00e7\u00e3o f\u00edsica:<\/strong> a cafe\u00edna presente no guaran\u00e1 pode ajudar a retardar a sensa\u00e7\u00e3o de fadiga durante exerc\u00edcios, o que tende a favorecer a resist\u00eancia em treinos de maior dura\u00e7\u00e3o.<\/li>\n\n\n\n<li><strong>Aumento do foco e da aten\u00e7\u00e3o:<\/strong> ao atuar no sistema nervoso, os componentes estimulantes contribuem para um estado de vigil\u00e2ncia maior, o que pode ser \u00fatil em momentos que exigem racioc\u00ednio cont\u00ednuo.<\/li>\n\n\n\n<li><strong>Apoio ao metabolismo:<\/strong> o guaran\u00e1 em p\u00f3 \u00e9 frequentemente inclu\u00eddo em suplementos termog\u00eanicos, pois a cafe\u00edna est\u00e1 associada \u00e0 mobiliza\u00e7\u00e3o de gordura como fonte de energia.<\/li>\n<\/ul>\n\n\n\n<p>Al\u00e9m do efeito direto na energia, o guaran\u00e1 concentra compostos antioxidantes, como catequinas e flavonoides. Essas subst\u00e2ncias auxiliam no combate aos radicais livres, mol\u00e9culas que, em excesso, podem danificar estruturas celulares. O p\u00f3 tamb\u00e9m fornece pequenas quantidades de minerais como pot\u00e1ssio, magn\u00e9sio e ferro, contribuindo de maneira complementar \u00e0 nutri\u00e7\u00e3o quando associado a uma dieta variada.<\/p>\n\n\n\n<h2 class=\"wp-block-heading\">Como usar guaran\u00e1 em p\u00f3 no dia a dia?<\/h2>\n\n\n\n<p>O guaran\u00e1 em p\u00f3 pode ser consumido de v\u00e1rias formas simples, o que facilita sua inclus\u00e3o na rotina. Em geral, \u00e9 misturado a l\u00edquidos ou receitas r\u00e1pidas, permitindo ajustes de quantidade conforme a necessidade e a orienta\u00e7\u00e3o profissional.<\/p>\n\n\n\n<ol class=\"wp-block-list\">\n<li><strong>Em bebidas:<\/strong> \u00e9 comum o uso do guaran\u00e1 em p\u00f3 dilu\u00eddo em \u00e1gua, sucos naturais ou vitaminas. Algumas pessoas tamb\u00e9m combinam com ch\u00e1 ou outras infus\u00f5es sem cafe\u00edna para evitar excesso de estimulantes.<\/li>\n\n\n\n<li><strong>Em receitas:<\/strong> o p\u00f3 pode ser acrescentado em pequenas quantidades a prepara\u00e7\u00f5es como mingaus, iogurtes, panquecas, shakes proteicos e sobremesas funcionais.<\/li>\n\n\n\n<li><strong>Antes de treinos:<\/strong> muitos praticantes de atividade f\u00edsica utilizam o guaran\u00e1 cerca de 30 a 60 minutos antes do exerc\u00edcio, per\u00edodo em que a cafe\u00edna tende a atingir maior concentra\u00e7\u00e3o no sangue.<\/li>\n<\/ol>\n\n\n\n<p>Em suplementos, o guaran\u00e1 em p\u00f3 tamb\u00e9m aparece em c\u00e1psulas ou combinado a outros ingredientes estimulantes. Nesses casos, a aten\u00e7\u00e3o \u00e0 rotulagem \u00e9 importante para somar a quantidade de cafe\u00edna total consumida ao longo do dia, considerando caf\u00e9, ch\u00e1s, refrigerantes e energ\u00e9ticos.<\/p>\n\n\n\n<h2 class=\"wp-block-heading\">Quais cuidados tomar com o consumo de guaran\u00e1 em p\u00f3?<\/h2>\n\n\n\n<p>Por ser uma fonte concentrada de cafe\u00edna, o guaran\u00e1 em p\u00f3 exige aten\u00e7\u00e3o \u00e0s doses. Diversas diretrizes internacionais sugerem que a ingest\u00e3o di\u00e1ria de cafe\u00edna para adultos saud\u00e1veis permane\u00e7a em torno de at\u00e9 400 mg, considerando todas as fontes somadas. Acima disso, aumenta o risco de efeitos indesejados em pessoas sens\u00edveis.<\/p>\n\n\n\n<ul class=\"wp-block-list\">\n<li><strong>Poss\u00edveis efeitos adversos:<\/strong> consumo elevado pode estar associado a irritabilidade, ins\u00f4nia, taquicardia, ansiedade, tremores e desconforto gastrointestinal.<\/li>\n\n\n\n<li><strong>Grupos que merecem cautela:<\/strong> pessoas com hipertens\u00e3o, arritmias, problemas card\u00edacos, gastrite, refluxo ou sensibilidade \u00e0 cafe\u00edna devem conversar com um profissional de sa\u00fade antes de incluir o guaran\u00e1 em p\u00f3 na rotina.<\/li>\n\n\n\n<li><strong>Hor\u00e1rio de uso:<\/strong> ingerir o p\u00f3 pr\u00f3ximo ao hor\u00e1rio de dormir pode dificultar o sono, especialmente em indiv\u00edduos que metabolizam a cafe\u00edna mais lentamente.<\/li>\n<\/ul>\n\n\n\n<p>Outro ponto importante \u00e9 n\u00e3o associar o guaran\u00e1 em p\u00f3 a outras fontes de cafe\u00edna em altas quantidades, como grandes volumes de caf\u00e9 forte ou bebidas energ\u00e9ticas. A soma pode ultrapassar facilmente o limite considerado seguro e aumentar o desconforto. Para a maioria dos adultos, a estrat\u00e9gia mais prudente \u00e9 iniciar com pequenas por\u00e7\u00f5es, observar a resposta do organismo e, se necess\u00e1rio, ajustar o uso com orienta\u00e7\u00e3o de um nutricionista ou m\u00e9dico.<\/p>\n\n\n\n<p>Assim, o guaran\u00e1 em p\u00f3 se mant\u00e9m em destaque como um aliado potencial para disposi\u00e7\u00e3o, foco e energia, desde que usado com modera\u00e7\u00e3o, em combina\u00e7\u00e3o com h\u00e1bitos de vida equilibrados e sempre respeitando as particularidades de cada organismo.<\/p>\n\n\n\n<h2 class=\"wp-block-heading\">FAQ sobre estimulantes naturais<\/h2>\n\n\n\n<p><strong>1. Quais s\u00e3o alguns exemplos de estimulantes naturais al\u00e9m do guaran\u00e1?<\/strong><br>Al\u00e9m do guaran\u00e1 em p\u00f3, outros estimulantes naturais bastante conhecidos incluem o caf\u00e9 (cafe\u00edna), o ch\u00e1 verde e o ch\u00e1 preto (cafe\u00edna e catequinas), o cacau (teobromina), o mate, o ginseng e a erva-mate. Cada um deles atua de forma semelhante ao estimular o sistema nervoso central, entretanto possuem concentra\u00e7\u00f5es diferentes de compostos ativos e perfis de efeitos distintos. Portanto, a escolha entre eles deve levar em conta toler\u00e2ncia individual, objetivo de uso e poss\u00edveis restri\u00e7\u00f5es de sa\u00fade.<\/p>\n\n\n\n<p><strong>2. Estimulantes naturais s\u00e3o mais seguros do que bebidas energ\u00e9ticas industrializadas?<\/strong><br>Estimulantes naturais tendem a ter menos aditivos artificiais, como corantes, conservantes e grandes quantidades de a\u00e7\u00facar, quando comparados a muitas bebidas energ\u00e9ticas prontas. Entretanto, \u201cnatural\u201d n\u00e3o significa isento de riscos: a cafe\u00edna continua sendo a mesma mol\u00e9cula, independentemente da fonte. Ent\u00e3o, se houver excesso de consumo, podem surgir efeitos adversos semelhantes aos de energ\u00e9ticos. Portanto, a seguran\u00e7a depende da dose, da frequ\u00eancia de uso e das condi\u00e7\u00f5es de sa\u00fade de cada pessoa.<\/p>\n\n\n\n<p><strong>3. Estimulantes naturais podem causar depend\u00eancia?<\/strong><br>A cafe\u00edna e compostos correlatos podem levar a um padr\u00e3o de uso habitual, com sintomas leves de abstin\u00eancia (como dor de cabe\u00e7a, irritabilidade e sonol\u00eancia) quando interrompidos abruptamente. Entretanto, isso costuma ser diferente de depend\u00eancias mais graves, associadas a outras subst\u00e2ncias. Ent\u00e3o, \u00e9 recomend\u00e1vel evitar aumentos constantes de dose para manter o mesmo efeito, e, se desejado, reduzir o uso de forma gradual. Portanto, o consumo consciente e moderado \u00e9 a melhor estrat\u00e9gia para minimizar esse risco.<\/p>\n\n\n\n<p><strong>4. Existe melhor hor\u00e1rio do dia para usar estimulantes naturais?<\/strong><br>Para a maioria das pessoas, estimulantes naturais funcionam melhor pela manh\u00e3 ou no in\u00edcio da tarde, pois ajudam a acompanhar o ritmo natural de vig\u00edlia. Entretanto, indiv\u00edduos mais sens\u00edveis podem sentir impacto no sono mesmo usando pela tarde. Ent\u00e3o, \u00e9 prudente manter um intervalo de, pelo menos, 6 horas entre o consumo de estimulantes ricos em cafe\u00edna e o hor\u00e1rio de dormir. Portanto, testar hor\u00e1rios e observar o pr\u00f3prio padr\u00e3o de sono \u00e9 fundamental.<\/p>\n\n\n\n<p><strong>5. Estimulantes naturais ajudam na perda de peso?<\/strong><br>Cafe\u00edna e outros estimulantes podem aumentar levemente o gasto energ\u00e9tico e a mobiliza\u00e7\u00e3o de gordura, o que explica sua presen\u00e7a em muitos termog\u00eanicos. Entretanto, esse efeito \u00e9 modesto e n\u00e3o substitui alimenta\u00e7\u00e3o equilibrada e atividade f\u00edsica regular. Ent\u00e3o, contar apenas com estimulantes para emagrecer tende a ser ineficaz e, em excesso, arriscado. Portanto, eles devem ser encarados como um apoio pontual dentro de um plano global orientado por profissional, e n\u00e3o como solu\u00e7\u00e3o isolada.<\/p>\n\n\n\n<p><strong>6. Posso combinar diferentes estimulantes naturais no mesmo dia?<\/strong><br>\u00c9 poss\u00edvel combinar fontes como caf\u00e9, ch\u00e1 verde e guaran\u00e1, desde que a soma de cafe\u00edna di\u00e1ria se mantenha dentro de limites seguros. Entretanto, misturar v\u00e1rias fontes sem controle pode facilitar o excesso, aumentando o risco de palpita\u00e7\u00f5es, ansiedade e ins\u00f4nia. Ent\u00e3o, \u00e9 importante ler r\u00f3tulos de suplementos, considerar tamb\u00e9m refrigerantes e chocolates, e fazer uma estimativa aproximada da ingest\u00e3o total de cafe\u00edna. Portanto, se houver d\u00favida, vale consultar um nutricionista para ajustar combina\u00e7\u00f5es e doses.<\/p>\n\n\n\n<p><strong>7. Quem pratica exerc\u00edcios f\u00edsicos pode se beneficiar de outros estimulantes naturais al\u00e9m do guaran\u00e1?<\/strong><br>Praticantes de atividade f\u00edsica costumam utilizar, al\u00e9m do guaran\u00e1, compostos como cafe\u00edna em c\u00e1psulas, ch\u00e1 verde concentrado, erva-mate e at\u00e9 ginseng em alguns protocolos. Entretanto, a resposta \u00e9 individual: algumas pessoas sentem melhora clara de desempenho, enquanto outras percebem apenas aumento de ansiedade ou desconforto g\u00e1strico. Ent\u00e3o, o ideal \u00e9 testar doses baixas em treinos menos importantes, e nunca pela primeira vez em provas ou competi\u00e7\u00f5es. Portanto, planejamento e acompanhamento profissional tornam o uso mais seguro e eficaz.<\/p>\n\n\n\n<p><strong>8. Estimulantes naturais podem interferir em medicamentos?<\/strong><br>A cafe\u00edna e outros estimulantes podem interagir com f\u00e1rmacos que atuam no sistema nervoso, na press\u00e3o arterial, na frequ\u00eancia card\u00edaca e em condi\u00e7\u00f5es g\u00e1stricas. Entretanto, o grau de intera\u00e7\u00e3o varia conforme o medicamento, a dose e a sensibilidade da pessoa. Ent\u00e3o, quem faz uso cr\u00f4nico de antidepressivos, ansiol\u00edticos, rem\u00e9dios para hipertens\u00e3o, arritmias ou problemas g\u00e1stricos deve informar ao m\u00e9dico sobre o uso de guaran\u00e1, caf\u00e9 ou suplementos estimulantes. Portanto, nunca \u00e9 recomend\u00e1vel ajustar medica\u00e7\u00f5es por conta pr\u00f3pria com base em estimulantes.<\/p>\n\n\n\n<p><strong>9. Adolescentes podem usar estimulantes naturais com seguran\u00e7a?<\/strong><br>A recomenda\u00e7\u00e3o geral \u00e9 que adolescentes usem cafe\u00edna com bastante modera\u00e7\u00e3o, pois ainda est\u00e3o em fase de desenvolvimento e podem ser mais sens\u00edveis a altera\u00e7\u00f5es de sono, humor e frequ\u00eancia card\u00edaca. Entretanto, pequenas quantidades provenientes de alimentos comuns (como chocolate ou um caf\u00e9 leve) tendem a ser melhor toleradas. Ent\u00e3o, o uso de guaran\u00e1 em p\u00f3 concentrado, c\u00e1psulas de cafe\u00edna e bebidas energ\u00e9ticas deve ser avaliado com muita cautela e, idealmente, acompanhado por um profissional. Portanto, limitar a exposi\u00e7\u00e3o e priorizar sono adequado, alimenta\u00e7\u00e3o e atividade f\u00edsica \u00e9 a abordagem mais segura nessa faixa et\u00e1ria.<\/p>\n","protected":false},"excerpt":{"rendered":"<p>Guaran\u00e1: energia, foco e disposi\u00e7\u00e3o com a\u00e7\u00e3o termog\u00eanica e antioxidante, superando o caf\u00e9 e contribuindo para desempenho, metabolismo e sa\u00fade.<\/p>\n","protected":false},"author":8,"featured_media":24178,"comment_status":"open","ping_status":"open","sticky":false,"template":"","format":"standard","meta":{"jnews-multi-image_gallery":[],"jnews_single_post":{"format":"standard"},"jnews_primary_category":[],"jnews_social_meta":[],"jnews_override_counter":[],"footnotes":""},"categories":[120],"tags":[535,1125,7378,7376,7377,5700],"class_list":["post-24177","post","type-post","status-publish","format-standard","has-post-thumbnail","hentry","category-curiosidades","tag-beneficios","tag-curiosidades","tag-estimulante-natural","tag-guarana","tag-guarana-em-po","tag-maleficios"],"yoast_head":"<!-- This site is optimized with the Yoast SEO plugin v25.1 - https:\/\/yoast.com\/wordpress\/plugins\/seo\/ -->\n<title>Mais energia que o caf\u00e9? Conhe\u00e7a os efeitos do guaran\u00e1 no corpo - Correio Braziliense - Aqui<\/title>\n<meta name=\"description\" content=\"Guaran\u00e1: energia, foco e disposi\u00e7\u00e3o com a\u00e7\u00e3o termog\u00eanica e antioxidante, superando o caf\u00e9 e contribuindo para desempenho, metabolismo e sa\u00fade\" \/>\n<meta name=\"robots\" content=\"index, follow, max-snippet:-1, max-image-preview:large, max-video-preview:-1\" \/>\n<link rel=\"canonical\" href=\"https:\/\/www.correiobraziliense.com.br\/aqui\/2026\/03\/10\/mais-energia-que-o-cafe-conheca-os-efeitos-do-guarana-no-corpo\/\" \/>\n<meta property=\"og:locale\" content=\"pt_BR\" \/>\n<meta property=\"og:type\" content=\"article\" \/>\n<meta property=\"og:title\" content=\"Mais energia que o caf\u00e9? Conhe\u00e7a os efeitos do guaran\u00e1 no corpo - Correio Braziliense - Aqui\" \/>\n<meta property=\"og:description\" content=\"Guaran\u00e1: energia, foco e disposi\u00e7\u00e3o com a\u00e7\u00e3o termog\u00eanica e antioxidante, superando o caf\u00e9 e contribuindo para desempenho, metabolismo e sa\u00fade\" \/>\n<meta property=\"og:url\" content=\"https:\/\/www.correiobraziliense.com.br\/aqui\/2026\/03\/10\/mais-energia-que-o-cafe-conheca-os-efeitos-do-guarana-no-corpo\/\" \/>\n<meta property=\"og:site_name\" content=\"Correio Braziliense - Aqui\" \/>\n<meta property=\"article:published_time\" content=\"2026-03-10T19:53:00+00:00\" \/>\n<meta property=\"og:image\" content=\"https:\/\/www.correiobraziliense.com.br\/aqui\/wp-content\/uploads\/2026\/03\/httpsneuralmyth.comstaticcachef2ce2ff5-48f0-41b9-836a-fc14aaeff530.jpeg\" \/>\n\t<meta property=\"og:image:width\" content=\"1280\" \/>\n\t<meta property=\"og:image:height\" content=\"720\" \/>\n\t<meta property=\"og:image:type\" content=\"image\/jpeg\" \/>\n<meta name=\"author\" content=\"Lara\" \/>\n<meta name=\"twitter:card\" content=\"summary_large_image\" \/>\n<meta name=\"twitter:label1\" content=\"Escrito por\" \/>\n\t<meta name=\"twitter:data1\" content=\"Lara\" \/>\n\t<meta name=\"twitter:label2\" content=\"Est. tempo de leitura\" \/>\n\t<meta name=\"twitter:data2\" content=\"10 minutos\" \/>\n<!-- \/ Yoast SEO plugin. -->","yoast_head_json":{"title":"Mais energia que o caf\u00e9? Conhe\u00e7a os efeitos do guaran\u00e1 no corpo - Correio Braziliense - Aqui","description":"Guaran\u00e1: energia, foco e disposi\u00e7\u00e3o com a\u00e7\u00e3o termog\u00eanica e antioxidante, superando o caf\u00e9 e contribuindo para desempenho, metabolismo e sa\u00fade","robots":{"index":"index","follow":"follow","max-snippet":"max-snippet:-1","max-image-preview":"max-image-preview:large","max-video-preview":"max-video-preview:-1"},"canonical":"https:\/\/www.correiobraziliense.com.br\/aqui\/2026\/03\/10\/mais-energia-que-o-cafe-conheca-os-efeitos-do-guarana-no-corpo\/","og_locale":"pt_BR","og_type":"article","og_title":"Mais energia que o caf\u00e9? Conhe\u00e7a os efeitos do guaran\u00e1 no corpo - Correio Braziliense - Aqui","og_description":"Guaran\u00e1: energia, foco e disposi\u00e7\u00e3o com a\u00e7\u00e3o termog\u00eanica e antioxidante, superando o caf\u00e9 e contribuindo para desempenho, metabolismo e sa\u00fade","og_url":"https:\/\/www.correiobraziliense.com.br\/aqui\/2026\/03\/10\/mais-energia-que-o-cafe-conheca-os-efeitos-do-guarana-no-corpo\/","og_site_name":"Correio Braziliense - Aqui","article_published_time":"2026-03-10T19:53:00+00:00","og_image":[{"width":1280,"height":720,"url":"https:\/\/www.correiobraziliense.com.br\/aqui\/wp-content\/uploads\/2026\/03\/httpsneuralmyth.comstaticcachef2ce2ff5-48f0-41b9-836a-fc14aaeff530.jpeg","type":"image\/jpeg"}],"author":"Lara","twitter_card":"summary_large_image","twitter_misc":{"Escrito por":"Lara","Est. tempo de leitura":"10 minutos"},"schema":{"@context":"https:\/\/schema.org","@graph":[{"@type":"WebPage","@id":"https:\/\/www.correiobraziliense.com.br\/aqui\/2026\/03\/10\/mais-energia-que-o-cafe-conheca-os-efeitos-do-guarana-no-corpo\/","url":"https:\/\/www.correiobraziliense.com.br\/aqui\/2026\/03\/10\/mais-energia-que-o-cafe-conheca-os-efeitos-do-guarana-no-corpo\/","name":"Mais energia que o caf\u00e9? Conhe\u00e7a os efeitos do guaran\u00e1 no corpo - Correio Braziliense - Aqui","isPartOf":{"@id":"https:\/\/www.correiobraziliense.com.br\/aqui\/#website"},"primaryImageOfPage":{"@id":"https:\/\/www.correiobraziliense.com.br\/aqui\/2026\/03\/10\/mais-energia-que-o-cafe-conheca-os-efeitos-do-guarana-no-corpo\/#primaryimage"},"image":{"@id":"https:\/\/www.correiobraziliense.com.br\/aqui\/2026\/03\/10\/mais-energia-que-o-cafe-conheca-os-efeitos-do-guarana-no-corpo\/#primaryimage"},"thumbnailUrl":"https:\/\/www.correiobraziliense.com.br\/aqui\/wp-content\/uploads\/2026\/03\/httpsneuralmyth.comstaticcachef2ce2ff5-48f0-41b9-836a-fc14aaeff530.jpeg","datePublished":"2026-03-10T19:53:00+00:00","author":{"@id":"https:\/\/www.correiobraziliense.com.br\/aqui\/#\/schema\/person\/5d6e4d99fecc86ab1a7ed1a0369afb65"},"description":"Guaran\u00e1: energia, foco e disposi\u00e7\u00e3o com a\u00e7\u00e3o termog\u00eanica e antioxidante, superando o caf\u00e9 e contribuindo para desempenho, metabolismo e sa\u00fade","breadcrumb":{"@id":"https:\/\/www.correiobraziliense.com.br\/aqui\/2026\/03\/10\/mais-energia-que-o-cafe-conheca-os-efeitos-do-guarana-no-corpo\/#breadcrumb"},"inLanguage":"pt-BR","potentialAction":[{"@type":"ReadAction","target":["https:\/\/www.correiobraziliense.com.br\/aqui\/2026\/03\/10\/mais-energia-que-o-cafe-conheca-os-efeitos-do-guarana-no-corpo\/"]}]},{"@type":"ImageObject","inLanguage":"pt-BR","@id":"https:\/\/www.correiobraziliense.com.br\/aqui\/2026\/03\/10\/mais-energia-que-o-cafe-conheca-os-efeitos-do-guarana-no-corpo\/#primaryimage","url":"https:\/\/www.correiobraziliense.com.br\/aqui\/wp-content\/uploads\/2026\/03\/httpsneuralmyth.comstaticcachef2ce2ff5-48f0-41b9-836a-fc14aaeff530.jpeg","contentUrl":"https:\/\/www.correiobraziliense.com.br\/aqui\/wp-content\/uploads\/2026\/03\/httpsneuralmyth.comstaticcachef2ce2ff5-48f0-41b9-836a-fc14aaeff530.jpeg","width":1280,"height":720,"caption":"Cr\u00e9ditos: depositphotos.com \/ gioiak2"},{"@type":"BreadcrumbList","@id":"https:\/\/www.correiobraziliense.com.br\/aqui\/2026\/03\/10\/mais-energia-que-o-cafe-conheca-os-efeitos-do-guarana-no-corpo\/#breadcrumb","itemListElement":[{"@type":"ListItem","position":1,"name":"In\u00edcio","item":"https:\/\/www.correiobraziliense.com.br\/aqui\/"},{"@type":"ListItem","position":2,"name":"Mais energia que o caf\u00e9? Conhe\u00e7a os efeitos do guaran\u00e1 no corpo"}]},{"@type":"WebSite","@id":"https:\/\/www.correiobraziliense.com.br\/aqui\/#website","url":"https:\/\/www.correiobraziliense.com.br\/aqui\/","name":"Correio Braziliense - Aqui","description":"O Correio Braziliense (CB) \u00e9 o mais importante canal de not\u00edcias de Bras\u00edlia. Aqui voc\u00ea encontra as \u00faltimas not\u00edcias do DF, do Brasil e do mundo.","potentialAction":[{"@type":"SearchAction","target":{"@type":"EntryPoint","urlTemplate":"https:\/\/www.correiobraziliense.com.br\/aqui\/?s={search_term_string}"},"query-input":{"@type":"PropertyValueSpecification","valueRequired":true,"valueName":"search_term_string"}}],"inLanguage":"pt-BR"},{"@type":"Person","@id":"https:\/\/www.correiobraziliense.com.br\/aqui\/#\/schema\/person\/5d6e4d99fecc86ab1a7ed1a0369afb65","name":"Lara","image":{"@type":"ImageObject","inLanguage":"pt-BR","@id":"https:\/\/www.correiobraziliense.com.br\/aqui\/#\/schema\/person\/image\/","url":"https:\/\/secure.gravatar.com\/avatar\/57056c5c343a6d8a6669688d3d2c04916d9d280b352b6e50e66a8d39b2517e00?s=96&d=mm&r=g","contentUrl":"https:\/\/secure.gravatar.com\/avatar\/57056c5c343a6d8a6669688d3d2c04916d9d280b352b6e50e66a8d39b2517e00?s=96&d=mm&r=g","caption":"Lara"},"url":"https:\/\/www.correiobraziliense.com.br\/aqui\/author\/laraaqui\/"}]}},"_links":{"self":[{"href":"https:\/\/www.correiobraziliense.com.br\/aqui\/wp-json\/wp\/v2\/posts\/24177","targetHints":{"allow":["GET"]}}],"collection":[{"href":"https:\/\/www.correiobraziliense.com.br\/aqui\/wp-json\/wp\/v2\/posts"}],"about":[{"href":"https:\/\/www.correiobraziliense.com.br\/aqui\/wp-json\/wp\/v2\/types\/post"}],"author":[{"embeddable":true,"href":"https:\/\/www.correiobraziliense.com.br\/aqui\/wp-json\/wp\/v2\/users\/8"}],"replies":[{"embeddable":true,"href":"https:\/\/www.correiobraziliense.com.br\/aqui\/wp-json\/wp\/v2\/comments?post=24177"}],"version-history":[{"count":2,"href":"https:\/\/www.correiobraziliense.com.br\/aqui\/wp-json\/wp\/v2\/posts\/24177\/revisions"}],"predecessor-version":[{"id":24181,"href":"https:\/\/www.correiobraziliense.com.br\/aqui\/wp-json\/wp\/v2\/posts\/24177\/revisions\/24181"}],"wp:featuredmedia":[{"embeddable":true,"href":"https:\/\/www.correiobraziliense.com.br\/aqui\/wp-json\/wp\/v2\/media\/24178"}],"wp:attachment":[{"href":"https:\/\/www.correiobraziliense.com.br\/aqui\/wp-json\/wp\/v2\/media?parent=24177"}],"wp:term":[{"taxonomy":"category","embeddable":true,"href":"https:\/\/www.correiobraziliense.com.br\/aqui\/wp-json\/wp\/v2\/categories?post=24177"},{"taxonomy":"post_tag","embeddable":true,"href":"https:\/\/www.correiobraziliense.com.br\/aqui\/wp-json\/wp\/v2\/tags?post=24177"}],"curies":[{"name":"wp","href":"https:\/\/api.w.org\/{rel}","templated":true}]}}