{"id":24182,"date":"2026-03-10T17:44:00","date_gmt":"2026-03-10T20:44:00","guid":{"rendered":"https:\/\/www.correiobraziliense.com.br\/aqui\/?p=24182"},"modified":"2026-03-10T15:21:56","modified_gmt":"2026-03-10T18:21:56","slug":"erro-na-fruteira-habito-comum-faz-frutas-estragarem-mais-rapido","status":"publish","type":"post","link":"https:\/\/www.correiobraziliense.com.br\/aqui\/2026\/03\/10\/erro-na-fruteira-habito-comum-faz-frutas-estragarem-mais-rapido\/","title":{"rendered":"Erro na fruteira: h\u00e1bito comum faz frutas estragarem mais r\u00e1pido"},"content":{"rendered":"\n<p>Organizar as frutas em casa envolve mais do que escolher uma fruteira bonita na cozinha. A forma como cada esp\u00e9cie \u00e9 guardada influencia diretamente quanto tempo permanece pr\u00f3pria para consumo. Um ponto central nesse processo \u00e9 o etileno, <strong><a href=\"https:\/\/www.correiobraziliense.com.br\/aqui\/2026\/02\/09\/aprenda-a-lavar-suas-frutas-corretamente-e-evite-pesticidas\/\" target=\"_blank\" rel=\"noreferrer noopener\">um g\u00e1s natural produzido por muitas frutas e que interfere no ritmo de amadurecimento<\/a><\/strong>, podendo antecipar ou prolongar a durabilidade.<\/p>\n\n\n\n<p>Quando frutas com comportamentos diferentes em rela\u00e7\u00e3o ao etileno s\u00e3o colocadas lado a lado, o resultado costuma aparecer em poucos dias: algumas amadurecem r\u00e1pido demais, outras perdem textura e sabor ou estragam antes do previsto. Por isso, entender quais s\u00e3o as frutas que produzem mais g\u00e1s e quais s\u00e3o mais sens\u00edveis a ele ajuda na montagem da fruteira e na organiza\u00e7\u00e3o da geladeira.<\/p>\n\n\n\n<h2 class=\"wp-block-heading\">O que \u00e9 etileno e por que \u00e9 importante na conserva\u00e7\u00e3o de frutas?<\/h2>\n\n\n\n<p>O etileno \u00e9 um horm\u00f4nio vegetal em forma de g\u00e1s que regula o amadurecimento. Frutas que produzem muito etileno liberam esse g\u00e1s no ambiente, afetando tudo o que est\u00e1 por perto. Em espa\u00e7os fechados, como gavetas de geladeira ou potes tampados, essa a\u00e7\u00e3o pode ser ainda mais r\u00e1pida, acelerando o amadurecimento de outras frutas armazenadas junto.<\/p>\n\n\n\n<p>Entre as principais produtoras de etileno est\u00e3o banana, ma\u00e7\u00e3, pera, abacate, manga, mam\u00e3o, p\u00eassego, nectarina e ameixa. Quando reunidas, essas frutas tendem a amadurecer de forma intensa, o que pode ser interessante em alguns momentos, mas problem\u00e1tico quando o objetivo \u00e9 fazer a feira durar a semana inteira. J\u00e1 frutas mais delicadas, como morango e uva, s\u00e3o bastante sens\u00edveis a esse g\u00e1s e se deterioram com mais facilidade se ficarem expostas a ele por muito tempo.<\/p>\n\n\n\n<h2 class=\"wp-block-heading\">Quais frutas podem ficar juntas na fruteira?<\/h2>\n\n\n\n<p>A organiza\u00e7\u00e3o da fruteira pode seguir uma l\u00f3gica simples: as frutas que continuam amadurecendo depois de colhidas, chamadas de climat\u00e9ricas, geralmente suportam bem ficar em temperatura ambiente. Entram nesse grupo banana, manga, mam\u00e3o, abacate, ma\u00e7\u00e3, pera, p\u00eassego, nectarina e ameixa. Quando ainda est\u00e3o firmes ou um pouco verdes, podem ser colocadas juntas para que o etileno ajude a acelerar o ponto ideal para consumo.<\/p>\n\n\n\n<p>J\u00e1 as frutas sens\u00edveis ao etileno ou que amadurecem pouco depois da colheita precisam de mais cuidado. Morango, uva, amora, framboesa, cereja, abacaxi, melancia, laranja, lim\u00e3o e tangerina estragam mais facilmente quando expostas ao g\u00e1s liberado pelas frutas climat\u00e9ricas. Por isso, \u00e9 recomend\u00e1vel mant\u00ea-las separadas, seja em outro cesto ou diretamente na geladeira. Um exemplo pr\u00e1tico \u00e9 evitar deixar morangos pr\u00f3ximos de bananas e ma\u00e7\u00e3s na mesma fruteira.<\/p>\n\n\n\n<ul class=\"wp-block-list\">\n<li><strong>Frutas que produzem mais etileno:<\/strong> banana, ma\u00e7\u00e3, pera, abacate, manga, mam\u00e3o, p\u00eassego, nectarina, ameixa.<\/li>\n\n\n\n<li><strong>Frutas mais sens\u00edveis ao etileno:<\/strong> morango, uva, amora, framboesa, cereja, abacaxi, melancia, laranja, lim\u00e3o, tangerina.<\/li>\n\n\n\n<li><strong>Cuidados gerais:<\/strong> evitar misturar grandes produtoras de etileno com frutas delicadas no mesmo espa\u00e7o.<\/li>\n<\/ul>\n\n\n\n<h2 class=\"wp-block-heading\">Como armazenar frutas corretamente para durar mais?<\/h2>\n\n\n\n<p>O local de armazenamento tamb\u00e9m interfere na conserva\u00e7\u00e3o das frutas. Em temperatura ambiente, \u00e9 indicado deixar principalmente as frutas que ainda est\u00e3o amadurecendo. Assim, a fruteira pode concentrar bananas, mangas, mam\u00f5es, abacates, p\u00eassegos, nectarinas, ameixas, ma\u00e7\u00e3s e peras que ainda n\u00e3o est\u00e3o totalmente maduras. A recomenda\u00e7\u00e3o \u00e9 n\u00e3o exagerar na quantidade exposta, para n\u00e3o perder o controle sobre o ponto de consumo.<\/p>\n\n\n\n<p>Na geladeira, a prioridade s\u00e3o as frutas fr\u00e1geis ou j\u00e1 maduras. Morango, uva, amora, framboesa, cereja, abacaxi, kiwi maduro e melancia cortada duram mais quando refrigerados. A baixa temperatura desacelera rea\u00e7\u00f5es metab\u00f3licas, preservando textura, sabor e boa parte do valor nutricional. Sempre que poss\u00edvel, o ideal \u00e9 armazenar em recipientes limpos, secos e, preferencialmente, fechados, sem empilhar demais para n\u00e3o amassar.<\/p>\n\n\n\n<ol class=\"wp-block-list\">\n<li><strong>Separar por tipo:<\/strong> colocar produtoras de etileno em um grupo e frutas sens\u00edveis em outro.<\/li>\n\n\n\n<li><strong>Definir o destino:<\/strong> o que ser\u00e1 consumido logo pode ficar na fruteira; o restante vai para a geladeira.<\/li>\n\n\n\n<li><strong>Evitar excesso na fruteira:<\/strong> manter apenas a quantidade necess\u00e1ria para alguns dias.<\/li>\n\n\n\n<li><strong>Observar diariamente:<\/strong> retirar frutas muito maduras para n\u00e3o acelerar o amadurecimento das demais.<\/li>\n\n\n\n<li><strong>Higienizar na hora certa:<\/strong> muitas frutas duram mais quando s\u00e3o lavadas apenas pouco antes do consumo.<\/li>\n<\/ol>\n\n\n\n<h2 class=\"wp-block-heading\">Como usar o etileno a favor na rotina da cozinha?<\/h2>\n\n\n\n<p>Entender o funcionamento do etileno tamb\u00e9m ajuda a planejar o consumo ao longo da semana. Quando uma fruta est\u00e1 verde demais, aproxim\u00e1-la de uma banana madura ou de uma ma\u00e7\u00e3 pode acelerar o amadurecimento. Isso \u00e9 \u00fatil para abacates que precisam ficar no ponto para uma receita espec\u00edfica ou para mangas ainda firmes que ser\u00e3o consumidas em poucos dias.<\/p>\n\n\n\n<p>Ao mesmo tempo, quem deseja estender a durabilidade das compras pode separar parte das frutas ainda firmes e coloc\u00e1-las na geladeira, longe das grandes produtoras de etileno. Essa simples mudan\u00e7a de h\u00e1bito tende a reduzir o desperd\u00edcio e a manter as frutas em boas condi\u00e7\u00f5es por mais tempo, facilitando a organiza\u00e7\u00e3o das refei\u00e7\u00f5es da fam\u00edlia ao longo da semana.<\/p>\n\n\n\n<h2 class=\"wp-block-heading\">FAQ \u2013 Organiza\u00e7\u00e3o e conserva\u00e7\u00e3o de legumes<\/h2>\n\n\n\n<p><strong>1. Devo guardar todos os legumes na geladeira?<\/strong><br>Nem todos os legumes precisam ir direto para a geladeira. Batata, cebola, alho, ab\u00f3bora inteira e mandioca fresca, por exemplo, duram melhor em local fresco, seco e arejado, longe da luz. Use a geladeira para legumes que murcham facilmente, como folhas, br\u00f3colis, couve-flor, vagem e cenoura. Entretanto, se o ambiente for muito quente, at\u00e9 os legumes que poderiam ficar fora podem se beneficiar da refrigera\u00e7\u00e3o para n\u00e3o estragarem r\u00e1pido demais.<\/p>\n\n\n\n<p><strong>2. Como organizar os legumes na geladeira para n\u00e3o estragarem t\u00e3o r\u00e1pido?<\/strong><br>O ideal \u00e9 usar as gavetas inferiores, pois costumam ter umidade controlada e temperatura mais est\u00e1vel. Coloque folhas em potes ou saquinhos perfurados, cenouras e beterrabas sem as folhas em sacos fechados e legumes mais firmes, como chuchu e abobrinha, em recipientes limpos e secos. Portanto, evite apertar ou empilhar demais para n\u00e3o amassar. Ent\u00e3o, distribua em camadas leves, deixando \u00e0 vista o que precisa ser consumido primeiro.<\/p>\n\n\n\n<p><strong>3. Posso lavar os legumes antes de guardar?<\/strong><br>Folhas verdes (alface, r\u00facula, couve, espinafre) podem ser lavadas, bem secas e armazenadas em potes com papel-toalha para absorver a umidade, o que prolonga a durabilidade. J\u00e1 legumes como cenoura, abobrinha, berinjela e piment\u00e3o, em suma, duram mais se forem lavados apenas perto do uso. Entretanto, se voc\u00ea preferir lavar tudo de uma vez, \u00e9 fundamental secar muito bem antes de guardar, pois a umidade em excesso favorece mofo e apodrecimento.<\/p>\n\n\n\n<p><strong>4. Como evitar que folhas e ervas murchem rapidamente?<\/strong><br>Uma boa estrat\u00e9gia \u00e9 higienizar, secar completamente e guardar em potes fechados com papel-toalha no fundo e, se necess\u00e1rio, entre as camadas. Isso ajuda a controlar a umidade. Outra op\u00e7\u00e3o \u00e9 armazenar ervas como salsinha e cebolinha em copos com um pouco de \u00e1gua, cobertos levemente com pl\u00e1stico, como se fossem um buqu\u00ea. Portanto, ao trocar a \u00e1gua regularmente, voc\u00ea prolonga a vida \u00fatil. Ent\u00e3o, descarte folhas escuras ou moles assim que notar para n\u00e3o comprometer o restante.<\/p>\n\n\n\n<p><strong>5. \u00c9 melhor guardar legumes inteiros ou j\u00e1 cortados?<\/strong><br>Legumes inteiros costumam durar mais, pois a casca funciona como prote\u00e7\u00e3o natural. Entretanto, para ganhar praticidade no dia a dia, voc\u00ea pode cortar cenoura, ab\u00f3bora, beterraba, chuchu e outros em peda\u00e7os e guardar em potes bem fechados na geladeira. Use em poucos dias, pois cortados eles perdem \u00e1gua mais r\u00e1pido e podem oxidar. Portanto, se preparar por\u00e7\u00f5es antecipadas, tente planejar receitas para utiliz\u00e1-las em at\u00e9 3 a 5 dias.<\/p>\n\n\n\n<p><strong>6. Como organizar cebola, alho e batata para n\u00e3o brotarem ou mofarem?<\/strong><br>Cebola, alho e batata devem ficar fora da geladeira em local ventilado, seco e escuro, de prefer\u00eancia em cestos ou caixas que permitam circula\u00e7\u00e3o de ar. N\u00e3o guarde batatas junto com cebolas, pois a combina\u00e7\u00e3o de umidade e gases pode acelerar o brotamento e o apodrecimento. Portanto, se o clima estiver muito \u00famido, verifique com frequ\u00eancia e descarte unidades moles ou manchadas. Ent\u00e3o, use primeiro as que j\u00e1 est\u00e3o come\u00e7ando a germinar.<\/p>\n\n\n\n<p><strong>7. Como saber quais legumes consumir primeiro?<\/strong><br>Uma regra simples \u00e9 priorizar os mais fr\u00e1geis e com maior teor de \u00e1gua: folhas, tomate maduro, abobrinha, pepino, vagem e cogumelos. Eles devem ser consumidos nos primeiros dias ap\u00f3s a compra. Legumes mais firmes, como cenoura, beterraba, chuchu, ab\u00f3bora e mandioca, podem ficar para depois. Portanto, ao organizar a geladeira, coloque na frente o que vence antes e, ent\u00e3o, deixe no fundo o que tem durabilidade maior para evitar desperd\u00edcios.<\/p>\n","protected":false},"excerpt":{"rendered":"<p>Organiza\u00e7\u00e3o das frutas em casa: descubra como o etileno influencia o amadurecimento, evita desperd\u00edcio e garante sabor, frescor e nutrientes.<\/p>\n","protected":false},"author":8,"featured_media":24183,"comment_status":"open","ping_status":"open","sticky":false,"template":"","format":"standard","meta":{"jnews-multi-image_gallery":[],"jnews_single_post":{"format":"standard"},"jnews_primary_category":[],"jnews_social_meta":[],"jnews_override_counter":[],"footnotes":""},"categories":[121],"tags":[7381,5128,6433,7380,7379,301,119],"class_list":["post-24182","post","type-post","status-publish","format-standard","has-post-thumbnail","hentry","category-gastronomia","tag-amadurecimento-de-frutas","tag-apodrecimento","tag-armazenamento-de-frutas","tag-conservacao-de-frutas","tag-etileno","tag-frutas","tag-gastronomia"],"yoast_head":"<!-- This site is optimized with the Yoast SEO plugin v25.1 - https:\/\/yoast.com\/wordpress\/plugins\/seo\/ -->\n<title>Erro na fruteira: h\u00e1bito comum faz frutas estragarem mais r\u00e1pido - Correio Braziliense - Aqui<\/title>\n<meta name=\"description\" content=\"Organiza\u00e7\u00e3o das frutas em casa: descubra como o etileno influencia o amadurecimento, evita desperd\u00edcio e garante sabor, frescor e nutrientes.\" \/>\n<meta name=\"robots\" content=\"index, follow, max-snippet:-1, max-image-preview:large, max-video-preview:-1\" \/>\n<link rel=\"canonical\" href=\"https:\/\/www.correiobraziliense.com.br\/aqui\/2026\/03\/10\/erro-na-fruteira-habito-comum-faz-frutas-estragarem-mais-rapido\/\" \/>\n<meta property=\"og:locale\" content=\"pt_BR\" \/>\n<meta property=\"og:type\" content=\"article\" \/>\n<meta property=\"og:title\" content=\"Erro na fruteira: h\u00e1bito comum faz frutas estragarem mais r\u00e1pido - Correio Braziliense - Aqui\" \/>\n<meta property=\"og:description\" content=\"Organiza\u00e7\u00e3o das frutas em casa: descubra como o etileno influencia o amadurecimento, evita desperd\u00edcio e garante sabor, frescor e nutrientes.\" \/>\n<meta property=\"og:url\" content=\"https:\/\/www.correiobraziliense.com.br\/aqui\/2026\/03\/10\/erro-na-fruteira-habito-comum-faz-frutas-estragarem-mais-rapido\/\" \/>\n<meta property=\"og:site_name\" content=\"Correio Braziliense - Aqui\" \/>\n<meta property=\"article:published_time\" content=\"2026-03-10T20:44:00+00:00\" \/>\n<meta property=\"og:image\" content=\"https:\/\/www.correiobraziliense.com.br\/aqui\/wp-content\/uploads\/2026\/03\/httpsneuralmyth.comstaticcache7d1c3ae8-406c-436b-955e-1c0538ab9f48.jpeg\" \/>\n\t<meta property=\"og:image:width\" content=\"1280\" \/>\n\t<meta property=\"og:image:height\" content=\"720\" \/>\n\t<meta property=\"og:image:type\" content=\"image\/jpeg\" \/>\n<meta name=\"author\" content=\"Lara\" \/>\n<meta name=\"twitter:card\" content=\"summary_large_image\" \/>\n<meta name=\"twitter:label1\" content=\"Escrito por\" \/>\n\t<meta name=\"twitter:data1\" content=\"Lara\" \/>\n\t<meta name=\"twitter:label2\" content=\"Est. tempo de leitura\" \/>\n\t<meta name=\"twitter:data2\" content=\"8 minutos\" \/>\n<!-- \/ Yoast SEO plugin. -->","yoast_head_json":{"title":"Erro na fruteira: h\u00e1bito comum faz frutas estragarem mais r\u00e1pido - Correio Braziliense - Aqui","description":"Organiza\u00e7\u00e3o das frutas em casa: descubra como o etileno influencia o amadurecimento, evita desperd\u00edcio e garante sabor, frescor e nutrientes.","robots":{"index":"index","follow":"follow","max-snippet":"max-snippet:-1","max-image-preview":"max-image-preview:large","max-video-preview":"max-video-preview:-1"},"canonical":"https:\/\/www.correiobraziliense.com.br\/aqui\/2026\/03\/10\/erro-na-fruteira-habito-comum-faz-frutas-estragarem-mais-rapido\/","og_locale":"pt_BR","og_type":"article","og_title":"Erro na fruteira: h\u00e1bito comum faz frutas estragarem mais r\u00e1pido - Correio Braziliense - Aqui","og_description":"Organiza\u00e7\u00e3o das frutas em casa: descubra como o etileno influencia o amadurecimento, evita desperd\u00edcio e garante sabor, frescor e nutrientes.","og_url":"https:\/\/www.correiobraziliense.com.br\/aqui\/2026\/03\/10\/erro-na-fruteira-habito-comum-faz-frutas-estragarem-mais-rapido\/","og_site_name":"Correio Braziliense - Aqui","article_published_time":"2026-03-10T20:44:00+00:00","og_image":[{"width":1280,"height":720,"url":"https:\/\/www.correiobraziliense.com.br\/aqui\/wp-content\/uploads\/2026\/03\/httpsneuralmyth.comstaticcache7d1c3ae8-406c-436b-955e-1c0538ab9f48.jpeg","type":"image\/jpeg"}],"author":"Lara","twitter_card":"summary_large_image","twitter_misc":{"Escrito por":"Lara","Est. tempo de leitura":"8 minutos"},"schema":{"@context":"https:\/\/schema.org","@graph":[{"@type":"WebPage","@id":"https:\/\/www.correiobraziliense.com.br\/aqui\/2026\/03\/10\/erro-na-fruteira-habito-comum-faz-frutas-estragarem-mais-rapido\/","url":"https:\/\/www.correiobraziliense.com.br\/aqui\/2026\/03\/10\/erro-na-fruteira-habito-comum-faz-frutas-estragarem-mais-rapido\/","name":"Erro na fruteira: h\u00e1bito comum faz frutas estragarem mais r\u00e1pido - Correio Braziliense - Aqui","isPartOf":{"@id":"https:\/\/www.correiobraziliense.com.br\/aqui\/#website"},"primaryImageOfPage":{"@id":"https:\/\/www.correiobraziliense.com.br\/aqui\/2026\/03\/10\/erro-na-fruteira-habito-comum-faz-frutas-estragarem-mais-rapido\/#primaryimage"},"image":{"@id":"https:\/\/www.correiobraziliense.com.br\/aqui\/2026\/03\/10\/erro-na-fruteira-habito-comum-faz-frutas-estragarem-mais-rapido\/#primaryimage"},"thumbnailUrl":"https:\/\/www.correiobraziliense.com.br\/aqui\/wp-content\/uploads\/2026\/03\/httpsneuralmyth.comstaticcache7d1c3ae8-406c-436b-955e-1c0538ab9f48.jpeg","datePublished":"2026-03-10T20:44:00+00:00","author":{"@id":"https:\/\/www.correiobraziliense.com.br\/aqui\/#\/schema\/person\/5d6e4d99fecc86ab1a7ed1a0369afb65"},"description":"Organiza\u00e7\u00e3o das frutas em casa: descubra como o etileno influencia o amadurecimento, evita desperd\u00edcio e garante sabor, frescor e nutrientes.","breadcrumb":{"@id":"https:\/\/www.correiobraziliense.com.br\/aqui\/2026\/03\/10\/erro-na-fruteira-habito-comum-faz-frutas-estragarem-mais-rapido\/#breadcrumb"},"inLanguage":"pt-BR","potentialAction":[{"@type":"ReadAction","target":["https:\/\/www.correiobraziliense.com.br\/aqui\/2026\/03\/10\/erro-na-fruteira-habito-comum-faz-frutas-estragarem-mais-rapido\/"]}]},{"@type":"ImageObject","inLanguage":"pt-BR","@id":"https:\/\/www.correiobraziliense.com.br\/aqui\/2026\/03\/10\/erro-na-fruteira-habito-comum-faz-frutas-estragarem-mais-rapido\/#primaryimage","url":"https:\/\/www.correiobraziliense.com.br\/aqui\/wp-content\/uploads\/2026\/03\/httpsneuralmyth.comstaticcache7d1c3ae8-406c-436b-955e-1c0538ab9f48.jpeg","contentUrl":"https:\/\/www.correiobraziliense.com.br\/aqui\/wp-content\/uploads\/2026\/03\/httpsneuralmyth.comstaticcache7d1c3ae8-406c-436b-955e-1c0538ab9f48.jpeg","width":1280,"height":720,"caption":"Cr\u00e9ditos: depositphotos.com \/ AntonMatyukha"},{"@type":"BreadcrumbList","@id":"https:\/\/www.correiobraziliense.com.br\/aqui\/2026\/03\/10\/erro-na-fruteira-habito-comum-faz-frutas-estragarem-mais-rapido\/#breadcrumb","itemListElement":[{"@type":"ListItem","position":1,"name":"In\u00edcio","item":"https:\/\/www.correiobraziliense.com.br\/aqui\/"},{"@type":"ListItem","position":2,"name":"Erro na fruteira: h\u00e1bito comum faz frutas estragarem mais r\u00e1pido"}]},{"@type":"WebSite","@id":"https:\/\/www.correiobraziliense.com.br\/aqui\/#website","url":"https:\/\/www.correiobraziliense.com.br\/aqui\/","name":"Correio Braziliense - Aqui","description":"O Correio Braziliense (CB) \u00e9 o mais importante canal de not\u00edcias de Bras\u00edlia. Aqui voc\u00ea encontra as \u00faltimas not\u00edcias do DF, do Brasil e do mundo.","potentialAction":[{"@type":"SearchAction","target":{"@type":"EntryPoint","urlTemplate":"https:\/\/www.correiobraziliense.com.br\/aqui\/?s={search_term_string}"},"query-input":{"@type":"PropertyValueSpecification","valueRequired":true,"valueName":"search_term_string"}}],"inLanguage":"pt-BR"},{"@type":"Person","@id":"https:\/\/www.correiobraziliense.com.br\/aqui\/#\/schema\/person\/5d6e4d99fecc86ab1a7ed1a0369afb65","name":"Lara","image":{"@type":"ImageObject","inLanguage":"pt-BR","@id":"https:\/\/www.correiobraziliense.com.br\/aqui\/#\/schema\/person\/image\/","url":"https:\/\/secure.gravatar.com\/avatar\/57056c5c343a6d8a6669688d3d2c04916d9d280b352b6e50e66a8d39b2517e00?s=96&d=mm&r=g","contentUrl":"https:\/\/secure.gravatar.com\/avatar\/57056c5c343a6d8a6669688d3d2c04916d9d280b352b6e50e66a8d39b2517e00?s=96&d=mm&r=g","caption":"Lara"},"url":"https:\/\/www.correiobraziliense.com.br\/aqui\/author\/laraaqui\/"}]}},"_links":{"self":[{"href":"https:\/\/www.correiobraziliense.com.br\/aqui\/wp-json\/wp\/v2\/posts\/24182","targetHints":{"allow":["GET"]}}],"collection":[{"href":"https:\/\/www.correiobraziliense.com.br\/aqui\/wp-json\/wp\/v2\/posts"}],"about":[{"href":"https:\/\/www.correiobraziliense.com.br\/aqui\/wp-json\/wp\/v2\/types\/post"}],"author":[{"embeddable":true,"href":"https:\/\/www.correiobraziliense.com.br\/aqui\/wp-json\/wp\/v2\/users\/8"}],"replies":[{"embeddable":true,"href":"https:\/\/www.correiobraziliense.com.br\/aqui\/wp-json\/wp\/v2\/comments?post=24182"}],"version-history":[{"count":1,"href":"https:\/\/www.correiobraziliense.com.br\/aqui\/wp-json\/wp\/v2\/posts\/24182\/revisions"}],"predecessor-version":[{"id":24185,"href":"https:\/\/www.correiobraziliense.com.br\/aqui\/wp-json\/wp\/v2\/posts\/24182\/revisions\/24185"}],"wp:featuredmedia":[{"embeddable":true,"href":"https:\/\/www.correiobraziliense.com.br\/aqui\/wp-json\/wp\/v2\/media\/24183"}],"wp:attachment":[{"href":"https:\/\/www.correiobraziliense.com.br\/aqui\/wp-json\/wp\/v2\/media?parent=24182"}],"wp:term":[{"taxonomy":"category","embeddable":true,"href":"https:\/\/www.correiobraziliense.com.br\/aqui\/wp-json\/wp\/v2\/categories?post=24182"},{"taxonomy":"post_tag","embeddable":true,"href":"https:\/\/www.correiobraziliense.com.br\/aqui\/wp-json\/wp\/v2\/tags?post=24182"}],"curies":[{"name":"wp","href":"https:\/\/api.w.org\/{rel}","templated":true}]}}