{"id":24186,"date":"2026-03-10T18:56:00","date_gmt":"2026-03-10T21:56:00","guid":{"rendered":"https:\/\/www.correiobraziliense.com.br\/aqui\/?p=24186"},"modified":"2026-03-10T15:22:12","modified_gmt":"2026-03-10T18:22:12","slug":"como-limpar-eletrodomesticos-amarelados-e-recuperar-a-aparencia-original","status":"publish","type":"post","link":"https:\/\/www.correiobraziliense.com.br\/aqui\/2026\/03\/10\/como-limpar-eletrodomesticos-amarelados-e-recuperar-a-aparencia-original\/","title":{"rendered":"Como limpar eletrodom\u00e9sticos amarelados e recuperar a apar\u00eancia original"},"content":{"rendered":"\n<p>Eletrodom\u00e9sticos amarelados s\u00e3o um problema comum que aparece com o passar dos anos em geladeiras, micro-ondas, liquidificadores e outros aparelhos de cor clara. Esse tom amarelado costuma chamar bastante aten\u00e7\u00e3o na cozinha e est\u00e1 ligado tanto ao uso di\u00e1rio quanto \u00e0 forma como os aparelhos s\u00e3o posicionados no ambiente. Entender o que realmente acontece com o pl\u00e1stico \u00e9 o primeiro passo para adotar uma rotina de limpeza mais eficiente e segura.<\/p>\n\n\n\n<p>A busca por \u201ccomo limpar eletrodom\u00e9sticos amarelados\u201d costuma levar a diversas receitas caseiras, muitas delas com produtos agressivos ou pouco adequados. Embora algumas solu\u00e7\u00f5es pare\u00e7am promissoras \u00e0 primeira vista, especialistas em limpeza dom\u00e9stica refor\u00e7am que o foco deve estar em preservar o material, melhorar o aspecto visual e evitar danos ao equipamento, sempre seguindo orienta\u00e7\u00f5es do fabricante.<\/p>\n\n\n\n<h2 class=\"wp-block-heading\">Por que eletrodom\u00e9sticos ficam amarelados?<\/h2>\n\n\n\n<p>A explica\u00e7\u00e3o est\u00e1 principalmente em um processo qu\u00edmico chamado oxida\u00e7\u00e3o. O pl\u00e1stico utilizado em muitos aparelhos brancos <strong><a href=\"https:\/\/www.correiobraziliense.com.br\/aqui\/2026\/02\/25\/quanto-tempo-e-seguro-deixar-eletrodomesticos-sem-funcionar\/\" target=\"_blank\" rel=\"noreferrer noopener\">sofre altera\u00e7\u00f5es quando exposto de forma cont\u00ednua \u00e0 luz, ao calor e \u00e0 gordura<\/a><\/strong>. Com o tempo, esses fatores modificam componentes do material, resultando na mudan\u00e7a de cor.<\/p>\n\n\n\n<p>Al\u00e9m da oxida\u00e7\u00e3o, a sujeira do dia a dia tem papel importante. Respingos de \u00f3leo, fuma\u00e7a de cozimento, poeira e umidade se acumulam em superf\u00edcies que, \u00e0s vezes, n\u00e3o s\u00e3o limpas com tanta frequ\u00eancia. Em regi\u00f5es pr\u00f3ximas ao fog\u00e3o, por exemplo, a tend\u00eancia ao amarelamento \u00e9 ainda maior. Em muitos casos, o aspecto encardido \u00e9 uma combina\u00e7\u00e3o de desgaste natural do pl\u00e1stico com camadas de gordura e sujeira aderidas.<\/p>\n\n\n\n<p>\u00c9 importante ressaltar que esse processo, na maioria das vezes, n\u00e3o \u00e9 totalmente revers\u00edvel em ambiente dom\u00e9stico. T\u00e9cnicas capazes de recuperar por completo o branco original envolvem processos industriais complexos. No uso di\u00e1rio, o objetivo principal \u00e9 manter a higieniza\u00e7\u00e3o adequada, reduzir o avan\u00e7o do amarelado e real\u00e7ar o brilho por meio de uma limpeza regular e cuidadosa.<\/p>\n\n\n\n<h2 class=\"wp-block-heading\">Como limpar eletrodom\u00e9sticos amarelados de forma segura?<\/h2>\n\n\n\n<p>Para quem deseja melhorar o visual dos eletrodom\u00e9sticos amarelados, originalmente brancos, a limpeza correta \u00e9 o caminho mais indicado. Em geral, os fabricantes recomendam produtos suaves, que n\u00e3o agridem o pl\u00e1stico nem retiram a camada protetora da superf\u00edcie. Antes de come\u00e7ar, \u00e9 fundamental consultar o manual do aparelho para verificar orienta\u00e7\u00f5es espec\u00edficas de limpeza.<\/p>\n\n\n\n<p>Um kit b\u00e1sico costuma ser suficiente para uma boa higieniza\u00e7\u00e3o:<\/p>\n\n\n\n<ul class=\"wp-block-list\">\n<li><strong>\u00c1gua morna<\/strong><\/li>\n\n\n\n<li><strong>Sab\u00e3o ou detergente neutro<\/strong><\/li>\n\n\n\n<li><strong>Esponja macia<\/strong> ou pano n\u00e3o abrasivo<\/li>\n\n\n\n<li><strong>Pano de microfibra<\/strong> seco para finalizar<\/li>\n\n\n\n<li><strong>Limpador multiuso para pl\u00e1sticos<\/strong>, quando indicado no r\u00f3tulo<\/li>\n<\/ul>\n\n\n\n<p>Um passo a passo simples para limpar eletrodom\u00e9sticos amarelados pode seguir esta ordem:<\/p>\n\n\n\n<ol class=\"wp-block-list\">\n<li><strong>Desligar da tomada:<\/strong> antes de qualquer procedimento, o aparelho deve estar desligado e desconectado da energia.<\/li>\n\n\n\n<li><strong>Limpeza inicial com \u00e1gua e sab\u00e3o neutro:<\/strong> aplicar a solu\u00e7\u00e3o com esponja macia, removendo gordura, poeira e res\u00edduos aparentes.<\/li>\n\n\n\n<li><strong>Uso de produto espec\u00edfico para pl\u00e1stico:<\/strong> quando dispon\u00edvel, aplicar em pequena quantidade com pano macio, em movimentos suaves, seguindo as instru\u00e7\u00f5es do fabricante.<\/li>\n\n\n\n<li><strong>Remo\u00e7\u00e3o do excesso:<\/strong> passar um pano levemente \u00famido para retirar res\u00edduos de produto.<\/li>\n\n\n\n<li><strong>Secagem completa:<\/strong> finalizar com pano de microfibra seco, ajudando a evitar manchas e marcas de \u00e1gua.<\/li>\n<\/ol>\n\n\n\n<h2 class=\"wp-block-heading\">Quais cuidados evitam o amarelamento dos eletrodom\u00e9sticos?<\/h2>\n\n\n\n<p>Prevenir o surgimento de eletrodom\u00e9sticos amarelados \u00e9 mais simples do que tentar reverter o problema depois que ele se torna vis\u00edvel. Alguns h\u00e1bitos di\u00e1rios podem prolongar a apar\u00eancia de novo e reduzir o desgaste do pl\u00e1stico ao longo dos anos.<\/p>\n\n\n\n<p>Entre os cuidados preventivos mais citados por profissionais de limpeza est\u00e3o:<\/p>\n\n\n\n<ul class=\"wp-block-list\">\n<li><strong>Evitar luz solar direta:<\/strong> a exposi\u00e7\u00e3o cont\u00ednua \u00e0 radia\u00e7\u00e3o UV acelera a oxida\u00e7\u00e3o do pl\u00e1stico e intensifica o amarelado.<\/li>\n\n\n\n<li><strong>Manter dist\u00e2ncia de fontes de calor intenso:<\/strong> fornos, fog\u00f5es e cooktops emitem calor constante, que pode afetar o material dos aparelhos pr\u00f3ximos.<\/li>\n\n\n\n<li><strong>Realizar limpezas frequentes:<\/strong> remover respingos de gordura e poeira logo que surgem dificulta a forma\u00e7\u00e3o de camadas dif\u00edceis de tirar.<\/li>\n\n\n\n<li><strong>Preferir produtos testados:<\/strong> itens com indica\u00e7\u00e3o para limpeza de eletrodom\u00e9sticos e superf\u00edcies pl\u00e1sticas tendem a ser mais seguros do que misturas improvisadas.<\/li>\n<\/ul>\n\n\n\n<p>Um ponto frequentemente destacado por especialistas \u00e9 o cuidado com \u201cmisturinhas caseiras\u201d que combinam produtos fortes, como alvejantes, solventes e abrasivos. Esses ingredientes podem manchar, ressecar ou rachar o pl\u00e1stico, al\u00e9m de representar risco para a sa\u00fade quando usados sem orienta\u00e7\u00e3o. A pr\u00e1tica mais recomendada \u00e9 priorizar produtos com r\u00f3tulo claro, instru\u00e7\u00f5es detalhadas e registro em \u00f3rg\u00e3os reguladores.<\/p>\n\n\n\n<h2 class=\"wp-block-heading\">Rotina de manuten\u00e7\u00e3o para conservar o brilho dos aparelhos<\/h2>\n\n\n\n<p>Uma rotina simples ajuda a manter o aspecto dos eletrodom\u00e9sticos brancos por mais tempo. Em vez de esperar o surgimento de manchas intensas ou de um amarelado muito evidente, \u00e9 mais eficiente apostar em cuidados constantes, com pequenas a\u00e7\u00f5es ao longo da semana.<\/p>\n\n\n\n<p>Uma sugest\u00e3o de rotina \u00e9:<\/p>\n\n\n\n<ul class=\"wp-block-list\">\n<li>Limpeza leve das superf\u00edcies externas a cada poucos dias, com pano \u00famido e detergente neutro.<\/li>\n\n\n\n<li>Verifica\u00e7\u00e3o semanal das \u00e1reas mais expostas \u00e0 gordura, como laterais da geladeira e painel do micro-ondas.<\/li>\n\n\n\n<li>Uso peri\u00f3dico de limpador espec\u00edfico para pl\u00e1stico, respeitando a frequ\u00eancia indicada no r\u00f3tulo.<\/li>\n\n\n\n<li>Reorganiza\u00e7\u00e3o do espa\u00e7o da cozinha, quando necess\u00e1rio, para reduzir a incid\u00eancia direta de sol e calor.<\/li>\n<\/ul>\n\n\n\n<p>Ao adotar esse cuidado cont\u00ednuo, o amarelamento natural do pl\u00e1stico tende a ser menos percept\u00edvel, e os aparelhos mant\u00eam um aspecto mais uniforme por mais tempo. Dessa forma, a limpeza dos eletrodom\u00e9sticos amarelados deixa de ser uma tarefa emergencial e passa a fazer parte da manuten\u00e7\u00e3o regular da casa.<\/p>\n\n\n\n<h2 class=\"wp-block-heading\">FAQ sobre limpeza de eletrodom\u00e9sticos<\/h2>\n\n\n\n<p><strong>1. De quanto em quanto tempo devo fazer uma limpeza mais profunda nos eletrodom\u00e9sticos?<\/strong><\/p>\n\n\n\n<p>A frequ\u00eancia ideal depende do uso de cada aparelho. Para itens usados diariamente, como geladeiras e micro-ondas, uma limpeza mais profunda a cada m\u00eas costuma ser suficiente, enquanto equipamentos usados esporadicamente podem ser higienizados a cada dois ou tr\u00eas meses. Entretanto, \u00e1reas de maior contato com alimentos, como prateleiras internas e bandejas, podem exigir aten\u00e7\u00e3o quinzenal para evitar odores e ac\u00famulo de res\u00edduos. Portanto, observe o n\u00edvel de uso e adapte o intervalo: quanto mais intenso o uso, mais frequente deve ser a limpeza completa. Ent\u00e3o, crie um calend\u00e1rio simples para n\u00e3o esquecer dessas manuten\u00e7\u00f5es.<\/p>\n\n\n\n<p><strong>2. Posso usar vinagre ou bicarbonato de s\u00f3dio na limpeza dos eletrodom\u00e9sticos?<\/strong><\/p>\n\n\n\n<p>Tanto vinagre quanto bicarbonato podem ser aliados na limpeza, desde que usados com modera\u00e7\u00e3o e dilu\u00eddos em \u00e1gua. Eles ajudam a remover odores e sujeiras leves, especialmente em superf\u00edcies internas de geladeiras e micro-ondas. Entretanto, \u00e9 importante evitar o uso excessivo ou esfregar com for\u00e7a, para n\u00e3o riscar pl\u00e1sticos mais sens\u00edveis ou danificar acabamentos. Portanto, utilize sempre panos macios, fa\u00e7a um teste em uma \u00e1rea pequena e enx\u00e1gue bem ap\u00f3s a aplica\u00e7\u00e3o. Ent\u00e3o, se houver d\u00favida, consulte o manual ou priorize produtos espec\u00edficos aprovados pelo fabricante.<\/p>\n\n\n\n<p><strong>3. H\u00e1 risco de danificar a parte el\u00e9trica ao limpar o eletrodom\u00e9stico por fora?<\/strong><\/p>\n\n\n\n<p>O risco existe se a limpeza for feita com excesso de \u00e1gua ou produtos aplicados diretamente sobre bot\u00f5es, pain\u00e9is e entradas de ventila\u00e7\u00e3o. A umidade pode infiltrar e comprometer componentes internos. Entretanto, esse problema \u00e9 facilmente evitado ao usar panos apenas levemente umedecidos, nunca encharcados, e ao borrifar produtos no pano, e n\u00e3o diretamente no aparelho. Portanto, sempre desligue da tomada antes de iniciar a limpeza e mantenha aten\u00e7\u00e3o redobrada em frestas e comandos eletr\u00f4nicos. Ent\u00e3o, ao menor sinal de pane ap\u00f3s a limpeza, interrompa o uso e procure assist\u00eancia t\u00e9cnica.<\/p>\n\n\n\n<p><strong>4. Como lidar com odores persistentes em geladeiras e micro-ondas?<\/strong><\/p>\n\n\n\n<p>Odores persistentes geralmente indicam res\u00edduos de alimentos em cantos, borrachas de veda\u00e7\u00e3o ou partes internas pouco acess\u00edveis. Uma limpeza cuidadosa com \u00e1gua morna e detergente neutro j\u00e1 ajuda bastante. Entretanto, para cheiros mais fortes, \u00e9 poss\u00edvel complementar com um recipiente aberto de bicarbonato de s\u00f3dio ou caf\u00e9 em p\u00f3 dentro do aparelho por alguns dias, que ajudam a absorver odores. Portanto, mantenha o interior sempre seco, descarte alimentos vencidos e limpe imediatamente qualquer derramamento. Ent\u00e3o, se o cheiro continuar, verifique poss\u00edveis pontos de mofo ou consulte um t\u00e9cnico para inspe\u00e7\u00e3o mais detalhada.<\/p>\n\n\n\n<p><strong>5. Esponjas de a\u00e7o e panos \u00e1speros podem ser usados em alguma parte dos eletrodom\u00e9sticos?<\/strong><\/p>\n\n\n\n<p>O uso de materiais abrasivos \u00e9 desaconselhado na maioria das superf\u00edcies de eletrodom\u00e9sticos, principalmente nas partes pl\u00e1sticas e em inox polido, pois podem causar riscos permanentes. Entretanto, em algumas grades met\u00e1licas ou partes internas de fornos, o fabricante pode permitir esponjas um pouco mais firmes, desde que indicado no manual. Portanto, leia sempre as recomenda\u00e7\u00f5es espec\u00edficas antes de recorrer \u00e0 abras\u00e3o para retirar sujeira pesada. Ent\u00e3o, quando poss\u00edvel, prefira deixar a sujeira de molho com \u00e1gua morna e detergente neutro, facilitando a remo\u00e7\u00e3o com panos macios.<\/p>\n\n\n\n<p><strong>6. Produtos com cloro ou alvejante podem ser usados na cozinha para limpar eletrodom\u00e9sticos?<\/strong><\/p>\n\n\n\n<p>Produtos com cloro ou alvejante s\u00e3o potentes desinfetantes, mas n\u00e3o s\u00e3o os mais indicados para uso direto em eletrodom\u00e9sticos, especialmente sobre pl\u00e1sticos e borrachas. Eles podem desbotar, manchar e ressecar o material ao longo do tempo. Entretanto, em situa\u00e7\u00f5es pontuais e bem dilu\u00eddos, podem ser usados em \u00e1reas ao redor, como pisos e azulejos, desde que n\u00e3o entrem em contato direto e prolongado com os aparelhos. Portanto, sempre siga as instru\u00e7\u00f5es de dilui\u00e7\u00e3o do r\u00f3tulo, use luvas e garanta boa ventila\u00e7\u00e3o do ambiente. Ent\u00e3o, para os eletrodom\u00e9sticos em si, priorize detergente neutro e limpadores espec\u00edficos.<\/p>\n\n\n\n<p><strong>7. Como limpar pain\u00e9is sens\u00edveis e telas digitais sem danific\u00e1-los?<\/strong><\/p>\n\n\n\n<p>Pain\u00e9is sens\u00edveis exigem um cuidado extra, pois s\u00e3o mais suscet\u00edveis a riscos e infiltra\u00e7\u00e3o de l\u00edquidos. O ideal \u00e9 utilizar um pano de microfibra seco ou levemente umedecido com \u00e1gua ou com produto espec\u00edfico para telas, evitando qualquer tipo de esponja \u00e1spera. Entretanto, nunca aplique o produto diretamente na tela ou no painel; sempre borrife no pano primeiro. Portanto, desligue o aparelho da tomada antes da limpeza, fa\u00e7a movimentos suaves e sem press\u00e3o excessiva. Ent\u00e3o, se notar falhas no toque ou manchas internas ap\u00f3s uma limpeza, interrompa o uso e busque assist\u00eancia.<\/p>\n\n\n\n<p><strong>8. \u00c9 melhor limpar os eletrodom\u00e9sticos logo ap\u00f3s o uso ou esperar esfriar?<\/strong><\/p>\n\n\n\n<p>\u00c9 mais seguro e eficiente esperar o aparelho esfriar antes de iniciar a limpeza, principalmente em fornos, fog\u00f5es e micro-ondas. A temperatura alta pode causar queimaduras e tamb\u00e9m fazer com que alguns produtos evaporem r\u00e1pido demais, sem agir corretamente. Entretanto, remover respingos frescos de gordura e l\u00edquidos assim que o aparelho estiver morno (e n\u00e3o quente) facilita o processo e evita manchas dif\u00edceis. Portanto, aguarde alguns minutos ap\u00f3s o uso, desligue da tomada quando necess\u00e1rio e s\u00f3 ent\u00e3o comece a higieniza\u00e7\u00e3o. Ent\u00e3o, transforme esse h\u00e1bito em rotina para n\u00e3o deixar a sujeira se acumular.<\/p>\n\n\n\n<p><strong>9. Como organizar os produtos de limpeza para evitar erros ao higienizar os eletrodom\u00e9sticos?<\/strong><\/p>\n\n\n\n<p>Manter os produtos de limpeza bem identificados e separados por tipo de uso ajuda a evitar confus\u00f5es e misturas perigosas. Uma boa pr\u00e1tica \u00e9 ter uma pequena caixa apenas com itens seguros para eletrodom\u00e9sticos, como detergente neutro, limpador multiuso para pl\u00e1sticos e panos de microfibra. Entretanto, produtos mais fortes, como desengordurantes concentrados e alvejantes, devem ficar em outro local, longe do alcance de crian\u00e7as e animais. Portanto, leia e guarde os r\u00f3tulos e, se poss\u00edvel, anote em uma etiqueta em quais superf\u00edcies cada produto pode ser usado. Ent\u00e3o, antes de experimentar algo novo, fa\u00e7a um teste em uma \u00e1rea discreta do aparelho.<\/p>\n\n\n\n<p><strong>10. Em que momento \u00e9 melhor chamar um profissional em vez de tentar limpar por conta pr\u00f3pria?<\/strong><\/p>\n\n\n\n<p>Situa\u00e7\u00f5es que envolvem mau funcionamento ap\u00f3s contato com \u00e1gua, cheiro de queimado, manchas internas dif\u00edceis em componentes el\u00e9tricos ou suspeita de mofo em partes internas n\u00e3o acess\u00edveis s\u00e3o sinais de que \u00e9 hora de procurar ajuda profissional. Tentar abrir o aparelho ou usar produtos n\u00e3o indicados pode agravar o problema e at\u00e9 anular a garantia. Entretanto, limpezas simples e superficiais, conforme descrito no manual, podem ser feitas em casa sem grandes riscos. Portanto, ao perceber que a sujeira est\u00e1 em \u00e1reas internas ou pr\u00f3ximas \u00e0 fia\u00e7\u00e3o, o mais seguro \u00e9 recorrer \u00e0 assist\u00eancia t\u00e9cnica autorizada. Ent\u00e3o, priorize sempre a seguran\u00e7a antes de qualquer tentativa de limpeza mais invasiva.<\/p>\n","protected":false},"excerpt":{"rendered":"<p>Recupere o branco dos eletrodom\u00e9sticos amarelados com limpeza profunda segura, evitando misturinhas caseiras e prevenindo novo amarelamento.<\/p>\n","protected":false},"author":8,"featured_media":24187,"comment_status":"open","ping_status":"open","sticky":false,"template":"","format":"standard","meta":{"jnews-multi-image_gallery":[],"jnews_single_post":{"format":"standard"},"jnews_primary_category":[],"jnews_social_meta":[],"jnews_override_counter":[],"footnotes":""},"categories":[120],"tags":[1125,1205,3855,7382,2483],"class_list":["post-24186","post","type-post","status-publish","format-standard","has-post-thumbnail","hentry","category-curiosidades","tag-curiosidades","tag-dicas","tag-eletrodomesticos","tag-eletrodomesticos-amarelados","tag-limpeza"],"yoast_head":"<!-- This site is optimized with the Yoast SEO plugin v25.1 - https:\/\/yoast.com\/wordpress\/plugins\/seo\/ -->\n<title>Como limpar eletrodom\u00e9sticos amarelados e recuperar a apar\u00eancia original - Correio Braziliense - Aqui<\/title>\n<meta name=\"description\" content=\"Recupere o branco dos eletrodom\u00e9sticos amarelados com limpeza profunda segura, evitando misturinhas caseiras e prevenindo novo amarelamento.\" \/>\n<meta name=\"robots\" content=\"index, follow, max-snippet:-1, max-image-preview:large, max-video-preview:-1\" \/>\n<link rel=\"canonical\" href=\"https:\/\/www.correiobraziliense.com.br\/aqui\/2026\/03\/10\/como-limpar-eletrodomesticos-amarelados-e-recuperar-a-aparencia-original\/\" \/>\n<meta property=\"og:locale\" content=\"pt_BR\" \/>\n<meta property=\"og:type\" content=\"article\" \/>\n<meta property=\"og:title\" content=\"Como limpar eletrodom\u00e9sticos amarelados e recuperar a apar\u00eancia original - Correio Braziliense - Aqui\" \/>\n<meta property=\"og:description\" content=\"Recupere o branco dos eletrodom\u00e9sticos amarelados com limpeza profunda segura, evitando misturinhas caseiras e prevenindo novo amarelamento.\" \/>\n<meta property=\"og:url\" content=\"https:\/\/www.correiobraziliense.com.br\/aqui\/2026\/03\/10\/como-limpar-eletrodomesticos-amarelados-e-recuperar-a-aparencia-original\/\" \/>\n<meta property=\"og:site_name\" content=\"Correio Braziliense - Aqui\" \/>\n<meta property=\"article:published_time\" content=\"2026-03-10T21:56:00+00:00\" \/>\n<meta property=\"og:image\" content=\"https:\/\/www.correiobraziliense.com.br\/aqui\/wp-content\/uploads\/2026\/03\/httpsneuralmyth.comstaticcache0c648af0-3053-47b2-ae00-d059c2d9c53a.jpeg\" \/>\n\t<meta property=\"og:image:width\" content=\"1280\" \/>\n\t<meta property=\"og:image:height\" content=\"720\" \/>\n\t<meta property=\"og:image:type\" content=\"image\/jpeg\" \/>\n<meta name=\"author\" content=\"Lara\" \/>\n<meta name=\"twitter:card\" content=\"summary_large_image\" \/>\n<meta name=\"twitter:label1\" content=\"Escrito por\" \/>\n\t<meta name=\"twitter:data1\" content=\"Lara\" \/>\n\t<meta name=\"twitter:label2\" content=\"Est. tempo de leitura\" \/>\n\t<meta name=\"twitter:data2\" content=\"11 minutos\" \/>\n<!-- \/ Yoast SEO plugin. -->","yoast_head_json":{"title":"Como limpar eletrodom\u00e9sticos amarelados e recuperar a apar\u00eancia original - Correio Braziliense - Aqui","description":"Recupere o branco dos eletrodom\u00e9sticos amarelados com limpeza profunda segura, evitando misturinhas caseiras e prevenindo novo amarelamento.","robots":{"index":"index","follow":"follow","max-snippet":"max-snippet:-1","max-image-preview":"max-image-preview:large","max-video-preview":"max-video-preview:-1"},"canonical":"https:\/\/www.correiobraziliense.com.br\/aqui\/2026\/03\/10\/como-limpar-eletrodomesticos-amarelados-e-recuperar-a-aparencia-original\/","og_locale":"pt_BR","og_type":"article","og_title":"Como limpar eletrodom\u00e9sticos amarelados e recuperar a apar\u00eancia original - Correio Braziliense - Aqui","og_description":"Recupere o branco dos eletrodom\u00e9sticos amarelados com limpeza profunda segura, evitando misturinhas caseiras e prevenindo novo amarelamento.","og_url":"https:\/\/www.correiobraziliense.com.br\/aqui\/2026\/03\/10\/como-limpar-eletrodomesticos-amarelados-e-recuperar-a-aparencia-original\/","og_site_name":"Correio Braziliense - Aqui","article_published_time":"2026-03-10T21:56:00+00:00","og_image":[{"width":1280,"height":720,"url":"https:\/\/www.correiobraziliense.com.br\/aqui\/wp-content\/uploads\/2026\/03\/httpsneuralmyth.comstaticcache0c648af0-3053-47b2-ae00-d059c2d9c53a.jpeg","type":"image\/jpeg"}],"author":"Lara","twitter_card":"summary_large_image","twitter_misc":{"Escrito por":"Lara","Est. tempo de leitura":"11 minutos"},"schema":{"@context":"https:\/\/schema.org","@graph":[{"@type":"WebPage","@id":"https:\/\/www.correiobraziliense.com.br\/aqui\/2026\/03\/10\/como-limpar-eletrodomesticos-amarelados-e-recuperar-a-aparencia-original\/","url":"https:\/\/www.correiobraziliense.com.br\/aqui\/2026\/03\/10\/como-limpar-eletrodomesticos-amarelados-e-recuperar-a-aparencia-original\/","name":"Como limpar eletrodom\u00e9sticos amarelados e recuperar a apar\u00eancia original - Correio Braziliense - Aqui","isPartOf":{"@id":"https:\/\/www.correiobraziliense.com.br\/aqui\/#website"},"primaryImageOfPage":{"@id":"https:\/\/www.correiobraziliense.com.br\/aqui\/2026\/03\/10\/como-limpar-eletrodomesticos-amarelados-e-recuperar-a-aparencia-original\/#primaryimage"},"image":{"@id":"https:\/\/www.correiobraziliense.com.br\/aqui\/2026\/03\/10\/como-limpar-eletrodomesticos-amarelados-e-recuperar-a-aparencia-original\/#primaryimage"},"thumbnailUrl":"https:\/\/www.correiobraziliense.com.br\/aqui\/wp-content\/uploads\/2026\/03\/httpsneuralmyth.comstaticcache0c648af0-3053-47b2-ae00-d059c2d9c53a.jpeg","datePublished":"2026-03-10T21:56:00+00:00","author":{"@id":"https:\/\/www.correiobraziliense.com.br\/aqui\/#\/schema\/person\/5d6e4d99fecc86ab1a7ed1a0369afb65"},"description":"Recupere o branco dos eletrodom\u00e9sticos amarelados com limpeza profunda segura, evitando misturinhas caseiras e prevenindo novo amarelamento.","breadcrumb":{"@id":"https:\/\/www.correiobraziliense.com.br\/aqui\/2026\/03\/10\/como-limpar-eletrodomesticos-amarelados-e-recuperar-a-aparencia-original\/#breadcrumb"},"inLanguage":"pt-BR","potentialAction":[{"@type":"ReadAction","target":["https:\/\/www.correiobraziliense.com.br\/aqui\/2026\/03\/10\/como-limpar-eletrodomesticos-amarelados-e-recuperar-a-aparencia-original\/"]}]},{"@type":"ImageObject","inLanguage":"pt-BR","@id":"https:\/\/www.correiobraziliense.com.br\/aqui\/2026\/03\/10\/como-limpar-eletrodomesticos-amarelados-e-recuperar-a-aparencia-original\/#primaryimage","url":"https:\/\/www.correiobraziliense.com.br\/aqui\/wp-content\/uploads\/2026\/03\/httpsneuralmyth.comstaticcache0c648af0-3053-47b2-ae00-d059c2d9c53a.jpeg","contentUrl":"https:\/\/www.correiobraziliense.com.br\/aqui\/wp-content\/uploads\/2026\/03\/httpsneuralmyth.comstaticcache0c648af0-3053-47b2-ae00-d059c2d9c53a.jpeg","width":1280,"height":720,"caption":"Cr\u00e9ditos: depositphotos.com \/ Devon"},{"@type":"BreadcrumbList","@id":"https:\/\/www.correiobraziliense.com.br\/aqui\/2026\/03\/10\/como-limpar-eletrodomesticos-amarelados-e-recuperar-a-aparencia-original\/#breadcrumb","itemListElement":[{"@type":"ListItem","position":1,"name":"In\u00edcio","item":"https:\/\/www.correiobraziliense.com.br\/aqui\/"},{"@type":"ListItem","position":2,"name":"Como limpar eletrodom\u00e9sticos amarelados e recuperar a apar\u00eancia original"}]},{"@type":"WebSite","@id":"https:\/\/www.correiobraziliense.com.br\/aqui\/#website","url":"https:\/\/www.correiobraziliense.com.br\/aqui\/","name":"Correio Braziliense - Aqui","description":"O Correio Braziliense (CB) \u00e9 o mais importante canal de not\u00edcias de Bras\u00edlia. Aqui voc\u00ea encontra as \u00faltimas not\u00edcias do DF, do Brasil e do mundo.","potentialAction":[{"@type":"SearchAction","target":{"@type":"EntryPoint","urlTemplate":"https:\/\/www.correiobraziliense.com.br\/aqui\/?s={search_term_string}"},"query-input":{"@type":"PropertyValueSpecification","valueRequired":true,"valueName":"search_term_string"}}],"inLanguage":"pt-BR"},{"@type":"Person","@id":"https:\/\/www.correiobraziliense.com.br\/aqui\/#\/schema\/person\/5d6e4d99fecc86ab1a7ed1a0369afb65","name":"Lara","image":{"@type":"ImageObject","inLanguage":"pt-BR","@id":"https:\/\/www.correiobraziliense.com.br\/aqui\/#\/schema\/person\/image\/","url":"https:\/\/secure.gravatar.com\/avatar\/57056c5c343a6d8a6669688d3d2c04916d9d280b352b6e50e66a8d39b2517e00?s=96&d=mm&r=g","contentUrl":"https:\/\/secure.gravatar.com\/avatar\/57056c5c343a6d8a6669688d3d2c04916d9d280b352b6e50e66a8d39b2517e00?s=96&d=mm&r=g","caption":"Lara"},"url":"https:\/\/www.correiobraziliense.com.br\/aqui\/author\/laraaqui\/"}]}},"_links":{"self":[{"href":"https:\/\/www.correiobraziliense.com.br\/aqui\/wp-json\/wp\/v2\/posts\/24186","targetHints":{"allow":["GET"]}}],"collection":[{"href":"https:\/\/www.correiobraziliense.com.br\/aqui\/wp-json\/wp\/v2\/posts"}],"about":[{"href":"https:\/\/www.correiobraziliense.com.br\/aqui\/wp-json\/wp\/v2\/types\/post"}],"author":[{"embeddable":true,"href":"https:\/\/www.correiobraziliense.com.br\/aqui\/wp-json\/wp\/v2\/users\/8"}],"replies":[{"embeddable":true,"href":"https:\/\/www.correiobraziliense.com.br\/aqui\/wp-json\/wp\/v2\/comments?post=24186"}],"version-history":[{"count":2,"href":"https:\/\/www.correiobraziliense.com.br\/aqui\/wp-json\/wp\/v2\/posts\/24186\/revisions"}],"predecessor-version":[{"id":24190,"href":"https:\/\/www.correiobraziliense.com.br\/aqui\/wp-json\/wp\/v2\/posts\/24186\/revisions\/24190"}],"wp:featuredmedia":[{"embeddable":true,"href":"https:\/\/www.correiobraziliense.com.br\/aqui\/wp-json\/wp\/v2\/media\/24187"}],"wp:attachment":[{"href":"https:\/\/www.correiobraziliense.com.br\/aqui\/wp-json\/wp\/v2\/media?parent=24186"}],"wp:term":[{"taxonomy":"category","embeddable":true,"href":"https:\/\/www.correiobraziliense.com.br\/aqui\/wp-json\/wp\/v2\/categories?post=24186"},{"taxonomy":"post_tag","embeddable":true,"href":"https:\/\/www.correiobraziliense.com.br\/aqui\/wp-json\/wp\/v2\/tags?post=24186"}],"curies":[{"name":"wp","href":"https:\/\/api.w.org\/{rel}","templated":true}]}}